{"id":22046,"date":"2024-12-24T17:41:50","date_gmt":"2024-12-24T14:41:50","guid":{"rendered":"https:\/\/denizcankizil.tr\/uncategorized-tr\/turkiye-belediye-baskanlari-birligi-baskani-yeloglu\/"},"modified":"2024-12-24T17:41:50","modified_gmt":"2024-12-24T14:41:50","slug":"turkiye-belediye-baskanlari-birligi-baskani-yeloglu","status":"publish","type":"post","link":"https:\/\/denizcankizil.tr\/uk\/haberler\/gundem\/turkiye-belediye-baskanlari-birligi-baskani-yeloglu\/","title":{"rendered":"T\u00fcrkiye Belediye Ba\u015fkanlar\u0131 Birli\u011fi Ba\u015fkan\u0131 Yelo\u011flu\u2026"},"content":{"rendered":"<p>Yelo\u011flu\u2019nun ba\u015fkanl\u0131\u011f\u0131nda olu\u015fturulan 41 ki\u015filik y\u00f6netim kurulunda, siyasiler ve partiler \u00fcst\u00fc bir yap\u0131 olu\u015fturuldu. Herkesi kucaklayan, her kesime hitap eden bir y\u00f6netim anlay\u0131\u015f\u0131n\u0131 benimseyen T\u00fcrkiye Belediye Ba\u015fkanlar\u0131 Birli\u011fi, yeni d\u00f6nemde \u00f6nemli hizmetler yapmaya haz\u0131rlan\u0131yor.<\/p>\n<p>Genel Ba\u015fkanl\u0131\u011f\u0131n\u0131 Ekrem \u0130mamo\u011flu\u2019nun yapt\u0131\u011f\u0131 T\u00fcrkiye Belediyeler Birli\u011fi binas\u0131nda ger\u00e7ekle\u015fen kongreye, bakanlar, milletvekilleri, belediye ba\u015fkanlar\u0131, kamu kurum ve kurulu\u015flar\u0131 temsilcileri ile T\u00fcrkiye Belediye Ba\u015fkanlar\u0131 Birli\u011fi \u00fcyeleri kat\u0131ld\u0131. Kongrede Divan Ba\u015fkanl\u0131\u011f\u0131\u2019na Celalettin G\u00fcven\u00e7, Katip \u00dcyeliklere ise Halit \u00c7ak\u0131r ve S\u00fcleyman Kald\u0131r\u0131m se\u00e7ildi. Ge\u00e7mi\u015f d\u00f6nem faaliyet raporlar\u0131n\u0131n okunup oylanmas\u0131n\u0131n ard\u0131ndan g\u00fcndemin son maddesi olarak se\u00e7ime ge\u00e7ildi.<\/p>\n<p>2 bin 500 \u00fcyesi bulunan T\u00fcrkiye Belediye Ba\u015fkanlar\u0131 Birli\u011fi\u2019nin genel kuruluna tek listeyle gidildi. Mehmet Yelo\u011flu Ba\u015fkanl\u0131\u011f\u0131ndaki y\u00f6netim kurulu listesi, a\u00e7\u0131k oylama ile oybirli\u011fiyle g\u00f6reve se\u00e7ildi.<\/p>\n<p>YELO\u011eLU: PART\u0130LER \u00dcST\u00dc B\u0130R Y\u00d6NET\u0130M KURULU OLU\u015eTURDUK<\/p>\n<p>T\u00fcrkiye Belediye Ba\u015fkanlar\u0131 Birli\u011fi Ba\u015fkanl\u0131\u011f\u0131&#8217;na yeniden se\u00e7ilen Mehmet Yelo\u011flu, \u00fcyelerin deste\u011fi ve g\u00fcvenine te\u015fekk\u00fcr etti. Yelo\u011flu, T\u00fcrkiye Belediye Ba\u015fkanlar\u0131 Birli\u011fi\u2019nin, her siyasi g\u00f6r\u00fc\u015ften ve \u015fehirden 2 bin 500&#8217;den fazla \u00fcyesi bulunan \u00f6nemli bir kurulu\u015f oldu\u011funu belirterek, \u201cYeni y\u00f6netim kurulu listemizi haz\u0131rlarken, farkl\u0131 partilerden isimleri bir araya getirmeye \u00f6zen g\u00f6sterdik. 41 ki\u015filik y\u00f6netim kurulumuzda, g\u00f6revdeki ve ge\u00e7mi\u015fte g\u00f6rev yapm\u0131\u015f belediye ba\u015fkanlar\u0131m\u0131z\u0131 parti ayr\u0131m\u0131 g\u00f6zetmeksizin bir araya getirdik. \u015eu anda T\u00fcrkiye\u2019nin \u00f6nemli bir sivil toplum kurulu\u015fuyuz. Yerel y\u00f6netimler ile sivil toplum kurulu\u015flar\u0131 aras\u0131ndaki i\u015f birli\u011finin, belediye hizmetlerinin toplumun farkl\u0131 kesimlerine ula\u015ft\u0131r\u0131lmas\u0131nda \u00f6nemli bir yer tuttu\u011funu d\u00fc\u015f\u00fcn\u00fcyorum. Belediyeler ve sivil toplum kurulu\u015flar\u0131n\u0131n yak\u0131n \u00e7al\u0131\u015fmalar\u0131 birbirlerini desteklemelidir ki ikisinin enerjisinden b\u00fcy\u00fck bir sinerji olu\u015fsun. Bu sinerji, her iki kuruma da kapasitesinin \u00e7ok \u00fczerinde imkanlar sunarak, daha kaliteli hizmetler \u00fcretilmesine olanak sa\u011flar\u201d dedi.<\/p>\n<p>Yelo\u011flu, g\u00f6revi b\u0131rakan belediye ba\u015fkanlar\u0131n\u0131n ya\u015fad\u0131\u011f\u0131 ekonomik s\u0131k\u0131nt\u0131lara da dikkat \u00e7ekerek, \u201cBelediye ba\u015fkanl\u0131\u011f\u0131 g\u00f6revini b\u0131rakan \u00fcyelerimizin ekonomik sorunlar\u0131n\u0131n \u00e7\u00f6z\u00fclmesi i\u00e7in iktidardan destek bekliyoruz. Ye\u015fil pasaport konusunda yapt\u0131\u011f\u0131m\u0131z giri\u015fimlerin de sonu\u00e7 verece\u011fine \u00fcmit ediyorum\u201d \u015feklinde konu\u015ftu.<\/p>\n<p>BELEN BELED\u0130YE BA\u015eKANI \u0130BRAH\u0130M G\u00dcL Y\u00d6NET\u0130M KURULUNA SE\u00c7\u0130LD\u0130<\/p>\n<p>T\u00fcrkiye Belediye Ba\u015fkanlar\u0131 Birli\u011fi 5. Ola\u011fan Kongresi\u2019nde se\u00e7ilen yeni y\u00f6netim kurulu \u015fu isimlerden olu\u015ftu:\u00a0<\/p>\n<p>&#8211; Mehmet Yelo\u011flu (Hatay Antakya eski Belediye Ba\u015fkan\u0131)\u00a0<\/p>\n<p>&#8211; A. Metin Gen\u00e7 (Trabzon B\u00fcy\u00fck\u015fehir Belediye Ba\u015fkan\u0131)\u00a0<\/p>\n<p>&#8211; Derya Bulut (K\u0131rklareli Belediye Ba\u015fkan\u0131)\u00a0<\/p>\n<p>&#8211; Emrah \u00d6zdemir (Ni\u011fde Belediye Ba\u015fkan\u0131)\u00a0<\/p>\n<p>&#8211; Fuat K\u00f6se (Giresun Belediye Ba\u015fkan\u0131)\u00a0<\/p>\n<p>&#8211; \u0130smail Hakk\u0131 Esen (\u00c7ank\u0131r\u0131 Belediye Ba\u015fkan\u0131)\u00a0<\/p>\n<p>&#8211; Kaz\u0131m Arslan (Yozgat Belediye Ba\u015fkan\u0131)\u00a0<\/p>\n<p>&#8211; Mete Memi\u015f (Bayburt Belediye Ba\u015fkan\u0131)\u00a0<\/p>\n<p>&#8211; \u00d6zkan \u00c7etinkaya (Karab\u00fck Belediye Ba\u015fkan\u0131)\u00a0<\/p>\n<p>&#8211; Rasim Ar\u0131 (Nev\u015fehir Belediye Ba\u015fkan\u0131)\u00a0<\/p>\n<p>&#8211; Selahattin Ekicio\u011flu (K\u0131r\u015fehir Belediye Ba\u015fkan\u0131)\u00a0<\/p>\n<p>&#8211; Barbaros Binicio\u011flu (Yalova eski Belediye Ba\u015fkan\u0131)\u00a0<\/p>\n<p>&#8211; Davut \u00c7uhadar (Osmaniye eski Belediye Ba\u015fkan\u0131)\u00a0<\/p>\n<p>&#8211; Feyad Asya (Mu\u015f eski Belediye Ba\u015fkan\u0131)\u00a0<\/p>\n<p>&#8211; Halim \u00c7ak\u0131r (K\u0131r\u015fehir eski Belediye Ba\u015fkan\u0131)\u00a0<\/p>\n<p>&#8211; H\u00fcseyin Erer (Karab\u00fck eski Belediye Ba\u015fkan\u0131)\u00a0<\/p>\n<p>&#8211; Mehmet Kele\u015f (D\u00fczce eski Belediye Ba\u015fkan\u0131)\u00a0<\/p>\n<p>&#8211; M\u00fccahit Yan\u0131lmaz (Elaz\u0131\u011f eski Belediye Ba\u015fkan\u0131)\u00a0<\/p>\n<p>&#8211; Veli Korkmaz (K\u0131r\u0131kkale eski Belediye Ba\u015fkan\u0131)\u00a0<\/p>\n<p>&#8211; Abdulhakim Ayhan (Ak\u00e7akale Belediye Ba\u015fkan\u0131)\u00a0<\/p>\n<p>&#8211; Adem Ceylan (\u00c7aml\u0131dere Belediye Ba\u015fkan\u0131)\u00a0<\/p>\n<p>&#8211; Elif K\u00f6se (Safranbolu Belediye Ba\u015fkan\u0131)\u00a0<\/p>\n<p>&#8211; Ertu\u011frul \u00c7etin (Pursaklar Belediye Ba\u015fkan\u0131)\u00a0<\/p>\n<p>&#8211; \u0130brahim G\u00fcl (Belen Belediye Ba\u015fkan\u0131)\u00a0<\/p>\n<p>&#8211; Mehmet T\u00fcrkmen (Kemalpa\u015fa Belediye Ba\u015fkan\u0131)\u00a0<\/p>\n<p>&#8211; Mesut Ergin (Ayval\u0131k Belediye Ba\u015fkan\u0131)\u00a0<\/p>\n<p>&#8211; Murat \u0130kiz (Havza Belediye Ba\u015fkan\u0131)\u00a0<\/p>\n<p>&#8211; Nihat \u00c7ift\u00e7i (Karak\u00f6pr\u00fc Belediye Ba\u015fkan\u0131)\u00a0<\/p>\n<p>&#8211; \u00d6mer G\u00fcnel (Ku\u015fadas\u0131 Belediye Ba\u015fkan\u0131)\u00a0<\/p>\n<p>&#8211; Veli G\u00fcnd\u00fcz \u015eahin (Mamak Belediye Ba\u015fkan\u0131)\u00a0<\/p>\n<p>&#8211; Yakup Odaba\u015f\u0131 (G\u00f6lba\u015f\u0131 Belediye Ba\u015fkan\u0131)\u00a0<\/p>\n<p>&#8211; A. Nas\u0131r Ha\u015flak (Mamak eski Belediye Ba\u015fkan\u0131)\u00a0<\/p>\n<p>&#8211; \u0130brahim Demir (Beypazar\u0131 eski Belediye Ba\u015fkan\u0131)\u00a0<\/p>\n<p>&#8211; \u0130hsan Vurkan (Korgun eski Belediye Ba\u015fkan\u0131)\u00a0<\/p>\n<p>&#8211; Mehmet Uluda\u011f (\u0130slahiye eski Belediye Ba\u015fkan\u0131)\u00a0<\/p>\n<p>&#8211; R. Zafer Tekin (Bah\u015f\u0131l\u0131 eski Belediye Ba\u015fkan\u0131)\u00a0<\/p>\n<p>&#8211; S\u00fcleyman Kald\u0131r\u0131m (\u0130lkad\u0131m eski Belediye Ba\u015fkan\u0131)\u00a0<\/p>\n<p>&#8211; Aladdin \u00c7eltik (\u00c7erikli\/K\u0131r\u0131kkale eski Belediye Ba\u015fkan\u0131)\u00a0<\/p>\n<p>&#8211; Ali \u00d6zturan (Tan\u0131r\/Af\u015fin eski Belediye Ba\u015fkan\u0131)\u00a0<\/p>\n<p>&#8211; Rasih Bostanc\u0131 (G\u00fcrp\u0131nar\/G\u00fcra\u011fa\u00e7 Belediye Ba\u015fkan\u0131)\u00a0<\/p>\n<p>&#8211; Sermet Ba\u015faran (Karayaka\/Erbaa eski Belediye Ba\u015fkan\u0131)<\/p>\n<p>Y\u00dcKSEK \u0130ST\u0130\u015eARE KURULU\u2019NA SE\u00c7\u0130LEN \u0130S\u0130MLER<\/p>\n<p>Genel kurulda, 60 ki\u015filik Y\u00fcksek \u0130sti\u015fare Kurulu listesine de Hatay\u2019dan Antakya Belediye Ba\u015fkan\u0131 \u0130brahim Naci Yapar, Erzin Belediye Ba\u015fkan\u0131 \u00d6kke\u015f Elmaso\u011flu ve \u0130skenderun eski Belediye Ba\u015fkan\u0131 Fatih Tosyal\u0131 se\u00e7ildi.<\/p>\n<p>Ayr\u0131ca, Genel Kurula kat\u0131lan Antakya Belediye Ba\u015fkan\u0131 \u0130brahim Naci Yapar, Belen belediye Ba\u015fkan\u0131 \u0130brahim G\u00fcl, Hac\u0131pa\u015fa eski Belediye Ba\u015fkan\u0131 H\u00fcseyin Fansa, g\u00f6reve tekrar se\u00e7ilen Mehmet Yelo\u011flu\u2019nu kutlayan ilk isimler oldular.<\/p>\n<p>\u200bT\u00fcrkiye Belediye Ba\u015fkanlar\u0131 Birli\u011fi&#8217;nin 5. Ola\u011fan Kongresi&#8217;nde, y\u00f6netime Belen Belediye Ba\u015fkan\u0131 \u0130brahim G\u00fcl de girdi, Antakya eski Belediye Ba\u015fkan\u0131 Mehmet Yelo\u011fluda, yeniden ba\u015fkanl\u0131\u011fa se\u00e7ildi. 60 ki\u015filik Y\u00fcksek \u0130sti\u015fare Kurulu listesinde de Hatay\u2019dan \u00fc\u00e7 isim yer ald\u0131.\u00a0<\/p>\n<p>\u200bHaberin Al\u0131nt\u0131land\u0131\u011f\u0131 Kaynak: www.iskenderun.org<\/p>","protected":false},"excerpt":{"rendered":"<p>Yelo\u011flu\u2019nun ba\u015fkanl\u0131\u011f\u0131nda olu\u015fturulan 41 ki\u015filik y\u00f6netim kurulunda, siyasiler ve partiler \u00fcst\u00fc bir yap\u0131 olu\u015fturuldu. Herkesi kucaklayan, her kesime hitap eden bir y\u00f6netim anlay\u0131\u015f\u0131n\u0131 benimseyen T\u00fcrkiye Belediye Ba\u015fkanlar\u0131 Birli\u011fi, yeni d\u00f6nemde \u00f6nemli hizmetler yapmaya haz\u0131rlan\u0131yor. Genel Ba\u015fkanl\u0131\u011f\u0131n\u0131 Ekrem \u0130mamo\u011flu\u2019nun yapt\u0131\u011f\u0131 T\u00fcrkiye Belediyeler Birli\u011fi binas\u0131nda ger\u00e7ekle\u015fen kongreye, bakanlar, milletvekilleri, belediye ba\u015fkanlar\u0131, kamu kurum ve kurulu\u015flar\u0131 temsilcileri ile T\u00fcrkiye Belediye Ba\u015fkanlar\u0131 Birli\u011fi \u00fcyeleri kat\u0131ld\u0131. Kongrede Divan Ba\u015fkanl\u0131\u011f\u0131\u2019na Celalettin G\u00fcven\u00e7, Katip \u00dcyeliklere ise Halit \u00c7ak\u0131r ve S\u00fcleyman Kald\u0131r\u0131m se\u00e7ildi. Ge\u00e7mi\u015f d\u00f6nem faaliyet raporlar\u0131n\u0131n okunup oylanmas\u0131n\u0131n ard\u0131ndan g\u00fcndemin son maddesi olarak se\u00e7ime ge\u00e7ildi. 2 bin 500 \u00fcyesi bulunan T\u00fcrkiye Belediye Ba\u015fkanlar\u0131 Birli\u011fi\u2019nin genel kuruluna tek listeyle gidildi. Mehmet Yelo\u011flu Ba\u015fkanl\u0131\u011f\u0131ndaki y\u00f6netim kurulu listesi, a\u00e7\u0131k oylama ile oybirli\u011fiyle g\u00f6reve se\u00e7ildi. YELO\u011eLU: PART\u0130LER \u00dcST\u00dc B\u0130R Y\u00d6NET\u0130M KURULU OLU\u015eTURDUK T\u00fcrkiye Belediye Ba\u015fkanlar\u0131 Birli\u011fi Ba\u015fkanl\u0131\u011f\u0131&#8217;na yeniden se\u00e7ilen Mehmet Yelo\u011flu, \u00fcyelerin deste\u011fi ve g\u00fcvenine te\u015fekk\u00fcr etti. Yelo\u011flu, T\u00fcrkiye Belediye Ba\u015fkanlar\u0131 Birli\u011fi\u2019nin, her siyasi g\u00f6r\u00fc\u015ften ve \u015fehirden 2 bin 500&#8217;den fazla \u00fcyesi bulunan \u00f6nemli bir kurulu\u015f oldu\u011funu belirterek, \u201cYeni y\u00f6netim kurulu listemizi haz\u0131rlarken, farkl\u0131 partilerden isimleri bir araya getirmeye \u00f6zen g\u00f6sterdik. 41 ki\u015filik y\u00f6netim kurulumuzda, g\u00f6revdeki ve ge\u00e7mi\u015fte g\u00f6rev yapm\u0131\u015f belediye ba\u015fkanlar\u0131m\u0131z\u0131 parti ayr\u0131m\u0131 g\u00f6zetmeksizin bir araya getirdik. \u015eu anda T\u00fcrkiye\u2019nin \u00f6nemli bir sivil toplum kurulu\u015fuyuz. Yerel y\u00f6netimler ile sivil toplum &hellip;<\/p>","protected":false},"author":0,"featured_media":0,"comment_status":"open","ping_status":"open","sticky":false,"template":"","format":"standard","meta":{"_acf_changed":false,"footnotes":""},"categories":[24,535],"tags":[],"class_list":["post-22046","post","type-post","status-publish","format-standard","has-post-thumbnail","hentry","category-gundem","category-uncategorized-tr"],"acf":[],"yoast_head":"<!-- This site is optimized with the Yoast SEO Premium plugin v26.6 (Yoast SEO v27.1.1) - https:\/\/yoast.com\/product\/yoast-seo-premium-wordpress\/ -->\n<title>T\u00fcrkiye Belediye Ba\u015fkanlar\u0131 Birli\u011fi Ba\u015fkan\u0131 Yelo\u011flu\u2026 - Av. Deniz Can K\u0131z\u0131l<\/title>\n<meta name=\"robots\" content=\"index, follow, max-snippet:-1, max-image-preview:large, max-video-preview:-1\" \/>\n<link rel=\"canonical\" href=\"https:\/\/denizcankizil.tr\/uk\/haberler\/gundem\/turkiye-belediye-baskanlari-birligi-baskani-yeloglu\/\" \/>\n<meta property=\"og:locale\" content=\"uk_UA\" \/>\n<meta property=\"og:type\" content=\"article\" \/>\n<meta property=\"og:title\" content=\"T\u00fcrkiye Belediye Ba\u015fkanlar\u0131 Birli\u011fi Ba\u015fkan\u0131 Yelo\u011flu\u2026\" \/>\n<meta property=\"og:description\" content=\"Yelo\u011flu\u2019nun ba\u015fkanl\u0131\u011f\u0131nda olu\u015fturulan 41 ki\u015filik y\u00f6netim kurulunda, siyasiler ve partiler \u00fcst\u00fc bir yap\u0131 olu\u015fturuldu. Herkesi kucaklayan, her kesime hitap eden bir y\u00f6netim anlay\u0131\u015f\u0131n\u0131 benimseyen T\u00fcrkiye Belediye Ba\u015fkanlar\u0131 Birli\u011fi, yeni d\u00f6nemde \u00f6nemli hizmetler yapmaya haz\u0131rlan\u0131yor. Genel Ba\u015fkanl\u0131\u011f\u0131n\u0131 Ekrem \u0130mamo\u011flu\u2019nun yapt\u0131\u011f\u0131 T\u00fcrkiye Belediyeler Birli\u011fi binas\u0131nda ger\u00e7ekle\u015fen kongreye, bakanlar, milletvekilleri, belediye ba\u015fkanlar\u0131, kamu kurum ve kurulu\u015flar\u0131 temsilcileri ile T\u00fcrkiye Belediye Ba\u015fkanlar\u0131 Birli\u011fi \u00fcyeleri kat\u0131ld\u0131. Kongrede Divan Ba\u015fkanl\u0131\u011f\u0131\u2019na Celalettin G\u00fcven\u00e7, Katip \u00dcyeliklere ise Halit \u00c7ak\u0131r ve S\u00fcleyman Kald\u0131r\u0131m se\u00e7ildi. Ge\u00e7mi\u015f d\u00f6nem faaliyet raporlar\u0131n\u0131n okunup oylanmas\u0131n\u0131n ard\u0131ndan g\u00fcndemin son maddesi olarak se\u00e7ime ge\u00e7ildi. 2 bin 500 \u00fcyesi bulunan T\u00fcrkiye Belediye Ba\u015fkanlar\u0131 Birli\u011fi\u2019nin genel kuruluna tek listeyle gidildi. Mehmet Yelo\u011flu Ba\u015fkanl\u0131\u011f\u0131ndaki y\u00f6netim kurulu listesi, a\u00e7\u0131k oylama ile oybirli\u011fiyle g\u00f6reve se\u00e7ildi. YELO\u011eLU: PART\u0130LER \u00dcST\u00dc B\u0130R Y\u00d6NET\u0130M KURULU OLU\u015eTURDUK T\u00fcrkiye Belediye Ba\u015fkanlar\u0131 Birli\u011fi Ba\u015fkanl\u0131\u011f\u0131&#8217;na yeniden se\u00e7ilen Mehmet Yelo\u011flu, \u00fcyelerin deste\u011fi ve g\u00fcvenine te\u015fekk\u00fcr etti. Yelo\u011flu, T\u00fcrkiye Belediye Ba\u015fkanlar\u0131 Birli\u011fi\u2019nin, her siyasi g\u00f6r\u00fc\u015ften ve \u015fehirden 2 bin 500&#8217;den fazla \u00fcyesi bulunan \u00f6nemli bir kurulu\u015f oldu\u011funu belirterek, \u201cYeni y\u00f6netim kurulu listemizi haz\u0131rlarken, farkl\u0131 partilerden isimleri bir araya getirmeye \u00f6zen g\u00f6sterdik. 41 ki\u015filik y\u00f6netim kurulumuzda, g\u00f6revdeki ve ge\u00e7mi\u015fte g\u00f6rev yapm\u0131\u015f belediye ba\u015fkanlar\u0131m\u0131z\u0131 parti ayr\u0131m\u0131 g\u00f6zetmeksizin bir araya getirdik. \u015eu anda T\u00fcrkiye\u2019nin \u00f6nemli bir sivil toplum kurulu\u015fuyuz. Yerel y\u00f6netimler ile sivil toplum &hellip;\" \/>\n<meta property=\"og:url\" content=\"https:\/\/denizcankizil.tr\/uk\/haberler\/gundem\/turkiye-belediye-baskanlari-birligi-baskani-yeloglu\/\" \/>\n<meta property=\"og:site_name\" content=\"Av. Deniz Can K\u0131z\u0131l\" \/>\n<meta property=\"article:published_time\" content=\"2024-12-24T14:41:50+00:00\" \/>\n<meta name=\"twitter:card\" content=\"summary_large_image\" \/>\n<meta name=\"twitter:label1\" content=\"\u041f\u0440\u0438\u0431\u043b. \u0447\u0430\u0441 \u0447\u0438\u0442\u0430\u043d\u043d\u044f\" \/>\n\t<meta name=\"twitter:data1\" content=\"5 \u0445\u0432\u0438\u043b\u0438\u043d\" \/>\n<script type=\"application\/ld+json\" class=\"yoast-schema-graph\">{\"@context\":\"https:\/\/schema.org\",\"@graph\":[{\"@type\":\"Article\",\"@id\":\"https:\/\/denizcankizil.tr\/uk\/haberler\/gundem\/turkiye-belediye-baskanlari-birligi-baskani-yeloglu\/#article\",\"isPartOf\":{\"@id\":\"https:\/\/denizcankizil.tr\/uk\/haberler\/gundem\/turkiye-belediye-baskanlari-birligi-baskani-yeloglu\/\"},\"author\":{\"name\":\"\",\"@id\":\"\"},\"headline\":\"T\u00fcrkiye Belediye Ba\u015fkanlar\u0131 Birli\u011fi Ba\u015fkan\u0131 Yelo\u011flu\u2026\",\"datePublished\":\"2024-12-24T14:41:50+00:00\",\"mainEntityOfPage\":{\"@id\":\"https:\/\/denizcankizil.tr\/uk\/haberler\/gundem\/turkiye-belediye-baskanlari-birligi-baskani-yeloglu\/\"},\"wordCount\":993,\"commentCount\":0,\"publisher\":{\"@id\":\"https:\/\/denizcankizil.tr\/#organization\"},\"articleSection\":[\"G\u00fcndem\",\"Uncategorized\"],\"inLanguage\":\"uk\",\"potentialAction\":[{\"@type\":\"CommentAction\",\"name\":\"Comment\",\"target\":[\"https:\/\/denizcankizil.tr\/uk\/haberler\/gundem\/turkiye-belediye-baskanlari-birligi-baskani-yeloglu\/#respond\"]}]},{\"@type\":\"WebPage\",\"@id\":\"https:\/\/denizcankizil.tr\/uk\/haberler\/gundem\/turkiye-belediye-baskanlari-birligi-baskani-yeloglu\/\",\"url\":\"https:\/\/denizcankizil.tr\/uk\/haberler\/gundem\/turkiye-belediye-baskanlari-birligi-baskani-yeloglu\/\",\"name\":\"T\u00fcrkiye Belediye Ba\u015fkanlar\u0131 Birli\u011fi Ba\u015fkan\u0131 Yelo\u011flu\u2026 - Av. Deniz Can K\u0131z\u0131l\",\"isPartOf\":{\"@id\":\"https:\/\/denizcankizil.tr\/#website\"},\"datePublished\":\"2024-12-24T14:41:50+00:00\",\"breadcrumb\":{\"@id\":\"https:\/\/denizcankizil.tr\/uk\/haberler\/gundem\/turkiye-belediye-baskanlari-birligi-baskani-yeloglu\/#breadcrumb\"},\"inLanguage\":\"uk\",\"potentialAction\":[{\"@type\":\"ReadAction\",\"target\":[\"https:\/\/denizcankizil.tr\/uk\/haberler\/gundem\/turkiye-belediye-baskanlari-birligi-baskani-yeloglu\/\"]}]},{\"@type\":\"BreadcrumbList\",\"@id\":\"https:\/\/denizcankizil.tr\/uk\/haberler\/gundem\/turkiye-belediye-baskanlari-birligi-baskani-yeloglu\/#breadcrumb\",\"itemListElement\":[{\"@type\":\"ListItem\",\"position\":1,\"name\":\"Home\",\"item\":\"https:\/\/denizcankizil.tr\/de\/\"},{\"@type\":\"ListItem\",\"position\":2,\"name\":\"T\u00fcrkiye Belediye Ba\u015fkanlar\u0131 Birli\u011fi Ba\u015fkan\u0131 Yelo\u011flu\u2026\"}]},{\"@type\":\"WebSite\",\"@id\":\"https:\/\/denizcankizil.tr\/#website\",\"url\":\"https:\/\/denizcankizil.tr\/\",\"name\":\"Av. Deniz Can K\u0131z\u0131l\",\"description\":\"Avukat Deniz Can K\u0131z\u0131l Antalya Barosu\",\"publisher\":{\"@id\":\"https:\/\/denizcankizil.tr\/#organization\"},\"potentialAction\":[{\"@type\":\"SearchAction\",\"target\":{\"@type\":\"EntryPoint\",\"urlTemplate\":\"https:\/\/denizcankizil.tr\/?s={search_term_string}\"},\"query-input\":{\"@type\":\"PropertyValueSpecification\",\"valueRequired\":true,\"valueName\":\"search_term_string\"}}],\"inLanguage\":\"uk\"},{\"@type\":\"Organization\",\"@id\":\"https:\/\/denizcankizil.tr\/#organization\",\"name\":\"Av. Deniz Can K\u0131z\u0131l\",\"url\":\"https:\/\/denizcankizil.tr\/\",\"logo\":{\"@type\":\"ImageObject\",\"inLanguage\":\"uk\",\"@id\":\"https:\/\/denizcankizil.tr\/#\/schema\/logo\/image\/\",\"url\":\"https:\/\/denizcankizil.tr\/wp-content\/uploads\/2024\/10\/siyah-logo-svg.svg\",\"contentUrl\":\"https:\/\/denizcankizil.tr\/wp-content\/uploads\/2024\/10\/siyah-logo-svg.svg\",\"width\":1080,\"height\":1080,\"caption\":\"Av. Deniz Can K\u0131z\u0131l\"},\"image\":{\"@id\":\"https:\/\/denizcankizil.tr\/#\/schema\/logo\/image\/\"}}]}<\/script>\n<!-- \/ Yoast SEO Premium plugin. -->","yoast_head_json":{"title":"T\u00fcrkiye Belediye Ba\u015fkanlar\u0131 Birli\u011fi Ba\u015fkan\u0131 Yelo\u011flu\u2026 - Av. Deniz Can K\u0131z\u0131l","robots":{"index":"index","follow":"follow","max-snippet":"max-snippet:-1","max-image-preview":"max-image-preview:large","max-video-preview":"max-video-preview:-1"},"canonical":"https:\/\/denizcankizil.tr\/uk\/haberler\/gundem\/turkiye-belediye-baskanlari-birligi-baskani-yeloglu\/","og_locale":"uk_UA","og_type":"article","og_title":"T\u00fcrkiye Belediye Ba\u015fkanlar\u0131 Birli\u011fi Ba\u015fkan\u0131 Yelo\u011flu\u2026","og_description":"Yelo\u011flu\u2019nun ba\u015fkanl\u0131\u011f\u0131nda olu\u015fturulan 41 ki\u015filik y\u00f6netim kurulunda, siyasiler ve partiler \u00fcst\u00fc bir yap\u0131 olu\u015fturuldu. Herkesi kucaklayan, her kesime hitap eden bir y\u00f6netim anlay\u0131\u015f\u0131n\u0131 benimseyen T\u00fcrkiye Belediye Ba\u015fkanlar\u0131 Birli\u011fi, yeni d\u00f6nemde \u00f6nemli hizmetler yapmaya haz\u0131rlan\u0131yor. Genel Ba\u015fkanl\u0131\u011f\u0131n\u0131 Ekrem \u0130mamo\u011flu\u2019nun yapt\u0131\u011f\u0131 T\u00fcrkiye Belediyeler Birli\u011fi binas\u0131nda ger\u00e7ekle\u015fen kongreye, bakanlar, milletvekilleri, belediye ba\u015fkanlar\u0131, kamu kurum ve kurulu\u015flar\u0131 temsilcileri ile T\u00fcrkiye Belediye Ba\u015fkanlar\u0131 Birli\u011fi \u00fcyeleri kat\u0131ld\u0131. Kongrede Divan Ba\u015fkanl\u0131\u011f\u0131\u2019na Celalettin G\u00fcven\u00e7, Katip \u00dcyeliklere ise Halit \u00c7ak\u0131r ve S\u00fcleyman Kald\u0131r\u0131m se\u00e7ildi. Ge\u00e7mi\u015f d\u00f6nem faaliyet raporlar\u0131n\u0131n okunup oylanmas\u0131n\u0131n ard\u0131ndan g\u00fcndemin son maddesi olarak se\u00e7ime ge\u00e7ildi. 2 bin 500 \u00fcyesi bulunan T\u00fcrkiye Belediye Ba\u015fkanlar\u0131 Birli\u011fi\u2019nin genel kuruluna tek listeyle gidildi. Mehmet Yelo\u011flu Ba\u015fkanl\u0131\u011f\u0131ndaki y\u00f6netim kurulu listesi, a\u00e7\u0131k oylama ile oybirli\u011fiyle g\u00f6reve se\u00e7ildi. YELO\u011eLU: PART\u0130LER \u00dcST\u00dc B\u0130R Y\u00d6NET\u0130M KURULU OLU\u015eTURDUK T\u00fcrkiye Belediye Ba\u015fkanlar\u0131 Birli\u011fi Ba\u015fkanl\u0131\u011f\u0131&#8217;na yeniden se\u00e7ilen Mehmet Yelo\u011flu, \u00fcyelerin deste\u011fi ve g\u00fcvenine te\u015fekk\u00fcr etti. Yelo\u011flu, T\u00fcrkiye Belediye Ba\u015fkanlar\u0131 Birli\u011fi\u2019nin, her siyasi g\u00f6r\u00fc\u015ften ve \u015fehirden 2 bin 500&#8217;den fazla \u00fcyesi bulunan \u00f6nemli bir kurulu\u015f oldu\u011funu belirterek, \u201cYeni y\u00f6netim kurulu listemizi haz\u0131rlarken, farkl\u0131 partilerden isimleri bir araya getirmeye \u00f6zen g\u00f6sterdik. 41 ki\u015filik y\u00f6netim kurulumuzda, g\u00f6revdeki ve ge\u00e7mi\u015fte g\u00f6rev yapm\u0131\u015f belediye ba\u015fkanlar\u0131m\u0131z\u0131 parti ayr\u0131m\u0131 g\u00f6zetmeksizin bir araya getirdik. \u015eu anda T\u00fcrkiye\u2019nin \u00f6nemli bir sivil toplum kurulu\u015fuyuz. Yerel y\u00f6netimler ile sivil toplum &hellip;","og_url":"https:\/\/denizcankizil.tr\/uk\/haberler\/gundem\/turkiye-belediye-baskanlari-birligi-baskani-yeloglu\/","og_site_name":"Av. Deniz Can K\u0131z\u0131l","article_published_time":"2024-12-24T14:41:50+00:00","twitter_card":"summary_large_image","twitter_misc":{"\u041f\u0440\u0438\u0431\u043b. \u0447\u0430\u0441 \u0447\u0438\u0442\u0430\u043d\u043d\u044f":"5 \u0445\u0432\u0438\u043b\u0438\u043d"},"schema":{"@context":"https:\/\/schema.org","@graph":[{"@type":"Article","@id":"https:\/\/denizcankizil.tr\/uk\/haberler\/gundem\/turkiye-belediye-baskanlari-birligi-baskani-yeloglu\/#article","isPartOf":{"@id":"https:\/\/denizcankizil.tr\/uk\/haberler\/gundem\/turkiye-belediye-baskanlari-birligi-baskani-yeloglu\/"},"author":{"name":"","@id":""},"headline":"T\u00fcrkiye Belediye Ba\u015fkanlar\u0131 Birli\u011fi Ba\u015fkan\u0131 Yelo\u011flu\u2026","datePublished":"2024-12-24T14:41:50+00:00","mainEntityOfPage":{"@id":"https:\/\/denizcankizil.tr\/uk\/haberler\/gundem\/turkiye-belediye-baskanlari-birligi-baskani-yeloglu\/"},"wordCount":993,"commentCount":0,"publisher":{"@id":"https:\/\/denizcankizil.tr\/#organization"},"articleSection":["G\u00fcndem","Uncategorized"],"inLanguage":"uk","potentialAction":[{"@type":"CommentAction","name":"Comment","target":["https:\/\/denizcankizil.tr\/uk\/haberler\/gundem\/turkiye-belediye-baskanlari-birligi-baskani-yeloglu\/#respond"]}]},{"@type":"WebPage","@id":"https:\/\/denizcankizil.tr\/uk\/haberler\/gundem\/turkiye-belediye-baskanlari-birligi-baskani-yeloglu\/","url":"https:\/\/denizcankizil.tr\/uk\/haberler\/gundem\/turkiye-belediye-baskanlari-birligi-baskani-yeloglu\/","name":"T\u00fcrkiye Belediye Ba\u015fkanlar\u0131 Birli\u011fi Ba\u015fkan\u0131 Yelo\u011flu\u2026 - Av. Deniz Can K\u0131z\u0131l","isPartOf":{"@id":"https:\/\/denizcankizil.tr\/#website"},"datePublished":"2024-12-24T14:41:50+00:00","breadcrumb":{"@id":"https:\/\/denizcankizil.tr\/uk\/haberler\/gundem\/turkiye-belediye-baskanlari-birligi-baskani-yeloglu\/#breadcrumb"},"inLanguage":"uk","potentialAction":[{"@type":"ReadAction","target":["https:\/\/denizcankizil.tr\/uk\/haberler\/gundem\/turkiye-belediye-baskanlari-birligi-baskani-yeloglu\/"]}]},{"@type":"BreadcrumbList","@id":"https:\/\/denizcankizil.tr\/uk\/haberler\/gundem\/turkiye-belediye-baskanlari-birligi-baskani-yeloglu\/#breadcrumb","itemListElement":[{"@type":"ListItem","position":1,"name":"Home","item":"https:\/\/denizcankizil.tr\/de\/"},{"@type":"ListItem","position":2,"name":"T\u00fcrkiye Belediye Ba\u015fkanlar\u0131 Birli\u011fi Ba\u015fkan\u0131 Yelo\u011flu\u2026"}]},{"@type":"WebSite","@id":"https:\/\/denizcankizil.tr\/#website","url":"https:\/\/denizcankizil.tr\/","name":"Av. Deniz Can K\u0131z\u0131l","description":"Avukat Deniz Can K\u0131z\u0131l Antalya Barosu","publisher":{"@id":"https:\/\/denizcankizil.tr\/#organization"},"potentialAction":[{"@type":"SearchAction","target":{"@type":"EntryPoint","urlTemplate":"https:\/\/denizcankizil.tr\/?s={search_term_string}"},"query-input":{"@type":"PropertyValueSpecification","valueRequired":true,"valueName":"search_term_string"}}],"inLanguage":"uk"},{"@type":"Organization","@id":"https:\/\/denizcankizil.tr\/#organization","name":"Av. Deniz Can K\u0131z\u0131l","url":"https:\/\/denizcankizil.tr\/","logo":{"@type":"ImageObject","inLanguage":"uk","@id":"https:\/\/denizcankizil.tr\/#\/schema\/logo\/image\/","url":"https:\/\/denizcankizil.tr\/wp-content\/uploads\/2024\/10\/siyah-logo-svg.svg","contentUrl":"https:\/\/denizcankizil.tr\/wp-content\/uploads\/2024\/10\/siyah-logo-svg.svg","width":1080,"height":1080,"caption":"Av. Deniz Can K\u0131z\u0131l"},"image":{"@id":"https:\/\/denizcankizil.tr\/#\/schema\/logo\/image\/"}}]}},"_links":{"self":[{"href":"https:\/\/denizcankizil.tr\/uk\/wp-json\/wp\/v2\/posts\/22046","targetHints":{"allow":["GET"]}}],"collection":[{"href":"https:\/\/denizcankizil.tr\/uk\/wp-json\/wp\/v2\/posts"}],"about":[{"href":"https:\/\/denizcankizil.tr\/uk\/wp-json\/wp\/v2\/types\/post"}],"replies":[{"embeddable":true,"href":"https:\/\/denizcankizil.tr\/uk\/wp-json\/wp\/v2\/comments?post=22046"}],"version-history":[{"count":0,"href":"https:\/\/denizcankizil.tr\/uk\/wp-json\/wp\/v2\/posts\/22046\/revisions"}],"wp:attachment":[{"href":"https:\/\/denizcankizil.tr\/uk\/wp-json\/wp\/v2\/media?parent=22046"}],"wp:term":[{"taxonomy":"category","embeddable":true,"href":"https:\/\/denizcankizil.tr\/uk\/wp-json\/wp\/v2\/categories?post=22046"},{"taxonomy":"post_tag","embeddable":true,"href":"https:\/\/denizcankizil.tr\/uk\/wp-json\/wp\/v2\/tags?post=22046"}],"curies":[{"name":"wp","href":"https:\/\/api.w.org\/{rel}","templated":true}]}}