{"id":21833,"date":"2024-12-23T10:41:36","date_gmt":"2024-12-23T07:41:36","guid":{"rendered":"https:\/\/denizcankizil.tr\/uncategorized-tr\/turkiye-genelindeki-havada-yok-yok-disariya-cikarken-bu-uyarilara-dikkat\/"},"modified":"2024-12-23T10:41:36","modified_gmt":"2024-12-23T07:41:36","slug":"turkiye-genelindeki-havada-yok-yok-disariya-cikarken-bu-uyarilara-dikkat","status":"publish","type":"post","link":"https:\/\/denizcankizil.tr\/uk\/haberler\/gundem\/turkiye-genelindeki-havada-yok-yok-disariya-cikarken-bu-uyarilara-dikkat\/","title":{"rendered":"T\u00fcrkiye genelindeki havada yok yok! D\u0131\u015far\u0131ya \u00e7\u0131karken bu uyar\u0131lara dikkat"},"content":{"rendered":"<p>Haftan\u0131n ilk hava tahmin raporuna g\u00f6re; T\u00fcrkiye genelinin par\u00e7al\u0131 ve \u00e7ok bulutlu Marmara&#8217;n\u0131n bat\u0131s\u0131, Ege (Afyonkarahisar hari\u00e7), Akdeniz, \u0130\u00e7 Anadolu\u2019nun do\u011fusu, Do\u011fu Karadeniz, Do\u011fu Anadolu (I\u011fd\u0131r ve Van hari\u00e7), G\u00fcneydo\u011fu Anadolu ile Yalova, \u0130stanbul, Karaman ve \u00c7orum \u00e7evrelerinin ya\u011f\u0131\u015fl\u0131 ge\u00e7mesi bekleniyor. Meteoroloji, yurdun \u00e7e\u015fitli noktalar\u0131 i\u00e7in vatanda\u015flar\u0131 uyard\u0131.ANKARA (\u0130GFA) &#8211; Meteoroloji Genel M\u00fcd\u00fcrl\u00fc\u011f\u00fc, 23 Aral\u0131k Pazartesi g\u00fcn\u00fcne ili\u015fkin hava tahmin raporunu yay\u0131mlad\u0131.<br \/>\nYap\u0131lan son tahminlere g\u00f6re \u00fclke genelinin par\u00e7al\u0131 ve \u00e7ok bulutlu ge\u00e7mesi bekleniyor.<\/p>\n<p>Ya\u011f\u0131\u015flar\u0131n genellikle ya\u011fmur ve sa\u011fanak, K\u0131y\u0131larda yer yer g\u00f6k g\u00fcr\u00fclt\u00fcl\u00fc sa\u011fanak, \u0130\u00e7 Anadolu\u2019nun kuzeydo\u011fusunun y\u00fcksekleri, Do\u011fu Karadeniz\u2019in i\u00e7 kesimleri ile Do\u011fu Anadolu&#8217;nun kuzey ve do\u011fusunda karla kar\u0131\u015f\u0131k ya\u011fmur ve kar \u015feklinde olmas\u0131 tahmin edildi.<br \/>\nMarmara&#8217;n\u0131n bat\u0131s\u0131, K\u0131y\u0131 Ege, Do\u011fu Akdeniz, Antalya\u2019n\u0131n do\u011fusu ile Gaziantep, Kilis ve Ad\u0131yaman \u00e7evrelerinde yerel kuvvetli ya\u011f\u0131\u015flar beklenirken, r\u00fczgar\u0131n Marmara\u2019n\u0131n bat\u0131s\u0131 ve K\u0131y\u0131 Ege\u2019de g\u00fcneyli y\u00f6nlerden kuvvetli olarak (40-60 km\/saat) esece\u011fi bildirildi. T\u00fcrkiye&#8217;nin i\u00e7 ve do\u011fu kesimlerinde buzlanma ve don olay\u0131 ile birlikte pus ve yer yer sis, Do\u011fu Karadeniz\u2019in i\u00e7 kesimlerinin y\u00fcksekleri ile Do\u011fu Anadolu\u2019nun y\u00fcksek ve dik yama\u00e7lar\u0131nda ise \u00e7\u0131\u011f tehlikesi olmas\u0131 tahmin edildi.<\/p>\n<p>HAFTANIN \u0130LK UYARILARI&#8230;<br \/>\n\u00d6te yandan haftan\u0131n ilk g\u00fcn raporunda Meteoroloji&#8217;den de 4 ayr\u0131 uyar\u0131 geldi.<br \/>\nBuna g\u00f6re Marmara&#8217;n\u0131n bat\u0131s\u0131, K\u0131y\u0131 Ege, Do\u011fu Akdeniz, Antalya\u2019n\u0131n do\u011fusu ile Gaziantep, Kilis ve Ad\u0131yaman \u00e7evrelerinde yerel kuvvetli ya\u011f\u0131\u015flar,\u00a0 Marmara\u2019n\u0131n bat\u0131s\u0131 ve K\u0131y\u0131 Ege\u2019de g\u00fcneyli y\u00f6nlerden kuvvetli olarak (40-60 km\/saat) esmesi beklendi\u011finden ula\u015f\u0131mda aksamalar vb olumsuzluklara kar\u015f\u0131 dikkatli ve tedbirli olunmas\u0131 istendi.<\/p>\n<p>Ayr\u0131ca yurdun do\u011fu kesimlerinde buzlanma ve don olay\u0131 beklendi\u011fi, Do\u011fu Karadeniz\u2019in i\u00e7 kesimleri ile Do\u011fu Anadolu&#8217;nun do\u011fusunda dik ve e\u011fimli yama\u00e7larda \u00e7\u0131\u011f tehlikesi bulundu\u011fundan dolay\u0131 vatanda\u015flar dikkatli ve tedbirli olunmas\u0131 konusunda uyar\u0131ld\u0131.<\/p>\n<p>\u200bHaftan\u0131n ilk hava tahmin raporuna g\u00f6re; T\u00fcrkiye genelinin par\u00e7al\u0131 ve \u00e7ok bulutlu Marmara&#8217;n\u0131n bat\u0131s\u0131, Ege (Afyonkarahisar hari\u00e7), Akdeniz, \u0130\u00e7 Anadolu\u2019nun do\u011fusu, Do\u011fu Karadeniz, Do\u011fu Anadolu (I\u011fd\u0131r ve Van hari\u00e7), G\u00fcneydo\u011fu Anadolu ile Yalova, \u0130stanbul, Karaman ve \u00c7orum \u00e7evrelerinin ya\u011f\u0131\u015fl\u0131 ge\u00e7mesi bekleniyor. Meteoroloji, yurdun \u00e7e\u015fitli noktalar\u0131 i\u00e7in vatanda\u015flar\u0131 uyard\u0131.ANKARA (\u0130GFA) &#8211; Meteoroloji Genel M\u00fcd\u00fcrl\u00fc\u011f\u00fc, 23 Aral\u0131k Pazartesi g\u00fcn\u00fcne ili\u015fkin hava tahmin raporunu yay\u0131mlad\u0131.<br \/>\nYap\u0131lan son tahminlere g\u00f6re \u00fclke genelinin par\u00e7al\u0131 ve \u00e7ok bulutlu ge\u00e7mesi bekleniyor.<\/p>\n<p>Ya\u011f\u0131\u015flar\u0131n genellikle ya\u011fmur ve sa\u011fanak, K\u0131y\u0131larda yer yer g\u00f6k g\u00fcr\u00fclt\u00fcl\u00fc sa\u011fanak, \u0130\u00e7 Anadolu\u2019nun kuzeydo\u011fusunun y\u00fcksekleri, Do\u011fu Karadeniz\u2019in i\u00e7 kesimleri ile Do\u011fu Anadolu&#8217;nun kuzey ve do\u011fusunda karla kar\u0131\u015f\u0131k ya\u011fmur ve kar \u015feklinde olmas\u0131 tahmin edildi.<br \/>\nMarmara&#8217;n\u0131n bat\u0131s\u0131, K\u0131y\u0131 Ege, Do\u011fu Akdeniz, Antalya\u2019n\u0131n do\u011fusu ile Gaziantep, Kilis ve Ad\u0131yaman \u00e7evrelerinde yerel kuvvetli ya\u011f\u0131\u015flar beklenirken, r\u00fczgar\u0131n Marmara\u2019n\u0131n bat\u0131s\u0131 ve K\u0131y\u0131 Ege\u2019de g\u00fcneyli y\u00f6nlerden kuvvetli olarak (40-60 km\/saat) esece\u011fi bildirildi. T\u00fcrkiye&#8217;nin i\u00e7 ve do\u011fu kesimlerinde buzlanma ve don olay\u0131 ile birlikte pus ve yer yer sis, Do\u011fu Karadeniz\u2019in i\u00e7 kesimlerinin y\u00fcksekleri ile Do\u011fu Anadolu\u2019nun y\u00fcksek ve dik yama\u00e7lar\u0131nda ise \u00e7\u0131\u011f tehlikesi olmas\u0131 tahmin edildi.<\/p>\n<p>HAFTANIN \u0130LK UYARILARI&#8230;<br \/>\n\u00d6te yandan haftan\u0131n ilk g\u00fcn raporunda Meteoroloji&#8217;den de 4 ayr\u0131 uyar\u0131 geldi.<br \/>\nBuna g\u00f6re Marmara&#8217;n\u0131n bat\u0131s\u0131, K\u0131y\u0131 Ege, Do\u011fu Akdeniz, Antalya\u2019n\u0131n do\u011fusu ile Gaziantep, Kilis ve Ad\u0131yaman \u00e7evrelerinde yerel kuvvetli ya\u011f\u0131\u015flar,\u00a0 Marmara\u2019n\u0131n bat\u0131s\u0131 ve K\u0131y\u0131 Ege\u2019de g\u00fcneyli y\u00f6nlerden kuvvetli olarak (40-60 km\/saat) esmesi beklendi\u011finden ula\u015f\u0131mda aksamalar vb olumsuzluklara kar\u015f\u0131 dikkatli ve tedbirli olunmas\u0131 istendi.<\/p>\n<p>Ayr\u0131ca yurdun do\u011fu kesimlerinde buzlanma ve don olay\u0131 beklendi\u011fi, Do\u011fu Karadeniz\u2019in i\u00e7 kesimleri ile Do\u011fu Anadolu&#8217;nun do\u011fusunda dik ve e\u011fimli yama\u00e7larda \u00e7\u0131\u011f tehlikesi bulundu\u011fundan dolay\u0131 vatanda\u015flar dikkatli ve tedbirli olunmas\u0131 konusunda uyar\u0131ld\u0131.\u00a0<\/p>\n<p>\u200bHaberin Al\u0131nt\u0131land\u0131\u011f\u0131 Kaynak: www.iskenderun.org<\/p>","protected":false},"excerpt":{"rendered":"<p>Haftan\u0131n ilk hava tahmin raporuna g\u00f6re; T\u00fcrkiye genelinin par\u00e7al\u0131 ve \u00e7ok bulutlu Marmara&#8217;n\u0131n bat\u0131s\u0131, Ege (Afyonkarahisar hari\u00e7), Akdeniz, \u0130\u00e7 Anadolu\u2019nun do\u011fusu, Do\u011fu Karadeniz, Do\u011fu Anadolu (I\u011fd\u0131r ve Van hari\u00e7), G\u00fcneydo\u011fu Anadolu ile Yalova, \u0130stanbul, Karaman ve \u00c7orum \u00e7evrelerinin ya\u011f\u0131\u015fl\u0131 ge\u00e7mesi bekleniyor. Meteoroloji, yurdun \u00e7e\u015fitli noktalar\u0131 i\u00e7in vatanda\u015flar\u0131 uyard\u0131.ANKARA (\u0130GFA) &#8211; Meteoroloji Genel M\u00fcd\u00fcrl\u00fc\u011f\u00fc, 23 Aral\u0131k Pazartesi g\u00fcn\u00fcne ili\u015fkin hava tahmin raporunu yay\u0131mlad\u0131. Yap\u0131lan son tahminlere g\u00f6re \u00fclke genelinin par\u00e7al\u0131 ve \u00e7ok bulutlu ge\u00e7mesi bekleniyor. Ya\u011f\u0131\u015flar\u0131n genellikle ya\u011fmur ve sa\u011fanak, K\u0131y\u0131larda yer yer g\u00f6k g\u00fcr\u00fclt\u00fcl\u00fc sa\u011fanak, \u0130\u00e7 Anadolu\u2019nun kuzeydo\u011fusunun y\u00fcksekleri, Do\u011fu Karadeniz\u2019in i\u00e7 kesimleri ile Do\u011fu Anadolu&#8217;nun kuzey ve do\u011fusunda karla kar\u0131\u015f\u0131k ya\u011fmur ve kar \u015feklinde olmas\u0131 tahmin edildi. Marmara&#8217;n\u0131n bat\u0131s\u0131, K\u0131y\u0131 Ege, Do\u011fu Akdeniz, Antalya\u2019n\u0131n do\u011fusu ile Gaziantep, Kilis ve Ad\u0131yaman \u00e7evrelerinde yerel kuvvetli ya\u011f\u0131\u015flar beklenirken, r\u00fczgar\u0131n Marmara\u2019n\u0131n bat\u0131s\u0131 ve K\u0131y\u0131 Ege\u2019de g\u00fcneyli y\u00f6nlerden kuvvetli olarak (40-60 km\/saat) esece\u011fi bildirildi. T\u00fcrkiye&#8217;nin i\u00e7 ve do\u011fu kesimlerinde buzlanma ve don olay\u0131 ile birlikte pus ve yer yer sis, Do\u011fu Karadeniz\u2019in i\u00e7 kesimlerinin y\u00fcksekleri ile Do\u011fu Anadolu\u2019nun y\u00fcksek ve dik yama\u00e7lar\u0131nda ise \u00e7\u0131\u011f tehlikesi olmas\u0131 tahmin edildi. HAFTANIN \u0130LK UYARILARI&#8230; \u00d6te yandan haftan\u0131n ilk g\u00fcn raporunda Meteoroloji&#8217;den de 4 ayr\u0131 uyar\u0131 geldi. Buna g\u00f6re Marmara&#8217;n\u0131n bat\u0131s\u0131, K\u0131y\u0131 Ege, Do\u011fu Akdeniz, Antalya\u2019n\u0131n do\u011fusu ile &hellip;<\/p>","protected":false},"author":0,"featured_media":0,"comment_status":"open","ping_status":"open","sticky":false,"template":"","format":"standard","meta":{"_acf_changed":false,"footnotes":""},"categories":[24,535],"tags":[],"class_list":["post-21833","post","type-post","status-publish","format-standard","has-post-thumbnail","hentry","category-gundem","category-uncategorized-tr"],"acf":[],"yoast_head":"<!-- This site is optimized with the Yoast SEO Premium plugin v26.6 (Yoast SEO v27.1.1) - https:\/\/yoast.com\/product\/yoast-seo-premium-wordpress\/ -->\n<title>T\u00fcrkiye genelindeki havada yok yok! D\u0131\u015far\u0131ya \u00e7\u0131karken bu uyar\u0131lara dikkat - Av. Deniz Can K\u0131z\u0131l<\/title>\n<meta name=\"robots\" content=\"index, follow, max-snippet:-1, max-image-preview:large, max-video-preview:-1\" \/>\n<link rel=\"canonical\" href=\"https:\/\/denizcankizil.tr\/uk\/haberler\/gundem\/turkiye-genelindeki-havada-yok-yok-disariya-cikarken-bu-uyarilara-dikkat\/\" \/>\n<meta property=\"og:locale\" content=\"uk_UA\" \/>\n<meta property=\"og:type\" content=\"article\" \/>\n<meta property=\"og:title\" content=\"T\u00fcrkiye genelindeki havada yok yok! D\u0131\u015far\u0131ya \u00e7\u0131karken bu uyar\u0131lara dikkat\" \/>\n<meta property=\"og:description\" content=\"Haftan\u0131n ilk hava tahmin raporuna g\u00f6re; T\u00fcrkiye genelinin par\u00e7al\u0131 ve \u00e7ok bulutlu Marmara&#8217;n\u0131n bat\u0131s\u0131, Ege (Afyonkarahisar hari\u00e7), Akdeniz, \u0130\u00e7 Anadolu\u2019nun do\u011fusu, Do\u011fu Karadeniz, Do\u011fu Anadolu (I\u011fd\u0131r ve Van hari\u00e7), G\u00fcneydo\u011fu Anadolu ile Yalova, \u0130stanbul, Karaman ve \u00c7orum \u00e7evrelerinin ya\u011f\u0131\u015fl\u0131 ge\u00e7mesi bekleniyor. Meteoroloji, yurdun \u00e7e\u015fitli noktalar\u0131 i\u00e7in vatanda\u015flar\u0131 uyard\u0131.ANKARA (\u0130GFA) &#8211; Meteoroloji Genel M\u00fcd\u00fcrl\u00fc\u011f\u00fc, 23 Aral\u0131k Pazartesi g\u00fcn\u00fcne ili\u015fkin hava tahmin raporunu yay\u0131mlad\u0131. Yap\u0131lan son tahminlere g\u00f6re \u00fclke genelinin par\u00e7al\u0131 ve \u00e7ok bulutlu ge\u00e7mesi bekleniyor. Ya\u011f\u0131\u015flar\u0131n genellikle ya\u011fmur ve sa\u011fanak, K\u0131y\u0131larda yer yer g\u00f6k g\u00fcr\u00fclt\u00fcl\u00fc sa\u011fanak, \u0130\u00e7 Anadolu\u2019nun kuzeydo\u011fusunun y\u00fcksekleri, Do\u011fu Karadeniz\u2019in i\u00e7 kesimleri ile Do\u011fu Anadolu&#8217;nun kuzey ve do\u011fusunda karla kar\u0131\u015f\u0131k ya\u011fmur ve kar \u015feklinde olmas\u0131 tahmin edildi. Marmara&#8217;n\u0131n bat\u0131s\u0131, K\u0131y\u0131 Ege, Do\u011fu Akdeniz, Antalya\u2019n\u0131n do\u011fusu ile Gaziantep, Kilis ve Ad\u0131yaman \u00e7evrelerinde yerel kuvvetli ya\u011f\u0131\u015flar beklenirken, r\u00fczgar\u0131n Marmara\u2019n\u0131n bat\u0131s\u0131 ve K\u0131y\u0131 Ege\u2019de g\u00fcneyli y\u00f6nlerden kuvvetli olarak (40-60 km\/saat) esece\u011fi bildirildi. T\u00fcrkiye&#8217;nin i\u00e7 ve do\u011fu kesimlerinde buzlanma ve don olay\u0131 ile birlikte pus ve yer yer sis, Do\u011fu Karadeniz\u2019in i\u00e7 kesimlerinin y\u00fcksekleri ile Do\u011fu Anadolu\u2019nun y\u00fcksek ve dik yama\u00e7lar\u0131nda ise \u00e7\u0131\u011f tehlikesi olmas\u0131 tahmin edildi. HAFTANIN \u0130LK UYARILARI&#8230; \u00d6te yandan haftan\u0131n ilk g\u00fcn raporunda Meteoroloji&#8217;den de 4 ayr\u0131 uyar\u0131 geldi. Buna g\u00f6re Marmara&#8217;n\u0131n bat\u0131s\u0131, K\u0131y\u0131 Ege, Do\u011fu Akdeniz, Antalya\u2019n\u0131n do\u011fusu ile &hellip;\" \/>\n<meta property=\"og:url\" content=\"https:\/\/denizcankizil.tr\/uk\/haberler\/gundem\/turkiye-genelindeki-havada-yok-yok-disariya-cikarken-bu-uyarilara-dikkat\/\" \/>\n<meta property=\"og:site_name\" content=\"Av. Deniz Can K\u0131z\u0131l\" \/>\n<meta property=\"article:published_time\" content=\"2024-12-23T07:41:36+00:00\" \/>\n<meta name=\"twitter:card\" content=\"summary_large_image\" \/>\n<meta name=\"twitter:label1\" content=\"\u041f\u0440\u0438\u0431\u043b. \u0447\u0430\u0441 \u0447\u0438\u0442\u0430\u043d\u043d\u044f\" \/>\n\t<meta name=\"twitter:data1\" content=\"4 \u0445\u0432\u0438\u043b\u0438\u043d\u0438\" \/>\n<script type=\"application\/ld+json\" class=\"yoast-schema-graph\">{\"@context\":\"https:\/\/schema.org\",\"@graph\":[{\"@type\":\"Article\",\"@id\":\"https:\/\/denizcankizil.tr\/uk\/haberler\/gundem\/turkiye-genelindeki-havada-yok-yok-disariya-cikarken-bu-uyarilara-dikkat\/#article\",\"isPartOf\":{\"@id\":\"https:\/\/denizcankizil.tr\/uk\/haberler\/gundem\/turkiye-genelindeki-havada-yok-yok-disariya-cikarken-bu-uyarilara-dikkat\/\"},\"author\":{\"name\":\"\",\"@id\":\"\"},\"headline\":\"T\u00fcrkiye genelindeki havada yok yok! D\u0131\u015far\u0131ya \u00e7\u0131karken bu uyar\u0131lara dikkat\",\"datePublished\":\"2024-12-23T07:41:36+00:00\",\"mainEntityOfPage\":{\"@id\":\"https:\/\/denizcankizil.tr\/uk\/haberler\/gundem\/turkiye-genelindeki-havada-yok-yok-disariya-cikarken-bu-uyarilara-dikkat\/\"},\"wordCount\":780,\"commentCount\":0,\"publisher\":{\"@id\":\"https:\/\/denizcankizil.tr\/#organization\"},\"articleSection\":[\"G\u00fcndem\",\"Uncategorized\"],\"inLanguage\":\"uk\",\"potentialAction\":[{\"@type\":\"CommentAction\",\"name\":\"Comment\",\"target\":[\"https:\/\/denizcankizil.tr\/uk\/haberler\/gundem\/turkiye-genelindeki-havada-yok-yok-disariya-cikarken-bu-uyarilara-dikkat\/#respond\"]}]},{\"@type\":\"WebPage\",\"@id\":\"https:\/\/denizcankizil.tr\/uk\/haberler\/gundem\/turkiye-genelindeki-havada-yok-yok-disariya-cikarken-bu-uyarilara-dikkat\/\",\"url\":\"https:\/\/denizcankizil.tr\/uk\/haberler\/gundem\/turkiye-genelindeki-havada-yok-yok-disariya-cikarken-bu-uyarilara-dikkat\/\",\"name\":\"T\u00fcrkiye genelindeki havada yok yok! D\u0131\u015far\u0131ya \u00e7\u0131karken bu uyar\u0131lara dikkat - Av. Deniz Can K\u0131z\u0131l\",\"isPartOf\":{\"@id\":\"https:\/\/denizcankizil.tr\/#website\"},\"datePublished\":\"2024-12-23T07:41:36+00:00\",\"breadcrumb\":{\"@id\":\"https:\/\/denizcankizil.tr\/uk\/haberler\/gundem\/turkiye-genelindeki-havada-yok-yok-disariya-cikarken-bu-uyarilara-dikkat\/#breadcrumb\"},\"inLanguage\":\"uk\",\"potentialAction\":[{\"@type\":\"ReadAction\",\"target\":[\"https:\/\/denizcankizil.tr\/uk\/haberler\/gundem\/turkiye-genelindeki-havada-yok-yok-disariya-cikarken-bu-uyarilara-dikkat\/\"]}]},{\"@type\":\"BreadcrumbList\",\"@id\":\"https:\/\/denizcankizil.tr\/uk\/haberler\/gundem\/turkiye-genelindeki-havada-yok-yok-disariya-cikarken-bu-uyarilara-dikkat\/#breadcrumb\",\"itemListElement\":[{\"@type\":\"ListItem\",\"position\":1,\"name\":\"Home\",\"item\":\"https:\/\/denizcankizil.tr\/de\/\"},{\"@type\":\"ListItem\",\"position\":2,\"name\":\"T\u00fcrkiye genelindeki havada yok yok! D\u0131\u015far\u0131ya \u00e7\u0131karken bu uyar\u0131lara dikkat\"}]},{\"@type\":\"WebSite\",\"@id\":\"https:\/\/denizcankizil.tr\/#website\",\"url\":\"https:\/\/denizcankizil.tr\/\",\"name\":\"Av. Deniz Can K\u0131z\u0131l\",\"description\":\"Avukat Deniz Can K\u0131z\u0131l Antalya Barosu\",\"publisher\":{\"@id\":\"https:\/\/denizcankizil.tr\/#organization\"},\"potentialAction\":[{\"@type\":\"SearchAction\",\"target\":{\"@type\":\"EntryPoint\",\"urlTemplate\":\"https:\/\/denizcankizil.tr\/?s={search_term_string}\"},\"query-input\":{\"@type\":\"PropertyValueSpecification\",\"valueRequired\":true,\"valueName\":\"search_term_string\"}}],\"inLanguage\":\"uk\"},{\"@type\":\"Organization\",\"@id\":\"https:\/\/denizcankizil.tr\/#organization\",\"name\":\"Av. Deniz Can K\u0131z\u0131l\",\"url\":\"https:\/\/denizcankizil.tr\/\",\"logo\":{\"@type\":\"ImageObject\",\"inLanguage\":\"uk\",\"@id\":\"https:\/\/denizcankizil.tr\/#\/schema\/logo\/image\/\",\"url\":\"https:\/\/denizcankizil.tr\/wp-content\/uploads\/2024\/10\/siyah-logo-svg.svg\",\"contentUrl\":\"https:\/\/denizcankizil.tr\/wp-content\/uploads\/2024\/10\/siyah-logo-svg.svg\",\"width\":1080,\"height\":1080,\"caption\":\"Av. Deniz Can K\u0131z\u0131l\"},\"image\":{\"@id\":\"https:\/\/denizcankizil.tr\/#\/schema\/logo\/image\/\"}}]}<\/script>\n<!-- \/ Yoast SEO Premium plugin. -->","yoast_head_json":{"title":"T\u00fcrkiye genelindeki havada yok yok! D\u0131\u015far\u0131ya \u00e7\u0131karken bu uyar\u0131lara dikkat - Av. Deniz Can K\u0131z\u0131l","robots":{"index":"index","follow":"follow","max-snippet":"max-snippet:-1","max-image-preview":"max-image-preview:large","max-video-preview":"max-video-preview:-1"},"canonical":"https:\/\/denizcankizil.tr\/uk\/haberler\/gundem\/turkiye-genelindeki-havada-yok-yok-disariya-cikarken-bu-uyarilara-dikkat\/","og_locale":"uk_UA","og_type":"article","og_title":"T\u00fcrkiye genelindeki havada yok yok! D\u0131\u015far\u0131ya \u00e7\u0131karken bu uyar\u0131lara dikkat","og_description":"Haftan\u0131n ilk hava tahmin raporuna g\u00f6re; T\u00fcrkiye genelinin par\u00e7al\u0131 ve \u00e7ok bulutlu Marmara&#8217;n\u0131n bat\u0131s\u0131, Ege (Afyonkarahisar hari\u00e7), Akdeniz, \u0130\u00e7 Anadolu\u2019nun do\u011fusu, Do\u011fu Karadeniz, Do\u011fu Anadolu (I\u011fd\u0131r ve Van hari\u00e7), G\u00fcneydo\u011fu Anadolu ile Yalova, \u0130stanbul, Karaman ve \u00c7orum \u00e7evrelerinin ya\u011f\u0131\u015fl\u0131 ge\u00e7mesi bekleniyor. Meteoroloji, yurdun \u00e7e\u015fitli noktalar\u0131 i\u00e7in vatanda\u015flar\u0131 uyard\u0131.ANKARA (\u0130GFA) &#8211; Meteoroloji Genel M\u00fcd\u00fcrl\u00fc\u011f\u00fc, 23 Aral\u0131k Pazartesi g\u00fcn\u00fcne ili\u015fkin hava tahmin raporunu yay\u0131mlad\u0131. Yap\u0131lan son tahminlere g\u00f6re \u00fclke genelinin par\u00e7al\u0131 ve \u00e7ok bulutlu ge\u00e7mesi bekleniyor. Ya\u011f\u0131\u015flar\u0131n genellikle ya\u011fmur ve sa\u011fanak, K\u0131y\u0131larda yer yer g\u00f6k g\u00fcr\u00fclt\u00fcl\u00fc sa\u011fanak, \u0130\u00e7 Anadolu\u2019nun kuzeydo\u011fusunun y\u00fcksekleri, Do\u011fu Karadeniz\u2019in i\u00e7 kesimleri ile Do\u011fu Anadolu&#8217;nun kuzey ve do\u011fusunda karla kar\u0131\u015f\u0131k ya\u011fmur ve kar \u015feklinde olmas\u0131 tahmin edildi. Marmara&#8217;n\u0131n bat\u0131s\u0131, K\u0131y\u0131 Ege, Do\u011fu Akdeniz, Antalya\u2019n\u0131n do\u011fusu ile Gaziantep, Kilis ve Ad\u0131yaman \u00e7evrelerinde yerel kuvvetli ya\u011f\u0131\u015flar beklenirken, r\u00fczgar\u0131n Marmara\u2019n\u0131n bat\u0131s\u0131 ve K\u0131y\u0131 Ege\u2019de g\u00fcneyli y\u00f6nlerden kuvvetli olarak (40-60 km\/saat) esece\u011fi bildirildi. T\u00fcrkiye&#8217;nin i\u00e7 ve do\u011fu kesimlerinde buzlanma ve don olay\u0131 ile birlikte pus ve yer yer sis, Do\u011fu Karadeniz\u2019in i\u00e7 kesimlerinin y\u00fcksekleri ile Do\u011fu Anadolu\u2019nun y\u00fcksek ve dik yama\u00e7lar\u0131nda ise \u00e7\u0131\u011f tehlikesi olmas\u0131 tahmin edildi. HAFTANIN \u0130LK UYARILARI&#8230; \u00d6te yandan haftan\u0131n ilk g\u00fcn raporunda Meteoroloji&#8217;den de 4 ayr\u0131 uyar\u0131 geldi. Buna g\u00f6re Marmara&#8217;n\u0131n bat\u0131s\u0131, K\u0131y\u0131 Ege, Do\u011fu Akdeniz, Antalya\u2019n\u0131n do\u011fusu ile &hellip;","og_url":"https:\/\/denizcankizil.tr\/uk\/haberler\/gundem\/turkiye-genelindeki-havada-yok-yok-disariya-cikarken-bu-uyarilara-dikkat\/","og_site_name":"Av. Deniz Can K\u0131z\u0131l","article_published_time":"2024-12-23T07:41:36+00:00","twitter_card":"summary_large_image","twitter_misc":{"\u041f\u0440\u0438\u0431\u043b. \u0447\u0430\u0441 \u0447\u0438\u0442\u0430\u043d\u043d\u044f":"4 \u0445\u0432\u0438\u043b\u0438\u043d\u0438"},"schema":{"@context":"https:\/\/schema.org","@graph":[{"@type":"Article","@id":"https:\/\/denizcankizil.tr\/uk\/haberler\/gundem\/turkiye-genelindeki-havada-yok-yok-disariya-cikarken-bu-uyarilara-dikkat\/#article","isPartOf":{"@id":"https:\/\/denizcankizil.tr\/uk\/haberler\/gundem\/turkiye-genelindeki-havada-yok-yok-disariya-cikarken-bu-uyarilara-dikkat\/"},"author":{"name":"","@id":""},"headline":"T\u00fcrkiye genelindeki havada yok yok! D\u0131\u015far\u0131ya \u00e7\u0131karken bu uyar\u0131lara dikkat","datePublished":"2024-12-23T07:41:36+00:00","mainEntityOfPage":{"@id":"https:\/\/denizcankizil.tr\/uk\/haberler\/gundem\/turkiye-genelindeki-havada-yok-yok-disariya-cikarken-bu-uyarilara-dikkat\/"},"wordCount":780,"commentCount":0,"publisher":{"@id":"https:\/\/denizcankizil.tr\/#organization"},"articleSection":["G\u00fcndem","Uncategorized"],"inLanguage":"uk","potentialAction":[{"@type":"CommentAction","name":"Comment","target":["https:\/\/denizcankizil.tr\/uk\/haberler\/gundem\/turkiye-genelindeki-havada-yok-yok-disariya-cikarken-bu-uyarilara-dikkat\/#respond"]}]},{"@type":"WebPage","@id":"https:\/\/denizcankizil.tr\/uk\/haberler\/gundem\/turkiye-genelindeki-havada-yok-yok-disariya-cikarken-bu-uyarilara-dikkat\/","url":"https:\/\/denizcankizil.tr\/uk\/haberler\/gundem\/turkiye-genelindeki-havada-yok-yok-disariya-cikarken-bu-uyarilara-dikkat\/","name":"T\u00fcrkiye genelindeki havada yok yok! D\u0131\u015far\u0131ya \u00e7\u0131karken bu uyar\u0131lara dikkat - Av. Deniz Can K\u0131z\u0131l","isPartOf":{"@id":"https:\/\/denizcankizil.tr\/#website"},"datePublished":"2024-12-23T07:41:36+00:00","breadcrumb":{"@id":"https:\/\/denizcankizil.tr\/uk\/haberler\/gundem\/turkiye-genelindeki-havada-yok-yok-disariya-cikarken-bu-uyarilara-dikkat\/#breadcrumb"},"inLanguage":"uk","potentialAction":[{"@type":"ReadAction","target":["https:\/\/denizcankizil.tr\/uk\/haberler\/gundem\/turkiye-genelindeki-havada-yok-yok-disariya-cikarken-bu-uyarilara-dikkat\/"]}]},{"@type":"BreadcrumbList","@id":"https:\/\/denizcankizil.tr\/uk\/haberler\/gundem\/turkiye-genelindeki-havada-yok-yok-disariya-cikarken-bu-uyarilara-dikkat\/#breadcrumb","itemListElement":[{"@type":"ListItem","position":1,"name":"Home","item":"https:\/\/denizcankizil.tr\/de\/"},{"@type":"ListItem","position":2,"name":"T\u00fcrkiye genelindeki havada yok yok! D\u0131\u015far\u0131ya \u00e7\u0131karken bu uyar\u0131lara dikkat"}]},{"@type":"WebSite","@id":"https:\/\/denizcankizil.tr\/#website","url":"https:\/\/denizcankizil.tr\/","name":"Av. Deniz Can K\u0131z\u0131l","description":"Avukat Deniz Can K\u0131z\u0131l Antalya Barosu","publisher":{"@id":"https:\/\/denizcankizil.tr\/#organization"},"potentialAction":[{"@type":"SearchAction","target":{"@type":"EntryPoint","urlTemplate":"https:\/\/denizcankizil.tr\/?s={search_term_string}"},"query-input":{"@type":"PropertyValueSpecification","valueRequired":true,"valueName":"search_term_string"}}],"inLanguage":"uk"},{"@type":"Organization","@id":"https:\/\/denizcankizil.tr\/#organization","name":"Av. Deniz Can K\u0131z\u0131l","url":"https:\/\/denizcankizil.tr\/","logo":{"@type":"ImageObject","inLanguage":"uk","@id":"https:\/\/denizcankizil.tr\/#\/schema\/logo\/image\/","url":"https:\/\/denizcankizil.tr\/wp-content\/uploads\/2024\/10\/siyah-logo-svg.svg","contentUrl":"https:\/\/denizcankizil.tr\/wp-content\/uploads\/2024\/10\/siyah-logo-svg.svg","width":1080,"height":1080,"caption":"Av. Deniz Can K\u0131z\u0131l"},"image":{"@id":"https:\/\/denizcankizil.tr\/#\/schema\/logo\/image\/"}}]}},"_links":{"self":[{"href":"https:\/\/denizcankizil.tr\/uk\/wp-json\/wp\/v2\/posts\/21833","targetHints":{"allow":["GET"]}}],"collection":[{"href":"https:\/\/denizcankizil.tr\/uk\/wp-json\/wp\/v2\/posts"}],"about":[{"href":"https:\/\/denizcankizil.tr\/uk\/wp-json\/wp\/v2\/types\/post"}],"replies":[{"embeddable":true,"href":"https:\/\/denizcankizil.tr\/uk\/wp-json\/wp\/v2\/comments?post=21833"}],"version-history":[{"count":0,"href":"https:\/\/denizcankizil.tr\/uk\/wp-json\/wp\/v2\/posts\/21833\/revisions"}],"wp:attachment":[{"href":"https:\/\/denizcankizil.tr\/uk\/wp-json\/wp\/v2\/media?parent=21833"}],"wp:term":[{"taxonomy":"category","embeddable":true,"href":"https:\/\/denizcankizil.tr\/uk\/wp-json\/wp\/v2\/categories?post=21833"},{"taxonomy":"post_tag","embeddable":true,"href":"https:\/\/denizcankizil.tr\/uk\/wp-json\/wp\/v2\/tags?post=21833"}],"curies":[{"name":"wp","href":"https:\/\/api.w.org\/{rel}","templated":true}]}}