{"id":21657,"date":"2024-12-21T18:41:23","date_gmt":"2024-12-21T15:41:23","guid":{"rendered":"https:\/\/denizcankizil.tr\/uncategorized-tr\/kemal-kilicdaroglu-mersinde-baskan-secerin-kardes-acisina-ortak-oldu\/"},"modified":"2024-12-21T18:41:23","modified_gmt":"2024-12-21T15:41:23","slug":"kemal-kilicdaroglu-mersinde-baskan-secerin-kardes-acisina-ortak-oldu","status":"publish","type":"post","link":"https:\/\/denizcankizil.tr\/uk\/haberler\/gundem\/kemal-kilicdaroglu-mersinde-baskan-secerin-kardes-acisina-ortak-oldu\/","title":{"rendered":"Kemal K\u0131l\u0131\u00e7daro\u011flu Mersin&#8217;de&#8230; Ba\u015fkan Se\u00e7er&#8217;in karde\u015f ac\u0131s\u0131na ortak oldu"},"content":{"rendered":"<p>Mersin B\u00fcy\u00fck\u015fehir Belediye Ba\u015fkan\u0131 Vahap Se\u00e7er, 53 ya\u015f\u0131ndaki karde\u015fi U\u011furcan Se\u00e7er&#8217;i kaybetmenin a\u00e7\u0131s\u0131n\u0131 ya\u015fad\u0131. Bir s\u00fcredir\u00a0 hastanede tedavi g\u00f6ren U\u011furcan Se\u00e7er d\u00fcn sabah saatlerinde vefat etmi\u015fti. U\u011furcan Se\u00e7er, Tarsus G\u00fcney Mezarl\u0131\u011f\u0131\u2019nda k\u0131l\u0131nan cenaze namaz\u0131n\u0131n ard\u0131ndan son yolculu\u011funa u\u011furland\u0131.\u00a0<\/p>\n<p>PROTOKOLDEN YO\u011eUN KATILIM<\/p>\n<p>E\u015fi Meral Se\u00e7er ile birlikte cenazeye kat\u0131lan Ba\u015fkan Se\u00e7er\u2019i ac\u0131 g\u00fcn\u00fcnde, Cumhuriyet Halk Partisi (CHP) \u00f6nceki d\u00f6nem Genel Ba\u015fkan\u0131 Kemal K\u0131l\u0131\u00e7daro\u011flu, Adana B\u00fcy\u00fck\u015fehir Belediye Ba\u015fkan\u0131 Zeydan Karalar, CHP Mersin \u0130l Ba\u015fkan\u0131 Koral \u00d6m\u00fcr, siyasi partilerin il ve il\u00e7e ba\u015fkanlar\u0131, gazeteci \u0130smail K\u00fc\u00e7\u00fckkaya, mevcut ve ge\u00e7mi\u015f d\u00f6nem milletvekilleri, il\u00e7e belediye ba\u015fkanlar\u0131, kamu kurumlar\u0131n\u0131n y\u00f6neticileri, i\u015f ve siyaset d\u00fcnyas\u0131n\u0131n temsilcileri, \u00e7al\u0131\u015fma arkada\u015flar\u0131, aile \u00fcyeleri ve Mersinliler yaln\u0131z b\u0131rakmad\u0131.<\/p>\n<p>BA\u015eKAN SE\u00c7ER, TAZ\u0130YELER\u0130 KABUL ETT\u0130<\/p>\n<p>Merhum U\u011furcan Se\u00e7er\u2019in cenazesi, \u00f6\u011fle namaz\u0131na m\u00fcteakiben k\u0131l\u0131nan cenaze namaz\u0131n\u0131n ard\u0131ndan dualar e\u015fli\u011finde topra\u011fa verildi. Tarsus G\u00fcney Mezarl\u0131\u011f\u0131\u2019n\u0131n ard\u0131ndan Mersin B\u00fcy\u00fck\u015fehir Belediyesi Kongre ve Sergi Saray\u0131&#8217;na ge\u00e7en Ba\u015fkan Se\u00e7er, burada taziyeleri kabul etti.<\/p>\n<p>\u200bCHP&#8217;nin 7&#8217;nci Genel Ba\u015fkan\u0131 Kemal K\u0131l\u0131\u00e7daro\u011flu, Mersin B\u00fcy\u00fck\u015fehir Belediye Ba\u015fkan\u0131 Vahap Se\u00e7er&#8217;in karde\u015fi U\u011furcan Se\u00e7er&#8217;in cenaze t\u00f6renine kat\u0131ld\u0131. 53 ya\u015f\u0131ndaki U\u011furcan Se\u00e7er, bir s\u00fcredir hastanede tedavi g\u00f6r\u00fcyordu.\u00a0<\/p>\n<p>\u200bHaberin Al\u0131nt\u0131land\u0131\u011f\u0131 Kaynak: www.antalyakorfez.com<\/p>","protected":false},"excerpt":{"rendered":"<p>Mersin B\u00fcy\u00fck\u015fehir Belediye Ba\u015fkan\u0131 Vahap Se\u00e7er, 53 ya\u015f\u0131ndaki karde\u015fi U\u011furcan Se\u00e7er&#8217;i kaybetmenin a\u00e7\u0131s\u0131n\u0131 ya\u015fad\u0131. Bir s\u00fcredir\u00a0 hastanede tedavi g\u00f6ren U\u011furcan Se\u00e7er d\u00fcn sabah saatlerinde vefat etmi\u015fti. U\u011furcan Se\u00e7er, Tarsus G\u00fcney Mezarl\u0131\u011f\u0131\u2019nda k\u0131l\u0131nan cenaze namaz\u0131n\u0131n ard\u0131ndan son yolculu\u011funa u\u011furland\u0131.\u00a0 PROTOKOLDEN YO\u011eUN KATILIM E\u015fi Meral Se\u00e7er ile birlikte cenazeye kat\u0131lan Ba\u015fkan Se\u00e7er\u2019i ac\u0131 g\u00fcn\u00fcnde, Cumhuriyet Halk Partisi (CHP) \u00f6nceki d\u00f6nem Genel Ba\u015fkan\u0131 Kemal K\u0131l\u0131\u00e7daro\u011flu, Adana B\u00fcy\u00fck\u015fehir Belediye Ba\u015fkan\u0131 Zeydan Karalar, CHP Mersin \u0130l Ba\u015fkan\u0131 Koral \u00d6m\u00fcr, siyasi partilerin il ve il\u00e7e ba\u015fkanlar\u0131, gazeteci \u0130smail K\u00fc\u00e7\u00fckkaya, mevcut ve ge\u00e7mi\u015f d\u00f6nem milletvekilleri, il\u00e7e belediye ba\u015fkanlar\u0131, kamu kurumlar\u0131n\u0131n y\u00f6neticileri, i\u015f ve siyaset d\u00fcnyas\u0131n\u0131n temsilcileri, \u00e7al\u0131\u015fma arkada\u015flar\u0131, aile \u00fcyeleri ve Mersinliler yaln\u0131z b\u0131rakmad\u0131. BA\u015eKAN SE\u00c7ER, TAZ\u0130YELER\u0130 KABUL ETT\u0130 Merhum U\u011furcan Se\u00e7er\u2019in cenazesi, \u00f6\u011fle namaz\u0131na m\u00fcteakiben k\u0131l\u0131nan cenaze namaz\u0131n\u0131n ard\u0131ndan dualar e\u015fli\u011finde topra\u011fa verildi. Tarsus G\u00fcney Mezarl\u0131\u011f\u0131\u2019n\u0131n ard\u0131ndan Mersin B\u00fcy\u00fck\u015fehir Belediyesi Kongre ve Sergi Saray\u0131&#8217;na ge\u00e7en Ba\u015fkan Se\u00e7er, burada taziyeleri kabul etti. \u200bCHP&#8217;nin 7&#8217;nci Genel Ba\u015fkan\u0131 Kemal K\u0131l\u0131\u00e7daro\u011flu, Mersin B\u00fcy\u00fck\u015fehir Belediye Ba\u015fkan\u0131 Vahap Se\u00e7er&#8217;in karde\u015fi U\u011furcan Se\u00e7er&#8217;in cenaze t\u00f6renine kat\u0131ld\u0131. 53 ya\u015f\u0131ndaki U\u011furcan Se\u00e7er, bir s\u00fcredir hastanede tedavi g\u00f6r\u00fcyordu.\u00a0 \u200bHaberin Al\u0131nt\u0131land\u0131\u011f\u0131 Kaynak: www.antalyakorfez.com<\/p>","protected":false},"author":0,"featured_media":0,"comment_status":"open","ping_status":"open","sticky":false,"template":"","format":"standard","meta":{"_acf_changed":false,"footnotes":""},"categories":[24,535],"tags":[],"class_list":["post-21657","post","type-post","status-publish","format-standard","has-post-thumbnail","hentry","category-gundem","category-uncategorized-tr"],"acf":[],"yoast_head":"<!-- This site is optimized with the Yoast SEO Premium plugin v26.6 (Yoast SEO v27.1.1) - https:\/\/yoast.com\/product\/yoast-seo-premium-wordpress\/ -->\n<title>Kemal K\u0131l\u0131\u00e7daro\u011flu Mersin&#039;de... Ba\u015fkan Se\u00e7er&#039;in karde\u015f ac\u0131s\u0131na ortak oldu - Av. Deniz Can K\u0131z\u0131l<\/title>\n<meta name=\"robots\" content=\"index, follow, max-snippet:-1, max-image-preview:large, max-video-preview:-1\" \/>\n<link rel=\"canonical\" href=\"https:\/\/denizcankizil.tr\/uk\/haberler\/gundem\/kemal-kilicdaroglu-mersinde-baskan-secerin-kardes-acisina-ortak-oldu\/\" \/>\n<meta property=\"og:locale\" content=\"uk_UA\" \/>\n<meta property=\"og:type\" content=\"article\" \/>\n<meta property=\"og:title\" content=\"Kemal K\u0131l\u0131\u00e7daro\u011flu Mersin&#039;de... Ba\u015fkan Se\u00e7er&#039;in karde\u015f ac\u0131s\u0131na ortak oldu\" \/>\n<meta property=\"og:description\" content=\"Mersin B\u00fcy\u00fck\u015fehir Belediye Ba\u015fkan\u0131 Vahap Se\u00e7er, 53 ya\u015f\u0131ndaki karde\u015fi U\u011furcan Se\u00e7er&#8217;i kaybetmenin a\u00e7\u0131s\u0131n\u0131 ya\u015fad\u0131. Bir s\u00fcredir\u00a0 hastanede tedavi g\u00f6ren U\u011furcan Se\u00e7er d\u00fcn sabah saatlerinde vefat etmi\u015fti. U\u011furcan Se\u00e7er, Tarsus G\u00fcney Mezarl\u0131\u011f\u0131\u2019nda k\u0131l\u0131nan cenaze namaz\u0131n\u0131n ard\u0131ndan son yolculu\u011funa u\u011furland\u0131.\u00a0 PROTOKOLDEN YO\u011eUN KATILIM E\u015fi Meral Se\u00e7er ile birlikte cenazeye kat\u0131lan Ba\u015fkan Se\u00e7er\u2019i ac\u0131 g\u00fcn\u00fcnde, Cumhuriyet Halk Partisi (CHP) \u00f6nceki d\u00f6nem Genel Ba\u015fkan\u0131 Kemal K\u0131l\u0131\u00e7daro\u011flu, Adana B\u00fcy\u00fck\u015fehir Belediye Ba\u015fkan\u0131 Zeydan Karalar, CHP Mersin \u0130l Ba\u015fkan\u0131 Koral \u00d6m\u00fcr, siyasi partilerin il ve il\u00e7e ba\u015fkanlar\u0131, gazeteci \u0130smail K\u00fc\u00e7\u00fckkaya, mevcut ve ge\u00e7mi\u015f d\u00f6nem milletvekilleri, il\u00e7e belediye ba\u015fkanlar\u0131, kamu kurumlar\u0131n\u0131n y\u00f6neticileri, i\u015f ve siyaset d\u00fcnyas\u0131n\u0131n temsilcileri, \u00e7al\u0131\u015fma arkada\u015flar\u0131, aile \u00fcyeleri ve Mersinliler yaln\u0131z b\u0131rakmad\u0131. BA\u015eKAN SE\u00c7ER, TAZ\u0130YELER\u0130 KABUL ETT\u0130 Merhum U\u011furcan Se\u00e7er\u2019in cenazesi, \u00f6\u011fle namaz\u0131na m\u00fcteakiben k\u0131l\u0131nan cenaze namaz\u0131n\u0131n ard\u0131ndan dualar e\u015fli\u011finde topra\u011fa verildi. Tarsus G\u00fcney Mezarl\u0131\u011f\u0131\u2019n\u0131n ard\u0131ndan Mersin B\u00fcy\u00fck\u015fehir Belediyesi Kongre ve Sergi Saray\u0131&#8217;na ge\u00e7en Ba\u015fkan Se\u00e7er, burada taziyeleri kabul etti. \u200bCHP&#8217;nin 7&#8217;nci Genel Ba\u015fkan\u0131 Kemal K\u0131l\u0131\u00e7daro\u011flu, Mersin B\u00fcy\u00fck\u015fehir Belediye Ba\u015fkan\u0131 Vahap Se\u00e7er&#8217;in karde\u015fi U\u011furcan Se\u00e7er&#8217;in cenaze t\u00f6renine kat\u0131ld\u0131. 53 ya\u015f\u0131ndaki U\u011furcan Se\u00e7er, bir s\u00fcredir hastanede tedavi g\u00f6r\u00fcyordu.\u00a0 \u200bHaberin Al\u0131nt\u0131land\u0131\u011f\u0131 Kaynak: www.antalyakorfez.com\" \/>\n<meta property=\"og:url\" content=\"https:\/\/denizcankizil.tr\/uk\/haberler\/gundem\/kemal-kilicdaroglu-mersinde-baskan-secerin-kardes-acisina-ortak-oldu\/\" \/>\n<meta property=\"og:site_name\" content=\"Av. Deniz Can K\u0131z\u0131l\" \/>\n<meta property=\"article:published_time\" content=\"2024-12-21T15:41:23+00:00\" \/>\n<meta name=\"twitter:card\" content=\"summary_large_image\" \/>\n<meta name=\"twitter:label1\" content=\"\u041f\u0440\u0438\u0431\u043b. \u0447\u0430\u0441 \u0447\u0438\u0442\u0430\u043d\u043d\u044f\" \/>\n\t<meta name=\"twitter:data1\" content=\"1 \u0445\u0432\u0438\u043b\u0438\u043d\u0430\" \/>\n<script type=\"application\/ld+json\" class=\"yoast-schema-graph\">{\"@context\":\"https:\/\/schema.org\",\"@graph\":[{\"@type\":\"Article\",\"@id\":\"https:\/\/denizcankizil.tr\/de\/haberler\/gundem\/kemal-kilicdaroglu-mersinde-baskan-secerin-kardes-acisina-ortak-oldu\/#article\",\"isPartOf\":{\"@id\":\"https:\/\/denizcankizil.tr\/de\/haberler\/gundem\/kemal-kilicdaroglu-mersinde-baskan-secerin-kardes-acisina-ortak-oldu\/\"},\"author\":{\"name\":\"\",\"@id\":\"\"},\"headline\":\"Kemal K\u0131l\u0131\u00e7daro\u011flu Mersin&#8217;de&#8230; Ba\u015fkan Se\u00e7er&#8217;in karde\u015f ac\u0131s\u0131na ortak oldu\",\"datePublished\":\"2024-12-21T15:41:23+00:00\",\"mainEntityOfPage\":{\"@id\":\"https:\/\/denizcankizil.tr\/de\/haberler\/gundem\/kemal-kilicdaroglu-mersinde-baskan-secerin-kardes-acisina-ortak-oldu\/\"},\"wordCount\":313,\"commentCount\":0,\"publisher\":{\"@id\":\"https:\/\/denizcankizil.tr\/#organization\"},\"articleSection\":[\"G\u00fcndem\",\"Uncategorized\"],\"inLanguage\":\"uk\",\"potentialAction\":[{\"@type\":\"CommentAction\",\"name\":\"Comment\",\"target\":[\"https:\/\/denizcankizil.tr\/de\/haberler\/gundem\/kemal-kilicdaroglu-mersinde-baskan-secerin-kardes-acisina-ortak-oldu\/#respond\"]}]},{\"@type\":\"WebPage\",\"@id\":\"https:\/\/denizcankizil.tr\/de\/haberler\/gundem\/kemal-kilicdaroglu-mersinde-baskan-secerin-kardes-acisina-ortak-oldu\/\",\"url\":\"https:\/\/denizcankizil.tr\/de\/haberler\/gundem\/kemal-kilicdaroglu-mersinde-baskan-secerin-kardes-acisina-ortak-oldu\/\",\"name\":\"Kemal K\u0131l\u0131\u00e7daro\u011flu Mersin'de... Ba\u015fkan Se\u00e7er'in karde\u015f ac\u0131s\u0131na ortak oldu - Av. Deniz Can K\u0131z\u0131l\",\"isPartOf\":{\"@id\":\"https:\/\/denizcankizil.tr\/#website\"},\"datePublished\":\"2024-12-21T15:41:23+00:00\",\"breadcrumb\":{\"@id\":\"https:\/\/denizcankizil.tr\/de\/haberler\/gundem\/kemal-kilicdaroglu-mersinde-baskan-secerin-kardes-acisina-ortak-oldu\/#breadcrumb\"},\"inLanguage\":\"uk\",\"potentialAction\":[{\"@type\":\"ReadAction\",\"target\":[\"https:\/\/denizcankizil.tr\/de\/haberler\/gundem\/kemal-kilicdaroglu-mersinde-baskan-secerin-kardes-acisina-ortak-oldu\/\"]}]},{\"@type\":\"BreadcrumbList\",\"@id\":\"https:\/\/denizcankizil.tr\/de\/haberler\/gundem\/kemal-kilicdaroglu-mersinde-baskan-secerin-kardes-acisina-ortak-oldu\/#breadcrumb\",\"itemListElement\":[{\"@type\":\"ListItem\",\"position\":1,\"name\":\"Home\",\"item\":\"https:\/\/denizcankizil.tr\/uk\/\"},{\"@type\":\"ListItem\",\"position\":2,\"name\":\"Kemal K\u0131l\u0131\u00e7daro\u011flu Mersin&#8217;de&#8230; Ba\u015fkan Se\u00e7er&#8217;in karde\u015f ac\u0131s\u0131na ortak oldu\"}]},{\"@type\":\"WebSite\",\"@id\":\"https:\/\/denizcankizil.tr\/#website\",\"url\":\"https:\/\/denizcankizil.tr\/\",\"name\":\"Av. Deniz Can K\u0131z\u0131l\",\"description\":\"Avukat Deniz Can K\u0131z\u0131l Antalya Barosu\",\"publisher\":{\"@id\":\"https:\/\/denizcankizil.tr\/#organization\"},\"potentialAction\":[{\"@type\":\"SearchAction\",\"target\":{\"@type\":\"EntryPoint\",\"urlTemplate\":\"https:\/\/denizcankizil.tr\/?s={search_term_string}\"},\"query-input\":{\"@type\":\"PropertyValueSpecification\",\"valueRequired\":true,\"valueName\":\"search_term_string\"}}],\"inLanguage\":\"uk\"},{\"@type\":\"Organization\",\"@id\":\"https:\/\/denizcankizil.tr\/#organization\",\"name\":\"Av. Deniz Can K\u0131z\u0131l\",\"url\":\"https:\/\/denizcankizil.tr\/\",\"logo\":{\"@type\":\"ImageObject\",\"inLanguage\":\"uk\",\"@id\":\"https:\/\/denizcankizil.tr\/#\/schema\/logo\/image\/\",\"url\":\"https:\/\/denizcankizil.tr\/wp-content\/uploads\/2024\/10\/siyah-logo-svg.svg\",\"contentUrl\":\"https:\/\/denizcankizil.tr\/wp-content\/uploads\/2024\/10\/siyah-logo-svg.svg\",\"width\":1080,\"height\":1080,\"caption\":\"Av. Deniz Can K\u0131z\u0131l\"},\"image\":{\"@id\":\"https:\/\/denizcankizil.tr\/#\/schema\/logo\/image\/\"}}]}<\/script>\n<!-- \/ Yoast SEO Premium plugin. -->","yoast_head_json":{"title":"Kemal K\u0131l\u0131\u00e7daro\u011flu Mersin'de... Ba\u015fkan Se\u00e7er'in karde\u015f ac\u0131s\u0131na ortak oldu - Av. Deniz Can K\u0131z\u0131l","robots":{"index":"index","follow":"follow","max-snippet":"max-snippet:-1","max-image-preview":"max-image-preview:large","max-video-preview":"max-video-preview:-1"},"canonical":"https:\/\/denizcankizil.tr\/uk\/haberler\/gundem\/kemal-kilicdaroglu-mersinde-baskan-secerin-kardes-acisina-ortak-oldu\/","og_locale":"uk_UA","og_type":"article","og_title":"Kemal K\u0131l\u0131\u00e7daro\u011flu Mersin'de... Ba\u015fkan Se\u00e7er'in karde\u015f ac\u0131s\u0131na ortak oldu","og_description":"Mersin B\u00fcy\u00fck\u015fehir Belediye Ba\u015fkan\u0131 Vahap Se\u00e7er, 53 ya\u015f\u0131ndaki karde\u015fi U\u011furcan Se\u00e7er&#8217;i kaybetmenin a\u00e7\u0131s\u0131n\u0131 ya\u015fad\u0131. Bir s\u00fcredir\u00a0 hastanede tedavi g\u00f6ren U\u011furcan Se\u00e7er d\u00fcn sabah saatlerinde vefat etmi\u015fti. U\u011furcan Se\u00e7er, Tarsus G\u00fcney Mezarl\u0131\u011f\u0131\u2019nda k\u0131l\u0131nan cenaze namaz\u0131n\u0131n ard\u0131ndan son yolculu\u011funa u\u011furland\u0131.\u00a0 PROTOKOLDEN YO\u011eUN KATILIM E\u015fi Meral Se\u00e7er ile birlikte cenazeye kat\u0131lan Ba\u015fkan Se\u00e7er\u2019i ac\u0131 g\u00fcn\u00fcnde, Cumhuriyet Halk Partisi (CHP) \u00f6nceki d\u00f6nem Genel Ba\u015fkan\u0131 Kemal K\u0131l\u0131\u00e7daro\u011flu, Adana B\u00fcy\u00fck\u015fehir Belediye Ba\u015fkan\u0131 Zeydan Karalar, CHP Mersin \u0130l Ba\u015fkan\u0131 Koral \u00d6m\u00fcr, siyasi partilerin il ve il\u00e7e ba\u015fkanlar\u0131, gazeteci \u0130smail K\u00fc\u00e7\u00fckkaya, mevcut ve ge\u00e7mi\u015f d\u00f6nem milletvekilleri, il\u00e7e belediye ba\u015fkanlar\u0131, kamu kurumlar\u0131n\u0131n y\u00f6neticileri, i\u015f ve siyaset d\u00fcnyas\u0131n\u0131n temsilcileri, \u00e7al\u0131\u015fma arkada\u015flar\u0131, aile \u00fcyeleri ve Mersinliler yaln\u0131z b\u0131rakmad\u0131. BA\u015eKAN SE\u00c7ER, TAZ\u0130YELER\u0130 KABUL ETT\u0130 Merhum U\u011furcan Se\u00e7er\u2019in cenazesi, \u00f6\u011fle namaz\u0131na m\u00fcteakiben k\u0131l\u0131nan cenaze namaz\u0131n\u0131n ard\u0131ndan dualar e\u015fli\u011finde topra\u011fa verildi. Tarsus G\u00fcney Mezarl\u0131\u011f\u0131\u2019n\u0131n ard\u0131ndan Mersin B\u00fcy\u00fck\u015fehir Belediyesi Kongre ve Sergi Saray\u0131&#8217;na ge\u00e7en Ba\u015fkan Se\u00e7er, burada taziyeleri kabul etti. \u200bCHP&#8217;nin 7&#8217;nci Genel Ba\u015fkan\u0131 Kemal K\u0131l\u0131\u00e7daro\u011flu, Mersin B\u00fcy\u00fck\u015fehir Belediye Ba\u015fkan\u0131 Vahap Se\u00e7er&#8217;in karde\u015fi U\u011furcan Se\u00e7er&#8217;in cenaze t\u00f6renine kat\u0131ld\u0131. 53 ya\u015f\u0131ndaki U\u011furcan Se\u00e7er, bir s\u00fcredir hastanede tedavi g\u00f6r\u00fcyordu.\u00a0 \u200bHaberin Al\u0131nt\u0131land\u0131\u011f\u0131 Kaynak: www.antalyakorfez.com","og_url":"https:\/\/denizcankizil.tr\/uk\/haberler\/gundem\/kemal-kilicdaroglu-mersinde-baskan-secerin-kardes-acisina-ortak-oldu\/","og_site_name":"Av. Deniz Can K\u0131z\u0131l","article_published_time":"2024-12-21T15:41:23+00:00","twitter_card":"summary_large_image","twitter_misc":{"\u041f\u0440\u0438\u0431\u043b. \u0447\u0430\u0441 \u0447\u0438\u0442\u0430\u043d\u043d\u044f":"1 \u0445\u0432\u0438\u043b\u0438\u043d\u0430"},"schema":{"@context":"https:\/\/schema.org","@graph":[{"@type":"Article","@id":"https:\/\/denizcankizil.tr\/de\/haberler\/gundem\/kemal-kilicdaroglu-mersinde-baskan-secerin-kardes-acisina-ortak-oldu\/#article","isPartOf":{"@id":"https:\/\/denizcankizil.tr\/de\/haberler\/gundem\/kemal-kilicdaroglu-mersinde-baskan-secerin-kardes-acisina-ortak-oldu\/"},"author":{"name":"","@id":""},"headline":"Kemal K\u0131l\u0131\u00e7daro\u011flu Mersin&#8217;de&#8230; Ba\u015fkan Se\u00e7er&#8217;in karde\u015f ac\u0131s\u0131na ortak oldu","datePublished":"2024-12-21T15:41:23+00:00","mainEntityOfPage":{"@id":"https:\/\/denizcankizil.tr\/de\/haberler\/gundem\/kemal-kilicdaroglu-mersinde-baskan-secerin-kardes-acisina-ortak-oldu\/"},"wordCount":313,"commentCount":0,"publisher":{"@id":"https:\/\/denizcankizil.tr\/#organization"},"articleSection":["G\u00fcndem","Uncategorized"],"inLanguage":"uk","potentialAction":[{"@type":"CommentAction","name":"Comment","target":["https:\/\/denizcankizil.tr\/de\/haberler\/gundem\/kemal-kilicdaroglu-mersinde-baskan-secerin-kardes-acisina-ortak-oldu\/#respond"]}]},{"@type":"WebPage","@id":"https:\/\/denizcankizil.tr\/de\/haberler\/gundem\/kemal-kilicdaroglu-mersinde-baskan-secerin-kardes-acisina-ortak-oldu\/","url":"https:\/\/denizcankizil.tr\/de\/haberler\/gundem\/kemal-kilicdaroglu-mersinde-baskan-secerin-kardes-acisina-ortak-oldu\/","name":"Kemal K\u0131l\u0131\u00e7daro\u011flu Mersin'de... Ba\u015fkan Se\u00e7er'in karde\u015f ac\u0131s\u0131na ortak oldu - Av. Deniz Can K\u0131z\u0131l","isPartOf":{"@id":"https:\/\/denizcankizil.tr\/#website"},"datePublished":"2024-12-21T15:41:23+00:00","breadcrumb":{"@id":"https:\/\/denizcankizil.tr\/de\/haberler\/gundem\/kemal-kilicdaroglu-mersinde-baskan-secerin-kardes-acisina-ortak-oldu\/#breadcrumb"},"inLanguage":"uk","potentialAction":[{"@type":"ReadAction","target":["https:\/\/denizcankizil.tr\/de\/haberler\/gundem\/kemal-kilicdaroglu-mersinde-baskan-secerin-kardes-acisina-ortak-oldu\/"]}]},{"@type":"BreadcrumbList","@id":"https:\/\/denizcankizil.tr\/de\/haberler\/gundem\/kemal-kilicdaroglu-mersinde-baskan-secerin-kardes-acisina-ortak-oldu\/#breadcrumb","itemListElement":[{"@type":"ListItem","position":1,"name":"Home","item":"https:\/\/denizcankizil.tr\/uk\/"},{"@type":"ListItem","position":2,"name":"Kemal K\u0131l\u0131\u00e7daro\u011flu Mersin&#8217;de&#8230; Ba\u015fkan Se\u00e7er&#8217;in karde\u015f ac\u0131s\u0131na ortak oldu"}]},{"@type":"WebSite","@id":"https:\/\/denizcankizil.tr\/#website","url":"https:\/\/denizcankizil.tr\/","name":"Av. Deniz Can K\u0131z\u0131l","description":"Avukat Deniz Can K\u0131z\u0131l Antalya Barosu","publisher":{"@id":"https:\/\/denizcankizil.tr\/#organization"},"potentialAction":[{"@type":"SearchAction","target":{"@type":"EntryPoint","urlTemplate":"https:\/\/denizcankizil.tr\/?s={search_term_string}"},"query-input":{"@type":"PropertyValueSpecification","valueRequired":true,"valueName":"search_term_string"}}],"inLanguage":"uk"},{"@type":"Organization","@id":"https:\/\/denizcankizil.tr\/#organization","name":"Av. Deniz Can K\u0131z\u0131l","url":"https:\/\/denizcankizil.tr\/","logo":{"@type":"ImageObject","inLanguage":"uk","@id":"https:\/\/denizcankizil.tr\/#\/schema\/logo\/image\/","url":"https:\/\/denizcankizil.tr\/wp-content\/uploads\/2024\/10\/siyah-logo-svg.svg","contentUrl":"https:\/\/denizcankizil.tr\/wp-content\/uploads\/2024\/10\/siyah-logo-svg.svg","width":1080,"height":1080,"caption":"Av. Deniz Can K\u0131z\u0131l"},"image":{"@id":"https:\/\/denizcankizil.tr\/#\/schema\/logo\/image\/"}}]}},"_links":{"self":[{"href":"https:\/\/denizcankizil.tr\/uk\/wp-json\/wp\/v2\/posts\/21657","targetHints":{"allow":["GET"]}}],"collection":[{"href":"https:\/\/denizcankizil.tr\/uk\/wp-json\/wp\/v2\/posts"}],"about":[{"href":"https:\/\/denizcankizil.tr\/uk\/wp-json\/wp\/v2\/types\/post"}],"replies":[{"embeddable":true,"href":"https:\/\/denizcankizil.tr\/uk\/wp-json\/wp\/v2\/comments?post=21657"}],"version-history":[{"count":0,"href":"https:\/\/denizcankizil.tr\/uk\/wp-json\/wp\/v2\/posts\/21657\/revisions"}],"wp:attachment":[{"href":"https:\/\/denizcankizil.tr\/uk\/wp-json\/wp\/v2\/media?parent=21657"}],"wp:term":[{"taxonomy":"category","embeddable":true,"href":"https:\/\/denizcankizil.tr\/uk\/wp-json\/wp\/v2\/categories?post=21657"},{"taxonomy":"post_tag","embeddable":true,"href":"https:\/\/denizcankizil.tr\/uk\/wp-json\/wp\/v2\/tags?post=21657"}],"curies":[{"name":"wp","href":"https:\/\/api.w.org\/{rel}","templated":true}]}}