{"id":21375,"date":"2024-12-19T13:41:45","date_gmt":"2024-12-19T10:41:45","guid":{"rendered":"https:\/\/denizcankizil.tr\/uncategorized-tr\/asgari-ucret-tespit-komisyonunun-ucuncu-toplantisi-sona-erdi-rakam-hala-yok\/"},"modified":"2024-12-19T13:41:45","modified_gmt":"2024-12-19T10:41:45","slug":"asgari-ucret-tespit-komisyonunun-ucuncu-toplantisi-sona-erdi-rakam-hala-yok","status":"publish","type":"post","link":"https:\/\/denizcankizil.tr\/uk\/haberler\/gundem\/asgari-ucret-tespit-komisyonunun-ucuncu-toplantisi-sona-erdi-rakam-hala-yok\/","title":{"rendered":"Asgari \u00dccret Tespit Komisyonu&#8217;nun \u00fc\u00e7\u00fcnc\u00fc toplant\u0131s\u0131 sona erdi! Rakam hala yok"},"content":{"rendered":"<p>Asgari \u00fccreti belirlemek i\u00e7in olu\u015fturulan Asgari \u00dccret Tespit Komisyonu&#8217;nu \u00fc\u00e7\u00fcnc\u00fc toplant\u0131s\u0131n\u0131 ger\u00e7ekle\u015ftirdi. \u00a0\u00c7al\u0131\u015fma ve Sosyal G\u00fcvenlik Bakan\u0131 Vedat I\u015f\u0131khan ba\u015fkanl\u0131\u011f\u0131nda toplanan komisyonun, bug\u00fcn asgari \u00fccret i\u00e7in rakam a\u00e7\u0131klamas\u0131 bekleniyordu. Ancak toplant\u0131n\u0131n ard\u0131ndan a\u00e7\u0131klamada bulunan T\u00fcrk-\u0130\u015f Genel Ba\u015fkan\u0131 Ramazan A\u011far toplant\u0131da rakam konu\u015fulmad\u0131\u011f\u0131n\u0131 s\u00f6yledi.<\/p>\n<p>7 M\u0130LYON K\u0130\u015e\u0130 ASGAR\u0130 \u00dcCRET \u0130LE GE\u00c7\u0130N\u0130YOR\u00a0<\/p>\n<p>A\u011far, &#8220;Ola\u011fan \u00fcst\u00fc bir \u00e7a\u011fr\u0131 oldu ve biz de burada bulunduk. Ba\u015fkanlar Kurulumuzun asgari \u00fccretle ilgili tek tek g\u00f6r\u00fc\u015f\u00fcn\u00fc ald\u0131k. Komisyon toplant\u0131s\u0131nda rakam olarak hi\u00e7bir \u015fey g\u00fcndeme gelmedi&#8221; dedi.\u00a0\u00c7al\u0131\u015fma ve Sosyal G\u00fcvenlik Bakanl\u0131\u011f\u0131 b\u00fcnyesinde yap\u0131lacak olan toplant\u0131ya On be\u015f ki\u015filik komisyonda i\u015fveren taraf\u0131n\u0131 T\u00fcrkiye \u0130\u015fveren Sendikalar\u0131 Konfederasyonu (T\u0130SK), i\u015f\u00e7i taraf\u0131n\u0131 ise en fazla \u00fcyeye sahip konfederasyon T\u00dcRK-\u0130\u015e temsil edecek. Sosyal G\u00fcvenlik Kurumu (SGK) verilerine g\u00f6re, T\u00fcrkiye\u2019de yakla\u015f\u0131k 7 milyon \u00e7al\u0131\u015fan asgari \u00fccretle ge\u00e7iniyor. Bu nedenle, komisyondan \u00e7\u0131kacak karar milyonlarca insan\u0131 do\u011frudan etkileyecek. Mevcut durumda net asgari \u00fccret 17 bin 2 lira 12 kuru\u015f, br\u00fct asgari \u00fccret ise 20 bin 2 lira 50 kuru\u015f olarak uygulan\u0131yor. Asgari \u00fccretli bir i\u015f\u00e7inin i\u015fverene toplam maliyeti ise 23 bin 502 lira 94 kuru\u015f.\u00a0<\/p>\n<p>D\u00d6RD\u00dcNC\u00dc B\u0130R TOPLANTI OLACAK MI?\u00a0<\/p>\n<p>3 toplant\u0131 sonunda resmi a\u011f\u0131zlardan asgari \u00fccretle alakal\u0131 bir rakam s\u00f6ylenmezken baz\u0131 gazeteci ve sendika ba\u015fkanlar\u0131na g\u00f6re 1 Ocak 2025 tarihinden itibaren ge\u00e7erli olacak yeni asgari \u00fccretin 24 ila 25 bin aras\u0131nda olaca\u011f\u0131 tahmin ediliyor. Ge\u00e7ti\u011fimiz hafta gazeteciler, Bakan I\u015f\u0131khan\u2019a d\u00f6rd\u00fcnc\u00fc bir toplant\u0131n\u0131n olup, olmayaca\u011f\u0131 ile alakal\u0131 bir soru sormu\u015ftu. Bakan I\u015f\u0131khan ise, &#8220;\u00dc\u00e7\u00fcnc\u00fc toplant\u0131m\u0131z\u0131 bir ger\u00e7ekle\u015ftirelim. Ondan sonraki duruma bakar\u0131z. Ama art\u0131k \u00fccret tekliflerinin komisyonumuza gelmesini bekliyoruz&#8221; yan\u0131t\u0131n\u0131 vermi\u015fti.\u00a0<\/p>\n<p>DETAYLAT GEL\u0130YOR&#8230;\u00a0<br \/>\n\u00a0<\/p>\n<p>\u200bAsgari \u00dccret Tespit Komisyonu&#8217;nun \u00fc\u00e7\u00fcnc\u00fc toplant\u0131s\u0131 sona erdi. \u0130lk iki toplant\u0131da rakam konu\u015fulmazken beklentilere ra\u011fmen \u00fc\u00e7\u00fcnc\u00fc toplant\u0131dan da rakam \u00e7\u0131kmad\u0131\u00a0<\/p>\n<p>\u200bHaberin Al\u0131nt\u0131land\u0131\u011f\u0131 Kaynak: www.antalyakorfez.com<\/p>","protected":false},"excerpt":{"rendered":"<p>Asgari \u00fccreti belirlemek i\u00e7in olu\u015fturulan Asgari \u00dccret Tespit Komisyonu&#8217;nu \u00fc\u00e7\u00fcnc\u00fc toplant\u0131s\u0131n\u0131 ger\u00e7ekle\u015ftirdi. \u00a0\u00c7al\u0131\u015fma ve Sosyal G\u00fcvenlik Bakan\u0131 Vedat I\u015f\u0131khan ba\u015fkanl\u0131\u011f\u0131nda toplanan komisyonun, bug\u00fcn asgari \u00fccret i\u00e7in rakam a\u00e7\u0131klamas\u0131 bekleniyordu. Ancak toplant\u0131n\u0131n ard\u0131ndan a\u00e7\u0131klamada bulunan T\u00fcrk-\u0130\u015f Genel Ba\u015fkan\u0131 Ramazan A\u011far toplant\u0131da rakam konu\u015fulmad\u0131\u011f\u0131n\u0131 s\u00f6yledi. 7 M\u0130LYON K\u0130\u015e\u0130 ASGAR\u0130 \u00dcCRET \u0130LE GE\u00c7\u0130N\u0130YOR\u00a0 A\u011far, &#8220;Ola\u011fan \u00fcst\u00fc bir \u00e7a\u011fr\u0131 oldu ve biz de burada bulunduk. Ba\u015fkanlar Kurulumuzun asgari \u00fccretle ilgili tek tek g\u00f6r\u00fc\u015f\u00fcn\u00fc ald\u0131k. Komisyon toplant\u0131s\u0131nda rakam olarak hi\u00e7bir \u015fey g\u00fcndeme gelmedi&#8221; dedi.\u00a0\u00c7al\u0131\u015fma ve Sosyal G\u00fcvenlik Bakanl\u0131\u011f\u0131 b\u00fcnyesinde yap\u0131lacak olan toplant\u0131ya On be\u015f ki\u015filik komisyonda i\u015fveren taraf\u0131n\u0131 T\u00fcrkiye \u0130\u015fveren Sendikalar\u0131 Konfederasyonu (T\u0130SK), i\u015f\u00e7i taraf\u0131n\u0131 ise en fazla \u00fcyeye sahip konfederasyon T\u00dcRK-\u0130\u015e temsil edecek. Sosyal G\u00fcvenlik Kurumu (SGK) verilerine g\u00f6re, T\u00fcrkiye\u2019de yakla\u015f\u0131k 7 milyon \u00e7al\u0131\u015fan asgari \u00fccretle ge\u00e7iniyor. Bu nedenle, komisyondan \u00e7\u0131kacak karar milyonlarca insan\u0131 do\u011frudan etkileyecek. Mevcut durumda net asgari \u00fccret 17 bin 2 lira 12 kuru\u015f, br\u00fct asgari \u00fccret ise 20 bin 2 lira 50 kuru\u015f olarak uygulan\u0131yor. Asgari \u00fccretli bir i\u015f\u00e7inin i\u015fverene toplam maliyeti ise 23 bin 502 lira 94 kuru\u015f.\u00a0 D\u00d6RD\u00dcNC\u00dc B\u0130R TOPLANTI OLACAK MI?\u00a0 3 toplant\u0131 sonunda resmi a\u011f\u0131zlardan asgari \u00fccretle alakal\u0131 bir rakam s\u00f6ylenmezken baz\u0131 gazeteci ve sendika ba\u015fkanlar\u0131na g\u00f6re 1 Ocak 2025 tarihinden itibaren ge\u00e7erli olacak yeni asgari &hellip;<\/p>","protected":false},"author":0,"featured_media":0,"comment_status":"open","ping_status":"open","sticky":false,"template":"","format":"standard","meta":{"_acf_changed":false,"footnotes":""},"categories":[24,535],"tags":[],"class_list":["post-21375","post","type-post","status-publish","format-standard","has-post-thumbnail","hentry","category-gundem","category-uncategorized-tr"],"acf":[],"yoast_head":"<!-- This site is optimized with the Yoast SEO Premium plugin v26.6 (Yoast SEO v27.1.1) - https:\/\/yoast.com\/product\/yoast-seo-premium-wordpress\/ -->\n<title>Asgari \u00dccret Tespit Komisyonu&#039;nun \u00fc\u00e7\u00fcnc\u00fc toplant\u0131s\u0131 sona erdi! Rakam hala yok - Av. Deniz Can K\u0131z\u0131l<\/title>\n<meta name=\"robots\" content=\"index, follow, max-snippet:-1, max-image-preview:large, max-video-preview:-1\" \/>\n<link rel=\"canonical\" href=\"https:\/\/denizcankizil.tr\/uk\/haberler\/gundem\/asgari-ucret-tespit-komisyonunun-ucuncu-toplantisi-sona-erdi-rakam-hala-yok\/\" \/>\n<meta property=\"og:locale\" content=\"uk_UA\" \/>\n<meta property=\"og:type\" content=\"article\" \/>\n<meta property=\"og:title\" content=\"Asgari \u00dccret Tespit Komisyonu&#039;nun \u00fc\u00e7\u00fcnc\u00fc toplant\u0131s\u0131 sona erdi! Rakam hala yok\" \/>\n<meta property=\"og:description\" content=\"Asgari \u00fccreti belirlemek i\u00e7in olu\u015fturulan Asgari \u00dccret Tespit Komisyonu&#8217;nu \u00fc\u00e7\u00fcnc\u00fc toplant\u0131s\u0131n\u0131 ger\u00e7ekle\u015ftirdi. \u00a0\u00c7al\u0131\u015fma ve Sosyal G\u00fcvenlik Bakan\u0131 Vedat I\u015f\u0131khan ba\u015fkanl\u0131\u011f\u0131nda toplanan komisyonun, bug\u00fcn asgari \u00fccret i\u00e7in rakam a\u00e7\u0131klamas\u0131 bekleniyordu. Ancak toplant\u0131n\u0131n ard\u0131ndan a\u00e7\u0131klamada bulunan T\u00fcrk-\u0130\u015f Genel Ba\u015fkan\u0131 Ramazan A\u011far toplant\u0131da rakam konu\u015fulmad\u0131\u011f\u0131n\u0131 s\u00f6yledi. 7 M\u0130LYON K\u0130\u015e\u0130 ASGAR\u0130 \u00dcCRET \u0130LE GE\u00c7\u0130N\u0130YOR\u00a0 A\u011far, &#8220;Ola\u011fan \u00fcst\u00fc bir \u00e7a\u011fr\u0131 oldu ve biz de burada bulunduk. Ba\u015fkanlar Kurulumuzun asgari \u00fccretle ilgili tek tek g\u00f6r\u00fc\u015f\u00fcn\u00fc ald\u0131k. Komisyon toplant\u0131s\u0131nda rakam olarak hi\u00e7bir \u015fey g\u00fcndeme gelmedi&#8221; dedi.\u00a0\u00c7al\u0131\u015fma ve Sosyal G\u00fcvenlik Bakanl\u0131\u011f\u0131 b\u00fcnyesinde yap\u0131lacak olan toplant\u0131ya On be\u015f ki\u015filik komisyonda i\u015fveren taraf\u0131n\u0131 T\u00fcrkiye \u0130\u015fveren Sendikalar\u0131 Konfederasyonu (T\u0130SK), i\u015f\u00e7i taraf\u0131n\u0131 ise en fazla \u00fcyeye sahip konfederasyon T\u00dcRK-\u0130\u015e temsil edecek. Sosyal G\u00fcvenlik Kurumu (SGK) verilerine g\u00f6re, T\u00fcrkiye\u2019de yakla\u015f\u0131k 7 milyon \u00e7al\u0131\u015fan asgari \u00fccretle ge\u00e7iniyor. Bu nedenle, komisyondan \u00e7\u0131kacak karar milyonlarca insan\u0131 do\u011frudan etkileyecek. Mevcut durumda net asgari \u00fccret 17 bin 2 lira 12 kuru\u015f, br\u00fct asgari \u00fccret ise 20 bin 2 lira 50 kuru\u015f olarak uygulan\u0131yor. Asgari \u00fccretli bir i\u015f\u00e7inin i\u015fverene toplam maliyeti ise 23 bin 502 lira 94 kuru\u015f.\u00a0 D\u00d6RD\u00dcNC\u00dc B\u0130R TOPLANTI OLACAK MI?\u00a0 3 toplant\u0131 sonunda resmi a\u011f\u0131zlardan asgari \u00fccretle alakal\u0131 bir rakam s\u00f6ylenmezken baz\u0131 gazeteci ve sendika ba\u015fkanlar\u0131na g\u00f6re 1 Ocak 2025 tarihinden itibaren ge\u00e7erli olacak yeni asgari &hellip;\" \/>\n<meta property=\"og:url\" content=\"https:\/\/denizcankizil.tr\/uk\/haberler\/gundem\/asgari-ucret-tespit-komisyonunun-ucuncu-toplantisi-sona-erdi-rakam-hala-yok\/\" \/>\n<meta property=\"og:site_name\" content=\"Av. Deniz Can K\u0131z\u0131l\" \/>\n<meta property=\"article:published_time\" content=\"2024-12-19T10:41:45+00:00\" \/>\n<meta name=\"twitter:card\" content=\"summary_large_image\" \/>\n<meta name=\"twitter:label1\" content=\"\u041f\u0440\u0438\u0431\u043b. \u0447\u0430\u0441 \u0447\u0438\u0442\u0430\u043d\u043d\u044f\" \/>\n\t<meta name=\"twitter:data1\" content=\"2 \u0445\u0432\u0438\u043b\u0438\u043d\u0438\" \/>\n<script type=\"application\/ld+json\" class=\"yoast-schema-graph\">{\"@context\":\"https:\/\/schema.org\",\"@graph\":[{\"@type\":\"Article\",\"@id\":\"https:\/\/denizcankizil.tr\/uk\/haberler\/gundem\/asgari-ucret-tespit-komisyonunun-ucuncu-toplantisi-sona-erdi-rakam-hala-yok\/#article\",\"isPartOf\":{\"@id\":\"https:\/\/denizcankizil.tr\/uk\/haberler\/gundem\/asgari-ucret-tespit-komisyonunun-ucuncu-toplantisi-sona-erdi-rakam-hala-yok\/\"},\"author\":{\"name\":\"\",\"@id\":\"\"},\"headline\":\"Asgari \u00dccret Tespit Komisyonu&#8217;nun \u00fc\u00e7\u00fcnc\u00fc toplant\u0131s\u0131 sona erdi! Rakam hala yok\",\"datePublished\":\"2024-12-19T10:41:45+00:00\",\"mainEntityOfPage\":{\"@id\":\"https:\/\/denizcankizil.tr\/uk\/haberler\/gundem\/asgari-ucret-tespit-komisyonunun-ucuncu-toplantisi-sona-erdi-rakam-hala-yok\/\"},\"wordCount\":373,\"commentCount\":0,\"publisher\":{\"@id\":\"https:\/\/denizcankizil.tr\/#organization\"},\"articleSection\":[\"G\u00fcndem\",\"Uncategorized\"],\"inLanguage\":\"uk\",\"potentialAction\":[{\"@type\":\"CommentAction\",\"name\":\"Comment\",\"target\":[\"https:\/\/denizcankizil.tr\/uk\/haberler\/gundem\/asgari-ucret-tespit-komisyonunun-ucuncu-toplantisi-sona-erdi-rakam-hala-yok\/#respond\"]}]},{\"@type\":\"WebPage\",\"@id\":\"https:\/\/denizcankizil.tr\/uk\/haberler\/gundem\/asgari-ucret-tespit-komisyonunun-ucuncu-toplantisi-sona-erdi-rakam-hala-yok\/\",\"url\":\"https:\/\/denizcankizil.tr\/uk\/haberler\/gundem\/asgari-ucret-tespit-komisyonunun-ucuncu-toplantisi-sona-erdi-rakam-hala-yok\/\",\"name\":\"Asgari \u00dccret Tespit Komisyonu'nun \u00fc\u00e7\u00fcnc\u00fc toplant\u0131s\u0131 sona erdi! Rakam hala yok - Av. Deniz Can K\u0131z\u0131l\",\"isPartOf\":{\"@id\":\"https:\/\/denizcankizil.tr\/#website\"},\"datePublished\":\"2024-12-19T10:41:45+00:00\",\"breadcrumb\":{\"@id\":\"https:\/\/denizcankizil.tr\/uk\/haberler\/gundem\/asgari-ucret-tespit-komisyonunun-ucuncu-toplantisi-sona-erdi-rakam-hala-yok\/#breadcrumb\"},\"inLanguage\":\"uk\",\"potentialAction\":[{\"@type\":\"ReadAction\",\"target\":[\"https:\/\/denizcankizil.tr\/uk\/haberler\/gundem\/asgari-ucret-tespit-komisyonunun-ucuncu-toplantisi-sona-erdi-rakam-hala-yok\/\"]}]},{\"@type\":\"BreadcrumbList\",\"@id\":\"https:\/\/denizcankizil.tr\/uk\/haberler\/gundem\/asgari-ucret-tespit-komisyonunun-ucuncu-toplantisi-sona-erdi-rakam-hala-yok\/#breadcrumb\",\"itemListElement\":[{\"@type\":\"ListItem\",\"position\":1,\"name\":\"Home\",\"item\":\"https:\/\/denizcankizil.tr\/de\/\"},{\"@type\":\"ListItem\",\"position\":2,\"name\":\"Asgari \u00dccret Tespit Komisyonu&#8217;nun \u00fc\u00e7\u00fcnc\u00fc toplant\u0131s\u0131 sona erdi! Rakam hala yok\"}]},{\"@type\":\"WebSite\",\"@id\":\"https:\/\/denizcankizil.tr\/#website\",\"url\":\"https:\/\/denizcankizil.tr\/\",\"name\":\"Av. Deniz Can K\u0131z\u0131l\",\"description\":\"Avukat Deniz Can K\u0131z\u0131l Antalya Barosu\",\"publisher\":{\"@id\":\"https:\/\/denizcankizil.tr\/#organization\"},\"potentialAction\":[{\"@type\":\"SearchAction\",\"target\":{\"@type\":\"EntryPoint\",\"urlTemplate\":\"https:\/\/denizcankizil.tr\/?s={search_term_string}\"},\"query-input\":{\"@type\":\"PropertyValueSpecification\",\"valueRequired\":true,\"valueName\":\"search_term_string\"}}],\"inLanguage\":\"uk\"},{\"@type\":\"Organization\",\"@id\":\"https:\/\/denizcankizil.tr\/#organization\",\"name\":\"Av. Deniz Can K\u0131z\u0131l\",\"url\":\"https:\/\/denizcankizil.tr\/\",\"logo\":{\"@type\":\"ImageObject\",\"inLanguage\":\"uk\",\"@id\":\"https:\/\/denizcankizil.tr\/#\/schema\/logo\/image\/\",\"url\":\"https:\/\/denizcankizil.tr\/wp-content\/uploads\/2024\/10\/siyah-logo-svg.svg\",\"contentUrl\":\"https:\/\/denizcankizil.tr\/wp-content\/uploads\/2024\/10\/siyah-logo-svg.svg\",\"width\":1080,\"height\":1080,\"caption\":\"Av. Deniz Can K\u0131z\u0131l\"},\"image\":{\"@id\":\"https:\/\/denizcankizil.tr\/#\/schema\/logo\/image\/\"}}]}<\/script>\n<!-- \/ Yoast SEO Premium plugin. -->","yoast_head_json":{"title":"Asgari \u00dccret Tespit Komisyonu'nun \u00fc\u00e7\u00fcnc\u00fc toplant\u0131s\u0131 sona erdi! Rakam hala yok - Av. Deniz Can K\u0131z\u0131l","robots":{"index":"index","follow":"follow","max-snippet":"max-snippet:-1","max-image-preview":"max-image-preview:large","max-video-preview":"max-video-preview:-1"},"canonical":"https:\/\/denizcankizil.tr\/uk\/haberler\/gundem\/asgari-ucret-tespit-komisyonunun-ucuncu-toplantisi-sona-erdi-rakam-hala-yok\/","og_locale":"uk_UA","og_type":"article","og_title":"Asgari \u00dccret Tespit Komisyonu'nun \u00fc\u00e7\u00fcnc\u00fc toplant\u0131s\u0131 sona erdi! Rakam hala yok","og_description":"Asgari \u00fccreti belirlemek i\u00e7in olu\u015fturulan Asgari \u00dccret Tespit Komisyonu&#8217;nu \u00fc\u00e7\u00fcnc\u00fc toplant\u0131s\u0131n\u0131 ger\u00e7ekle\u015ftirdi. \u00a0\u00c7al\u0131\u015fma ve Sosyal G\u00fcvenlik Bakan\u0131 Vedat I\u015f\u0131khan ba\u015fkanl\u0131\u011f\u0131nda toplanan komisyonun, bug\u00fcn asgari \u00fccret i\u00e7in rakam a\u00e7\u0131klamas\u0131 bekleniyordu. Ancak toplant\u0131n\u0131n ard\u0131ndan a\u00e7\u0131klamada bulunan T\u00fcrk-\u0130\u015f Genel Ba\u015fkan\u0131 Ramazan A\u011far toplant\u0131da rakam konu\u015fulmad\u0131\u011f\u0131n\u0131 s\u00f6yledi. 7 M\u0130LYON K\u0130\u015e\u0130 ASGAR\u0130 \u00dcCRET \u0130LE GE\u00c7\u0130N\u0130YOR\u00a0 A\u011far, &#8220;Ola\u011fan \u00fcst\u00fc bir \u00e7a\u011fr\u0131 oldu ve biz de burada bulunduk. Ba\u015fkanlar Kurulumuzun asgari \u00fccretle ilgili tek tek g\u00f6r\u00fc\u015f\u00fcn\u00fc ald\u0131k. Komisyon toplant\u0131s\u0131nda rakam olarak hi\u00e7bir \u015fey g\u00fcndeme gelmedi&#8221; dedi.\u00a0\u00c7al\u0131\u015fma ve Sosyal G\u00fcvenlik Bakanl\u0131\u011f\u0131 b\u00fcnyesinde yap\u0131lacak olan toplant\u0131ya On be\u015f ki\u015filik komisyonda i\u015fveren taraf\u0131n\u0131 T\u00fcrkiye \u0130\u015fveren Sendikalar\u0131 Konfederasyonu (T\u0130SK), i\u015f\u00e7i taraf\u0131n\u0131 ise en fazla \u00fcyeye sahip konfederasyon T\u00dcRK-\u0130\u015e temsil edecek. Sosyal G\u00fcvenlik Kurumu (SGK) verilerine g\u00f6re, T\u00fcrkiye\u2019de yakla\u015f\u0131k 7 milyon \u00e7al\u0131\u015fan asgari \u00fccretle ge\u00e7iniyor. Bu nedenle, komisyondan \u00e7\u0131kacak karar milyonlarca insan\u0131 do\u011frudan etkileyecek. Mevcut durumda net asgari \u00fccret 17 bin 2 lira 12 kuru\u015f, br\u00fct asgari \u00fccret ise 20 bin 2 lira 50 kuru\u015f olarak uygulan\u0131yor. Asgari \u00fccretli bir i\u015f\u00e7inin i\u015fverene toplam maliyeti ise 23 bin 502 lira 94 kuru\u015f.\u00a0 D\u00d6RD\u00dcNC\u00dc B\u0130R TOPLANTI OLACAK MI?\u00a0 3 toplant\u0131 sonunda resmi a\u011f\u0131zlardan asgari \u00fccretle alakal\u0131 bir rakam s\u00f6ylenmezken baz\u0131 gazeteci ve sendika ba\u015fkanlar\u0131na g\u00f6re 1 Ocak 2025 tarihinden itibaren ge\u00e7erli olacak yeni asgari &hellip;","og_url":"https:\/\/denizcankizil.tr\/uk\/haberler\/gundem\/asgari-ucret-tespit-komisyonunun-ucuncu-toplantisi-sona-erdi-rakam-hala-yok\/","og_site_name":"Av. Deniz Can K\u0131z\u0131l","article_published_time":"2024-12-19T10:41:45+00:00","twitter_card":"summary_large_image","twitter_misc":{"\u041f\u0440\u0438\u0431\u043b. \u0447\u0430\u0441 \u0447\u0438\u0442\u0430\u043d\u043d\u044f":"2 \u0445\u0432\u0438\u043b\u0438\u043d\u0438"},"schema":{"@context":"https:\/\/schema.org","@graph":[{"@type":"Article","@id":"https:\/\/denizcankizil.tr\/uk\/haberler\/gundem\/asgari-ucret-tespit-komisyonunun-ucuncu-toplantisi-sona-erdi-rakam-hala-yok\/#article","isPartOf":{"@id":"https:\/\/denizcankizil.tr\/uk\/haberler\/gundem\/asgari-ucret-tespit-komisyonunun-ucuncu-toplantisi-sona-erdi-rakam-hala-yok\/"},"author":{"name":"","@id":""},"headline":"Asgari \u00dccret Tespit Komisyonu&#8217;nun \u00fc\u00e7\u00fcnc\u00fc toplant\u0131s\u0131 sona erdi! Rakam hala yok","datePublished":"2024-12-19T10:41:45+00:00","mainEntityOfPage":{"@id":"https:\/\/denizcankizil.tr\/uk\/haberler\/gundem\/asgari-ucret-tespit-komisyonunun-ucuncu-toplantisi-sona-erdi-rakam-hala-yok\/"},"wordCount":373,"commentCount":0,"publisher":{"@id":"https:\/\/denizcankizil.tr\/#organization"},"articleSection":["G\u00fcndem","Uncategorized"],"inLanguage":"uk","potentialAction":[{"@type":"CommentAction","name":"Comment","target":["https:\/\/denizcankizil.tr\/uk\/haberler\/gundem\/asgari-ucret-tespit-komisyonunun-ucuncu-toplantisi-sona-erdi-rakam-hala-yok\/#respond"]}]},{"@type":"WebPage","@id":"https:\/\/denizcankizil.tr\/uk\/haberler\/gundem\/asgari-ucret-tespit-komisyonunun-ucuncu-toplantisi-sona-erdi-rakam-hala-yok\/","url":"https:\/\/denizcankizil.tr\/uk\/haberler\/gundem\/asgari-ucret-tespit-komisyonunun-ucuncu-toplantisi-sona-erdi-rakam-hala-yok\/","name":"Asgari \u00dccret Tespit Komisyonu'nun \u00fc\u00e7\u00fcnc\u00fc toplant\u0131s\u0131 sona erdi! Rakam hala yok - Av. Deniz Can K\u0131z\u0131l","isPartOf":{"@id":"https:\/\/denizcankizil.tr\/#website"},"datePublished":"2024-12-19T10:41:45+00:00","breadcrumb":{"@id":"https:\/\/denizcankizil.tr\/uk\/haberler\/gundem\/asgari-ucret-tespit-komisyonunun-ucuncu-toplantisi-sona-erdi-rakam-hala-yok\/#breadcrumb"},"inLanguage":"uk","potentialAction":[{"@type":"ReadAction","target":["https:\/\/denizcankizil.tr\/uk\/haberler\/gundem\/asgari-ucret-tespit-komisyonunun-ucuncu-toplantisi-sona-erdi-rakam-hala-yok\/"]}]},{"@type":"BreadcrumbList","@id":"https:\/\/denizcankizil.tr\/uk\/haberler\/gundem\/asgari-ucret-tespit-komisyonunun-ucuncu-toplantisi-sona-erdi-rakam-hala-yok\/#breadcrumb","itemListElement":[{"@type":"ListItem","position":1,"name":"Home","item":"https:\/\/denizcankizil.tr\/de\/"},{"@type":"ListItem","position":2,"name":"Asgari \u00dccret Tespit Komisyonu&#8217;nun \u00fc\u00e7\u00fcnc\u00fc toplant\u0131s\u0131 sona erdi! Rakam hala yok"}]},{"@type":"WebSite","@id":"https:\/\/denizcankizil.tr\/#website","url":"https:\/\/denizcankizil.tr\/","name":"Av. Deniz Can K\u0131z\u0131l","description":"Avukat Deniz Can K\u0131z\u0131l Antalya Barosu","publisher":{"@id":"https:\/\/denizcankizil.tr\/#organization"},"potentialAction":[{"@type":"SearchAction","target":{"@type":"EntryPoint","urlTemplate":"https:\/\/denizcankizil.tr\/?s={search_term_string}"},"query-input":{"@type":"PropertyValueSpecification","valueRequired":true,"valueName":"search_term_string"}}],"inLanguage":"uk"},{"@type":"Organization","@id":"https:\/\/denizcankizil.tr\/#organization","name":"Av. Deniz Can K\u0131z\u0131l","url":"https:\/\/denizcankizil.tr\/","logo":{"@type":"ImageObject","inLanguage":"uk","@id":"https:\/\/denizcankizil.tr\/#\/schema\/logo\/image\/","url":"https:\/\/denizcankizil.tr\/wp-content\/uploads\/2024\/10\/siyah-logo-svg.svg","contentUrl":"https:\/\/denizcankizil.tr\/wp-content\/uploads\/2024\/10\/siyah-logo-svg.svg","width":1080,"height":1080,"caption":"Av. Deniz Can K\u0131z\u0131l"},"image":{"@id":"https:\/\/denizcankizil.tr\/#\/schema\/logo\/image\/"}}]}},"_links":{"self":[{"href":"https:\/\/denizcankizil.tr\/uk\/wp-json\/wp\/v2\/posts\/21375","targetHints":{"allow":["GET"]}}],"collection":[{"href":"https:\/\/denizcankizil.tr\/uk\/wp-json\/wp\/v2\/posts"}],"about":[{"href":"https:\/\/denizcankizil.tr\/uk\/wp-json\/wp\/v2\/types\/post"}],"replies":[{"embeddable":true,"href":"https:\/\/denizcankizil.tr\/uk\/wp-json\/wp\/v2\/comments?post=21375"}],"version-history":[{"count":0,"href":"https:\/\/denizcankizil.tr\/uk\/wp-json\/wp\/v2\/posts\/21375\/revisions"}],"wp:attachment":[{"href":"https:\/\/denizcankizil.tr\/uk\/wp-json\/wp\/v2\/media?parent=21375"}],"wp:term":[{"taxonomy":"category","embeddable":true,"href":"https:\/\/denizcankizil.tr\/uk\/wp-json\/wp\/v2\/categories?post=21375"},{"taxonomy":"post_tag","embeddable":true,"href":"https:\/\/denizcankizil.tr\/uk\/wp-json\/wp\/v2\/tags?post=21375"}],"curies":[{"name":"wp","href":"https:\/\/api.w.org\/{rel}","templated":true}]}}