{"id":21237,"date":"2024-12-18T13:41:34","date_gmt":"2024-12-18T10:41:34","guid":{"rendered":"https:\/\/denizcankizil.tr\/uncategorized-tr\/antalyada-kizilarik-mahallesi-icin-harita-muhendisleri-odasi-harekete-gecti\/"},"modified":"2024-12-18T13:41:34","modified_gmt":"2024-12-18T10:41:34","slug":"antalyada-kizilarik-mahallesi-icin-harita-muhendisleri-odasi-harekete-gecti","status":"publish","type":"post","link":"https:\/\/denizcankizil.tr\/uk\/haberler\/gundem\/antalyada-kizilarik-mahallesi-icin-harita-muhendisleri-odasi-harekete-gecti\/","title":{"rendered":"Antalya\u2019da K\u0131z\u0131lar\u0131k mahallesi i\u00e7in Harita M\u00fchendisleri Odas\u0131 harekete ge\u00e7ti"},"content":{"rendered":"<p>Antalya&#8217;n\u0131n Muratpa\u015fa il\u00e7esi K\u0131z\u0131lar\u0131k Mahallesi\u2019nde Vak\u0131flar B\u00f6lge M\u00fcd\u00fcrl\u00fc\u011f\u00fc ile sorun ya\u015fayan vatanda\u015flar\u0131n m\u00fccadele s\u00fcr\u00fcyor. K\u0131z\u0131lar\u0131k\u2019ta ya\u015fanan sorun kar\u015f\u0131s\u0131nda a\u00e7\u0131klama yapan Harita M\u00fchendisleri Odas\u0131 Antalya \u015eube Y\u00f6netim Kurulu (HKMO), ya\u015fanan sorun kar\u015f\u0131s\u0131nda ilgili t\u00fcm kurumlar\u0131n ortak \u00e7al\u0131\u015fmas\u0131yla \u00e7\u00f6z\u00fcme kavu\u015fturulmas\u0131n\u0131 istedi. HKMO, \u201cBu durum, yaln\u0131zca b\u00f6lge halk\u0131n\u0131 de\u011fil, t\u00fcm Antalya\u2019y\u0131 ilgilendiren bir mesele olup kentimize yak\u0131\u015fmayan bir tablo ortaya \u00e7\u0131karmaktad\u0131r\u201d ifadelerine yer verdi.\u00a0<\/p>\n<p>80 YILDIR DEVAM EDEN SORUN!<\/p>\n<p>Vak\u0131flar B\u00f6lge M\u00fcd\u00fcrl\u00fc\u011f\u00fc,\u00a0K\u0131z\u0131lar\u0131k mahalle sakinlerinin evlerini tahliye etme istemine tepkiler s\u00fcr\u00fcyor. Harita M\u00fchendisleri Odas\u0131 Antalya \u015eube Y\u00f6netim Kurulu, K\u0131z\u0131lar\u0131k\u2019ta ya\u015fanan sorunun bir an \u00f6nce \u00e7\u00f6z\u00fclmesini istedi. Yap\u0131lan a\u00e7\u0131klamada, \u201cAntalya kent merkezinde yer alan ve idaresi Vak\u0131flar Genel M\u00fcd\u00fcrl\u00fc\u011f\u00fc\u2019ne ait K\u0131z\u0131lar\u0131k Mahallesi\u2019nde yakla\u015f\u0131k 80 y\u0131ld\u0131r s\u00fcregelen m\u00fclkiyet problemleri, bug\u00fcn en az \u00fc\u00e7 ku\u015fak boyunca burada ya\u015fayan sakinlerin hayat\u0131n\u0131 do\u011frudan etkilemeye devam etmektedir. Son g\u00fcnlerde g\u00fcndeme gelen ecrimisil ihbarnameleri ve bu ihbarnameler \u00fczerindeki \u00fccret art\u0131\u015flar\u0131, b\u00f6lge sakinlerinin hakl\u0131 tepkisine neden olmu\u015ftur\u201d denildi.\u00a0<\/p>\n<p>KENTSEL B\u0130R SORUN<\/p>\n<p>&#8220;Ancak burada as\u0131l konu\u015fulmas\u0131 gereken, Antalya gibi \u00f6nemli bir turizm kenti i\u00e7in \u015fehrin merkezinde \u00e7\u00f6z\u00fclemeyen m\u00fclkiyet problemleri ve beraberinde getirdi\u011fi kentsel sorunlard\u0131r\u201d \u015feklinde yap\u0131lan a\u00e7\u0131klamada, &#8220;M\u00fclkiyet probleminin \u00e7\u00f6z\u00fclememesi nedeniyle: Gazi Bulvar\u0131\u2019na cephe olan bu b\u00f6lgede sa\u011fl\u0131kl\u0131 bir yap\u0131la\u015fma modeli olu\u015fturulamam\u0131\u015f, altyap\u0131 hizmetleri eksik kalm\u0131\u015f, \u015fehir i\u00e7i ula\u015f\u0131m\u0131 rahatlatacak yeni yollar a\u00e7\u0131lamam\u0131\u015f, kentin merkezi b\u00f6lgesi, \u00e7arp\u0131k kentle\u015fme ve plans\u0131zl\u0131kla y\u00fczle\u015fmek zorunda kalm\u0131\u015ft\u0131r. Bu durum, yaln\u0131zca b\u00f6lge halk\u0131n\u0131 de\u011fil, t\u00fcm Antalya\u2019y\u0131 ilgilendiren bir mesele olup Kentimize yak\u0131\u015fmayan bir tablo ortaya \u00e7\u0131karmaktad\u0131r&#8221; denildi.<\/p>\n<p>HASSAS\u0130YETLE E\u011e\u0130L\u0130YORUZ\u00a0<\/p>\n<p>HKMO a\u00e7\u0131klamas\u0131 \u015f\u00f6yle sona erdi: &#8220;Harita ve Kadastro M\u00fchendisleri Odas\u0131 Antalya \u015eubesi olarak, burada yap\u0131lmas\u0131 gerekenin; ecrimisil ihbarnameleri \u00fczerinden y\u00fcr\u00fct\u00fclen bir s\u00fcrecin yerine, ilgili kurumlar\u0131n koordinasyon i\u00e7inde \u00e7al\u0131\u015farak buradaki hak sahiplerine yerlerin de\u011feri kar\u015f\u0131l\u0131\u011f\u0131nda verilmesini sa\u011flamak oldu\u011funa inan\u0131yoruz. Bu do\u011frultuda, ilgili t\u00fcm kurumlar\u0131 bu konuya hassasiyetle e\u011filmeye ve \u00e7\u00f6z\u00fcm odakl\u0131 \u00e7al\u0131\u015fmaya davet ediyoruz. Antalya\u2019n\u0131n geli\u015fimi i\u00e7in bu t\u00fcr sorunlar\u0131n art\u0131k birer \u00e7\u00f6z\u00fcm hikayesine d\u00f6n\u00fc\u015fmesi gerekmektedir. Harita ve Kadastro M\u00fchendisleri Odas\u0131 Antalya \u015eubesi olarak bu s\u00fcre\u00e7te, ilgili t\u00fcm kurumlarla ortak \u00e7al\u0131\u015fmalar yapmaya haz\u0131r oldu\u011fumuzu kamuoyuna sayg\u0131yla duyururuz.\u201d<\/p>\n<p>\u00a0<\/p>\n<p>\u200bAntalya&#8217;n\u0131n Muratpa\u015fa il\u00e7esine ba\u011fl\u0131 K\u0131z\u0131lar\u0131k Mahalle halk\u0131n\u0131n tahliyesini isteyen Vak\u0131flar B\u00f6lge M\u00fcd\u00fcrl\u00fc\u011f\u00fc&#8217;ne bir tepki de Harita ve Kadastro M\u00fchendisleri Odas\u0131  (HKMO) Antalya \u015eube&#8217;nden geldi.  HKMO taraf\u0131ndan yap\u0131lan a\u00e7\u0131klamada, \u201c\u0130lgili t\u00fcm kurumlar\u0131 bu konuya hassasiyetle e\u011filmeye ve \u00e7\u00f6z\u00fcm odakl\u0131 \u00e7al\u0131\u015fmal\u0131&#8221; dedi.\u00a0<\/p>\n<p>\u200bHaberin Al\u0131nt\u0131land\u0131\u011f\u0131 Kaynak: www.antalyakorfez.com<\/p>","protected":false},"excerpt":{"rendered":"<p>Antalya&#8217;n\u0131n Muratpa\u015fa il\u00e7esi K\u0131z\u0131lar\u0131k Mahallesi\u2019nde Vak\u0131flar B\u00f6lge M\u00fcd\u00fcrl\u00fc\u011f\u00fc ile sorun ya\u015fayan vatanda\u015flar\u0131n m\u00fccadele s\u00fcr\u00fcyor. K\u0131z\u0131lar\u0131k\u2019ta ya\u015fanan sorun kar\u015f\u0131s\u0131nda a\u00e7\u0131klama yapan Harita M\u00fchendisleri Odas\u0131 Antalya \u015eube Y\u00f6netim Kurulu (HKMO), ya\u015fanan sorun kar\u015f\u0131s\u0131nda ilgili t\u00fcm kurumlar\u0131n ortak \u00e7al\u0131\u015fmas\u0131yla \u00e7\u00f6z\u00fcme kavu\u015fturulmas\u0131n\u0131 istedi. HKMO, \u201cBu durum, yaln\u0131zca b\u00f6lge halk\u0131n\u0131 de\u011fil, t\u00fcm Antalya\u2019y\u0131 ilgilendiren bir mesele olup kentimize yak\u0131\u015fmayan bir tablo ortaya \u00e7\u0131karmaktad\u0131r\u201d ifadelerine yer verdi.\u00a0 80 YILDIR DEVAM EDEN SORUN! Vak\u0131flar B\u00f6lge M\u00fcd\u00fcrl\u00fc\u011f\u00fc,\u00a0K\u0131z\u0131lar\u0131k mahalle sakinlerinin evlerini tahliye etme istemine tepkiler s\u00fcr\u00fcyor. Harita M\u00fchendisleri Odas\u0131 Antalya \u015eube Y\u00f6netim Kurulu, K\u0131z\u0131lar\u0131k\u2019ta ya\u015fanan sorunun bir an \u00f6nce \u00e7\u00f6z\u00fclmesini istedi. Yap\u0131lan a\u00e7\u0131klamada, \u201cAntalya kent merkezinde yer alan ve idaresi Vak\u0131flar Genel M\u00fcd\u00fcrl\u00fc\u011f\u00fc\u2019ne ait K\u0131z\u0131lar\u0131k Mahallesi\u2019nde yakla\u015f\u0131k 80 y\u0131ld\u0131r s\u00fcregelen m\u00fclkiyet problemleri, bug\u00fcn en az \u00fc\u00e7 ku\u015fak boyunca burada ya\u015fayan sakinlerin hayat\u0131n\u0131 do\u011frudan etkilemeye devam etmektedir. Son g\u00fcnlerde g\u00fcndeme gelen ecrimisil ihbarnameleri ve bu ihbarnameler \u00fczerindeki \u00fccret art\u0131\u015flar\u0131, b\u00f6lge sakinlerinin hakl\u0131 tepkisine neden olmu\u015ftur\u201d denildi.\u00a0 KENTSEL B\u0130R SORUN &#8220;Ancak burada as\u0131l konu\u015fulmas\u0131 gereken, Antalya gibi \u00f6nemli bir turizm kenti i\u00e7in \u015fehrin merkezinde \u00e7\u00f6z\u00fclemeyen m\u00fclkiyet problemleri ve beraberinde getirdi\u011fi kentsel sorunlard\u0131r\u201d \u015feklinde yap\u0131lan a\u00e7\u0131klamada, &#8220;M\u00fclkiyet probleminin \u00e7\u00f6z\u00fclememesi nedeniyle: Gazi Bulvar\u0131\u2019na cephe olan bu b\u00f6lgede sa\u011fl\u0131kl\u0131 bir yap\u0131la\u015fma modeli olu\u015fturulamam\u0131\u015f, altyap\u0131 hizmetleri eksik kalm\u0131\u015f, \u015fehir i\u00e7i ula\u015f\u0131m\u0131 rahatlatacak yeni yollar a\u00e7\u0131lamam\u0131\u015f, &hellip;<\/p>","protected":false},"author":0,"featured_media":0,"comment_status":"open","ping_status":"open","sticky":false,"template":"","format":"standard","meta":{"_acf_changed":false,"footnotes":""},"categories":[24,535],"tags":[],"class_list":["post-21237","post","type-post","status-publish","format-standard","has-post-thumbnail","hentry","category-gundem","category-uncategorized-tr"],"acf":[],"yoast_head":"<!-- This site is optimized with the Yoast SEO Premium plugin v26.6 (Yoast SEO v27.1.1) - https:\/\/yoast.com\/product\/yoast-seo-premium-wordpress\/ -->\n<title>Antalya\u2019da K\u0131z\u0131lar\u0131k mahallesi i\u00e7in Harita M\u00fchendisleri Odas\u0131 harekete ge\u00e7ti - Av. Deniz Can K\u0131z\u0131l<\/title>\n<meta name=\"robots\" content=\"index, follow, max-snippet:-1, max-image-preview:large, max-video-preview:-1\" \/>\n<link rel=\"canonical\" href=\"https:\/\/denizcankizil.tr\/uk\/haberler\/gundem\/antalyada-kizilarik-mahallesi-icin-harita-muhendisleri-odasi-harekete-gecti\/\" \/>\n<meta property=\"og:locale\" content=\"uk_UA\" \/>\n<meta property=\"og:type\" content=\"article\" \/>\n<meta property=\"og:title\" content=\"Antalya\u2019da K\u0131z\u0131lar\u0131k mahallesi i\u00e7in Harita M\u00fchendisleri Odas\u0131 harekete ge\u00e7ti\" \/>\n<meta property=\"og:description\" content=\"Antalya&#8217;n\u0131n Muratpa\u015fa il\u00e7esi K\u0131z\u0131lar\u0131k Mahallesi\u2019nde Vak\u0131flar B\u00f6lge M\u00fcd\u00fcrl\u00fc\u011f\u00fc ile sorun ya\u015fayan vatanda\u015flar\u0131n m\u00fccadele s\u00fcr\u00fcyor. K\u0131z\u0131lar\u0131k\u2019ta ya\u015fanan sorun kar\u015f\u0131s\u0131nda a\u00e7\u0131klama yapan Harita M\u00fchendisleri Odas\u0131 Antalya \u015eube Y\u00f6netim Kurulu (HKMO), ya\u015fanan sorun kar\u015f\u0131s\u0131nda ilgili t\u00fcm kurumlar\u0131n ortak \u00e7al\u0131\u015fmas\u0131yla \u00e7\u00f6z\u00fcme kavu\u015fturulmas\u0131n\u0131 istedi. HKMO, \u201cBu durum, yaln\u0131zca b\u00f6lge halk\u0131n\u0131 de\u011fil, t\u00fcm Antalya\u2019y\u0131 ilgilendiren bir mesele olup kentimize yak\u0131\u015fmayan bir tablo ortaya \u00e7\u0131karmaktad\u0131r\u201d ifadelerine yer verdi.\u00a0 80 YILDIR DEVAM EDEN SORUN! Vak\u0131flar B\u00f6lge M\u00fcd\u00fcrl\u00fc\u011f\u00fc,\u00a0K\u0131z\u0131lar\u0131k mahalle sakinlerinin evlerini tahliye etme istemine tepkiler s\u00fcr\u00fcyor. Harita M\u00fchendisleri Odas\u0131 Antalya \u015eube Y\u00f6netim Kurulu, K\u0131z\u0131lar\u0131k\u2019ta ya\u015fanan sorunun bir an \u00f6nce \u00e7\u00f6z\u00fclmesini istedi. Yap\u0131lan a\u00e7\u0131klamada, \u201cAntalya kent merkezinde yer alan ve idaresi Vak\u0131flar Genel M\u00fcd\u00fcrl\u00fc\u011f\u00fc\u2019ne ait K\u0131z\u0131lar\u0131k Mahallesi\u2019nde yakla\u015f\u0131k 80 y\u0131ld\u0131r s\u00fcregelen m\u00fclkiyet problemleri, bug\u00fcn en az \u00fc\u00e7 ku\u015fak boyunca burada ya\u015fayan sakinlerin hayat\u0131n\u0131 do\u011frudan etkilemeye devam etmektedir. Son g\u00fcnlerde g\u00fcndeme gelen ecrimisil ihbarnameleri ve bu ihbarnameler \u00fczerindeki \u00fccret art\u0131\u015flar\u0131, b\u00f6lge sakinlerinin hakl\u0131 tepkisine neden olmu\u015ftur\u201d denildi.\u00a0 KENTSEL B\u0130R SORUN &#8220;Ancak burada as\u0131l konu\u015fulmas\u0131 gereken, Antalya gibi \u00f6nemli bir turizm kenti i\u00e7in \u015fehrin merkezinde \u00e7\u00f6z\u00fclemeyen m\u00fclkiyet problemleri ve beraberinde getirdi\u011fi kentsel sorunlard\u0131r\u201d \u015feklinde yap\u0131lan a\u00e7\u0131klamada, &#8220;M\u00fclkiyet probleminin \u00e7\u00f6z\u00fclememesi nedeniyle: Gazi Bulvar\u0131\u2019na cephe olan bu b\u00f6lgede sa\u011fl\u0131kl\u0131 bir yap\u0131la\u015fma modeli olu\u015fturulamam\u0131\u015f, altyap\u0131 hizmetleri eksik kalm\u0131\u015f, \u015fehir i\u00e7i ula\u015f\u0131m\u0131 rahatlatacak yeni yollar a\u00e7\u0131lamam\u0131\u015f, &hellip;\" \/>\n<meta property=\"og:url\" content=\"https:\/\/denizcankizil.tr\/uk\/haberler\/gundem\/antalyada-kizilarik-mahallesi-icin-harita-muhendisleri-odasi-harekete-gecti\/\" \/>\n<meta property=\"og:site_name\" content=\"Av. Deniz Can K\u0131z\u0131l\" \/>\n<meta property=\"article:published_time\" content=\"2024-12-18T10:41:34+00:00\" \/>\n<meta name=\"twitter:card\" content=\"summary_large_image\" \/>\n<meta name=\"twitter:label1\" content=\"\u041f\u0440\u0438\u0431\u043b. \u0447\u0430\u0441 \u0447\u0438\u0442\u0430\u043d\u043d\u044f\" \/>\n\t<meta name=\"twitter:data1\" content=\"3 \u0445\u0432\u0438\u043b\u0438\u043d\u0438\" \/>\n<script type=\"application\/ld+json\" class=\"yoast-schema-graph\">{\"@context\":\"https:\/\/schema.org\",\"@graph\":[{\"@type\":\"Article\",\"@id\":\"https:\/\/denizcankizil.tr\/uk\/haberler\/gundem\/antalyada-kizilarik-mahallesi-icin-harita-muhendisleri-odasi-harekete-gecti\/#article\",\"isPartOf\":{\"@id\":\"https:\/\/denizcankizil.tr\/uk\/haberler\/gundem\/antalyada-kizilarik-mahallesi-icin-harita-muhendisleri-odasi-harekete-gecti\/\"},\"author\":{\"name\":\"\",\"@id\":\"\"},\"headline\":\"Antalya\u2019da K\u0131z\u0131lar\u0131k mahallesi i\u00e7in Harita M\u00fchendisleri Odas\u0131 harekete ge\u00e7ti\",\"datePublished\":\"2024-12-18T10:41:34+00:00\",\"mainEntityOfPage\":{\"@id\":\"https:\/\/denizcankizil.tr\/uk\/haberler\/gundem\/antalyada-kizilarik-mahallesi-icin-harita-muhendisleri-odasi-harekete-gecti\/\"},\"wordCount\":572,\"commentCount\":0,\"publisher\":{\"@id\":\"https:\/\/denizcankizil.tr\/#organization\"},\"articleSection\":[\"G\u00fcndem\",\"Uncategorized\"],\"inLanguage\":\"uk\",\"potentialAction\":[{\"@type\":\"CommentAction\",\"name\":\"Comment\",\"target\":[\"https:\/\/denizcankizil.tr\/uk\/haberler\/gundem\/antalyada-kizilarik-mahallesi-icin-harita-muhendisleri-odasi-harekete-gecti\/#respond\"]}]},{\"@type\":\"WebPage\",\"@id\":\"https:\/\/denizcankizil.tr\/uk\/haberler\/gundem\/antalyada-kizilarik-mahallesi-icin-harita-muhendisleri-odasi-harekete-gecti\/\",\"url\":\"https:\/\/denizcankizil.tr\/uk\/haberler\/gundem\/antalyada-kizilarik-mahallesi-icin-harita-muhendisleri-odasi-harekete-gecti\/\",\"name\":\"Antalya\u2019da K\u0131z\u0131lar\u0131k mahallesi i\u00e7in Harita M\u00fchendisleri Odas\u0131 harekete ge\u00e7ti - Av. Deniz Can K\u0131z\u0131l\",\"isPartOf\":{\"@id\":\"https:\/\/denizcankizil.tr\/#website\"},\"datePublished\":\"2024-12-18T10:41:34+00:00\",\"breadcrumb\":{\"@id\":\"https:\/\/denizcankizil.tr\/uk\/haberler\/gundem\/antalyada-kizilarik-mahallesi-icin-harita-muhendisleri-odasi-harekete-gecti\/#breadcrumb\"},\"inLanguage\":\"uk\",\"potentialAction\":[{\"@type\":\"ReadAction\",\"target\":[\"https:\/\/denizcankizil.tr\/uk\/haberler\/gundem\/antalyada-kizilarik-mahallesi-icin-harita-muhendisleri-odasi-harekete-gecti\/\"]}]},{\"@type\":\"BreadcrumbList\",\"@id\":\"https:\/\/denizcankizil.tr\/uk\/haberler\/gundem\/antalyada-kizilarik-mahallesi-icin-harita-muhendisleri-odasi-harekete-gecti\/#breadcrumb\",\"itemListElement\":[{\"@type\":\"ListItem\",\"position\":1,\"name\":\"Home\",\"item\":\"https:\/\/denizcankizil.tr\/de\/\"},{\"@type\":\"ListItem\",\"position\":2,\"name\":\"Antalya\u2019da K\u0131z\u0131lar\u0131k mahallesi i\u00e7in Harita M\u00fchendisleri Odas\u0131 harekete ge\u00e7ti\"}]},{\"@type\":\"WebSite\",\"@id\":\"https:\/\/denizcankizil.tr\/#website\",\"url\":\"https:\/\/denizcankizil.tr\/\",\"name\":\"Av. Deniz Can K\u0131z\u0131l\",\"description\":\"Avukat Deniz Can K\u0131z\u0131l Antalya Barosu\",\"publisher\":{\"@id\":\"https:\/\/denizcankizil.tr\/#organization\"},\"potentialAction\":[{\"@type\":\"SearchAction\",\"target\":{\"@type\":\"EntryPoint\",\"urlTemplate\":\"https:\/\/denizcankizil.tr\/?s={search_term_string}\"},\"query-input\":{\"@type\":\"PropertyValueSpecification\",\"valueRequired\":true,\"valueName\":\"search_term_string\"}}],\"inLanguage\":\"uk\"},{\"@type\":\"Organization\",\"@id\":\"https:\/\/denizcankizil.tr\/#organization\",\"name\":\"Av. Deniz Can K\u0131z\u0131l\",\"url\":\"https:\/\/denizcankizil.tr\/\",\"logo\":{\"@type\":\"ImageObject\",\"inLanguage\":\"uk\",\"@id\":\"https:\/\/denizcankizil.tr\/#\/schema\/logo\/image\/\",\"url\":\"https:\/\/denizcankizil.tr\/wp-content\/uploads\/2024\/10\/siyah-logo-svg.svg\",\"contentUrl\":\"https:\/\/denizcankizil.tr\/wp-content\/uploads\/2024\/10\/siyah-logo-svg.svg\",\"width\":1080,\"height\":1080,\"caption\":\"Av. Deniz Can K\u0131z\u0131l\"},\"image\":{\"@id\":\"https:\/\/denizcankizil.tr\/#\/schema\/logo\/image\/\"}}]}<\/script>\n<!-- \/ Yoast SEO Premium plugin. -->","yoast_head_json":{"title":"Antalya\u2019da K\u0131z\u0131lar\u0131k mahallesi i\u00e7in Harita M\u00fchendisleri Odas\u0131 harekete ge\u00e7ti - Av. Deniz Can K\u0131z\u0131l","robots":{"index":"index","follow":"follow","max-snippet":"max-snippet:-1","max-image-preview":"max-image-preview:large","max-video-preview":"max-video-preview:-1"},"canonical":"https:\/\/denizcankizil.tr\/uk\/haberler\/gundem\/antalyada-kizilarik-mahallesi-icin-harita-muhendisleri-odasi-harekete-gecti\/","og_locale":"uk_UA","og_type":"article","og_title":"Antalya\u2019da K\u0131z\u0131lar\u0131k mahallesi i\u00e7in Harita M\u00fchendisleri Odas\u0131 harekete ge\u00e7ti","og_description":"Antalya&#8217;n\u0131n Muratpa\u015fa il\u00e7esi K\u0131z\u0131lar\u0131k Mahallesi\u2019nde Vak\u0131flar B\u00f6lge M\u00fcd\u00fcrl\u00fc\u011f\u00fc ile sorun ya\u015fayan vatanda\u015flar\u0131n m\u00fccadele s\u00fcr\u00fcyor. K\u0131z\u0131lar\u0131k\u2019ta ya\u015fanan sorun kar\u015f\u0131s\u0131nda a\u00e7\u0131klama yapan Harita M\u00fchendisleri Odas\u0131 Antalya \u015eube Y\u00f6netim Kurulu (HKMO), ya\u015fanan sorun kar\u015f\u0131s\u0131nda ilgili t\u00fcm kurumlar\u0131n ortak \u00e7al\u0131\u015fmas\u0131yla \u00e7\u00f6z\u00fcme kavu\u015fturulmas\u0131n\u0131 istedi. HKMO, \u201cBu durum, yaln\u0131zca b\u00f6lge halk\u0131n\u0131 de\u011fil, t\u00fcm Antalya\u2019y\u0131 ilgilendiren bir mesele olup kentimize yak\u0131\u015fmayan bir tablo ortaya \u00e7\u0131karmaktad\u0131r\u201d ifadelerine yer verdi.\u00a0 80 YILDIR DEVAM EDEN SORUN! Vak\u0131flar B\u00f6lge M\u00fcd\u00fcrl\u00fc\u011f\u00fc,\u00a0K\u0131z\u0131lar\u0131k mahalle sakinlerinin evlerini tahliye etme istemine tepkiler s\u00fcr\u00fcyor. Harita M\u00fchendisleri Odas\u0131 Antalya \u015eube Y\u00f6netim Kurulu, K\u0131z\u0131lar\u0131k\u2019ta ya\u015fanan sorunun bir an \u00f6nce \u00e7\u00f6z\u00fclmesini istedi. Yap\u0131lan a\u00e7\u0131klamada, \u201cAntalya kent merkezinde yer alan ve idaresi Vak\u0131flar Genel M\u00fcd\u00fcrl\u00fc\u011f\u00fc\u2019ne ait K\u0131z\u0131lar\u0131k Mahallesi\u2019nde yakla\u015f\u0131k 80 y\u0131ld\u0131r s\u00fcregelen m\u00fclkiyet problemleri, bug\u00fcn en az \u00fc\u00e7 ku\u015fak boyunca burada ya\u015fayan sakinlerin hayat\u0131n\u0131 do\u011frudan etkilemeye devam etmektedir. Son g\u00fcnlerde g\u00fcndeme gelen ecrimisil ihbarnameleri ve bu ihbarnameler \u00fczerindeki \u00fccret art\u0131\u015flar\u0131, b\u00f6lge sakinlerinin hakl\u0131 tepkisine neden olmu\u015ftur\u201d denildi.\u00a0 KENTSEL B\u0130R SORUN &#8220;Ancak burada as\u0131l konu\u015fulmas\u0131 gereken, Antalya gibi \u00f6nemli bir turizm kenti i\u00e7in \u015fehrin merkezinde \u00e7\u00f6z\u00fclemeyen m\u00fclkiyet problemleri ve beraberinde getirdi\u011fi kentsel sorunlard\u0131r\u201d \u015feklinde yap\u0131lan a\u00e7\u0131klamada, &#8220;M\u00fclkiyet probleminin \u00e7\u00f6z\u00fclememesi nedeniyle: Gazi Bulvar\u0131\u2019na cephe olan bu b\u00f6lgede sa\u011fl\u0131kl\u0131 bir yap\u0131la\u015fma modeli olu\u015fturulamam\u0131\u015f, altyap\u0131 hizmetleri eksik kalm\u0131\u015f, \u015fehir i\u00e7i ula\u015f\u0131m\u0131 rahatlatacak yeni yollar a\u00e7\u0131lamam\u0131\u015f, &hellip;","og_url":"https:\/\/denizcankizil.tr\/uk\/haberler\/gundem\/antalyada-kizilarik-mahallesi-icin-harita-muhendisleri-odasi-harekete-gecti\/","og_site_name":"Av. Deniz Can K\u0131z\u0131l","article_published_time":"2024-12-18T10:41:34+00:00","twitter_card":"summary_large_image","twitter_misc":{"\u041f\u0440\u0438\u0431\u043b. \u0447\u0430\u0441 \u0447\u0438\u0442\u0430\u043d\u043d\u044f":"3 \u0445\u0432\u0438\u043b\u0438\u043d\u0438"},"schema":{"@context":"https:\/\/schema.org","@graph":[{"@type":"Article","@id":"https:\/\/denizcankizil.tr\/uk\/haberler\/gundem\/antalyada-kizilarik-mahallesi-icin-harita-muhendisleri-odasi-harekete-gecti\/#article","isPartOf":{"@id":"https:\/\/denizcankizil.tr\/uk\/haberler\/gundem\/antalyada-kizilarik-mahallesi-icin-harita-muhendisleri-odasi-harekete-gecti\/"},"author":{"name":"","@id":""},"headline":"Antalya\u2019da K\u0131z\u0131lar\u0131k mahallesi i\u00e7in Harita M\u00fchendisleri Odas\u0131 harekete ge\u00e7ti","datePublished":"2024-12-18T10:41:34+00:00","mainEntityOfPage":{"@id":"https:\/\/denizcankizil.tr\/uk\/haberler\/gundem\/antalyada-kizilarik-mahallesi-icin-harita-muhendisleri-odasi-harekete-gecti\/"},"wordCount":572,"commentCount":0,"publisher":{"@id":"https:\/\/denizcankizil.tr\/#organization"},"articleSection":["G\u00fcndem","Uncategorized"],"inLanguage":"uk","potentialAction":[{"@type":"CommentAction","name":"Comment","target":["https:\/\/denizcankizil.tr\/uk\/haberler\/gundem\/antalyada-kizilarik-mahallesi-icin-harita-muhendisleri-odasi-harekete-gecti\/#respond"]}]},{"@type":"WebPage","@id":"https:\/\/denizcankizil.tr\/uk\/haberler\/gundem\/antalyada-kizilarik-mahallesi-icin-harita-muhendisleri-odasi-harekete-gecti\/","url":"https:\/\/denizcankizil.tr\/uk\/haberler\/gundem\/antalyada-kizilarik-mahallesi-icin-harita-muhendisleri-odasi-harekete-gecti\/","name":"Antalya\u2019da K\u0131z\u0131lar\u0131k mahallesi i\u00e7in Harita M\u00fchendisleri Odas\u0131 harekete ge\u00e7ti - Av. Deniz Can K\u0131z\u0131l","isPartOf":{"@id":"https:\/\/denizcankizil.tr\/#website"},"datePublished":"2024-12-18T10:41:34+00:00","breadcrumb":{"@id":"https:\/\/denizcankizil.tr\/uk\/haberler\/gundem\/antalyada-kizilarik-mahallesi-icin-harita-muhendisleri-odasi-harekete-gecti\/#breadcrumb"},"inLanguage":"uk","potentialAction":[{"@type":"ReadAction","target":["https:\/\/denizcankizil.tr\/uk\/haberler\/gundem\/antalyada-kizilarik-mahallesi-icin-harita-muhendisleri-odasi-harekete-gecti\/"]}]},{"@type":"BreadcrumbList","@id":"https:\/\/denizcankizil.tr\/uk\/haberler\/gundem\/antalyada-kizilarik-mahallesi-icin-harita-muhendisleri-odasi-harekete-gecti\/#breadcrumb","itemListElement":[{"@type":"ListItem","position":1,"name":"Home","item":"https:\/\/denizcankizil.tr\/de\/"},{"@type":"ListItem","position":2,"name":"Antalya\u2019da K\u0131z\u0131lar\u0131k mahallesi i\u00e7in Harita M\u00fchendisleri Odas\u0131 harekete ge\u00e7ti"}]},{"@type":"WebSite","@id":"https:\/\/denizcankizil.tr\/#website","url":"https:\/\/denizcankizil.tr\/","name":"Av. Deniz Can K\u0131z\u0131l","description":"Avukat Deniz Can K\u0131z\u0131l Antalya Barosu","publisher":{"@id":"https:\/\/denizcankizil.tr\/#organization"},"potentialAction":[{"@type":"SearchAction","target":{"@type":"EntryPoint","urlTemplate":"https:\/\/denizcankizil.tr\/?s={search_term_string}"},"query-input":{"@type":"PropertyValueSpecification","valueRequired":true,"valueName":"search_term_string"}}],"inLanguage":"uk"},{"@type":"Organization","@id":"https:\/\/denizcankizil.tr\/#organization","name":"Av. Deniz Can K\u0131z\u0131l","url":"https:\/\/denizcankizil.tr\/","logo":{"@type":"ImageObject","inLanguage":"uk","@id":"https:\/\/denizcankizil.tr\/#\/schema\/logo\/image\/","url":"https:\/\/denizcankizil.tr\/wp-content\/uploads\/2024\/10\/siyah-logo-svg.svg","contentUrl":"https:\/\/denizcankizil.tr\/wp-content\/uploads\/2024\/10\/siyah-logo-svg.svg","width":1080,"height":1080,"caption":"Av. Deniz Can K\u0131z\u0131l"},"image":{"@id":"https:\/\/denizcankizil.tr\/#\/schema\/logo\/image\/"}}]}},"_links":{"self":[{"href":"https:\/\/denizcankizil.tr\/uk\/wp-json\/wp\/v2\/posts\/21237","targetHints":{"allow":["GET"]}}],"collection":[{"href":"https:\/\/denizcankizil.tr\/uk\/wp-json\/wp\/v2\/posts"}],"about":[{"href":"https:\/\/denizcankizil.tr\/uk\/wp-json\/wp\/v2\/types\/post"}],"replies":[{"embeddable":true,"href":"https:\/\/denizcankizil.tr\/uk\/wp-json\/wp\/v2\/comments?post=21237"}],"version-history":[{"count":0,"href":"https:\/\/denizcankizil.tr\/uk\/wp-json\/wp\/v2\/posts\/21237\/revisions"}],"wp:attachment":[{"href":"https:\/\/denizcankizil.tr\/uk\/wp-json\/wp\/v2\/media?parent=21237"}],"wp:term":[{"taxonomy":"category","embeddable":true,"href":"https:\/\/denizcankizil.tr\/uk\/wp-json\/wp\/v2\/categories?post=21237"},{"taxonomy":"post_tag","embeddable":true,"href":"https:\/\/denizcankizil.tr\/uk\/wp-json\/wp\/v2\/tags?post=21237"}],"curies":[{"name":"wp","href":"https:\/\/api.w.org\/{rel}","templated":true}]}}