{"id":20908,"date":"2024-12-16T09:41:54","date_gmt":"2024-12-16T06:41:54","guid":{"rendered":"https:\/\/denizcankizil.tr\/uncategorized-tr\/egitime-zorunlu-ara-artvin-rize-corum-bolu\/"},"modified":"2024-12-16T09:41:54","modified_gmt":"2024-12-16T06:41:54","slug":"egitime-zorunlu-ara-artvin-rize-corum-bolu","status":"publish","type":"post","link":"https:\/\/denizcankizil.tr\/uk\/haberler\/gundem\/egitime-zorunlu-ara-artvin-rize-corum-bolu\/","title":{"rendered":"E\u011fitime zorunlu ara! Artvin, Rize, \u00c7orum, Bolu&#8230;"},"content":{"rendered":"<p>Yo\u011fun kar ya\u011f\u0131\u015f\u0131 ve buzlanma dolay\u0131s\u0131yla yurtta baz\u0131 illerde e\u011fitime 1 g\u00fcnl\u00fck zorunlu ara verildi. Tatil haberleri pe\u015f pe\u015fe geldi. \u0130\u015fte tatil olan o iller ve il\u00e7eler&#8230;ANKARA (\u0130GFA) &#8211; \u00dclke genelinde etkisini art\u0131ran so\u011fuk hava ve yo\u011fun kar ya\u011f\u0131\u015f\u0131 hayat\u0131 olumsuz etkiliyor.<br \/>\nBir\u00e7ok kentte kar ya\u011f\u0131\u015f\u0131 nedeniyle okullar tatil edildi.<br \/>\nArtvin Valili\u011fi&#8217;nden yap\u0131lan a\u00e7\u0131klamada, il genelinde etkili olan ve ak\u015fam saatleri itibar\u0131yle i\u00e7 ve y\u00fcksek kesimlerde \u015fiddetini artt\u0131rd\u0131. 16 Aral\u0131k Pazartesi g\u00fcn\u00fc ilk ve orta dereceli okullarla halk e\u011fitim merkezlerinde e\u011fitime ara verildi\u011fini duyuran Valilik, kamu kurumlar\u0131nda \u00e7al\u0131\u015fan hamile ve engelli personelin idari izinli say\u0131ld\u0131\u011f\u0131n\u0131 belirterek, ekiplerin kar ya\u011f\u0131\u015f\u0131 sonras\u0131 zorlu k\u0131\u015f \u015fartlar\u0131nda vatanda\u015flar\u0131m\u0131z\u0131n g\u00fcvenli\u011fi ve konforu i\u00e7in \u00e7al\u0131\u015fmalar\u0131n\u0131 kesintisiz s\u00fcrd\u00fcrd\u00fc\u011f\u00fcn\u00fc bildirdi.<br \/>\n???? Ekiplerimiz 7\/24 Sahada, Vatanda\u015flar\u0131m\u0131z \u0130\u00e7in \u00c7al\u0131\u015fmalar\u0131n\u0131 S\u00fcrd\u00fcr\u00fcyor! ????\u0130limiz genelinde etkili olan ve d\u00fcn ak\u015fam saatleri itibar\u0131yla i\u00e7 ve y\u00fcksek kesimlerde \u015fiddetini art\u0131ran kar ya\u011f\u0131\u015f\u0131 sonras\u0131 ekiplerimiz, zorlu k\u0131\u015f \u015fartlar\u0131nda vatanda\u015flar\u0131m\u0131z\u0131n g\u00fcvenli\u011fi ve konforu i\u00e7in\u2026 pic.twitter.com\/EAxpAdE9HW\u2014 T.C. Artvin Valili\u011fi (@artvinvaliligi) December 14, 2024<br \/>\nBolu&#8217;nun y\u00fcksek kesimlerinde g\u00fcn boyu etkili olan kar ya\u011f\u0131\u015f\u0131, aral\u0131klarla devam etti. Bolu Valili\u011fi, 16 Aral\u0131k Pazartesi g\u00fcn\u00fc itibariyle kar ya\u011f\u0131\u015f\u0131n\u0131n s\u00fcrece\u011fi tahmin edilen Mudurnu, G\u00f6yn\u00fck, Seben ve K\u0131br\u0131sc\u0131k il\u00e7elerinde, e\u011fitim ve \u00f6\u011fretime bir g\u00fcn ara verildi\u011fini duyurdu.<\/p>\n<p>\u00c7orum&#8217;un Bayat \u0130l\u00e7e Milli E\u011fitim M\u00fcd\u00fcrl\u00fc\u011f\u00fc, il\u00e7ede kar ya\u011f\u0131\u015f\u0131n\u0131n etkili oldu\u011funu belirterek, olumsuz hava \u015fartlar\u0131 y\u00fcz\u00fcnden Bayat il\u00e7esindeki ilk ve orta dereceli okullarda e\u011fitime pazartesi g\u00fcn\u00fc bir g\u00fcn ara verildi\u011fi duyurdu.<br \/>\nBir tatil haberi de Rize&#8217;nin \u00c7aml\u0131hem\u015fin il\u00e7esinden geldi.<\/p>\n<p>\u200bYo\u011fun kar ya\u011f\u0131\u015f\u0131 ve buzlanma dolay\u0131s\u0131yla yurtta baz\u0131 illerde e\u011fitime 1 g\u00fcnl\u00fck zorunlu ara verildi. Tatil haberleri pe\u015f pe\u015fe geldi. \u0130\u015fte tatil olan o iller ve il\u00e7eler&#8230;ANKARA (\u0130GFA) &#8211; \u00dclke genelinde etkisini art\u0131ran so\u011fuk hava ve yo\u011fun kar ya\u011f\u0131\u015f\u0131 hayat\u0131 olumsuz etkiliyor.<br \/>\nBir\u00e7ok kentte kar ya\u011f\u0131\u015f\u0131 nedeniyle okullar tatil edildi.<br \/>\nArtvin Valili\u011fi&#8217;nden yap\u0131lan a\u00e7\u0131klamada, il genelinde etkili olan ve ak\u015fam saatleri itibar\u0131yle i\u00e7 ve y\u00fcksek kesimlerde \u015fiddetini artt\u0131rd\u0131. 16 Aral\u0131k Pazartesi g\u00fcn\u00fc ilk ve orta dereceli okullarla halk e\u011fitim merkezlerinde e\u011fitime ara verildi\u011fini duyuran Valilik, kamu kurumlar\u0131nda \u00e7al\u0131\u015fan hamile ve engelli personelin idari izinli say\u0131ld\u0131\u011f\u0131n\u0131 belirterek, ekiplerin kar ya\u011f\u0131\u015f\u0131 sonras\u0131 zorlu k\u0131\u015f \u015fartlar\u0131nda vatanda\u015flar\u0131m\u0131z\u0131n g\u00fcvenli\u011fi ve konforu i\u00e7in \u00e7al\u0131\u015fmalar\u0131n\u0131 kesintisiz s\u00fcrd\u00fcrd\u00fc\u011f\u00fcn\u00fc bildirdi.<br \/>\n???? Ekiplerimiz 7\/24 Sahada, Vatanda\u015flar\u0131m\u0131z \u0130\u00e7in \u00c7al\u0131\u015fmalar\u0131n\u0131 S\u00fcrd\u00fcr\u00fcyor! ????\u0130limiz genelinde etkili olan ve d\u00fcn ak\u015fam saatleri itibar\u0131yla i\u00e7 ve y\u00fcksek kesimlerde \u015fiddetini art\u0131ran kar ya\u011f\u0131\u015f\u0131 sonras\u0131 ekiplerimiz, zorlu k\u0131\u015f \u015fartlar\u0131nda vatanda\u015flar\u0131m\u0131z\u0131n g\u00fcvenli\u011fi ve konforu i\u00e7in\u2026 pic.twitter.com\/EAxpAdE9HW\u2014 T.C. Artvin Valili\u011fi (@artvinvaliligi) December 14, 2024<br \/>\nBolu&#8217;nun y\u00fcksek kesimlerinde g\u00fcn boyu etkili olan kar ya\u011f\u0131\u015f\u0131, aral\u0131klarla devam etti. Bolu Valili\u011fi, 16 Aral\u0131k Pazartesi g\u00fcn\u00fc itibariyle kar ya\u011f\u0131\u015f\u0131n\u0131n s\u00fcrece\u011fi tahmin edilen Mudurnu, G\u00f6yn\u00fck, Seben ve K\u0131br\u0131sc\u0131k il\u00e7elerinde, e\u011fitim ve \u00f6\u011fretime bir g\u00fcn ara verildi\u011fini duyurdu.<\/p>\n<p>\u00c7orum&#8217;un Bayat \u0130l\u00e7e Milli E\u011fitim M\u00fcd\u00fcrl\u00fc\u011f\u00fc, il\u00e7ede kar ya\u011f\u0131\u015f\u0131n\u0131n etkili oldu\u011funu belirterek, olumsuz hava \u015fartlar\u0131 y\u00fcz\u00fcnden Bayat il\u00e7esindeki ilk ve orta dereceli okullarda e\u011fitime pazartesi g\u00fcn\u00fc bir g\u00fcn ara verildi\u011fi duyurdu.<br \/>\nBir tatil haberi de Rize&#8217;nin \u00c7aml\u0131hem\u015fin il\u00e7esinden geldi.\u00a0<\/p>\n<p>\u200bHaberin Al\u0131nt\u0131land\u0131\u011f\u0131 Kaynak: www.iskenderun.org<\/p>","protected":false},"excerpt":{"rendered":"<p>Yo\u011fun kar ya\u011f\u0131\u015f\u0131 ve buzlanma dolay\u0131s\u0131yla yurtta baz\u0131 illerde e\u011fitime 1 g\u00fcnl\u00fck zorunlu ara verildi. Tatil haberleri pe\u015f pe\u015fe geldi. \u0130\u015fte tatil olan o iller ve il\u00e7eler&#8230;ANKARA (\u0130GFA) &#8211; \u00dclke genelinde etkisini art\u0131ran so\u011fuk hava ve yo\u011fun kar ya\u011f\u0131\u015f\u0131 hayat\u0131 olumsuz etkiliyor. Bir\u00e7ok kentte kar ya\u011f\u0131\u015f\u0131 nedeniyle okullar tatil edildi. Artvin Valili\u011fi&#8217;nden yap\u0131lan a\u00e7\u0131klamada, il genelinde etkili olan ve ak\u015fam saatleri itibar\u0131yle i\u00e7 ve y\u00fcksek kesimlerde \u015fiddetini artt\u0131rd\u0131. 16 Aral\u0131k Pazartesi g\u00fcn\u00fc ilk ve orta dereceli okullarla halk e\u011fitim merkezlerinde e\u011fitime ara verildi\u011fini duyuran Valilik, kamu kurumlar\u0131nda \u00e7al\u0131\u015fan hamile ve engelli personelin idari izinli say\u0131ld\u0131\u011f\u0131n\u0131 belirterek, ekiplerin kar ya\u011f\u0131\u015f\u0131 sonras\u0131 zorlu k\u0131\u015f \u015fartlar\u0131nda vatanda\u015flar\u0131m\u0131z\u0131n g\u00fcvenli\u011fi ve konforu i\u00e7in \u00e7al\u0131\u015fmalar\u0131n\u0131 kesintisiz s\u00fcrd\u00fcrd\u00fc\u011f\u00fcn\u00fc bildirdi. ???? Ekiplerimiz 7\/24 Sahada, Vatanda\u015flar\u0131m\u0131z \u0130\u00e7in \u00c7al\u0131\u015fmalar\u0131n\u0131 S\u00fcrd\u00fcr\u00fcyor! ????\u0130limiz genelinde etkili olan ve d\u00fcn ak\u015fam saatleri itibar\u0131yla i\u00e7 ve y\u00fcksek kesimlerde \u015fiddetini art\u0131ran kar ya\u011f\u0131\u015f\u0131 sonras\u0131 ekiplerimiz, zorlu k\u0131\u015f \u015fartlar\u0131nda vatanda\u015flar\u0131m\u0131z\u0131n g\u00fcvenli\u011fi ve konforu i\u00e7in\u2026 pic.twitter.com\/EAxpAdE9HW\u2014 T.C. Artvin Valili\u011fi (@artvinvaliligi) December 14, 2024 Bolu&#8217;nun y\u00fcksek kesimlerinde g\u00fcn boyu etkili olan kar ya\u011f\u0131\u015f\u0131, aral\u0131klarla devam etti. Bolu Valili\u011fi, 16 Aral\u0131k Pazartesi g\u00fcn\u00fc itibariyle kar ya\u011f\u0131\u015f\u0131n\u0131n s\u00fcrece\u011fi tahmin edilen Mudurnu, G\u00f6yn\u00fck, Seben ve K\u0131br\u0131sc\u0131k il\u00e7elerinde, e\u011fitim ve \u00f6\u011fretime bir g\u00fcn ara verildi\u011fini duyurdu. \u00c7orum&#8217;un Bayat \u0130l\u00e7e Milli E\u011fitim M\u00fcd\u00fcrl\u00fc\u011f\u00fc, il\u00e7ede &hellip;<\/p>","protected":false},"author":0,"featured_media":0,"comment_status":"open","ping_status":"open","sticky":false,"template":"","format":"standard","meta":{"_acf_changed":false,"footnotes":""},"categories":[24,535],"tags":[],"class_list":["post-20908","post","type-post","status-publish","format-standard","has-post-thumbnail","hentry","category-gundem","category-uncategorized-tr"],"acf":[],"yoast_head":"<!-- This site is optimized with the Yoast SEO Premium plugin v26.6 (Yoast SEO v27.1.1) - https:\/\/yoast.com\/product\/yoast-seo-premium-wordpress\/ -->\n<title>E\u011fitime zorunlu ara! Artvin, Rize, \u00c7orum, Bolu... - Av. Deniz Can K\u0131z\u0131l<\/title>\n<meta name=\"robots\" content=\"index, follow, max-snippet:-1, max-image-preview:large, max-video-preview:-1\" \/>\n<link rel=\"canonical\" href=\"https:\/\/denizcankizil.tr\/uk\/haberler\/gundem\/egitime-zorunlu-ara-artvin-rize-corum-bolu\/\" \/>\n<meta property=\"og:locale\" content=\"uk_UA\" \/>\n<meta property=\"og:type\" content=\"article\" \/>\n<meta property=\"og:title\" content=\"E\u011fitime zorunlu ara! Artvin, Rize, \u00c7orum, Bolu...\" \/>\n<meta property=\"og:description\" content=\"Yo\u011fun kar ya\u011f\u0131\u015f\u0131 ve buzlanma dolay\u0131s\u0131yla yurtta baz\u0131 illerde e\u011fitime 1 g\u00fcnl\u00fck zorunlu ara verildi. Tatil haberleri pe\u015f pe\u015fe geldi. \u0130\u015fte tatil olan o iller ve il\u00e7eler&#8230;ANKARA (\u0130GFA) &#8211; \u00dclke genelinde etkisini art\u0131ran so\u011fuk hava ve yo\u011fun kar ya\u011f\u0131\u015f\u0131 hayat\u0131 olumsuz etkiliyor. Bir\u00e7ok kentte kar ya\u011f\u0131\u015f\u0131 nedeniyle okullar tatil edildi. Artvin Valili\u011fi&#8217;nden yap\u0131lan a\u00e7\u0131klamada, il genelinde etkili olan ve ak\u015fam saatleri itibar\u0131yle i\u00e7 ve y\u00fcksek kesimlerde \u015fiddetini artt\u0131rd\u0131. 16 Aral\u0131k Pazartesi g\u00fcn\u00fc ilk ve orta dereceli okullarla halk e\u011fitim merkezlerinde e\u011fitime ara verildi\u011fini duyuran Valilik, kamu kurumlar\u0131nda \u00e7al\u0131\u015fan hamile ve engelli personelin idari izinli say\u0131ld\u0131\u011f\u0131n\u0131 belirterek, ekiplerin kar ya\u011f\u0131\u015f\u0131 sonras\u0131 zorlu k\u0131\u015f \u015fartlar\u0131nda vatanda\u015flar\u0131m\u0131z\u0131n g\u00fcvenli\u011fi ve konforu i\u00e7in \u00e7al\u0131\u015fmalar\u0131n\u0131 kesintisiz s\u00fcrd\u00fcrd\u00fc\u011f\u00fcn\u00fc bildirdi. ???? Ekiplerimiz 7\/24 Sahada, Vatanda\u015flar\u0131m\u0131z \u0130\u00e7in \u00c7al\u0131\u015fmalar\u0131n\u0131 S\u00fcrd\u00fcr\u00fcyor! ????\u0130limiz genelinde etkili olan ve d\u00fcn ak\u015fam saatleri itibar\u0131yla i\u00e7 ve y\u00fcksek kesimlerde \u015fiddetini art\u0131ran kar ya\u011f\u0131\u015f\u0131 sonras\u0131 ekiplerimiz, zorlu k\u0131\u015f \u015fartlar\u0131nda vatanda\u015flar\u0131m\u0131z\u0131n g\u00fcvenli\u011fi ve konforu i\u00e7in\u2026 pic.twitter.com\/EAxpAdE9HW\u2014 T.C. Artvin Valili\u011fi (@artvinvaliligi) December 14, 2024 Bolu&#8217;nun y\u00fcksek kesimlerinde g\u00fcn boyu etkili olan kar ya\u011f\u0131\u015f\u0131, aral\u0131klarla devam etti. Bolu Valili\u011fi, 16 Aral\u0131k Pazartesi g\u00fcn\u00fc itibariyle kar ya\u011f\u0131\u015f\u0131n\u0131n s\u00fcrece\u011fi tahmin edilen Mudurnu, G\u00f6yn\u00fck, Seben ve K\u0131br\u0131sc\u0131k il\u00e7elerinde, e\u011fitim ve \u00f6\u011fretime bir g\u00fcn ara verildi\u011fini duyurdu. \u00c7orum&#8217;un Bayat \u0130l\u00e7e Milli E\u011fitim M\u00fcd\u00fcrl\u00fc\u011f\u00fc, il\u00e7ede &hellip;\" \/>\n<meta property=\"og:url\" content=\"https:\/\/denizcankizil.tr\/uk\/haberler\/gundem\/egitime-zorunlu-ara-artvin-rize-corum-bolu\/\" \/>\n<meta property=\"og:site_name\" content=\"Av. Deniz Can K\u0131z\u0131l\" \/>\n<meta property=\"article:published_time\" content=\"2024-12-16T06:41:54+00:00\" \/>\n<meta name=\"twitter:card\" content=\"summary_large_image\" \/>\n<meta name=\"twitter:label1\" content=\"\u041f\u0440\u0438\u0431\u043b. \u0447\u0430\u0441 \u0447\u0438\u0442\u0430\u043d\u043d\u044f\" \/>\n\t<meta name=\"twitter:data1\" content=\"3 \u0445\u0432\u0438\u043b\u0438\u043d\u0438\" \/>\n<script type=\"application\/ld+json\" class=\"yoast-schema-graph\">{\"@context\":\"https:\/\/schema.org\",\"@graph\":[{\"@type\":\"Article\",\"@id\":\"https:\/\/denizcankizil.tr\/ru\/haberler\/gundem\/egitime-zorunlu-ara-artvin-rize-corum-bolu\/#article\",\"isPartOf\":{\"@id\":\"https:\/\/denizcankizil.tr\/ru\/haberler\/gundem\/egitime-zorunlu-ara-artvin-rize-corum-bolu\/\"},\"author\":{\"name\":\"\",\"@id\":\"\"},\"headline\":\"E\u011fitime zorunlu ara! Artvin, Rize, \u00c7orum, Bolu&#8230;\",\"datePublished\":\"2024-12-16T06:41:54+00:00\",\"mainEntityOfPage\":{\"@id\":\"https:\/\/denizcankizil.tr\/ru\/haberler\/gundem\/egitime-zorunlu-ara-artvin-rize-corum-bolu\/\"},\"wordCount\":686,\"commentCount\":0,\"publisher\":{\"@id\":\"https:\/\/denizcankizil.tr\/de\/#organization\"},\"articleSection\":[\"G\u00fcndem\",\"Uncategorized\"],\"inLanguage\":\"uk\",\"potentialAction\":[{\"@type\":\"CommentAction\",\"name\":\"Comment\",\"target\":[\"https:\/\/denizcankizil.tr\/ru\/haberler\/gundem\/egitime-zorunlu-ara-artvin-rize-corum-bolu\/#respond\"]}]},{\"@type\":\"WebPage\",\"@id\":\"https:\/\/denizcankizil.tr\/ru\/haberler\/gundem\/egitime-zorunlu-ara-artvin-rize-corum-bolu\/\",\"url\":\"https:\/\/denizcankizil.tr\/ru\/haberler\/gundem\/egitime-zorunlu-ara-artvin-rize-corum-bolu\/\",\"name\":\"E\u011fitime zorunlu ara! Artvin, Rize, \u00c7orum, Bolu... - Av. Deniz Can K\u0131z\u0131l\",\"isPartOf\":{\"@id\":\"https:\/\/denizcankizil.tr\/de\/#website\"},\"datePublished\":\"2024-12-16T06:41:54+00:00\",\"breadcrumb\":{\"@id\":\"https:\/\/denizcankizil.tr\/ru\/haberler\/gundem\/egitime-zorunlu-ara-artvin-rize-corum-bolu\/#breadcrumb\"},\"inLanguage\":\"uk\",\"potentialAction\":[{\"@type\":\"ReadAction\",\"target\":[\"https:\/\/denizcankizil.tr\/ru\/haberler\/gundem\/egitime-zorunlu-ara-artvin-rize-corum-bolu\/\"]}]},{\"@type\":\"BreadcrumbList\",\"@id\":\"https:\/\/denizcankizil.tr\/ru\/haberler\/gundem\/egitime-zorunlu-ara-artvin-rize-corum-bolu\/#breadcrumb\",\"itemListElement\":[{\"@type\":\"ListItem\",\"position\":1,\"name\":\"Home\",\"item\":\"https:\/\/denizcankizil.tr\/de\/\"},{\"@type\":\"ListItem\",\"position\":2,\"name\":\"E\u011fitime zorunlu ara! Artvin, Rize, \u00c7orum, Bolu&#8230;\"}]},{\"@type\":\"WebSite\",\"@id\":\"https:\/\/denizcankizil.tr\/de\/#website\",\"url\":\"https:\/\/denizcankizil.tr\/de\/\",\"name\":\"Av. Deniz Can K\u0131z\u0131l\",\"description\":\"Avukat Deniz Can K\u0131z\u0131l Antalya Barosu\",\"publisher\":{\"@id\":\"https:\/\/denizcankizil.tr\/de\/#organization\"},\"potentialAction\":[{\"@type\":\"SearchAction\",\"target\":{\"@type\":\"EntryPoint\",\"urlTemplate\":\"https:\/\/denizcankizil.tr\/de\/?s={search_term_string}\"},\"query-input\":{\"@type\":\"PropertyValueSpecification\",\"valueRequired\":true,\"valueName\":\"search_term_string\"}}],\"inLanguage\":\"uk\"},{\"@type\":\"Organization\",\"@id\":\"https:\/\/denizcankizil.tr\/de\/#organization\",\"name\":\"Av. Deniz Can K\u0131z\u0131l\",\"url\":\"https:\/\/denizcankizil.tr\/de\/\",\"logo\":{\"@type\":\"ImageObject\",\"inLanguage\":\"uk\",\"@id\":\"https:\/\/denizcankizil.tr\/de\/#\/schema\/logo\/image\/\",\"url\":\"https:\/\/denizcankizil.tr\/wp-content\/uploads\/2024\/10\/siyah-logo-svg.svg\",\"contentUrl\":\"https:\/\/denizcankizil.tr\/wp-content\/uploads\/2024\/10\/siyah-logo-svg.svg\",\"width\":1080,\"height\":1080,\"caption\":\"Av. Deniz Can K\u0131z\u0131l\"},\"image\":{\"@id\":\"https:\/\/denizcankizil.tr\/de\/#\/schema\/logo\/image\/\"}}]}<\/script>\n<!-- \/ Yoast SEO Premium plugin. -->","yoast_head_json":{"title":"E\u011fitime zorunlu ara! Artvin, Rize, \u00c7orum, Bolu... - Av. Deniz Can K\u0131z\u0131l","robots":{"index":"index","follow":"follow","max-snippet":"max-snippet:-1","max-image-preview":"max-image-preview:large","max-video-preview":"max-video-preview:-1"},"canonical":"https:\/\/denizcankizil.tr\/uk\/haberler\/gundem\/egitime-zorunlu-ara-artvin-rize-corum-bolu\/","og_locale":"uk_UA","og_type":"article","og_title":"E\u011fitime zorunlu ara! Artvin, Rize, \u00c7orum, Bolu...","og_description":"Yo\u011fun kar ya\u011f\u0131\u015f\u0131 ve buzlanma dolay\u0131s\u0131yla yurtta baz\u0131 illerde e\u011fitime 1 g\u00fcnl\u00fck zorunlu ara verildi. Tatil haberleri pe\u015f pe\u015fe geldi. \u0130\u015fte tatil olan o iller ve il\u00e7eler&#8230;ANKARA (\u0130GFA) &#8211; \u00dclke genelinde etkisini art\u0131ran so\u011fuk hava ve yo\u011fun kar ya\u011f\u0131\u015f\u0131 hayat\u0131 olumsuz etkiliyor. Bir\u00e7ok kentte kar ya\u011f\u0131\u015f\u0131 nedeniyle okullar tatil edildi. Artvin Valili\u011fi&#8217;nden yap\u0131lan a\u00e7\u0131klamada, il genelinde etkili olan ve ak\u015fam saatleri itibar\u0131yle i\u00e7 ve y\u00fcksek kesimlerde \u015fiddetini artt\u0131rd\u0131. 16 Aral\u0131k Pazartesi g\u00fcn\u00fc ilk ve orta dereceli okullarla halk e\u011fitim merkezlerinde e\u011fitime ara verildi\u011fini duyuran Valilik, kamu kurumlar\u0131nda \u00e7al\u0131\u015fan hamile ve engelli personelin idari izinli say\u0131ld\u0131\u011f\u0131n\u0131 belirterek, ekiplerin kar ya\u011f\u0131\u015f\u0131 sonras\u0131 zorlu k\u0131\u015f \u015fartlar\u0131nda vatanda\u015flar\u0131m\u0131z\u0131n g\u00fcvenli\u011fi ve konforu i\u00e7in \u00e7al\u0131\u015fmalar\u0131n\u0131 kesintisiz s\u00fcrd\u00fcrd\u00fc\u011f\u00fcn\u00fc bildirdi. ???? Ekiplerimiz 7\/24 Sahada, Vatanda\u015flar\u0131m\u0131z \u0130\u00e7in \u00c7al\u0131\u015fmalar\u0131n\u0131 S\u00fcrd\u00fcr\u00fcyor! ????\u0130limiz genelinde etkili olan ve d\u00fcn ak\u015fam saatleri itibar\u0131yla i\u00e7 ve y\u00fcksek kesimlerde \u015fiddetini art\u0131ran kar ya\u011f\u0131\u015f\u0131 sonras\u0131 ekiplerimiz, zorlu k\u0131\u015f \u015fartlar\u0131nda vatanda\u015flar\u0131m\u0131z\u0131n g\u00fcvenli\u011fi ve konforu i\u00e7in\u2026 pic.twitter.com\/EAxpAdE9HW\u2014 T.C. Artvin Valili\u011fi (@artvinvaliligi) December 14, 2024 Bolu&#8217;nun y\u00fcksek kesimlerinde g\u00fcn boyu etkili olan kar ya\u011f\u0131\u015f\u0131, aral\u0131klarla devam etti. Bolu Valili\u011fi, 16 Aral\u0131k Pazartesi g\u00fcn\u00fc itibariyle kar ya\u011f\u0131\u015f\u0131n\u0131n s\u00fcrece\u011fi tahmin edilen Mudurnu, G\u00f6yn\u00fck, Seben ve K\u0131br\u0131sc\u0131k il\u00e7elerinde, e\u011fitim ve \u00f6\u011fretime bir g\u00fcn ara verildi\u011fini duyurdu. \u00c7orum&#8217;un Bayat \u0130l\u00e7e Milli E\u011fitim M\u00fcd\u00fcrl\u00fc\u011f\u00fc, il\u00e7ede &hellip;","og_url":"https:\/\/denizcankizil.tr\/uk\/haberler\/gundem\/egitime-zorunlu-ara-artvin-rize-corum-bolu\/","og_site_name":"Av. Deniz Can K\u0131z\u0131l","article_published_time":"2024-12-16T06:41:54+00:00","twitter_card":"summary_large_image","twitter_misc":{"\u041f\u0440\u0438\u0431\u043b. \u0447\u0430\u0441 \u0447\u0438\u0442\u0430\u043d\u043d\u044f":"3 \u0445\u0432\u0438\u043b\u0438\u043d\u0438"},"schema":{"@context":"https:\/\/schema.org","@graph":[{"@type":"Article","@id":"https:\/\/denizcankizil.tr\/ru\/haberler\/gundem\/egitime-zorunlu-ara-artvin-rize-corum-bolu\/#article","isPartOf":{"@id":"https:\/\/denizcankizil.tr\/ru\/haberler\/gundem\/egitime-zorunlu-ara-artvin-rize-corum-bolu\/"},"author":{"name":"","@id":""},"headline":"E\u011fitime zorunlu ara! Artvin, Rize, \u00c7orum, Bolu&#8230;","datePublished":"2024-12-16T06:41:54+00:00","mainEntityOfPage":{"@id":"https:\/\/denizcankizil.tr\/ru\/haberler\/gundem\/egitime-zorunlu-ara-artvin-rize-corum-bolu\/"},"wordCount":686,"commentCount":0,"publisher":{"@id":"https:\/\/denizcankizil.tr\/de\/#organization"},"articleSection":["G\u00fcndem","Uncategorized"],"inLanguage":"uk","potentialAction":[{"@type":"CommentAction","name":"Comment","target":["https:\/\/denizcankizil.tr\/ru\/haberler\/gundem\/egitime-zorunlu-ara-artvin-rize-corum-bolu\/#respond"]}]},{"@type":"WebPage","@id":"https:\/\/denizcankizil.tr\/ru\/haberler\/gundem\/egitime-zorunlu-ara-artvin-rize-corum-bolu\/","url":"https:\/\/denizcankizil.tr\/ru\/haberler\/gundem\/egitime-zorunlu-ara-artvin-rize-corum-bolu\/","name":"E\u011fitime zorunlu ara! Artvin, Rize, \u00c7orum, Bolu... - Av. Deniz Can K\u0131z\u0131l","isPartOf":{"@id":"https:\/\/denizcankizil.tr\/de\/#website"},"datePublished":"2024-12-16T06:41:54+00:00","breadcrumb":{"@id":"https:\/\/denizcankizil.tr\/ru\/haberler\/gundem\/egitime-zorunlu-ara-artvin-rize-corum-bolu\/#breadcrumb"},"inLanguage":"uk","potentialAction":[{"@type":"ReadAction","target":["https:\/\/denizcankizil.tr\/ru\/haberler\/gundem\/egitime-zorunlu-ara-artvin-rize-corum-bolu\/"]}]},{"@type":"BreadcrumbList","@id":"https:\/\/denizcankizil.tr\/ru\/haberler\/gundem\/egitime-zorunlu-ara-artvin-rize-corum-bolu\/#breadcrumb","itemListElement":[{"@type":"ListItem","position":1,"name":"Home","item":"https:\/\/denizcankizil.tr\/de\/"},{"@type":"ListItem","position":2,"name":"E\u011fitime zorunlu ara! Artvin, Rize, \u00c7orum, Bolu&#8230;"}]},{"@type":"WebSite","@id":"https:\/\/denizcankizil.tr\/de\/#website","url":"https:\/\/denizcankizil.tr\/de\/","name":"Av. Deniz Can K\u0131z\u0131l","description":"Avukat Deniz Can K\u0131z\u0131l Antalya Barosu","publisher":{"@id":"https:\/\/denizcankizil.tr\/de\/#organization"},"potentialAction":[{"@type":"SearchAction","target":{"@type":"EntryPoint","urlTemplate":"https:\/\/denizcankizil.tr\/de\/?s={search_term_string}"},"query-input":{"@type":"PropertyValueSpecification","valueRequired":true,"valueName":"search_term_string"}}],"inLanguage":"uk"},{"@type":"Organization","@id":"https:\/\/denizcankizil.tr\/de\/#organization","name":"Av. Deniz Can K\u0131z\u0131l","url":"https:\/\/denizcankizil.tr\/de\/","logo":{"@type":"ImageObject","inLanguage":"uk","@id":"https:\/\/denizcankizil.tr\/de\/#\/schema\/logo\/image\/","url":"https:\/\/denizcankizil.tr\/wp-content\/uploads\/2024\/10\/siyah-logo-svg.svg","contentUrl":"https:\/\/denizcankizil.tr\/wp-content\/uploads\/2024\/10\/siyah-logo-svg.svg","width":1080,"height":1080,"caption":"Av. Deniz Can K\u0131z\u0131l"},"image":{"@id":"https:\/\/denizcankizil.tr\/de\/#\/schema\/logo\/image\/"}}]}},"_links":{"self":[{"href":"https:\/\/denizcankizil.tr\/uk\/wp-json\/wp\/v2\/posts\/20908","targetHints":{"allow":["GET"]}}],"collection":[{"href":"https:\/\/denizcankizil.tr\/uk\/wp-json\/wp\/v2\/posts"}],"about":[{"href":"https:\/\/denizcankizil.tr\/uk\/wp-json\/wp\/v2\/types\/post"}],"replies":[{"embeddable":true,"href":"https:\/\/denizcankizil.tr\/uk\/wp-json\/wp\/v2\/comments?post=20908"}],"version-history":[{"count":0,"href":"https:\/\/denizcankizil.tr\/uk\/wp-json\/wp\/v2\/posts\/20908\/revisions"}],"wp:attachment":[{"href":"https:\/\/denizcankizil.tr\/uk\/wp-json\/wp\/v2\/media?parent=20908"}],"wp:term":[{"taxonomy":"category","embeddable":true,"href":"https:\/\/denizcankizil.tr\/uk\/wp-json\/wp\/v2\/categories?post=20908"},{"taxonomy":"post_tag","embeddable":true,"href":"https:\/\/denizcankizil.tr\/uk\/wp-json\/wp\/v2\/tags?post=20908"}],"curies":[{"name":"wp","href":"https:\/\/api.w.org\/{rel}","templated":true}]}}