{"id":20570,"date":"2024-12-13T11:42:14","date_gmt":"2024-12-13T08:42:14","guid":{"rendered":"https:\/\/denizcankizil.tr\/uncategorized-tr\/zehirlenme-vakasiyla-ilgili-uc-kisi-gozaltinda\/"},"modified":"2024-12-13T11:42:14","modified_gmt":"2024-12-13T08:42:14","slug":"zehirlenme-vakasiyla-ilgili-uc-kisi-gozaltinda","status":"publish","type":"post","link":"https:\/\/denizcankizil.tr\/uk\/haberler\/gundem\/zehirlenme-vakasiyla-ilgili-uc-kisi-gozaltinda\/","title":{"rendered":"Zehirlenme vakas\u0131yla ilgili \u00fc\u00e7 ki\u015fi g\u00f6zalt\u0131nda!"},"content":{"rendered":"<p>Cebike Mahallesi TOK\u0130 Konutlar\u0131 GB11 Blok ikinci katta zehirlenme vakas\u0131 aile facias\u0131yla sonu\u00e7land\u0131. Be\u015f ki\u015filik aileden yak\u0131nlar\u0131 haber alamay\u0131nca d\u00fcn saat 15.00 s\u0131ralar\u0131nda daire kap\u0131s\u0131 \u00e7ilingirle a\u00e7\u0131larak g\u00fcvenlik g\u00fc\u00e7leri ve sa\u011f\u0131l\u0131k ekipleriyle girilen konutta, do\u011falgazdan zehirlenme sonucunda iki ki\u015finin cans\u0131z bedeniyle kar\u015f\u0131la\u015f\u0131lm\u0131\u015f, hastaneye yeti\u015ftirilen baba ve iki \u00e7ocu\u011fu Acil M\u00fcdahale Hastanesinde tedavi alt\u0131na al\u0131nm\u0131\u015ft\u0131. \u00a0<\/p>\n<p>B\u0130NANIN 24 SAK\u0130N\u0130<\/p>\n<p>HASTANEYE KONTROLE G\u0130TT\u0130<\/p>\n<p>Do\u011falgaz zehirlenmesi ya\u015fanan TOK\u0130 Konutlar\u0131 GB 11 Blokun di\u011fer sakinlerinin de sa\u011fl\u0131k kontrol\u00fc i\u00e7in Hastaneye ba\u015fvurduklar\u0131 da al\u0131nan bilgiler aras\u0131nda. \u00a0<\/p>\n<p>\u00dc\u00c7\u00dc \u00c7OCUK D\u00d6RT K\u0130\u015e\u0130 CANINDAN OLDU<\/p>\n<p>Hastanede tedavi alt\u0131na al\u0131nanlardan iki \u00e7ocuk daha hayat\u0131n\u0131 kaybetmi\u015f, do\u011falgaz zehirlenmesinden ayn\u0131 aileden \u00fc\u00e7\u00fc \u00e7ocuk d\u00f6rt ki\u015fi can\u0131ndan olmu\u015ftu. Hastane morguna konulan cenazeler, savc\u0131l\u0131k karar\u0131yla otopsi yap\u0131lmak \u00fczere Adli T\u0131p Kurumuna sevk edildi. \u00a0<\/p>\n<p>BABADAN \u0130Y\u0130 HABER<\/p>\n<p>Ya\u015fam sava\u015f\u0131 veren baba Emrah K\u00f6k\u00e7\u00fc\u2019n\u00fcn durumunun iyiye gitti\u011fi ve hayati tehlikeyi atlatt\u0131\u011f\u0131 belirtildi.<\/p>\n<p>OLAYLA \u0130LG\u0130L\u0130<\/p>\n<p>\u00dc\u00c7 G\u00d6ZALTINDA<\/p>\n<p>Jandarma ekipleri olay yerinde gerekli inceleme ve tahkikat\u0131n\u0131n ard\u0131ndan do\u011falgaz zehirlenmesi vakas\u0131yla ilgili olduklar\u0131 belirtilen \u00fc\u00e7 ki\u015fiyi g\u00f6zalt\u0131na ald\u0131.<\/p>\n<p>\u200bHatay\u2019\u0131n \u0130skenderun il\u00e7esinde TOK\u0130 Konutlar\u0131\u2019nda do\u011falgaz zehirlenmesi sonucu ayn\u0131 aileden \u00fc\u00e7\u00fc \u00e7ocuk d\u00f6rt ki\u015fi hayat\u0131n\u0131 kaybetti\u011fi olayla ilgili g\u00fcvenlik g\u00fc\u00e7leri \u00fc\u00e7 \u015f\u00fcpheliyi g\u00f6zalt\u0131na ald\u0131. Hastanede tedavisi s\u00fcren baban\u0131n ise hayati tehlikeyi atlatt\u0131\u011f\u0131 \u00f6\u011frenildi.\u00a0<\/p>\n<p>\u200bHaberin Al\u0131nt\u0131land\u0131\u011f\u0131 Kaynak: www.iskenderun.org<\/p>","protected":false},"excerpt":{"rendered":"<p>Cebike Mahallesi TOK\u0130 Konutlar\u0131 GB11 Blok ikinci katta zehirlenme vakas\u0131 aile facias\u0131yla sonu\u00e7land\u0131. Be\u015f ki\u015filik aileden yak\u0131nlar\u0131 haber alamay\u0131nca d\u00fcn saat 15.00 s\u0131ralar\u0131nda daire kap\u0131s\u0131 \u00e7ilingirle a\u00e7\u0131larak g\u00fcvenlik g\u00fc\u00e7leri ve sa\u011f\u0131l\u0131k ekipleriyle girilen konutta, do\u011falgazdan zehirlenme sonucunda iki ki\u015finin cans\u0131z bedeniyle kar\u015f\u0131la\u015f\u0131lm\u0131\u015f, hastaneye yeti\u015ftirilen baba ve iki \u00e7ocu\u011fu Acil M\u00fcdahale Hastanesinde tedavi alt\u0131na al\u0131nm\u0131\u015ft\u0131. \u00a0 B\u0130NANIN 24 SAK\u0130N\u0130 HASTANEYE KONTROLE G\u0130TT\u0130 Do\u011falgaz zehirlenmesi ya\u015fanan TOK\u0130 Konutlar\u0131 GB 11 Blokun di\u011fer sakinlerinin de sa\u011fl\u0131k kontrol\u00fc i\u00e7in Hastaneye ba\u015fvurduklar\u0131 da al\u0131nan bilgiler aras\u0131nda. \u00a0 \u00dc\u00c7\u00dc \u00c7OCUK D\u00d6RT K\u0130\u015e\u0130 CANINDAN OLDU Hastanede tedavi alt\u0131na al\u0131nanlardan iki \u00e7ocuk daha hayat\u0131n\u0131 kaybetmi\u015f, do\u011falgaz zehirlenmesinden ayn\u0131 aileden \u00fc\u00e7\u00fc \u00e7ocuk d\u00f6rt ki\u015fi can\u0131ndan olmu\u015ftu. Hastane morguna konulan cenazeler, savc\u0131l\u0131k karar\u0131yla otopsi yap\u0131lmak \u00fczere Adli T\u0131p Kurumuna sevk edildi. \u00a0 BABADAN \u0130Y\u0130 HABER Ya\u015fam sava\u015f\u0131 veren baba Emrah K\u00f6k\u00e7\u00fc\u2019n\u00fcn durumunun iyiye gitti\u011fi ve hayati tehlikeyi atlatt\u0131\u011f\u0131 belirtildi. OLAYLA \u0130LG\u0130L\u0130 \u00dc\u00c7 G\u00d6ZALTINDA Jandarma ekipleri olay yerinde gerekli inceleme ve tahkikat\u0131n\u0131n ard\u0131ndan do\u011falgaz zehirlenmesi vakas\u0131yla ilgili olduklar\u0131 belirtilen \u00fc\u00e7 ki\u015fiyi g\u00f6zalt\u0131na ald\u0131. \u200bHatay\u2019\u0131n \u0130skenderun il\u00e7esinde TOK\u0130 Konutlar\u0131\u2019nda do\u011falgaz zehirlenmesi sonucu ayn\u0131 aileden \u00fc\u00e7\u00fc \u00e7ocuk d\u00f6rt ki\u015fi hayat\u0131n\u0131 kaybetti\u011fi olayla ilgili g\u00fcvenlik g\u00fc\u00e7leri \u00fc\u00e7 \u015f\u00fcpheliyi g\u00f6zalt\u0131na ald\u0131. Hastanede tedavisi s\u00fcren baban\u0131n ise hayati tehlikeyi atlatt\u0131\u011f\u0131 \u00f6\u011frenildi.\u00a0 \u200bHaberin Al\u0131nt\u0131land\u0131\u011f\u0131 Kaynak: www.iskenderun.org<\/p>","protected":false},"author":0,"featured_media":0,"comment_status":"open","ping_status":"open","sticky":false,"template":"","format":"standard","meta":{"_acf_changed":false,"footnotes":""},"categories":[24,535],"tags":[],"class_list":["post-20570","post","type-post","status-publish","format-standard","has-post-thumbnail","hentry","category-gundem","category-uncategorized-tr"],"acf":[],"yoast_head":"<!-- This site is optimized with the Yoast SEO Premium plugin v26.6 (Yoast SEO v27.1.1) - https:\/\/yoast.com\/product\/yoast-seo-premium-wordpress\/ -->\n<title>Zehirlenme vakas\u0131yla ilgili \u00fc\u00e7 ki\u015fi g\u00f6zalt\u0131nda! - Av. Deniz Can K\u0131z\u0131l<\/title>\n<meta name=\"robots\" content=\"index, follow, max-snippet:-1, max-image-preview:large, max-video-preview:-1\" \/>\n<link rel=\"canonical\" href=\"https:\/\/denizcankizil.tr\/uk\/haberler\/gundem\/zehirlenme-vakasiyla-ilgili-uc-kisi-gozaltinda\/\" \/>\n<meta property=\"og:locale\" content=\"uk_UA\" \/>\n<meta property=\"og:type\" content=\"article\" \/>\n<meta property=\"og:title\" content=\"Zehirlenme vakas\u0131yla ilgili \u00fc\u00e7 ki\u015fi g\u00f6zalt\u0131nda!\" \/>\n<meta property=\"og:description\" content=\"Cebike Mahallesi TOK\u0130 Konutlar\u0131 GB11 Blok ikinci katta zehirlenme vakas\u0131 aile facias\u0131yla sonu\u00e7land\u0131. Be\u015f ki\u015filik aileden yak\u0131nlar\u0131 haber alamay\u0131nca d\u00fcn saat 15.00 s\u0131ralar\u0131nda daire kap\u0131s\u0131 \u00e7ilingirle a\u00e7\u0131larak g\u00fcvenlik g\u00fc\u00e7leri ve sa\u011f\u0131l\u0131k ekipleriyle girilen konutta, do\u011falgazdan zehirlenme sonucunda iki ki\u015finin cans\u0131z bedeniyle kar\u015f\u0131la\u015f\u0131lm\u0131\u015f, hastaneye yeti\u015ftirilen baba ve iki \u00e7ocu\u011fu Acil M\u00fcdahale Hastanesinde tedavi alt\u0131na al\u0131nm\u0131\u015ft\u0131. \u00a0 B\u0130NANIN 24 SAK\u0130N\u0130 HASTANEYE KONTROLE G\u0130TT\u0130 Do\u011falgaz zehirlenmesi ya\u015fanan TOK\u0130 Konutlar\u0131 GB 11 Blokun di\u011fer sakinlerinin de sa\u011fl\u0131k kontrol\u00fc i\u00e7in Hastaneye ba\u015fvurduklar\u0131 da al\u0131nan bilgiler aras\u0131nda. \u00a0 \u00dc\u00c7\u00dc \u00c7OCUK D\u00d6RT K\u0130\u015e\u0130 CANINDAN OLDU Hastanede tedavi alt\u0131na al\u0131nanlardan iki \u00e7ocuk daha hayat\u0131n\u0131 kaybetmi\u015f, do\u011falgaz zehirlenmesinden ayn\u0131 aileden \u00fc\u00e7\u00fc \u00e7ocuk d\u00f6rt ki\u015fi can\u0131ndan olmu\u015ftu. Hastane morguna konulan cenazeler, savc\u0131l\u0131k karar\u0131yla otopsi yap\u0131lmak \u00fczere Adli T\u0131p Kurumuna sevk edildi. \u00a0 BABADAN \u0130Y\u0130 HABER Ya\u015fam sava\u015f\u0131 veren baba Emrah K\u00f6k\u00e7\u00fc\u2019n\u00fcn durumunun iyiye gitti\u011fi ve hayati tehlikeyi atlatt\u0131\u011f\u0131 belirtildi. OLAYLA \u0130LG\u0130L\u0130 \u00dc\u00c7 G\u00d6ZALTINDA Jandarma ekipleri olay yerinde gerekli inceleme ve tahkikat\u0131n\u0131n ard\u0131ndan do\u011falgaz zehirlenmesi vakas\u0131yla ilgili olduklar\u0131 belirtilen \u00fc\u00e7 ki\u015fiyi g\u00f6zalt\u0131na ald\u0131. \u200bHatay\u2019\u0131n \u0130skenderun il\u00e7esinde TOK\u0130 Konutlar\u0131\u2019nda do\u011falgaz zehirlenmesi sonucu ayn\u0131 aileden \u00fc\u00e7\u00fc \u00e7ocuk d\u00f6rt ki\u015fi hayat\u0131n\u0131 kaybetti\u011fi olayla ilgili g\u00fcvenlik g\u00fc\u00e7leri \u00fc\u00e7 \u015f\u00fcpheliyi g\u00f6zalt\u0131na ald\u0131. Hastanede tedavisi s\u00fcren baban\u0131n ise hayati tehlikeyi atlatt\u0131\u011f\u0131 \u00f6\u011frenildi.\u00a0 \u200bHaberin Al\u0131nt\u0131land\u0131\u011f\u0131 Kaynak: www.iskenderun.org\" \/>\n<meta property=\"og:url\" content=\"https:\/\/denizcankizil.tr\/uk\/haberler\/gundem\/zehirlenme-vakasiyla-ilgili-uc-kisi-gozaltinda\/\" \/>\n<meta property=\"og:site_name\" content=\"Av. Deniz Can K\u0131z\u0131l\" \/>\n<meta property=\"article:published_time\" content=\"2024-12-13T08:42:14+00:00\" \/>\n<meta name=\"twitter:card\" content=\"summary_large_image\" \/>\n<meta name=\"twitter:label1\" content=\"\u041f\u0440\u0438\u0431\u043b. \u0447\u0430\u0441 \u0447\u0438\u0442\u0430\u043d\u043d\u044f\" \/>\n\t<meta name=\"twitter:data1\" content=\"1 \u0445\u0432\u0438\u043b\u0438\u043d\u0430\" \/>\n<script type=\"application\/ld+json\" class=\"yoast-schema-graph\">{\"@context\":\"https:\/\/schema.org\",\"@graph\":[{\"@type\":\"Article\",\"@id\":\"https:\/\/denizcankizil.tr\/uk\/haberler\/gundem\/zehirlenme-vakasiyla-ilgili-uc-kisi-gozaltinda\/#article\",\"isPartOf\":{\"@id\":\"https:\/\/denizcankizil.tr\/uk\/haberler\/gundem\/zehirlenme-vakasiyla-ilgili-uc-kisi-gozaltinda\/\"},\"author\":{\"name\":\"\",\"@id\":\"\"},\"headline\":\"Zehirlenme vakas\u0131yla ilgili \u00fc\u00e7 ki\u015fi g\u00f6zalt\u0131nda!\",\"datePublished\":\"2024-12-13T08:42:14+00:00\",\"mainEntityOfPage\":{\"@id\":\"https:\/\/denizcankizil.tr\/uk\/haberler\/gundem\/zehirlenme-vakasiyla-ilgili-uc-kisi-gozaltinda\/\"},\"wordCount\":280,\"commentCount\":0,\"publisher\":{\"@id\":\"https:\/\/denizcankizil.tr\/de\/#organization\"},\"articleSection\":[\"G\u00fcndem\",\"Uncategorized\"],\"inLanguage\":\"uk\",\"potentialAction\":[{\"@type\":\"CommentAction\",\"name\":\"Comment\",\"target\":[\"https:\/\/denizcankizil.tr\/uk\/haberler\/gundem\/zehirlenme-vakasiyla-ilgili-uc-kisi-gozaltinda\/#respond\"]}]},{\"@type\":\"WebPage\",\"@id\":\"https:\/\/denizcankizil.tr\/uk\/haberler\/gundem\/zehirlenme-vakasiyla-ilgili-uc-kisi-gozaltinda\/\",\"url\":\"https:\/\/denizcankizil.tr\/uk\/haberler\/gundem\/zehirlenme-vakasiyla-ilgili-uc-kisi-gozaltinda\/\",\"name\":\"Zehirlenme vakas\u0131yla ilgili \u00fc\u00e7 ki\u015fi g\u00f6zalt\u0131nda! - Av. Deniz Can K\u0131z\u0131l\",\"isPartOf\":{\"@id\":\"https:\/\/denizcankizil.tr\/de\/#website\"},\"datePublished\":\"2024-12-13T08:42:14+00:00\",\"breadcrumb\":{\"@id\":\"https:\/\/denizcankizil.tr\/uk\/haberler\/gundem\/zehirlenme-vakasiyla-ilgili-uc-kisi-gozaltinda\/#breadcrumb\"},\"inLanguage\":\"uk\",\"potentialAction\":[{\"@type\":\"ReadAction\",\"target\":[\"https:\/\/denizcankizil.tr\/uk\/haberler\/gundem\/zehirlenme-vakasiyla-ilgili-uc-kisi-gozaltinda\/\"]}]},{\"@type\":\"BreadcrumbList\",\"@id\":\"https:\/\/denizcankizil.tr\/uk\/haberler\/gundem\/zehirlenme-vakasiyla-ilgili-uc-kisi-gozaltinda\/#breadcrumb\",\"itemListElement\":[{\"@type\":\"ListItem\",\"position\":1,\"name\":\"Home\",\"item\":\"https:\/\/denizcankizil.tr\/de\/\"},{\"@type\":\"ListItem\",\"position\":2,\"name\":\"Zehirlenme vakas\u0131yla ilgili \u00fc\u00e7 ki\u015fi g\u00f6zalt\u0131nda!\"}]},{\"@type\":\"WebSite\",\"@id\":\"https:\/\/denizcankizil.tr\/de\/#website\",\"url\":\"https:\/\/denizcankizil.tr\/de\/\",\"name\":\"Av. Deniz Can K\u0131z\u0131l\",\"description\":\"Avukat Deniz Can K\u0131z\u0131l Antalya Barosu\",\"publisher\":{\"@id\":\"https:\/\/denizcankizil.tr\/de\/#organization\"},\"potentialAction\":[{\"@type\":\"SearchAction\",\"target\":{\"@type\":\"EntryPoint\",\"urlTemplate\":\"https:\/\/denizcankizil.tr\/de\/?s={search_term_string}\"},\"query-input\":{\"@type\":\"PropertyValueSpecification\",\"valueRequired\":true,\"valueName\":\"search_term_string\"}}],\"inLanguage\":\"uk\"},{\"@type\":\"Organization\",\"@id\":\"https:\/\/denizcankizil.tr\/de\/#organization\",\"name\":\"Av. Deniz Can K\u0131z\u0131l\",\"url\":\"https:\/\/denizcankizil.tr\/de\/\",\"logo\":{\"@type\":\"ImageObject\",\"inLanguage\":\"uk\",\"@id\":\"https:\/\/denizcankizil.tr\/de\/#\/schema\/logo\/image\/\",\"url\":\"https:\/\/denizcankizil.tr\/wp-content\/uploads\/2024\/10\/siyah-logo-svg.svg\",\"contentUrl\":\"https:\/\/denizcankizil.tr\/wp-content\/uploads\/2024\/10\/siyah-logo-svg.svg\",\"width\":1080,\"height\":1080,\"caption\":\"Av. Deniz Can K\u0131z\u0131l\"},\"image\":{\"@id\":\"https:\/\/denizcankizil.tr\/de\/#\/schema\/logo\/image\/\"}}]}<\/script>\n<!-- \/ Yoast SEO Premium plugin. -->","yoast_head_json":{"title":"Zehirlenme vakas\u0131yla ilgili \u00fc\u00e7 ki\u015fi g\u00f6zalt\u0131nda! - Av. Deniz Can K\u0131z\u0131l","robots":{"index":"index","follow":"follow","max-snippet":"max-snippet:-1","max-image-preview":"max-image-preview:large","max-video-preview":"max-video-preview:-1"},"canonical":"https:\/\/denizcankizil.tr\/uk\/haberler\/gundem\/zehirlenme-vakasiyla-ilgili-uc-kisi-gozaltinda\/","og_locale":"uk_UA","og_type":"article","og_title":"Zehirlenme vakas\u0131yla ilgili \u00fc\u00e7 ki\u015fi g\u00f6zalt\u0131nda!","og_description":"Cebike Mahallesi TOK\u0130 Konutlar\u0131 GB11 Blok ikinci katta zehirlenme vakas\u0131 aile facias\u0131yla sonu\u00e7land\u0131. Be\u015f ki\u015filik aileden yak\u0131nlar\u0131 haber alamay\u0131nca d\u00fcn saat 15.00 s\u0131ralar\u0131nda daire kap\u0131s\u0131 \u00e7ilingirle a\u00e7\u0131larak g\u00fcvenlik g\u00fc\u00e7leri ve sa\u011f\u0131l\u0131k ekipleriyle girilen konutta, do\u011falgazdan zehirlenme sonucunda iki ki\u015finin cans\u0131z bedeniyle kar\u015f\u0131la\u015f\u0131lm\u0131\u015f, hastaneye yeti\u015ftirilen baba ve iki \u00e7ocu\u011fu Acil M\u00fcdahale Hastanesinde tedavi alt\u0131na al\u0131nm\u0131\u015ft\u0131. \u00a0 B\u0130NANIN 24 SAK\u0130N\u0130 HASTANEYE KONTROLE G\u0130TT\u0130 Do\u011falgaz zehirlenmesi ya\u015fanan TOK\u0130 Konutlar\u0131 GB 11 Blokun di\u011fer sakinlerinin de sa\u011fl\u0131k kontrol\u00fc i\u00e7in Hastaneye ba\u015fvurduklar\u0131 da al\u0131nan bilgiler aras\u0131nda. \u00a0 \u00dc\u00c7\u00dc \u00c7OCUK D\u00d6RT K\u0130\u015e\u0130 CANINDAN OLDU Hastanede tedavi alt\u0131na al\u0131nanlardan iki \u00e7ocuk daha hayat\u0131n\u0131 kaybetmi\u015f, do\u011falgaz zehirlenmesinden ayn\u0131 aileden \u00fc\u00e7\u00fc \u00e7ocuk d\u00f6rt ki\u015fi can\u0131ndan olmu\u015ftu. Hastane morguna konulan cenazeler, savc\u0131l\u0131k karar\u0131yla otopsi yap\u0131lmak \u00fczere Adli T\u0131p Kurumuna sevk edildi. \u00a0 BABADAN \u0130Y\u0130 HABER Ya\u015fam sava\u015f\u0131 veren baba Emrah K\u00f6k\u00e7\u00fc\u2019n\u00fcn durumunun iyiye gitti\u011fi ve hayati tehlikeyi atlatt\u0131\u011f\u0131 belirtildi. OLAYLA \u0130LG\u0130L\u0130 \u00dc\u00c7 G\u00d6ZALTINDA Jandarma ekipleri olay yerinde gerekli inceleme ve tahkikat\u0131n\u0131n ard\u0131ndan do\u011falgaz zehirlenmesi vakas\u0131yla ilgili olduklar\u0131 belirtilen \u00fc\u00e7 ki\u015fiyi g\u00f6zalt\u0131na ald\u0131. \u200bHatay\u2019\u0131n \u0130skenderun il\u00e7esinde TOK\u0130 Konutlar\u0131\u2019nda do\u011falgaz zehirlenmesi sonucu ayn\u0131 aileden \u00fc\u00e7\u00fc \u00e7ocuk d\u00f6rt ki\u015fi hayat\u0131n\u0131 kaybetti\u011fi olayla ilgili g\u00fcvenlik g\u00fc\u00e7leri \u00fc\u00e7 \u015f\u00fcpheliyi g\u00f6zalt\u0131na ald\u0131. Hastanede tedavisi s\u00fcren baban\u0131n ise hayati tehlikeyi atlatt\u0131\u011f\u0131 \u00f6\u011frenildi.\u00a0 \u200bHaberin Al\u0131nt\u0131land\u0131\u011f\u0131 Kaynak: www.iskenderun.org","og_url":"https:\/\/denizcankizil.tr\/uk\/haberler\/gundem\/zehirlenme-vakasiyla-ilgili-uc-kisi-gozaltinda\/","og_site_name":"Av. Deniz Can K\u0131z\u0131l","article_published_time":"2024-12-13T08:42:14+00:00","twitter_card":"summary_large_image","twitter_misc":{"\u041f\u0440\u0438\u0431\u043b. \u0447\u0430\u0441 \u0447\u0438\u0442\u0430\u043d\u043d\u044f":"1 \u0445\u0432\u0438\u043b\u0438\u043d\u0430"},"schema":{"@context":"https:\/\/schema.org","@graph":[{"@type":"Article","@id":"https:\/\/denizcankizil.tr\/uk\/haberler\/gundem\/zehirlenme-vakasiyla-ilgili-uc-kisi-gozaltinda\/#article","isPartOf":{"@id":"https:\/\/denizcankizil.tr\/uk\/haberler\/gundem\/zehirlenme-vakasiyla-ilgili-uc-kisi-gozaltinda\/"},"author":{"name":"","@id":""},"headline":"Zehirlenme vakas\u0131yla ilgili \u00fc\u00e7 ki\u015fi g\u00f6zalt\u0131nda!","datePublished":"2024-12-13T08:42:14+00:00","mainEntityOfPage":{"@id":"https:\/\/denizcankizil.tr\/uk\/haberler\/gundem\/zehirlenme-vakasiyla-ilgili-uc-kisi-gozaltinda\/"},"wordCount":280,"commentCount":0,"publisher":{"@id":"https:\/\/denizcankizil.tr\/de\/#organization"},"articleSection":["G\u00fcndem","Uncategorized"],"inLanguage":"uk","potentialAction":[{"@type":"CommentAction","name":"Comment","target":["https:\/\/denizcankizil.tr\/uk\/haberler\/gundem\/zehirlenme-vakasiyla-ilgili-uc-kisi-gozaltinda\/#respond"]}]},{"@type":"WebPage","@id":"https:\/\/denizcankizil.tr\/uk\/haberler\/gundem\/zehirlenme-vakasiyla-ilgili-uc-kisi-gozaltinda\/","url":"https:\/\/denizcankizil.tr\/uk\/haberler\/gundem\/zehirlenme-vakasiyla-ilgili-uc-kisi-gozaltinda\/","name":"Zehirlenme vakas\u0131yla ilgili \u00fc\u00e7 ki\u015fi g\u00f6zalt\u0131nda! - Av. Deniz Can K\u0131z\u0131l","isPartOf":{"@id":"https:\/\/denizcankizil.tr\/de\/#website"},"datePublished":"2024-12-13T08:42:14+00:00","breadcrumb":{"@id":"https:\/\/denizcankizil.tr\/uk\/haberler\/gundem\/zehirlenme-vakasiyla-ilgili-uc-kisi-gozaltinda\/#breadcrumb"},"inLanguage":"uk","potentialAction":[{"@type":"ReadAction","target":["https:\/\/denizcankizil.tr\/uk\/haberler\/gundem\/zehirlenme-vakasiyla-ilgili-uc-kisi-gozaltinda\/"]}]},{"@type":"BreadcrumbList","@id":"https:\/\/denizcankizil.tr\/uk\/haberler\/gundem\/zehirlenme-vakasiyla-ilgili-uc-kisi-gozaltinda\/#breadcrumb","itemListElement":[{"@type":"ListItem","position":1,"name":"Home","item":"https:\/\/denizcankizil.tr\/de\/"},{"@type":"ListItem","position":2,"name":"Zehirlenme vakas\u0131yla ilgili \u00fc\u00e7 ki\u015fi g\u00f6zalt\u0131nda!"}]},{"@type":"WebSite","@id":"https:\/\/denizcankizil.tr\/de\/#website","url":"https:\/\/denizcankizil.tr\/de\/","name":"Av. Deniz Can K\u0131z\u0131l","description":"Avukat Deniz Can K\u0131z\u0131l Antalya Barosu","publisher":{"@id":"https:\/\/denizcankizil.tr\/de\/#organization"},"potentialAction":[{"@type":"SearchAction","target":{"@type":"EntryPoint","urlTemplate":"https:\/\/denizcankizil.tr\/de\/?s={search_term_string}"},"query-input":{"@type":"PropertyValueSpecification","valueRequired":true,"valueName":"search_term_string"}}],"inLanguage":"uk"},{"@type":"Organization","@id":"https:\/\/denizcankizil.tr\/de\/#organization","name":"Av. Deniz Can K\u0131z\u0131l","url":"https:\/\/denizcankizil.tr\/de\/","logo":{"@type":"ImageObject","inLanguage":"uk","@id":"https:\/\/denizcankizil.tr\/de\/#\/schema\/logo\/image\/","url":"https:\/\/denizcankizil.tr\/wp-content\/uploads\/2024\/10\/siyah-logo-svg.svg","contentUrl":"https:\/\/denizcankizil.tr\/wp-content\/uploads\/2024\/10\/siyah-logo-svg.svg","width":1080,"height":1080,"caption":"Av. Deniz Can K\u0131z\u0131l"},"image":{"@id":"https:\/\/denizcankizil.tr\/de\/#\/schema\/logo\/image\/"}}]}},"_links":{"self":[{"href":"https:\/\/denizcankizil.tr\/uk\/wp-json\/wp\/v2\/posts\/20570","targetHints":{"allow":["GET"]}}],"collection":[{"href":"https:\/\/denizcankizil.tr\/uk\/wp-json\/wp\/v2\/posts"}],"about":[{"href":"https:\/\/denizcankizil.tr\/uk\/wp-json\/wp\/v2\/types\/post"}],"replies":[{"embeddable":true,"href":"https:\/\/denizcankizil.tr\/uk\/wp-json\/wp\/v2\/comments?post=20570"}],"version-history":[{"count":0,"href":"https:\/\/denizcankizil.tr\/uk\/wp-json\/wp\/v2\/posts\/20570\/revisions"}],"wp:attachment":[{"href":"https:\/\/denizcankizil.tr\/uk\/wp-json\/wp\/v2\/media?parent=20570"}],"wp:term":[{"taxonomy":"category","embeddable":true,"href":"https:\/\/denizcankizil.tr\/uk\/wp-json\/wp\/v2\/categories?post=20570"},{"taxonomy":"post_tag","embeddable":true,"href":"https:\/\/denizcankizil.tr\/uk\/wp-json\/wp\/v2\/tags?post=20570"}],"curies":[{"name":"wp","href":"https:\/\/api.w.org\/{rel}","templated":true}]}}