{"id":20547,"date":"2024-12-13T10:41:13","date_gmt":"2024-12-13T07:41:13","guid":{"rendered":"https:\/\/denizcankizil.tr\/uncategorized-tr\/otomobil-ile-elektrikli-bisiklet-carpisti\/"},"modified":"2024-12-13T10:41:13","modified_gmt":"2024-12-13T07:41:13","slug":"otomobil-ile-elektrikli-bisiklet-carpisti","status":"publish","type":"post","link":"https:\/\/denizcankizil.tr\/uk\/haberler\/antalya\/otomobil-ile-elektrikli-bisiklet-carpisti\/","title":{"rendered":"Otomobil ile elektrikli bisiklet \u00e7arp\u0131\u015ft\u0131"},"content":{"rendered":"<p>Kaza; Bah\u00e7elievler Mahallesi 5039 Sokak&#8217;ta meydana geldi. Edinilen bilgiye g\u00f6re, \u00e7evre yolu istikametine gitmekte olan Serkan M.\u2019nin kulland\u0131\u011f\u0131 07 LRE 72 plakal\u0131 otomobil Cumartesi Pazar\u0131 \u00f6n\u00fcne geldi\u011finde halindeki Hatice \u00d6.\u2019n\u00fcn kulland\u0131\u011f\u0131 elektrikli bisiklete \u00e7arpt\u0131. Vatanda\u015flar\u0131n ihbar\u0131 ile olay yerine polis ve sa\u011fl\u0131k ekipleri sevk edilirken, kazada yaralanan elektrikli bisiklet s\u00fcr\u00fcc\u00fcs\u00fc 112 Sa\u011fl\u0131k ekibinin olay yerindeki m\u00fcdahalesinin ard\u0131ndan ambulansla hastaneye kald\u0131r\u0131ld\u0131.<\/p>\n<p>Kaynak: www.kanalv.com.tr Haber Sitesinden Al\u0131nm\u0131\u015ft\u0131r.<\/p>","protected":false},"excerpt":{"rendered":"<p>Kaza; Bah\u00e7elievler Mahallesi 5039 Sokak&#8217;ta meydana geldi. Edinilen bilgiye g\u00f6re, \u00e7evre yolu istikametine gitmekte olan Serkan M.\u2019nin kulland\u0131\u011f\u0131 07 LRE 72 plakal\u0131 otomobil Cumartesi Pazar\u0131 \u00f6n\u00fcne geldi\u011finde halindeki Hatice \u00d6.\u2019n\u00fcn kulland\u0131\u011f\u0131 elektrikli bisiklete \u00e7arpt\u0131. Vatanda\u015flar\u0131n ihbar\u0131 ile olay yerine polis ve sa\u011fl\u0131k ekipleri sevk edilirken, kazada yaralanan elektrikli bisiklet s\u00fcr\u00fcc\u00fcs\u00fc 112 Sa\u011fl\u0131k ekibinin olay yerindeki m\u00fcdahalesinin ard\u0131ndan ambulansla hastaneye kald\u0131r\u0131ld\u0131. Kaynak: www.kanalv.com.tr Haber Sitesinden Al\u0131nm\u0131\u015ft\u0131r.<\/p>","protected":false},"author":0,"featured_media":20548,"comment_status":"open","ping_status":"open","sticky":false,"template":"","format":"standard","meta":{"_acf_changed":false,"footnotes":""},"categories":[26,535],"tags":[],"class_list":["post-20547","post","type-post","status-publish","format-standard","has-post-thumbnail","hentry","category-antalya","category-uncategorized-tr"],"acf":[],"yoast_head":"<!-- This site is optimized with the Yoast SEO Premium plugin v26.6 (Yoast SEO v27.1.1) - https:\/\/yoast.com\/product\/yoast-seo-premium-wordpress\/ -->\n<title>Otomobil ile elektrikli bisiklet \u00e7arp\u0131\u015ft\u0131 - Av. Deniz Can K\u0131z\u0131l<\/title>\n<meta name=\"robots\" content=\"index, follow, max-snippet:-1, max-image-preview:large, max-video-preview:-1\" \/>\n<link rel=\"canonical\" href=\"https:\/\/denizcankizil.tr\/uk\/haberler\/antalya\/otomobil-ile-elektrikli-bisiklet-carpisti\/\" \/>\n<meta property=\"og:locale\" content=\"uk_UA\" \/>\n<meta property=\"og:type\" content=\"article\" \/>\n<meta property=\"og:title\" content=\"Otomobil ile elektrikli bisiklet \u00e7arp\u0131\u015ft\u0131\" \/>\n<meta property=\"og:description\" content=\"Kaza; Bah\u00e7elievler Mahallesi 5039 Sokak&#8217;ta meydana geldi. Edinilen bilgiye g\u00f6re, \u00e7evre yolu istikametine gitmekte olan Serkan M.\u2019nin kulland\u0131\u011f\u0131 07 LRE 72 plakal\u0131 otomobil Cumartesi Pazar\u0131 \u00f6n\u00fcne geldi\u011finde halindeki Hatice \u00d6.\u2019n\u00fcn kulland\u0131\u011f\u0131 elektrikli bisiklete \u00e7arpt\u0131. Vatanda\u015flar\u0131n ihbar\u0131 ile olay yerine polis ve sa\u011fl\u0131k ekipleri sevk edilirken, kazada yaralanan elektrikli bisiklet s\u00fcr\u00fcc\u00fcs\u00fc 112 Sa\u011fl\u0131k ekibinin olay yerindeki m\u00fcdahalesinin ard\u0131ndan ambulansla hastaneye kald\u0131r\u0131ld\u0131. Kaynak: www.kanalv.com.tr Haber Sitesinden Al\u0131nm\u0131\u015ft\u0131r.\" \/>\n<meta property=\"og:url\" content=\"https:\/\/denizcankizil.tr\/uk\/haberler\/antalya\/otomobil-ile-elektrikli-bisiklet-carpisti\/\" \/>\n<meta property=\"og:site_name\" content=\"Av. Deniz Can K\u0131z\u0131l\" \/>\n<meta property=\"article:published_time\" content=\"2024-12-13T07:41:13+00:00\" \/>\n<meta property=\"og:image\" content=\"https:\/\/denizcankizil.tr\/wp-content\/uploads\/2024\/12\/3568-01-Poh3tM.jpeg\" \/>\n\t<meta property=\"og:image:width\" content=\"1280\" \/>\n\t<meta property=\"og:image:height\" content=\"720\" \/>\n\t<meta property=\"og:image:type\" content=\"image\/jpeg\" \/>\n<meta name=\"twitter:card\" content=\"summary_large_image\" \/>\n<script type=\"application\/ld+json\" class=\"yoast-schema-graph\">{\"@context\":\"https:\/\/schema.org\",\"@graph\":[{\"@type\":\"Article\",\"@id\":\"https:\/\/denizcankizil.tr\/uk\/haberler\/antalya\/otomobil-ile-elektrikli-bisiklet-carpisti\/#article\",\"isPartOf\":{\"@id\":\"https:\/\/denizcankizil.tr\/uk\/haberler\/antalya\/otomobil-ile-elektrikli-bisiklet-carpisti\/\"},\"author\":{\"name\":\"\",\"@id\":\"\"},\"headline\":\"Otomobil ile elektrikli bisiklet \u00e7arp\u0131\u015ft\u0131\",\"datePublished\":\"2024-12-13T07:41:13+00:00\",\"mainEntityOfPage\":{\"@id\":\"https:\/\/denizcankizil.tr\/uk\/haberler\/antalya\/otomobil-ile-elektrikli-bisiklet-carpisti\/\"},\"wordCount\":93,\"commentCount\":0,\"publisher\":{\"@id\":\"https:\/\/denizcankizil.tr\/de\/#organization\"},\"image\":{\"@id\":\"https:\/\/denizcankizil.tr\/uk\/haberler\/antalya\/otomobil-ile-elektrikli-bisiklet-carpisti\/#primaryimage\"},\"thumbnailUrl\":\"https:\/\/denizcankizil.tr\/wp-content\/uploads\/2024\/12\/3568-01-Poh3tM.jpeg\",\"articleSection\":[\"Antalya\",\"Uncategorized\"],\"inLanguage\":\"uk\",\"potentialAction\":[{\"@type\":\"CommentAction\",\"name\":\"Comment\",\"target\":[\"https:\/\/denizcankizil.tr\/uk\/haberler\/antalya\/otomobil-ile-elektrikli-bisiklet-carpisti\/#respond\"]}]},{\"@type\":\"WebPage\",\"@id\":\"https:\/\/denizcankizil.tr\/uk\/haberler\/antalya\/otomobil-ile-elektrikli-bisiklet-carpisti\/\",\"url\":\"https:\/\/denizcankizil.tr\/uk\/haberler\/antalya\/otomobil-ile-elektrikli-bisiklet-carpisti\/\",\"name\":\"Otomobil ile elektrikli bisiklet \u00e7arp\u0131\u015ft\u0131 - Av. Deniz Can K\u0131z\u0131l\",\"isPartOf\":{\"@id\":\"https:\/\/denizcankizil.tr\/de\/#website\"},\"primaryImageOfPage\":{\"@id\":\"https:\/\/denizcankizil.tr\/uk\/haberler\/antalya\/otomobil-ile-elektrikli-bisiklet-carpisti\/#primaryimage\"},\"image\":{\"@id\":\"https:\/\/denizcankizil.tr\/uk\/haberler\/antalya\/otomobil-ile-elektrikli-bisiklet-carpisti\/#primaryimage\"},\"thumbnailUrl\":\"https:\/\/denizcankizil.tr\/wp-content\/uploads\/2024\/12\/3568-01-Poh3tM.jpeg\",\"datePublished\":\"2024-12-13T07:41:13+00:00\",\"breadcrumb\":{\"@id\":\"https:\/\/denizcankizil.tr\/uk\/haberler\/antalya\/otomobil-ile-elektrikli-bisiklet-carpisti\/#breadcrumb\"},\"inLanguage\":\"uk\",\"potentialAction\":[{\"@type\":\"ReadAction\",\"target\":[\"https:\/\/denizcankizil.tr\/uk\/haberler\/antalya\/otomobil-ile-elektrikli-bisiklet-carpisti\/\"]}]},{\"@type\":\"ImageObject\",\"inLanguage\":\"uk\",\"@id\":\"https:\/\/denizcankizil.tr\/uk\/haberler\/antalya\/otomobil-ile-elektrikli-bisiklet-carpisti\/#primaryimage\",\"url\":\"https:\/\/denizcankizil.tr\/wp-content\/uploads\/2024\/12\/3568-01-Poh3tM.jpeg\",\"contentUrl\":\"https:\/\/denizcankizil.tr\/wp-content\/uploads\/2024\/12\/3568-01-Poh3tM.jpeg\",\"width\":1280,\"height\":720},{\"@type\":\"BreadcrumbList\",\"@id\":\"https:\/\/denizcankizil.tr\/uk\/haberler\/antalya\/otomobil-ile-elektrikli-bisiklet-carpisti\/#breadcrumb\",\"itemListElement\":[{\"@type\":\"ListItem\",\"position\":1,\"name\":\"Home\",\"item\":\"https:\/\/denizcankizil.tr\/de\/\"},{\"@type\":\"ListItem\",\"position\":2,\"name\":\"Otomobil ile elektrikli bisiklet \u00e7arp\u0131\u015ft\u0131\"}]},{\"@type\":\"WebSite\",\"@id\":\"https:\/\/denizcankizil.tr\/de\/#website\",\"url\":\"https:\/\/denizcankizil.tr\/de\/\",\"name\":\"Av. Deniz Can K\u0131z\u0131l\",\"description\":\"Avukat Deniz Can K\u0131z\u0131l Antalya Barosu\",\"publisher\":{\"@id\":\"https:\/\/denizcankizil.tr\/de\/#organization\"},\"potentialAction\":[{\"@type\":\"SearchAction\",\"target\":{\"@type\":\"EntryPoint\",\"urlTemplate\":\"https:\/\/denizcankizil.tr\/de\/?s={search_term_string}\"},\"query-input\":{\"@type\":\"PropertyValueSpecification\",\"valueRequired\":true,\"valueName\":\"search_term_string\"}}],\"inLanguage\":\"uk\"},{\"@type\":\"Organization\",\"@id\":\"https:\/\/denizcankizil.tr\/de\/#organization\",\"name\":\"Av. Deniz Can K\u0131z\u0131l\",\"url\":\"https:\/\/denizcankizil.tr\/de\/\",\"logo\":{\"@type\":\"ImageObject\",\"inLanguage\":\"uk\",\"@id\":\"https:\/\/denizcankizil.tr\/de\/#\/schema\/logo\/image\/\",\"url\":\"https:\/\/denizcankizil.tr\/wp-content\/uploads\/2024\/10\/siyah-logo-svg.svg\",\"contentUrl\":\"https:\/\/denizcankizil.tr\/wp-content\/uploads\/2024\/10\/siyah-logo-svg.svg\",\"width\":1080,\"height\":1080,\"caption\":\"Av. Deniz Can K\u0131z\u0131l\"},\"image\":{\"@id\":\"https:\/\/denizcankizil.tr\/de\/#\/schema\/logo\/image\/\"}}]}<\/script>\n<!-- \/ Yoast SEO Premium plugin. -->","yoast_head_json":{"title":"Otomobil ile elektrikli bisiklet \u00e7arp\u0131\u015ft\u0131 - Av. Deniz Can K\u0131z\u0131l","robots":{"index":"index","follow":"follow","max-snippet":"max-snippet:-1","max-image-preview":"max-image-preview:large","max-video-preview":"max-video-preview:-1"},"canonical":"https:\/\/denizcankizil.tr\/uk\/haberler\/antalya\/otomobil-ile-elektrikli-bisiklet-carpisti\/","og_locale":"uk_UA","og_type":"article","og_title":"Otomobil ile elektrikli bisiklet \u00e7arp\u0131\u015ft\u0131","og_description":"Kaza; Bah\u00e7elievler Mahallesi 5039 Sokak&#8217;ta meydana geldi. Edinilen bilgiye g\u00f6re, \u00e7evre yolu istikametine gitmekte olan Serkan M.\u2019nin kulland\u0131\u011f\u0131 07 LRE 72 plakal\u0131 otomobil Cumartesi Pazar\u0131 \u00f6n\u00fcne geldi\u011finde halindeki Hatice \u00d6.\u2019n\u00fcn kulland\u0131\u011f\u0131 elektrikli bisiklete \u00e7arpt\u0131. Vatanda\u015flar\u0131n ihbar\u0131 ile olay yerine polis ve sa\u011fl\u0131k ekipleri sevk edilirken, kazada yaralanan elektrikli bisiklet s\u00fcr\u00fcc\u00fcs\u00fc 112 Sa\u011fl\u0131k ekibinin olay yerindeki m\u00fcdahalesinin ard\u0131ndan ambulansla hastaneye kald\u0131r\u0131ld\u0131. Kaynak: www.kanalv.com.tr Haber Sitesinden Al\u0131nm\u0131\u015ft\u0131r.","og_url":"https:\/\/denizcankizil.tr\/uk\/haberler\/antalya\/otomobil-ile-elektrikli-bisiklet-carpisti\/","og_site_name":"Av. Deniz Can K\u0131z\u0131l","article_published_time":"2024-12-13T07:41:13+00:00","og_image":[{"width":1280,"height":720,"url":"https:\/\/denizcankizil.tr\/wp-content\/uploads\/2024\/12\/3568-01-Poh3tM.jpeg","type":"image\/jpeg"}],"twitter_card":"summary_large_image","schema":{"@context":"https:\/\/schema.org","@graph":[{"@type":"Article","@id":"https:\/\/denizcankizil.tr\/uk\/haberler\/antalya\/otomobil-ile-elektrikli-bisiklet-carpisti\/#article","isPartOf":{"@id":"https:\/\/denizcankizil.tr\/uk\/haberler\/antalya\/otomobil-ile-elektrikli-bisiklet-carpisti\/"},"author":{"name":"","@id":""},"headline":"Otomobil ile elektrikli bisiklet \u00e7arp\u0131\u015ft\u0131","datePublished":"2024-12-13T07:41:13+00:00","mainEntityOfPage":{"@id":"https:\/\/denizcankizil.tr\/uk\/haberler\/antalya\/otomobil-ile-elektrikli-bisiklet-carpisti\/"},"wordCount":93,"commentCount":0,"publisher":{"@id":"https:\/\/denizcankizil.tr\/de\/#organization"},"image":{"@id":"https:\/\/denizcankizil.tr\/uk\/haberler\/antalya\/otomobil-ile-elektrikli-bisiklet-carpisti\/#primaryimage"},"thumbnailUrl":"https:\/\/denizcankizil.tr\/wp-content\/uploads\/2024\/12\/3568-01-Poh3tM.jpeg","articleSection":["Antalya","Uncategorized"],"inLanguage":"uk","potentialAction":[{"@type":"CommentAction","name":"Comment","target":["https:\/\/denizcankizil.tr\/uk\/haberler\/antalya\/otomobil-ile-elektrikli-bisiklet-carpisti\/#respond"]}]},{"@type":"WebPage","@id":"https:\/\/denizcankizil.tr\/uk\/haberler\/antalya\/otomobil-ile-elektrikli-bisiklet-carpisti\/","url":"https:\/\/denizcankizil.tr\/uk\/haberler\/antalya\/otomobil-ile-elektrikli-bisiklet-carpisti\/","name":"Otomobil ile elektrikli bisiklet \u00e7arp\u0131\u015ft\u0131 - Av. Deniz Can K\u0131z\u0131l","isPartOf":{"@id":"https:\/\/denizcankizil.tr\/de\/#website"},"primaryImageOfPage":{"@id":"https:\/\/denizcankizil.tr\/uk\/haberler\/antalya\/otomobil-ile-elektrikli-bisiklet-carpisti\/#primaryimage"},"image":{"@id":"https:\/\/denizcankizil.tr\/uk\/haberler\/antalya\/otomobil-ile-elektrikli-bisiklet-carpisti\/#primaryimage"},"thumbnailUrl":"https:\/\/denizcankizil.tr\/wp-content\/uploads\/2024\/12\/3568-01-Poh3tM.jpeg","datePublished":"2024-12-13T07:41:13+00:00","breadcrumb":{"@id":"https:\/\/denizcankizil.tr\/uk\/haberler\/antalya\/otomobil-ile-elektrikli-bisiklet-carpisti\/#breadcrumb"},"inLanguage":"uk","potentialAction":[{"@type":"ReadAction","target":["https:\/\/denizcankizil.tr\/uk\/haberler\/antalya\/otomobil-ile-elektrikli-bisiklet-carpisti\/"]}]},{"@type":"ImageObject","inLanguage":"uk","@id":"https:\/\/denizcankizil.tr\/uk\/haberler\/antalya\/otomobil-ile-elektrikli-bisiklet-carpisti\/#primaryimage","url":"https:\/\/denizcankizil.tr\/wp-content\/uploads\/2024\/12\/3568-01-Poh3tM.jpeg","contentUrl":"https:\/\/denizcankizil.tr\/wp-content\/uploads\/2024\/12\/3568-01-Poh3tM.jpeg","width":1280,"height":720},{"@type":"BreadcrumbList","@id":"https:\/\/denizcankizil.tr\/uk\/haberler\/antalya\/otomobil-ile-elektrikli-bisiklet-carpisti\/#breadcrumb","itemListElement":[{"@type":"ListItem","position":1,"name":"Home","item":"https:\/\/denizcankizil.tr\/de\/"},{"@type":"ListItem","position":2,"name":"Otomobil ile elektrikli bisiklet \u00e7arp\u0131\u015ft\u0131"}]},{"@type":"WebSite","@id":"https:\/\/denizcankizil.tr\/de\/#website","url":"https:\/\/denizcankizil.tr\/de\/","name":"Av. Deniz Can K\u0131z\u0131l","description":"Avukat Deniz Can K\u0131z\u0131l Antalya Barosu","publisher":{"@id":"https:\/\/denizcankizil.tr\/de\/#organization"},"potentialAction":[{"@type":"SearchAction","target":{"@type":"EntryPoint","urlTemplate":"https:\/\/denizcankizil.tr\/de\/?s={search_term_string}"},"query-input":{"@type":"PropertyValueSpecification","valueRequired":true,"valueName":"search_term_string"}}],"inLanguage":"uk"},{"@type":"Organization","@id":"https:\/\/denizcankizil.tr\/de\/#organization","name":"Av. Deniz Can K\u0131z\u0131l","url":"https:\/\/denizcankizil.tr\/de\/","logo":{"@type":"ImageObject","inLanguage":"uk","@id":"https:\/\/denizcankizil.tr\/de\/#\/schema\/logo\/image\/","url":"https:\/\/denizcankizil.tr\/wp-content\/uploads\/2024\/10\/siyah-logo-svg.svg","contentUrl":"https:\/\/denizcankizil.tr\/wp-content\/uploads\/2024\/10\/siyah-logo-svg.svg","width":1080,"height":1080,"caption":"Av. Deniz Can K\u0131z\u0131l"},"image":{"@id":"https:\/\/denizcankizil.tr\/de\/#\/schema\/logo\/image\/"}}]}},"_links":{"self":[{"href":"https:\/\/denizcankizil.tr\/uk\/wp-json\/wp\/v2\/posts\/20547","targetHints":{"allow":["GET"]}}],"collection":[{"href":"https:\/\/denizcankizil.tr\/uk\/wp-json\/wp\/v2\/posts"}],"about":[{"href":"https:\/\/denizcankizil.tr\/uk\/wp-json\/wp\/v2\/types\/post"}],"replies":[{"embeddable":true,"href":"https:\/\/denizcankizil.tr\/uk\/wp-json\/wp\/v2\/comments?post=20547"}],"version-history":[{"count":0,"href":"https:\/\/denizcankizil.tr\/uk\/wp-json\/wp\/v2\/posts\/20547\/revisions"}],"wp:featuredmedia":[{"embeddable":true,"href":"https:\/\/denizcankizil.tr\/uk\/wp-json\/wp\/v2\/media\/20548"}],"wp:attachment":[{"href":"https:\/\/denizcankizil.tr\/uk\/wp-json\/wp\/v2\/media?parent=20547"}],"wp:term":[{"taxonomy":"category","embeddable":true,"href":"https:\/\/denizcankizil.tr\/uk\/wp-json\/wp\/v2\/categories?post=20547"},{"taxonomy":"post_tag","embeddable":true,"href":"https:\/\/denizcankizil.tr\/uk\/wp-json\/wp\/v2\/tags?post=20547"}],"curies":[{"name":"wp","href":"https:\/\/api.w.org\/{rel}","templated":true}]}}