{"id":20385,"date":"2024-12-12T19:41:41","date_gmt":"2024-12-12T16:41:41","guid":{"rendered":"https:\/\/denizcankizil.tr\/uncategorized-tr\/buyuksehirden-yeni-bir-yasam-alani-daha-sorler-okuluna-cok-amacli-cevre-duzenlemesi\/"},"modified":"2024-12-12T19:41:41","modified_gmt":"2024-12-12T16:41:41","slug":"buyuksehirden-yeni-bir-yasam-alani-daha-sorler-okuluna-cok-amacli-cevre-duzenlemesi","status":"publish","type":"post","link":"https:\/\/denizcankizil.tr\/uk\/haberler\/gundem\/buyuksehirden-yeni-bir-yasam-alani-daha-sorler-okuluna-cok-amacli-cevre-duzenlemesi\/","title":{"rendered":"B\u00fcy\u00fck\u015fehir\u2019den yeni bir ya\u015fam alan\u0131 daha;  S\u00f6rler Okulu\u2019na \u00e7ok ama\u00e7l\u0131 \u00e7evre d\u00fczenlemesi"},"content":{"rendered":"<p>B\u00fcy\u00fck\u015fehir, \u0130zmit\u2019te y\u0131k\u0131lan vergi dairesinden bo\u015falan S\u00f6rler Okulu\u2019nun \u00f6n\u00fcndeki alan\u0131 yeni bir ya\u015fam yerine d\u00f6n\u00fc\u015ft\u00fcr\u00fcyor<\/p>\n<p>\u200bB\u00fcy\u00fck\u015fehir, \u0130zmit\u2019te y\u0131k\u0131lan vergi dairesinden bo\u015falan S\u00f6rler Okulu\u2019nun \u00f6n\u00fcndeki alan\u0131 yeni bir ya\u015fam yerine d\u00f6n\u00fc\u015ft\u00fcr\u00fcyor\u00a0<\/p>\n<p>\u200bHaberin Al\u0131nt\u0131land\u0131\u011f\u0131 Kaynak: www.iskenderun.org<\/p>","protected":false},"excerpt":{"rendered":"<p>B\u00fcy\u00fck\u015fehir, \u0130zmit\u2019te y\u0131k\u0131lan vergi dairesinden bo\u015falan S\u00f6rler Okulu\u2019nun \u00f6n\u00fcndeki alan\u0131 yeni bir ya\u015fam yerine d\u00f6n\u00fc\u015ft\u00fcr\u00fcyor \u200bB\u00fcy\u00fck\u015fehir, \u0130zmit\u2019te y\u0131k\u0131lan vergi dairesinden bo\u015falan S\u00f6rler Okulu\u2019nun \u00f6n\u00fcndeki alan\u0131 yeni bir ya\u015fam yerine d\u00f6n\u00fc\u015ft\u00fcr\u00fcyor\u00a0 \u200bHaberin Al\u0131nt\u0131land\u0131\u011f\u0131 Kaynak: www.iskenderun.org<\/p>","protected":false},"author":0,"featured_media":0,"comment_status":"open","ping_status":"open","sticky":false,"template":"","format":"standard","meta":{"_acf_changed":false,"footnotes":""},"categories":[24,535],"tags":[],"class_list":["post-20385","post","type-post","status-publish","format-standard","has-post-thumbnail","hentry","category-gundem","category-uncategorized-tr"],"acf":[],"yoast_head":"<!-- This site is optimized with the Yoast SEO Premium plugin v26.6 (Yoast SEO v27.1.1) - https:\/\/yoast.com\/product\/yoast-seo-premium-wordpress\/ -->\n<title>B\u00fcy\u00fck\u015fehir\u2019den yeni bir ya\u015fam alan\u0131 daha; S\u00f6rler Okulu\u2019na \u00e7ok ama\u00e7l\u0131 \u00e7evre d\u00fczenlemesi - Av. Deniz Can K\u0131z\u0131l<\/title>\n<meta name=\"robots\" content=\"index, follow, max-snippet:-1, max-image-preview:large, max-video-preview:-1\" \/>\n<link rel=\"canonical\" href=\"https:\/\/denizcankizil.tr\/uk\/haberler\/gundem\/buyuksehirden-yeni-bir-yasam-alani-daha-sorler-okuluna-cok-amacli-cevre-duzenlemesi\/\" \/>\n<meta property=\"og:locale\" content=\"uk_UA\" \/>\n<meta property=\"og:type\" content=\"article\" \/>\n<meta property=\"og:title\" content=\"B\u00fcy\u00fck\u015fehir\u2019den yeni bir ya\u015fam alan\u0131 daha; S\u00f6rler Okulu\u2019na \u00e7ok ama\u00e7l\u0131 \u00e7evre d\u00fczenlemesi\" \/>\n<meta property=\"og:description\" content=\"B\u00fcy\u00fck\u015fehir, \u0130zmit\u2019te y\u0131k\u0131lan vergi dairesinden bo\u015falan S\u00f6rler Okulu\u2019nun \u00f6n\u00fcndeki alan\u0131 yeni bir ya\u015fam yerine d\u00f6n\u00fc\u015ft\u00fcr\u00fcyor \u200bB\u00fcy\u00fck\u015fehir, \u0130zmit\u2019te y\u0131k\u0131lan vergi dairesinden bo\u015falan S\u00f6rler Okulu\u2019nun \u00f6n\u00fcndeki alan\u0131 yeni bir ya\u015fam yerine d\u00f6n\u00fc\u015ft\u00fcr\u00fcyor\u00a0 \u200bHaberin Al\u0131nt\u0131land\u0131\u011f\u0131 Kaynak: www.iskenderun.org\" \/>\n<meta property=\"og:url\" content=\"https:\/\/denizcankizil.tr\/uk\/haberler\/gundem\/buyuksehirden-yeni-bir-yasam-alani-daha-sorler-okuluna-cok-amacli-cevre-duzenlemesi\/\" \/>\n<meta property=\"og:site_name\" content=\"Av. Deniz Can K\u0131z\u0131l\" \/>\n<meta property=\"article:published_time\" content=\"2024-12-12T16:41:41+00:00\" \/>\n<meta name=\"twitter:card\" content=\"summary_large_image\" \/>\n<script type=\"application\/ld+json\" class=\"yoast-schema-graph\">{\"@context\":\"https:\/\/schema.org\",\"@graph\":[{\"@type\":\"Article\",\"@id\":\"https:\/\/denizcankizil.tr\/en\/haberler\/gundem\/buyuksehirden-yeni-bir-yasam-alani-daha-sorler-okuluna-cok-amacli-cevre-duzenlemesi\/#article\",\"isPartOf\":{\"@id\":\"https:\/\/denizcankizil.tr\/en\/haberler\/gundem\/buyuksehirden-yeni-bir-yasam-alani-daha-sorler-okuluna-cok-amacli-cevre-duzenlemesi\/\"},\"author\":{\"name\":\"\",\"@id\":\"\"},\"headline\":\"B\u00fcy\u00fck\u015fehir\u2019den yeni bir ya\u015fam alan\u0131 daha; S\u00f6rler Okulu\u2019na \u00e7ok ama\u00e7l\u0131 \u00e7evre d\u00fczenlemesi\",\"datePublished\":\"2024-12-12T16:41:41+00:00\",\"mainEntityOfPage\":{\"@id\":\"https:\/\/denizcankizil.tr\/en\/haberler\/gundem\/buyuksehirden-yeni-bir-yasam-alani-daha-sorler-okuluna-cok-amacli-cevre-duzenlemesi\/\"},\"wordCount\":89,\"commentCount\":0,\"publisher\":{\"@id\":\"https:\/\/denizcankizil.tr\/#organization\"},\"articleSection\":[\"G\u00fcndem\",\"Uncategorized\"],\"inLanguage\":\"uk\",\"potentialAction\":[{\"@type\":\"CommentAction\",\"name\":\"Comment\",\"target\":[\"https:\/\/denizcankizil.tr\/en\/haberler\/gundem\/buyuksehirden-yeni-bir-yasam-alani-daha-sorler-okuluna-cok-amacli-cevre-duzenlemesi\/#respond\"]}]},{\"@type\":\"WebPage\",\"@id\":\"https:\/\/denizcankizil.tr\/en\/haberler\/gundem\/buyuksehirden-yeni-bir-yasam-alani-daha-sorler-okuluna-cok-amacli-cevre-duzenlemesi\/\",\"url\":\"https:\/\/denizcankizil.tr\/en\/haberler\/gundem\/buyuksehirden-yeni-bir-yasam-alani-daha-sorler-okuluna-cok-amacli-cevre-duzenlemesi\/\",\"name\":\"B\u00fcy\u00fck\u015fehir\u2019den yeni bir ya\u015fam alan\u0131 daha; S\u00f6rler Okulu\u2019na \u00e7ok ama\u00e7l\u0131 \u00e7evre d\u00fczenlemesi - Av. Deniz Can K\u0131z\u0131l\",\"isPartOf\":{\"@id\":\"https:\/\/denizcankizil.tr\/#website\"},\"datePublished\":\"2024-12-12T16:41:41+00:00\",\"breadcrumb\":{\"@id\":\"https:\/\/denizcankizil.tr\/en\/haberler\/gundem\/buyuksehirden-yeni-bir-yasam-alani-daha-sorler-okuluna-cok-amacli-cevre-duzenlemesi\/#breadcrumb\"},\"inLanguage\":\"uk\",\"potentialAction\":[{\"@type\":\"ReadAction\",\"target\":[\"https:\/\/denizcankizil.tr\/en\/haberler\/gundem\/buyuksehirden-yeni-bir-yasam-alani-daha-sorler-okuluna-cok-amacli-cevre-duzenlemesi\/\"]}]},{\"@type\":\"BreadcrumbList\",\"@id\":\"https:\/\/denizcankizil.tr\/en\/haberler\/gundem\/buyuksehirden-yeni-bir-yasam-alani-daha-sorler-okuluna-cok-amacli-cevre-duzenlemesi\/#breadcrumb\",\"itemListElement\":[{\"@type\":\"ListItem\",\"position\":1,\"name\":\"Home\",\"item\":\"https:\/\/denizcankizil.tr\/de\/\"},{\"@type\":\"ListItem\",\"position\":2,\"name\":\"B\u00fcy\u00fck\u015fehir\u2019den yeni bir ya\u015fam alan\u0131 daha; S\u00f6rler Okulu\u2019na \u00e7ok ama\u00e7l\u0131 \u00e7evre d\u00fczenlemesi\"}]},{\"@type\":\"WebSite\",\"@id\":\"https:\/\/denizcankizil.tr\/#website\",\"url\":\"https:\/\/denizcankizil.tr\/\",\"name\":\"Av. Deniz Can K\u0131z\u0131l\",\"description\":\"Avukat Deniz Can K\u0131z\u0131l Antalya Barosu\",\"publisher\":{\"@id\":\"https:\/\/denizcankizil.tr\/#organization\"},\"potentialAction\":[{\"@type\":\"SearchAction\",\"target\":{\"@type\":\"EntryPoint\",\"urlTemplate\":\"https:\/\/denizcankizil.tr\/?s={search_term_string}\"},\"query-input\":{\"@type\":\"PropertyValueSpecification\",\"valueRequired\":true,\"valueName\":\"search_term_string\"}}],\"inLanguage\":\"uk\"},{\"@type\":\"Organization\",\"@id\":\"https:\/\/denizcankizil.tr\/#organization\",\"name\":\"Av. Deniz Can K\u0131z\u0131l\",\"url\":\"https:\/\/denizcankizil.tr\/\",\"logo\":{\"@type\":\"ImageObject\",\"inLanguage\":\"uk\",\"@id\":\"https:\/\/denizcankizil.tr\/#\/schema\/logo\/image\/\",\"url\":\"https:\/\/denizcankizil.tr\/wp-content\/uploads\/2024\/10\/siyah-logo-svg.svg\",\"contentUrl\":\"https:\/\/denizcankizil.tr\/wp-content\/uploads\/2024\/10\/siyah-logo-svg.svg\",\"width\":1080,\"height\":1080,\"caption\":\"Av. Deniz Can K\u0131z\u0131l\"},\"image\":{\"@id\":\"https:\/\/denizcankizil.tr\/#\/schema\/logo\/image\/\"}}]}<\/script>\n<!-- \/ Yoast SEO Premium plugin. -->","yoast_head_json":{"title":"B\u00fcy\u00fck\u015fehir\u2019den yeni bir ya\u015fam alan\u0131 daha; S\u00f6rler Okulu\u2019na \u00e7ok ama\u00e7l\u0131 \u00e7evre d\u00fczenlemesi - Av. Deniz Can K\u0131z\u0131l","robots":{"index":"index","follow":"follow","max-snippet":"max-snippet:-1","max-image-preview":"max-image-preview:large","max-video-preview":"max-video-preview:-1"},"canonical":"https:\/\/denizcankizil.tr\/uk\/haberler\/gundem\/buyuksehirden-yeni-bir-yasam-alani-daha-sorler-okuluna-cok-amacli-cevre-duzenlemesi\/","og_locale":"uk_UA","og_type":"article","og_title":"B\u00fcy\u00fck\u015fehir\u2019den yeni bir ya\u015fam alan\u0131 daha; S\u00f6rler Okulu\u2019na \u00e7ok ama\u00e7l\u0131 \u00e7evre d\u00fczenlemesi","og_description":"B\u00fcy\u00fck\u015fehir, \u0130zmit\u2019te y\u0131k\u0131lan vergi dairesinden bo\u015falan S\u00f6rler Okulu\u2019nun \u00f6n\u00fcndeki alan\u0131 yeni bir ya\u015fam yerine d\u00f6n\u00fc\u015ft\u00fcr\u00fcyor \u200bB\u00fcy\u00fck\u015fehir, \u0130zmit\u2019te y\u0131k\u0131lan vergi dairesinden bo\u015falan S\u00f6rler Okulu\u2019nun \u00f6n\u00fcndeki alan\u0131 yeni bir ya\u015fam yerine d\u00f6n\u00fc\u015ft\u00fcr\u00fcyor\u00a0 \u200bHaberin Al\u0131nt\u0131land\u0131\u011f\u0131 Kaynak: www.iskenderun.org","og_url":"https:\/\/denizcankizil.tr\/uk\/haberler\/gundem\/buyuksehirden-yeni-bir-yasam-alani-daha-sorler-okuluna-cok-amacli-cevre-duzenlemesi\/","og_site_name":"Av. Deniz Can K\u0131z\u0131l","article_published_time":"2024-12-12T16:41:41+00:00","twitter_card":"summary_large_image","schema":{"@context":"https:\/\/schema.org","@graph":[{"@type":"Article","@id":"https:\/\/denizcankizil.tr\/en\/haberler\/gundem\/buyuksehirden-yeni-bir-yasam-alani-daha-sorler-okuluna-cok-amacli-cevre-duzenlemesi\/#article","isPartOf":{"@id":"https:\/\/denizcankizil.tr\/en\/haberler\/gundem\/buyuksehirden-yeni-bir-yasam-alani-daha-sorler-okuluna-cok-amacli-cevre-duzenlemesi\/"},"author":{"name":"","@id":""},"headline":"B\u00fcy\u00fck\u015fehir\u2019den yeni bir ya\u015fam alan\u0131 daha; S\u00f6rler Okulu\u2019na \u00e7ok ama\u00e7l\u0131 \u00e7evre d\u00fczenlemesi","datePublished":"2024-12-12T16:41:41+00:00","mainEntityOfPage":{"@id":"https:\/\/denizcankizil.tr\/en\/haberler\/gundem\/buyuksehirden-yeni-bir-yasam-alani-daha-sorler-okuluna-cok-amacli-cevre-duzenlemesi\/"},"wordCount":89,"commentCount":0,"publisher":{"@id":"https:\/\/denizcankizil.tr\/#organization"},"articleSection":["G\u00fcndem","Uncategorized"],"inLanguage":"uk","potentialAction":[{"@type":"CommentAction","name":"Comment","target":["https:\/\/denizcankizil.tr\/en\/haberler\/gundem\/buyuksehirden-yeni-bir-yasam-alani-daha-sorler-okuluna-cok-amacli-cevre-duzenlemesi\/#respond"]}]},{"@type":"WebPage","@id":"https:\/\/denizcankizil.tr\/en\/haberler\/gundem\/buyuksehirden-yeni-bir-yasam-alani-daha-sorler-okuluna-cok-amacli-cevre-duzenlemesi\/","url":"https:\/\/denizcankizil.tr\/en\/haberler\/gundem\/buyuksehirden-yeni-bir-yasam-alani-daha-sorler-okuluna-cok-amacli-cevre-duzenlemesi\/","name":"B\u00fcy\u00fck\u015fehir\u2019den yeni bir ya\u015fam alan\u0131 daha; S\u00f6rler Okulu\u2019na \u00e7ok ama\u00e7l\u0131 \u00e7evre d\u00fczenlemesi - Av. Deniz Can K\u0131z\u0131l","isPartOf":{"@id":"https:\/\/denizcankizil.tr\/#website"},"datePublished":"2024-12-12T16:41:41+00:00","breadcrumb":{"@id":"https:\/\/denizcankizil.tr\/en\/haberler\/gundem\/buyuksehirden-yeni-bir-yasam-alani-daha-sorler-okuluna-cok-amacli-cevre-duzenlemesi\/#breadcrumb"},"inLanguage":"uk","potentialAction":[{"@type":"ReadAction","target":["https:\/\/denizcankizil.tr\/en\/haberler\/gundem\/buyuksehirden-yeni-bir-yasam-alani-daha-sorler-okuluna-cok-amacli-cevre-duzenlemesi\/"]}]},{"@type":"BreadcrumbList","@id":"https:\/\/denizcankizil.tr\/en\/haberler\/gundem\/buyuksehirden-yeni-bir-yasam-alani-daha-sorler-okuluna-cok-amacli-cevre-duzenlemesi\/#breadcrumb","itemListElement":[{"@type":"ListItem","position":1,"name":"Home","item":"https:\/\/denizcankizil.tr\/de\/"},{"@type":"ListItem","position":2,"name":"B\u00fcy\u00fck\u015fehir\u2019den yeni bir ya\u015fam alan\u0131 daha; S\u00f6rler Okulu\u2019na \u00e7ok ama\u00e7l\u0131 \u00e7evre d\u00fczenlemesi"}]},{"@type":"WebSite","@id":"https:\/\/denizcankizil.tr\/#website","url":"https:\/\/denizcankizil.tr\/","name":"Av. Deniz Can K\u0131z\u0131l","description":"Avukat Deniz Can K\u0131z\u0131l Antalya Barosu","publisher":{"@id":"https:\/\/denizcankizil.tr\/#organization"},"potentialAction":[{"@type":"SearchAction","target":{"@type":"EntryPoint","urlTemplate":"https:\/\/denizcankizil.tr\/?s={search_term_string}"},"query-input":{"@type":"PropertyValueSpecification","valueRequired":true,"valueName":"search_term_string"}}],"inLanguage":"uk"},{"@type":"Organization","@id":"https:\/\/denizcankizil.tr\/#organization","name":"Av. Deniz Can K\u0131z\u0131l","url":"https:\/\/denizcankizil.tr\/","logo":{"@type":"ImageObject","inLanguage":"uk","@id":"https:\/\/denizcankizil.tr\/#\/schema\/logo\/image\/","url":"https:\/\/denizcankizil.tr\/wp-content\/uploads\/2024\/10\/siyah-logo-svg.svg","contentUrl":"https:\/\/denizcankizil.tr\/wp-content\/uploads\/2024\/10\/siyah-logo-svg.svg","width":1080,"height":1080,"caption":"Av. Deniz Can K\u0131z\u0131l"},"image":{"@id":"https:\/\/denizcankizil.tr\/#\/schema\/logo\/image\/"}}]}},"_links":{"self":[{"href":"https:\/\/denizcankizil.tr\/uk\/wp-json\/wp\/v2\/posts\/20385","targetHints":{"allow":["GET"]}}],"collection":[{"href":"https:\/\/denizcankizil.tr\/uk\/wp-json\/wp\/v2\/posts"}],"about":[{"href":"https:\/\/denizcankizil.tr\/uk\/wp-json\/wp\/v2\/types\/post"}],"replies":[{"embeddable":true,"href":"https:\/\/denizcankizil.tr\/uk\/wp-json\/wp\/v2\/comments?post=20385"}],"version-history":[{"count":0,"href":"https:\/\/denizcankizil.tr\/uk\/wp-json\/wp\/v2\/posts\/20385\/revisions"}],"wp:attachment":[{"href":"https:\/\/denizcankizil.tr\/uk\/wp-json\/wp\/v2\/media?parent=20385"}],"wp:term":[{"taxonomy":"category","embeddable":true,"href":"https:\/\/denizcankizil.tr\/uk\/wp-json\/wp\/v2\/categories?post=20385"},{"taxonomy":"post_tag","embeddable":true,"href":"https:\/\/denizcankizil.tr\/uk\/wp-json\/wp\/v2\/tags?post=20385"}],"curies":[{"name":"wp","href":"https:\/\/api.w.org\/{rel}","templated":true}]}}