{"id":20379,"date":"2024-12-12T19:41:38","date_gmt":"2024-12-12T16:41:38","guid":{"rendered":"https:\/\/denizcankizil.tr\/uncategorized-tr\/saunun-uluslararasi-ogrencileri-sakaryayi-kesfetti\/"},"modified":"2024-12-12T19:41:38","modified_gmt":"2024-12-12T16:41:38","slug":"saunun-uluslararasi-ogrencileri-sakaryayi-kesfetti","status":"publish","type":"post","link":"https:\/\/denizcankizil.tr\/uk\/haberler\/gundem\/saunun-uluslararasi-ogrencileri-sakaryayi-kesfetti\/","title":{"rendered":"SA\u00dc\u2019n\u00fcn uluslararas\u0131 \u00f6\u011frencileri Sakarya\u2019y\u0131 ke\u015ffetti"},"content":{"rendered":"<p>Sakarya B\u00fcy\u00fck\u015fehir Belediyesi, tan\u0131t\u0131m gezileri program\u0131yla SA\u00dc Uluslararas\u0131 \u00d6\u011frenci Toplulu\u011fu \u00fcyesi \u00e7ok say\u0131da \u00f6\u011frenciye Sakarya\u2019n\u0131n cennet k\u00f6\u015felerini, tarihini, k\u00fclt\u00fcr\u00fcn\u00fc tan\u0131tt\u0131.SAKARYA (\u0130GFA) &#8211;\u00a0Sakarya B\u00fcy\u00fck\u015fehir Belediyesi taraf\u0131ndan d\u00fczenlenen tan\u0131t\u0131m gezileri kapsam\u0131nda d\u00fcnyan\u0131n d\u00f6rt bir yan\u0131ndan, farl\u0131 renklerden misafir ve T\u00fcrkiye genelinden vatanda\u015flar Sakarya\u2019y\u0131 tan\u0131yor.<br \/>\nSAKARYA\u2019NIN CENNET K\u00d6\u015eELER\u0130<br \/>\nSon olarak Sakarya \u00dcniversitesi Uluslararas\u0131 \u00d6\u011frenci Toplulu\u011fu\u2019nun kat\u0131ld\u0131\u011f\u0131 tan\u0131t\u0131m program\u0131nda farkl\u0131 \u00fclkelerden uluslararas\u0131 \u00f6\u011frenciler \u015fehrin tarihini, k\u00fclt\u00fcr\u00fcn\u00fc, de\u011ferlerini ve cennet do\u011fas\u0131n\u0131 ke\u015ffetti.<br \/>\nE\u015eS\u0130Z MANZARA<br \/>\nProgram\u0131n ilk dura\u011f\u0131nda Sapanca \u0130l Orman\u0131 Tabiat Park\u0131\u2019nda y\u00fcr\u00fcy\u00fc\u015f yapan \u00f6\u011frenci grubu, sonras\u0131nda150 metre uzunlu\u011fundaki 2. Bayezid K\u00f6pr\u00fcs\u00fc\u2019n\u00fc gezdi.<br \/>\nDevam\u0131nda isePamukova Esentepe Seyir Teras\u0131\u2019n\u0131 gezen \u00f6\u011frenciler, e\u015fsiz manzarada keyifli vakit ge\u00e7irdi.<br \/>\nGEYVE VE TARAKLI\u2019DA TAR\u0130H<br \/>\nUzman rehberler e\u015fli\u011finde daha sonra ise Geyve\u2019de bulunan Ali Fuat Cebesoy M\u00fczesi\u2019ne gidildi.<br \/>\nTarihi eserleri yerinde inceleme f\u0131rsat\u0131 bulan \u00f6\u011frenciler, unutulmaz bir deneyim ya\u015fad\u0131klar\u0131 g\u00fcn\u00fc Tarihi Tarakl\u0131 Evleri, Tarakl\u0131 \u00c7ar\u015f\u0131s\u0131 ve Tarakl\u0131\u2019da bulunan tarihi \u00e7\u0131nar\u0131 ziyaret ederek sonland\u0131rd\u0131.<\/p>\n<p>\u200bSakarya B\u00fcy\u00fck\u015fehir Belediyesi, tan\u0131t\u0131m gezileri program\u0131yla SA\u00dc Uluslararas\u0131 \u00d6\u011frenci Toplulu\u011fu \u00fcyesi \u00e7ok say\u0131da \u00f6\u011frenciye Sakarya\u2019n\u0131n cennet k\u00f6\u015felerini, tarihini, k\u00fclt\u00fcr\u00fcn\u00fc tan\u0131tt\u0131.SAKARYA (\u0130GFA) &#8211;\u00a0Sakarya B\u00fcy\u00fck\u015fehir Belediyesi taraf\u0131ndan d\u00fczenlenen tan\u0131t\u0131m gezileri kapsam\u0131nda d\u00fcnyan\u0131n d\u00f6rt bir yan\u0131ndan, farl\u0131 renklerden misafir ve T\u00fcrkiye genelinden vatanda\u015flar Sakarya\u2019y\u0131 tan\u0131yor.<br \/>\nSAKARYA\u2019NIN CENNET K\u00d6\u015eELER\u0130<br \/>\nSon olarak Sakarya \u00dcniversitesi Uluslararas\u0131 \u00d6\u011frenci Toplulu\u011fu\u2019nun kat\u0131ld\u0131\u011f\u0131 tan\u0131t\u0131m program\u0131nda farkl\u0131 \u00fclkelerden uluslararas\u0131 \u00f6\u011frenciler \u015fehrin tarihini, k\u00fclt\u00fcr\u00fcn\u00fc, de\u011ferlerini ve cennet do\u011fas\u0131n\u0131 ke\u015ffetti.<br \/>\nE\u015eS\u0130Z MANZARA<br \/>\nProgram\u0131n ilk dura\u011f\u0131nda Sapanca \u0130l Orman\u0131 Tabiat Park\u0131\u2019nda y\u00fcr\u00fcy\u00fc\u015f yapan \u00f6\u011frenci grubu, sonras\u0131nda150 metre uzunlu\u011fundaki 2. Bayezid K\u00f6pr\u00fcs\u00fc\u2019n\u00fc gezdi.<br \/>\nDevam\u0131nda isePamukova Esentepe Seyir Teras\u0131\u2019n\u0131 gezen \u00f6\u011frenciler, e\u015fsiz manzarada keyifli vakit ge\u00e7irdi.<br \/>\nGEYVE VE TARAKLI\u2019DA TAR\u0130H<br \/>\nUzman rehberler e\u015fli\u011finde daha sonra ise Geyve\u2019de bulunan Ali Fuat Cebesoy M\u00fczesi\u2019ne gidildi.<br \/>\nTarihi eserleri yerinde inceleme f\u0131rsat\u0131 bulan \u00f6\u011frenciler, unutulmaz bir deneyim ya\u015fad\u0131klar\u0131 g\u00fcn\u00fc Tarihi Tarakl\u0131 Evleri, Tarakl\u0131 \u00c7ar\u015f\u0131s\u0131 ve Tarakl\u0131\u2019da bulunan tarihi \u00e7\u0131nar\u0131 ziyaret ederek sonland\u0131rd\u0131.\u00a0<\/p>\n<p>\u200bHaberin Al\u0131nt\u0131land\u0131\u011f\u0131 Kaynak: www.iskenderun.org<\/p>","protected":false},"excerpt":{"rendered":"<p>Sakarya B\u00fcy\u00fck\u015fehir Belediyesi, tan\u0131t\u0131m gezileri program\u0131yla SA\u00dc Uluslararas\u0131 \u00d6\u011frenci Toplulu\u011fu \u00fcyesi \u00e7ok say\u0131da \u00f6\u011frenciye Sakarya\u2019n\u0131n cennet k\u00f6\u015felerini, tarihini, k\u00fclt\u00fcr\u00fcn\u00fc tan\u0131tt\u0131.SAKARYA (\u0130GFA) &#8211;\u00a0Sakarya B\u00fcy\u00fck\u015fehir Belediyesi taraf\u0131ndan d\u00fczenlenen tan\u0131t\u0131m gezileri kapsam\u0131nda d\u00fcnyan\u0131n d\u00f6rt bir yan\u0131ndan, farl\u0131 renklerden misafir ve T\u00fcrkiye genelinden vatanda\u015flar Sakarya\u2019y\u0131 tan\u0131yor. SAKARYA\u2019NIN CENNET K\u00d6\u015eELER\u0130 Son olarak Sakarya \u00dcniversitesi Uluslararas\u0131 \u00d6\u011frenci Toplulu\u011fu\u2019nun kat\u0131ld\u0131\u011f\u0131 tan\u0131t\u0131m program\u0131nda farkl\u0131 \u00fclkelerden uluslararas\u0131 \u00f6\u011frenciler \u015fehrin tarihini, k\u00fclt\u00fcr\u00fcn\u00fc, de\u011ferlerini ve cennet do\u011fas\u0131n\u0131 ke\u015ffetti. E\u015eS\u0130Z MANZARA Program\u0131n ilk dura\u011f\u0131nda Sapanca \u0130l Orman\u0131 Tabiat Park\u0131\u2019nda y\u00fcr\u00fcy\u00fc\u015f yapan \u00f6\u011frenci grubu, sonras\u0131nda150 metre uzunlu\u011fundaki 2. Bayezid K\u00f6pr\u00fcs\u00fc\u2019n\u00fc gezdi. Devam\u0131nda isePamukova Esentepe Seyir Teras\u0131\u2019n\u0131 gezen \u00f6\u011frenciler, e\u015fsiz manzarada keyifli vakit ge\u00e7irdi. GEYVE VE TARAKLI\u2019DA TAR\u0130H Uzman rehberler e\u015fli\u011finde daha sonra ise Geyve\u2019de bulunan Ali Fuat Cebesoy M\u00fczesi\u2019ne gidildi. Tarihi eserleri yerinde inceleme f\u0131rsat\u0131 bulan \u00f6\u011frenciler, unutulmaz bir deneyim ya\u015fad\u0131klar\u0131 g\u00fcn\u00fc Tarihi Tarakl\u0131 Evleri, Tarakl\u0131 \u00c7ar\u015f\u0131s\u0131 ve Tarakl\u0131\u2019da bulunan tarihi \u00e7\u0131nar\u0131 ziyaret ederek sonland\u0131rd\u0131. \u200bSakarya B\u00fcy\u00fck\u015fehir Belediyesi, tan\u0131t\u0131m gezileri program\u0131yla SA\u00dc Uluslararas\u0131 \u00d6\u011frenci Toplulu\u011fu \u00fcyesi \u00e7ok say\u0131da \u00f6\u011frenciye Sakarya\u2019n\u0131n cennet k\u00f6\u015felerini, tarihini, k\u00fclt\u00fcr\u00fcn\u00fc tan\u0131tt\u0131.SAKARYA (\u0130GFA) &#8211;\u00a0Sakarya B\u00fcy\u00fck\u015fehir Belediyesi taraf\u0131ndan d\u00fczenlenen tan\u0131t\u0131m gezileri kapsam\u0131nda d\u00fcnyan\u0131n d\u00f6rt bir yan\u0131ndan, farl\u0131 renklerden misafir ve T\u00fcrkiye genelinden vatanda\u015flar Sakarya\u2019y\u0131 tan\u0131yor. SAKARYA\u2019NIN CENNET K\u00d6\u015eELER\u0130 Son olarak Sakarya \u00dcniversitesi Uluslararas\u0131 \u00d6\u011frenci Toplulu\u011fu\u2019nun kat\u0131ld\u0131\u011f\u0131 tan\u0131t\u0131m program\u0131nda farkl\u0131 \u00fclkelerden uluslararas\u0131 &hellip;<\/p>","protected":false},"author":0,"featured_media":0,"comment_status":"open","ping_status":"open","sticky":false,"template":"","format":"standard","meta":{"_acf_changed":false,"footnotes":""},"categories":[24,535],"tags":[],"class_list":["post-20379","post","type-post","status-publish","format-standard","has-post-thumbnail","hentry","category-gundem","category-uncategorized-tr"],"acf":[],"yoast_head":"<!-- This site is optimized with the Yoast SEO Premium plugin v26.6 (Yoast SEO v27.1.1) - https:\/\/yoast.com\/product\/yoast-seo-premium-wordpress\/ -->\n<title>SA\u00dc\u2019n\u00fcn uluslararas\u0131 \u00f6\u011frencileri Sakarya\u2019y\u0131 ke\u015ffetti - Av. Deniz Can K\u0131z\u0131l<\/title>\n<meta name=\"robots\" content=\"index, follow, max-snippet:-1, max-image-preview:large, max-video-preview:-1\" \/>\n<link rel=\"canonical\" href=\"https:\/\/denizcankizil.tr\/uk\/haberler\/gundem\/saunun-uluslararasi-ogrencileri-sakaryayi-kesfetti\/\" \/>\n<meta property=\"og:locale\" content=\"uk_UA\" \/>\n<meta property=\"og:type\" content=\"article\" \/>\n<meta property=\"og:title\" content=\"SA\u00dc\u2019n\u00fcn uluslararas\u0131 \u00f6\u011frencileri Sakarya\u2019y\u0131 ke\u015ffetti\" \/>\n<meta property=\"og:description\" content=\"Sakarya B\u00fcy\u00fck\u015fehir Belediyesi, tan\u0131t\u0131m gezileri program\u0131yla SA\u00dc Uluslararas\u0131 \u00d6\u011frenci Toplulu\u011fu \u00fcyesi \u00e7ok say\u0131da \u00f6\u011frenciye Sakarya\u2019n\u0131n cennet k\u00f6\u015felerini, tarihini, k\u00fclt\u00fcr\u00fcn\u00fc tan\u0131tt\u0131.SAKARYA (\u0130GFA) &#8211;\u00a0Sakarya B\u00fcy\u00fck\u015fehir Belediyesi taraf\u0131ndan d\u00fczenlenen tan\u0131t\u0131m gezileri kapsam\u0131nda d\u00fcnyan\u0131n d\u00f6rt bir yan\u0131ndan, farl\u0131 renklerden misafir ve T\u00fcrkiye genelinden vatanda\u015flar Sakarya\u2019y\u0131 tan\u0131yor. SAKARYA\u2019NIN CENNET K\u00d6\u015eELER\u0130 Son olarak Sakarya \u00dcniversitesi Uluslararas\u0131 \u00d6\u011frenci Toplulu\u011fu\u2019nun kat\u0131ld\u0131\u011f\u0131 tan\u0131t\u0131m program\u0131nda farkl\u0131 \u00fclkelerden uluslararas\u0131 \u00f6\u011frenciler \u015fehrin tarihini, k\u00fclt\u00fcr\u00fcn\u00fc, de\u011ferlerini ve cennet do\u011fas\u0131n\u0131 ke\u015ffetti. E\u015eS\u0130Z MANZARA Program\u0131n ilk dura\u011f\u0131nda Sapanca \u0130l Orman\u0131 Tabiat Park\u0131\u2019nda y\u00fcr\u00fcy\u00fc\u015f yapan \u00f6\u011frenci grubu, sonras\u0131nda150 metre uzunlu\u011fundaki 2. Bayezid K\u00f6pr\u00fcs\u00fc\u2019n\u00fc gezdi. Devam\u0131nda isePamukova Esentepe Seyir Teras\u0131\u2019n\u0131 gezen \u00f6\u011frenciler, e\u015fsiz manzarada keyifli vakit ge\u00e7irdi. GEYVE VE TARAKLI\u2019DA TAR\u0130H Uzman rehberler e\u015fli\u011finde daha sonra ise Geyve\u2019de bulunan Ali Fuat Cebesoy M\u00fczesi\u2019ne gidildi. Tarihi eserleri yerinde inceleme f\u0131rsat\u0131 bulan \u00f6\u011frenciler, unutulmaz bir deneyim ya\u015fad\u0131klar\u0131 g\u00fcn\u00fc Tarihi Tarakl\u0131 Evleri, Tarakl\u0131 \u00c7ar\u015f\u0131s\u0131 ve Tarakl\u0131\u2019da bulunan tarihi \u00e7\u0131nar\u0131 ziyaret ederek sonland\u0131rd\u0131. \u200bSakarya B\u00fcy\u00fck\u015fehir Belediyesi, tan\u0131t\u0131m gezileri program\u0131yla SA\u00dc Uluslararas\u0131 \u00d6\u011frenci Toplulu\u011fu \u00fcyesi \u00e7ok say\u0131da \u00f6\u011frenciye Sakarya\u2019n\u0131n cennet k\u00f6\u015felerini, tarihini, k\u00fclt\u00fcr\u00fcn\u00fc tan\u0131tt\u0131.SAKARYA (\u0130GFA) &#8211;\u00a0Sakarya B\u00fcy\u00fck\u015fehir Belediyesi taraf\u0131ndan d\u00fczenlenen tan\u0131t\u0131m gezileri kapsam\u0131nda d\u00fcnyan\u0131n d\u00f6rt bir yan\u0131ndan, farl\u0131 renklerden misafir ve T\u00fcrkiye genelinden vatanda\u015flar Sakarya\u2019y\u0131 tan\u0131yor. SAKARYA\u2019NIN CENNET K\u00d6\u015eELER\u0130 Son olarak Sakarya \u00dcniversitesi Uluslararas\u0131 \u00d6\u011frenci Toplulu\u011fu\u2019nun kat\u0131ld\u0131\u011f\u0131 tan\u0131t\u0131m program\u0131nda farkl\u0131 \u00fclkelerden uluslararas\u0131 &hellip;\" \/>\n<meta property=\"og:url\" content=\"https:\/\/denizcankizil.tr\/uk\/haberler\/gundem\/saunun-uluslararasi-ogrencileri-sakaryayi-kesfetti\/\" \/>\n<meta property=\"og:site_name\" content=\"Av. Deniz Can K\u0131z\u0131l\" \/>\n<meta property=\"article:published_time\" content=\"2024-12-12T16:41:38+00:00\" \/>\n<meta name=\"twitter:card\" content=\"summary_large_image\" \/>\n<meta name=\"twitter:label1\" content=\"\u041f\u0440\u0438\u0431\u043b. \u0447\u0430\u0441 \u0447\u0438\u0442\u0430\u043d\u043d\u044f\" \/>\n\t<meta name=\"twitter:data1\" content=\"2 \u0445\u0432\u0438\u043b\u0438\u043d\u0438\" \/>\n<script type=\"application\/ld+json\" class=\"yoast-schema-graph\">{\"@context\":\"https:\/\/schema.org\",\"@graph\":[{\"@type\":\"Article\",\"@id\":\"https:\/\/denizcankizil.tr\/ru\/haberler\/gundem\/saunun-uluslararasi-ogrencileri-sakaryayi-kesfetti\/#article\",\"isPartOf\":{\"@id\":\"https:\/\/denizcankizil.tr\/ru\/haberler\/gundem\/saunun-uluslararasi-ogrencileri-sakaryayi-kesfetti\/\"},\"author\":{\"name\":\"\",\"@id\":\"\"},\"headline\":\"SA\u00dc\u2019n\u00fcn uluslararas\u0131 \u00f6\u011frencileri Sakarya\u2019y\u0131 ke\u015ffetti\",\"datePublished\":\"2024-12-12T16:41:38+00:00\",\"mainEntityOfPage\":{\"@id\":\"https:\/\/denizcankizil.tr\/ru\/haberler\/gundem\/saunun-uluslararasi-ogrencileri-sakaryayi-kesfetti\/\"},\"wordCount\":455,\"commentCount\":0,\"publisher\":{\"@id\":\"https:\/\/denizcankizil.tr\/de\/#organization\"},\"articleSection\":[\"G\u00fcndem\",\"Uncategorized\"],\"inLanguage\":\"uk\",\"potentialAction\":[{\"@type\":\"CommentAction\",\"name\":\"Comment\",\"target\":[\"https:\/\/denizcankizil.tr\/ru\/haberler\/gundem\/saunun-uluslararasi-ogrencileri-sakaryayi-kesfetti\/#respond\"]}]},{\"@type\":\"WebPage\",\"@id\":\"https:\/\/denizcankizil.tr\/ru\/haberler\/gundem\/saunun-uluslararasi-ogrencileri-sakaryayi-kesfetti\/\",\"url\":\"https:\/\/denizcankizil.tr\/ru\/haberler\/gundem\/saunun-uluslararasi-ogrencileri-sakaryayi-kesfetti\/\",\"name\":\"SA\u00dc\u2019n\u00fcn uluslararas\u0131 \u00f6\u011frencileri Sakarya\u2019y\u0131 ke\u015ffetti - Av. Deniz Can K\u0131z\u0131l\",\"isPartOf\":{\"@id\":\"https:\/\/denizcankizil.tr\/de\/#website\"},\"datePublished\":\"2024-12-12T16:41:38+00:00\",\"breadcrumb\":{\"@id\":\"https:\/\/denizcankizil.tr\/ru\/haberler\/gundem\/saunun-uluslararasi-ogrencileri-sakaryayi-kesfetti\/#breadcrumb\"},\"inLanguage\":\"uk\",\"potentialAction\":[{\"@type\":\"ReadAction\",\"target\":[\"https:\/\/denizcankizil.tr\/ru\/haberler\/gundem\/saunun-uluslararasi-ogrencileri-sakaryayi-kesfetti\/\"]}]},{\"@type\":\"BreadcrumbList\",\"@id\":\"https:\/\/denizcankizil.tr\/ru\/haberler\/gundem\/saunun-uluslararasi-ogrencileri-sakaryayi-kesfetti\/#breadcrumb\",\"itemListElement\":[{\"@type\":\"ListItem\",\"position\":1,\"name\":\"Home\",\"item\":\"https:\/\/denizcankizil.tr\/de\/\"},{\"@type\":\"ListItem\",\"position\":2,\"name\":\"SA\u00dc\u2019n\u00fcn uluslararas\u0131 \u00f6\u011frencileri Sakarya\u2019y\u0131 ke\u015ffetti\"}]},{\"@type\":\"WebSite\",\"@id\":\"https:\/\/denizcankizil.tr\/de\/#website\",\"url\":\"https:\/\/denizcankizil.tr\/de\/\",\"name\":\"Av. Deniz Can K\u0131z\u0131l\",\"description\":\"Avukat Deniz Can K\u0131z\u0131l Antalya Barosu\",\"publisher\":{\"@id\":\"https:\/\/denizcankizil.tr\/de\/#organization\"},\"potentialAction\":[{\"@type\":\"SearchAction\",\"target\":{\"@type\":\"EntryPoint\",\"urlTemplate\":\"https:\/\/denizcankizil.tr\/de\/?s={search_term_string}\"},\"query-input\":{\"@type\":\"PropertyValueSpecification\",\"valueRequired\":true,\"valueName\":\"search_term_string\"}}],\"inLanguage\":\"uk\"},{\"@type\":\"Organization\",\"@id\":\"https:\/\/denizcankizil.tr\/de\/#organization\",\"name\":\"Av. Deniz Can K\u0131z\u0131l\",\"url\":\"https:\/\/denizcankizil.tr\/de\/\",\"logo\":{\"@type\":\"ImageObject\",\"inLanguage\":\"uk\",\"@id\":\"https:\/\/denizcankizil.tr\/de\/#\/schema\/logo\/image\/\",\"url\":\"https:\/\/denizcankizil.tr\/wp-content\/uploads\/2024\/10\/siyah-logo-svg.svg\",\"contentUrl\":\"https:\/\/denizcankizil.tr\/wp-content\/uploads\/2024\/10\/siyah-logo-svg.svg\",\"width\":1080,\"height\":1080,\"caption\":\"Av. Deniz Can K\u0131z\u0131l\"},\"image\":{\"@id\":\"https:\/\/denizcankizil.tr\/de\/#\/schema\/logo\/image\/\"}}]}<\/script>\n<!-- \/ Yoast SEO Premium plugin. -->","yoast_head_json":{"title":"SA\u00dc\u2019n\u00fcn uluslararas\u0131 \u00f6\u011frencileri Sakarya\u2019y\u0131 ke\u015ffetti - Av. Deniz Can K\u0131z\u0131l","robots":{"index":"index","follow":"follow","max-snippet":"max-snippet:-1","max-image-preview":"max-image-preview:large","max-video-preview":"max-video-preview:-1"},"canonical":"https:\/\/denizcankizil.tr\/uk\/haberler\/gundem\/saunun-uluslararasi-ogrencileri-sakaryayi-kesfetti\/","og_locale":"uk_UA","og_type":"article","og_title":"SA\u00dc\u2019n\u00fcn uluslararas\u0131 \u00f6\u011frencileri Sakarya\u2019y\u0131 ke\u015ffetti","og_description":"Sakarya B\u00fcy\u00fck\u015fehir Belediyesi, tan\u0131t\u0131m gezileri program\u0131yla SA\u00dc Uluslararas\u0131 \u00d6\u011frenci Toplulu\u011fu \u00fcyesi \u00e7ok say\u0131da \u00f6\u011frenciye Sakarya\u2019n\u0131n cennet k\u00f6\u015felerini, tarihini, k\u00fclt\u00fcr\u00fcn\u00fc tan\u0131tt\u0131.SAKARYA (\u0130GFA) &#8211;\u00a0Sakarya B\u00fcy\u00fck\u015fehir Belediyesi taraf\u0131ndan d\u00fczenlenen tan\u0131t\u0131m gezileri kapsam\u0131nda d\u00fcnyan\u0131n d\u00f6rt bir yan\u0131ndan, farl\u0131 renklerden misafir ve T\u00fcrkiye genelinden vatanda\u015flar Sakarya\u2019y\u0131 tan\u0131yor. SAKARYA\u2019NIN CENNET K\u00d6\u015eELER\u0130 Son olarak Sakarya \u00dcniversitesi Uluslararas\u0131 \u00d6\u011frenci Toplulu\u011fu\u2019nun kat\u0131ld\u0131\u011f\u0131 tan\u0131t\u0131m program\u0131nda farkl\u0131 \u00fclkelerden uluslararas\u0131 \u00f6\u011frenciler \u015fehrin tarihini, k\u00fclt\u00fcr\u00fcn\u00fc, de\u011ferlerini ve cennet do\u011fas\u0131n\u0131 ke\u015ffetti. E\u015eS\u0130Z MANZARA Program\u0131n ilk dura\u011f\u0131nda Sapanca \u0130l Orman\u0131 Tabiat Park\u0131\u2019nda y\u00fcr\u00fcy\u00fc\u015f yapan \u00f6\u011frenci grubu, sonras\u0131nda150 metre uzunlu\u011fundaki 2. Bayezid K\u00f6pr\u00fcs\u00fc\u2019n\u00fc gezdi. Devam\u0131nda isePamukova Esentepe Seyir Teras\u0131\u2019n\u0131 gezen \u00f6\u011frenciler, e\u015fsiz manzarada keyifli vakit ge\u00e7irdi. GEYVE VE TARAKLI\u2019DA TAR\u0130H Uzman rehberler e\u015fli\u011finde daha sonra ise Geyve\u2019de bulunan Ali Fuat Cebesoy M\u00fczesi\u2019ne gidildi. Tarihi eserleri yerinde inceleme f\u0131rsat\u0131 bulan \u00f6\u011frenciler, unutulmaz bir deneyim ya\u015fad\u0131klar\u0131 g\u00fcn\u00fc Tarihi Tarakl\u0131 Evleri, Tarakl\u0131 \u00c7ar\u015f\u0131s\u0131 ve Tarakl\u0131\u2019da bulunan tarihi \u00e7\u0131nar\u0131 ziyaret ederek sonland\u0131rd\u0131. \u200bSakarya B\u00fcy\u00fck\u015fehir Belediyesi, tan\u0131t\u0131m gezileri program\u0131yla SA\u00dc Uluslararas\u0131 \u00d6\u011frenci Toplulu\u011fu \u00fcyesi \u00e7ok say\u0131da \u00f6\u011frenciye Sakarya\u2019n\u0131n cennet k\u00f6\u015felerini, tarihini, k\u00fclt\u00fcr\u00fcn\u00fc tan\u0131tt\u0131.SAKARYA (\u0130GFA) &#8211;\u00a0Sakarya B\u00fcy\u00fck\u015fehir Belediyesi taraf\u0131ndan d\u00fczenlenen tan\u0131t\u0131m gezileri kapsam\u0131nda d\u00fcnyan\u0131n d\u00f6rt bir yan\u0131ndan, farl\u0131 renklerden misafir ve T\u00fcrkiye genelinden vatanda\u015flar Sakarya\u2019y\u0131 tan\u0131yor. SAKARYA\u2019NIN CENNET K\u00d6\u015eELER\u0130 Son olarak Sakarya \u00dcniversitesi Uluslararas\u0131 \u00d6\u011frenci Toplulu\u011fu\u2019nun kat\u0131ld\u0131\u011f\u0131 tan\u0131t\u0131m program\u0131nda farkl\u0131 \u00fclkelerden uluslararas\u0131 &hellip;","og_url":"https:\/\/denizcankizil.tr\/uk\/haberler\/gundem\/saunun-uluslararasi-ogrencileri-sakaryayi-kesfetti\/","og_site_name":"Av. Deniz Can K\u0131z\u0131l","article_published_time":"2024-12-12T16:41:38+00:00","twitter_card":"summary_large_image","twitter_misc":{"\u041f\u0440\u0438\u0431\u043b. \u0447\u0430\u0441 \u0447\u0438\u0442\u0430\u043d\u043d\u044f":"2 \u0445\u0432\u0438\u043b\u0438\u043d\u0438"},"schema":{"@context":"https:\/\/schema.org","@graph":[{"@type":"Article","@id":"https:\/\/denizcankizil.tr\/ru\/haberler\/gundem\/saunun-uluslararasi-ogrencileri-sakaryayi-kesfetti\/#article","isPartOf":{"@id":"https:\/\/denizcankizil.tr\/ru\/haberler\/gundem\/saunun-uluslararasi-ogrencileri-sakaryayi-kesfetti\/"},"author":{"name":"","@id":""},"headline":"SA\u00dc\u2019n\u00fcn uluslararas\u0131 \u00f6\u011frencileri Sakarya\u2019y\u0131 ke\u015ffetti","datePublished":"2024-12-12T16:41:38+00:00","mainEntityOfPage":{"@id":"https:\/\/denizcankizil.tr\/ru\/haberler\/gundem\/saunun-uluslararasi-ogrencileri-sakaryayi-kesfetti\/"},"wordCount":455,"commentCount":0,"publisher":{"@id":"https:\/\/denizcankizil.tr\/de\/#organization"},"articleSection":["G\u00fcndem","Uncategorized"],"inLanguage":"uk","potentialAction":[{"@type":"CommentAction","name":"Comment","target":["https:\/\/denizcankizil.tr\/ru\/haberler\/gundem\/saunun-uluslararasi-ogrencileri-sakaryayi-kesfetti\/#respond"]}]},{"@type":"WebPage","@id":"https:\/\/denizcankizil.tr\/ru\/haberler\/gundem\/saunun-uluslararasi-ogrencileri-sakaryayi-kesfetti\/","url":"https:\/\/denizcankizil.tr\/ru\/haberler\/gundem\/saunun-uluslararasi-ogrencileri-sakaryayi-kesfetti\/","name":"SA\u00dc\u2019n\u00fcn uluslararas\u0131 \u00f6\u011frencileri Sakarya\u2019y\u0131 ke\u015ffetti - Av. Deniz Can K\u0131z\u0131l","isPartOf":{"@id":"https:\/\/denizcankizil.tr\/de\/#website"},"datePublished":"2024-12-12T16:41:38+00:00","breadcrumb":{"@id":"https:\/\/denizcankizil.tr\/ru\/haberler\/gundem\/saunun-uluslararasi-ogrencileri-sakaryayi-kesfetti\/#breadcrumb"},"inLanguage":"uk","potentialAction":[{"@type":"ReadAction","target":["https:\/\/denizcankizil.tr\/ru\/haberler\/gundem\/saunun-uluslararasi-ogrencileri-sakaryayi-kesfetti\/"]}]},{"@type":"BreadcrumbList","@id":"https:\/\/denizcankizil.tr\/ru\/haberler\/gundem\/saunun-uluslararasi-ogrencileri-sakaryayi-kesfetti\/#breadcrumb","itemListElement":[{"@type":"ListItem","position":1,"name":"Home","item":"https:\/\/denizcankizil.tr\/de\/"},{"@type":"ListItem","position":2,"name":"SA\u00dc\u2019n\u00fcn uluslararas\u0131 \u00f6\u011frencileri Sakarya\u2019y\u0131 ke\u015ffetti"}]},{"@type":"WebSite","@id":"https:\/\/denizcankizil.tr\/de\/#website","url":"https:\/\/denizcankizil.tr\/de\/","name":"Av. Deniz Can K\u0131z\u0131l","description":"Avukat Deniz Can K\u0131z\u0131l Antalya Barosu","publisher":{"@id":"https:\/\/denizcankizil.tr\/de\/#organization"},"potentialAction":[{"@type":"SearchAction","target":{"@type":"EntryPoint","urlTemplate":"https:\/\/denizcankizil.tr\/de\/?s={search_term_string}"},"query-input":{"@type":"PropertyValueSpecification","valueRequired":true,"valueName":"search_term_string"}}],"inLanguage":"uk"},{"@type":"Organization","@id":"https:\/\/denizcankizil.tr\/de\/#organization","name":"Av. Deniz Can K\u0131z\u0131l","url":"https:\/\/denizcankizil.tr\/de\/","logo":{"@type":"ImageObject","inLanguage":"uk","@id":"https:\/\/denizcankizil.tr\/de\/#\/schema\/logo\/image\/","url":"https:\/\/denizcankizil.tr\/wp-content\/uploads\/2024\/10\/siyah-logo-svg.svg","contentUrl":"https:\/\/denizcankizil.tr\/wp-content\/uploads\/2024\/10\/siyah-logo-svg.svg","width":1080,"height":1080,"caption":"Av. Deniz Can K\u0131z\u0131l"},"image":{"@id":"https:\/\/denizcankizil.tr\/de\/#\/schema\/logo\/image\/"}}]}},"_links":{"self":[{"href":"https:\/\/denizcankizil.tr\/uk\/wp-json\/wp\/v2\/posts\/20379","targetHints":{"allow":["GET"]}}],"collection":[{"href":"https:\/\/denizcankizil.tr\/uk\/wp-json\/wp\/v2\/posts"}],"about":[{"href":"https:\/\/denizcankizil.tr\/uk\/wp-json\/wp\/v2\/types\/post"}],"replies":[{"embeddable":true,"href":"https:\/\/denizcankizil.tr\/uk\/wp-json\/wp\/v2\/comments?post=20379"}],"version-history":[{"count":0,"href":"https:\/\/denizcankizil.tr\/uk\/wp-json\/wp\/v2\/posts\/20379\/revisions"}],"wp:attachment":[{"href":"https:\/\/denizcankizil.tr\/uk\/wp-json\/wp\/v2\/media?parent=20379"}],"wp:term":[{"taxonomy":"category","embeddable":true,"href":"https:\/\/denizcankizil.tr\/uk\/wp-json\/wp\/v2\/categories?post=20379"},{"taxonomy":"post_tag","embeddable":true,"href":"https:\/\/denizcankizil.tr\/uk\/wp-json\/wp\/v2\/tags?post=20379"}],"curies":[{"name":"wp","href":"https:\/\/api.w.org\/{rel}","templated":true}]}}