{"id":20344,"date":"2024-12-12T14:41:34","date_gmt":"2024-12-12T11:41:34","guid":{"rendered":"https:\/\/denizcankizil.tr\/uncategorized-tr\/alanya-belediyesinden-akaryakitta-tasarruf\/"},"modified":"2024-12-12T14:41:34","modified_gmt":"2024-12-12T11:41:34","slug":"alanya-belediyesinden-akaryakitta-tasarruf","status":"publish","type":"post","link":"https:\/\/denizcankizil.tr\/uk\/haberler\/antalya\/alanya-belediyesinden-akaryakitta-tasarruf\/","title":{"rendered":"Alanya Belediyesi&#8217;nden akaryak\u0131tta tasarruf"},"content":{"rendered":"<p>\u0130sraf\u0131 \u00f6nlemek ve belediye gelirlerinin verimli kullan\u0131lmas\u0131n\u0131 sa\u011flamak amac\u0131yla akaryak\u0131t konusunda ad\u0131m atan Alanya Belediyesi, b\u00fcnyesindeki ara\u00e7lar\u0131n sevk ve idaresini planl\u0131, programl\u0131 bir \u015fekilde haz\u0131rlad\u0131. B\u00f6ylelikle ciddi oranda tasarruf sa\u011fland\u0131. Nisan&#8217;da akaryak\u0131ttan y\u00fczde 27,82 oran\u0131nda tasarruf yap\u0131l\u0131rken, Kas\u0131m ay\u0131 sonuna kadar ge\u00e7en 8 ayl\u0131k s\u00fcre\u00e7te ise ayl\u0131k ortalama y\u00fczde 20,52 tasarruf sa\u011fland\u0131. S\u00f6z konusu s\u00fcre\u00e7te akaryak\u0131tta toplam yap\u0131lan tasarruf 682 bin 585 litre oldu. \u00d6te yandan titizlikle y\u00fcr\u00fct\u00fclen hizmetlerde aksama ya\u015fanmad\u0131\u011f\u0131 g\u00f6r\u00fcld\u00fc.<br \/>\nBelediyenin mali disiplini ve verimlili\u011fi konusunda taviz vermeden \u00e7al\u0131\u015fmalar\u0131 hassasiyetle s\u00fcrd\u00fcrd\u00fcklerini vurgulayan Alanya Belediye Ba\u015fkan\u0131 Osman Tar\u0131k \u00d6z\u00e7elik, \u201cYap\u0131lan \u00e7al\u0131\u015fmalar\u0131 azaltmadan, hizmet kalitesini daha da yukar\u0131ya ta\u015f\u0131rken, akaryak\u0131ttan tasarruf etmeyi ba\u015fard\u0131k. 8 ayda 700 bin litreye yak\u0131n tasarruf yapt\u0131k. Sadece akaryak\u0131t de\u011fil, t\u00fcm kalemlerde gereksiz harcamalar\u0131n \u00f6n\u00fcne ge\u00e7meye, beyt\u00fclmali korumaya devam ediyoruz. Bu konuda \u00e7ok kararl\u0131y\u0131z ve taviz vermeyece\u011fiz\u201d dedi.<\/p>\n<p>Kaynak: www.kanalv.com.tr Haber Sitesinden Al\u0131nm\u0131\u015ft\u0131r.<\/p>","protected":false},"excerpt":{"rendered":"<p>\u0130sraf\u0131 \u00f6nlemek ve belediye gelirlerinin verimli kullan\u0131lmas\u0131n\u0131 sa\u011flamak amac\u0131yla akaryak\u0131t konusunda ad\u0131m atan Alanya Belediyesi, b\u00fcnyesindeki ara\u00e7lar\u0131n sevk ve idaresini planl\u0131, programl\u0131 bir \u015fekilde haz\u0131rlad\u0131. B\u00f6ylelikle ciddi oranda tasarruf sa\u011fland\u0131. Nisan&#8217;da akaryak\u0131ttan y\u00fczde 27,82 oran\u0131nda tasarruf yap\u0131l\u0131rken, Kas\u0131m ay\u0131 sonuna kadar ge\u00e7en 8 ayl\u0131k s\u00fcre\u00e7te ise ayl\u0131k ortalama y\u00fczde 20,52 tasarruf sa\u011fland\u0131. S\u00f6z konusu s\u00fcre\u00e7te akaryak\u0131tta toplam yap\u0131lan tasarruf 682 bin 585 litre oldu. \u00d6te yandan titizlikle y\u00fcr\u00fct\u00fclen hizmetlerde aksama ya\u015fanmad\u0131\u011f\u0131 g\u00f6r\u00fcld\u00fc. Belediyenin mali disiplini ve verimlili\u011fi konusunda taviz vermeden \u00e7al\u0131\u015fmalar\u0131 hassasiyetle s\u00fcrd\u00fcrd\u00fcklerini vurgulayan Alanya Belediye Ba\u015fkan\u0131 Osman Tar\u0131k \u00d6z\u00e7elik, \u201cYap\u0131lan \u00e7al\u0131\u015fmalar\u0131 azaltmadan, hizmet kalitesini daha da yukar\u0131ya ta\u015f\u0131rken, akaryak\u0131ttan tasarruf etmeyi ba\u015fard\u0131k. 8 ayda 700 bin litreye yak\u0131n tasarruf yapt\u0131k. Sadece akaryak\u0131t de\u011fil, t\u00fcm kalemlerde gereksiz harcamalar\u0131n \u00f6n\u00fcne ge\u00e7meye, beyt\u00fclmali korumaya devam ediyoruz. Bu konuda \u00e7ok kararl\u0131y\u0131z ve taviz vermeyece\u011fiz\u201d dedi. Kaynak: www.kanalv.com.tr Haber Sitesinden Al\u0131nm\u0131\u015ft\u0131r.<\/p>","protected":false},"author":0,"featured_media":20345,"comment_status":"open","ping_status":"open","sticky":false,"template":"","format":"standard","meta":{"_acf_changed":false,"footnotes":""},"categories":[26,535],"tags":[],"class_list":["post-20344","post","type-post","status-publish","format-standard","has-post-thumbnail","hentry","category-antalya","category-uncategorized-tr"],"acf":[],"yoast_head":"<!-- This site is optimized with the Yoast SEO Premium plugin v26.6 (Yoast SEO v27.1.1) - https:\/\/yoast.com\/product\/yoast-seo-premium-wordpress\/ -->\n<title>Alanya Belediyesi&#039;nden akaryak\u0131tta tasarruf - Av. Deniz Can K\u0131z\u0131l<\/title>\n<meta name=\"robots\" content=\"index, follow, max-snippet:-1, max-image-preview:large, max-video-preview:-1\" \/>\n<link rel=\"canonical\" href=\"https:\/\/denizcankizil.tr\/uk\/haberler\/antalya\/alanya-belediyesinden-akaryakitta-tasarruf\/\" \/>\n<meta property=\"og:locale\" content=\"uk_UA\" \/>\n<meta property=\"og:type\" content=\"article\" \/>\n<meta property=\"og:title\" content=\"Alanya Belediyesi&#039;nden akaryak\u0131tta tasarruf\" \/>\n<meta property=\"og:description\" content=\"\u0130sraf\u0131 \u00f6nlemek ve belediye gelirlerinin verimli kullan\u0131lmas\u0131n\u0131 sa\u011flamak amac\u0131yla akaryak\u0131t konusunda ad\u0131m atan Alanya Belediyesi, b\u00fcnyesindeki ara\u00e7lar\u0131n sevk ve idaresini planl\u0131, programl\u0131 bir \u015fekilde haz\u0131rlad\u0131. B\u00f6ylelikle ciddi oranda tasarruf sa\u011fland\u0131. Nisan&#8217;da akaryak\u0131ttan y\u00fczde 27,82 oran\u0131nda tasarruf yap\u0131l\u0131rken, Kas\u0131m ay\u0131 sonuna kadar ge\u00e7en 8 ayl\u0131k s\u00fcre\u00e7te ise ayl\u0131k ortalama y\u00fczde 20,52 tasarruf sa\u011fland\u0131. S\u00f6z konusu s\u00fcre\u00e7te akaryak\u0131tta toplam yap\u0131lan tasarruf 682 bin 585 litre oldu. \u00d6te yandan titizlikle y\u00fcr\u00fct\u00fclen hizmetlerde aksama ya\u015fanmad\u0131\u011f\u0131 g\u00f6r\u00fcld\u00fc. Belediyenin mali disiplini ve verimlili\u011fi konusunda taviz vermeden \u00e7al\u0131\u015fmalar\u0131 hassasiyetle s\u00fcrd\u00fcrd\u00fcklerini vurgulayan Alanya Belediye Ba\u015fkan\u0131 Osman Tar\u0131k \u00d6z\u00e7elik, \u201cYap\u0131lan \u00e7al\u0131\u015fmalar\u0131 azaltmadan, hizmet kalitesini daha da yukar\u0131ya ta\u015f\u0131rken, akaryak\u0131ttan tasarruf etmeyi ba\u015fard\u0131k. 8 ayda 700 bin litreye yak\u0131n tasarruf yapt\u0131k. Sadece akaryak\u0131t de\u011fil, t\u00fcm kalemlerde gereksiz harcamalar\u0131n \u00f6n\u00fcne ge\u00e7meye, beyt\u00fclmali korumaya devam ediyoruz. Bu konuda \u00e7ok kararl\u0131y\u0131z ve taviz vermeyece\u011fiz\u201d dedi. Kaynak: www.kanalv.com.tr Haber Sitesinden Al\u0131nm\u0131\u015ft\u0131r.\" \/>\n<meta property=\"og:url\" content=\"https:\/\/denizcankizil.tr\/uk\/haberler\/antalya\/alanya-belediyesinden-akaryakitta-tasarruf\/\" \/>\n<meta property=\"og:site_name\" content=\"Av. Deniz Can K\u0131z\u0131l\" \/>\n<meta property=\"article:published_time\" content=\"2024-12-12T11:41:34+00:00\" \/>\n<meta property=\"og:image\" content=\"https:\/\/denizcankizil.tr\/wp-content\/uploads\/2024\/12\/3556-01-vj83Gk.jpeg\" \/>\n\t<meta property=\"og:image:width\" content=\"1280\" \/>\n\t<meta property=\"og:image:height\" content=\"720\" \/>\n\t<meta property=\"og:image:type\" content=\"image\/jpeg\" \/>\n<meta name=\"twitter:card\" content=\"summary_large_image\" \/>\n<meta name=\"twitter:label1\" content=\"\u041f\u0440\u0438\u0431\u043b. \u0447\u0430\u0441 \u0447\u0438\u0442\u0430\u043d\u043d\u044f\" \/>\n\t<meta name=\"twitter:data1\" content=\"1 \u0445\u0432\u0438\u043b\u0438\u043d\u0430\" \/>\n<script type=\"application\/ld+json\" class=\"yoast-schema-graph\">{\"@context\":\"https:\/\/schema.org\",\"@graph\":[{\"@type\":\"Article\",\"@id\":\"https:\/\/denizcankizil.tr\/ru\/haberler\/antalya\/alanya-belediyesinden-akaryakitta-tasarruf\/#article\",\"isPartOf\":{\"@id\":\"https:\/\/denizcankizil.tr\/ru\/haberler\/antalya\/alanya-belediyesinden-akaryakitta-tasarruf\/\"},\"author\":{\"name\":\"\",\"@id\":\"\"},\"headline\":\"Alanya Belediyesi&#8217;nden akaryak\u0131tta tasarruf\",\"datePublished\":\"2024-12-12T11:41:34+00:00\",\"mainEntityOfPage\":{\"@id\":\"https:\/\/denizcankizil.tr\/ru\/haberler\/antalya\/alanya-belediyesinden-akaryakitta-tasarruf\/\"},\"wordCount\":206,\"commentCount\":0,\"publisher\":{\"@id\":\"https:\/\/denizcankizil.tr\/de\/#organization\"},\"image\":{\"@id\":\"https:\/\/denizcankizil.tr\/ru\/haberler\/antalya\/alanya-belediyesinden-akaryakitta-tasarruf\/#primaryimage\"},\"thumbnailUrl\":\"https:\/\/denizcankizil.tr\/wp-content\/uploads\/2024\/12\/3556-01-vj83Gk.jpeg\",\"articleSection\":[\"Antalya\",\"Uncategorized\"],\"inLanguage\":\"uk\",\"potentialAction\":[{\"@type\":\"CommentAction\",\"name\":\"Comment\",\"target\":[\"https:\/\/denizcankizil.tr\/ru\/haberler\/antalya\/alanya-belediyesinden-akaryakitta-tasarruf\/#respond\"]}]},{\"@type\":\"WebPage\",\"@id\":\"https:\/\/denizcankizil.tr\/ru\/haberler\/antalya\/alanya-belediyesinden-akaryakitta-tasarruf\/\",\"url\":\"https:\/\/denizcankizil.tr\/ru\/haberler\/antalya\/alanya-belediyesinden-akaryakitta-tasarruf\/\",\"name\":\"Alanya Belediyesi'nden akaryak\u0131tta tasarruf - Av. Deniz Can K\u0131z\u0131l\",\"isPartOf\":{\"@id\":\"https:\/\/denizcankizil.tr\/de\/#website\"},\"primaryImageOfPage\":{\"@id\":\"https:\/\/denizcankizil.tr\/ru\/haberler\/antalya\/alanya-belediyesinden-akaryakitta-tasarruf\/#primaryimage\"},\"image\":{\"@id\":\"https:\/\/denizcankizil.tr\/ru\/haberler\/antalya\/alanya-belediyesinden-akaryakitta-tasarruf\/#primaryimage\"},\"thumbnailUrl\":\"https:\/\/denizcankizil.tr\/wp-content\/uploads\/2024\/12\/3556-01-vj83Gk.jpeg\",\"datePublished\":\"2024-12-12T11:41:34+00:00\",\"breadcrumb\":{\"@id\":\"https:\/\/denizcankizil.tr\/ru\/haberler\/antalya\/alanya-belediyesinden-akaryakitta-tasarruf\/#breadcrumb\"},\"inLanguage\":\"uk\",\"potentialAction\":[{\"@type\":\"ReadAction\",\"target\":[\"https:\/\/denizcankizil.tr\/ru\/haberler\/antalya\/alanya-belediyesinden-akaryakitta-tasarruf\/\"]}]},{\"@type\":\"ImageObject\",\"inLanguage\":\"uk\",\"@id\":\"https:\/\/denizcankizil.tr\/ru\/haberler\/antalya\/alanya-belediyesinden-akaryakitta-tasarruf\/#primaryimage\",\"url\":\"https:\/\/denizcankizil.tr\/wp-content\/uploads\/2024\/12\/3556-01-vj83Gk.jpeg\",\"contentUrl\":\"https:\/\/denizcankizil.tr\/wp-content\/uploads\/2024\/12\/3556-01-vj83Gk.jpeg\",\"width\":1280,\"height\":720},{\"@type\":\"BreadcrumbList\",\"@id\":\"https:\/\/denizcankizil.tr\/ru\/haberler\/antalya\/alanya-belediyesinden-akaryakitta-tasarruf\/#breadcrumb\",\"itemListElement\":[{\"@type\":\"ListItem\",\"position\":1,\"name\":\"Home\",\"item\":\"https:\/\/denizcankizil.tr\/de\/\"},{\"@type\":\"ListItem\",\"position\":2,\"name\":\"Alanya Belediyesi&#8217;nden akaryak\u0131tta tasarruf\"}]},{\"@type\":\"WebSite\",\"@id\":\"https:\/\/denizcankizil.tr\/de\/#website\",\"url\":\"https:\/\/denizcankizil.tr\/de\/\",\"name\":\"Av. Deniz Can K\u0131z\u0131l\",\"description\":\"Avukat Deniz Can K\u0131z\u0131l Antalya Barosu\",\"publisher\":{\"@id\":\"https:\/\/denizcankizil.tr\/de\/#organization\"},\"potentialAction\":[{\"@type\":\"SearchAction\",\"target\":{\"@type\":\"EntryPoint\",\"urlTemplate\":\"https:\/\/denizcankizil.tr\/de\/?s={search_term_string}\"},\"query-input\":{\"@type\":\"PropertyValueSpecification\",\"valueRequired\":true,\"valueName\":\"search_term_string\"}}],\"inLanguage\":\"uk\"},{\"@type\":\"Organization\",\"@id\":\"https:\/\/denizcankizil.tr\/de\/#organization\",\"name\":\"Av. Deniz Can K\u0131z\u0131l\",\"url\":\"https:\/\/denizcankizil.tr\/de\/\",\"logo\":{\"@type\":\"ImageObject\",\"inLanguage\":\"uk\",\"@id\":\"https:\/\/denizcankizil.tr\/de\/#\/schema\/logo\/image\/\",\"url\":\"https:\/\/denizcankizil.tr\/wp-content\/uploads\/2024\/10\/siyah-logo-svg.svg\",\"contentUrl\":\"https:\/\/denizcankizil.tr\/wp-content\/uploads\/2024\/10\/siyah-logo-svg.svg\",\"width\":1080,\"height\":1080,\"caption\":\"Av. Deniz Can K\u0131z\u0131l\"},\"image\":{\"@id\":\"https:\/\/denizcankizil.tr\/de\/#\/schema\/logo\/image\/\"}}]}<\/script>\n<!-- \/ Yoast SEO Premium plugin. -->","yoast_head_json":{"title":"Alanya Belediyesi'nden akaryak\u0131tta tasarruf - Av. Deniz Can K\u0131z\u0131l","robots":{"index":"index","follow":"follow","max-snippet":"max-snippet:-1","max-image-preview":"max-image-preview:large","max-video-preview":"max-video-preview:-1"},"canonical":"https:\/\/denizcankizil.tr\/uk\/haberler\/antalya\/alanya-belediyesinden-akaryakitta-tasarruf\/","og_locale":"uk_UA","og_type":"article","og_title":"Alanya Belediyesi'nden akaryak\u0131tta tasarruf","og_description":"\u0130sraf\u0131 \u00f6nlemek ve belediye gelirlerinin verimli kullan\u0131lmas\u0131n\u0131 sa\u011flamak amac\u0131yla akaryak\u0131t konusunda ad\u0131m atan Alanya Belediyesi, b\u00fcnyesindeki ara\u00e7lar\u0131n sevk ve idaresini planl\u0131, programl\u0131 bir \u015fekilde haz\u0131rlad\u0131. B\u00f6ylelikle ciddi oranda tasarruf sa\u011fland\u0131. Nisan&#8217;da akaryak\u0131ttan y\u00fczde 27,82 oran\u0131nda tasarruf yap\u0131l\u0131rken, Kas\u0131m ay\u0131 sonuna kadar ge\u00e7en 8 ayl\u0131k s\u00fcre\u00e7te ise ayl\u0131k ortalama y\u00fczde 20,52 tasarruf sa\u011fland\u0131. S\u00f6z konusu s\u00fcre\u00e7te akaryak\u0131tta toplam yap\u0131lan tasarruf 682 bin 585 litre oldu. \u00d6te yandan titizlikle y\u00fcr\u00fct\u00fclen hizmetlerde aksama ya\u015fanmad\u0131\u011f\u0131 g\u00f6r\u00fcld\u00fc. Belediyenin mali disiplini ve verimlili\u011fi konusunda taviz vermeden \u00e7al\u0131\u015fmalar\u0131 hassasiyetle s\u00fcrd\u00fcrd\u00fcklerini vurgulayan Alanya Belediye Ba\u015fkan\u0131 Osman Tar\u0131k \u00d6z\u00e7elik, \u201cYap\u0131lan \u00e7al\u0131\u015fmalar\u0131 azaltmadan, hizmet kalitesini daha da yukar\u0131ya ta\u015f\u0131rken, akaryak\u0131ttan tasarruf etmeyi ba\u015fard\u0131k. 8 ayda 700 bin litreye yak\u0131n tasarruf yapt\u0131k. Sadece akaryak\u0131t de\u011fil, t\u00fcm kalemlerde gereksiz harcamalar\u0131n \u00f6n\u00fcne ge\u00e7meye, beyt\u00fclmali korumaya devam ediyoruz. Bu konuda \u00e7ok kararl\u0131y\u0131z ve taviz vermeyece\u011fiz\u201d dedi. Kaynak: www.kanalv.com.tr Haber Sitesinden Al\u0131nm\u0131\u015ft\u0131r.","og_url":"https:\/\/denizcankizil.tr\/uk\/haberler\/antalya\/alanya-belediyesinden-akaryakitta-tasarruf\/","og_site_name":"Av. Deniz Can K\u0131z\u0131l","article_published_time":"2024-12-12T11:41:34+00:00","og_image":[{"width":1280,"height":720,"url":"https:\/\/denizcankizil.tr\/wp-content\/uploads\/2024\/12\/3556-01-vj83Gk.jpeg","type":"image\/jpeg"}],"twitter_card":"summary_large_image","twitter_misc":{"\u041f\u0440\u0438\u0431\u043b. \u0447\u0430\u0441 \u0447\u0438\u0442\u0430\u043d\u043d\u044f":"1 \u0445\u0432\u0438\u043b\u0438\u043d\u0430"},"schema":{"@context":"https:\/\/schema.org","@graph":[{"@type":"Article","@id":"https:\/\/denizcankizil.tr\/ru\/haberler\/antalya\/alanya-belediyesinden-akaryakitta-tasarruf\/#article","isPartOf":{"@id":"https:\/\/denizcankizil.tr\/ru\/haberler\/antalya\/alanya-belediyesinden-akaryakitta-tasarruf\/"},"author":{"name":"","@id":""},"headline":"Alanya Belediyesi&#8217;nden akaryak\u0131tta tasarruf","datePublished":"2024-12-12T11:41:34+00:00","mainEntityOfPage":{"@id":"https:\/\/denizcankizil.tr\/ru\/haberler\/antalya\/alanya-belediyesinden-akaryakitta-tasarruf\/"},"wordCount":206,"commentCount":0,"publisher":{"@id":"https:\/\/denizcankizil.tr\/de\/#organization"},"image":{"@id":"https:\/\/denizcankizil.tr\/ru\/haberler\/antalya\/alanya-belediyesinden-akaryakitta-tasarruf\/#primaryimage"},"thumbnailUrl":"https:\/\/denizcankizil.tr\/wp-content\/uploads\/2024\/12\/3556-01-vj83Gk.jpeg","articleSection":["Antalya","Uncategorized"],"inLanguage":"uk","potentialAction":[{"@type":"CommentAction","name":"Comment","target":["https:\/\/denizcankizil.tr\/ru\/haberler\/antalya\/alanya-belediyesinden-akaryakitta-tasarruf\/#respond"]}]},{"@type":"WebPage","@id":"https:\/\/denizcankizil.tr\/ru\/haberler\/antalya\/alanya-belediyesinden-akaryakitta-tasarruf\/","url":"https:\/\/denizcankizil.tr\/ru\/haberler\/antalya\/alanya-belediyesinden-akaryakitta-tasarruf\/","name":"Alanya Belediyesi'nden akaryak\u0131tta tasarruf - Av. Deniz Can K\u0131z\u0131l","isPartOf":{"@id":"https:\/\/denizcankizil.tr\/de\/#website"},"primaryImageOfPage":{"@id":"https:\/\/denizcankizil.tr\/ru\/haberler\/antalya\/alanya-belediyesinden-akaryakitta-tasarruf\/#primaryimage"},"image":{"@id":"https:\/\/denizcankizil.tr\/ru\/haberler\/antalya\/alanya-belediyesinden-akaryakitta-tasarruf\/#primaryimage"},"thumbnailUrl":"https:\/\/denizcankizil.tr\/wp-content\/uploads\/2024\/12\/3556-01-vj83Gk.jpeg","datePublished":"2024-12-12T11:41:34+00:00","breadcrumb":{"@id":"https:\/\/denizcankizil.tr\/ru\/haberler\/antalya\/alanya-belediyesinden-akaryakitta-tasarruf\/#breadcrumb"},"inLanguage":"uk","potentialAction":[{"@type":"ReadAction","target":["https:\/\/denizcankizil.tr\/ru\/haberler\/antalya\/alanya-belediyesinden-akaryakitta-tasarruf\/"]}]},{"@type":"ImageObject","inLanguage":"uk","@id":"https:\/\/denizcankizil.tr\/ru\/haberler\/antalya\/alanya-belediyesinden-akaryakitta-tasarruf\/#primaryimage","url":"https:\/\/denizcankizil.tr\/wp-content\/uploads\/2024\/12\/3556-01-vj83Gk.jpeg","contentUrl":"https:\/\/denizcankizil.tr\/wp-content\/uploads\/2024\/12\/3556-01-vj83Gk.jpeg","width":1280,"height":720},{"@type":"BreadcrumbList","@id":"https:\/\/denizcankizil.tr\/ru\/haberler\/antalya\/alanya-belediyesinden-akaryakitta-tasarruf\/#breadcrumb","itemListElement":[{"@type":"ListItem","position":1,"name":"Home","item":"https:\/\/denizcankizil.tr\/de\/"},{"@type":"ListItem","position":2,"name":"Alanya Belediyesi&#8217;nden akaryak\u0131tta tasarruf"}]},{"@type":"WebSite","@id":"https:\/\/denizcankizil.tr\/de\/#website","url":"https:\/\/denizcankizil.tr\/de\/","name":"Av. Deniz Can K\u0131z\u0131l","description":"Avukat Deniz Can K\u0131z\u0131l Antalya Barosu","publisher":{"@id":"https:\/\/denizcankizil.tr\/de\/#organization"},"potentialAction":[{"@type":"SearchAction","target":{"@type":"EntryPoint","urlTemplate":"https:\/\/denizcankizil.tr\/de\/?s={search_term_string}"},"query-input":{"@type":"PropertyValueSpecification","valueRequired":true,"valueName":"search_term_string"}}],"inLanguage":"uk"},{"@type":"Organization","@id":"https:\/\/denizcankizil.tr\/de\/#organization","name":"Av. Deniz Can K\u0131z\u0131l","url":"https:\/\/denizcankizil.tr\/de\/","logo":{"@type":"ImageObject","inLanguage":"uk","@id":"https:\/\/denizcankizil.tr\/de\/#\/schema\/logo\/image\/","url":"https:\/\/denizcankizil.tr\/wp-content\/uploads\/2024\/10\/siyah-logo-svg.svg","contentUrl":"https:\/\/denizcankizil.tr\/wp-content\/uploads\/2024\/10\/siyah-logo-svg.svg","width":1080,"height":1080,"caption":"Av. Deniz Can K\u0131z\u0131l"},"image":{"@id":"https:\/\/denizcankizil.tr\/de\/#\/schema\/logo\/image\/"}}]}},"_links":{"self":[{"href":"https:\/\/denizcankizil.tr\/uk\/wp-json\/wp\/v2\/posts\/20344","targetHints":{"allow":["GET"]}}],"collection":[{"href":"https:\/\/denizcankizil.tr\/uk\/wp-json\/wp\/v2\/posts"}],"about":[{"href":"https:\/\/denizcankizil.tr\/uk\/wp-json\/wp\/v2\/types\/post"}],"replies":[{"embeddable":true,"href":"https:\/\/denizcankizil.tr\/uk\/wp-json\/wp\/v2\/comments?post=20344"}],"version-history":[{"count":0,"href":"https:\/\/denizcankizil.tr\/uk\/wp-json\/wp\/v2\/posts\/20344\/revisions"}],"wp:featuredmedia":[{"embeddable":true,"href":"https:\/\/denizcankizil.tr\/uk\/wp-json\/wp\/v2\/media\/20345"}],"wp:attachment":[{"href":"https:\/\/denizcankizil.tr\/uk\/wp-json\/wp\/v2\/media?parent=20344"}],"wp:term":[{"taxonomy":"category","embeddable":true,"href":"https:\/\/denizcankizil.tr\/uk\/wp-json\/wp\/v2\/categories?post=20344"},{"taxonomy":"post_tag","embeddable":true,"href":"https:\/\/denizcankizil.tr\/uk\/wp-json\/wp\/v2\/tags?post=20344"}],"curies":[{"name":"wp","href":"https:\/\/api.w.org\/{rel}","templated":true}]}}