{"id":20332,"date":"2024-12-12T13:41:18","date_gmt":"2024-12-12T10:41:18","guid":{"rendered":"https:\/\/denizcankizil.tr\/uncategorized-tr\/bos-arazideki-tahta-parcalari-yandi\/"},"modified":"2024-12-12T13:41:18","modified_gmt":"2024-12-12T10:41:18","slug":"bos-arazideki-tahta-parcalari-yandi","status":"publish","type":"post","link":"https:\/\/denizcankizil.tr\/uk\/haberler\/antalya\/bos-arazideki-tahta-parcalari-yandi\/","title":{"rendered":"Bo\u015f arazideki tahta par\u00e7alar\u0131 yand\u0131"},"content":{"rendered":"<p>Yang\u0131n, saat 10.30 s\u0131ralar\u0131nda Antalya&#8217;n\u0131n Kepez il\u00e7esi Mehmet Akif Ersoy Mahallesi 6013 Sokak \u00fczerinde meydana geldi. Edinilen bilgilere g\u00f6re, bo\u015f bir arazide bulunan tahta par\u00e7alar\u0131 hen\u00fcz belirlenemeyen bir nedenle yanmaya ba\u015flad\u0131. Yang\u0131n\u0131 fark eden \u00e7evredeki vatanda\u015flar, durumu hemen 112 Acil \u00c7a\u011fr\u0131 Merkezi&#8217;ne bildirdi. \u0130hbar \u00fczerine olay yerine gelen Antalya B\u00fcy\u00fck\u015fehir Belediyesi \u0130tfaiye Daire Ba\u015fkanl\u0131\u011f\u0131 ekipleri, yang\u0131na h\u0131zla m\u00fcdahale ederek alevleri k\u0131sa s\u00fcrede s\u00f6nd\u00fcrd\u00fc.<\/p>\n<p>Kaynak: www.kanalv.com.tr Haber Sitesinden Al\u0131nm\u0131\u015ft\u0131r.<\/p>","protected":false},"excerpt":{"rendered":"<p>Yang\u0131n, saat 10.30 s\u0131ralar\u0131nda Antalya&#8217;n\u0131n Kepez il\u00e7esi Mehmet Akif Ersoy Mahallesi 6013 Sokak \u00fczerinde meydana geldi. Edinilen bilgilere g\u00f6re, bo\u015f bir arazide bulunan tahta par\u00e7alar\u0131 hen\u00fcz belirlenemeyen bir nedenle yanmaya ba\u015flad\u0131. Yang\u0131n\u0131 fark eden \u00e7evredeki vatanda\u015flar, durumu hemen 112 Acil \u00c7a\u011fr\u0131 Merkezi&#8217;ne bildirdi. \u0130hbar \u00fczerine olay yerine gelen Antalya B\u00fcy\u00fck\u015fehir Belediyesi \u0130tfaiye Daire Ba\u015fkanl\u0131\u011f\u0131 ekipleri, yang\u0131na h\u0131zla m\u00fcdahale ederek alevleri k\u0131sa s\u00fcrede s\u00f6nd\u00fcrd\u00fc. Kaynak: www.kanalv.com.tr Haber Sitesinden Al\u0131nm\u0131\u015ft\u0131r.<\/p>","protected":false},"author":0,"featured_media":20333,"comment_status":"open","ping_status":"open","sticky":false,"template":"","format":"standard","meta":{"_acf_changed":false,"footnotes":""},"categories":[26,535],"tags":[],"class_list":["post-20332","post","type-post","status-publish","format-standard","has-post-thumbnail","hentry","category-antalya","category-uncategorized-tr"],"acf":[],"yoast_head":"<!-- This site is optimized with the Yoast SEO Premium plugin v26.6 (Yoast SEO v27.1.1) - https:\/\/yoast.com\/product\/yoast-seo-premium-wordpress\/ -->\n<title>Bo\u015f arazideki tahta par\u00e7alar\u0131 yand\u0131 - Av. Deniz Can K\u0131z\u0131l<\/title>\n<meta name=\"robots\" content=\"index, follow, max-snippet:-1, max-image-preview:large, max-video-preview:-1\" \/>\n<link rel=\"canonical\" href=\"https:\/\/denizcankizil.tr\/uk\/haberler\/antalya\/bos-arazideki-tahta-parcalari-yandi\/\" \/>\n<meta property=\"og:locale\" content=\"uk_UA\" \/>\n<meta property=\"og:type\" content=\"article\" \/>\n<meta property=\"og:title\" content=\"Bo\u015f arazideki tahta par\u00e7alar\u0131 yand\u0131\" \/>\n<meta property=\"og:description\" content=\"Yang\u0131n, saat 10.30 s\u0131ralar\u0131nda Antalya&#8217;n\u0131n Kepez il\u00e7esi Mehmet Akif Ersoy Mahallesi 6013 Sokak \u00fczerinde meydana geldi. Edinilen bilgilere g\u00f6re, bo\u015f bir arazide bulunan tahta par\u00e7alar\u0131 hen\u00fcz belirlenemeyen bir nedenle yanmaya ba\u015flad\u0131. Yang\u0131n\u0131 fark eden \u00e7evredeki vatanda\u015flar, durumu hemen 112 Acil \u00c7a\u011fr\u0131 Merkezi&#8217;ne bildirdi. \u0130hbar \u00fczerine olay yerine gelen Antalya B\u00fcy\u00fck\u015fehir Belediyesi \u0130tfaiye Daire Ba\u015fkanl\u0131\u011f\u0131 ekipleri, yang\u0131na h\u0131zla m\u00fcdahale ederek alevleri k\u0131sa s\u00fcrede s\u00f6nd\u00fcrd\u00fc. Kaynak: www.kanalv.com.tr Haber Sitesinden Al\u0131nm\u0131\u015ft\u0131r.\" \/>\n<meta property=\"og:url\" content=\"https:\/\/denizcankizil.tr\/uk\/haberler\/antalya\/bos-arazideki-tahta-parcalari-yandi\/\" \/>\n<meta property=\"og:site_name\" content=\"Av. Deniz Can K\u0131z\u0131l\" \/>\n<meta property=\"article:published_time\" content=\"2024-12-12T10:41:18+00:00\" \/>\n<meta property=\"og:image\" content=\"https:\/\/denizcankizil.tr\/wp-content\/uploads\/2024\/12\/3554-01-LPJKst.jpeg\" \/>\n\t<meta property=\"og:image:width\" content=\"1280\" \/>\n\t<meta property=\"og:image:height\" content=\"720\" \/>\n\t<meta property=\"og:image:type\" content=\"image\/jpeg\" \/>\n<meta name=\"twitter:card\" content=\"summary_large_image\" \/>\n<script type=\"application\/ld+json\" class=\"yoast-schema-graph\">{\"@context\":\"https:\/\/schema.org\",\"@graph\":[{\"@type\":\"Article\",\"@id\":\"https:\/\/denizcankizil.tr\/uk\/haberler\/antalya\/bos-arazideki-tahta-parcalari-yandi\/#article\",\"isPartOf\":{\"@id\":\"https:\/\/denizcankizil.tr\/uk\/haberler\/antalya\/bos-arazideki-tahta-parcalari-yandi\/\"},\"author\":{\"name\":\"\",\"@id\":\"\"},\"headline\":\"Bo\u015f arazideki tahta par\u00e7alar\u0131 yand\u0131\",\"datePublished\":\"2024-12-12T10:41:18+00:00\",\"mainEntityOfPage\":{\"@id\":\"https:\/\/denizcankizil.tr\/uk\/haberler\/antalya\/bos-arazideki-tahta-parcalari-yandi\/\"},\"wordCount\":102,\"commentCount\":0,\"publisher\":{\"@id\":\"https:\/\/denizcankizil.tr\/#organization\"},\"image\":{\"@id\":\"https:\/\/denizcankizil.tr\/uk\/haberler\/antalya\/bos-arazideki-tahta-parcalari-yandi\/#primaryimage\"},\"thumbnailUrl\":\"https:\/\/denizcankizil.tr\/wp-content\/uploads\/2024\/12\/3554-01-LPJKst.jpeg\",\"articleSection\":[\"Antalya\",\"Uncategorized\"],\"inLanguage\":\"uk\",\"potentialAction\":[{\"@type\":\"CommentAction\",\"name\":\"Comment\",\"target\":[\"https:\/\/denizcankizil.tr\/uk\/haberler\/antalya\/bos-arazideki-tahta-parcalari-yandi\/#respond\"]}]},{\"@type\":\"WebPage\",\"@id\":\"https:\/\/denizcankizil.tr\/uk\/haberler\/antalya\/bos-arazideki-tahta-parcalari-yandi\/\",\"url\":\"https:\/\/denizcankizil.tr\/uk\/haberler\/antalya\/bos-arazideki-tahta-parcalari-yandi\/\",\"name\":\"Bo\u015f arazideki tahta par\u00e7alar\u0131 yand\u0131 - Av. Deniz Can K\u0131z\u0131l\",\"isPartOf\":{\"@id\":\"https:\/\/denizcankizil.tr\/#website\"},\"primaryImageOfPage\":{\"@id\":\"https:\/\/denizcankizil.tr\/uk\/haberler\/antalya\/bos-arazideki-tahta-parcalari-yandi\/#primaryimage\"},\"image\":{\"@id\":\"https:\/\/denizcankizil.tr\/uk\/haberler\/antalya\/bos-arazideki-tahta-parcalari-yandi\/#primaryimage\"},\"thumbnailUrl\":\"https:\/\/denizcankizil.tr\/wp-content\/uploads\/2024\/12\/3554-01-LPJKst.jpeg\",\"datePublished\":\"2024-12-12T10:41:18+00:00\",\"breadcrumb\":{\"@id\":\"https:\/\/denizcankizil.tr\/uk\/haberler\/antalya\/bos-arazideki-tahta-parcalari-yandi\/#breadcrumb\"},\"inLanguage\":\"uk\",\"potentialAction\":[{\"@type\":\"ReadAction\",\"target\":[\"https:\/\/denizcankizil.tr\/uk\/haberler\/antalya\/bos-arazideki-tahta-parcalari-yandi\/\"]}]},{\"@type\":\"ImageObject\",\"inLanguage\":\"uk\",\"@id\":\"https:\/\/denizcankizil.tr\/uk\/haberler\/antalya\/bos-arazideki-tahta-parcalari-yandi\/#primaryimage\",\"url\":\"https:\/\/denizcankizil.tr\/wp-content\/uploads\/2024\/12\/3554-01-LPJKst.jpeg\",\"contentUrl\":\"https:\/\/denizcankizil.tr\/wp-content\/uploads\/2024\/12\/3554-01-LPJKst.jpeg\",\"width\":1280,\"height\":720},{\"@type\":\"BreadcrumbList\",\"@id\":\"https:\/\/denizcankizil.tr\/uk\/haberler\/antalya\/bos-arazideki-tahta-parcalari-yandi\/#breadcrumb\",\"itemListElement\":[{\"@type\":\"ListItem\",\"position\":1,\"name\":\"Home\",\"item\":\"https:\/\/denizcankizil.tr\/de\/\"},{\"@type\":\"ListItem\",\"position\":2,\"name\":\"Bo\u015f arazideki tahta par\u00e7alar\u0131 yand\u0131\"}]},{\"@type\":\"WebSite\",\"@id\":\"https:\/\/denizcankizil.tr\/#website\",\"url\":\"https:\/\/denizcankizil.tr\/\",\"name\":\"Av. Deniz Can K\u0131z\u0131l\",\"description\":\"Avukat Deniz Can K\u0131z\u0131l Antalya Barosu\",\"publisher\":{\"@id\":\"https:\/\/denizcankizil.tr\/#organization\"},\"potentialAction\":[{\"@type\":\"SearchAction\",\"target\":{\"@type\":\"EntryPoint\",\"urlTemplate\":\"https:\/\/denizcankizil.tr\/?s={search_term_string}\"},\"query-input\":{\"@type\":\"PropertyValueSpecification\",\"valueRequired\":true,\"valueName\":\"search_term_string\"}}],\"inLanguage\":\"uk\"},{\"@type\":\"Organization\",\"@id\":\"https:\/\/denizcankizil.tr\/#organization\",\"name\":\"Av. Deniz Can K\u0131z\u0131l\",\"url\":\"https:\/\/denizcankizil.tr\/\",\"logo\":{\"@type\":\"ImageObject\",\"inLanguage\":\"uk\",\"@id\":\"https:\/\/denizcankizil.tr\/#\/schema\/logo\/image\/\",\"url\":\"https:\/\/denizcankizil.tr\/wp-content\/uploads\/2024\/10\/siyah-logo-svg.svg\",\"contentUrl\":\"https:\/\/denizcankizil.tr\/wp-content\/uploads\/2024\/10\/siyah-logo-svg.svg\",\"width\":1080,\"height\":1080,\"caption\":\"Av. Deniz Can K\u0131z\u0131l\"},\"image\":{\"@id\":\"https:\/\/denizcankizil.tr\/#\/schema\/logo\/image\/\"}}]}<\/script>\n<!-- \/ Yoast SEO Premium plugin. -->","yoast_head_json":{"title":"Bo\u015f arazideki tahta par\u00e7alar\u0131 yand\u0131 - Av. Deniz Can K\u0131z\u0131l","robots":{"index":"index","follow":"follow","max-snippet":"max-snippet:-1","max-image-preview":"max-image-preview:large","max-video-preview":"max-video-preview:-1"},"canonical":"https:\/\/denizcankizil.tr\/uk\/haberler\/antalya\/bos-arazideki-tahta-parcalari-yandi\/","og_locale":"uk_UA","og_type":"article","og_title":"Bo\u015f arazideki tahta par\u00e7alar\u0131 yand\u0131","og_description":"Yang\u0131n, saat 10.30 s\u0131ralar\u0131nda Antalya&#8217;n\u0131n Kepez il\u00e7esi Mehmet Akif Ersoy Mahallesi 6013 Sokak \u00fczerinde meydana geldi. Edinilen bilgilere g\u00f6re, bo\u015f bir arazide bulunan tahta par\u00e7alar\u0131 hen\u00fcz belirlenemeyen bir nedenle yanmaya ba\u015flad\u0131. Yang\u0131n\u0131 fark eden \u00e7evredeki vatanda\u015flar, durumu hemen 112 Acil \u00c7a\u011fr\u0131 Merkezi&#8217;ne bildirdi. \u0130hbar \u00fczerine olay yerine gelen Antalya B\u00fcy\u00fck\u015fehir Belediyesi \u0130tfaiye Daire Ba\u015fkanl\u0131\u011f\u0131 ekipleri, yang\u0131na h\u0131zla m\u00fcdahale ederek alevleri k\u0131sa s\u00fcrede s\u00f6nd\u00fcrd\u00fc. Kaynak: www.kanalv.com.tr Haber Sitesinden Al\u0131nm\u0131\u015ft\u0131r.","og_url":"https:\/\/denizcankizil.tr\/uk\/haberler\/antalya\/bos-arazideki-tahta-parcalari-yandi\/","og_site_name":"Av. Deniz Can K\u0131z\u0131l","article_published_time":"2024-12-12T10:41:18+00:00","og_image":[{"width":1280,"height":720,"url":"https:\/\/denizcankizil.tr\/wp-content\/uploads\/2024\/12\/3554-01-LPJKst.jpeg","type":"image\/jpeg"}],"twitter_card":"summary_large_image","schema":{"@context":"https:\/\/schema.org","@graph":[{"@type":"Article","@id":"https:\/\/denizcankizil.tr\/uk\/haberler\/antalya\/bos-arazideki-tahta-parcalari-yandi\/#article","isPartOf":{"@id":"https:\/\/denizcankizil.tr\/uk\/haberler\/antalya\/bos-arazideki-tahta-parcalari-yandi\/"},"author":{"name":"","@id":""},"headline":"Bo\u015f arazideki tahta par\u00e7alar\u0131 yand\u0131","datePublished":"2024-12-12T10:41:18+00:00","mainEntityOfPage":{"@id":"https:\/\/denizcankizil.tr\/uk\/haberler\/antalya\/bos-arazideki-tahta-parcalari-yandi\/"},"wordCount":102,"commentCount":0,"publisher":{"@id":"https:\/\/denizcankizil.tr\/#organization"},"image":{"@id":"https:\/\/denizcankizil.tr\/uk\/haberler\/antalya\/bos-arazideki-tahta-parcalari-yandi\/#primaryimage"},"thumbnailUrl":"https:\/\/denizcankizil.tr\/wp-content\/uploads\/2024\/12\/3554-01-LPJKst.jpeg","articleSection":["Antalya","Uncategorized"],"inLanguage":"uk","potentialAction":[{"@type":"CommentAction","name":"Comment","target":["https:\/\/denizcankizil.tr\/uk\/haberler\/antalya\/bos-arazideki-tahta-parcalari-yandi\/#respond"]}]},{"@type":"WebPage","@id":"https:\/\/denizcankizil.tr\/uk\/haberler\/antalya\/bos-arazideki-tahta-parcalari-yandi\/","url":"https:\/\/denizcankizil.tr\/uk\/haberler\/antalya\/bos-arazideki-tahta-parcalari-yandi\/","name":"Bo\u015f arazideki tahta par\u00e7alar\u0131 yand\u0131 - Av. Deniz Can K\u0131z\u0131l","isPartOf":{"@id":"https:\/\/denizcankizil.tr\/#website"},"primaryImageOfPage":{"@id":"https:\/\/denizcankizil.tr\/uk\/haberler\/antalya\/bos-arazideki-tahta-parcalari-yandi\/#primaryimage"},"image":{"@id":"https:\/\/denizcankizil.tr\/uk\/haberler\/antalya\/bos-arazideki-tahta-parcalari-yandi\/#primaryimage"},"thumbnailUrl":"https:\/\/denizcankizil.tr\/wp-content\/uploads\/2024\/12\/3554-01-LPJKst.jpeg","datePublished":"2024-12-12T10:41:18+00:00","breadcrumb":{"@id":"https:\/\/denizcankizil.tr\/uk\/haberler\/antalya\/bos-arazideki-tahta-parcalari-yandi\/#breadcrumb"},"inLanguage":"uk","potentialAction":[{"@type":"ReadAction","target":["https:\/\/denizcankizil.tr\/uk\/haberler\/antalya\/bos-arazideki-tahta-parcalari-yandi\/"]}]},{"@type":"ImageObject","inLanguage":"uk","@id":"https:\/\/denizcankizil.tr\/uk\/haberler\/antalya\/bos-arazideki-tahta-parcalari-yandi\/#primaryimage","url":"https:\/\/denizcankizil.tr\/wp-content\/uploads\/2024\/12\/3554-01-LPJKst.jpeg","contentUrl":"https:\/\/denizcankizil.tr\/wp-content\/uploads\/2024\/12\/3554-01-LPJKst.jpeg","width":1280,"height":720},{"@type":"BreadcrumbList","@id":"https:\/\/denizcankizil.tr\/uk\/haberler\/antalya\/bos-arazideki-tahta-parcalari-yandi\/#breadcrumb","itemListElement":[{"@type":"ListItem","position":1,"name":"Home","item":"https:\/\/denizcankizil.tr\/de\/"},{"@type":"ListItem","position":2,"name":"Bo\u015f arazideki tahta par\u00e7alar\u0131 yand\u0131"}]},{"@type":"WebSite","@id":"https:\/\/denizcankizil.tr\/#website","url":"https:\/\/denizcankizil.tr\/","name":"Av. Deniz Can K\u0131z\u0131l","description":"Avukat Deniz Can K\u0131z\u0131l Antalya Barosu","publisher":{"@id":"https:\/\/denizcankizil.tr\/#organization"},"potentialAction":[{"@type":"SearchAction","target":{"@type":"EntryPoint","urlTemplate":"https:\/\/denizcankizil.tr\/?s={search_term_string}"},"query-input":{"@type":"PropertyValueSpecification","valueRequired":true,"valueName":"search_term_string"}}],"inLanguage":"uk"},{"@type":"Organization","@id":"https:\/\/denizcankizil.tr\/#organization","name":"Av. Deniz Can K\u0131z\u0131l","url":"https:\/\/denizcankizil.tr\/","logo":{"@type":"ImageObject","inLanguage":"uk","@id":"https:\/\/denizcankizil.tr\/#\/schema\/logo\/image\/","url":"https:\/\/denizcankizil.tr\/wp-content\/uploads\/2024\/10\/siyah-logo-svg.svg","contentUrl":"https:\/\/denizcankizil.tr\/wp-content\/uploads\/2024\/10\/siyah-logo-svg.svg","width":1080,"height":1080,"caption":"Av. Deniz Can K\u0131z\u0131l"},"image":{"@id":"https:\/\/denizcankizil.tr\/#\/schema\/logo\/image\/"}}]}},"_links":{"self":[{"href":"https:\/\/denizcankizil.tr\/uk\/wp-json\/wp\/v2\/posts\/20332","targetHints":{"allow":["GET"]}}],"collection":[{"href":"https:\/\/denizcankizil.tr\/uk\/wp-json\/wp\/v2\/posts"}],"about":[{"href":"https:\/\/denizcankizil.tr\/uk\/wp-json\/wp\/v2\/types\/post"}],"replies":[{"embeddable":true,"href":"https:\/\/denizcankizil.tr\/uk\/wp-json\/wp\/v2\/comments?post=20332"}],"version-history":[{"count":0,"href":"https:\/\/denizcankizil.tr\/uk\/wp-json\/wp\/v2\/posts\/20332\/revisions"}],"wp:featuredmedia":[{"embeddable":true,"href":"https:\/\/denizcankizil.tr\/uk\/wp-json\/wp\/v2\/media\/20333"}],"wp:attachment":[{"href":"https:\/\/denizcankizil.tr\/uk\/wp-json\/wp\/v2\/media?parent=20332"}],"wp:term":[{"taxonomy":"category","embeddable":true,"href":"https:\/\/denizcankizil.tr\/uk\/wp-json\/wp\/v2\/categories?post=20332"},{"taxonomy":"post_tag","embeddable":true,"href":"https:\/\/denizcankizil.tr\/uk\/wp-json\/wp\/v2\/tags?post=20332"}],"curies":[{"name":"wp","href":"https:\/\/api.w.org\/{rel}","templated":true}]}}