{"id":20311,"date":"2024-12-12T11:41:26","date_gmt":"2024-12-12T08:41:26","guid":{"rendered":"https:\/\/denizcankizil.tr\/uncategorized-tr\/baskan-kocagozden-sampiyonlara-ozel-tebrik\/"},"modified":"2024-12-12T11:41:26","modified_gmt":"2024-12-12T08:41:26","slug":"baskan-kocagozden-sampiyonlara-ozel-tebrik","status":"publish","type":"post","link":"https:\/\/denizcankizil.tr\/uk\/haberler\/antalya\/baskan-kocagozden-sampiyonlara-ozel-tebrik\/","title":{"rendered":"Ba\u015fkan Kocag\u00f6z&#8217;den \u015fampiyonlara \u00f6zel tebrik"},"content":{"rendered":"<p>Kepez Belediyespor Kul\u00fcb\u00fc\u2019n\u00fcn, ba\u015far\u0131dan ba\u015far\u0131ya ko\u015fan basketbolcular\u0131 kupa ve madalyalar\u0131n\u0131 ald\u0131. Kepez\u2019i, Antalya\u2019da sporun merkezi olmay\u0131 vaat eden Kepez Belediye Ba\u015fkan\u0131 Mesut Kocag\u00f6z, Antalya \u015fampiyonu olan belediye tak\u0131m\u0131n\u0131 d\u00fczenlenen t\u00f6renle \u00f6zel olarak tebrik etti. Turgut \u00d6zal Spor Salonu\u2019nda yap\u0131lan kutlama organizasyonunda, namaglup \u015fampiyon ve Antalya 4\u2019\u00fcnc\u00fcs\u00fc olan Kepez Belediyespor Kul\u00fcb\u00fc U18 Kad\u0131n Basketbol Tak\u0131mlar\u0131 onore edildi. Son 2 sezon T\u00fcrkiye \u015eampiyonas\u0131na kat\u0131lmay\u0131 ba\u015faran tak\u0131mlar\u0131n oyuncular\u0131na kupa ve madalyalar\u0131 Kepez Belediye Ba\u015fkan\u0131 Mesut Kocag\u00f6z, Ba\u015fkan Yard\u0131mc\u0131s\u0131 Evrim Yal\u00e7\u0131n, Ba\u015fkan Vekili Bar\u0131\u015f \u015eenyurt, kul\u00fcp ba\u015fkan\u0131 Emin Ak\u00e7ay, kul\u00fcp genel sekreteri Mehmet Ali Birdane ve salon amiri Nihat Kav\u015fut taraf\u0131ndan takdim edildi.<\/p>\n<p>\u201cSpora destek s\u00fcrecek\u201d<br \/>\nSporda sa\u011flanan ba\u015far\u0131larda \u00f6ncelikle velilere te\u015fekk\u00fcr eden Kepez Belediye Ba\u015fkan\u0131 Kocag\u00f6z, \u201cTeknik ekibimize, sporcular\u0131m\u0131za \u00e7ok te\u015fekk\u00fcr ediyorum. Daha bir\u00e7ok ba\u015far\u0131 i\u00e7in Kepezli sporcular\u0131m\u0131za olan deste\u011fimiz s\u00fcrecek\u201d dedi. \u0130ki tak\u0131m\u0131n \u00f6zel ma\u00e7\u0131n\u0131 hava topu ile ba\u015flatan Kocag\u00f6z, kar\u015f\u0131la\u015fmay\u0131 izleyen voleybol ve cimnastik sporcular\u0131yla da hat\u0131ra foto\u011fraf\u0131 \u00e7ektirdi. Sporcu velileriyle de bir araya gelen Kocag\u00f6z, te\u015fekk\u00fcrleri kabul etti, dilek ve temennileri dinledi.<\/p>\n<p>Kaynak: www.kanalv.com.tr Haber Sitesinden Al\u0131nm\u0131\u015ft\u0131r.<\/p>","protected":false},"excerpt":{"rendered":"<p>Kepez Belediyespor Kul\u00fcb\u00fc\u2019n\u00fcn, ba\u015far\u0131dan ba\u015far\u0131ya ko\u015fan basketbolcular\u0131 kupa ve madalyalar\u0131n\u0131 ald\u0131. Kepez\u2019i, Antalya\u2019da sporun merkezi olmay\u0131 vaat eden Kepez Belediye Ba\u015fkan\u0131 Mesut Kocag\u00f6z, Antalya \u015fampiyonu olan belediye tak\u0131m\u0131n\u0131 d\u00fczenlenen t\u00f6renle \u00f6zel olarak tebrik etti. Turgut \u00d6zal Spor Salonu\u2019nda yap\u0131lan kutlama organizasyonunda, namaglup \u015fampiyon ve Antalya 4\u2019\u00fcnc\u00fcs\u00fc olan Kepez Belediyespor Kul\u00fcb\u00fc U18 Kad\u0131n Basketbol Tak\u0131mlar\u0131 onore edildi. Son 2 sezon T\u00fcrkiye \u015eampiyonas\u0131na kat\u0131lmay\u0131 ba\u015faran tak\u0131mlar\u0131n oyuncular\u0131na kupa ve madalyalar\u0131 Kepez Belediye Ba\u015fkan\u0131 Mesut Kocag\u00f6z, Ba\u015fkan Yard\u0131mc\u0131s\u0131 Evrim Yal\u00e7\u0131n, Ba\u015fkan Vekili Bar\u0131\u015f \u015eenyurt, kul\u00fcp ba\u015fkan\u0131 Emin Ak\u00e7ay, kul\u00fcp genel sekreteri Mehmet Ali Birdane ve salon amiri Nihat Kav\u015fut taraf\u0131ndan takdim edildi. \u201cSpora destek s\u00fcrecek\u201d Sporda sa\u011flanan ba\u015far\u0131larda \u00f6ncelikle velilere te\u015fekk\u00fcr eden Kepez Belediye Ba\u015fkan\u0131 Kocag\u00f6z, \u201cTeknik ekibimize, sporcular\u0131m\u0131za \u00e7ok te\u015fekk\u00fcr ediyorum. Daha bir\u00e7ok ba\u015far\u0131 i\u00e7in Kepezli sporcular\u0131m\u0131za olan deste\u011fimiz s\u00fcrecek\u201d dedi. \u0130ki tak\u0131m\u0131n \u00f6zel ma\u00e7\u0131n\u0131 hava topu ile ba\u015flatan Kocag\u00f6z, kar\u015f\u0131la\u015fmay\u0131 izleyen voleybol ve cimnastik sporcular\u0131yla da hat\u0131ra foto\u011fraf\u0131 \u00e7ektirdi. Sporcu velileriyle de bir araya gelen Kocag\u00f6z, te\u015fekk\u00fcrleri kabul etti, dilek ve temennileri dinledi. Kaynak: www.kanalv.com.tr Haber Sitesinden Al\u0131nm\u0131\u015ft\u0131r.<\/p>","protected":false},"author":0,"featured_media":20312,"comment_status":"open","ping_status":"open","sticky":false,"template":"","format":"standard","meta":{"_acf_changed":false,"footnotes":""},"categories":[26,535],"tags":[],"class_list":["post-20311","post","type-post","status-publish","format-standard","has-post-thumbnail","hentry","category-antalya","category-uncategorized-tr"],"acf":[],"yoast_head":"<!-- This site is optimized with the Yoast SEO Premium plugin v26.6 (Yoast SEO v27.1.1) - https:\/\/yoast.com\/product\/yoast-seo-premium-wordpress\/ -->\n<title>Ba\u015fkan Kocag\u00f6z&#039;den \u015fampiyonlara \u00f6zel tebrik - Av. Deniz Can K\u0131z\u0131l<\/title>\n<meta name=\"robots\" content=\"index, follow, max-snippet:-1, max-image-preview:large, max-video-preview:-1\" \/>\n<link rel=\"canonical\" href=\"https:\/\/denizcankizil.tr\/uk\/haberler\/antalya\/baskan-kocagozden-sampiyonlara-ozel-tebrik\/\" \/>\n<meta property=\"og:locale\" content=\"uk_UA\" \/>\n<meta property=\"og:type\" content=\"article\" \/>\n<meta property=\"og:title\" content=\"Ba\u015fkan Kocag\u00f6z&#039;den \u015fampiyonlara \u00f6zel tebrik\" \/>\n<meta property=\"og:description\" content=\"Kepez Belediyespor Kul\u00fcb\u00fc\u2019n\u00fcn, ba\u015far\u0131dan ba\u015far\u0131ya ko\u015fan basketbolcular\u0131 kupa ve madalyalar\u0131n\u0131 ald\u0131. Kepez\u2019i, Antalya\u2019da sporun merkezi olmay\u0131 vaat eden Kepez Belediye Ba\u015fkan\u0131 Mesut Kocag\u00f6z, Antalya \u015fampiyonu olan belediye tak\u0131m\u0131n\u0131 d\u00fczenlenen t\u00f6renle \u00f6zel olarak tebrik etti. Turgut \u00d6zal Spor Salonu\u2019nda yap\u0131lan kutlama organizasyonunda, namaglup \u015fampiyon ve Antalya 4\u2019\u00fcnc\u00fcs\u00fc olan Kepez Belediyespor Kul\u00fcb\u00fc U18 Kad\u0131n Basketbol Tak\u0131mlar\u0131 onore edildi. Son 2 sezon T\u00fcrkiye \u015eampiyonas\u0131na kat\u0131lmay\u0131 ba\u015faran tak\u0131mlar\u0131n oyuncular\u0131na kupa ve madalyalar\u0131 Kepez Belediye Ba\u015fkan\u0131 Mesut Kocag\u00f6z, Ba\u015fkan Yard\u0131mc\u0131s\u0131 Evrim Yal\u00e7\u0131n, Ba\u015fkan Vekili Bar\u0131\u015f \u015eenyurt, kul\u00fcp ba\u015fkan\u0131 Emin Ak\u00e7ay, kul\u00fcp genel sekreteri Mehmet Ali Birdane ve salon amiri Nihat Kav\u015fut taraf\u0131ndan takdim edildi. \u201cSpora destek s\u00fcrecek\u201d Sporda sa\u011flanan ba\u015far\u0131larda \u00f6ncelikle velilere te\u015fekk\u00fcr eden Kepez Belediye Ba\u015fkan\u0131 Kocag\u00f6z, \u201cTeknik ekibimize, sporcular\u0131m\u0131za \u00e7ok te\u015fekk\u00fcr ediyorum. Daha bir\u00e7ok ba\u015far\u0131 i\u00e7in Kepezli sporcular\u0131m\u0131za olan deste\u011fimiz s\u00fcrecek\u201d dedi. \u0130ki tak\u0131m\u0131n \u00f6zel ma\u00e7\u0131n\u0131 hava topu ile ba\u015flatan Kocag\u00f6z, kar\u015f\u0131la\u015fmay\u0131 izleyen voleybol ve cimnastik sporcular\u0131yla da hat\u0131ra foto\u011fraf\u0131 \u00e7ektirdi. Sporcu velileriyle de bir araya gelen Kocag\u00f6z, te\u015fekk\u00fcrleri kabul etti, dilek ve temennileri dinledi. Kaynak: www.kanalv.com.tr Haber Sitesinden Al\u0131nm\u0131\u015ft\u0131r.\" \/>\n<meta property=\"og:url\" content=\"https:\/\/denizcankizil.tr\/uk\/haberler\/antalya\/baskan-kocagozden-sampiyonlara-ozel-tebrik\/\" \/>\n<meta property=\"og:site_name\" content=\"Av. Deniz Can K\u0131z\u0131l\" \/>\n<meta property=\"article:published_time\" content=\"2024-12-12T08:41:26+00:00\" \/>\n<meta property=\"og:image\" content=\"https:\/\/denizcankizil.tr\/wp-content\/uploads\/2024\/12\/3549-01-pN906i.jpeg\" \/>\n\t<meta property=\"og:image:width\" content=\"1280\" \/>\n\t<meta property=\"og:image:height\" content=\"720\" \/>\n\t<meta property=\"og:image:type\" content=\"image\/jpeg\" \/>\n<meta name=\"twitter:card\" content=\"summary_large_image\" \/>\n<meta name=\"twitter:label1\" content=\"\u041f\u0440\u0438\u0431\u043b. \u0447\u0430\u0441 \u0447\u0438\u0442\u0430\u043d\u043d\u044f\" \/>\n\t<meta name=\"twitter:data1\" content=\"1 \u0445\u0432\u0438\u043b\u0438\u043d\u0430\" \/>\n<script type=\"application\/ld+json\" class=\"yoast-schema-graph\">{\"@context\":\"https:\/\/schema.org\",\"@graph\":[{\"@type\":\"Article\",\"@id\":\"https:\/\/denizcankizil.tr\/ru\/haberler\/antalya\/baskan-kocagozden-sampiyonlara-ozel-tebrik\/#article\",\"isPartOf\":{\"@id\":\"https:\/\/denizcankizil.tr\/ru\/haberler\/antalya\/baskan-kocagozden-sampiyonlara-ozel-tebrik\/\"},\"author\":{\"name\":\"\",\"@id\":\"\"},\"headline\":\"Ba\u015fkan Kocag\u00f6z&#8217;den \u015fampiyonlara \u00f6zel tebrik\",\"datePublished\":\"2024-12-12T08:41:26+00:00\",\"mainEntityOfPage\":{\"@id\":\"https:\/\/denizcankizil.tr\/ru\/haberler\/antalya\/baskan-kocagozden-sampiyonlara-ozel-tebrik\/\"},\"wordCount\":255,\"commentCount\":0,\"publisher\":{\"@id\":\"https:\/\/denizcankizil.tr\/de\/#organization\"},\"image\":{\"@id\":\"https:\/\/denizcankizil.tr\/ru\/haberler\/antalya\/baskan-kocagozden-sampiyonlara-ozel-tebrik\/#primaryimage\"},\"thumbnailUrl\":\"https:\/\/denizcankizil.tr\/wp-content\/uploads\/2024\/12\/3549-01-pN906i.jpeg\",\"articleSection\":[\"Antalya\",\"Uncategorized\"],\"inLanguage\":\"uk\",\"potentialAction\":[{\"@type\":\"CommentAction\",\"name\":\"Comment\",\"target\":[\"https:\/\/denizcankizil.tr\/ru\/haberler\/antalya\/baskan-kocagozden-sampiyonlara-ozel-tebrik\/#respond\"]}]},{\"@type\":\"WebPage\",\"@id\":\"https:\/\/denizcankizil.tr\/ru\/haberler\/antalya\/baskan-kocagozden-sampiyonlara-ozel-tebrik\/\",\"url\":\"https:\/\/denizcankizil.tr\/ru\/haberler\/antalya\/baskan-kocagozden-sampiyonlara-ozel-tebrik\/\",\"name\":\"Ba\u015fkan Kocag\u00f6z'den \u015fampiyonlara \u00f6zel tebrik - Av. Deniz Can K\u0131z\u0131l\",\"isPartOf\":{\"@id\":\"https:\/\/denizcankizil.tr\/de\/#website\"},\"primaryImageOfPage\":{\"@id\":\"https:\/\/denizcankizil.tr\/ru\/haberler\/antalya\/baskan-kocagozden-sampiyonlara-ozel-tebrik\/#primaryimage\"},\"image\":{\"@id\":\"https:\/\/denizcankizil.tr\/ru\/haberler\/antalya\/baskan-kocagozden-sampiyonlara-ozel-tebrik\/#primaryimage\"},\"thumbnailUrl\":\"https:\/\/denizcankizil.tr\/wp-content\/uploads\/2024\/12\/3549-01-pN906i.jpeg\",\"datePublished\":\"2024-12-12T08:41:26+00:00\",\"breadcrumb\":{\"@id\":\"https:\/\/denizcankizil.tr\/ru\/haberler\/antalya\/baskan-kocagozden-sampiyonlara-ozel-tebrik\/#breadcrumb\"},\"inLanguage\":\"uk\",\"potentialAction\":[{\"@type\":\"ReadAction\",\"target\":[\"https:\/\/denizcankizil.tr\/ru\/haberler\/antalya\/baskan-kocagozden-sampiyonlara-ozel-tebrik\/\"]}]},{\"@type\":\"ImageObject\",\"inLanguage\":\"uk\",\"@id\":\"https:\/\/denizcankizil.tr\/ru\/haberler\/antalya\/baskan-kocagozden-sampiyonlara-ozel-tebrik\/#primaryimage\",\"url\":\"https:\/\/denizcankizil.tr\/wp-content\/uploads\/2024\/12\/3549-01-pN906i.jpeg\",\"contentUrl\":\"https:\/\/denizcankizil.tr\/wp-content\/uploads\/2024\/12\/3549-01-pN906i.jpeg\",\"width\":1280,\"height\":720},{\"@type\":\"BreadcrumbList\",\"@id\":\"https:\/\/denizcankizil.tr\/ru\/haberler\/antalya\/baskan-kocagozden-sampiyonlara-ozel-tebrik\/#breadcrumb\",\"itemListElement\":[{\"@type\":\"ListItem\",\"position\":1,\"name\":\"Home\",\"item\":\"https:\/\/denizcankizil.tr\/de\/\"},{\"@type\":\"ListItem\",\"position\":2,\"name\":\"Ba\u015fkan Kocag\u00f6z&#8217;den \u015fampiyonlara \u00f6zel tebrik\"}]},{\"@type\":\"WebSite\",\"@id\":\"https:\/\/denizcankizil.tr\/de\/#website\",\"url\":\"https:\/\/denizcankizil.tr\/de\/\",\"name\":\"Av. Deniz Can K\u0131z\u0131l\",\"description\":\"Avukat Deniz Can K\u0131z\u0131l Antalya Barosu\",\"publisher\":{\"@id\":\"https:\/\/denizcankizil.tr\/de\/#organization\"},\"potentialAction\":[{\"@type\":\"SearchAction\",\"target\":{\"@type\":\"EntryPoint\",\"urlTemplate\":\"https:\/\/denizcankizil.tr\/de\/?s={search_term_string}\"},\"query-input\":{\"@type\":\"PropertyValueSpecification\",\"valueRequired\":true,\"valueName\":\"search_term_string\"}}],\"inLanguage\":\"uk\"},{\"@type\":\"Organization\",\"@id\":\"https:\/\/denizcankizil.tr\/de\/#organization\",\"name\":\"Av. Deniz Can K\u0131z\u0131l\",\"url\":\"https:\/\/denizcankizil.tr\/de\/\",\"logo\":{\"@type\":\"ImageObject\",\"inLanguage\":\"uk\",\"@id\":\"https:\/\/denizcankizil.tr\/de\/#\/schema\/logo\/image\/\",\"url\":\"https:\/\/denizcankizil.tr\/wp-content\/uploads\/2024\/10\/siyah-logo-svg.svg\",\"contentUrl\":\"https:\/\/denizcankizil.tr\/wp-content\/uploads\/2024\/10\/siyah-logo-svg.svg\",\"width\":1080,\"height\":1080,\"caption\":\"Av. Deniz Can K\u0131z\u0131l\"},\"image\":{\"@id\":\"https:\/\/denizcankizil.tr\/de\/#\/schema\/logo\/image\/\"}}]}<\/script>\n<!-- \/ Yoast SEO Premium plugin. -->","yoast_head_json":{"title":"Ba\u015fkan Kocag\u00f6z'den \u015fampiyonlara \u00f6zel tebrik - Av. Deniz Can K\u0131z\u0131l","robots":{"index":"index","follow":"follow","max-snippet":"max-snippet:-1","max-image-preview":"max-image-preview:large","max-video-preview":"max-video-preview:-1"},"canonical":"https:\/\/denizcankizil.tr\/uk\/haberler\/antalya\/baskan-kocagozden-sampiyonlara-ozel-tebrik\/","og_locale":"uk_UA","og_type":"article","og_title":"Ba\u015fkan Kocag\u00f6z'den \u015fampiyonlara \u00f6zel tebrik","og_description":"Kepez Belediyespor Kul\u00fcb\u00fc\u2019n\u00fcn, ba\u015far\u0131dan ba\u015far\u0131ya ko\u015fan basketbolcular\u0131 kupa ve madalyalar\u0131n\u0131 ald\u0131. Kepez\u2019i, Antalya\u2019da sporun merkezi olmay\u0131 vaat eden Kepez Belediye Ba\u015fkan\u0131 Mesut Kocag\u00f6z, Antalya \u015fampiyonu olan belediye tak\u0131m\u0131n\u0131 d\u00fczenlenen t\u00f6renle \u00f6zel olarak tebrik etti. Turgut \u00d6zal Spor Salonu\u2019nda yap\u0131lan kutlama organizasyonunda, namaglup \u015fampiyon ve Antalya 4\u2019\u00fcnc\u00fcs\u00fc olan Kepez Belediyespor Kul\u00fcb\u00fc U18 Kad\u0131n Basketbol Tak\u0131mlar\u0131 onore edildi. Son 2 sezon T\u00fcrkiye \u015eampiyonas\u0131na kat\u0131lmay\u0131 ba\u015faran tak\u0131mlar\u0131n oyuncular\u0131na kupa ve madalyalar\u0131 Kepez Belediye Ba\u015fkan\u0131 Mesut Kocag\u00f6z, Ba\u015fkan Yard\u0131mc\u0131s\u0131 Evrim Yal\u00e7\u0131n, Ba\u015fkan Vekili Bar\u0131\u015f \u015eenyurt, kul\u00fcp ba\u015fkan\u0131 Emin Ak\u00e7ay, kul\u00fcp genel sekreteri Mehmet Ali Birdane ve salon amiri Nihat Kav\u015fut taraf\u0131ndan takdim edildi. \u201cSpora destek s\u00fcrecek\u201d Sporda sa\u011flanan ba\u015far\u0131larda \u00f6ncelikle velilere te\u015fekk\u00fcr eden Kepez Belediye Ba\u015fkan\u0131 Kocag\u00f6z, \u201cTeknik ekibimize, sporcular\u0131m\u0131za \u00e7ok te\u015fekk\u00fcr ediyorum. Daha bir\u00e7ok ba\u015far\u0131 i\u00e7in Kepezli sporcular\u0131m\u0131za olan deste\u011fimiz s\u00fcrecek\u201d dedi. \u0130ki tak\u0131m\u0131n \u00f6zel ma\u00e7\u0131n\u0131 hava topu ile ba\u015flatan Kocag\u00f6z, kar\u015f\u0131la\u015fmay\u0131 izleyen voleybol ve cimnastik sporcular\u0131yla da hat\u0131ra foto\u011fraf\u0131 \u00e7ektirdi. Sporcu velileriyle de bir araya gelen Kocag\u00f6z, te\u015fekk\u00fcrleri kabul etti, dilek ve temennileri dinledi. Kaynak: www.kanalv.com.tr Haber Sitesinden Al\u0131nm\u0131\u015ft\u0131r.","og_url":"https:\/\/denizcankizil.tr\/uk\/haberler\/antalya\/baskan-kocagozden-sampiyonlara-ozel-tebrik\/","og_site_name":"Av. Deniz Can K\u0131z\u0131l","article_published_time":"2024-12-12T08:41:26+00:00","og_image":[{"width":1280,"height":720,"url":"https:\/\/denizcankizil.tr\/wp-content\/uploads\/2024\/12\/3549-01-pN906i.jpeg","type":"image\/jpeg"}],"twitter_card":"summary_large_image","twitter_misc":{"\u041f\u0440\u0438\u0431\u043b. \u0447\u0430\u0441 \u0447\u0438\u0442\u0430\u043d\u043d\u044f":"1 \u0445\u0432\u0438\u043b\u0438\u043d\u0430"},"schema":{"@context":"https:\/\/schema.org","@graph":[{"@type":"Article","@id":"https:\/\/denizcankizil.tr\/ru\/haberler\/antalya\/baskan-kocagozden-sampiyonlara-ozel-tebrik\/#article","isPartOf":{"@id":"https:\/\/denizcankizil.tr\/ru\/haberler\/antalya\/baskan-kocagozden-sampiyonlara-ozel-tebrik\/"},"author":{"name":"","@id":""},"headline":"Ba\u015fkan Kocag\u00f6z&#8217;den \u015fampiyonlara \u00f6zel tebrik","datePublished":"2024-12-12T08:41:26+00:00","mainEntityOfPage":{"@id":"https:\/\/denizcankizil.tr\/ru\/haberler\/antalya\/baskan-kocagozden-sampiyonlara-ozel-tebrik\/"},"wordCount":255,"commentCount":0,"publisher":{"@id":"https:\/\/denizcankizil.tr\/de\/#organization"},"image":{"@id":"https:\/\/denizcankizil.tr\/ru\/haberler\/antalya\/baskan-kocagozden-sampiyonlara-ozel-tebrik\/#primaryimage"},"thumbnailUrl":"https:\/\/denizcankizil.tr\/wp-content\/uploads\/2024\/12\/3549-01-pN906i.jpeg","articleSection":["Antalya","Uncategorized"],"inLanguage":"uk","potentialAction":[{"@type":"CommentAction","name":"Comment","target":["https:\/\/denizcankizil.tr\/ru\/haberler\/antalya\/baskan-kocagozden-sampiyonlara-ozel-tebrik\/#respond"]}]},{"@type":"WebPage","@id":"https:\/\/denizcankizil.tr\/ru\/haberler\/antalya\/baskan-kocagozden-sampiyonlara-ozel-tebrik\/","url":"https:\/\/denizcankizil.tr\/ru\/haberler\/antalya\/baskan-kocagozden-sampiyonlara-ozel-tebrik\/","name":"Ba\u015fkan Kocag\u00f6z'den \u015fampiyonlara \u00f6zel tebrik - Av. Deniz Can K\u0131z\u0131l","isPartOf":{"@id":"https:\/\/denizcankizil.tr\/de\/#website"},"primaryImageOfPage":{"@id":"https:\/\/denizcankizil.tr\/ru\/haberler\/antalya\/baskan-kocagozden-sampiyonlara-ozel-tebrik\/#primaryimage"},"image":{"@id":"https:\/\/denizcankizil.tr\/ru\/haberler\/antalya\/baskan-kocagozden-sampiyonlara-ozel-tebrik\/#primaryimage"},"thumbnailUrl":"https:\/\/denizcankizil.tr\/wp-content\/uploads\/2024\/12\/3549-01-pN906i.jpeg","datePublished":"2024-12-12T08:41:26+00:00","breadcrumb":{"@id":"https:\/\/denizcankizil.tr\/ru\/haberler\/antalya\/baskan-kocagozden-sampiyonlara-ozel-tebrik\/#breadcrumb"},"inLanguage":"uk","potentialAction":[{"@type":"ReadAction","target":["https:\/\/denizcankizil.tr\/ru\/haberler\/antalya\/baskan-kocagozden-sampiyonlara-ozel-tebrik\/"]}]},{"@type":"ImageObject","inLanguage":"uk","@id":"https:\/\/denizcankizil.tr\/ru\/haberler\/antalya\/baskan-kocagozden-sampiyonlara-ozel-tebrik\/#primaryimage","url":"https:\/\/denizcankizil.tr\/wp-content\/uploads\/2024\/12\/3549-01-pN906i.jpeg","contentUrl":"https:\/\/denizcankizil.tr\/wp-content\/uploads\/2024\/12\/3549-01-pN906i.jpeg","width":1280,"height":720},{"@type":"BreadcrumbList","@id":"https:\/\/denizcankizil.tr\/ru\/haberler\/antalya\/baskan-kocagozden-sampiyonlara-ozel-tebrik\/#breadcrumb","itemListElement":[{"@type":"ListItem","position":1,"name":"Home","item":"https:\/\/denizcankizil.tr\/de\/"},{"@type":"ListItem","position":2,"name":"Ba\u015fkan Kocag\u00f6z&#8217;den \u015fampiyonlara \u00f6zel tebrik"}]},{"@type":"WebSite","@id":"https:\/\/denizcankizil.tr\/de\/#website","url":"https:\/\/denizcankizil.tr\/de\/","name":"Av. Deniz Can K\u0131z\u0131l","description":"Avukat Deniz Can K\u0131z\u0131l Antalya Barosu","publisher":{"@id":"https:\/\/denizcankizil.tr\/de\/#organization"},"potentialAction":[{"@type":"SearchAction","target":{"@type":"EntryPoint","urlTemplate":"https:\/\/denizcankizil.tr\/de\/?s={search_term_string}"},"query-input":{"@type":"PropertyValueSpecification","valueRequired":true,"valueName":"search_term_string"}}],"inLanguage":"uk"},{"@type":"Organization","@id":"https:\/\/denizcankizil.tr\/de\/#organization","name":"Av. Deniz Can K\u0131z\u0131l","url":"https:\/\/denizcankizil.tr\/de\/","logo":{"@type":"ImageObject","inLanguage":"uk","@id":"https:\/\/denizcankizil.tr\/de\/#\/schema\/logo\/image\/","url":"https:\/\/denizcankizil.tr\/wp-content\/uploads\/2024\/10\/siyah-logo-svg.svg","contentUrl":"https:\/\/denizcankizil.tr\/wp-content\/uploads\/2024\/10\/siyah-logo-svg.svg","width":1080,"height":1080,"caption":"Av. Deniz Can K\u0131z\u0131l"},"image":{"@id":"https:\/\/denizcankizil.tr\/de\/#\/schema\/logo\/image\/"}}]}},"_links":{"self":[{"href":"https:\/\/denizcankizil.tr\/uk\/wp-json\/wp\/v2\/posts\/20311","targetHints":{"allow":["GET"]}}],"collection":[{"href":"https:\/\/denizcankizil.tr\/uk\/wp-json\/wp\/v2\/posts"}],"about":[{"href":"https:\/\/denizcankizil.tr\/uk\/wp-json\/wp\/v2\/types\/post"}],"replies":[{"embeddable":true,"href":"https:\/\/denizcankizil.tr\/uk\/wp-json\/wp\/v2\/comments?post=20311"}],"version-history":[{"count":0,"href":"https:\/\/denizcankizil.tr\/uk\/wp-json\/wp\/v2\/posts\/20311\/revisions"}],"wp:featuredmedia":[{"embeddable":true,"href":"https:\/\/denizcankizil.tr\/uk\/wp-json\/wp\/v2\/media\/20312"}],"wp:attachment":[{"href":"https:\/\/denizcankizil.tr\/uk\/wp-json\/wp\/v2\/media?parent=20311"}],"wp:term":[{"taxonomy":"category","embeddable":true,"href":"https:\/\/denizcankizil.tr\/uk\/wp-json\/wp\/v2\/categories?post=20311"},{"taxonomy":"post_tag","embeddable":true,"href":"https:\/\/denizcankizil.tr\/uk\/wp-json\/wp\/v2\/tags?post=20311"}],"curies":[{"name":"wp","href":"https:\/\/api.w.org\/{rel}","templated":true}]}}