{"id":20114,"date":"2024-12-10T14:42:17","date_gmt":"2024-12-10T11:42:17","guid":{"rendered":"https:\/\/denizcankizil.tr\/uncategorized-tr\/baskan-komsularina-sofrada-eslik-etti\/"},"modified":"2024-12-10T14:42:17","modified_gmt":"2024-12-10T11:42:17","slug":"baskan-komsularina-sofrada-eslik-etti","status":"publish","type":"post","link":"https:\/\/denizcankizil.tr\/uk\/haberler\/antalya\/baskan-komsularina-sofrada-eslik-etti\/","title":{"rendered":"Ba\u015fkan, kom\u015fular\u0131na sofrada e\u015flik etti"},"content":{"rendered":"<p>Muratpa\u015fa Belediyesi A\u015fevi, sosyal dosyas\u0131 bulunan 2 bin 500 kent sakinine her g\u00fcn s\u0131cak yemek ula\u015ft\u0131rmaya devam ediyor. \u0130htiya\u00e7 sahipleri a\u015fevinde olu\u015fturulan yemek yeme alanlar\u0131nda yemeklerini yiyebilirken tercihe g\u00f6re evlerine g\u00f6t\u00fcrebiliyorlar.<br \/>\nBa\u015fkan Uysal, a\u015fevi ziyareti s\u0131ras\u0131nda kazanlar\u0131n ba\u015f\u0131na ge\u00e7ip ilk olarak kom\u015fular\u0131na yemek ikram etti. Ard\u0131ndan ise onlara sofrada e\u015flik etti. Ba\u015fkan Uysal, belediyelerin maa\u015f \u00f6deme konusunda bile zorluk ya\u015fad\u0131\u011f\u0131 bir d\u00f6nemde Muratpa\u015fa\u2019da dayan\u0131\u015fman\u0131n devam edece\u011fini vurgulayarak \u015funlar\u0131 s\u00f6yledi:<br \/>\n\u201cEkonomik kriz \u015fartlar\u0131nda beslenme sorunu \u00e7eken kom\u015fu say\u0131m\u0131zda art\u0131\u015f oldu. Belediyelerimizin ekonomik durumu da genel anlamda zorlu bir s\u00fcre\u00e7ten ge\u00e7iyor. Ancak biz, k\u0131l\u0131 k\u0131rk yararak ve her kuru\u015fumuza dikkat ederek sosyal dosyas\u0131 bulunan yakla\u015f\u0131k 2 bin 500 kom\u015fumuza bu hizmeti ula\u015ft\u0131r\u0131yoruz. Varl\u0131\u011f\u0131 ve yoklu\u011fu payla\u015fmak anlam\u0131nda kom\u015fular\u0131m\u0131zla g\u0131da dayan\u0131\u015fmas\u0131 i\u00e7indeyiz. Her \u015fey \u015fehir dayan\u0131\u015fmas\u0131 i\u00e7in, ihtiyac\u0131 olan kom\u015fumuzun yan\u0131nda olmak i\u00e7in.\u201d<br \/>\nBelediye a\u015fevi, ayr\u0131ca ilk ve orta\u00f6\u011fretim \u00f6\u011frencilerine y\u00f6nelik bir \u00f6\u011f\u00fcnl\u00fck sa\u011fl\u0131kl\u0131 ve dengeli beslenme paketi olan \u2018Okul Men\u00fcs\u00fc\u2019 uygulamas\u0131n\u0131 da s\u00fcrd\u00fcr\u00fcyor. 2022 y\u0131l\u0131n\u0131n Aral\u0131k ay\u0131nda ba\u015flat\u0131lan bu uygulama kapsam\u0131nda, ge\u00e7en e\u011fitim y\u0131l\u0131nda 538 hanede toplam 879 \u00f6\u011frenciye yemek deste\u011fi sa\u011fland\u0131. E\u011fitim y\u0131l\u0131 boyunca toplamda 112 bin 530 adet okul men\u00fcs\u00fc, \u00f6\u011frencilerin evlerine tek tek ula\u015ft\u0131r\u0131ld\u0131.<br \/>\nA\u015fevinde haz\u0131rlanan t\u00fcm yemekler, diyetisyenler taraf\u0131ndan belirlenen kalori, vitamin, protein, karbonhidrat ve ya\u011f dengelerine uygun olarak haz\u0131rlan\u0131yor. B\u00f6ylece hem yeti\u015fkinler hem de \u00f6\u011frenciler, sa\u011fl\u0131kl\u0131 ve dengeli bir beslenme imk\u00e2n\u0131na kavu\u015fuyor.<\/p>\n<p>Kaynak: www.kanalv.com.tr Haber Sitesinden Al\u0131nm\u0131\u015ft\u0131r.<\/p>","protected":false},"excerpt":{"rendered":"<p>Muratpa\u015fa Belediyesi A\u015fevi, sosyal dosyas\u0131 bulunan 2 bin 500 kent sakinine her g\u00fcn s\u0131cak yemek ula\u015ft\u0131rmaya devam ediyor. \u0130htiya\u00e7 sahipleri a\u015fevinde olu\u015fturulan yemek yeme alanlar\u0131nda yemeklerini yiyebilirken tercihe g\u00f6re evlerine g\u00f6t\u00fcrebiliyorlar. Ba\u015fkan Uysal, a\u015fevi ziyareti s\u0131ras\u0131nda kazanlar\u0131n ba\u015f\u0131na ge\u00e7ip ilk olarak kom\u015fular\u0131na yemek ikram etti. Ard\u0131ndan ise onlara sofrada e\u015flik etti. Ba\u015fkan Uysal, belediyelerin maa\u015f \u00f6deme konusunda bile zorluk ya\u015fad\u0131\u011f\u0131 bir d\u00f6nemde Muratpa\u015fa\u2019da dayan\u0131\u015fman\u0131n devam edece\u011fini vurgulayarak \u015funlar\u0131 s\u00f6yledi: \u201cEkonomik kriz \u015fartlar\u0131nda beslenme sorunu \u00e7eken kom\u015fu say\u0131m\u0131zda art\u0131\u015f oldu. Belediyelerimizin ekonomik durumu da genel anlamda zorlu bir s\u00fcre\u00e7ten ge\u00e7iyor. Ancak biz, k\u0131l\u0131 k\u0131rk yararak ve her kuru\u015fumuza dikkat ederek sosyal dosyas\u0131 bulunan yakla\u015f\u0131k 2 bin 500 kom\u015fumuza bu hizmeti ula\u015ft\u0131r\u0131yoruz. Varl\u0131\u011f\u0131 ve yoklu\u011fu payla\u015fmak anlam\u0131nda kom\u015fular\u0131m\u0131zla g\u0131da dayan\u0131\u015fmas\u0131 i\u00e7indeyiz. Her \u015fey \u015fehir dayan\u0131\u015fmas\u0131 i\u00e7in, ihtiyac\u0131 olan kom\u015fumuzun yan\u0131nda olmak i\u00e7in.\u201d Belediye a\u015fevi, ayr\u0131ca ilk ve orta\u00f6\u011fretim \u00f6\u011frencilerine y\u00f6nelik bir \u00f6\u011f\u00fcnl\u00fck sa\u011fl\u0131kl\u0131 ve dengeli beslenme paketi olan \u2018Okul Men\u00fcs\u00fc\u2019 uygulamas\u0131n\u0131 da s\u00fcrd\u00fcr\u00fcyor. 2022 y\u0131l\u0131n\u0131n Aral\u0131k ay\u0131nda ba\u015flat\u0131lan bu uygulama kapsam\u0131nda, ge\u00e7en e\u011fitim y\u0131l\u0131nda 538 hanede toplam 879 \u00f6\u011frenciye yemek deste\u011fi sa\u011fland\u0131. E\u011fitim y\u0131l\u0131 boyunca toplamda 112 bin 530 adet okul men\u00fcs\u00fc, \u00f6\u011frencilerin evlerine tek tek ula\u015ft\u0131r\u0131ld\u0131. A\u015fevinde haz\u0131rlanan t\u00fcm yemekler, diyetisyenler taraf\u0131ndan belirlenen kalori, vitamin, protein, karbonhidrat ve ya\u011f dengelerine uygun &hellip;<\/p>","protected":false},"author":0,"featured_media":20115,"comment_status":"open","ping_status":"open","sticky":false,"template":"","format":"standard","meta":{"_acf_changed":false,"footnotes":""},"categories":[26,535],"tags":[],"class_list":["post-20114","post","type-post","status-publish","format-standard","has-post-thumbnail","hentry","category-antalya","category-uncategorized-tr"],"acf":[],"yoast_head":"<!-- This site is optimized with the Yoast SEO Premium plugin v26.6 (Yoast SEO v27.1.1) - https:\/\/yoast.com\/product\/yoast-seo-premium-wordpress\/ -->\n<title>Ba\u015fkan, kom\u015fular\u0131na sofrada e\u015flik etti - Av. Deniz Can K\u0131z\u0131l<\/title>\n<meta name=\"robots\" content=\"index, follow, max-snippet:-1, max-image-preview:large, max-video-preview:-1\" \/>\n<link rel=\"canonical\" href=\"https:\/\/denizcankizil.tr\/uk\/haberler\/antalya\/baskan-komsularina-sofrada-eslik-etti\/\" \/>\n<meta property=\"og:locale\" content=\"uk_UA\" \/>\n<meta property=\"og:type\" content=\"article\" \/>\n<meta property=\"og:title\" content=\"Ba\u015fkan, kom\u015fular\u0131na sofrada e\u015flik etti\" \/>\n<meta property=\"og:description\" content=\"Muratpa\u015fa Belediyesi A\u015fevi, sosyal dosyas\u0131 bulunan 2 bin 500 kent sakinine her g\u00fcn s\u0131cak yemek ula\u015ft\u0131rmaya devam ediyor. \u0130htiya\u00e7 sahipleri a\u015fevinde olu\u015fturulan yemek yeme alanlar\u0131nda yemeklerini yiyebilirken tercihe g\u00f6re evlerine g\u00f6t\u00fcrebiliyorlar. Ba\u015fkan Uysal, a\u015fevi ziyareti s\u0131ras\u0131nda kazanlar\u0131n ba\u015f\u0131na ge\u00e7ip ilk olarak kom\u015fular\u0131na yemek ikram etti. Ard\u0131ndan ise onlara sofrada e\u015flik etti. Ba\u015fkan Uysal, belediyelerin maa\u015f \u00f6deme konusunda bile zorluk ya\u015fad\u0131\u011f\u0131 bir d\u00f6nemde Muratpa\u015fa\u2019da dayan\u0131\u015fman\u0131n devam edece\u011fini vurgulayarak \u015funlar\u0131 s\u00f6yledi: \u201cEkonomik kriz \u015fartlar\u0131nda beslenme sorunu \u00e7eken kom\u015fu say\u0131m\u0131zda art\u0131\u015f oldu. Belediyelerimizin ekonomik durumu da genel anlamda zorlu bir s\u00fcre\u00e7ten ge\u00e7iyor. Ancak biz, k\u0131l\u0131 k\u0131rk yararak ve her kuru\u015fumuza dikkat ederek sosyal dosyas\u0131 bulunan yakla\u015f\u0131k 2 bin 500 kom\u015fumuza bu hizmeti ula\u015ft\u0131r\u0131yoruz. Varl\u0131\u011f\u0131 ve yoklu\u011fu payla\u015fmak anlam\u0131nda kom\u015fular\u0131m\u0131zla g\u0131da dayan\u0131\u015fmas\u0131 i\u00e7indeyiz. Her \u015fey \u015fehir dayan\u0131\u015fmas\u0131 i\u00e7in, ihtiyac\u0131 olan kom\u015fumuzun yan\u0131nda olmak i\u00e7in.\u201d Belediye a\u015fevi, ayr\u0131ca ilk ve orta\u00f6\u011fretim \u00f6\u011frencilerine y\u00f6nelik bir \u00f6\u011f\u00fcnl\u00fck sa\u011fl\u0131kl\u0131 ve dengeli beslenme paketi olan \u2018Okul Men\u00fcs\u00fc\u2019 uygulamas\u0131n\u0131 da s\u00fcrd\u00fcr\u00fcyor. 2022 y\u0131l\u0131n\u0131n Aral\u0131k ay\u0131nda ba\u015flat\u0131lan bu uygulama kapsam\u0131nda, ge\u00e7en e\u011fitim y\u0131l\u0131nda 538 hanede toplam 879 \u00f6\u011frenciye yemek deste\u011fi sa\u011fland\u0131. E\u011fitim y\u0131l\u0131 boyunca toplamda 112 bin 530 adet okul men\u00fcs\u00fc, \u00f6\u011frencilerin evlerine tek tek ula\u015ft\u0131r\u0131ld\u0131. A\u015fevinde haz\u0131rlanan t\u00fcm yemekler, diyetisyenler taraf\u0131ndan belirlenen kalori, vitamin, protein, karbonhidrat ve ya\u011f dengelerine uygun &hellip;\" \/>\n<meta property=\"og:url\" content=\"https:\/\/denizcankizil.tr\/uk\/haberler\/antalya\/baskan-komsularina-sofrada-eslik-etti\/\" \/>\n<meta property=\"og:site_name\" content=\"Av. Deniz Can K\u0131z\u0131l\" \/>\n<meta property=\"article:published_time\" content=\"2024-12-10T11:42:17+00:00\" \/>\n<meta property=\"og:image\" content=\"https:\/\/denizcankizil.tr\/wp-content\/uploads\/2024\/12\/3511-01-Rip23L.jpeg\" \/>\n\t<meta property=\"og:image:width\" content=\"1280\" \/>\n\t<meta property=\"og:image:height\" content=\"720\" \/>\n\t<meta property=\"og:image:type\" content=\"image\/jpeg\" \/>\n<meta name=\"twitter:card\" content=\"summary_large_image\" \/>\n<meta name=\"twitter:label1\" content=\"\u041f\u0440\u0438\u0431\u043b. \u0447\u0430\u0441 \u0447\u0438\u0442\u0430\u043d\u043d\u044f\" \/>\n\t<meta name=\"twitter:data1\" content=\"2 \u0445\u0432\u0438\u043b\u0438\u043d\u0438\" \/>\n<script type=\"application\/ld+json\" class=\"yoast-schema-graph\">{\"@context\":\"https:\/\/schema.org\",\"@graph\":[{\"@type\":\"Article\",\"@id\":\"https:\/\/denizcankizil.tr\/uk\/haberler\/antalya\/baskan-komsularina-sofrada-eslik-etti\/#article\",\"isPartOf\":{\"@id\":\"https:\/\/denizcankizil.tr\/uk\/haberler\/antalya\/baskan-komsularina-sofrada-eslik-etti\/\"},\"author\":{\"name\":\"\",\"@id\":\"\"},\"headline\":\"Ba\u015fkan, kom\u015fular\u0131na sofrada e\u015flik etti\",\"datePublished\":\"2024-12-10T11:42:17+00:00\",\"mainEntityOfPage\":{\"@id\":\"https:\/\/denizcankizil.tr\/uk\/haberler\/antalya\/baskan-komsularina-sofrada-eslik-etti\/\"},\"wordCount\":332,\"commentCount\":0,\"publisher\":{\"@id\":\"https:\/\/denizcankizil.tr\/#organization\"},\"image\":{\"@id\":\"https:\/\/denizcankizil.tr\/uk\/haberler\/antalya\/baskan-komsularina-sofrada-eslik-etti\/#primaryimage\"},\"thumbnailUrl\":\"https:\/\/denizcankizil.tr\/wp-content\/uploads\/2024\/12\/3511-01-Rip23L.jpeg\",\"articleSection\":[\"Antalya\",\"Uncategorized\"],\"inLanguage\":\"uk\",\"potentialAction\":[{\"@type\":\"CommentAction\",\"name\":\"Comment\",\"target\":[\"https:\/\/denizcankizil.tr\/uk\/haberler\/antalya\/baskan-komsularina-sofrada-eslik-etti\/#respond\"]}]},{\"@type\":\"WebPage\",\"@id\":\"https:\/\/denizcankizil.tr\/uk\/haberler\/antalya\/baskan-komsularina-sofrada-eslik-etti\/\",\"url\":\"https:\/\/denizcankizil.tr\/uk\/haberler\/antalya\/baskan-komsularina-sofrada-eslik-etti\/\",\"name\":\"Ba\u015fkan, kom\u015fular\u0131na sofrada e\u015flik etti - Av. Deniz Can K\u0131z\u0131l\",\"isPartOf\":{\"@id\":\"https:\/\/denizcankizil.tr\/#website\"},\"primaryImageOfPage\":{\"@id\":\"https:\/\/denizcankizil.tr\/uk\/haberler\/antalya\/baskan-komsularina-sofrada-eslik-etti\/#primaryimage\"},\"image\":{\"@id\":\"https:\/\/denizcankizil.tr\/uk\/haberler\/antalya\/baskan-komsularina-sofrada-eslik-etti\/#primaryimage\"},\"thumbnailUrl\":\"https:\/\/denizcankizil.tr\/wp-content\/uploads\/2024\/12\/3511-01-Rip23L.jpeg\",\"datePublished\":\"2024-12-10T11:42:17+00:00\",\"breadcrumb\":{\"@id\":\"https:\/\/denizcankizil.tr\/uk\/haberler\/antalya\/baskan-komsularina-sofrada-eslik-etti\/#breadcrumb\"},\"inLanguage\":\"uk\",\"potentialAction\":[{\"@type\":\"ReadAction\",\"target\":[\"https:\/\/denizcankizil.tr\/uk\/haberler\/antalya\/baskan-komsularina-sofrada-eslik-etti\/\"]}]},{\"@type\":\"ImageObject\",\"inLanguage\":\"uk\",\"@id\":\"https:\/\/denizcankizil.tr\/uk\/haberler\/antalya\/baskan-komsularina-sofrada-eslik-etti\/#primaryimage\",\"url\":\"https:\/\/denizcankizil.tr\/wp-content\/uploads\/2024\/12\/3511-01-Rip23L.jpeg\",\"contentUrl\":\"https:\/\/denizcankizil.tr\/wp-content\/uploads\/2024\/12\/3511-01-Rip23L.jpeg\",\"width\":1280,\"height\":720},{\"@type\":\"BreadcrumbList\",\"@id\":\"https:\/\/denizcankizil.tr\/uk\/haberler\/antalya\/baskan-komsularina-sofrada-eslik-etti\/#breadcrumb\",\"itemListElement\":[{\"@type\":\"ListItem\",\"position\":1,\"name\":\"Home\",\"item\":\"https:\/\/denizcankizil.tr\/de\/\"},{\"@type\":\"ListItem\",\"position\":2,\"name\":\"Ba\u015fkan, kom\u015fular\u0131na sofrada e\u015flik etti\"}]},{\"@type\":\"WebSite\",\"@id\":\"https:\/\/denizcankizil.tr\/#website\",\"url\":\"https:\/\/denizcankizil.tr\/\",\"name\":\"Av. Deniz Can K\u0131z\u0131l\",\"description\":\"Avukat Deniz Can K\u0131z\u0131l Antalya Barosu\",\"publisher\":{\"@id\":\"https:\/\/denizcankizil.tr\/#organization\"},\"potentialAction\":[{\"@type\":\"SearchAction\",\"target\":{\"@type\":\"EntryPoint\",\"urlTemplate\":\"https:\/\/denizcankizil.tr\/?s={search_term_string}\"},\"query-input\":{\"@type\":\"PropertyValueSpecification\",\"valueRequired\":true,\"valueName\":\"search_term_string\"}}],\"inLanguage\":\"uk\"},{\"@type\":\"Organization\",\"@id\":\"https:\/\/denizcankizil.tr\/#organization\",\"name\":\"Av. Deniz Can K\u0131z\u0131l\",\"url\":\"https:\/\/denizcankizil.tr\/\",\"logo\":{\"@type\":\"ImageObject\",\"inLanguage\":\"uk\",\"@id\":\"https:\/\/denizcankizil.tr\/#\/schema\/logo\/image\/\",\"url\":\"https:\/\/denizcankizil.tr\/wp-content\/uploads\/2024\/10\/siyah-logo-svg.svg\",\"contentUrl\":\"https:\/\/denizcankizil.tr\/wp-content\/uploads\/2024\/10\/siyah-logo-svg.svg\",\"width\":1080,\"height\":1080,\"caption\":\"Av. Deniz Can K\u0131z\u0131l\"},\"image\":{\"@id\":\"https:\/\/denizcankizil.tr\/#\/schema\/logo\/image\/\"}}]}<\/script>\n<!-- \/ Yoast SEO Premium plugin. -->","yoast_head_json":{"title":"Ba\u015fkan, kom\u015fular\u0131na sofrada e\u015flik etti - Av. Deniz Can K\u0131z\u0131l","robots":{"index":"index","follow":"follow","max-snippet":"max-snippet:-1","max-image-preview":"max-image-preview:large","max-video-preview":"max-video-preview:-1"},"canonical":"https:\/\/denizcankizil.tr\/uk\/haberler\/antalya\/baskan-komsularina-sofrada-eslik-etti\/","og_locale":"uk_UA","og_type":"article","og_title":"Ba\u015fkan, kom\u015fular\u0131na sofrada e\u015flik etti","og_description":"Muratpa\u015fa Belediyesi A\u015fevi, sosyal dosyas\u0131 bulunan 2 bin 500 kent sakinine her g\u00fcn s\u0131cak yemek ula\u015ft\u0131rmaya devam ediyor. \u0130htiya\u00e7 sahipleri a\u015fevinde olu\u015fturulan yemek yeme alanlar\u0131nda yemeklerini yiyebilirken tercihe g\u00f6re evlerine g\u00f6t\u00fcrebiliyorlar. Ba\u015fkan Uysal, a\u015fevi ziyareti s\u0131ras\u0131nda kazanlar\u0131n ba\u015f\u0131na ge\u00e7ip ilk olarak kom\u015fular\u0131na yemek ikram etti. Ard\u0131ndan ise onlara sofrada e\u015flik etti. Ba\u015fkan Uysal, belediyelerin maa\u015f \u00f6deme konusunda bile zorluk ya\u015fad\u0131\u011f\u0131 bir d\u00f6nemde Muratpa\u015fa\u2019da dayan\u0131\u015fman\u0131n devam edece\u011fini vurgulayarak \u015funlar\u0131 s\u00f6yledi: \u201cEkonomik kriz \u015fartlar\u0131nda beslenme sorunu \u00e7eken kom\u015fu say\u0131m\u0131zda art\u0131\u015f oldu. Belediyelerimizin ekonomik durumu da genel anlamda zorlu bir s\u00fcre\u00e7ten ge\u00e7iyor. Ancak biz, k\u0131l\u0131 k\u0131rk yararak ve her kuru\u015fumuza dikkat ederek sosyal dosyas\u0131 bulunan yakla\u015f\u0131k 2 bin 500 kom\u015fumuza bu hizmeti ula\u015ft\u0131r\u0131yoruz. Varl\u0131\u011f\u0131 ve yoklu\u011fu payla\u015fmak anlam\u0131nda kom\u015fular\u0131m\u0131zla g\u0131da dayan\u0131\u015fmas\u0131 i\u00e7indeyiz. Her \u015fey \u015fehir dayan\u0131\u015fmas\u0131 i\u00e7in, ihtiyac\u0131 olan kom\u015fumuzun yan\u0131nda olmak i\u00e7in.\u201d Belediye a\u015fevi, ayr\u0131ca ilk ve orta\u00f6\u011fretim \u00f6\u011frencilerine y\u00f6nelik bir \u00f6\u011f\u00fcnl\u00fck sa\u011fl\u0131kl\u0131 ve dengeli beslenme paketi olan \u2018Okul Men\u00fcs\u00fc\u2019 uygulamas\u0131n\u0131 da s\u00fcrd\u00fcr\u00fcyor. 2022 y\u0131l\u0131n\u0131n Aral\u0131k ay\u0131nda ba\u015flat\u0131lan bu uygulama kapsam\u0131nda, ge\u00e7en e\u011fitim y\u0131l\u0131nda 538 hanede toplam 879 \u00f6\u011frenciye yemek deste\u011fi sa\u011fland\u0131. E\u011fitim y\u0131l\u0131 boyunca toplamda 112 bin 530 adet okul men\u00fcs\u00fc, \u00f6\u011frencilerin evlerine tek tek ula\u015ft\u0131r\u0131ld\u0131. A\u015fevinde haz\u0131rlanan t\u00fcm yemekler, diyetisyenler taraf\u0131ndan belirlenen kalori, vitamin, protein, karbonhidrat ve ya\u011f dengelerine uygun &hellip;","og_url":"https:\/\/denizcankizil.tr\/uk\/haberler\/antalya\/baskan-komsularina-sofrada-eslik-etti\/","og_site_name":"Av. Deniz Can K\u0131z\u0131l","article_published_time":"2024-12-10T11:42:17+00:00","og_image":[{"width":1280,"height":720,"url":"https:\/\/denizcankizil.tr\/wp-content\/uploads\/2024\/12\/3511-01-Rip23L.jpeg","type":"image\/jpeg"}],"twitter_card":"summary_large_image","twitter_misc":{"\u041f\u0440\u0438\u0431\u043b. \u0447\u0430\u0441 \u0447\u0438\u0442\u0430\u043d\u043d\u044f":"2 \u0445\u0432\u0438\u043b\u0438\u043d\u0438"},"schema":{"@context":"https:\/\/schema.org","@graph":[{"@type":"Article","@id":"https:\/\/denizcankizil.tr\/uk\/haberler\/antalya\/baskan-komsularina-sofrada-eslik-etti\/#article","isPartOf":{"@id":"https:\/\/denizcankizil.tr\/uk\/haberler\/antalya\/baskan-komsularina-sofrada-eslik-etti\/"},"author":{"name":"","@id":""},"headline":"Ba\u015fkan, kom\u015fular\u0131na sofrada e\u015flik etti","datePublished":"2024-12-10T11:42:17+00:00","mainEntityOfPage":{"@id":"https:\/\/denizcankizil.tr\/uk\/haberler\/antalya\/baskan-komsularina-sofrada-eslik-etti\/"},"wordCount":332,"commentCount":0,"publisher":{"@id":"https:\/\/denizcankizil.tr\/#organization"},"image":{"@id":"https:\/\/denizcankizil.tr\/uk\/haberler\/antalya\/baskan-komsularina-sofrada-eslik-etti\/#primaryimage"},"thumbnailUrl":"https:\/\/denizcankizil.tr\/wp-content\/uploads\/2024\/12\/3511-01-Rip23L.jpeg","articleSection":["Antalya","Uncategorized"],"inLanguage":"uk","potentialAction":[{"@type":"CommentAction","name":"Comment","target":["https:\/\/denizcankizil.tr\/uk\/haberler\/antalya\/baskan-komsularina-sofrada-eslik-etti\/#respond"]}]},{"@type":"WebPage","@id":"https:\/\/denizcankizil.tr\/uk\/haberler\/antalya\/baskan-komsularina-sofrada-eslik-etti\/","url":"https:\/\/denizcankizil.tr\/uk\/haberler\/antalya\/baskan-komsularina-sofrada-eslik-etti\/","name":"Ba\u015fkan, kom\u015fular\u0131na sofrada e\u015flik etti - Av. Deniz Can K\u0131z\u0131l","isPartOf":{"@id":"https:\/\/denizcankizil.tr\/#website"},"primaryImageOfPage":{"@id":"https:\/\/denizcankizil.tr\/uk\/haberler\/antalya\/baskan-komsularina-sofrada-eslik-etti\/#primaryimage"},"image":{"@id":"https:\/\/denizcankizil.tr\/uk\/haberler\/antalya\/baskan-komsularina-sofrada-eslik-etti\/#primaryimage"},"thumbnailUrl":"https:\/\/denizcankizil.tr\/wp-content\/uploads\/2024\/12\/3511-01-Rip23L.jpeg","datePublished":"2024-12-10T11:42:17+00:00","breadcrumb":{"@id":"https:\/\/denizcankizil.tr\/uk\/haberler\/antalya\/baskan-komsularina-sofrada-eslik-etti\/#breadcrumb"},"inLanguage":"uk","potentialAction":[{"@type":"ReadAction","target":["https:\/\/denizcankizil.tr\/uk\/haberler\/antalya\/baskan-komsularina-sofrada-eslik-etti\/"]}]},{"@type":"ImageObject","inLanguage":"uk","@id":"https:\/\/denizcankizil.tr\/uk\/haberler\/antalya\/baskan-komsularina-sofrada-eslik-etti\/#primaryimage","url":"https:\/\/denizcankizil.tr\/wp-content\/uploads\/2024\/12\/3511-01-Rip23L.jpeg","contentUrl":"https:\/\/denizcankizil.tr\/wp-content\/uploads\/2024\/12\/3511-01-Rip23L.jpeg","width":1280,"height":720},{"@type":"BreadcrumbList","@id":"https:\/\/denizcankizil.tr\/uk\/haberler\/antalya\/baskan-komsularina-sofrada-eslik-etti\/#breadcrumb","itemListElement":[{"@type":"ListItem","position":1,"name":"Home","item":"https:\/\/denizcankizil.tr\/de\/"},{"@type":"ListItem","position":2,"name":"Ba\u015fkan, kom\u015fular\u0131na sofrada e\u015flik etti"}]},{"@type":"WebSite","@id":"https:\/\/denizcankizil.tr\/#website","url":"https:\/\/denizcankizil.tr\/","name":"Av. Deniz Can K\u0131z\u0131l","description":"Avukat Deniz Can K\u0131z\u0131l Antalya Barosu","publisher":{"@id":"https:\/\/denizcankizil.tr\/#organization"},"potentialAction":[{"@type":"SearchAction","target":{"@type":"EntryPoint","urlTemplate":"https:\/\/denizcankizil.tr\/?s={search_term_string}"},"query-input":{"@type":"PropertyValueSpecification","valueRequired":true,"valueName":"search_term_string"}}],"inLanguage":"uk"},{"@type":"Organization","@id":"https:\/\/denizcankizil.tr\/#organization","name":"Av. Deniz Can K\u0131z\u0131l","url":"https:\/\/denizcankizil.tr\/","logo":{"@type":"ImageObject","inLanguage":"uk","@id":"https:\/\/denizcankizil.tr\/#\/schema\/logo\/image\/","url":"https:\/\/denizcankizil.tr\/wp-content\/uploads\/2024\/10\/siyah-logo-svg.svg","contentUrl":"https:\/\/denizcankizil.tr\/wp-content\/uploads\/2024\/10\/siyah-logo-svg.svg","width":1080,"height":1080,"caption":"Av. Deniz Can K\u0131z\u0131l"},"image":{"@id":"https:\/\/denizcankizil.tr\/#\/schema\/logo\/image\/"}}]}},"_links":{"self":[{"href":"https:\/\/denizcankizil.tr\/uk\/wp-json\/wp\/v2\/posts\/20114","targetHints":{"allow":["GET"]}}],"collection":[{"href":"https:\/\/denizcankizil.tr\/uk\/wp-json\/wp\/v2\/posts"}],"about":[{"href":"https:\/\/denizcankizil.tr\/uk\/wp-json\/wp\/v2\/types\/post"}],"replies":[{"embeddable":true,"href":"https:\/\/denizcankizil.tr\/uk\/wp-json\/wp\/v2\/comments?post=20114"}],"version-history":[{"count":0,"href":"https:\/\/denizcankizil.tr\/uk\/wp-json\/wp\/v2\/posts\/20114\/revisions"}],"wp:featuredmedia":[{"embeddable":true,"href":"https:\/\/denizcankizil.tr\/uk\/wp-json\/wp\/v2\/media\/20115"}],"wp:attachment":[{"href":"https:\/\/denizcankizil.tr\/uk\/wp-json\/wp\/v2\/media?parent=20114"}],"wp:term":[{"taxonomy":"category","embeddable":true,"href":"https:\/\/denizcankizil.tr\/uk\/wp-json\/wp\/v2\/categories?post=20114"},{"taxonomy":"post_tag","embeddable":true,"href":"https:\/\/denizcankizil.tr\/uk\/wp-json\/wp\/v2\/tags?post=20114"}],"curies":[{"name":"wp","href":"https:\/\/api.w.org\/{rel}","templated":true}]}}