{"id":20061,"date":"2024-12-10T10:43:03","date_gmt":"2024-12-10T07:43:03","guid":{"rendered":"https:\/\/denizcankizil.tr\/uncategorized-tr\/patlamanin-ardindan-alevler-yukseldi\/"},"modified":"2024-12-10T10:43:03","modified_gmt":"2024-12-10T07:43:03","slug":"patlamanin-ardindan-alevler-yukseldi","status":"publish","type":"post","link":"https:\/\/denizcankizil.tr\/uk\/haberler\/antalya\/patlamanin-ardindan-alevler-yukseldi\/","title":{"rendered":"Patlaman\u0131n ard\u0131ndan alevler y\u00fckseldi"},"content":{"rendered":"<p>\u00a0Yanan dairede insanlar oldu\u011fu s\u00f6ylentisi olay yerine toplanan kalabal\u0131\u011f\u0131n heyecanlanmas\u0131na neden olurken, evdekilerin yang\u0131n s\u0131ras\u0131nda evi terk ettikleri belirlendi. Yanan dairenin alt kat\u0131nda oturan Sava\u015f Din\u00e7 isimli vatanda\u015f, \u00fcst kattan tart\u0131\u015fma sesleri geldi\u011fini, seslerin artmas\u0131 \u00fczerine balkona \u00e7\u0131kt\u0131\u011f\u0131nda alevleri g\u00f6rd\u00fc\u011f\u00fcn\u00fc, di\u011fer dairelere ba\u011f\u0131rarak haberdar etti\u011fini s\u00f6yledi.<\/p>\n<p>Yang\u0131n, Side Mahallesi Cennetler Sokak&#8217;ta Hac\u0131 \u015eayeste \u0130lk\u00f6\u011fretim okulunun yan\u0131nda bulunan sitedeki 3 katl\u0131 binan\u0131n \u00e7at\u0131 kat\u0131nda \u00e7\u0131kt\u0131. Yang\u0131n, site sakinlerinin yan\u0131 s\u0131ra yak\u0131n\u0131ndaki ikamet ve i\u015f yerlerinde bulunanlar\u0131n da korku dolu anlar ya\u015famas\u0131na neden oldu. 112 acil \u00e7a\u011fr\u0131 merkezine gelen ihbar \u00fczerine olay yerine Antalya B\u00fcy\u00fck\u015fehir Belediyesi \u0130tfaiyesi Manavgat Birimine ba\u011fl\u0131 ekipler, 112 sa\u011fl\u0131k ve Manavgat \u0130l\u00e7e Jandarma Komutanl\u0131\u011f\u0131 Side Jandarma Karakoluna ba\u011fl\u0131 ekipler sevk edildi. \u0130tfaiye ekipleri alevlerin g\u00f6ky\u00fcz\u00fcne y\u00fckselerek soka\u011f\u0131 ayd\u0131nlatt\u0131\u011f\u0131 yang\u0131na k\u0131sa s\u00fcrede m\u00fcdahalede bulunarak di\u011fer binalara s\u0131\u00e7ramadan kontrol alt\u0131na al\u0131rken, jandarma ekipleri vatanda\u015flar\u0131n yang\u0131n b\u00f6lgesine girmemesi i\u00e7in gerekli \u00f6nlemleri ald\u0131. \u0130\u00e7eride insan oldu\u011fu s\u00f6ylentileri sa\u011fl\u0131k ekiplerini alarma ge\u00e7irdi. \u0130tfaiye ekiplerinin yapt\u0131\u011f\u0131 kontrol ve yang\u0131n\u0131 ilk g\u00f6ren vatanda\u015flar\u0131n evdekilerin yang\u0131n ba\u015flad\u0131\u011f\u0131nda evi terk ettiklerini s\u00f6ylemeleri herkesin rahat bir nefes almas\u0131n\u0131 sa\u011flad\u0131.<\/p>\n<p>\u00d6nce tart\u0131\u015fma ya\u015fand\u0131 sonra alevler y\u00fckseldi<br \/>\nYanan dairenin alt\u0131ndaki dairede oturan Sava\u015f Din\u00e7 isimli vatanda\u015f, evde oturdu\u011fu s\u0131rada her zaman oldu\u011fu gibi \u00fcst kattan tart\u0131\u015fma, ba\u011f\u0131r\u0131\u015f sesleri geldi\u011fini belirterek, \u201cPatlamaya benzer ses gelmesi \u00fczerine balkon kap\u0131s\u0131n\u0131 a\u00e7t\u0131\u011f\u0131mda alevlerin geldi\u011fini g\u00f6rd\u00fcm. Di\u011fer dairelerde \u00e7ocuklu aileler var. Onlar\u0131n duyarak ka\u00e7malar\u0131 i\u00e7in avaz\u0131m \u00e7\u0131kt\u0131\u011f\u0131 kadar ba\u011f\u0131rd\u0131m. Benim ba\u011f\u0131rmam \u00fczerine yang\u0131ndan haberdar olan site sakinleri evlerinden h\u0131zla \u00e7\u0131kt\u0131lar. \u0130tfaiye geldi ve yang\u0131n\u0131 kontrol alt\u0131na ald\u0131\u201d dedi. Yang\u0131n\u0131 ilk fark edenlerden bir gen\u00e7, \u00fcst \u00fcste patlamalar oldu\u011funu, daireden bir kad\u0131n\u0131n ve k\u00f6pe\u011fiyle d\u0131\u015far\u0131 \u00e7\u0131kard\u0131\u011f\u0131n\u0131 s\u00f6yledi.<\/p>\n<p>Yang\u0131n\u0131n \u00e7\u0131kt\u0131\u011f\u0131 dairede s\u00fcrekli tart\u0131\u015fma ve g\u00fcr\u00fclt\u00fc olaylar\u0131n\u0131n ya\u015fand\u0131\u011f\u0131, dairede kimlerin kald\u0131\u011f\u0131n\u0131n bilinmedi\u011fi, yang\u0131n s\u0131ras\u0131nda daireden \u00e7\u0131k\u0131p ortadan kaybolduklar\u0131 bildirildi.<\/p>\n<p>Kaynak: www.kanalv.com.tr Haber Sitesinden Al\u0131nm\u0131\u015ft\u0131r.<\/p>","protected":false},"excerpt":{"rendered":"<p>\u00a0Yanan dairede insanlar oldu\u011fu s\u00f6ylentisi olay yerine toplanan kalabal\u0131\u011f\u0131n heyecanlanmas\u0131na neden olurken, evdekilerin yang\u0131n s\u0131ras\u0131nda evi terk ettikleri belirlendi. Yanan dairenin alt kat\u0131nda oturan Sava\u015f Din\u00e7 isimli vatanda\u015f, \u00fcst kattan tart\u0131\u015fma sesleri geldi\u011fini, seslerin artmas\u0131 \u00fczerine balkona \u00e7\u0131kt\u0131\u011f\u0131nda alevleri g\u00f6rd\u00fc\u011f\u00fcn\u00fc, di\u011fer dairelere ba\u011f\u0131rarak haberdar etti\u011fini s\u00f6yledi. Yang\u0131n, Side Mahallesi Cennetler Sokak&#8217;ta Hac\u0131 \u015eayeste \u0130lk\u00f6\u011fretim okulunun yan\u0131nda bulunan sitedeki 3 katl\u0131 binan\u0131n \u00e7at\u0131 kat\u0131nda \u00e7\u0131kt\u0131. Yang\u0131n, site sakinlerinin yan\u0131 s\u0131ra yak\u0131n\u0131ndaki ikamet ve i\u015f yerlerinde bulunanlar\u0131n da korku dolu anlar ya\u015famas\u0131na neden oldu. 112 acil \u00e7a\u011fr\u0131 merkezine gelen ihbar \u00fczerine olay yerine Antalya B\u00fcy\u00fck\u015fehir Belediyesi \u0130tfaiyesi Manavgat Birimine ba\u011fl\u0131 ekipler, 112 sa\u011fl\u0131k ve Manavgat \u0130l\u00e7e Jandarma Komutanl\u0131\u011f\u0131 Side Jandarma Karakoluna ba\u011fl\u0131 ekipler sevk edildi. \u0130tfaiye ekipleri alevlerin g\u00f6ky\u00fcz\u00fcne y\u00fckselerek soka\u011f\u0131 ayd\u0131nlatt\u0131\u011f\u0131 yang\u0131na k\u0131sa s\u00fcrede m\u00fcdahalede bulunarak di\u011fer binalara s\u0131\u00e7ramadan kontrol alt\u0131na al\u0131rken, jandarma ekipleri vatanda\u015flar\u0131n yang\u0131n b\u00f6lgesine girmemesi i\u00e7in gerekli \u00f6nlemleri ald\u0131. \u0130\u00e7eride insan oldu\u011fu s\u00f6ylentileri sa\u011fl\u0131k ekiplerini alarma ge\u00e7irdi. \u0130tfaiye ekiplerinin yapt\u0131\u011f\u0131 kontrol ve yang\u0131n\u0131 ilk g\u00f6ren vatanda\u015flar\u0131n evdekilerin yang\u0131n ba\u015flad\u0131\u011f\u0131nda evi terk ettiklerini s\u00f6ylemeleri herkesin rahat bir nefes almas\u0131n\u0131 sa\u011flad\u0131. \u00d6nce tart\u0131\u015fma ya\u015fand\u0131 sonra alevler y\u00fckseldi Yanan dairenin alt\u0131ndaki dairede oturan Sava\u015f Din\u00e7 isimli vatanda\u015f, evde oturdu\u011fu s\u0131rada her zaman oldu\u011fu gibi \u00fcst kattan tart\u0131\u015fma, ba\u011f\u0131r\u0131\u015f sesleri geldi\u011fini belirterek, &hellip;<\/p>","protected":false},"author":0,"featured_media":20062,"comment_status":"open","ping_status":"open","sticky":false,"template":"","format":"standard","meta":{"_acf_changed":false,"footnotes":""},"categories":[26,535],"tags":[],"class_list":["post-20061","post","type-post","status-publish","format-standard","has-post-thumbnail","hentry","category-antalya","category-uncategorized-tr"],"acf":[],"yoast_head":"<!-- This site is optimized with the Yoast SEO Premium plugin v26.6 (Yoast SEO v27.1.1) - https:\/\/yoast.com\/product\/yoast-seo-premium-wordpress\/ -->\n<title>Patlaman\u0131n ard\u0131ndan alevler y\u00fckseldi - Av. Deniz Can K\u0131z\u0131l<\/title>\n<meta name=\"robots\" content=\"index, follow, max-snippet:-1, max-image-preview:large, max-video-preview:-1\" \/>\n<link rel=\"canonical\" href=\"https:\/\/denizcankizil.tr\/uk\/haberler\/antalya\/patlamanin-ardindan-alevler-yukseldi\/\" \/>\n<meta property=\"og:locale\" content=\"uk_UA\" \/>\n<meta property=\"og:type\" content=\"article\" \/>\n<meta property=\"og:title\" content=\"Patlaman\u0131n ard\u0131ndan alevler y\u00fckseldi\" \/>\n<meta property=\"og:description\" content=\"\u00a0Yanan dairede insanlar oldu\u011fu s\u00f6ylentisi olay yerine toplanan kalabal\u0131\u011f\u0131n heyecanlanmas\u0131na neden olurken, evdekilerin yang\u0131n s\u0131ras\u0131nda evi terk ettikleri belirlendi. Yanan dairenin alt kat\u0131nda oturan Sava\u015f Din\u00e7 isimli vatanda\u015f, \u00fcst kattan tart\u0131\u015fma sesleri geldi\u011fini, seslerin artmas\u0131 \u00fczerine balkona \u00e7\u0131kt\u0131\u011f\u0131nda alevleri g\u00f6rd\u00fc\u011f\u00fcn\u00fc, di\u011fer dairelere ba\u011f\u0131rarak haberdar etti\u011fini s\u00f6yledi. Yang\u0131n, Side Mahallesi Cennetler Sokak&#8217;ta Hac\u0131 \u015eayeste \u0130lk\u00f6\u011fretim okulunun yan\u0131nda bulunan sitedeki 3 katl\u0131 binan\u0131n \u00e7at\u0131 kat\u0131nda \u00e7\u0131kt\u0131. Yang\u0131n, site sakinlerinin yan\u0131 s\u0131ra yak\u0131n\u0131ndaki ikamet ve i\u015f yerlerinde bulunanlar\u0131n da korku dolu anlar ya\u015famas\u0131na neden oldu. 112 acil \u00e7a\u011fr\u0131 merkezine gelen ihbar \u00fczerine olay yerine Antalya B\u00fcy\u00fck\u015fehir Belediyesi \u0130tfaiyesi Manavgat Birimine ba\u011fl\u0131 ekipler, 112 sa\u011fl\u0131k ve Manavgat \u0130l\u00e7e Jandarma Komutanl\u0131\u011f\u0131 Side Jandarma Karakoluna ba\u011fl\u0131 ekipler sevk edildi. \u0130tfaiye ekipleri alevlerin g\u00f6ky\u00fcz\u00fcne y\u00fckselerek soka\u011f\u0131 ayd\u0131nlatt\u0131\u011f\u0131 yang\u0131na k\u0131sa s\u00fcrede m\u00fcdahalede bulunarak di\u011fer binalara s\u0131\u00e7ramadan kontrol alt\u0131na al\u0131rken, jandarma ekipleri vatanda\u015flar\u0131n yang\u0131n b\u00f6lgesine girmemesi i\u00e7in gerekli \u00f6nlemleri ald\u0131. \u0130\u00e7eride insan oldu\u011fu s\u00f6ylentileri sa\u011fl\u0131k ekiplerini alarma ge\u00e7irdi. \u0130tfaiye ekiplerinin yapt\u0131\u011f\u0131 kontrol ve yang\u0131n\u0131 ilk g\u00f6ren vatanda\u015flar\u0131n evdekilerin yang\u0131n ba\u015flad\u0131\u011f\u0131nda evi terk ettiklerini s\u00f6ylemeleri herkesin rahat bir nefes almas\u0131n\u0131 sa\u011flad\u0131. \u00d6nce tart\u0131\u015fma ya\u015fand\u0131 sonra alevler y\u00fckseldi Yanan dairenin alt\u0131ndaki dairede oturan Sava\u015f Din\u00e7 isimli vatanda\u015f, evde oturdu\u011fu s\u0131rada her zaman oldu\u011fu gibi \u00fcst kattan tart\u0131\u015fma, ba\u011f\u0131r\u0131\u015f sesleri geldi\u011fini belirterek, &hellip;\" \/>\n<meta property=\"og:url\" content=\"https:\/\/denizcankizil.tr\/uk\/haberler\/antalya\/patlamanin-ardindan-alevler-yukseldi\/\" \/>\n<meta property=\"og:site_name\" content=\"Av. Deniz Can K\u0131z\u0131l\" \/>\n<meta property=\"article:published_time\" content=\"2024-12-10T07:43:03+00:00\" \/>\n<meta property=\"og:image\" content=\"https:\/\/denizcankizil.tr\/wp-content\/uploads\/2024\/12\/3507-01-nLxswf.jpeg\" \/>\n\t<meta property=\"og:image:width\" content=\"1280\" \/>\n\t<meta property=\"og:image:height\" content=\"720\" \/>\n\t<meta property=\"og:image:type\" content=\"image\/jpeg\" \/>\n<meta name=\"twitter:card\" content=\"summary_large_image\" \/>\n<meta name=\"twitter:label1\" content=\"\u041f\u0440\u0438\u0431\u043b. \u0447\u0430\u0441 \u0447\u0438\u0442\u0430\u043d\u043d\u044f\" \/>\n\t<meta name=\"twitter:data1\" content=\"2 \u0445\u0432\u0438\u043b\u0438\u043d\u0438\" \/>\n<script type=\"application\/ld+json\" class=\"yoast-schema-graph\">{\"@context\":\"https:\/\/schema.org\",\"@graph\":[{\"@type\":\"Article\",\"@id\":\"https:\/\/denizcankizil.tr\/uk\/haberler\/antalya\/patlamanin-ardindan-alevler-yukseldi\/#article\",\"isPartOf\":{\"@id\":\"https:\/\/denizcankizil.tr\/uk\/haberler\/antalya\/patlamanin-ardindan-alevler-yukseldi\/\"},\"author\":{\"name\":\"\",\"@id\":\"\"},\"headline\":\"Patlaman\u0131n ard\u0131ndan alevler y\u00fckseldi\",\"datePublished\":\"2024-12-10T07:43:03+00:00\",\"mainEntityOfPage\":{\"@id\":\"https:\/\/denizcankizil.tr\/uk\/haberler\/antalya\/patlamanin-ardindan-alevler-yukseldi\/\"},\"wordCount\":423,\"commentCount\":0,\"publisher\":{\"@id\":\"https:\/\/denizcankizil.tr\/#organization\"},\"image\":{\"@id\":\"https:\/\/denizcankizil.tr\/uk\/haberler\/antalya\/patlamanin-ardindan-alevler-yukseldi\/#primaryimage\"},\"thumbnailUrl\":\"https:\/\/denizcankizil.tr\/wp-content\/uploads\/2024\/12\/3507-01-nLxswf.jpeg\",\"articleSection\":[\"Antalya\",\"Uncategorized\"],\"inLanguage\":\"uk\",\"potentialAction\":[{\"@type\":\"CommentAction\",\"name\":\"Comment\",\"target\":[\"https:\/\/denizcankizil.tr\/uk\/haberler\/antalya\/patlamanin-ardindan-alevler-yukseldi\/#respond\"]}]},{\"@type\":\"WebPage\",\"@id\":\"https:\/\/denizcankizil.tr\/uk\/haberler\/antalya\/patlamanin-ardindan-alevler-yukseldi\/\",\"url\":\"https:\/\/denizcankizil.tr\/uk\/haberler\/antalya\/patlamanin-ardindan-alevler-yukseldi\/\",\"name\":\"Patlaman\u0131n ard\u0131ndan alevler y\u00fckseldi - Av. Deniz Can K\u0131z\u0131l\",\"isPartOf\":{\"@id\":\"https:\/\/denizcankizil.tr\/#website\"},\"primaryImageOfPage\":{\"@id\":\"https:\/\/denizcankizil.tr\/uk\/haberler\/antalya\/patlamanin-ardindan-alevler-yukseldi\/#primaryimage\"},\"image\":{\"@id\":\"https:\/\/denizcankizil.tr\/uk\/haberler\/antalya\/patlamanin-ardindan-alevler-yukseldi\/#primaryimage\"},\"thumbnailUrl\":\"https:\/\/denizcankizil.tr\/wp-content\/uploads\/2024\/12\/3507-01-nLxswf.jpeg\",\"datePublished\":\"2024-12-10T07:43:03+00:00\",\"breadcrumb\":{\"@id\":\"https:\/\/denizcankizil.tr\/uk\/haberler\/antalya\/patlamanin-ardindan-alevler-yukseldi\/#breadcrumb\"},\"inLanguage\":\"uk\",\"potentialAction\":[{\"@type\":\"ReadAction\",\"target\":[\"https:\/\/denizcankizil.tr\/uk\/haberler\/antalya\/patlamanin-ardindan-alevler-yukseldi\/\"]}]},{\"@type\":\"ImageObject\",\"inLanguage\":\"uk\",\"@id\":\"https:\/\/denizcankizil.tr\/uk\/haberler\/antalya\/patlamanin-ardindan-alevler-yukseldi\/#primaryimage\",\"url\":\"https:\/\/denizcankizil.tr\/wp-content\/uploads\/2024\/12\/3507-01-nLxswf.jpeg\",\"contentUrl\":\"https:\/\/denizcankizil.tr\/wp-content\/uploads\/2024\/12\/3507-01-nLxswf.jpeg\",\"width\":1280,\"height\":720},{\"@type\":\"BreadcrumbList\",\"@id\":\"https:\/\/denizcankizil.tr\/uk\/haberler\/antalya\/patlamanin-ardindan-alevler-yukseldi\/#breadcrumb\",\"itemListElement\":[{\"@type\":\"ListItem\",\"position\":1,\"name\":\"Home\",\"item\":\"https:\/\/denizcankizil.tr\/uk\/\"},{\"@type\":\"ListItem\",\"position\":2,\"name\":\"Patlaman\u0131n ard\u0131ndan alevler y\u00fckseldi\"}]},{\"@type\":\"WebSite\",\"@id\":\"https:\/\/denizcankizil.tr\/#website\",\"url\":\"https:\/\/denizcankizil.tr\/\",\"name\":\"Av. Deniz Can K\u0131z\u0131l\",\"description\":\"Avukat Deniz Can K\u0131z\u0131l Antalya Barosu\",\"publisher\":{\"@id\":\"https:\/\/denizcankizil.tr\/#organization\"},\"potentialAction\":[{\"@type\":\"SearchAction\",\"target\":{\"@type\":\"EntryPoint\",\"urlTemplate\":\"https:\/\/denizcankizil.tr\/?s={search_term_string}\"},\"query-input\":{\"@type\":\"PropertyValueSpecification\",\"valueRequired\":true,\"valueName\":\"search_term_string\"}}],\"inLanguage\":\"uk\"},{\"@type\":\"Organization\",\"@id\":\"https:\/\/denizcankizil.tr\/#organization\",\"name\":\"Av. Deniz Can K\u0131z\u0131l\",\"url\":\"https:\/\/denizcankizil.tr\/\",\"logo\":{\"@type\":\"ImageObject\",\"inLanguage\":\"uk\",\"@id\":\"https:\/\/denizcankizil.tr\/#\/schema\/logo\/image\/\",\"url\":\"https:\/\/denizcankizil.tr\/wp-content\/uploads\/2024\/10\/siyah-logo-svg.svg\",\"contentUrl\":\"https:\/\/denizcankizil.tr\/wp-content\/uploads\/2024\/10\/siyah-logo-svg.svg\",\"width\":1080,\"height\":1080,\"caption\":\"Av. Deniz Can K\u0131z\u0131l\"},\"image\":{\"@id\":\"https:\/\/denizcankizil.tr\/#\/schema\/logo\/image\/\"}}]}<\/script>\n<!-- \/ Yoast SEO Premium plugin. -->","yoast_head_json":{"title":"Patlaman\u0131n ard\u0131ndan alevler y\u00fckseldi - Av. Deniz Can K\u0131z\u0131l","robots":{"index":"index","follow":"follow","max-snippet":"max-snippet:-1","max-image-preview":"max-image-preview:large","max-video-preview":"max-video-preview:-1"},"canonical":"https:\/\/denizcankizil.tr\/uk\/haberler\/antalya\/patlamanin-ardindan-alevler-yukseldi\/","og_locale":"uk_UA","og_type":"article","og_title":"Patlaman\u0131n ard\u0131ndan alevler y\u00fckseldi","og_description":"\u00a0Yanan dairede insanlar oldu\u011fu s\u00f6ylentisi olay yerine toplanan kalabal\u0131\u011f\u0131n heyecanlanmas\u0131na neden olurken, evdekilerin yang\u0131n s\u0131ras\u0131nda evi terk ettikleri belirlendi. Yanan dairenin alt kat\u0131nda oturan Sava\u015f Din\u00e7 isimli vatanda\u015f, \u00fcst kattan tart\u0131\u015fma sesleri geldi\u011fini, seslerin artmas\u0131 \u00fczerine balkona \u00e7\u0131kt\u0131\u011f\u0131nda alevleri g\u00f6rd\u00fc\u011f\u00fcn\u00fc, di\u011fer dairelere ba\u011f\u0131rarak haberdar etti\u011fini s\u00f6yledi. Yang\u0131n, Side Mahallesi Cennetler Sokak&#8217;ta Hac\u0131 \u015eayeste \u0130lk\u00f6\u011fretim okulunun yan\u0131nda bulunan sitedeki 3 katl\u0131 binan\u0131n \u00e7at\u0131 kat\u0131nda \u00e7\u0131kt\u0131. Yang\u0131n, site sakinlerinin yan\u0131 s\u0131ra yak\u0131n\u0131ndaki ikamet ve i\u015f yerlerinde bulunanlar\u0131n da korku dolu anlar ya\u015famas\u0131na neden oldu. 112 acil \u00e7a\u011fr\u0131 merkezine gelen ihbar \u00fczerine olay yerine Antalya B\u00fcy\u00fck\u015fehir Belediyesi \u0130tfaiyesi Manavgat Birimine ba\u011fl\u0131 ekipler, 112 sa\u011fl\u0131k ve Manavgat \u0130l\u00e7e Jandarma Komutanl\u0131\u011f\u0131 Side Jandarma Karakoluna ba\u011fl\u0131 ekipler sevk edildi. \u0130tfaiye ekipleri alevlerin g\u00f6ky\u00fcz\u00fcne y\u00fckselerek soka\u011f\u0131 ayd\u0131nlatt\u0131\u011f\u0131 yang\u0131na k\u0131sa s\u00fcrede m\u00fcdahalede bulunarak di\u011fer binalara s\u0131\u00e7ramadan kontrol alt\u0131na al\u0131rken, jandarma ekipleri vatanda\u015flar\u0131n yang\u0131n b\u00f6lgesine girmemesi i\u00e7in gerekli \u00f6nlemleri ald\u0131. \u0130\u00e7eride insan oldu\u011fu s\u00f6ylentileri sa\u011fl\u0131k ekiplerini alarma ge\u00e7irdi. \u0130tfaiye ekiplerinin yapt\u0131\u011f\u0131 kontrol ve yang\u0131n\u0131 ilk g\u00f6ren vatanda\u015flar\u0131n evdekilerin yang\u0131n ba\u015flad\u0131\u011f\u0131nda evi terk ettiklerini s\u00f6ylemeleri herkesin rahat bir nefes almas\u0131n\u0131 sa\u011flad\u0131. \u00d6nce tart\u0131\u015fma ya\u015fand\u0131 sonra alevler y\u00fckseldi Yanan dairenin alt\u0131ndaki dairede oturan Sava\u015f Din\u00e7 isimli vatanda\u015f, evde oturdu\u011fu s\u0131rada her zaman oldu\u011fu gibi \u00fcst kattan tart\u0131\u015fma, ba\u011f\u0131r\u0131\u015f sesleri geldi\u011fini belirterek, &hellip;","og_url":"https:\/\/denizcankizil.tr\/uk\/haberler\/antalya\/patlamanin-ardindan-alevler-yukseldi\/","og_site_name":"Av. Deniz Can K\u0131z\u0131l","article_published_time":"2024-12-10T07:43:03+00:00","og_image":[{"width":1280,"height":720,"url":"https:\/\/denizcankizil.tr\/wp-content\/uploads\/2024\/12\/3507-01-nLxswf.jpeg","type":"image\/jpeg"}],"twitter_card":"summary_large_image","twitter_misc":{"\u041f\u0440\u0438\u0431\u043b. \u0447\u0430\u0441 \u0447\u0438\u0442\u0430\u043d\u043d\u044f":"2 \u0445\u0432\u0438\u043b\u0438\u043d\u0438"},"schema":{"@context":"https:\/\/schema.org","@graph":[{"@type":"Article","@id":"https:\/\/denizcankizil.tr\/uk\/haberler\/antalya\/patlamanin-ardindan-alevler-yukseldi\/#article","isPartOf":{"@id":"https:\/\/denizcankizil.tr\/uk\/haberler\/antalya\/patlamanin-ardindan-alevler-yukseldi\/"},"author":{"name":"","@id":""},"headline":"Patlaman\u0131n ard\u0131ndan alevler y\u00fckseldi","datePublished":"2024-12-10T07:43:03+00:00","mainEntityOfPage":{"@id":"https:\/\/denizcankizil.tr\/uk\/haberler\/antalya\/patlamanin-ardindan-alevler-yukseldi\/"},"wordCount":423,"commentCount":0,"publisher":{"@id":"https:\/\/denizcankizil.tr\/#organization"},"image":{"@id":"https:\/\/denizcankizil.tr\/uk\/haberler\/antalya\/patlamanin-ardindan-alevler-yukseldi\/#primaryimage"},"thumbnailUrl":"https:\/\/denizcankizil.tr\/wp-content\/uploads\/2024\/12\/3507-01-nLxswf.jpeg","articleSection":["Antalya","Uncategorized"],"inLanguage":"uk","potentialAction":[{"@type":"CommentAction","name":"Comment","target":["https:\/\/denizcankizil.tr\/uk\/haberler\/antalya\/patlamanin-ardindan-alevler-yukseldi\/#respond"]}]},{"@type":"WebPage","@id":"https:\/\/denizcankizil.tr\/uk\/haberler\/antalya\/patlamanin-ardindan-alevler-yukseldi\/","url":"https:\/\/denizcankizil.tr\/uk\/haberler\/antalya\/patlamanin-ardindan-alevler-yukseldi\/","name":"Patlaman\u0131n ard\u0131ndan alevler y\u00fckseldi - Av. Deniz Can K\u0131z\u0131l","isPartOf":{"@id":"https:\/\/denizcankizil.tr\/#website"},"primaryImageOfPage":{"@id":"https:\/\/denizcankizil.tr\/uk\/haberler\/antalya\/patlamanin-ardindan-alevler-yukseldi\/#primaryimage"},"image":{"@id":"https:\/\/denizcankizil.tr\/uk\/haberler\/antalya\/patlamanin-ardindan-alevler-yukseldi\/#primaryimage"},"thumbnailUrl":"https:\/\/denizcankizil.tr\/wp-content\/uploads\/2024\/12\/3507-01-nLxswf.jpeg","datePublished":"2024-12-10T07:43:03+00:00","breadcrumb":{"@id":"https:\/\/denizcankizil.tr\/uk\/haberler\/antalya\/patlamanin-ardindan-alevler-yukseldi\/#breadcrumb"},"inLanguage":"uk","potentialAction":[{"@type":"ReadAction","target":["https:\/\/denizcankizil.tr\/uk\/haberler\/antalya\/patlamanin-ardindan-alevler-yukseldi\/"]}]},{"@type":"ImageObject","inLanguage":"uk","@id":"https:\/\/denizcankizil.tr\/uk\/haberler\/antalya\/patlamanin-ardindan-alevler-yukseldi\/#primaryimage","url":"https:\/\/denizcankizil.tr\/wp-content\/uploads\/2024\/12\/3507-01-nLxswf.jpeg","contentUrl":"https:\/\/denizcankizil.tr\/wp-content\/uploads\/2024\/12\/3507-01-nLxswf.jpeg","width":1280,"height":720},{"@type":"BreadcrumbList","@id":"https:\/\/denizcankizil.tr\/uk\/haberler\/antalya\/patlamanin-ardindan-alevler-yukseldi\/#breadcrumb","itemListElement":[{"@type":"ListItem","position":1,"name":"Home","item":"https:\/\/denizcankizil.tr\/uk\/"},{"@type":"ListItem","position":2,"name":"Patlaman\u0131n ard\u0131ndan alevler y\u00fckseldi"}]},{"@type":"WebSite","@id":"https:\/\/denizcankizil.tr\/#website","url":"https:\/\/denizcankizil.tr\/","name":"Av. Deniz Can K\u0131z\u0131l","description":"Avukat Deniz Can K\u0131z\u0131l Antalya Barosu","publisher":{"@id":"https:\/\/denizcankizil.tr\/#organization"},"potentialAction":[{"@type":"SearchAction","target":{"@type":"EntryPoint","urlTemplate":"https:\/\/denizcankizil.tr\/?s={search_term_string}"},"query-input":{"@type":"PropertyValueSpecification","valueRequired":true,"valueName":"search_term_string"}}],"inLanguage":"uk"},{"@type":"Organization","@id":"https:\/\/denizcankizil.tr\/#organization","name":"Av. Deniz Can K\u0131z\u0131l","url":"https:\/\/denizcankizil.tr\/","logo":{"@type":"ImageObject","inLanguage":"uk","@id":"https:\/\/denizcankizil.tr\/#\/schema\/logo\/image\/","url":"https:\/\/denizcankizil.tr\/wp-content\/uploads\/2024\/10\/siyah-logo-svg.svg","contentUrl":"https:\/\/denizcankizil.tr\/wp-content\/uploads\/2024\/10\/siyah-logo-svg.svg","width":1080,"height":1080,"caption":"Av. Deniz Can K\u0131z\u0131l"},"image":{"@id":"https:\/\/denizcankizil.tr\/#\/schema\/logo\/image\/"}}]}},"_links":{"self":[{"href":"https:\/\/denizcankizil.tr\/uk\/wp-json\/wp\/v2\/posts\/20061","targetHints":{"allow":["GET"]}}],"collection":[{"href":"https:\/\/denizcankizil.tr\/uk\/wp-json\/wp\/v2\/posts"}],"about":[{"href":"https:\/\/denizcankizil.tr\/uk\/wp-json\/wp\/v2\/types\/post"}],"replies":[{"embeddable":true,"href":"https:\/\/denizcankizil.tr\/uk\/wp-json\/wp\/v2\/comments?post=20061"}],"version-history":[{"count":0,"href":"https:\/\/denizcankizil.tr\/uk\/wp-json\/wp\/v2\/posts\/20061\/revisions"}],"wp:featuredmedia":[{"embeddable":true,"href":"https:\/\/denizcankizil.tr\/uk\/wp-json\/wp\/v2\/media\/20062"}],"wp:attachment":[{"href":"https:\/\/denizcankizil.tr\/uk\/wp-json\/wp\/v2\/media?parent=20061"}],"wp:term":[{"taxonomy":"category","embeddable":true,"href":"https:\/\/denizcankizil.tr\/uk\/wp-json\/wp\/v2\/categories?post=20061"},{"taxonomy":"post_tag","embeddable":true,"href":"https:\/\/denizcankizil.tr\/uk\/wp-json\/wp\/v2\/tags?post=20061"}],"curies":[{"name":"wp","href":"https:\/\/api.w.org\/{rel}","templated":true}]}}