{"id":19987,"date":"2024-12-09T17:42:54","date_gmt":"2024-12-09T14:42:54","guid":{"rendered":"https:\/\/denizcankizil.tr\/uncategorized-tr\/kemal-kilicdaroglu-trafik-kazasi-gecirdi\/"},"modified":"2024-12-09T17:42:54","modified_gmt":"2024-12-09T14:42:54","slug":"kemal-kilicdaroglu-trafik-kazasi-gecirdi","status":"publish","type":"post","link":"https:\/\/denizcankizil.tr\/uk\/haberler\/gundem\/kemal-kilicdaroglu-trafik-kazasi-gecirdi\/","title":{"rendered":"Kemal K\u0131l\u0131\u00e7daro\u011flu trafik kazas\u0131 ge\u00e7irdi"},"content":{"rendered":"<p>Ya\u015fl\u0131l\u0131\u011fa ba\u011fl\u0131 sa\u011fl\u0131k sorunlar\u0131 nedeniyle vefat eden Orhan Nadir&#8217;in cenaze t\u00f6renine kat\u0131lmak i\u00e7in Antalya&#8217;ya gelen CHP\u2019nin 7\u2019nci Genel Ba\u015fkan\u0131 Kemal K\u0131l\u0131\u00e7daro\u011flu, kendisine tashih edilen makam arac\u0131yla bir trafik kazas\u0131na kar\u0131\u015ft\u0131.\u00a0<\/p>\n<p>DURUMLARI HAKKINDA \u0130LK A\u00c7IKLAMA\u00a0<\/p>\n<p>K\u0131l\u0131\u00e7daro\u011flu ve e\u015fi Selvi K\u0131l\u0131\u00e7daro\u011flu&#8217;nun sa\u011fl\u0131k durumlar\u0131n\u0131n iyi oldu\u011fu \u00f6\u011frenildi. Kazan\u0131n ard\u0131ndan, \u00e7iftin Antalya&#8217;ya gitmek i\u00e7in ba\u015fka bir ara\u00e7 tedarik edilerek yolculuklar\u0131na devam ettikleri \u00f6\u011frenildi.<\/p>\n<p>\u200bCHP&#8217;nin 7&#8217;nci Genel Ba\u015fkan\u0131 Kemal K\u0131l\u0131\u00e7daro\u011flu ve e\u015fi Selvi K\u0131l\u0131\u00e7daro\u011flu&#8217;nun trafik kazas\u0131 ge\u00e7irdi\u011fi \u00f6\u011frenildi\u00a0<\/p>\n<p>\u200bHaberin Al\u0131nt\u0131land\u0131\u011f\u0131 Kaynak: www.antalyakorfez.com<\/p>","protected":false},"excerpt":{"rendered":"<p>Ya\u015fl\u0131l\u0131\u011fa ba\u011fl\u0131 sa\u011fl\u0131k sorunlar\u0131 nedeniyle vefat eden Orhan Nadir&#8217;in cenaze t\u00f6renine kat\u0131lmak i\u00e7in Antalya&#8217;ya gelen CHP\u2019nin 7\u2019nci Genel Ba\u015fkan\u0131 Kemal K\u0131l\u0131\u00e7daro\u011flu, kendisine tashih edilen makam arac\u0131yla bir trafik kazas\u0131na kar\u0131\u015ft\u0131.\u00a0 DURUMLARI HAKKINDA \u0130LK A\u00c7IKLAMA\u00a0 K\u0131l\u0131\u00e7daro\u011flu ve e\u015fi Selvi K\u0131l\u0131\u00e7daro\u011flu&#8217;nun sa\u011fl\u0131k durumlar\u0131n\u0131n iyi oldu\u011fu \u00f6\u011frenildi. Kazan\u0131n ard\u0131ndan, \u00e7iftin Antalya&#8217;ya gitmek i\u00e7in ba\u015fka bir ara\u00e7 tedarik edilerek yolculuklar\u0131na devam ettikleri \u00f6\u011frenildi. \u200bCHP&#8217;nin 7&#8217;nci Genel Ba\u015fkan\u0131 Kemal K\u0131l\u0131\u00e7daro\u011flu ve e\u015fi Selvi K\u0131l\u0131\u00e7daro\u011flu&#8217;nun trafik kazas\u0131 ge\u00e7irdi\u011fi \u00f6\u011frenildi\u00a0 \u200bHaberin Al\u0131nt\u0131land\u0131\u011f\u0131 Kaynak: www.antalyakorfez.com<\/p>","protected":false},"author":0,"featured_media":0,"comment_status":"open","ping_status":"open","sticky":false,"template":"","format":"standard","meta":{"_acf_changed":false,"footnotes":""},"categories":[24,535],"tags":[],"class_list":["post-19987","post","type-post","status-publish","format-standard","has-post-thumbnail","hentry","category-gundem","category-uncategorized-tr"],"acf":[],"yoast_head":"<!-- This site is optimized with the Yoast SEO Premium plugin v26.6 (Yoast SEO v27.1.1) - https:\/\/yoast.com\/product\/yoast-seo-premium-wordpress\/ -->\n<title>Kemal K\u0131l\u0131\u00e7daro\u011flu trafik kazas\u0131 ge\u00e7irdi - Av. Deniz Can K\u0131z\u0131l<\/title>\n<meta name=\"robots\" content=\"index, follow, max-snippet:-1, max-image-preview:large, max-video-preview:-1\" \/>\n<link rel=\"canonical\" href=\"https:\/\/denizcankizil.tr\/uk\/haberler\/gundem\/kemal-kilicdaroglu-trafik-kazasi-gecirdi\/\" \/>\n<meta property=\"og:locale\" content=\"uk_UA\" \/>\n<meta property=\"og:type\" content=\"article\" \/>\n<meta property=\"og:title\" content=\"Kemal K\u0131l\u0131\u00e7daro\u011flu trafik kazas\u0131 ge\u00e7irdi\" \/>\n<meta property=\"og:description\" content=\"Ya\u015fl\u0131l\u0131\u011fa ba\u011fl\u0131 sa\u011fl\u0131k sorunlar\u0131 nedeniyle vefat eden Orhan Nadir&#8217;in cenaze t\u00f6renine kat\u0131lmak i\u00e7in Antalya&#8217;ya gelen CHP\u2019nin 7\u2019nci Genel Ba\u015fkan\u0131 Kemal K\u0131l\u0131\u00e7daro\u011flu, kendisine tashih edilen makam arac\u0131yla bir trafik kazas\u0131na kar\u0131\u015ft\u0131.\u00a0 DURUMLARI HAKKINDA \u0130LK A\u00c7IKLAMA\u00a0 K\u0131l\u0131\u00e7daro\u011flu ve e\u015fi Selvi K\u0131l\u0131\u00e7daro\u011flu&#8217;nun sa\u011fl\u0131k durumlar\u0131n\u0131n iyi oldu\u011fu \u00f6\u011frenildi. Kazan\u0131n ard\u0131ndan, \u00e7iftin Antalya&#8217;ya gitmek i\u00e7in ba\u015fka bir ara\u00e7 tedarik edilerek yolculuklar\u0131na devam ettikleri \u00f6\u011frenildi. \u200bCHP&#8217;nin 7&#8217;nci Genel Ba\u015fkan\u0131 Kemal K\u0131l\u0131\u00e7daro\u011flu ve e\u015fi Selvi K\u0131l\u0131\u00e7daro\u011flu&#8217;nun trafik kazas\u0131 ge\u00e7irdi\u011fi \u00f6\u011frenildi\u00a0 \u200bHaberin Al\u0131nt\u0131land\u0131\u011f\u0131 Kaynak: www.antalyakorfez.com\" \/>\n<meta property=\"og:url\" content=\"https:\/\/denizcankizil.tr\/uk\/haberler\/gundem\/kemal-kilicdaroglu-trafik-kazasi-gecirdi\/\" \/>\n<meta property=\"og:site_name\" content=\"Av. Deniz Can K\u0131z\u0131l\" \/>\n<meta property=\"article:published_time\" content=\"2024-12-09T14:42:54+00:00\" \/>\n<meta name=\"twitter:card\" content=\"summary_large_image\" \/>\n<meta name=\"twitter:label1\" content=\"\u041f\u0440\u0438\u0431\u043b. \u0447\u0430\u0441 \u0447\u0438\u0442\u0430\u043d\u043d\u044f\" \/>\n\t<meta name=\"twitter:data1\" content=\"1 \u0445\u0432\u0438\u043b\u0438\u043d\u0430\" \/>\n<script type=\"application\/ld+json\" class=\"yoast-schema-graph\">{\"@context\":\"https:\/\/schema.org\",\"@graph\":[{\"@type\":\"Article\",\"@id\":\"https:\/\/denizcankizil.tr\/uk\/haberler\/gundem\/kemal-kilicdaroglu-trafik-kazasi-gecirdi\/#article\",\"isPartOf\":{\"@id\":\"https:\/\/denizcankizil.tr\/uk\/haberler\/gundem\/kemal-kilicdaroglu-trafik-kazasi-gecirdi\/\"},\"author\":{\"name\":\"\",\"@id\":\"\"},\"headline\":\"Kemal K\u0131l\u0131\u00e7daro\u011flu trafik kazas\u0131 ge\u00e7irdi\",\"datePublished\":\"2024-12-09T14:42:54+00:00\",\"mainEntityOfPage\":{\"@id\":\"https:\/\/denizcankizil.tr\/uk\/haberler\/gundem\/kemal-kilicdaroglu-trafik-kazasi-gecirdi\/\"},\"wordCount\":141,\"commentCount\":0,\"publisher\":{\"@id\":\"https:\/\/denizcankizil.tr\/#organization\"},\"articleSection\":[\"G\u00fcndem\",\"Uncategorized\"],\"inLanguage\":\"uk\",\"potentialAction\":[{\"@type\":\"CommentAction\",\"name\":\"Comment\",\"target\":[\"https:\/\/denizcankizil.tr\/uk\/haberler\/gundem\/kemal-kilicdaroglu-trafik-kazasi-gecirdi\/#respond\"]}]},{\"@type\":\"WebPage\",\"@id\":\"https:\/\/denizcankizil.tr\/uk\/haberler\/gundem\/kemal-kilicdaroglu-trafik-kazasi-gecirdi\/\",\"url\":\"https:\/\/denizcankizil.tr\/uk\/haberler\/gundem\/kemal-kilicdaroglu-trafik-kazasi-gecirdi\/\",\"name\":\"Kemal K\u0131l\u0131\u00e7daro\u011flu trafik kazas\u0131 ge\u00e7irdi - Av. Deniz Can K\u0131z\u0131l\",\"isPartOf\":{\"@id\":\"https:\/\/denizcankizil.tr\/#website\"},\"datePublished\":\"2024-12-09T14:42:54+00:00\",\"breadcrumb\":{\"@id\":\"https:\/\/denizcankizil.tr\/uk\/haberler\/gundem\/kemal-kilicdaroglu-trafik-kazasi-gecirdi\/#breadcrumb\"},\"inLanguage\":\"uk\",\"potentialAction\":[{\"@type\":\"ReadAction\",\"target\":[\"https:\/\/denizcankizil.tr\/uk\/haberler\/gundem\/kemal-kilicdaroglu-trafik-kazasi-gecirdi\/\"]}]},{\"@type\":\"BreadcrumbList\",\"@id\":\"https:\/\/denizcankizil.tr\/uk\/haberler\/gundem\/kemal-kilicdaroglu-trafik-kazasi-gecirdi\/#breadcrumb\",\"itemListElement\":[{\"@type\":\"ListItem\",\"position\":1,\"name\":\"Home\",\"item\":\"https:\/\/denizcankizil.tr\/uk\/\"},{\"@type\":\"ListItem\",\"position\":2,\"name\":\"Kemal K\u0131l\u0131\u00e7daro\u011flu trafik kazas\u0131 ge\u00e7irdi\"}]},{\"@type\":\"WebSite\",\"@id\":\"https:\/\/denizcankizil.tr\/#website\",\"url\":\"https:\/\/denizcankizil.tr\/\",\"name\":\"Av. Deniz Can K\u0131z\u0131l\",\"description\":\"Avukat Deniz Can K\u0131z\u0131l Antalya Barosu\",\"publisher\":{\"@id\":\"https:\/\/denizcankizil.tr\/#organization\"},\"potentialAction\":[{\"@type\":\"SearchAction\",\"target\":{\"@type\":\"EntryPoint\",\"urlTemplate\":\"https:\/\/denizcankizil.tr\/?s={search_term_string}\"},\"query-input\":{\"@type\":\"PropertyValueSpecification\",\"valueRequired\":true,\"valueName\":\"search_term_string\"}}],\"inLanguage\":\"uk\"},{\"@type\":\"Organization\",\"@id\":\"https:\/\/denizcankizil.tr\/#organization\",\"name\":\"Av. Deniz Can K\u0131z\u0131l\",\"url\":\"https:\/\/denizcankizil.tr\/\",\"logo\":{\"@type\":\"ImageObject\",\"inLanguage\":\"uk\",\"@id\":\"https:\/\/denizcankizil.tr\/#\/schema\/logo\/image\/\",\"url\":\"https:\/\/denizcankizil.tr\/wp-content\/uploads\/2024\/10\/siyah-logo-svg.svg\",\"contentUrl\":\"https:\/\/denizcankizil.tr\/wp-content\/uploads\/2024\/10\/siyah-logo-svg.svg\",\"width\":1080,\"height\":1080,\"caption\":\"Av. Deniz Can K\u0131z\u0131l\"},\"image\":{\"@id\":\"https:\/\/denizcankizil.tr\/#\/schema\/logo\/image\/\"}}]}<\/script>\n<!-- \/ Yoast SEO Premium plugin. -->","yoast_head_json":{"title":"Kemal K\u0131l\u0131\u00e7daro\u011flu trafik kazas\u0131 ge\u00e7irdi - Av. Deniz Can K\u0131z\u0131l","robots":{"index":"index","follow":"follow","max-snippet":"max-snippet:-1","max-image-preview":"max-image-preview:large","max-video-preview":"max-video-preview:-1"},"canonical":"https:\/\/denizcankizil.tr\/uk\/haberler\/gundem\/kemal-kilicdaroglu-trafik-kazasi-gecirdi\/","og_locale":"uk_UA","og_type":"article","og_title":"Kemal K\u0131l\u0131\u00e7daro\u011flu trafik kazas\u0131 ge\u00e7irdi","og_description":"Ya\u015fl\u0131l\u0131\u011fa ba\u011fl\u0131 sa\u011fl\u0131k sorunlar\u0131 nedeniyle vefat eden Orhan Nadir&#8217;in cenaze t\u00f6renine kat\u0131lmak i\u00e7in Antalya&#8217;ya gelen CHP\u2019nin 7\u2019nci Genel Ba\u015fkan\u0131 Kemal K\u0131l\u0131\u00e7daro\u011flu, kendisine tashih edilen makam arac\u0131yla bir trafik kazas\u0131na kar\u0131\u015ft\u0131.\u00a0 DURUMLARI HAKKINDA \u0130LK A\u00c7IKLAMA\u00a0 K\u0131l\u0131\u00e7daro\u011flu ve e\u015fi Selvi K\u0131l\u0131\u00e7daro\u011flu&#8217;nun sa\u011fl\u0131k durumlar\u0131n\u0131n iyi oldu\u011fu \u00f6\u011frenildi. Kazan\u0131n ard\u0131ndan, \u00e7iftin Antalya&#8217;ya gitmek i\u00e7in ba\u015fka bir ara\u00e7 tedarik edilerek yolculuklar\u0131na devam ettikleri \u00f6\u011frenildi. \u200bCHP&#8217;nin 7&#8217;nci Genel Ba\u015fkan\u0131 Kemal K\u0131l\u0131\u00e7daro\u011flu ve e\u015fi Selvi K\u0131l\u0131\u00e7daro\u011flu&#8217;nun trafik kazas\u0131 ge\u00e7irdi\u011fi \u00f6\u011frenildi\u00a0 \u200bHaberin Al\u0131nt\u0131land\u0131\u011f\u0131 Kaynak: www.antalyakorfez.com","og_url":"https:\/\/denizcankizil.tr\/uk\/haberler\/gundem\/kemal-kilicdaroglu-trafik-kazasi-gecirdi\/","og_site_name":"Av. Deniz Can K\u0131z\u0131l","article_published_time":"2024-12-09T14:42:54+00:00","twitter_card":"summary_large_image","twitter_misc":{"\u041f\u0440\u0438\u0431\u043b. \u0447\u0430\u0441 \u0447\u0438\u0442\u0430\u043d\u043d\u044f":"1 \u0445\u0432\u0438\u043b\u0438\u043d\u0430"},"schema":{"@context":"https:\/\/schema.org","@graph":[{"@type":"Article","@id":"https:\/\/denizcankizil.tr\/uk\/haberler\/gundem\/kemal-kilicdaroglu-trafik-kazasi-gecirdi\/#article","isPartOf":{"@id":"https:\/\/denizcankizil.tr\/uk\/haberler\/gundem\/kemal-kilicdaroglu-trafik-kazasi-gecirdi\/"},"author":{"name":"","@id":""},"headline":"Kemal K\u0131l\u0131\u00e7daro\u011flu trafik kazas\u0131 ge\u00e7irdi","datePublished":"2024-12-09T14:42:54+00:00","mainEntityOfPage":{"@id":"https:\/\/denizcankizil.tr\/uk\/haberler\/gundem\/kemal-kilicdaroglu-trafik-kazasi-gecirdi\/"},"wordCount":141,"commentCount":0,"publisher":{"@id":"https:\/\/denizcankizil.tr\/#organization"},"articleSection":["G\u00fcndem","Uncategorized"],"inLanguage":"uk","potentialAction":[{"@type":"CommentAction","name":"Comment","target":["https:\/\/denizcankizil.tr\/uk\/haberler\/gundem\/kemal-kilicdaroglu-trafik-kazasi-gecirdi\/#respond"]}]},{"@type":"WebPage","@id":"https:\/\/denizcankizil.tr\/uk\/haberler\/gundem\/kemal-kilicdaroglu-trafik-kazasi-gecirdi\/","url":"https:\/\/denizcankizil.tr\/uk\/haberler\/gundem\/kemal-kilicdaroglu-trafik-kazasi-gecirdi\/","name":"Kemal K\u0131l\u0131\u00e7daro\u011flu trafik kazas\u0131 ge\u00e7irdi - Av. Deniz Can K\u0131z\u0131l","isPartOf":{"@id":"https:\/\/denizcankizil.tr\/#website"},"datePublished":"2024-12-09T14:42:54+00:00","breadcrumb":{"@id":"https:\/\/denizcankizil.tr\/uk\/haberler\/gundem\/kemal-kilicdaroglu-trafik-kazasi-gecirdi\/#breadcrumb"},"inLanguage":"uk","potentialAction":[{"@type":"ReadAction","target":["https:\/\/denizcankizil.tr\/uk\/haberler\/gundem\/kemal-kilicdaroglu-trafik-kazasi-gecirdi\/"]}]},{"@type":"BreadcrumbList","@id":"https:\/\/denizcankizil.tr\/uk\/haberler\/gundem\/kemal-kilicdaroglu-trafik-kazasi-gecirdi\/#breadcrumb","itemListElement":[{"@type":"ListItem","position":1,"name":"Home","item":"https:\/\/denizcankizil.tr\/uk\/"},{"@type":"ListItem","position":2,"name":"Kemal K\u0131l\u0131\u00e7daro\u011flu trafik kazas\u0131 ge\u00e7irdi"}]},{"@type":"WebSite","@id":"https:\/\/denizcankizil.tr\/#website","url":"https:\/\/denizcankizil.tr\/","name":"Av. Deniz Can K\u0131z\u0131l","description":"Avukat Deniz Can K\u0131z\u0131l Antalya Barosu","publisher":{"@id":"https:\/\/denizcankizil.tr\/#organization"},"potentialAction":[{"@type":"SearchAction","target":{"@type":"EntryPoint","urlTemplate":"https:\/\/denizcankizil.tr\/?s={search_term_string}"},"query-input":{"@type":"PropertyValueSpecification","valueRequired":true,"valueName":"search_term_string"}}],"inLanguage":"uk"},{"@type":"Organization","@id":"https:\/\/denizcankizil.tr\/#organization","name":"Av. Deniz Can K\u0131z\u0131l","url":"https:\/\/denizcankizil.tr\/","logo":{"@type":"ImageObject","inLanguage":"uk","@id":"https:\/\/denizcankizil.tr\/#\/schema\/logo\/image\/","url":"https:\/\/denizcankizil.tr\/wp-content\/uploads\/2024\/10\/siyah-logo-svg.svg","contentUrl":"https:\/\/denizcankizil.tr\/wp-content\/uploads\/2024\/10\/siyah-logo-svg.svg","width":1080,"height":1080,"caption":"Av. Deniz Can K\u0131z\u0131l"},"image":{"@id":"https:\/\/denizcankizil.tr\/#\/schema\/logo\/image\/"}}]}},"_links":{"self":[{"href":"https:\/\/denizcankizil.tr\/uk\/wp-json\/wp\/v2\/posts\/19987","targetHints":{"allow":["GET"]}}],"collection":[{"href":"https:\/\/denizcankizil.tr\/uk\/wp-json\/wp\/v2\/posts"}],"about":[{"href":"https:\/\/denizcankizil.tr\/uk\/wp-json\/wp\/v2\/types\/post"}],"replies":[{"embeddable":true,"href":"https:\/\/denizcankizil.tr\/uk\/wp-json\/wp\/v2\/comments?post=19987"}],"version-history":[{"count":0,"href":"https:\/\/denizcankizil.tr\/uk\/wp-json\/wp\/v2\/posts\/19987\/revisions"}],"wp:attachment":[{"href":"https:\/\/denizcankizil.tr\/uk\/wp-json\/wp\/v2\/media?parent=19987"}],"wp:term":[{"taxonomy":"category","embeddable":true,"href":"https:\/\/denizcankizil.tr\/uk\/wp-json\/wp\/v2\/categories?post=19987"},{"taxonomy":"post_tag","embeddable":true,"href":"https:\/\/denizcankizil.tr\/uk\/wp-json\/wp\/v2\/tags?post=19987"}],"curies":[{"name":"wp","href":"https:\/\/api.w.org\/{rel}","templated":true}]}}