{"id":19519,"date":"2024-12-06T15:41:42","date_gmt":"2024-12-06T12:41:42","guid":{"rendered":"https:\/\/denizcankizil.tr\/uncategorized-tr\/antalyada-hafriyat-kavgasi-yeniden-basladi-hedefte-bocek-var\/"},"modified":"2024-12-06T15:41:42","modified_gmt":"2024-12-06T12:41:42","slug":"antalyada-hafriyat-kavgasi-yeniden-basladi-hedefte-bocek-var","status":"publish","type":"post","link":"https:\/\/denizcankizil.tr\/uk\/haberler\/gundem\/antalyada-hafriyat-kavgasi-yeniden-basladi-hedefte-bocek-var\/","title":{"rendered":"Antalya\u2019da hafriyat kavgas\u0131 yeniden ba\u015flad\u0131! Hedefte B\u00f6cek var!"},"content":{"rendered":"<p>Antalya g\u00fcndemini uzun s\u00fcreden beri me\u015fgul eden bir konu olan hafriyat konusunda da a\u00e7\u0131klamalarda bulunan Antalya \u0130n\u015faat M\u00fcteahhitleri Derne\u011fi Ba\u015fkan aday\u0131 At\u0131lgan Sert, \u201cAntalya B\u00fcy\u00fck\u015fehir Belediyesinin tek yetkili olmas\u0131n\u0131 istiyoruz. T\u00fcm Antalya hafriyat\u0131n\u0131 kontrol alt\u0131na almak m\u00fcmk\u00fcn. Burada ayak oyunlar\u0131 yapmaya gerek yok. Toplanan paran\u0131n Antalyaspor\u2019umuza gitmedi\u011fini biliyoruz. B\u00fcy\u00fck\u015fehir Belediye Ba\u015fkan\u0131m\u0131z Muhittin B\u00f6cek isterse bu sorunun \u00e7\u00f6zer\u201d dedi.\u00a0<\/p>\n<p>RANTSAL DE\u011e\u0130L, KENTSEL D\u00d6N\u00dc\u015e\u00dcM \u0130ST\u0130YORUZ\u00a0<\/p>\n<p>Antalya K\u00f6rfez Gazetesi muhabiri Ertu\u011frul G\u00fcn&#8217;\u00fcn haberine g\u00f6re Antalya \u0130n\u015faat M\u00fcteahhitleri Derne\u011fi\u2019nde se\u00e7im heyecan\u0131 ya\u015fan\u0131yor. Antalya \u0130n\u015faat M\u00fcteahhitleri Derne\u011fi eski ba\u015fkan\u0131 At\u0131lgan Sert, yeniden ba\u015fkanl\u0131k i\u00e7in adayl\u0131\u011f\u0131n\u0131 a\u00e7\u0131klad\u0131. Antalya Gazeteciler Cemiyetinde gazeteciler ile bir araya gelen Sert, ba\u015fkanl\u0131k g\u00f6revini 4.5 y\u0131l boyunca ba\u015far\u0131yla y\u00fcr\u00fctt\u00fc\u011f\u00fcn\u00fc, ancak baz\u0131 zorunlu sebeplerden dolay\u0131 istifa etmek durumunda kald\u0131\u011f\u0131n\u0131 ifade etti. Antalya\u2019n\u0131n d\u00f6n\u00fc\u015f\u00fcm\u00fc hakk\u0131nda pek \u00e7ok \u00e7al\u0131\u015fmaya katk\u0131da bulunmaya haz\u0131r olduklar\u0131n\u0131 s\u00f6yleyen Antalya \u0130n\u015faat M\u00fcteahhitleri Derne\u011fi Ba\u015fkan Aday\u0131 At\u0131lgan Sert, \u201cRantsal de\u011fil, kentsel d\u00f6n\u00fc\u015f\u00fcm istiyoruz\u201d dedi.<\/p>\n<p>\u0130ST\u0130FASININ PERDE ARKASINI A\u00c7IKLADI<\/p>\n<p>Antalya\u2019n\u0131n sorunlar\u0131na vurgu yapan At\u0131lgan Sert kentsel d\u00f6n\u00fc\u015f\u00fcm, hafriyat, i\u015f\u00e7i s\u0131k\u0131nt\u0131s\u0131 gibi sekt\u00f6rle ilgili pek \u00e7ok konuya de\u011findi. \u00a0Ya\u015fad\u0131\u011f\u0131 siyasi, mobbing nedeniyle g\u00f6revini b\u0131rakt\u0131\u011f\u0131n\u0131 s\u00f6yleyen At\u0131lgan Sert, \u201cBenden sonraki d\u00f6nemde \u00e7ok faaliyet g\u00f6remedim. Dededen in\u015faat sekt\u00f6r\u00fcndeyiz. \u0130n\u015faat\u0131n her alan\u0131nda, her safhas\u0131nda g\u00f6rev alan sahadan gelen biriyim. Bu nedenle A\u2019dan Z\u2019ye meslekta\u015flar\u0131m\u0131z\u0131n t\u00fcm sorunlar\u0131na ses olmak istiyor, onlar\u0131 anl\u0131yorum. M\u00fcteahhitleri e\u011fitmek ve onlara vizyon katmak, eksik oldu\u011fu noktalar\u0131 anlatmak gerekir. \u00d6n\u00fcm\u00fczdeki y\u00fczy\u0131la m\u00fcteahhitlerimizi haz\u0131rlamak istiyoruz\u201d diyerek yeniden se\u00e7ilmesiyle yapmaya haz\u0131rland\u0131\u011f\u0131 projeler hakk\u0131nda konu\u015ftu.<\/p>\n<p>B\u0130NA TAMAMLANACAK<\/p>\n<p>Yar\u0131m kalan a\u015fk\u0131 tamamlamak i\u00e7in yeniden aday oldu\u011funu belirterek s\u00f6zlerine ba\u015flayan Antalya \u0130n\u015faat M\u00fcteahhitleri Derne\u011fi Ba\u015fkan Aday\u0131 At\u0131lgan Sert, \u201cDerne\u011fi daha da yak\u0131\u015fan konuma getirmek istiyoruz. Ge\u00e7mi\u015f d\u00f6nemde; ba\u015fkanl\u0131k yapt\u0131\u011f\u0131m\u0131z 4 bu\u00e7uk y\u0131ll\u0131k d\u00f6nemde pek \u00e7ok \u00f6nemli i\u015fe imza att\u0131k. Pandemi d\u00f6neminde ya\u015fan\u0131lan olumsuz yans\u0131malara m\u00fcdahale ederek ya\u015fan\u0131lan fahi\u015f fiyat art\u0131\u015flar\u0131ndan, soka\u011fa \u00e7\u0131kma yasaklar\u0131na, konulan bir\u00e7ok engelin kald\u0131r\u0131lmas\u0131na kadar \u00e7al\u0131\u015fmalar yaparak tedbirleri ald\u0131k. Kapanma davas\u0131 olan derne\u011fimizin, davas\u0131n\u0131 kazand\u0131k. Bir de bu nedenle arazisi olan ancak kullan\u0131m hakk\u0131 olmayan araziyi yap\u0131 in\u015fa edememi\u015ftik. Se\u00e7im sonras\u0131nda ilk yapmay\u0131 planlad\u0131\u011f\u0131m\u0131z bu arsaya, binam\u0131z\u0131 yapmak olacakt\u0131r\u201d dedi.\u00a0<\/p>\n<p>\u201cRANTSAL DE\u011e\u0130L KENTSEL\u201d<\/p>\n<p>Depremin Antalya\u2019n\u0131n da bir ger\u00e7e\u011fi oldu\u011funu hat\u0131rlatan, At\u0131lgan Sert, \u201cElimizdeki \u00e7\u00fcr\u00fck stoklar\u0131n h\u0131zl\u0131ca tespit edilmesi gerekmektedir. Bu \u00e7\u00fcr\u00fck stoklar\u0131n modern, ya\u015fanabilir ve \u015fehre yak\u0131\u015f\u0131r binalar\u0131n yap\u0131lmas\u0131n\u0131 istiyoruz. Biz kentsel d\u00f6n\u00fc\u015f\u00fcm istiyoruz, rantsal d\u00f6n\u00fc\u015f\u00fcm de\u011fil. Kentsel d\u00f6n\u00fc\u015f\u00fcm bir gecekonduyu y\u0131k\u0131p da yerine 10 katl\u0131 bina yapmak de\u011fildir. Kentsel d\u00f6n\u00fc\u015f\u00fcm; ada baz\u0131nda ya da yar\u0131mada baz\u0131nda yap\u0131lmas\u0131 gereken bir i\u015flemdir. Altyap\u0131, kanalizasyon, park otopark gibi etmenlerin de hesaplanmas\u0131 gerekiyor. Ada b\u00fct\u00fcnl\u00fc\u011f\u00fcn\u00fcn bozulmas\u0131yla emsaller bozuluyor. Amac\u0131m\u0131z kentsel d\u00f6n\u00fc\u015f\u00fcm ofisleri a\u00e7mak. Vatanda\u015fa bilgi vermek, ki\u015filerin ku\u015fkular\u0131n\u0131 gidermek ve anlatmak istiyoruz. Dan\u0131\u015fma ofislerimizde mimar ve m\u00fchendisler odalar\u0131n\u0131 da kapsayan b\u00fcy\u00fck bir yap\u0131yla kente hizmet vermek istiyoruz. Oda ba\u015fkanlar\u0131yla da ileti\u015fim i\u00e7erisindeyiz\u201d diye konu\u015ftu.<\/p>\n<p>KAL\u0130F\u0130YE ELEMAN SORUNU VAR<\/p>\n<p>\u015eantiyelerde kalifiye eleman bulmakta s\u0131k\u0131nt\u0131 ya\u015fand\u0131\u011f\u0131n\u0131n da alt\u0131n\u0131 \u00e7izen At\u0131lgan Sert, \u201cG\u00fcnl\u00fck \u00e7al\u0131\u015fma fiyat\u0131 da olarak da y\u00fcksek mebla\u011flar \u00f6d\u00fcyoruz. Malzeme, arsa ve i\u015f\u00e7ilik fiyat\u0131 bir evin maliyetini artt\u0131rmaktad\u0131r. Antalya\u2019da da pahal\u0131l\u0131\u011f\u0131n olmas\u0131n\u0131n ana sebeplerinden biri de budur. \u00c7ok y\u00fcksek i\u015f\u00e7ilik maliyetleri bulunmaktad\u0131r. A\u011f\u0131r ve tehlikeli olan in\u015faat sekt\u00f6r\u00fcnde i\u015f\u00e7ilerin \u00e7al\u0131\u015fmas\u0131 i\u00e7in bir ayr\u0131mc\u0131l\u0131\u011f\u0131n olmas\u0131n\u0131 istiyoruz. Yani emeklili\u011fin erken ya\u015fa \u00e7ekilmesi gibi. Bununla alakal\u0131 teknik liselerin a\u00e7\u0131lmas\u0131 gerekiyor. Memlekette nas\u0131l oto tamircisi gerekliyse kal\u0131p\u00e7\u0131 da gerekli. Bu \u015fekilde tedbiri almazsak gelecekte bu i\u015f\u00e7ilik \u00fccretlerin \u00e7ok daha artaca\u011f\u0131n\u0131 s\u00f6ylemek istiyorum\u201d \u015feklinde konu\u015ftu.<\/p>\n<p>\u201cBA\u015eKAN \u0130STERSE \u00c7\u00d6ZER\u201d<\/p>\n<p>Antalya g\u00fcndemini uzun s\u00fcreden beri me\u015fgul eden bir konu olan hafriyat konusunda da a\u00e7\u0131klamalarda bulunan At\u0131lgan Sert, \u201cBu olay\u0131n Antalya B\u00fcy\u00fck\u015fehir Belediyesi b\u00fcnyesinde tek yetkili olmas\u0131n\u0131 istiyoruz. Antalya kamuoyunu me\u015fgul eden bu konunun sonuca varmas\u0131n\u0131 istiyoruz. T\u00fcm Antalya hafriyat\u0131n\u0131 kontrol alt\u0131na almak m\u00fcmk\u00fcn. Toplanan paran\u0131n da \u00e7ok sevdi\u011fimiz, de\u011fer verdi\u011fimiz Antalyasporumuza gitmedi\u011fini biliyoruz. T\u00fcm Antalya esnaf\u0131n\u0131n, t\u00fcm meslek kurulu\u015flar\u0131n\u0131n da Antalyasporumuza destek olmas\u0131 gerekti\u011fini d\u00fc\u015f\u00fcn\u00fcyorum. Bu serzeni\u015flerin \u00e7\u00f6z\u00fcm noktas\u0131n\u0131n; Antalya B\u00fcy\u00fck\u015fehir Belediyesi oldu\u011funu ve Antalyasporumuza yine buradan para gidebilece\u011fini ama kontroll\u00fcn Antalya B\u00fcy\u00fck\u015fehir Belediyesi\u2019ne verilmesi gerekti\u011fi d\u00fc\u015f\u00fcncesindeyiz\u201d dedi.<br \/>\n\u00a0<\/p>\n<p>\u200bAntalya&#8217;da kent g\u00fcndemini bir s\u00fcredir me\u015fgul eden hafriyat konusuna ili\u015fkin a\u00e7\u0131klama yapan Antalya \u0130n\u015faat M\u00fcteahhitleri Derne\u011fi Ba\u015fkan aday\u0131 At\u0131lgan Sert, &#8220;Antalya B\u00fcy\u00fck\u015fehir Belediyesinin tek yetkili olmas\u0131n\u0131 istiyoruz. Ba\u015fkan\u0131m\u0131z Muhittin B\u00f6cek isterse bu sorunun \u00e7\u00f6zer&#8221; dedi.\u00a0<\/p>\n<p>\u200bHaberin Al\u0131nt\u0131land\u0131\u011f\u0131 Kaynak: www.antalyakorfez.com<\/p>","protected":false},"excerpt":{"rendered":"<p>Antalya g\u00fcndemini uzun s\u00fcreden beri me\u015fgul eden bir konu olan hafriyat konusunda da a\u00e7\u0131klamalarda bulunan Antalya \u0130n\u015faat M\u00fcteahhitleri Derne\u011fi Ba\u015fkan aday\u0131 At\u0131lgan Sert, \u201cAntalya B\u00fcy\u00fck\u015fehir Belediyesinin tek yetkili olmas\u0131n\u0131 istiyoruz. T\u00fcm Antalya hafriyat\u0131n\u0131 kontrol alt\u0131na almak m\u00fcmk\u00fcn. Burada ayak oyunlar\u0131 yapmaya gerek yok. Toplanan paran\u0131n Antalyaspor\u2019umuza gitmedi\u011fini biliyoruz. B\u00fcy\u00fck\u015fehir Belediye Ba\u015fkan\u0131m\u0131z Muhittin B\u00f6cek isterse bu sorunun \u00e7\u00f6zer\u201d dedi.\u00a0 RANTSAL DE\u011e\u0130L, KENTSEL D\u00d6N\u00dc\u015e\u00dcM \u0130ST\u0130YORUZ\u00a0 Antalya K\u00f6rfez Gazetesi muhabiri Ertu\u011frul G\u00fcn&#8217;\u00fcn haberine g\u00f6re Antalya \u0130n\u015faat M\u00fcteahhitleri Derne\u011fi\u2019nde se\u00e7im heyecan\u0131 ya\u015fan\u0131yor. Antalya \u0130n\u015faat M\u00fcteahhitleri Derne\u011fi eski ba\u015fkan\u0131 At\u0131lgan Sert, yeniden ba\u015fkanl\u0131k i\u00e7in adayl\u0131\u011f\u0131n\u0131 a\u00e7\u0131klad\u0131. Antalya Gazeteciler Cemiyetinde gazeteciler ile bir araya gelen Sert, ba\u015fkanl\u0131k g\u00f6revini 4.5 y\u0131l boyunca ba\u015far\u0131yla y\u00fcr\u00fctt\u00fc\u011f\u00fcn\u00fc, ancak baz\u0131 zorunlu sebeplerden dolay\u0131 istifa etmek durumunda kald\u0131\u011f\u0131n\u0131 ifade etti. Antalya\u2019n\u0131n d\u00f6n\u00fc\u015f\u00fcm\u00fc hakk\u0131nda pek \u00e7ok \u00e7al\u0131\u015fmaya katk\u0131da bulunmaya haz\u0131r olduklar\u0131n\u0131 s\u00f6yleyen Antalya \u0130n\u015faat M\u00fcteahhitleri Derne\u011fi Ba\u015fkan Aday\u0131 At\u0131lgan Sert, \u201cRantsal de\u011fil, kentsel d\u00f6n\u00fc\u015f\u00fcm istiyoruz\u201d dedi. \u0130ST\u0130FASININ PERDE ARKASINI A\u00c7IKLADI Antalya\u2019n\u0131n sorunlar\u0131na vurgu yapan At\u0131lgan Sert kentsel d\u00f6n\u00fc\u015f\u00fcm, hafriyat, i\u015f\u00e7i s\u0131k\u0131nt\u0131s\u0131 gibi sekt\u00f6rle ilgili pek \u00e7ok konuya de\u011findi. \u00a0Ya\u015fad\u0131\u011f\u0131 siyasi, mobbing nedeniyle g\u00f6revini b\u0131rakt\u0131\u011f\u0131n\u0131 s\u00f6yleyen At\u0131lgan Sert, \u201cBenden sonraki d\u00f6nemde \u00e7ok faaliyet g\u00f6remedim. Dededen in\u015faat sekt\u00f6r\u00fcndeyiz. \u0130n\u015faat\u0131n her alan\u0131nda, her safhas\u0131nda g\u00f6rev alan sahadan gelen biriyim. Bu nedenle A\u2019dan Z\u2019ye meslekta\u015flar\u0131m\u0131z\u0131n t\u00fcm sorunlar\u0131na &hellip;<\/p>","protected":false},"author":0,"featured_media":0,"comment_status":"open","ping_status":"open","sticky":false,"template":"","format":"standard","meta":{"_acf_changed":false,"footnotes":""},"categories":[24,535],"tags":[],"class_list":["post-19519","post","type-post","status-publish","format-standard","has-post-thumbnail","hentry","category-gundem","category-uncategorized-tr"],"acf":[],"yoast_head":"<!-- This site is optimized with the Yoast SEO Premium plugin v26.6 (Yoast SEO v27.1.1) - https:\/\/yoast.com\/product\/yoast-seo-premium-wordpress\/ -->\n<title>Antalya\u2019da hafriyat kavgas\u0131 yeniden ba\u015flad\u0131! Hedefte B\u00f6cek var! - Av. Deniz Can K\u0131z\u0131l<\/title>\n<meta name=\"robots\" content=\"index, follow, max-snippet:-1, max-image-preview:large, max-video-preview:-1\" \/>\n<link rel=\"canonical\" href=\"https:\/\/denizcankizil.tr\/uk\/haberler\/gundem\/antalyada-hafriyat-kavgasi-yeniden-basladi-hedefte-bocek-var\/\" \/>\n<meta property=\"og:locale\" content=\"uk_UA\" \/>\n<meta property=\"og:type\" content=\"article\" \/>\n<meta property=\"og:title\" content=\"Antalya\u2019da hafriyat kavgas\u0131 yeniden ba\u015flad\u0131! Hedefte B\u00f6cek var!\" \/>\n<meta property=\"og:description\" content=\"Antalya g\u00fcndemini uzun s\u00fcreden beri me\u015fgul eden bir konu olan hafriyat konusunda da a\u00e7\u0131klamalarda bulunan Antalya \u0130n\u015faat M\u00fcteahhitleri Derne\u011fi Ba\u015fkan aday\u0131 At\u0131lgan Sert, \u201cAntalya B\u00fcy\u00fck\u015fehir Belediyesinin tek yetkili olmas\u0131n\u0131 istiyoruz. T\u00fcm Antalya hafriyat\u0131n\u0131 kontrol alt\u0131na almak m\u00fcmk\u00fcn. Burada ayak oyunlar\u0131 yapmaya gerek yok. Toplanan paran\u0131n Antalyaspor\u2019umuza gitmedi\u011fini biliyoruz. B\u00fcy\u00fck\u015fehir Belediye Ba\u015fkan\u0131m\u0131z Muhittin B\u00f6cek isterse bu sorunun \u00e7\u00f6zer\u201d dedi.\u00a0 RANTSAL DE\u011e\u0130L, KENTSEL D\u00d6N\u00dc\u015e\u00dcM \u0130ST\u0130YORUZ\u00a0 Antalya K\u00f6rfez Gazetesi muhabiri Ertu\u011frul G\u00fcn&#8217;\u00fcn haberine g\u00f6re Antalya \u0130n\u015faat M\u00fcteahhitleri Derne\u011fi\u2019nde se\u00e7im heyecan\u0131 ya\u015fan\u0131yor. Antalya \u0130n\u015faat M\u00fcteahhitleri Derne\u011fi eski ba\u015fkan\u0131 At\u0131lgan Sert, yeniden ba\u015fkanl\u0131k i\u00e7in adayl\u0131\u011f\u0131n\u0131 a\u00e7\u0131klad\u0131. Antalya Gazeteciler Cemiyetinde gazeteciler ile bir araya gelen Sert, ba\u015fkanl\u0131k g\u00f6revini 4.5 y\u0131l boyunca ba\u015far\u0131yla y\u00fcr\u00fctt\u00fc\u011f\u00fcn\u00fc, ancak baz\u0131 zorunlu sebeplerden dolay\u0131 istifa etmek durumunda kald\u0131\u011f\u0131n\u0131 ifade etti. Antalya\u2019n\u0131n d\u00f6n\u00fc\u015f\u00fcm\u00fc hakk\u0131nda pek \u00e7ok \u00e7al\u0131\u015fmaya katk\u0131da bulunmaya haz\u0131r olduklar\u0131n\u0131 s\u00f6yleyen Antalya \u0130n\u015faat M\u00fcteahhitleri Derne\u011fi Ba\u015fkan Aday\u0131 At\u0131lgan Sert, \u201cRantsal de\u011fil, kentsel d\u00f6n\u00fc\u015f\u00fcm istiyoruz\u201d dedi. \u0130ST\u0130FASININ PERDE ARKASINI A\u00c7IKLADI Antalya\u2019n\u0131n sorunlar\u0131na vurgu yapan At\u0131lgan Sert kentsel d\u00f6n\u00fc\u015f\u00fcm, hafriyat, i\u015f\u00e7i s\u0131k\u0131nt\u0131s\u0131 gibi sekt\u00f6rle ilgili pek \u00e7ok konuya de\u011findi. \u00a0Ya\u015fad\u0131\u011f\u0131 siyasi, mobbing nedeniyle g\u00f6revini b\u0131rakt\u0131\u011f\u0131n\u0131 s\u00f6yleyen At\u0131lgan Sert, \u201cBenden sonraki d\u00f6nemde \u00e7ok faaliyet g\u00f6remedim. Dededen in\u015faat sekt\u00f6r\u00fcndeyiz. \u0130n\u015faat\u0131n her alan\u0131nda, her safhas\u0131nda g\u00f6rev alan sahadan gelen biriyim. Bu nedenle A\u2019dan Z\u2019ye meslekta\u015flar\u0131m\u0131z\u0131n t\u00fcm sorunlar\u0131na &hellip;\" \/>\n<meta property=\"og:url\" content=\"https:\/\/denizcankizil.tr\/uk\/haberler\/gundem\/antalyada-hafriyat-kavgasi-yeniden-basladi-hedefte-bocek-var\/\" \/>\n<meta property=\"og:site_name\" content=\"Av. Deniz Can K\u0131z\u0131l\" \/>\n<meta property=\"article:published_time\" content=\"2024-12-06T12:41:42+00:00\" \/>\n<meta name=\"twitter:card\" content=\"summary_large_image\" \/>\n<meta name=\"twitter:label1\" content=\"\u041f\u0440\u0438\u0431\u043b. \u0447\u0430\u0441 \u0447\u0438\u0442\u0430\u043d\u043d\u044f\" \/>\n\t<meta name=\"twitter:data1\" content=\"5 \u0445\u0432\u0438\u043b\u0438\u043d\" \/>\n<script type=\"application\/ld+json\" class=\"yoast-schema-graph\">{\"@context\":\"https:\/\/schema.org\",\"@graph\":[{\"@type\":\"Article\",\"@id\":\"https:\/\/denizcankizil.tr\/uk\/haberler\/gundem\/antalyada-hafriyat-kavgasi-yeniden-basladi-hedefte-bocek-var\/#article\",\"isPartOf\":{\"@id\":\"https:\/\/denizcankizil.tr\/uk\/haberler\/gundem\/antalyada-hafriyat-kavgasi-yeniden-basladi-hedefte-bocek-var\/\"},\"author\":{\"name\":\"\",\"@id\":\"\"},\"headline\":\"Antalya\u2019da hafriyat kavgas\u0131 yeniden ba\u015flad\u0131! Hedefte B\u00f6cek var!\",\"datePublished\":\"2024-12-06T12:41:42+00:00\",\"mainEntityOfPage\":{\"@id\":\"https:\/\/denizcankizil.tr\/uk\/haberler\/gundem\/antalyada-hafriyat-kavgasi-yeniden-basladi-hedefte-bocek-var\/\"},\"wordCount\":1038,\"commentCount\":0,\"publisher\":{\"@id\":\"https:\/\/denizcankizil.tr\/#organization\"},\"articleSection\":[\"G\u00fcndem\",\"Uncategorized\"],\"inLanguage\":\"uk\",\"potentialAction\":[{\"@type\":\"CommentAction\",\"name\":\"Comment\",\"target\":[\"https:\/\/denizcankizil.tr\/uk\/haberler\/gundem\/antalyada-hafriyat-kavgasi-yeniden-basladi-hedefte-bocek-var\/#respond\"]}]},{\"@type\":\"WebPage\",\"@id\":\"https:\/\/denizcankizil.tr\/uk\/haberler\/gundem\/antalyada-hafriyat-kavgasi-yeniden-basladi-hedefte-bocek-var\/\",\"url\":\"https:\/\/denizcankizil.tr\/uk\/haberler\/gundem\/antalyada-hafriyat-kavgasi-yeniden-basladi-hedefte-bocek-var\/\",\"name\":\"Antalya\u2019da hafriyat kavgas\u0131 yeniden ba\u015flad\u0131! Hedefte B\u00f6cek var! - Av. Deniz Can K\u0131z\u0131l\",\"isPartOf\":{\"@id\":\"https:\/\/denizcankizil.tr\/#website\"},\"datePublished\":\"2024-12-06T12:41:42+00:00\",\"breadcrumb\":{\"@id\":\"https:\/\/denizcankizil.tr\/uk\/haberler\/gundem\/antalyada-hafriyat-kavgasi-yeniden-basladi-hedefte-bocek-var\/#breadcrumb\"},\"inLanguage\":\"uk\",\"potentialAction\":[{\"@type\":\"ReadAction\",\"target\":[\"https:\/\/denizcankizil.tr\/uk\/haberler\/gundem\/antalyada-hafriyat-kavgasi-yeniden-basladi-hedefte-bocek-var\/\"]}]},{\"@type\":\"BreadcrumbList\",\"@id\":\"https:\/\/denizcankizil.tr\/uk\/haberler\/gundem\/antalyada-hafriyat-kavgasi-yeniden-basladi-hedefte-bocek-var\/#breadcrumb\",\"itemListElement\":[{\"@type\":\"ListItem\",\"position\":1,\"name\":\"Home\",\"item\":\"https:\/\/denizcankizil.tr\/de\/\"},{\"@type\":\"ListItem\",\"position\":2,\"name\":\"Antalya\u2019da hafriyat kavgas\u0131 yeniden ba\u015flad\u0131! Hedefte B\u00f6cek var!\"}]},{\"@type\":\"WebSite\",\"@id\":\"https:\/\/denizcankizil.tr\/#website\",\"url\":\"https:\/\/denizcankizil.tr\/\",\"name\":\"Av. Deniz Can K\u0131z\u0131l\",\"description\":\"Avukat Deniz Can K\u0131z\u0131l Antalya Barosu\",\"publisher\":{\"@id\":\"https:\/\/denizcankizil.tr\/#organization\"},\"potentialAction\":[{\"@type\":\"SearchAction\",\"target\":{\"@type\":\"EntryPoint\",\"urlTemplate\":\"https:\/\/denizcankizil.tr\/?s={search_term_string}\"},\"query-input\":{\"@type\":\"PropertyValueSpecification\",\"valueRequired\":true,\"valueName\":\"search_term_string\"}}],\"inLanguage\":\"uk\"},{\"@type\":\"Organization\",\"@id\":\"https:\/\/denizcankizil.tr\/#organization\",\"name\":\"Av. Deniz Can K\u0131z\u0131l\",\"url\":\"https:\/\/denizcankizil.tr\/\",\"logo\":{\"@type\":\"ImageObject\",\"inLanguage\":\"uk\",\"@id\":\"https:\/\/denizcankizil.tr\/#\/schema\/logo\/image\/\",\"url\":\"https:\/\/denizcankizil.tr\/wp-content\/uploads\/2024\/10\/siyah-logo-svg.svg\",\"contentUrl\":\"https:\/\/denizcankizil.tr\/wp-content\/uploads\/2024\/10\/siyah-logo-svg.svg\",\"width\":1080,\"height\":1080,\"caption\":\"Av. Deniz Can K\u0131z\u0131l\"},\"image\":{\"@id\":\"https:\/\/denizcankizil.tr\/#\/schema\/logo\/image\/\"}}]}<\/script>\n<!-- \/ Yoast SEO Premium plugin. -->","yoast_head_json":{"title":"Antalya\u2019da hafriyat kavgas\u0131 yeniden ba\u015flad\u0131! Hedefte B\u00f6cek var! - Av. Deniz Can K\u0131z\u0131l","robots":{"index":"index","follow":"follow","max-snippet":"max-snippet:-1","max-image-preview":"max-image-preview:large","max-video-preview":"max-video-preview:-1"},"canonical":"https:\/\/denizcankizil.tr\/uk\/haberler\/gundem\/antalyada-hafriyat-kavgasi-yeniden-basladi-hedefte-bocek-var\/","og_locale":"uk_UA","og_type":"article","og_title":"Antalya\u2019da hafriyat kavgas\u0131 yeniden ba\u015flad\u0131! Hedefte B\u00f6cek var!","og_description":"Antalya g\u00fcndemini uzun s\u00fcreden beri me\u015fgul eden bir konu olan hafriyat konusunda da a\u00e7\u0131klamalarda bulunan Antalya \u0130n\u015faat M\u00fcteahhitleri Derne\u011fi Ba\u015fkan aday\u0131 At\u0131lgan Sert, \u201cAntalya B\u00fcy\u00fck\u015fehir Belediyesinin tek yetkili olmas\u0131n\u0131 istiyoruz. T\u00fcm Antalya hafriyat\u0131n\u0131 kontrol alt\u0131na almak m\u00fcmk\u00fcn. Burada ayak oyunlar\u0131 yapmaya gerek yok. Toplanan paran\u0131n Antalyaspor\u2019umuza gitmedi\u011fini biliyoruz. B\u00fcy\u00fck\u015fehir Belediye Ba\u015fkan\u0131m\u0131z Muhittin B\u00f6cek isterse bu sorunun \u00e7\u00f6zer\u201d dedi.\u00a0 RANTSAL DE\u011e\u0130L, KENTSEL D\u00d6N\u00dc\u015e\u00dcM \u0130ST\u0130YORUZ\u00a0 Antalya K\u00f6rfez Gazetesi muhabiri Ertu\u011frul G\u00fcn&#8217;\u00fcn haberine g\u00f6re Antalya \u0130n\u015faat M\u00fcteahhitleri Derne\u011fi\u2019nde se\u00e7im heyecan\u0131 ya\u015fan\u0131yor. Antalya \u0130n\u015faat M\u00fcteahhitleri Derne\u011fi eski ba\u015fkan\u0131 At\u0131lgan Sert, yeniden ba\u015fkanl\u0131k i\u00e7in adayl\u0131\u011f\u0131n\u0131 a\u00e7\u0131klad\u0131. Antalya Gazeteciler Cemiyetinde gazeteciler ile bir araya gelen Sert, ba\u015fkanl\u0131k g\u00f6revini 4.5 y\u0131l boyunca ba\u015far\u0131yla y\u00fcr\u00fctt\u00fc\u011f\u00fcn\u00fc, ancak baz\u0131 zorunlu sebeplerden dolay\u0131 istifa etmek durumunda kald\u0131\u011f\u0131n\u0131 ifade etti. Antalya\u2019n\u0131n d\u00f6n\u00fc\u015f\u00fcm\u00fc hakk\u0131nda pek \u00e7ok \u00e7al\u0131\u015fmaya katk\u0131da bulunmaya haz\u0131r olduklar\u0131n\u0131 s\u00f6yleyen Antalya \u0130n\u015faat M\u00fcteahhitleri Derne\u011fi Ba\u015fkan Aday\u0131 At\u0131lgan Sert, \u201cRantsal de\u011fil, kentsel d\u00f6n\u00fc\u015f\u00fcm istiyoruz\u201d dedi. \u0130ST\u0130FASININ PERDE ARKASINI A\u00c7IKLADI Antalya\u2019n\u0131n sorunlar\u0131na vurgu yapan At\u0131lgan Sert kentsel d\u00f6n\u00fc\u015f\u00fcm, hafriyat, i\u015f\u00e7i s\u0131k\u0131nt\u0131s\u0131 gibi sekt\u00f6rle ilgili pek \u00e7ok konuya de\u011findi. \u00a0Ya\u015fad\u0131\u011f\u0131 siyasi, mobbing nedeniyle g\u00f6revini b\u0131rakt\u0131\u011f\u0131n\u0131 s\u00f6yleyen At\u0131lgan Sert, \u201cBenden sonraki d\u00f6nemde \u00e7ok faaliyet g\u00f6remedim. Dededen in\u015faat sekt\u00f6r\u00fcndeyiz. \u0130n\u015faat\u0131n her alan\u0131nda, her safhas\u0131nda g\u00f6rev alan sahadan gelen biriyim. Bu nedenle A\u2019dan Z\u2019ye meslekta\u015flar\u0131m\u0131z\u0131n t\u00fcm sorunlar\u0131na &hellip;","og_url":"https:\/\/denizcankizil.tr\/uk\/haberler\/gundem\/antalyada-hafriyat-kavgasi-yeniden-basladi-hedefte-bocek-var\/","og_site_name":"Av. Deniz Can K\u0131z\u0131l","article_published_time":"2024-12-06T12:41:42+00:00","twitter_card":"summary_large_image","twitter_misc":{"\u041f\u0440\u0438\u0431\u043b. \u0447\u0430\u0441 \u0447\u0438\u0442\u0430\u043d\u043d\u044f":"5 \u0445\u0432\u0438\u043b\u0438\u043d"},"schema":{"@context":"https:\/\/schema.org","@graph":[{"@type":"Article","@id":"https:\/\/denizcankizil.tr\/uk\/haberler\/gundem\/antalyada-hafriyat-kavgasi-yeniden-basladi-hedefte-bocek-var\/#article","isPartOf":{"@id":"https:\/\/denizcankizil.tr\/uk\/haberler\/gundem\/antalyada-hafriyat-kavgasi-yeniden-basladi-hedefte-bocek-var\/"},"author":{"name":"","@id":""},"headline":"Antalya\u2019da hafriyat kavgas\u0131 yeniden ba\u015flad\u0131! Hedefte B\u00f6cek var!","datePublished":"2024-12-06T12:41:42+00:00","mainEntityOfPage":{"@id":"https:\/\/denizcankizil.tr\/uk\/haberler\/gundem\/antalyada-hafriyat-kavgasi-yeniden-basladi-hedefte-bocek-var\/"},"wordCount":1038,"commentCount":0,"publisher":{"@id":"https:\/\/denizcankizil.tr\/#organization"},"articleSection":["G\u00fcndem","Uncategorized"],"inLanguage":"uk","potentialAction":[{"@type":"CommentAction","name":"Comment","target":["https:\/\/denizcankizil.tr\/uk\/haberler\/gundem\/antalyada-hafriyat-kavgasi-yeniden-basladi-hedefte-bocek-var\/#respond"]}]},{"@type":"WebPage","@id":"https:\/\/denizcankizil.tr\/uk\/haberler\/gundem\/antalyada-hafriyat-kavgasi-yeniden-basladi-hedefte-bocek-var\/","url":"https:\/\/denizcankizil.tr\/uk\/haberler\/gundem\/antalyada-hafriyat-kavgasi-yeniden-basladi-hedefte-bocek-var\/","name":"Antalya\u2019da hafriyat kavgas\u0131 yeniden ba\u015flad\u0131! Hedefte B\u00f6cek var! - Av. Deniz Can K\u0131z\u0131l","isPartOf":{"@id":"https:\/\/denizcankizil.tr\/#website"},"datePublished":"2024-12-06T12:41:42+00:00","breadcrumb":{"@id":"https:\/\/denizcankizil.tr\/uk\/haberler\/gundem\/antalyada-hafriyat-kavgasi-yeniden-basladi-hedefte-bocek-var\/#breadcrumb"},"inLanguage":"uk","potentialAction":[{"@type":"ReadAction","target":["https:\/\/denizcankizil.tr\/uk\/haberler\/gundem\/antalyada-hafriyat-kavgasi-yeniden-basladi-hedefte-bocek-var\/"]}]},{"@type":"BreadcrumbList","@id":"https:\/\/denizcankizil.tr\/uk\/haberler\/gundem\/antalyada-hafriyat-kavgasi-yeniden-basladi-hedefte-bocek-var\/#breadcrumb","itemListElement":[{"@type":"ListItem","position":1,"name":"Home","item":"https:\/\/denizcankizil.tr\/de\/"},{"@type":"ListItem","position":2,"name":"Antalya\u2019da hafriyat kavgas\u0131 yeniden ba\u015flad\u0131! Hedefte B\u00f6cek var!"}]},{"@type":"WebSite","@id":"https:\/\/denizcankizil.tr\/#website","url":"https:\/\/denizcankizil.tr\/","name":"Av. Deniz Can K\u0131z\u0131l","description":"Avukat Deniz Can K\u0131z\u0131l Antalya Barosu","publisher":{"@id":"https:\/\/denizcankizil.tr\/#organization"},"potentialAction":[{"@type":"SearchAction","target":{"@type":"EntryPoint","urlTemplate":"https:\/\/denizcankizil.tr\/?s={search_term_string}"},"query-input":{"@type":"PropertyValueSpecification","valueRequired":true,"valueName":"search_term_string"}}],"inLanguage":"uk"},{"@type":"Organization","@id":"https:\/\/denizcankizil.tr\/#organization","name":"Av. Deniz Can K\u0131z\u0131l","url":"https:\/\/denizcankizil.tr\/","logo":{"@type":"ImageObject","inLanguage":"uk","@id":"https:\/\/denizcankizil.tr\/#\/schema\/logo\/image\/","url":"https:\/\/denizcankizil.tr\/wp-content\/uploads\/2024\/10\/siyah-logo-svg.svg","contentUrl":"https:\/\/denizcankizil.tr\/wp-content\/uploads\/2024\/10\/siyah-logo-svg.svg","width":1080,"height":1080,"caption":"Av. Deniz Can K\u0131z\u0131l"},"image":{"@id":"https:\/\/denizcankizil.tr\/#\/schema\/logo\/image\/"}}]}},"_links":{"self":[{"href":"https:\/\/denizcankizil.tr\/uk\/wp-json\/wp\/v2\/posts\/19519","targetHints":{"allow":["GET"]}}],"collection":[{"href":"https:\/\/denizcankizil.tr\/uk\/wp-json\/wp\/v2\/posts"}],"about":[{"href":"https:\/\/denizcankizil.tr\/uk\/wp-json\/wp\/v2\/types\/post"}],"replies":[{"embeddable":true,"href":"https:\/\/denizcankizil.tr\/uk\/wp-json\/wp\/v2\/comments?post=19519"}],"version-history":[{"count":0,"href":"https:\/\/denizcankizil.tr\/uk\/wp-json\/wp\/v2\/posts\/19519\/revisions"}],"wp:attachment":[{"href":"https:\/\/denizcankizil.tr\/uk\/wp-json\/wp\/v2\/media?parent=19519"}],"wp:term":[{"taxonomy":"category","embeddable":true,"href":"https:\/\/denizcankizil.tr\/uk\/wp-json\/wp\/v2\/categories?post=19519"},{"taxonomy":"post_tag","embeddable":true,"href":"https:\/\/denizcankizil.tr\/uk\/wp-json\/wp\/v2\/tags?post=19519"}],"curies":[{"name":"wp","href":"https:\/\/api.w.org\/{rel}","templated":true}]}}