{"id":19514,"date":"2024-12-06T14:55:49","date_gmt":"2024-12-06T11:55:49","guid":{"rendered":"https:\/\/denizcankizil.tr\/uncategorized-tr\/iscilik-alacaklarinda-tanik-delili-uygulama-ve-degerlendirme\/"},"modified":"2024-12-06T14:55:49","modified_gmt":"2024-12-06T11:55:49","slug":"iscilik-alacaklarinda-tanik-delili-uygulama-ve-degerlendirme","status":"publish","type":"post","link":"https:\/\/denizcankizil.tr\/uk\/koseyazilari\/degerlendirme\/iscilik-alacaklarinda-tanik-delili-uygulama-ve-degerlendirme\/","title":{"rendered":"\u0130\u015f\u00e7ilik Alacaklar\u0131nda Tan\u0131k Delili: Uygulama ve De\u011ferlendirme"},"content":{"rendered":"<p> <strong>\u0130\u015f\u00e7ilik Alacaklar\u0131nda\u2064 Tan\u0131k Delili:\u200d Uygulama ve De\u011ferlendirme<\/strong><\/p>\n<p>\u0130\u015f hukukunda,\u200d i\u015f\u00e7ilik \u200balacaklar\u0131, i\u015f\u00e7i ve i\u015fveren aras\u0131ndaki hukuki \u2063ili\u015fkilerin\u2064 en \u00f6nemli\u2064 unsurlar\u0131ndan birini te\u015fkil \u200betmektedir. \u0130\u015f\u00e7i, \u00e7al\u0131\u015fma s\u00fcresi boyunca hak\u2062 etti\u011fi \u200d\u00fccret,\u2062 fazla mesai, ikramiye gibi alacaklar\u0131n\u0131\u200c talep\u2062 etme hakk\u0131na sahiptir. Ancak,\u2064 bu \u200dalacaklar\u0131n ispat\u0131\u200b s\u00fcrecinde kar\u015f\u0131la\u015f\u0131lan zorluklar, i\u015f\u00e7ilerin \u2063haklar\u0131n\u0131 elde etme konusunda \u00f6nemli engeller \u2064olu\u015fturabilmektedir.\u200b Bu ba\u011flamda, <a href=\"https:\/\/denizcankizil.tr\/uk\/hukukihaber\/hakkaniyete-uygun-yargilanma-hakkinin-ihlal-edilmesi\/\" title=\"Hakkaniyete Uygun Yarg\u0131lanma Hakk\u0131n\u0131n \u0130hlal Edilmesi\">tan\u0131k delili<\/a>,\u2063 i\u015f\u00e7ilik alacaklar\u0131n\u0131n ispat\u0131nda kritik \u2064bir \u2064rol oynamaktad\u0131r. Tan\u0131klar\u0131n beyanlar\u0131, i\u015f ili\u015fkisi \u2062ve alacaklar\u0131n varl\u0131\u011f\u0131na dair \u2064somut deliller sunarak, mahkemelerin karar verme s\u00fcre\u00e7lerinde etkili bir ara\u00e7 haline gelmektedir. <\/p>\n<p>Bu makalede, \u200bi\u015f\u00e7ilik alacaklar\u0131nda tan\u0131k\u200b delilinin uygulama \u200calanlar\u0131, hukuki\u200d dayanaklar\u0131 ve yarg\u0131\u2064 kararlar\u0131 \u0131\u015f\u0131\u011f\u0131nda de\u011ferlendirilmesi ele al\u0131nacakt\u0131r. \u200bAyr\u0131ca, \u2062tan\u0131k \u200cdelilinin \u2063etkinli\u011fi \u2062ve s\u0131n\u0131rl\u0131l\u0131klar\u0131\u200c \u00fczerinde durularak, \u200ci\u015f\u00e7i\u200b ve i\u015fveren aras\u0131ndaki uyu\u015fmazl\u0131klar\u0131n\u200c \u00e7\u00f6z\u00fcm\u00fcnde\u200c <a href=\"https:\/\/denizcankizil.tr\/uk\/hukukihaber\/tapu-iptali-ve-tescil-davasi-vekalet-gorevinin-kotuye-kullanilmasi-iyiniyetli-olmayan-iktisap\/\" title=\"TAPU \u0130PTAL\u0130 VE TESC\u0130L DAVASI - VEKALET G\u00d6REV\u0130N\u0130N K\u00d6T\u00dcYE KULLANILMASI - \u0130Y\u0130N\u0130YETL\u0130 OLMAYAN \u0130KT\u0130SAP\">tan\u0131k beyanlar\u0131<\/a>n\u0131n nas\u0131l\u200d bir i\u015flevsellik kazand\u0131\u011f\u0131 \u200cincelenecektir. Bu \u200c\u00e7al\u0131\u015fma, i\u015f hukukuna dair\u2063 mevcut \u2064uygulamalar\u0131n daha iyi\u200c anla\u015f\u0131lmas\u0131na katk\u0131 sa\u011flamay\u0131 ama\u00e7lamaktad\u0131r.<br \/><img decoding=\"async\" class=\"kimage_class lazyload\" data-src=\"https:\/\/denizcankizil.tr\/wp-content\/uploads\/2024\/10\/4382-antalyada-ticaret-hukuku-avukatlarinin-yetki-alanlari.jpg\" alt=\"\u0130\u015f\u00e7ilik Alacaklar\u0131nda Tan\u0131k \u200cDelilinin \u00d6nemi ve\u2062 Rol\u00fc\" src=\"data:image\/svg+xml;base64,PHN2ZyB3aWR0aD0iMSIgaGVpZ2h0PSIxIiB4bWxucz0iaHR0cDovL3d3dy53My5vcmcvMjAwMC9zdmciPjwvc3ZnPg==\"><\/p>\n<h2 id=\"iscilik-alacaklarinda-tanik-delilinin-onemi-ve-rolu\">\u0130\u015f\u00e7ilik\u2062 Alacaklar\u0131nda Tan\u0131k\u200b Delilinin \u00d6nemi ve Rol\u00fc<\/h2>\n<p><strong>\u0130\u015f\u00e7ilik alacaklar\u0131,\u2062 i\u015f\u00e7i ve \u2064i\u015fveren\u2063 aras\u0131ndaki hukuki \u200dili\u015fkilerin \u00f6nemli bir par\u00e7as\u0131n\u0131 \u2062olu\u015fturur. Bu \u2062alacaklar\u0131n \u2063tahsili s\u00fcrecinde, tan\u0131k delilleri kritik bir rol \u2063oynamaktad\u0131r.\u200b Tan\u0131klar\u0131n beyanlar\u0131, i\u015f\u00e7inin haklar\u0131n\u0131n korunmas\u0131nda ve alacaklar\u0131n\u0131n ispat\u0131nda \u00f6nemli bir ara\u00e7 olarak \u00f6ne \u00e7\u0131kar.<\/strong><\/p>\n<p><strong>Tan\u0131k delilinin \u2064i\u015f\u00e7ilik alacaklar\u0131\u200b davalar\u0131ndaki \u00f6nemi \u015fu ba\u015fl\u0131klar alt\u0131nda de\u011ferlendirilebilir:<\/strong><\/p>\n<ul>\n<li><strong>\u0130spat Y\u00fck\u00fc:<\/strong> \u0130\u015f\u00e7i, alacaklar\u0131n\u0131\u2063 ispatlamakla y\u00fck\u00fcml\u00fcd\u00fcr. Tan\u0131k beyanlar\u0131, bu y\u00fck\u00fcn \u2063hafifletilmesine yard\u0131mc\u0131 olur.<\/li>\n<li><strong>Olaylar\u0131n Ayd\u0131nlat\u0131lmas\u0131:<\/strong> \u2062 Tan\u0131klar, i\u015fyerindeki olaylar\u0131n ve i\u015f\u00e7i-i\u015fveren ili\u015fkilerinin daha iyi anla\u015f\u0131lmas\u0131n\u0131\u2062 sa\u011flar.<\/li>\n<li><strong>G\u00fc\u00e7l\u00fc Delil Niteli\u011fi:<\/strong> Tan\u0131k ifadeleri, mahkemelerde somut\u200d delil\u200c olarak kabul\u2064 edilir ve\u2062 genellikle di\u011fer\u2062 delillerle birlikte \u2064de\u011ferlendirilir.<\/li>\n<\/ul>\n<p><strong>Sonu\u00e7 olarak, i\u015f\u00e7ilik alacaklar\u0131 davalar\u0131nda\u200b tan\u0131k delilleri, i\u015f\u00e7inin \u2063haklar\u0131n\u0131n korunmas\u0131 \u200bve alacaklar\u0131n\u0131n tahsili \u200ca\u00e7\u0131s\u0131ndan hayati bir \u00f6neme sahiptir.\u2063 Bu \u200cnedenle, <a href=\"https:\/\/denizcankizil.tr\/uk\/hukukihaber\/aymnin-2020-16404-basvuru-numarali-karari\/\" title=\"AYM&#039;nin 2020\/16404 ba\u015fvuru numaral\u0131 karar\u0131\">tan\u0131klar\u0131n beyanlar\u0131n\u0131n<\/a> do\u011fru bir \u200b\u015fekilde al\u0131nmas\u0131 ve de\u011ferlendirilmesi, hukuki s\u00fcre\u00e7lerin sa\u011fl\u0131kl\u0131 \u2063bir \u015fekilde ilerlemesi i\u00e7in\u200d gereklidir.<\/strong><\/p>\n<p><img decoding=\"async\" class=\"kimage_class lazyload\" data-src=\"https:\/\/denizcankizil.tr\/wp-content\/uploads\/2024\/10\/ounsel-scaled.jpg\" alt=\"Tan\u0131k Delili\u200c T\u00fcrleri \u2062ve \u0130\u015f\u00e7ilik Alacaklar\u0131ndaki Uygulamalar\u0131\" src=\"data:image\/svg+xml;base64,PHN2ZyB3aWR0aD0iMSIgaGVpZ2h0PSIxIiB4bWxucz0iaHR0cDovL3d3dy53My5vcmcvMjAwMC9zdmciPjwvc3ZnPg==\"><\/p>\n<h2 id=\"tanik-delili-turleri-ve-iscilik-alacaklarindaki-uygulamalari\">Tan\u0131k \u2064Delili T\u00fcrleri ve \u0130\u015f\u00e7ilik \u2064Alacaklar\u0131ndaki Uygulamalar\u0131<\/h2>\n<p>Tan\u0131k delili,\u2064 i\u015f\u00e7ilik alacaklar\u0131 \u2062davalar\u0131nda\u200d \u00f6nemli bir\u2064 rol oynamaktad\u0131r. \u0130\u015f\u00e7i-i\u015fveren ili\u015fkilerinde,\u200b taraflar\u0131n iddialar\u0131n\u0131 desteklemek amac\u0131yla\u200c tan\u0131klar\u0131n beyanlar\u0131 s\u0131kl\u0131kla kullan\u0131lmaktad\u0131r. \u200cTan\u0131k delilleri, \u00f6zellikle\u2063 i\u015f\u00e7inin \u00e7al\u0131\u015fma ko\u015fullar\u0131, \u200ci\u015f s\u00fcresi \u200dve i\u015fin\u200c niteli\u011fi gibi konularda \u00f6nemli bilgiler sunabilir. Bu\u200b ba\u011flamda, tan\u0131k delilinin t\u00fcrleri ve i\u015f\u00e7ilik alacaklar\u0131ndaki \u2062uygulamalar\u0131\u2063 \u015fu \u015fekilde\u200d \u00f6zetlenebilir:<\/p>\n<ul>\n<li><strong>Do\u011frudan\u2062 Tan\u0131k Delili:<\/strong> \u200d\u0130\u015f\u00e7inin \u00e7al\u0131\u015fma s\u00fcrecine tan\u0131kl\u0131k eden ki\u015filer \u200dtaraf\u0131ndan verilen beyanlard\u0131r.\u200c Bu t\u00fcr tan\u0131klar, i\u015f\u00e7inin i\u015f yerindeki \u2064faaliyetlerini \u2064ve \u00e7al\u0131\u015fma \u200bko\u015fullar\u0131n\u0131 do\u011frudan g\u00f6zlemlemi\u015f\u200d olan\u2062 ki\u015filerdir.<\/li>\n<li><strong>Dolayl\u0131\u200b Tan\u0131k Delili:<\/strong> \u0130\u015f\u00e7inin i\u015f yerindeki durumunu dolayl\u0131 olarak bilen, ancak \u200bdo\u011frudan\u200d g\u00f6zlem yapmam\u0131\u015f olan\u2062 ki\u015filerin ifadeleridir. Bu tan\u0131klar, i\u015f\u00e7inin \u00e7al\u0131\u015fma\u200d ko\u015fullar\u0131 \u200chakk\u0131nda \u2063bilgi \u2064sahibi \u200bolabilirler, ancak bu bilgileri \u2062ba\u015fka kaynaklardan edinmi\u015flerdir.<\/li>\n<li><strong>Uzman\u200d Tan\u0131k Delili:<\/strong> \u0130\u015f hukukunda uzmanla\u015fm\u0131\u015f\u2063 ki\u015filer taraf\u0131ndan verilen \u2064g\u00f6r\u00fc\u015flerdir. Bu t\u00fcr tan\u0131klar, \u2063i\u015f\u00e7ilik\u2063 alacaklar\u0131 ile ilgili teknik konularda bilgi sunarak mahkemeye \u2062yard\u0131mc\u0131 \u2063olabilirler.<\/li>\n<\/ul>\n<p>\u0130\u015f\u00e7ilik alacaklar\u0131\u2064 davalar\u0131nda\u2063 tan\u0131k delilinin kullan\u0131m\u0131, mahkeme taraf\u0131ndan de\u011ferlendirilen\u2063 bir\u00e7ok \u200bfakt\u00f6re \u200bba\u011fl\u0131d\u0131r. \u200cTan\u0131klar\u0131n g\u00fcvenilirli\u011fi, beyanlar\u0131n tutarl\u0131l\u0131\u011f\u0131 ve olay\u0131n\u2062 somut\u200d ko\u015fullar\u0131,\u200c mahkemece dikkate\u2062 al\u0131nan\u200b unsurlard\u0131r.\u200b Bu \u200cnedenle, tan\u0131k delilinin etkin bir \u015fekilde kullan\u0131lmas\u0131, i\u015f\u00e7ilik\u2064 alacaklar\u0131n\u0131n \u200bispat\u0131 a\u00e7\u0131s\u0131ndan kritik \u2063bir\u200b \u00f6neme sahiptir.<\/p>\n<p><img decoding=\"async\" class=\"kimage_class lazyload\" data-src=\"https:\/\/denizcankizil.tr\/wp-content\/uploads\/2024\/10\/ii_200.jpg\" alt=\"Yarg\u0131tay Kararlar\u0131 I\u015f\u0131\u011f\u0131nda Tan\u0131k Delilinin De\u011ferlendirilmesi\" src=\"data:image\/svg+xml;base64,PHN2ZyB3aWR0aD0iMSIgaGVpZ2h0PSIxIiB4bWxucz0iaHR0cDovL3d3dy53My5vcmcvMjAwMC9zdmciPjwvc3ZnPg==\"><\/p>\n<h2 id=\"yargitay-kararlari-isiginda-tanik-delilinin-degerlendirilmesi\">Yarg\u0131tay \u200cKararlar\u0131 I\u015f\u0131\u011f\u0131nda Tan\u0131k\u200d Delilinin De\u011ferlendirilmesi<\/h2>\n<p>Tan\u0131k delili, i\u015f\u00e7ilik alacaklar\u0131 \u200ddavalar\u0131nda \u00f6nemli bir rol oynamaktad\u0131r.\u200c Yarg\u0131tay, tan\u0131klar\u0131n beyanlar\u0131n\u0131 de\u011ferlendirirken belirli kriterler ve ilkeler \u00e7er\u00e7evesinde hareket \u200betmektedir. Bu\u2063 ba\u011flamda, tan\u0131k delilinin \u2062ge\u00e7erlili\u011fi \u200cve g\u00fcvenilirli\u011fi, mahkeme taraf\u0131ndan\u2064 titizlikle incelenmelidir. Yarg\u0131tay\u2064 kararlar\u0131, tan\u0131klar\u0131n beyanlar\u0131n\u0131n \u200cnas\u0131l de\u011ferlendirilmesi gerekti\u011fine dair \u00f6nemli \u2064ipu\u00e7lar\u0131 sunmaktad\u0131r.<\/p>\n<p>Tan\u0131k delilinin de\u011ferlendirilmesinde dikkate al\u0131nmas\u0131 gereken baz\u0131 \u2062hususlar \u015funlard\u0131r:<\/p>\n<ul>\n<li><strong>Tan\u0131\u011f\u0131n Tarafs\u0131zl\u0131\u011f\u0131:<\/strong> \u2063Tan\u0131klar\u0131n, olayla ilgili \u2064tarafs\u0131z bir bak\u0131\u015f a\u00e7\u0131s\u0131na\u200c sahip olmalar\u0131, beyanlar\u0131n\u0131n g\u00fcvenilirli\u011fini art\u0131rmaktad\u0131r.<\/li>\n<li><strong>Tan\u0131\u011f\u0131n Bilgi Sahibi Olmas\u0131:<\/strong> Tan\u0131klar\u0131n, olay hakk\u0131nda\u200b do\u011frudan \u200bbilgi sahibi olmalar\u0131, \u2062beyanlar\u0131n\u0131n ge\u00e7erlili\u011fi a\u00e7\u0131s\u0131ndan\u2064 kritik bir\u200b \u00f6neme sahiptir.<\/li>\n<li><strong>Tan\u0131klar\u0131n \u0130fadelerinin Tutarl\u0131l\u0131\u011f\u0131:<\/strong> Farkl\u0131 tan\u0131klar\u0131n ifadelerinin \u2062birbirleriyle\u2064 tutarl\u0131 \u200dolmas\u0131, delilin \u200dg\u00fc\u00e7lendirilmesine katk\u0131 sa\u011flamaktad\u0131r.<\/li>\n<\/ul>\n<p>Yarg\u0131tay, tan\u0131k delilinin de\u011ferlendirilmesinde bu unsurlar\u0131 g\u00f6z \u00f6n\u00fcnde\u200d bulundurarak, i\u015f\u00e7ilik alacaklar\u0131 davalar\u0131nda adil bir \u2062sonuca ula\u015fmay\u0131 hedeflemektedir.\u2062 Bu \u200cnedenle, mahkemeler tan\u0131k beyanlar\u0131n\u0131 de\u011ferlendirirken, Yarg\u0131tay i\u00e7tihatlar\u0131ndan yararlanmal\u0131 \u2062ve bu \u200cilkeleri uygulamal\u0131d\u0131r.<\/p>\n<p><img decoding=\"async\" class=\"kimage_class lazyload\" data-src=\"https:\/\/denizcankizil.tr\/wp-content\/uploads\/2024\/10\/2JauI-253D.jpg\" alt=\"Tan\u0131k Beyanlar\u0131n\u0131n Ge\u00e7erlili\u011fi ve G\u00fcvenilirli\u011fi\" src=\"data:image\/svg+xml;base64,PHN2ZyB3aWR0aD0iMSIgaGVpZ2h0PSIxIiB4bWxucz0iaHR0cDovL3d3dy53My5vcmcvMjAwMC9zdmciPjwvc3ZnPg==\"><\/p>\n<h2 id=\"tanik-beyanlarinin-gecerliligi-ve-guvenilirligi\">Tan\u0131k \u200cBeyanlar\u0131n\u0131n Ge\u00e7erlili\u011fi ve \u200bG\u00fcvenilirli\u011fi<\/h2>\n<p>\u0130\u015f\u00e7ilik alacaklar\u0131 \u2064davalar\u0131nda\u200d tan\u0131k \u200dbeyanlar\u0131,\u200b mahkeme s\u00fcre\u00e7lerinde \u00f6nemli\u200c bir \u2063delil niteli\u011fi ta\u015f\u0131maktad\u0131r. Ancak,\u2064 tan\u0131klar\u0131n beyanlar\u0131n\u0131n\u200d ge\u00e7erlili\u011fi ve g\u00fcvenilirli\u011fi, \u00e7e\u015fitli \u200cfakt\u00f6rlere ba\u011fl\u0131 olarak de\u011fi\u015fiklik g\u00f6sterebilir. Bu ba\u011flamda, tan\u0131klar\u0131n beyanlar\u0131n\u0131n de\u011ferlendirilmesinde\u2063 dikkate \u200cal\u0131nmas\u0131 gereken\u200d baz\u0131 \u200bunsurlar \u200bbulunmaktad\u0131r:<\/p>\n<ul>\n<li><strong>Tan\u0131\u011f\u0131n Tarafs\u0131zl\u0131\u011f\u0131:<\/strong> \u200cTan\u0131klar\u0131n, olayla\u2064 ilgili tarafs\u0131z bir bak\u0131\u015f a\u00e7\u0131s\u0131na sahip olmalar\u0131, beyanlar\u0131n\u0131n g\u00fcvenilirli\u011fini art\u0131r\u0131r. Tarafl\u0131 tan\u0131klar\u0131n ifadeleri, mahkemece daha az dikkate al\u0131nabilir.<\/li>\n<li><strong>Tan\u0131\u011f\u0131n Bilgi\u2063 D\u00fczeyi:<\/strong> Tan\u0131klar\u0131n, olay hakk\u0131nda sahip olduklar\u0131 bilgi d\u00fczeyi, beyanlar\u0131n\u0131n ge\u00e7erlili\u011fi a\u00e7\u0131s\u0131ndan kritik\u2062 bir \u200c\u00f6neme sahiptir. Olay\u0131 bizzat \u2064g\u00f6rm\u00fc\u015f veya deneyimlemi\u015f \u2062tan\u0131klar\u0131n ifadeleri, daha fazla de\u011fer\u200b ta\u015f\u0131r.<\/li>\n<li><strong>Tan\u0131klar\u0131n \u0130fadelerinin Tutarl\u0131l\u0131\u011f\u0131:<\/strong> \u200c Farkl\u0131 \u200ctan\u0131klar\u0131n \u2063ifadeleri\u200d aras\u0131ndaki tutarl\u0131l\u0131k, beyanlar\u0131n g\u00fcvenilirli\u011fini art\u0131ran bir \u200bdi\u011fer\u2064 fakt\u00f6rd\u00fcr. Tutars\u0131z \u2064ifadeler,\u200b tan\u0131klar\u0131n g\u00fcvenilirli\u011fini sorgulatabilir.<\/li>\n<\/ul>\n<p>Sonu\u00e7 olarak, i\u015f\u00e7ilik alacaklar\u0131\u200d davalar\u0131nda , mahkeme \u200btaraf\u0131ndan titizlikle de\u011ferlendirilmelidir. Tan\u0131klar\u0131n tarafs\u0131zl\u0131\u011f\u0131, bilgi \u200bd\u00fczeyi\u200d ve ifadelerinin \u200dtutarl\u0131l\u0131\u011f\u0131, bu beyanlar\u0131n mahkemece nas\u0131l \u200bde\u011ferlendirilece\u011fi \u2063\u00fczerinde belirleyici bir etkiye sahiptir. Bu nedenle, tan\u0131k delillerinin\u200d kullan\u0131m\u0131,\u200b dikkatli bir\u200d analiz ve de\u011ferlendirme s\u00fcrecini gerektirmektedir.<\/p>\n<p><img decoding=\"async\" class=\"kimage_class lazyload\" data-src=\"https:\/\/denizcankizil.tr\/wp-content\/uploads\/2024\/10\/4380-antalyada-sahtecilik-suclarina-bakan-avukat-ve-mahkemeler.jpg\" alt=\"\u0130\u015f\u00e7i\u200d ve \u0130\u015fveren Aras\u0131ndaki \u0130htilaflarda Tan\u0131k Delilinin Etkisi\" src=\"data:image\/svg+xml;base64,PHN2ZyB3aWR0aD0iMSIgaGVpZ2h0PSIxIiB4bWxucz0iaHR0cDovL3d3dy53My5vcmcvMjAwMC9zdmciPjwvc3ZnPg==\"><\/p>\n<h2 id=\"isci-ve-isveren-arasindaki-ihtilaflarda-tanik-delilinin-etkisi\">\u0130\u015f\u00e7i\u2062 ve \u0130\u015fveren\u2064 Aras\u0131ndaki \u0130htilaflarda Tan\u0131k Delilinin Etkisi<\/h2>\n<p>\u0130\u015f\u00e7i ve i\u015fveren \u2063aras\u0131ndaki\u200d uyu\u015fmazl\u0131klar\u0131n \u00e7\u00f6z\u00fcm\u00fcnde tan\u0131k delili, \u00f6nemli \u200cbir rol oynamaktad\u0131r. Tan\u0131klar\u0131n \u200dbeyanlar\u0131, i\u015f\u200d ili\u015fkilerinin niteli\u011fi ve taraflar\u0131n iddialar\u0131n\u0131n\u200c do\u011frulu\u011fu a\u00e7\u0131s\u0131ndan kritik\u200b bir \u00f6neme\u2064 sahiptir.\u2063 Bu ba\u011flamda,\u2064 tan\u0131k \u2063delilinin etkisi,\u2064 i\u015f\u00e7ilik alacaklar\u0131 davalar\u0131nda s\u0131kl\u0131kla g\u00fcndeme\u200b gelmektedir.<\/p>\n<p>Tan\u0131k delilinin \u2064de\u011ferlendirilmesinde dikkate al\u0131nmas\u0131 gereken \u200dbaz\u0131 hususlar \u015funlard\u0131r:<\/p>\n<ul>\n<li><strong>Tan\u0131klar\u0131n\u2062 Tarafs\u0131zl\u0131\u011f\u0131:<\/strong> Tan\u0131klar\u0131n,\u200d olaylara dair\u2063 beyanlar\u0131n\u0131n tarafs\u0131z ve objektif \u200dolmas\u0131, mahkeme taraf\u0131ndan dikkate al\u0131nan\u2062 \u00f6nemli bir kriterdir.<\/li>\n<li><strong>Tan\u0131klar\u0131n Bilgi Sahipli\u011fi:<\/strong> \u200c Tan\u0131klar\u0131n, olay hakk\u0131nda do\u011frudan bilgi\u2062 sahibi\u2064 olmalar\u0131, beyanlar\u0131n\u0131n \u2064ge\u00e7erlili\u011fini\u2063 art\u0131rmaktad\u0131r.<\/li>\n<li><strong>Tan\u0131k Say\u0131s\u0131 \u2062ve G\u00fcvenirlik:<\/strong> \u2062 Birden fazla tan\u0131\u011f\u0131n benzer y\u00f6nde beyan vermesi, delilin g\u00fc\u00e7lenmesine katk\u0131 sa\u011flamaktad\u0131r.<\/li>\n<\/ul>\n<p>Sonu\u00e7 olarak, \u2063i\u015f\u00e7i \u2064ve i\u015fveren aras\u0131ndaki\u200d ihtilaflarda tan\u0131k\u2062 delili, mahkeme kararlar\u0131n\u0131n\u200d \u015fekillenmesinde \u00f6nemli bir unsur olarak \u00f6ne\u200c \u00e7\u0131kmaktad\u0131r. \u200cBu nedenle, tan\u0131klar\u0131n beyanlar\u0131n\u0131n dikkatlice \u2063de\u011ferlendirilmesi, i\u015f\u00e7ilik alacaklar\u0131 davalar\u0131n\u0131n seyrini etkileyen kritik\u2063 bir fakt\u00f6rd\u00fcr.<\/p>\n<p><img decoding=\"async\" class=\"kimage_class lazyload\" data-src=\"https:\/\/denizcankizil.tr\/wp-content\/uploads\/2024\/10\/4698-d180d0bed0bbd18c-d0b0d0b4d0b2d0bed0bad0b0d182d0b0-d0b2-d0b4d0b5d0bbd0b0d185-d0be-d0b3d180d0b0d0b6d0b4d0b0d0bdd181d182d0b2d0b5-d0b8-d0b8.jpg\" alt=\"Tan\u0131k Delili\u2063 ile \u0130lgili Hukuki \u200cSorunlar ve \u00c7\u00f6z\u00fcm \u00d6nerileri\" src=\"data:image\/svg+xml;base64,PHN2ZyB3aWR0aD0iMSIgaGVpZ2h0PSIxIiB4bWxucz0iaHR0cDovL3d3dy53My5vcmcvMjAwMC9zdmciPjwvc3ZnPg==\"><\/p>\n<h2 id=\"tanik-delili-ile-ilgili-hukuki-sorunlar-ve-cozum-onerileri\">Tan\u0131k Delili ile\u200b \u0130lgili \u2063Hukuki Sorunlar ve \u200d\u00c7\u00f6z\u00fcm \u00d6nerileri<\/h2>\n<section>\n<p>\u0130\u015f\u00e7ilik\u200b alacaklar\u0131 davalar\u0131nda tan\u0131k delili, \u200cs\u0131kl\u0131kla kar\u015f\u0131la\u015f\u0131lan bir durumdur. Ancak, tan\u0131k delilinin ge\u00e7erlili\u011fi ve \u2062g\u00fcvenilirli\u011fi konusunda \u00e7e\u015fitli \u200bhukuki sorunlar \u2063ortaya\u2064 \u00e7\u0131kabilmektedir. Bu sorunlar, tan\u0131klar\u0131n\u2064 beyanlar\u0131n\u0131n tutars\u0131zl\u0131\u011f\u0131, tan\u0131kl\u0131k yapma\u2064 isteksizlikleri ve \u2063tan\u0131klar\u0131n tarafs\u0131zl\u0131klar\u0131n\u0131n sorgulanmas\u0131\u200c gibi unsurlardan \u200dkaynaklanmaktad\u0131r.\u200b Bu ba\u011flamda, tan\u0131k delilinin etkin bir \u015fekilde kullan\u0131labilmesi i\u00e7in baz\u0131 \u00e7\u00f6z\u00fcm\u200b \u00f6nerileri geli\u015ftirilmesi gerekmektedir.<\/p>\n<p>Tan\u0131k delilinin daha sa\u011fl\u0131kl\u0131 bir \u015fekilde de\u011ferlendirilmesi i\u00e7in a\u015fa\u011f\u0131daki \u200dhususlara dikkat edilmesi \u00f6nemlidir:<\/p>\n<ul>\n<li><strong>Tan\u0131klar\u0131n Se\u00e7imi:<\/strong> Tan\u0131klar\u0131n, olayla ilgili\u200b do\u011frudan bilgi sahibi olmalar\u0131 ve tarafs\u0131z olmalar\u0131 sa\u011flanmal\u0131d\u0131r.<\/li>\n<li><strong>Tan\u0131k Beyanlar\u0131n\u0131n Belgelendirilmesi:<\/strong> Tan\u0131klar\u0131n beyanlar\u0131n\u0131n, m\u00fcmk\u00fcnse yaz\u0131l\u0131\u2062 olarak belgelenmesi, ileride\u2064 ya\u015fanabilecek uyu\u015fmazl\u0131klar\u0131n \u00f6n\u00fcne ge\u00e7ebilir.<\/li>\n<li><strong>Tan\u0131klar\u0131n \u2064Dinlenmesi:<\/strong> Mahkeme \u00f6n\u00fcnde tan\u0131klar\u0131n dinlenmesi s\u0131ras\u0131nda, \u2064sorular\u0131n\u2063 a\u00e7\u0131k ve net \u200dbir \u015fekilde y\u00f6neltilmesi, \u2063beyanlar\u0131n daha anla\u015f\u0131l\u0131r olmas\u0131n\u0131 sa\u011flayacakt\u0131r.<\/li>\n<li><strong>Uzman G\u00f6r\u00fc\u015f\u00fc:<\/strong> Gerekli \u200bdurumlarda, tan\u0131klar\u0131n beyanlar\u0131n\u0131n \u200cdesteklenmesi amac\u0131yla uzman\u2064 g\u00f6r\u00fc\u015flerine\u2064 ba\u015fvurulmas\u0131 \u2063faydal\u0131 olabilir.<\/li>\n<\/ul>\n<p>Sonu\u00e7 \u2063olarak, i\u015f\u00e7ilik alacaklar\u0131 davalar\u0131nda\u2062 tan\u0131k\u2064 delilinin etkin kullan\u0131m\u0131, hukuki s\u00fcre\u00e7lerin\u2062 sa\u011fl\u0131kl\u0131 bir \u015fekilde ilerlemesi a\u00e7\u0131s\u0131ndan b\u00fcy\u00fck \u00f6nem \u2062ta\u015f\u0131maktad\u0131r.\u2063 Yukar\u0131da belirtilen \u00e7\u00f6z\u00fcm \u200d\u00f6nerileri, tan\u0131k\u200c delilinin daha g\u00fcvenilir\u2064 bir\u2064 \u015fekilde de\u011ferlendirilmesine katk\u0131 sa\u011flayabilir.<\/p>\n<\/section>\n<p>Sonu\u00e7 \u200bolarak, \u2063i\u015f\u00e7ilik alacaklar\u0131nda tan\u0131k delilinin \u00f6nemi, i\u015f\u00e7i-i\u015fveren ili\u015fkilerinin hukuki boyutunu anlamak a\u00e7\u0131s\u0131ndan \u200cb\u00fcy\u00fck bir yer \u200ctutmaktad\u0131r. Tan\u0131k delilleri,\u2063 i\u015f\u00e7ilik alacaklar\u0131n\u0131n ispat\u0131nda \u2063kritik bir rol oynamakta ve mahkemelerin karar verme s\u00fcre\u00e7lerinde belirleyici bir etki yaratmaktad\u0131r. Uygulamada kar\u015f\u0131la\u015f\u0131lan zorluklar ve tan\u0131klar\u0131n beyanlar\u0131n\u0131n de\u011ferlendirilmesi, hukuk \u2064sistemimizin adalet anlay\u0131\u015f\u0131n\u0131 do\u011frudan etkilemektedir. Bu ba\u011flamda, i\u015f \u200cmahkemelerinin tan\u0131k\u200b delillerini de\u011ferlendirirken daha \u2062titiz \u200cve\u2063 dikkatli\u200c bir yakla\u015f\u0131m \u200cbenimsemesi,\u200c i\u015f\u00e7i haklar\u0131n\u0131n korunmas\u0131 ve \u200dadil yarg\u0131lama ilkesinin tesis edilmesi a\u00e7\u0131s\u0131ndan elzemdir. Gelecekte, tan\u0131k delillerinin daha \u200betkin \u200bbir \u015fekilde \u200ckullan\u0131lmas\u0131 ve bu alandaki uygulamalar\u0131n geli\u015ftirilmesi, \u2064i\u015f\u00e7ilik alacaklar\u0131\u2063 konusunda daha adil ve hakkaniyete uygun sonu\u00e7lar\u0131n elde edilmesine katk\u0131\u200d sa\u011flayacakt\u0131r. Bu nedenle, i\u015f\u00e7ilik alacaklar\u0131nda tan\u0131k delilinin\u200b rol\u00fc \u00fczerine yap\u0131lan \u00e7al\u0131\u015fmalar\u0131n\u200d ve de\u011ferlendirmelerin devam\u2064 etmesi, hukuk \u2062literat\u00fcr\u00fc a\u00e7\u0131s\u0131ndan b\u00fcy\u00fck bir \u00f6nem ta\u015f\u0131maktad\u0131r. <\/p>","protected":false},"excerpt":{"rendered":"<p>\u0130\u015f\u00e7ilik alacaklar\u0131 davalar\u0131nda tan\u0131k delili, i\u015f\u00e7i-i\u015fveren ili\u015fkilerinin somut ko\u015fullar\u0131n\u0131 ayd\u0131nlatmada \u00f6nemli bir rol oynamaktad\u0131r. Tan\u0131k ifadeleri, i\u015f\u00e7inin haklar\u0131n\u0131n tespiti ve korunmas\u0131nda kritik bir unsur olarak de\u011ferlendirilmektedir.<\/p>","protected":false},"author":4,"featured_media":19515,"comment_status":"open","ping_status":"open","sticky":false,"template":"","format":"standard","meta":{"_acf_changed":false,"footnotes":""},"categories":[22],"tags":[],"class_list":["post-19514","post","type-post","status-publish","format-standard","has-post-thumbnail","hentry","category-degerlendirme"],"acf":[],"yoast_head":"<!-- This site is optimized with the Yoast SEO Premium plugin v26.6 (Yoast SEO v27.1.1) - https:\/\/yoast.com\/product\/yoast-seo-premium-wordpress\/ -->\n<title>\u0130\u015f\u00e7ilik Alacaklar\u0131nda Tan\u0131k Delili: Uygulama ve De\u011ferlendirme - Av. Deniz Can K\u0131z\u0131l<\/title>\n<meta name=\"robots\" content=\"index, follow, max-snippet:-1, max-image-preview:large, max-video-preview:-1\" \/>\n<link rel=\"canonical\" href=\"https:\/\/denizcankizil.tr\/uk\/koseyazilari\/degerlendirme\/iscilik-alacaklarinda-tanik-delili-uygulama-ve-degerlendirme\/\" \/>\n<meta property=\"og:locale\" content=\"uk_UA\" \/>\n<meta property=\"og:type\" content=\"article\" \/>\n<meta property=\"og:title\" content=\"\u0130\u015f\u00e7ilik Alacaklar\u0131nda Tan\u0131k Delili: Uygulama ve De\u011ferlendirme\" \/>\n<meta property=\"og:description\" content=\"\u0130\u015f\u00e7ilik alacaklar\u0131 davalar\u0131nda tan\u0131k delili, i\u015f\u00e7i-i\u015fveren ili\u015fkilerinin somut ko\u015fullar\u0131n\u0131 ayd\u0131nlatmada \u00f6nemli bir rol oynamaktad\u0131r. Tan\u0131k ifadeleri, i\u015f\u00e7inin haklar\u0131n\u0131n tespiti ve korunmas\u0131nda kritik bir unsur olarak de\u011ferlendirilmektedir.\" \/>\n<meta property=\"og:url\" content=\"https:\/\/denizcankizil.tr\/uk\/koseyazilari\/degerlendirme\/iscilik-alacaklarinda-tanik-delili-uygulama-ve-degerlendirme\/\" \/>\n<meta property=\"og:site_name\" content=\"Av. Deniz Can K\u0131z\u0131l\" \/>\n<meta property=\"article:published_time\" content=\"2024-12-06T11:55:49+00:00\" \/>\n<meta property=\"og:image\" content=\"https:\/\/denizcankizil.tr\/wp-content\/uploads\/2024\/12\/19514-iscilik-alacaklarinda-tanik-delili-uygulama-ve-degerlendirme.jpg\" \/>\n\t<meta property=\"og:image:width\" content=\"800\" \/>\n\t<meta property=\"og:image:height\" content=\"800\" \/>\n\t<meta property=\"og:image:type\" content=\"image\/jpeg\" \/>\n<meta name=\"author\" content=\"Av. Deniz Can K\u0131z\u0131l\" \/>\n<meta name=\"twitter:card\" content=\"summary_large_image\" \/>\n<meta name=\"twitter:label1\" content=\"\u041d\u0430\u043f\u0438\u0441\u0430\u043d\u043e\" \/>\n\t<meta name=\"twitter:data1\" content=\"Av. Deniz Can K\u0131z\u0131l\" \/>\n\t<meta name=\"twitter:label2\" content=\"\u041f\u0440\u0438\u0431\u043b. \u0447\u0430\u0441 \u0447\u0438\u0442\u0430\u043d\u043d\u044f\" \/>\n\t<meta name=\"twitter:data2\" content=\"9 \u0445\u0432\u0438\u043b\u0438\u043d\" \/>\n<script type=\"application\/ld+json\" class=\"yoast-schema-graph\">{\"@context\":\"https:\/\/schema.org\",\"@graph\":[{\"@type\":\"Article\",\"@id\":\"https:\/\/denizcankizil.tr\/de\/koseyazilari\/degerlendirme\/iscilik-alacaklarinda-tanik-delili-uygulama-ve-degerlendirme\/#article\",\"isPartOf\":{\"@id\":\"https:\/\/denizcankizil.tr\/de\/koseyazilari\/degerlendirme\/iscilik-alacaklarinda-tanik-delili-uygulama-ve-degerlendirme\/\"},\"author\":{\"name\":\"Av. Deniz Can K\u0131z\u0131l\",\"@id\":\"https:\/\/denizcankizil.tr\/de\/#\/schema\/person\/5dc1b22991bd7ac833867c10afc9b0ff\"},\"headline\":\"\u0130\u015f\u00e7ilik Alacaklar\u0131nda Tan\u0131k Delili: Uygulama ve De\u011ferlendirme\",\"datePublished\":\"2024-12-06T11:55:49+00:00\",\"mainEntityOfPage\":{\"@id\":\"https:\/\/denizcankizil.tr\/de\/koseyazilari\/degerlendirme\/iscilik-alacaklarinda-tanik-delili-uygulama-ve-degerlendirme\/\"},\"wordCount\":1830,\"commentCount\":0,\"publisher\":{\"@id\":\"https:\/\/denizcankizil.tr\/de\/#organization\"},\"image\":{\"@id\":\"https:\/\/denizcankizil.tr\/de\/koseyazilari\/degerlendirme\/iscilik-alacaklarinda-tanik-delili-uygulama-ve-degerlendirme\/#primaryimage\"},\"thumbnailUrl\":\"https:\/\/denizcankizil.tr\/wp-content\/uploads\/2024\/12\/19514-iscilik-alacaklarinda-tanik-delili-uygulama-ve-degerlendirme.jpg\",\"articleSection\":[\"De\u011ferlendirme\"],\"inLanguage\":\"uk\",\"potentialAction\":[{\"@type\":\"CommentAction\",\"name\":\"Comment\",\"target\":[\"https:\/\/denizcankizil.tr\/de\/koseyazilari\/degerlendirme\/iscilik-alacaklarinda-tanik-delili-uygulama-ve-degerlendirme\/#respond\"]}]},{\"@type\":\"WebPage\",\"@id\":\"https:\/\/denizcankizil.tr\/de\/koseyazilari\/degerlendirme\/iscilik-alacaklarinda-tanik-delili-uygulama-ve-degerlendirme\/\",\"url\":\"https:\/\/denizcankizil.tr\/de\/koseyazilari\/degerlendirme\/iscilik-alacaklarinda-tanik-delili-uygulama-ve-degerlendirme\/\",\"name\":\"\u0130\u015f\u00e7ilik Alacaklar\u0131nda Tan\u0131k Delili: Uygulama ve De\u011ferlendirme - Av. Deniz Can K\u0131z\u0131l\",\"isPartOf\":{\"@id\":\"https:\/\/denizcankizil.tr\/de\/#website\"},\"primaryImageOfPage\":{\"@id\":\"https:\/\/denizcankizil.tr\/de\/koseyazilari\/degerlendirme\/iscilik-alacaklarinda-tanik-delili-uygulama-ve-degerlendirme\/#primaryimage\"},\"image\":{\"@id\":\"https:\/\/denizcankizil.tr\/de\/koseyazilari\/degerlendirme\/iscilik-alacaklarinda-tanik-delili-uygulama-ve-degerlendirme\/#primaryimage\"},\"thumbnailUrl\":\"https:\/\/denizcankizil.tr\/wp-content\/uploads\/2024\/12\/19514-iscilik-alacaklarinda-tanik-delili-uygulama-ve-degerlendirme.jpg\",\"datePublished\":\"2024-12-06T11:55:49+00:00\",\"breadcrumb\":{\"@id\":\"https:\/\/denizcankizil.tr\/de\/koseyazilari\/degerlendirme\/iscilik-alacaklarinda-tanik-delili-uygulama-ve-degerlendirme\/#breadcrumb\"},\"inLanguage\":\"uk\",\"potentialAction\":[{\"@type\":\"ReadAction\",\"target\":[\"https:\/\/denizcankizil.tr\/de\/koseyazilari\/degerlendirme\/iscilik-alacaklarinda-tanik-delili-uygulama-ve-degerlendirme\/\"]}]},{\"@type\":\"ImageObject\",\"inLanguage\":\"uk\",\"@id\":\"https:\/\/denizcankizil.tr\/de\/koseyazilari\/degerlendirme\/iscilik-alacaklarinda-tanik-delili-uygulama-ve-degerlendirme\/#primaryimage\",\"url\":\"https:\/\/denizcankizil.tr\/wp-content\/uploads\/2024\/12\/19514-iscilik-alacaklarinda-tanik-delili-uygulama-ve-degerlendirme.jpg\",\"contentUrl\":\"https:\/\/denizcankizil.tr\/wp-content\/uploads\/2024\/12\/19514-iscilik-alacaklarinda-tanik-delili-uygulama-ve-degerlendirme.jpg\",\"width\":800,\"height\":800,\"caption\":\"\u0130\u015f\u00e7ilik Alacaklar\u0131nda Tan\u0131k Delili: Uygulama ve De\u011ferlendirme\"},{\"@type\":\"BreadcrumbList\",\"@id\":\"https:\/\/denizcankizil.tr\/de\/koseyazilari\/degerlendirme\/iscilik-alacaklarinda-tanik-delili-uygulama-ve-degerlendirme\/#breadcrumb\",\"itemListElement\":[{\"@type\":\"ListItem\",\"position\":1,\"name\":\"Home\",\"item\":\"https:\/\/denizcankizil.tr\/de\/\"},{\"@type\":\"ListItem\",\"position\":2,\"name\":\"\u0130\u015f\u00e7ilik Alacaklar\u0131nda Tan\u0131k Delili: Uygulama ve De\u011ferlendirme\"}]},{\"@type\":\"WebSite\",\"@id\":\"https:\/\/denizcankizil.tr\/de\/#website\",\"url\":\"https:\/\/denizcankizil.tr\/de\/\",\"name\":\"Av. Deniz Can K\u0131z\u0131l\",\"description\":\"Avukat Deniz Can K\u0131z\u0131l Antalya Barosu\",\"publisher\":{\"@id\":\"https:\/\/denizcankizil.tr\/de\/#organization\"},\"potentialAction\":[{\"@type\":\"SearchAction\",\"target\":{\"@type\":\"EntryPoint\",\"urlTemplate\":\"https:\/\/denizcankizil.tr\/de\/?s={search_term_string}\"},\"query-input\":{\"@type\":\"PropertyValueSpecification\",\"valueRequired\":true,\"valueName\":\"search_term_string\"}}],\"inLanguage\":\"uk\"},{\"@type\":\"Organization\",\"@id\":\"https:\/\/denizcankizil.tr\/de\/#organization\",\"name\":\"Av. Deniz Can K\u0131z\u0131l\",\"url\":\"https:\/\/denizcankizil.tr\/de\/\",\"logo\":{\"@type\":\"ImageObject\",\"inLanguage\":\"uk\",\"@id\":\"https:\/\/denizcankizil.tr\/de\/#\/schema\/logo\/image\/\",\"url\":\"https:\/\/denizcankizil.tr\/wp-content\/uploads\/2024\/10\/siyah-logo-svg.svg\",\"contentUrl\":\"https:\/\/denizcankizil.tr\/wp-content\/uploads\/2024\/10\/siyah-logo-svg.svg\",\"width\":1080,\"height\":1080,\"caption\":\"Av. Deniz Can K\u0131z\u0131l\"},\"image\":{\"@id\":\"https:\/\/denizcankizil.tr\/de\/#\/schema\/logo\/image\/\"}},{\"@type\":\"Person\",\"@id\":\"https:\/\/denizcankizil.tr\/de\/#\/schema\/person\/5dc1b22991bd7ac833867c10afc9b0ff\",\"name\":\"Av. Deniz Can K\u0131z\u0131l\",\"image\":{\"@type\":\"ImageObject\",\"inLanguage\":\"uk\",\"@id\":\"https:\/\/denizcankizil.tr\/de\/#\/schema\/person\/image\/\",\"url\":\"https:\/\/secure.gravatar.com\/avatar\/a0b128fb9855c79efc976d5640eedb31dc35ec297594d6016d2cf7c60e975bb6?s=96&d=mm&r=g\",\"contentUrl\":\"https:\/\/secure.gravatar.com\/avatar\/a0b128fb9855c79efc976d5640eedb31dc35ec297594d6016d2cf7c60e975bb6?s=96&d=mm&r=g\",\"caption\":\"Av. Deniz Can K\u0131z\u0131l\"},\"sameAs\":[\"http:\/\/www.denizcankizil.tr\"],\"url\":\"https:\/\/denizcankizil.tr\/uk\/author\/denizcankizil\/\"}]}<\/script>\n<!-- \/ Yoast SEO Premium plugin. -->","yoast_head_json":{"title":"\u0130\u015f\u00e7ilik Alacaklar\u0131nda Tan\u0131k Delili: Uygulama ve De\u011ferlendirme - Av. Deniz Can K\u0131z\u0131l","robots":{"index":"index","follow":"follow","max-snippet":"max-snippet:-1","max-image-preview":"max-image-preview:large","max-video-preview":"max-video-preview:-1"},"canonical":"https:\/\/denizcankizil.tr\/uk\/koseyazilari\/degerlendirme\/iscilik-alacaklarinda-tanik-delili-uygulama-ve-degerlendirme\/","og_locale":"uk_UA","og_type":"article","og_title":"\u0130\u015f\u00e7ilik Alacaklar\u0131nda Tan\u0131k Delili: Uygulama ve De\u011ferlendirme","og_description":"\u0130\u015f\u00e7ilik alacaklar\u0131 davalar\u0131nda tan\u0131k delili, i\u015f\u00e7i-i\u015fveren ili\u015fkilerinin somut ko\u015fullar\u0131n\u0131 ayd\u0131nlatmada \u00f6nemli bir rol oynamaktad\u0131r. Tan\u0131k ifadeleri, i\u015f\u00e7inin haklar\u0131n\u0131n tespiti ve korunmas\u0131nda kritik bir unsur olarak de\u011ferlendirilmektedir.","og_url":"https:\/\/denizcankizil.tr\/uk\/koseyazilari\/degerlendirme\/iscilik-alacaklarinda-tanik-delili-uygulama-ve-degerlendirme\/","og_site_name":"Av. Deniz Can K\u0131z\u0131l","article_published_time":"2024-12-06T11:55:49+00:00","og_image":[{"width":800,"height":800,"url":"https:\/\/denizcankizil.tr\/wp-content\/uploads\/2024\/12\/19514-iscilik-alacaklarinda-tanik-delili-uygulama-ve-degerlendirme.jpg","type":"image\/jpeg"}],"author":"Av. Deniz Can K\u0131z\u0131l","twitter_card":"summary_large_image","twitter_misc":{"\u041d\u0430\u043f\u0438\u0441\u0430\u043d\u043e":"Av. Deniz Can K\u0131z\u0131l","\u041f\u0440\u0438\u0431\u043b. \u0447\u0430\u0441 \u0447\u0438\u0442\u0430\u043d\u043d\u044f":"9 \u0445\u0432\u0438\u043b\u0438\u043d"},"schema":{"@context":"https:\/\/schema.org","@graph":[{"@type":"Article","@id":"https:\/\/denizcankizil.tr\/de\/koseyazilari\/degerlendirme\/iscilik-alacaklarinda-tanik-delili-uygulama-ve-degerlendirme\/#article","isPartOf":{"@id":"https:\/\/denizcankizil.tr\/de\/koseyazilari\/degerlendirme\/iscilik-alacaklarinda-tanik-delili-uygulama-ve-degerlendirme\/"},"author":{"name":"Av. Deniz Can K\u0131z\u0131l","@id":"https:\/\/denizcankizil.tr\/de\/#\/schema\/person\/5dc1b22991bd7ac833867c10afc9b0ff"},"headline":"\u0130\u015f\u00e7ilik Alacaklar\u0131nda Tan\u0131k Delili: Uygulama ve De\u011ferlendirme","datePublished":"2024-12-06T11:55:49+00:00","mainEntityOfPage":{"@id":"https:\/\/denizcankizil.tr\/de\/koseyazilari\/degerlendirme\/iscilik-alacaklarinda-tanik-delili-uygulama-ve-degerlendirme\/"},"wordCount":1830,"commentCount":0,"publisher":{"@id":"https:\/\/denizcankizil.tr\/de\/#organization"},"image":{"@id":"https:\/\/denizcankizil.tr\/de\/koseyazilari\/degerlendirme\/iscilik-alacaklarinda-tanik-delili-uygulama-ve-degerlendirme\/#primaryimage"},"thumbnailUrl":"https:\/\/denizcankizil.tr\/wp-content\/uploads\/2024\/12\/19514-iscilik-alacaklarinda-tanik-delili-uygulama-ve-degerlendirme.jpg","articleSection":["De\u011ferlendirme"],"inLanguage":"uk","potentialAction":[{"@type":"CommentAction","name":"Comment","target":["https:\/\/denizcankizil.tr\/de\/koseyazilari\/degerlendirme\/iscilik-alacaklarinda-tanik-delili-uygulama-ve-degerlendirme\/#respond"]}]},{"@type":"WebPage","@id":"https:\/\/denizcankizil.tr\/de\/koseyazilari\/degerlendirme\/iscilik-alacaklarinda-tanik-delili-uygulama-ve-degerlendirme\/","url":"https:\/\/denizcankizil.tr\/de\/koseyazilari\/degerlendirme\/iscilik-alacaklarinda-tanik-delili-uygulama-ve-degerlendirme\/","name":"\u0130\u015f\u00e7ilik Alacaklar\u0131nda Tan\u0131k Delili: Uygulama ve De\u011ferlendirme - Av. Deniz Can K\u0131z\u0131l","isPartOf":{"@id":"https:\/\/denizcankizil.tr\/de\/#website"},"primaryImageOfPage":{"@id":"https:\/\/denizcankizil.tr\/de\/koseyazilari\/degerlendirme\/iscilik-alacaklarinda-tanik-delili-uygulama-ve-degerlendirme\/#primaryimage"},"image":{"@id":"https:\/\/denizcankizil.tr\/de\/koseyazilari\/degerlendirme\/iscilik-alacaklarinda-tanik-delili-uygulama-ve-degerlendirme\/#primaryimage"},"thumbnailUrl":"https:\/\/denizcankizil.tr\/wp-content\/uploads\/2024\/12\/19514-iscilik-alacaklarinda-tanik-delili-uygulama-ve-degerlendirme.jpg","datePublished":"2024-12-06T11:55:49+00:00","breadcrumb":{"@id":"https:\/\/denizcankizil.tr\/de\/koseyazilari\/degerlendirme\/iscilik-alacaklarinda-tanik-delili-uygulama-ve-degerlendirme\/#breadcrumb"},"inLanguage":"uk","potentialAction":[{"@type":"ReadAction","target":["https:\/\/denizcankizil.tr\/de\/koseyazilari\/degerlendirme\/iscilik-alacaklarinda-tanik-delili-uygulama-ve-degerlendirme\/"]}]},{"@type":"ImageObject","inLanguage":"uk","@id":"https:\/\/denizcankizil.tr\/de\/koseyazilari\/degerlendirme\/iscilik-alacaklarinda-tanik-delili-uygulama-ve-degerlendirme\/#primaryimage","url":"https:\/\/denizcankizil.tr\/wp-content\/uploads\/2024\/12\/19514-iscilik-alacaklarinda-tanik-delili-uygulama-ve-degerlendirme.jpg","contentUrl":"https:\/\/denizcankizil.tr\/wp-content\/uploads\/2024\/12\/19514-iscilik-alacaklarinda-tanik-delili-uygulama-ve-degerlendirme.jpg","width":800,"height":800,"caption":"\u0130\u015f\u00e7ilik Alacaklar\u0131nda Tan\u0131k Delili: Uygulama ve De\u011ferlendirme"},{"@type":"BreadcrumbList","@id":"https:\/\/denizcankizil.tr\/de\/koseyazilari\/degerlendirme\/iscilik-alacaklarinda-tanik-delili-uygulama-ve-degerlendirme\/#breadcrumb","itemListElement":[{"@type":"ListItem","position":1,"name":"Home","item":"https:\/\/denizcankizil.tr\/de\/"},{"@type":"ListItem","position":2,"name":"\u0130\u015f\u00e7ilik Alacaklar\u0131nda Tan\u0131k Delili: Uygulama ve De\u011ferlendirme"}]},{"@type":"WebSite","@id":"https:\/\/denizcankizil.tr\/de\/#website","url":"https:\/\/denizcankizil.tr\/de\/","name":"Av. Deniz Can K\u0131z\u0131l","description":"Avukat Deniz Can K\u0131z\u0131l Antalya Barosu","publisher":{"@id":"https:\/\/denizcankizil.tr\/de\/#organization"},"potentialAction":[{"@type":"SearchAction","target":{"@type":"EntryPoint","urlTemplate":"https:\/\/denizcankizil.tr\/de\/?s={search_term_string}"},"query-input":{"@type":"PropertyValueSpecification","valueRequired":true,"valueName":"search_term_string"}}],"inLanguage":"uk"},{"@type":"Organization","@id":"https:\/\/denizcankizil.tr\/de\/#organization","name":"Av. Deniz Can K\u0131z\u0131l","url":"https:\/\/denizcankizil.tr\/de\/","logo":{"@type":"ImageObject","inLanguage":"uk","@id":"https:\/\/denizcankizil.tr\/de\/#\/schema\/logo\/image\/","url":"https:\/\/denizcankizil.tr\/wp-content\/uploads\/2024\/10\/siyah-logo-svg.svg","contentUrl":"https:\/\/denizcankizil.tr\/wp-content\/uploads\/2024\/10\/siyah-logo-svg.svg","width":1080,"height":1080,"caption":"Av. Deniz Can K\u0131z\u0131l"},"image":{"@id":"https:\/\/denizcankizil.tr\/de\/#\/schema\/logo\/image\/"}},{"@type":"Person","@id":"https:\/\/denizcankizil.tr\/de\/#\/schema\/person\/5dc1b22991bd7ac833867c10afc9b0ff","name":"Av. Deniz Can K\u0131z\u0131l","image":{"@type":"ImageObject","inLanguage":"uk","@id":"https:\/\/denizcankizil.tr\/de\/#\/schema\/person\/image\/","url":"https:\/\/secure.gravatar.com\/avatar\/a0b128fb9855c79efc976d5640eedb31dc35ec297594d6016d2cf7c60e975bb6?s=96&d=mm&r=g","contentUrl":"https:\/\/secure.gravatar.com\/avatar\/a0b128fb9855c79efc976d5640eedb31dc35ec297594d6016d2cf7c60e975bb6?s=96&d=mm&r=g","caption":"Av. Deniz Can K\u0131z\u0131l"},"sameAs":["http:\/\/www.denizcankizil.tr"],"url":"https:\/\/denizcankizil.tr\/uk\/author\/denizcankizil\/"}]}},"_links":{"self":[{"href":"https:\/\/denizcankizil.tr\/uk\/wp-json\/wp\/v2\/posts\/19514","targetHints":{"allow":["GET"]}}],"collection":[{"href":"https:\/\/denizcankizil.tr\/uk\/wp-json\/wp\/v2\/posts"}],"about":[{"href":"https:\/\/denizcankizil.tr\/uk\/wp-json\/wp\/v2\/types\/post"}],"author":[{"embeddable":true,"href":"https:\/\/denizcankizil.tr\/uk\/wp-json\/wp\/v2\/users\/4"}],"replies":[{"embeddable":true,"href":"https:\/\/denizcankizil.tr\/uk\/wp-json\/wp\/v2\/comments?post=19514"}],"version-history":[{"count":0,"href":"https:\/\/denizcankizil.tr\/uk\/wp-json\/wp\/v2\/posts\/19514\/revisions"}],"wp:featuredmedia":[{"embeddable":true,"href":"https:\/\/denizcankizil.tr\/uk\/wp-json\/wp\/v2\/media\/19515"}],"wp:attachment":[{"href":"https:\/\/denizcankizil.tr\/uk\/wp-json\/wp\/v2\/media?parent=19514"}],"wp:term":[{"taxonomy":"category","embeddable":true,"href":"https:\/\/denizcankizil.tr\/uk\/wp-json\/wp\/v2\/categories?post=19514"},{"taxonomy":"post_tag","embeddable":true,"href":"https:\/\/denizcankizil.tr\/uk\/wp-json\/wp\/v2\/tags?post=19514"}],"curies":[{"name":"wp","href":"https:\/\/api.w.org\/{rel}","templated":true}]}}