{"id":19369,"date":"2024-12-05T18:41:26","date_gmt":"2024-12-05T15:41:26","guid":{"rendered":"https:\/\/denizcankizil.tr\/uncategorized-tr\/buyuksehirden-kulaya-yatirim-ziyareti\/"},"modified":"2024-12-05T18:41:26","modified_gmt":"2024-12-05T15:41:26","slug":"buyuksehirden-kulaya-yatirim-ziyareti","status":"publish","type":"post","link":"https:\/\/denizcankizil.tr\/uk\/haberler\/gundem\/buyuksehirden-kulaya-yatirim-ziyareti\/","title":{"rendered":"B\u00fcy\u00fck\u015fehir\u2019den Kula\u2019ya Yat\u0131r\u0131m Ziyareti"},"content":{"rendered":"<p>Manisa B\u00fcy\u00fck\u015fehir Belediyesi Genel Sekreter Burak Deste, Kula il\u00e7esinde yat\u0131r\u0131m ve proje sahalar\u0131n\u0131 inceledi. Jeopark Ziyaret\u00e7i Merkezi, Jeotermal Teknolojik Sera ve restorasyonu s\u00fcren Bekirbeyler Evi gibi projelerde s\u00fcrd\u00fcr\u00fclebilirlik konular\u0131 ele al\u0131n\u0131rken, yeni yat\u0131r\u0131mlar i\u00e7in de\u011ferlendirmeler yap\u0131ld\u0131.<\/p>\n<p>\u200bManisa B\u00fcy\u00fck\u015fehir Belediyesi Genel Sekreter Burak Deste, Kula il\u00e7esinde yat\u0131r\u0131m ve proje sahalar\u0131n\u0131 inceledi. Jeopark Ziyaret\u00e7i Merkezi, Jeotermal Teknolojik Sera ve restorasyonu s\u00fcren Bekirbeyler Evi gibi projelerde s\u00fcrd\u00fcr\u00fclebilirlik konular\u0131 ele al\u0131n\u0131rken, yeni yat\u0131r\u0131mlar i\u00e7in de\u011ferlendirmeler yap\u0131ld\u0131.\u00a0<\/p>\n<p>\u200bHaberin Al\u0131nt\u0131land\u0131\u011f\u0131 Kaynak: www.iskenderun.org<\/p>","protected":false},"excerpt":{"rendered":"<p>Manisa B\u00fcy\u00fck\u015fehir Belediyesi Genel Sekreter Burak Deste, Kula il\u00e7esinde yat\u0131r\u0131m ve proje sahalar\u0131n\u0131 inceledi. Jeopark Ziyaret\u00e7i Merkezi, Jeotermal Teknolojik Sera ve restorasyonu s\u00fcren Bekirbeyler Evi gibi projelerde s\u00fcrd\u00fcr\u00fclebilirlik konular\u0131 ele al\u0131n\u0131rken, yeni yat\u0131r\u0131mlar i\u00e7in de\u011ferlendirmeler yap\u0131ld\u0131. \u200bManisa B\u00fcy\u00fck\u015fehir Belediyesi Genel Sekreter Burak Deste, Kula il\u00e7esinde yat\u0131r\u0131m ve proje sahalar\u0131n\u0131 inceledi. Jeopark Ziyaret\u00e7i Merkezi, Jeotermal Teknolojik Sera ve restorasyonu s\u00fcren Bekirbeyler Evi gibi projelerde s\u00fcrd\u00fcr\u00fclebilirlik konular\u0131 ele al\u0131n\u0131rken, yeni yat\u0131r\u0131mlar i\u00e7in de\u011ferlendirmeler yap\u0131ld\u0131.\u00a0 \u200bHaberin Al\u0131nt\u0131land\u0131\u011f\u0131 Kaynak: www.iskenderun.org<\/p>","protected":false},"author":0,"featured_media":0,"comment_status":"open","ping_status":"open","sticky":false,"template":"","format":"standard","meta":{"_acf_changed":false,"footnotes":""},"categories":[24,535],"tags":[],"class_list":["post-19369","post","type-post","status-publish","format-standard","has-post-thumbnail","hentry","category-gundem","category-uncategorized-tr"],"acf":[],"yoast_head":"<!-- This site is optimized with the Yoast SEO Premium plugin v26.6 (Yoast SEO v27.1.1) - https:\/\/yoast.com\/product\/yoast-seo-premium-wordpress\/ -->\n<title>B\u00fcy\u00fck\u015fehir\u2019den Kula\u2019ya Yat\u0131r\u0131m Ziyareti - Av. Deniz Can K\u0131z\u0131l<\/title>\n<meta name=\"robots\" content=\"index, follow, max-snippet:-1, max-image-preview:large, max-video-preview:-1\" \/>\n<link rel=\"canonical\" href=\"https:\/\/denizcankizil.tr\/uk\/haberler\/gundem\/buyuksehirden-kulaya-yatirim-ziyareti\/\" \/>\n<meta property=\"og:locale\" content=\"uk_UA\" \/>\n<meta property=\"og:type\" content=\"article\" \/>\n<meta property=\"og:title\" content=\"B\u00fcy\u00fck\u015fehir\u2019den Kula\u2019ya Yat\u0131r\u0131m Ziyareti\" \/>\n<meta property=\"og:description\" content=\"Manisa B\u00fcy\u00fck\u015fehir Belediyesi Genel Sekreter Burak Deste, Kula il\u00e7esinde yat\u0131r\u0131m ve proje sahalar\u0131n\u0131 inceledi. Jeopark Ziyaret\u00e7i Merkezi, Jeotermal Teknolojik Sera ve restorasyonu s\u00fcren Bekirbeyler Evi gibi projelerde s\u00fcrd\u00fcr\u00fclebilirlik konular\u0131 ele al\u0131n\u0131rken, yeni yat\u0131r\u0131mlar i\u00e7in de\u011ferlendirmeler yap\u0131ld\u0131. \u200bManisa B\u00fcy\u00fck\u015fehir Belediyesi Genel Sekreter Burak Deste, Kula il\u00e7esinde yat\u0131r\u0131m ve proje sahalar\u0131n\u0131 inceledi. Jeopark Ziyaret\u00e7i Merkezi, Jeotermal Teknolojik Sera ve restorasyonu s\u00fcren Bekirbeyler Evi gibi projelerde s\u00fcrd\u00fcr\u00fclebilirlik konular\u0131 ele al\u0131n\u0131rken, yeni yat\u0131r\u0131mlar i\u00e7in de\u011ferlendirmeler yap\u0131ld\u0131.\u00a0 \u200bHaberin Al\u0131nt\u0131land\u0131\u011f\u0131 Kaynak: www.iskenderun.org\" \/>\n<meta property=\"og:url\" content=\"https:\/\/denizcankizil.tr\/uk\/haberler\/gundem\/buyuksehirden-kulaya-yatirim-ziyareti\/\" \/>\n<meta property=\"og:site_name\" content=\"Av. Deniz Can K\u0131z\u0131l\" \/>\n<meta property=\"article:published_time\" content=\"2024-12-05T15:41:26+00:00\" \/>\n<meta name=\"twitter:card\" content=\"summary_large_image\" \/>\n<meta name=\"twitter:label1\" content=\"\u041f\u0440\u0438\u0431\u043b. \u0447\u0430\u0441 \u0447\u0438\u0442\u0430\u043d\u043d\u044f\" \/>\n\t<meta name=\"twitter:data1\" content=\"1 \u0445\u0432\u0438\u043b\u0438\u043d\u0430\" \/>\n<script type=\"application\/ld+json\" class=\"yoast-schema-graph\">{\"@context\":\"https:\/\/schema.org\",\"@graph\":[{\"@type\":\"Article\",\"@id\":\"https:\/\/denizcankizil.tr\/uk\/haberler\/gundem\/buyuksehirden-kulaya-yatirim-ziyareti\/#article\",\"isPartOf\":{\"@id\":\"https:\/\/denizcankizil.tr\/uk\/haberler\/gundem\/buyuksehirden-kulaya-yatirim-ziyareti\/\"},\"author\":{\"name\":\"\",\"@id\":\"\"},\"headline\":\"B\u00fcy\u00fck\u015fehir\u2019den Kula\u2019ya Yat\u0131r\u0131m Ziyareti\",\"datePublished\":\"2024-12-05T15:41:26+00:00\",\"mainEntityOfPage\":{\"@id\":\"https:\/\/denizcankizil.tr\/uk\/haberler\/gundem\/buyuksehirden-kulaya-yatirim-ziyareti\/\"},\"wordCount\":129,\"commentCount\":0,\"publisher\":{\"@id\":\"https:\/\/denizcankizil.tr\/de\/#organization\"},\"articleSection\":[\"G\u00fcndem\",\"Uncategorized\"],\"inLanguage\":\"uk\",\"potentialAction\":[{\"@type\":\"CommentAction\",\"name\":\"Comment\",\"target\":[\"https:\/\/denizcankizil.tr\/uk\/haberler\/gundem\/buyuksehirden-kulaya-yatirim-ziyareti\/#respond\"]}]},{\"@type\":\"WebPage\",\"@id\":\"https:\/\/denizcankizil.tr\/uk\/haberler\/gundem\/buyuksehirden-kulaya-yatirim-ziyareti\/\",\"url\":\"https:\/\/denizcankizil.tr\/uk\/haberler\/gundem\/buyuksehirden-kulaya-yatirim-ziyareti\/\",\"name\":\"B\u00fcy\u00fck\u015fehir\u2019den Kula\u2019ya Yat\u0131r\u0131m Ziyareti - Av. Deniz Can K\u0131z\u0131l\",\"isPartOf\":{\"@id\":\"https:\/\/denizcankizil.tr\/de\/#website\"},\"datePublished\":\"2024-12-05T15:41:26+00:00\",\"breadcrumb\":{\"@id\":\"https:\/\/denizcankizil.tr\/uk\/haberler\/gundem\/buyuksehirden-kulaya-yatirim-ziyareti\/#breadcrumb\"},\"inLanguage\":\"uk\",\"potentialAction\":[{\"@type\":\"ReadAction\",\"target\":[\"https:\/\/denizcankizil.tr\/uk\/haberler\/gundem\/buyuksehirden-kulaya-yatirim-ziyareti\/\"]}]},{\"@type\":\"BreadcrumbList\",\"@id\":\"https:\/\/denizcankizil.tr\/uk\/haberler\/gundem\/buyuksehirden-kulaya-yatirim-ziyareti\/#breadcrumb\",\"itemListElement\":[{\"@type\":\"ListItem\",\"position\":1,\"name\":\"Home\",\"item\":\"https:\/\/denizcankizil.tr\/de\/\"},{\"@type\":\"ListItem\",\"position\":2,\"name\":\"B\u00fcy\u00fck\u015fehir\u2019den Kula\u2019ya Yat\u0131r\u0131m Ziyareti\"}]},{\"@type\":\"WebSite\",\"@id\":\"https:\/\/denizcankizil.tr\/de\/#website\",\"url\":\"https:\/\/denizcankizil.tr\/de\/\",\"name\":\"Av. Deniz Can K\u0131z\u0131l\",\"description\":\"Avukat Deniz Can K\u0131z\u0131l Antalya Barosu\",\"publisher\":{\"@id\":\"https:\/\/denizcankizil.tr\/de\/#organization\"},\"potentialAction\":[{\"@type\":\"SearchAction\",\"target\":{\"@type\":\"EntryPoint\",\"urlTemplate\":\"https:\/\/denizcankizil.tr\/de\/?s={search_term_string}\"},\"query-input\":{\"@type\":\"PropertyValueSpecification\",\"valueRequired\":true,\"valueName\":\"search_term_string\"}}],\"inLanguage\":\"uk\"},{\"@type\":\"Organization\",\"@id\":\"https:\/\/denizcankizil.tr\/de\/#organization\",\"name\":\"Av. Deniz Can K\u0131z\u0131l\",\"url\":\"https:\/\/denizcankizil.tr\/de\/\",\"logo\":{\"@type\":\"ImageObject\",\"inLanguage\":\"uk\",\"@id\":\"https:\/\/denizcankizil.tr\/de\/#\/schema\/logo\/image\/\",\"url\":\"https:\/\/denizcankizil.tr\/wp-content\/uploads\/2024\/10\/siyah-logo-svg.svg\",\"contentUrl\":\"https:\/\/denizcankizil.tr\/wp-content\/uploads\/2024\/10\/siyah-logo-svg.svg\",\"width\":1080,\"height\":1080,\"caption\":\"Av. Deniz Can K\u0131z\u0131l\"},\"image\":{\"@id\":\"https:\/\/denizcankizil.tr\/de\/#\/schema\/logo\/image\/\"}}]}<\/script>\n<!-- \/ Yoast SEO Premium plugin. -->","yoast_head_json":{"title":"B\u00fcy\u00fck\u015fehir\u2019den Kula\u2019ya Yat\u0131r\u0131m Ziyareti - Av. Deniz Can K\u0131z\u0131l","robots":{"index":"index","follow":"follow","max-snippet":"max-snippet:-1","max-image-preview":"max-image-preview:large","max-video-preview":"max-video-preview:-1"},"canonical":"https:\/\/denizcankizil.tr\/uk\/haberler\/gundem\/buyuksehirden-kulaya-yatirim-ziyareti\/","og_locale":"uk_UA","og_type":"article","og_title":"B\u00fcy\u00fck\u015fehir\u2019den Kula\u2019ya Yat\u0131r\u0131m Ziyareti","og_description":"Manisa B\u00fcy\u00fck\u015fehir Belediyesi Genel Sekreter Burak Deste, Kula il\u00e7esinde yat\u0131r\u0131m ve proje sahalar\u0131n\u0131 inceledi. Jeopark Ziyaret\u00e7i Merkezi, Jeotermal Teknolojik Sera ve restorasyonu s\u00fcren Bekirbeyler Evi gibi projelerde s\u00fcrd\u00fcr\u00fclebilirlik konular\u0131 ele al\u0131n\u0131rken, yeni yat\u0131r\u0131mlar i\u00e7in de\u011ferlendirmeler yap\u0131ld\u0131. \u200bManisa B\u00fcy\u00fck\u015fehir Belediyesi Genel Sekreter Burak Deste, Kula il\u00e7esinde yat\u0131r\u0131m ve proje sahalar\u0131n\u0131 inceledi. Jeopark Ziyaret\u00e7i Merkezi, Jeotermal Teknolojik Sera ve restorasyonu s\u00fcren Bekirbeyler Evi gibi projelerde s\u00fcrd\u00fcr\u00fclebilirlik konular\u0131 ele al\u0131n\u0131rken, yeni yat\u0131r\u0131mlar i\u00e7in de\u011ferlendirmeler yap\u0131ld\u0131.\u00a0 \u200bHaberin Al\u0131nt\u0131land\u0131\u011f\u0131 Kaynak: www.iskenderun.org","og_url":"https:\/\/denizcankizil.tr\/uk\/haberler\/gundem\/buyuksehirden-kulaya-yatirim-ziyareti\/","og_site_name":"Av. Deniz Can K\u0131z\u0131l","article_published_time":"2024-12-05T15:41:26+00:00","twitter_card":"summary_large_image","twitter_misc":{"\u041f\u0440\u0438\u0431\u043b. \u0447\u0430\u0441 \u0447\u0438\u0442\u0430\u043d\u043d\u044f":"1 \u0445\u0432\u0438\u043b\u0438\u043d\u0430"},"schema":{"@context":"https:\/\/schema.org","@graph":[{"@type":"Article","@id":"https:\/\/denizcankizil.tr\/uk\/haberler\/gundem\/buyuksehirden-kulaya-yatirim-ziyareti\/#article","isPartOf":{"@id":"https:\/\/denizcankizil.tr\/uk\/haberler\/gundem\/buyuksehirden-kulaya-yatirim-ziyareti\/"},"author":{"name":"","@id":""},"headline":"B\u00fcy\u00fck\u015fehir\u2019den Kula\u2019ya Yat\u0131r\u0131m Ziyareti","datePublished":"2024-12-05T15:41:26+00:00","mainEntityOfPage":{"@id":"https:\/\/denizcankizil.tr\/uk\/haberler\/gundem\/buyuksehirden-kulaya-yatirim-ziyareti\/"},"wordCount":129,"commentCount":0,"publisher":{"@id":"https:\/\/denizcankizil.tr\/de\/#organization"},"articleSection":["G\u00fcndem","Uncategorized"],"inLanguage":"uk","potentialAction":[{"@type":"CommentAction","name":"Comment","target":["https:\/\/denizcankizil.tr\/uk\/haberler\/gundem\/buyuksehirden-kulaya-yatirim-ziyareti\/#respond"]}]},{"@type":"WebPage","@id":"https:\/\/denizcankizil.tr\/uk\/haberler\/gundem\/buyuksehirden-kulaya-yatirim-ziyareti\/","url":"https:\/\/denizcankizil.tr\/uk\/haberler\/gundem\/buyuksehirden-kulaya-yatirim-ziyareti\/","name":"B\u00fcy\u00fck\u015fehir\u2019den Kula\u2019ya Yat\u0131r\u0131m Ziyareti - Av. Deniz Can K\u0131z\u0131l","isPartOf":{"@id":"https:\/\/denizcankizil.tr\/de\/#website"},"datePublished":"2024-12-05T15:41:26+00:00","breadcrumb":{"@id":"https:\/\/denizcankizil.tr\/uk\/haberler\/gundem\/buyuksehirden-kulaya-yatirim-ziyareti\/#breadcrumb"},"inLanguage":"uk","potentialAction":[{"@type":"ReadAction","target":["https:\/\/denizcankizil.tr\/uk\/haberler\/gundem\/buyuksehirden-kulaya-yatirim-ziyareti\/"]}]},{"@type":"BreadcrumbList","@id":"https:\/\/denizcankizil.tr\/uk\/haberler\/gundem\/buyuksehirden-kulaya-yatirim-ziyareti\/#breadcrumb","itemListElement":[{"@type":"ListItem","position":1,"name":"Home","item":"https:\/\/denizcankizil.tr\/de\/"},{"@type":"ListItem","position":2,"name":"B\u00fcy\u00fck\u015fehir\u2019den Kula\u2019ya Yat\u0131r\u0131m Ziyareti"}]},{"@type":"WebSite","@id":"https:\/\/denizcankizil.tr\/de\/#website","url":"https:\/\/denizcankizil.tr\/de\/","name":"Av. Deniz Can K\u0131z\u0131l","description":"Avukat Deniz Can K\u0131z\u0131l Antalya Barosu","publisher":{"@id":"https:\/\/denizcankizil.tr\/de\/#organization"},"potentialAction":[{"@type":"SearchAction","target":{"@type":"EntryPoint","urlTemplate":"https:\/\/denizcankizil.tr\/de\/?s={search_term_string}"},"query-input":{"@type":"PropertyValueSpecification","valueRequired":true,"valueName":"search_term_string"}}],"inLanguage":"uk"},{"@type":"Organization","@id":"https:\/\/denizcankizil.tr\/de\/#organization","name":"Av. Deniz Can K\u0131z\u0131l","url":"https:\/\/denizcankizil.tr\/de\/","logo":{"@type":"ImageObject","inLanguage":"uk","@id":"https:\/\/denizcankizil.tr\/de\/#\/schema\/logo\/image\/","url":"https:\/\/denizcankizil.tr\/wp-content\/uploads\/2024\/10\/siyah-logo-svg.svg","contentUrl":"https:\/\/denizcankizil.tr\/wp-content\/uploads\/2024\/10\/siyah-logo-svg.svg","width":1080,"height":1080,"caption":"Av. Deniz Can K\u0131z\u0131l"},"image":{"@id":"https:\/\/denizcankizil.tr\/de\/#\/schema\/logo\/image\/"}}]}},"_links":{"self":[{"href":"https:\/\/denizcankizil.tr\/uk\/wp-json\/wp\/v2\/posts\/19369","targetHints":{"allow":["GET"]}}],"collection":[{"href":"https:\/\/denizcankizil.tr\/uk\/wp-json\/wp\/v2\/posts"}],"about":[{"href":"https:\/\/denizcankizil.tr\/uk\/wp-json\/wp\/v2\/types\/post"}],"replies":[{"embeddable":true,"href":"https:\/\/denizcankizil.tr\/uk\/wp-json\/wp\/v2\/comments?post=19369"}],"version-history":[{"count":0,"href":"https:\/\/denizcankizil.tr\/uk\/wp-json\/wp\/v2\/posts\/19369\/revisions"}],"wp:attachment":[{"href":"https:\/\/denizcankizil.tr\/uk\/wp-json\/wp\/v2\/media?parent=19369"}],"wp:term":[{"taxonomy":"category","embeddable":true,"href":"https:\/\/denizcankizil.tr\/uk\/wp-json\/wp\/v2\/categories?post=19369"},{"taxonomy":"post_tag","embeddable":true,"href":"https:\/\/denizcankizil.tr\/uk\/wp-json\/wp\/v2\/tags?post=19369"}],"curies":[{"name":"wp","href":"https:\/\/api.w.org\/{rel}","templated":true}]}}