{"id":19339,"date":"2024-12-05T15:41:47","date_gmt":"2024-12-05T12:41:47","guid":{"rendered":"https:\/\/denizcankizil.tr\/uncategorized-tr\/engelsiz-turk-musikisi-korosundan-konser\/"},"modified":"2024-12-05T15:41:47","modified_gmt":"2024-12-05T12:41:47","slug":"engelsiz-turk-musikisi-korosundan-konser","status":"publish","type":"post","link":"https:\/\/denizcankizil.tr\/uk\/haberler\/gundem\/engelsiz-turk-musikisi-korosundan-konser\/","title":{"rendered":"Engelsiz T\u00fcrk Musikisi Korosu\u2019ndan konser\u2026"},"content":{"rendered":"<p>Konserin a\u00e7\u0131l\u0131\u015f konu\u015fmas\u0131n\u0131 yapan Sahil K\u0131z Meslek Lisesi M\u00fcd\u00fcr\u00fc Naciye G\u00fcne\u015f, engellilere destek olman\u0131n \u00f6nemine vurgu yaparak, \u201cEngelleri hayat\u0131m\u0131zdan kald\u0131rmak i\u00e7in bireylere ciddi destek vermeliyiz\u201d dedi.<\/p>\n<p>Dernek Ba\u015fkan\u0131 Kamil G\u00f6\u00e7men ise sadece engellerinin a\u015fmalar\u0131na yard\u0131mc\u0131 olunmas\u0131n\u0131 istediklerini ifade ederek ba\u015fka bir beklentilerinin olmad\u0131\u011f\u0131n\u0131 s\u00f6yledi.<\/p>\n<p>Duygusal Anlar ve Co\u015fkulu Performanslar<\/p>\n<p>Etkinlikte, g\u00f6rme engelli bir bireyin okudu\u011fu Anne \u015fiiri, salondaki izleyicilere duygusal anlar ya\u015fatt\u0131. Ard\u0131ndan sahne alan &#8220;Engelsiz T\u00fcrk Musikisi Korosu&#8221;, farkl\u0131 eserleri ba\u015far\u0131yla seslendirerek b\u00fcy\u00fck be\u011feni toplad\u0131.<\/p>\n<p>Konser boyunca salonu co\u015fku ve alk\u0131\u015flar doldurdu. Engelli bireylerin sergiledi\u011fi performanslar, hem \u00f6\u011frencilerden hem de okul idaresinden b\u00fcy\u00fck takdir ald\u0131.<\/p>\n<p>Bu anlaml\u0131 etkinlik, fark\u0131ndal\u0131k g\u00fcn\u00fc kapsam\u0131nda engellerin a\u015f\u0131labilece\u011fini ve m\u00fczi\u011fin birle\u015ftirici g\u00fcc\u00fcn\u00fc bir kez daha g\u00f6zler \u00f6n\u00fcne serdi.<\/p>\n<p>\u200b\u0130skenderun Engelliyim Engel Tan\u0131mam Derne\u011fi \u00fcyeleri, 3 Aral\u0131k D\u00fcnya Engelliler Fark\u0131ndal\u0131k G\u00fcn\u00fc kapsam\u0131nda Sahil K\u0131z Meslek Lisesi&#8217;nde unutulmaz bir konser ger\u00e7ekle\u015ftirdi. Etkinlik, okul idaresi ve \u00f6\u011frencilerin yo\u011fun ilgisiyle kar\u015f\u0131land\u0131.\u00a0<\/p>\n<p>\u200bHaberin Al\u0131nt\u0131land\u0131\u011f\u0131 Kaynak: www.iskenderun.org<\/p>","protected":false},"excerpt":{"rendered":"<p>Konserin a\u00e7\u0131l\u0131\u015f konu\u015fmas\u0131n\u0131 yapan Sahil K\u0131z Meslek Lisesi M\u00fcd\u00fcr\u00fc Naciye G\u00fcne\u015f, engellilere destek olman\u0131n \u00f6nemine vurgu yaparak, \u201cEngelleri hayat\u0131m\u0131zdan kald\u0131rmak i\u00e7in bireylere ciddi destek vermeliyiz\u201d dedi. Dernek Ba\u015fkan\u0131 Kamil G\u00f6\u00e7men ise sadece engellerinin a\u015fmalar\u0131na yard\u0131mc\u0131 olunmas\u0131n\u0131 istediklerini ifade ederek ba\u015fka bir beklentilerinin olmad\u0131\u011f\u0131n\u0131 s\u00f6yledi. Duygusal Anlar ve Co\u015fkulu Performanslar Etkinlikte, g\u00f6rme engelli bir bireyin okudu\u011fu Anne \u015fiiri, salondaki izleyicilere duygusal anlar ya\u015fatt\u0131. Ard\u0131ndan sahne alan &#8220;Engelsiz T\u00fcrk Musikisi Korosu&#8221;, farkl\u0131 eserleri ba\u015far\u0131yla seslendirerek b\u00fcy\u00fck be\u011feni toplad\u0131. Konser boyunca salonu co\u015fku ve alk\u0131\u015flar doldurdu. Engelli bireylerin sergiledi\u011fi performanslar, hem \u00f6\u011frencilerden hem de okul idaresinden b\u00fcy\u00fck takdir ald\u0131. Bu anlaml\u0131 etkinlik, fark\u0131ndal\u0131k g\u00fcn\u00fc kapsam\u0131nda engellerin a\u015f\u0131labilece\u011fini ve m\u00fczi\u011fin birle\u015ftirici g\u00fcc\u00fcn\u00fc bir kez daha g\u00f6zler \u00f6n\u00fcne serdi. \u200b\u0130skenderun Engelliyim Engel Tan\u0131mam Derne\u011fi \u00fcyeleri, 3 Aral\u0131k D\u00fcnya Engelliler Fark\u0131ndal\u0131k G\u00fcn\u00fc kapsam\u0131nda Sahil K\u0131z Meslek Lisesi&#8217;nde unutulmaz bir konser ger\u00e7ekle\u015ftirdi. Etkinlik, okul idaresi ve \u00f6\u011frencilerin yo\u011fun ilgisiyle kar\u015f\u0131land\u0131.\u00a0 \u200bHaberin Al\u0131nt\u0131land\u0131\u011f\u0131 Kaynak: www.iskenderun.org<\/p>","protected":false},"author":0,"featured_media":0,"comment_status":"open","ping_status":"open","sticky":false,"template":"","format":"standard","meta":{"_acf_changed":false,"footnotes":""},"categories":[24,535],"tags":[],"class_list":["post-19339","post","type-post","status-publish","format-standard","has-post-thumbnail","hentry","category-gundem","category-uncategorized-tr"],"acf":[],"yoast_head":"<!-- This site is optimized with the Yoast SEO Premium plugin v26.6 (Yoast SEO v27.1.1) - https:\/\/yoast.com\/product\/yoast-seo-premium-wordpress\/ -->\n<title>Engelsiz T\u00fcrk Musikisi Korosu\u2019ndan konser\u2026 - Av. Deniz Can K\u0131z\u0131l<\/title>\n<meta name=\"robots\" content=\"index, follow, max-snippet:-1, max-image-preview:large, max-video-preview:-1\" \/>\n<link rel=\"canonical\" href=\"https:\/\/denizcankizil.tr\/uk\/haberler\/gundem\/engelsiz-turk-musikisi-korosundan-konser\/\" \/>\n<meta property=\"og:locale\" content=\"uk_UA\" \/>\n<meta property=\"og:type\" content=\"article\" \/>\n<meta property=\"og:title\" content=\"Engelsiz T\u00fcrk Musikisi Korosu\u2019ndan konser\u2026\" \/>\n<meta property=\"og:description\" content=\"Konserin a\u00e7\u0131l\u0131\u015f konu\u015fmas\u0131n\u0131 yapan Sahil K\u0131z Meslek Lisesi M\u00fcd\u00fcr\u00fc Naciye G\u00fcne\u015f, engellilere destek olman\u0131n \u00f6nemine vurgu yaparak, \u201cEngelleri hayat\u0131m\u0131zdan kald\u0131rmak i\u00e7in bireylere ciddi destek vermeliyiz\u201d dedi. Dernek Ba\u015fkan\u0131 Kamil G\u00f6\u00e7men ise sadece engellerinin a\u015fmalar\u0131na yard\u0131mc\u0131 olunmas\u0131n\u0131 istediklerini ifade ederek ba\u015fka bir beklentilerinin olmad\u0131\u011f\u0131n\u0131 s\u00f6yledi. Duygusal Anlar ve Co\u015fkulu Performanslar Etkinlikte, g\u00f6rme engelli bir bireyin okudu\u011fu Anne \u015fiiri, salondaki izleyicilere duygusal anlar ya\u015fatt\u0131. Ard\u0131ndan sahne alan &#8220;Engelsiz T\u00fcrk Musikisi Korosu&#8221;, farkl\u0131 eserleri ba\u015far\u0131yla seslendirerek b\u00fcy\u00fck be\u011feni toplad\u0131. Konser boyunca salonu co\u015fku ve alk\u0131\u015flar doldurdu. Engelli bireylerin sergiledi\u011fi performanslar, hem \u00f6\u011frencilerden hem de okul idaresinden b\u00fcy\u00fck takdir ald\u0131. Bu anlaml\u0131 etkinlik, fark\u0131ndal\u0131k g\u00fcn\u00fc kapsam\u0131nda engellerin a\u015f\u0131labilece\u011fini ve m\u00fczi\u011fin birle\u015ftirici g\u00fcc\u00fcn\u00fc bir kez daha g\u00f6zler \u00f6n\u00fcne serdi. \u200b\u0130skenderun Engelliyim Engel Tan\u0131mam Derne\u011fi \u00fcyeleri, 3 Aral\u0131k D\u00fcnya Engelliler Fark\u0131ndal\u0131k G\u00fcn\u00fc kapsam\u0131nda Sahil K\u0131z Meslek Lisesi&#8217;nde unutulmaz bir konser ger\u00e7ekle\u015ftirdi. Etkinlik, okul idaresi ve \u00f6\u011frencilerin yo\u011fun ilgisiyle kar\u015f\u0131land\u0131.\u00a0 \u200bHaberin Al\u0131nt\u0131land\u0131\u011f\u0131 Kaynak: www.iskenderun.org\" \/>\n<meta property=\"og:url\" content=\"https:\/\/denizcankizil.tr\/uk\/haberler\/gundem\/engelsiz-turk-musikisi-korosundan-konser\/\" \/>\n<meta property=\"og:site_name\" content=\"Av. Deniz Can K\u0131z\u0131l\" \/>\n<meta property=\"article:published_time\" content=\"2024-12-05T12:41:47+00:00\" \/>\n<meta name=\"twitter:card\" content=\"summary_large_image\" \/>\n<meta name=\"twitter:label1\" content=\"\u041f\u0440\u0438\u0431\u043b. \u0447\u0430\u0441 \u0447\u0438\u0442\u0430\u043d\u043d\u044f\" \/>\n\t<meta name=\"twitter:data1\" content=\"1 \u0445\u0432\u0438\u043b\u0438\u043d\u0430\" \/>\n<script type=\"application\/ld+json\" class=\"yoast-schema-graph\">{\"@context\":\"https:\/\/schema.org\",\"@graph\":[{\"@type\":\"Article\",\"@id\":\"https:\/\/denizcankizil.tr\/uk\/haberler\/gundem\/engelsiz-turk-musikisi-korosundan-konser\/#article\",\"isPartOf\":{\"@id\":\"https:\/\/denizcankizil.tr\/uk\/haberler\/gundem\/engelsiz-turk-musikisi-korosundan-konser\/\"},\"author\":{\"name\":\"\",\"@id\":\"\"},\"headline\":\"Engelsiz T\u00fcrk Musikisi Korosu\u2019ndan konser\u2026\",\"datePublished\":\"2024-12-05T12:41:47+00:00\",\"mainEntityOfPage\":{\"@id\":\"https:\/\/denizcankizil.tr\/uk\/haberler\/gundem\/engelsiz-turk-musikisi-korosundan-konser\/\"},\"wordCount\":221,\"commentCount\":0,\"publisher\":{\"@id\":\"https:\/\/denizcankizil.tr\/de\/#organization\"},\"articleSection\":[\"G\u00fcndem\",\"Uncategorized\"],\"inLanguage\":\"uk\",\"potentialAction\":[{\"@type\":\"CommentAction\",\"name\":\"Comment\",\"target\":[\"https:\/\/denizcankizil.tr\/uk\/haberler\/gundem\/engelsiz-turk-musikisi-korosundan-konser\/#respond\"]}]},{\"@type\":\"WebPage\",\"@id\":\"https:\/\/denizcankizil.tr\/uk\/haberler\/gundem\/engelsiz-turk-musikisi-korosundan-konser\/\",\"url\":\"https:\/\/denizcankizil.tr\/uk\/haberler\/gundem\/engelsiz-turk-musikisi-korosundan-konser\/\",\"name\":\"Engelsiz T\u00fcrk Musikisi Korosu\u2019ndan konser\u2026 - Av. Deniz Can K\u0131z\u0131l\",\"isPartOf\":{\"@id\":\"https:\/\/denizcankizil.tr\/de\/#website\"},\"datePublished\":\"2024-12-05T12:41:47+00:00\",\"breadcrumb\":{\"@id\":\"https:\/\/denizcankizil.tr\/uk\/haberler\/gundem\/engelsiz-turk-musikisi-korosundan-konser\/#breadcrumb\"},\"inLanguage\":\"uk\",\"potentialAction\":[{\"@type\":\"ReadAction\",\"target\":[\"https:\/\/denizcankizil.tr\/uk\/haberler\/gundem\/engelsiz-turk-musikisi-korosundan-konser\/\"]}]},{\"@type\":\"BreadcrumbList\",\"@id\":\"https:\/\/denizcankizil.tr\/uk\/haberler\/gundem\/engelsiz-turk-musikisi-korosundan-konser\/#breadcrumb\",\"itemListElement\":[{\"@type\":\"ListItem\",\"position\":1,\"name\":\"Home\",\"item\":\"https:\/\/denizcankizil.tr\/de\/\"},{\"@type\":\"ListItem\",\"position\":2,\"name\":\"Engelsiz T\u00fcrk Musikisi Korosu\u2019ndan konser\u2026\"}]},{\"@type\":\"WebSite\",\"@id\":\"https:\/\/denizcankizil.tr\/de\/#website\",\"url\":\"https:\/\/denizcankizil.tr\/de\/\",\"name\":\"Av. Deniz Can K\u0131z\u0131l\",\"description\":\"Avukat Deniz Can K\u0131z\u0131l Antalya Barosu\",\"publisher\":{\"@id\":\"https:\/\/denizcankizil.tr\/de\/#organization\"},\"potentialAction\":[{\"@type\":\"SearchAction\",\"target\":{\"@type\":\"EntryPoint\",\"urlTemplate\":\"https:\/\/denizcankizil.tr\/de\/?s={search_term_string}\"},\"query-input\":{\"@type\":\"PropertyValueSpecification\",\"valueRequired\":true,\"valueName\":\"search_term_string\"}}],\"inLanguage\":\"uk\"},{\"@type\":\"Organization\",\"@id\":\"https:\/\/denizcankizil.tr\/de\/#organization\",\"name\":\"Av. Deniz Can K\u0131z\u0131l\",\"url\":\"https:\/\/denizcankizil.tr\/de\/\",\"logo\":{\"@type\":\"ImageObject\",\"inLanguage\":\"uk\",\"@id\":\"https:\/\/denizcankizil.tr\/de\/#\/schema\/logo\/image\/\",\"url\":\"https:\/\/denizcankizil.tr\/wp-content\/uploads\/2024\/10\/siyah-logo-svg.svg\",\"contentUrl\":\"https:\/\/denizcankizil.tr\/wp-content\/uploads\/2024\/10\/siyah-logo-svg.svg\",\"width\":1080,\"height\":1080,\"caption\":\"Av. Deniz Can K\u0131z\u0131l\"},\"image\":{\"@id\":\"https:\/\/denizcankizil.tr\/de\/#\/schema\/logo\/image\/\"}}]}<\/script>\n<!-- \/ Yoast SEO Premium plugin. -->","yoast_head_json":{"title":"Engelsiz T\u00fcrk Musikisi Korosu\u2019ndan konser\u2026 - Av. Deniz Can K\u0131z\u0131l","robots":{"index":"index","follow":"follow","max-snippet":"max-snippet:-1","max-image-preview":"max-image-preview:large","max-video-preview":"max-video-preview:-1"},"canonical":"https:\/\/denizcankizil.tr\/uk\/haberler\/gundem\/engelsiz-turk-musikisi-korosundan-konser\/","og_locale":"uk_UA","og_type":"article","og_title":"Engelsiz T\u00fcrk Musikisi Korosu\u2019ndan konser\u2026","og_description":"Konserin a\u00e7\u0131l\u0131\u015f konu\u015fmas\u0131n\u0131 yapan Sahil K\u0131z Meslek Lisesi M\u00fcd\u00fcr\u00fc Naciye G\u00fcne\u015f, engellilere destek olman\u0131n \u00f6nemine vurgu yaparak, \u201cEngelleri hayat\u0131m\u0131zdan kald\u0131rmak i\u00e7in bireylere ciddi destek vermeliyiz\u201d dedi. Dernek Ba\u015fkan\u0131 Kamil G\u00f6\u00e7men ise sadece engellerinin a\u015fmalar\u0131na yard\u0131mc\u0131 olunmas\u0131n\u0131 istediklerini ifade ederek ba\u015fka bir beklentilerinin olmad\u0131\u011f\u0131n\u0131 s\u00f6yledi. Duygusal Anlar ve Co\u015fkulu Performanslar Etkinlikte, g\u00f6rme engelli bir bireyin okudu\u011fu Anne \u015fiiri, salondaki izleyicilere duygusal anlar ya\u015fatt\u0131. Ard\u0131ndan sahne alan &#8220;Engelsiz T\u00fcrk Musikisi Korosu&#8221;, farkl\u0131 eserleri ba\u015far\u0131yla seslendirerek b\u00fcy\u00fck be\u011feni toplad\u0131. Konser boyunca salonu co\u015fku ve alk\u0131\u015flar doldurdu. Engelli bireylerin sergiledi\u011fi performanslar, hem \u00f6\u011frencilerden hem de okul idaresinden b\u00fcy\u00fck takdir ald\u0131. Bu anlaml\u0131 etkinlik, fark\u0131ndal\u0131k g\u00fcn\u00fc kapsam\u0131nda engellerin a\u015f\u0131labilece\u011fini ve m\u00fczi\u011fin birle\u015ftirici g\u00fcc\u00fcn\u00fc bir kez daha g\u00f6zler \u00f6n\u00fcne serdi. \u200b\u0130skenderun Engelliyim Engel Tan\u0131mam Derne\u011fi \u00fcyeleri, 3 Aral\u0131k D\u00fcnya Engelliler Fark\u0131ndal\u0131k G\u00fcn\u00fc kapsam\u0131nda Sahil K\u0131z Meslek Lisesi&#8217;nde unutulmaz bir konser ger\u00e7ekle\u015ftirdi. Etkinlik, okul idaresi ve \u00f6\u011frencilerin yo\u011fun ilgisiyle kar\u015f\u0131land\u0131.\u00a0 \u200bHaberin Al\u0131nt\u0131land\u0131\u011f\u0131 Kaynak: www.iskenderun.org","og_url":"https:\/\/denizcankizil.tr\/uk\/haberler\/gundem\/engelsiz-turk-musikisi-korosundan-konser\/","og_site_name":"Av. Deniz Can K\u0131z\u0131l","article_published_time":"2024-12-05T12:41:47+00:00","twitter_card":"summary_large_image","twitter_misc":{"\u041f\u0440\u0438\u0431\u043b. \u0447\u0430\u0441 \u0447\u0438\u0442\u0430\u043d\u043d\u044f":"1 \u0445\u0432\u0438\u043b\u0438\u043d\u0430"},"schema":{"@context":"https:\/\/schema.org","@graph":[{"@type":"Article","@id":"https:\/\/denizcankizil.tr\/uk\/haberler\/gundem\/engelsiz-turk-musikisi-korosundan-konser\/#article","isPartOf":{"@id":"https:\/\/denizcankizil.tr\/uk\/haberler\/gundem\/engelsiz-turk-musikisi-korosundan-konser\/"},"author":{"name":"","@id":""},"headline":"Engelsiz T\u00fcrk Musikisi Korosu\u2019ndan konser\u2026","datePublished":"2024-12-05T12:41:47+00:00","mainEntityOfPage":{"@id":"https:\/\/denizcankizil.tr\/uk\/haberler\/gundem\/engelsiz-turk-musikisi-korosundan-konser\/"},"wordCount":221,"commentCount":0,"publisher":{"@id":"https:\/\/denizcankizil.tr\/de\/#organization"},"articleSection":["G\u00fcndem","Uncategorized"],"inLanguage":"uk","potentialAction":[{"@type":"CommentAction","name":"Comment","target":["https:\/\/denizcankizil.tr\/uk\/haberler\/gundem\/engelsiz-turk-musikisi-korosundan-konser\/#respond"]}]},{"@type":"WebPage","@id":"https:\/\/denizcankizil.tr\/uk\/haberler\/gundem\/engelsiz-turk-musikisi-korosundan-konser\/","url":"https:\/\/denizcankizil.tr\/uk\/haberler\/gundem\/engelsiz-turk-musikisi-korosundan-konser\/","name":"Engelsiz T\u00fcrk Musikisi Korosu\u2019ndan konser\u2026 - Av. Deniz Can K\u0131z\u0131l","isPartOf":{"@id":"https:\/\/denizcankizil.tr\/de\/#website"},"datePublished":"2024-12-05T12:41:47+00:00","breadcrumb":{"@id":"https:\/\/denizcankizil.tr\/uk\/haberler\/gundem\/engelsiz-turk-musikisi-korosundan-konser\/#breadcrumb"},"inLanguage":"uk","potentialAction":[{"@type":"ReadAction","target":["https:\/\/denizcankizil.tr\/uk\/haberler\/gundem\/engelsiz-turk-musikisi-korosundan-konser\/"]}]},{"@type":"BreadcrumbList","@id":"https:\/\/denizcankizil.tr\/uk\/haberler\/gundem\/engelsiz-turk-musikisi-korosundan-konser\/#breadcrumb","itemListElement":[{"@type":"ListItem","position":1,"name":"Home","item":"https:\/\/denizcankizil.tr\/de\/"},{"@type":"ListItem","position":2,"name":"Engelsiz T\u00fcrk Musikisi Korosu\u2019ndan konser\u2026"}]},{"@type":"WebSite","@id":"https:\/\/denizcankizil.tr\/de\/#website","url":"https:\/\/denizcankizil.tr\/de\/","name":"Av. Deniz Can K\u0131z\u0131l","description":"Avukat Deniz Can K\u0131z\u0131l Antalya Barosu","publisher":{"@id":"https:\/\/denizcankizil.tr\/de\/#organization"},"potentialAction":[{"@type":"SearchAction","target":{"@type":"EntryPoint","urlTemplate":"https:\/\/denizcankizil.tr\/de\/?s={search_term_string}"},"query-input":{"@type":"PropertyValueSpecification","valueRequired":true,"valueName":"search_term_string"}}],"inLanguage":"uk"},{"@type":"Organization","@id":"https:\/\/denizcankizil.tr\/de\/#organization","name":"Av. Deniz Can K\u0131z\u0131l","url":"https:\/\/denizcankizil.tr\/de\/","logo":{"@type":"ImageObject","inLanguage":"uk","@id":"https:\/\/denizcankizil.tr\/de\/#\/schema\/logo\/image\/","url":"https:\/\/denizcankizil.tr\/wp-content\/uploads\/2024\/10\/siyah-logo-svg.svg","contentUrl":"https:\/\/denizcankizil.tr\/wp-content\/uploads\/2024\/10\/siyah-logo-svg.svg","width":1080,"height":1080,"caption":"Av. Deniz Can K\u0131z\u0131l"},"image":{"@id":"https:\/\/denizcankizil.tr\/de\/#\/schema\/logo\/image\/"}}]}},"_links":{"self":[{"href":"https:\/\/denizcankizil.tr\/uk\/wp-json\/wp\/v2\/posts\/19339","targetHints":{"allow":["GET"]}}],"collection":[{"href":"https:\/\/denizcankizil.tr\/uk\/wp-json\/wp\/v2\/posts"}],"about":[{"href":"https:\/\/denizcankizil.tr\/uk\/wp-json\/wp\/v2\/types\/post"}],"replies":[{"embeddable":true,"href":"https:\/\/denizcankizil.tr\/uk\/wp-json\/wp\/v2\/comments?post=19339"}],"version-history":[{"count":0,"href":"https:\/\/denizcankizil.tr\/uk\/wp-json\/wp\/v2\/posts\/19339\/revisions"}],"wp:attachment":[{"href":"https:\/\/denizcankizil.tr\/uk\/wp-json\/wp\/v2\/media?parent=19339"}],"wp:term":[{"taxonomy":"category","embeddable":true,"href":"https:\/\/denizcankizil.tr\/uk\/wp-json\/wp\/v2\/categories?post=19339"},{"taxonomy":"post_tag","embeddable":true,"href":"https:\/\/denizcankizil.tr\/uk\/wp-json\/wp\/v2\/tags?post=19339"}],"curies":[{"name":"wp","href":"https:\/\/api.w.org\/{rel}","templated":true}]}}