{"id":19327,"date":"2024-12-05T14:41:54","date_gmt":"2024-12-05T11:41:54","guid":{"rendered":"https:\/\/denizcankizil.tr\/uncategorized-tr\/karsiyaka-belediyesi-parklarda-akilli-sulama-donemini-baslatti\/"},"modified":"2024-12-05T14:41:54","modified_gmt":"2024-12-05T11:41:54","slug":"karsiyaka-belediyesi-parklarda-akilli-sulama-donemini-baslatti","status":"publish","type":"post","link":"https:\/\/denizcankizil.tr\/uk\/haberler\/gundem\/karsiyaka-belediyesi-parklarda-akilli-sulama-donemini-baslatti\/","title":{"rendered":"Kar\u015f\u0131yaka Belediyesi parklarda \u2018ak\u0131ll\u0131 sulama\u2019 d\u00f6nemini ba\u015flatt\u0131"},"content":{"rendered":"<p>\u0130klim krizine kar\u015f\u0131 diren\u00e7li ve s\u00fcrd\u00fcr\u00fclebilir bir kent hedefiyle \u00e7al\u0131\u015fmalar\u0131n\u0131 s\u00fcrd\u00fcren Kar\u015f\u0131yaka Belediyesi, il\u00e7edeki iki parkta ak\u0131ll\u0131 sulama sistemi kurdu.<\/p>\n<p>\u200b\u0130klim krizine kar\u015f\u0131 diren\u00e7li ve s\u00fcrd\u00fcr\u00fclebilir bir kent hedefiyle \u00e7al\u0131\u015fmalar\u0131n\u0131 s\u00fcrd\u00fcren Kar\u015f\u0131yaka Belediyesi, il\u00e7edeki iki parkta ak\u0131ll\u0131 sulama sistemi kurdu.\u00a0<\/p>\n<p>\u200bHaberin Al\u0131nt\u0131land\u0131\u011f\u0131 Kaynak: www.iskenderun.org<\/p>","protected":false},"excerpt":{"rendered":"<p>\u0130klim krizine kar\u015f\u0131 diren\u00e7li ve s\u00fcrd\u00fcr\u00fclebilir bir kent hedefiyle \u00e7al\u0131\u015fmalar\u0131n\u0131 s\u00fcrd\u00fcren Kar\u015f\u0131yaka Belediyesi, il\u00e7edeki iki parkta ak\u0131ll\u0131 sulama sistemi kurdu. \u200b\u0130klim krizine kar\u015f\u0131 diren\u00e7li ve s\u00fcrd\u00fcr\u00fclebilir bir kent hedefiyle \u00e7al\u0131\u015fmalar\u0131n\u0131 s\u00fcrd\u00fcren Kar\u015f\u0131yaka Belediyesi, il\u00e7edeki iki parkta ak\u0131ll\u0131 sulama sistemi kurdu.\u00a0 \u200bHaberin Al\u0131nt\u0131land\u0131\u011f\u0131 Kaynak: www.iskenderun.org<\/p>","protected":false},"author":0,"featured_media":0,"comment_status":"open","ping_status":"open","sticky":false,"template":"","format":"standard","meta":{"_acf_changed":false,"footnotes":""},"categories":[24,535],"tags":[],"class_list":["post-19327","post","type-post","status-publish","format-standard","has-post-thumbnail","hentry","category-gundem","category-uncategorized-tr"],"acf":[],"yoast_head":"<!-- This site is optimized with the Yoast SEO Premium plugin v26.6 (Yoast SEO v27.1.1) - https:\/\/yoast.com\/product\/yoast-seo-premium-wordpress\/ -->\n<title>Kar\u015f\u0131yaka Belediyesi parklarda \u2018ak\u0131ll\u0131 sulama\u2019 d\u00f6nemini ba\u015flatt\u0131 - Av. Deniz Can K\u0131z\u0131l<\/title>\n<meta name=\"robots\" content=\"index, follow, max-snippet:-1, max-image-preview:large, max-video-preview:-1\" \/>\n<link rel=\"canonical\" href=\"https:\/\/denizcankizil.tr\/uk\/haberler\/gundem\/karsiyaka-belediyesi-parklarda-akilli-sulama-donemini-baslatti\/\" \/>\n<meta property=\"og:locale\" content=\"uk_UA\" \/>\n<meta property=\"og:type\" content=\"article\" \/>\n<meta property=\"og:title\" content=\"Kar\u015f\u0131yaka Belediyesi parklarda \u2018ak\u0131ll\u0131 sulama\u2019 d\u00f6nemini ba\u015flatt\u0131\" \/>\n<meta property=\"og:description\" content=\"\u0130klim krizine kar\u015f\u0131 diren\u00e7li ve s\u00fcrd\u00fcr\u00fclebilir bir kent hedefiyle \u00e7al\u0131\u015fmalar\u0131n\u0131 s\u00fcrd\u00fcren Kar\u015f\u0131yaka Belediyesi, il\u00e7edeki iki parkta ak\u0131ll\u0131 sulama sistemi kurdu. \u200b\u0130klim krizine kar\u015f\u0131 diren\u00e7li ve s\u00fcrd\u00fcr\u00fclebilir bir kent hedefiyle \u00e7al\u0131\u015fmalar\u0131n\u0131 s\u00fcrd\u00fcren Kar\u015f\u0131yaka Belediyesi, il\u00e7edeki iki parkta ak\u0131ll\u0131 sulama sistemi kurdu.\u00a0 \u200bHaberin Al\u0131nt\u0131land\u0131\u011f\u0131 Kaynak: www.iskenderun.org\" \/>\n<meta property=\"og:url\" content=\"https:\/\/denizcankizil.tr\/uk\/haberler\/gundem\/karsiyaka-belediyesi-parklarda-akilli-sulama-donemini-baslatti\/\" \/>\n<meta property=\"og:site_name\" content=\"Av. Deniz Can K\u0131z\u0131l\" \/>\n<meta property=\"article:published_time\" content=\"2024-12-05T11:41:54+00:00\" \/>\n<meta name=\"twitter:card\" content=\"summary_large_image\" \/>\n<script type=\"application\/ld+json\" class=\"yoast-schema-graph\">{\"@context\":\"https:\/\/schema.org\",\"@graph\":[{\"@type\":\"Article\",\"@id\":\"https:\/\/denizcankizil.tr\/ru\/haberler\/gundem\/karsiyaka-belediyesi-parklarda-akilli-sulama-donemini-baslatti\/#article\",\"isPartOf\":{\"@id\":\"https:\/\/denizcankizil.tr\/ru\/haberler\/gundem\/karsiyaka-belediyesi-parklarda-akilli-sulama-donemini-baslatti\/\"},\"author\":{\"name\":\"\",\"@id\":\"\"},\"headline\":\"Kar\u015f\u0131yaka Belediyesi parklarda \u2018ak\u0131ll\u0131 sulama\u2019 d\u00f6nemini ba\u015flatt\u0131\",\"datePublished\":\"2024-12-05T11:41:54+00:00\",\"mainEntityOfPage\":{\"@id\":\"https:\/\/denizcankizil.tr\/ru\/haberler\/gundem\/karsiyaka-belediyesi-parklarda-akilli-sulama-donemini-baslatti\/\"},\"wordCount\":81,\"commentCount\":0,\"publisher\":{\"@id\":\"https:\/\/denizcankizil.tr\/de\/#organization\"},\"articleSection\":[\"G\u00fcndem\",\"Uncategorized\"],\"inLanguage\":\"uk\",\"potentialAction\":[{\"@type\":\"CommentAction\",\"name\":\"Comment\",\"target\":[\"https:\/\/denizcankizil.tr\/ru\/haberler\/gundem\/karsiyaka-belediyesi-parklarda-akilli-sulama-donemini-baslatti\/#respond\"]}]},{\"@type\":\"WebPage\",\"@id\":\"https:\/\/denizcankizil.tr\/ru\/haberler\/gundem\/karsiyaka-belediyesi-parklarda-akilli-sulama-donemini-baslatti\/\",\"url\":\"https:\/\/denizcankizil.tr\/ru\/haberler\/gundem\/karsiyaka-belediyesi-parklarda-akilli-sulama-donemini-baslatti\/\",\"name\":\"Kar\u015f\u0131yaka Belediyesi parklarda \u2018ak\u0131ll\u0131 sulama\u2019 d\u00f6nemini ba\u015flatt\u0131 - Av. Deniz Can K\u0131z\u0131l\",\"isPartOf\":{\"@id\":\"https:\/\/denizcankizil.tr\/de\/#website\"},\"datePublished\":\"2024-12-05T11:41:54+00:00\",\"breadcrumb\":{\"@id\":\"https:\/\/denizcankizil.tr\/ru\/haberler\/gundem\/karsiyaka-belediyesi-parklarda-akilli-sulama-donemini-baslatti\/#breadcrumb\"},\"inLanguage\":\"uk\",\"potentialAction\":[{\"@type\":\"ReadAction\",\"target\":[\"https:\/\/denizcankizil.tr\/ru\/haberler\/gundem\/karsiyaka-belediyesi-parklarda-akilli-sulama-donemini-baslatti\/\"]}]},{\"@type\":\"BreadcrumbList\",\"@id\":\"https:\/\/denizcankizil.tr\/ru\/haberler\/gundem\/karsiyaka-belediyesi-parklarda-akilli-sulama-donemini-baslatti\/#breadcrumb\",\"itemListElement\":[{\"@type\":\"ListItem\",\"position\":1,\"name\":\"Home\",\"item\":\"https:\/\/denizcankizil.tr\/de\/\"},{\"@type\":\"ListItem\",\"position\":2,\"name\":\"Kar\u015f\u0131yaka Belediyesi parklarda \u2018ak\u0131ll\u0131 sulama\u2019 d\u00f6nemini ba\u015flatt\u0131\"}]},{\"@type\":\"WebSite\",\"@id\":\"https:\/\/denizcankizil.tr\/de\/#website\",\"url\":\"https:\/\/denizcankizil.tr\/de\/\",\"name\":\"Av. Deniz Can K\u0131z\u0131l\",\"description\":\"Avukat Deniz Can K\u0131z\u0131l Antalya Barosu\",\"publisher\":{\"@id\":\"https:\/\/denizcankizil.tr\/de\/#organization\"},\"potentialAction\":[{\"@type\":\"SearchAction\",\"target\":{\"@type\":\"EntryPoint\",\"urlTemplate\":\"https:\/\/denizcankizil.tr\/de\/?s={search_term_string}\"},\"query-input\":{\"@type\":\"PropertyValueSpecification\",\"valueRequired\":true,\"valueName\":\"search_term_string\"}}],\"inLanguage\":\"uk\"},{\"@type\":\"Organization\",\"@id\":\"https:\/\/denizcankizil.tr\/de\/#organization\",\"name\":\"Av. Deniz Can K\u0131z\u0131l\",\"url\":\"https:\/\/denizcankizil.tr\/de\/\",\"logo\":{\"@type\":\"ImageObject\",\"inLanguage\":\"uk\",\"@id\":\"https:\/\/denizcankizil.tr\/de\/#\/schema\/logo\/image\/\",\"url\":\"https:\/\/denizcankizil.tr\/wp-content\/uploads\/2024\/10\/siyah-logo-svg.svg\",\"contentUrl\":\"https:\/\/denizcankizil.tr\/wp-content\/uploads\/2024\/10\/siyah-logo-svg.svg\",\"width\":1080,\"height\":1080,\"caption\":\"Av. Deniz Can K\u0131z\u0131l\"},\"image\":{\"@id\":\"https:\/\/denizcankizil.tr\/de\/#\/schema\/logo\/image\/\"}}]}<\/script>\n<!-- \/ Yoast SEO Premium plugin. -->","yoast_head_json":{"title":"Kar\u015f\u0131yaka Belediyesi parklarda \u2018ak\u0131ll\u0131 sulama\u2019 d\u00f6nemini ba\u015flatt\u0131 - Av. Deniz Can K\u0131z\u0131l","robots":{"index":"index","follow":"follow","max-snippet":"max-snippet:-1","max-image-preview":"max-image-preview:large","max-video-preview":"max-video-preview:-1"},"canonical":"https:\/\/denizcankizil.tr\/uk\/haberler\/gundem\/karsiyaka-belediyesi-parklarda-akilli-sulama-donemini-baslatti\/","og_locale":"uk_UA","og_type":"article","og_title":"Kar\u015f\u0131yaka Belediyesi parklarda \u2018ak\u0131ll\u0131 sulama\u2019 d\u00f6nemini ba\u015flatt\u0131","og_description":"\u0130klim krizine kar\u015f\u0131 diren\u00e7li ve s\u00fcrd\u00fcr\u00fclebilir bir kent hedefiyle \u00e7al\u0131\u015fmalar\u0131n\u0131 s\u00fcrd\u00fcren Kar\u015f\u0131yaka Belediyesi, il\u00e7edeki iki parkta ak\u0131ll\u0131 sulama sistemi kurdu. \u200b\u0130klim krizine kar\u015f\u0131 diren\u00e7li ve s\u00fcrd\u00fcr\u00fclebilir bir kent hedefiyle \u00e7al\u0131\u015fmalar\u0131n\u0131 s\u00fcrd\u00fcren Kar\u015f\u0131yaka Belediyesi, il\u00e7edeki iki parkta ak\u0131ll\u0131 sulama sistemi kurdu.\u00a0 \u200bHaberin Al\u0131nt\u0131land\u0131\u011f\u0131 Kaynak: www.iskenderun.org","og_url":"https:\/\/denizcankizil.tr\/uk\/haberler\/gundem\/karsiyaka-belediyesi-parklarda-akilli-sulama-donemini-baslatti\/","og_site_name":"Av. Deniz Can K\u0131z\u0131l","article_published_time":"2024-12-05T11:41:54+00:00","twitter_card":"summary_large_image","schema":{"@context":"https:\/\/schema.org","@graph":[{"@type":"Article","@id":"https:\/\/denizcankizil.tr\/ru\/haberler\/gundem\/karsiyaka-belediyesi-parklarda-akilli-sulama-donemini-baslatti\/#article","isPartOf":{"@id":"https:\/\/denizcankizil.tr\/ru\/haberler\/gundem\/karsiyaka-belediyesi-parklarda-akilli-sulama-donemini-baslatti\/"},"author":{"name":"","@id":""},"headline":"Kar\u015f\u0131yaka Belediyesi parklarda \u2018ak\u0131ll\u0131 sulama\u2019 d\u00f6nemini ba\u015flatt\u0131","datePublished":"2024-12-05T11:41:54+00:00","mainEntityOfPage":{"@id":"https:\/\/denizcankizil.tr\/ru\/haberler\/gundem\/karsiyaka-belediyesi-parklarda-akilli-sulama-donemini-baslatti\/"},"wordCount":81,"commentCount":0,"publisher":{"@id":"https:\/\/denizcankizil.tr\/de\/#organization"},"articleSection":["G\u00fcndem","Uncategorized"],"inLanguage":"uk","potentialAction":[{"@type":"CommentAction","name":"Comment","target":["https:\/\/denizcankizil.tr\/ru\/haberler\/gundem\/karsiyaka-belediyesi-parklarda-akilli-sulama-donemini-baslatti\/#respond"]}]},{"@type":"WebPage","@id":"https:\/\/denizcankizil.tr\/ru\/haberler\/gundem\/karsiyaka-belediyesi-parklarda-akilli-sulama-donemini-baslatti\/","url":"https:\/\/denizcankizil.tr\/ru\/haberler\/gundem\/karsiyaka-belediyesi-parklarda-akilli-sulama-donemini-baslatti\/","name":"Kar\u015f\u0131yaka Belediyesi parklarda \u2018ak\u0131ll\u0131 sulama\u2019 d\u00f6nemini ba\u015flatt\u0131 - Av. Deniz Can K\u0131z\u0131l","isPartOf":{"@id":"https:\/\/denizcankizil.tr\/de\/#website"},"datePublished":"2024-12-05T11:41:54+00:00","breadcrumb":{"@id":"https:\/\/denizcankizil.tr\/ru\/haberler\/gundem\/karsiyaka-belediyesi-parklarda-akilli-sulama-donemini-baslatti\/#breadcrumb"},"inLanguage":"uk","potentialAction":[{"@type":"ReadAction","target":["https:\/\/denizcankizil.tr\/ru\/haberler\/gundem\/karsiyaka-belediyesi-parklarda-akilli-sulama-donemini-baslatti\/"]}]},{"@type":"BreadcrumbList","@id":"https:\/\/denizcankizil.tr\/ru\/haberler\/gundem\/karsiyaka-belediyesi-parklarda-akilli-sulama-donemini-baslatti\/#breadcrumb","itemListElement":[{"@type":"ListItem","position":1,"name":"Home","item":"https:\/\/denizcankizil.tr\/de\/"},{"@type":"ListItem","position":2,"name":"Kar\u015f\u0131yaka Belediyesi parklarda \u2018ak\u0131ll\u0131 sulama\u2019 d\u00f6nemini ba\u015flatt\u0131"}]},{"@type":"WebSite","@id":"https:\/\/denizcankizil.tr\/de\/#website","url":"https:\/\/denizcankizil.tr\/de\/","name":"Av. Deniz Can K\u0131z\u0131l","description":"Avukat Deniz Can K\u0131z\u0131l Antalya Barosu","publisher":{"@id":"https:\/\/denizcankizil.tr\/de\/#organization"},"potentialAction":[{"@type":"SearchAction","target":{"@type":"EntryPoint","urlTemplate":"https:\/\/denizcankizil.tr\/de\/?s={search_term_string}"},"query-input":{"@type":"PropertyValueSpecification","valueRequired":true,"valueName":"search_term_string"}}],"inLanguage":"uk"},{"@type":"Organization","@id":"https:\/\/denizcankizil.tr\/de\/#organization","name":"Av. Deniz Can K\u0131z\u0131l","url":"https:\/\/denizcankizil.tr\/de\/","logo":{"@type":"ImageObject","inLanguage":"uk","@id":"https:\/\/denizcankizil.tr\/de\/#\/schema\/logo\/image\/","url":"https:\/\/denizcankizil.tr\/wp-content\/uploads\/2024\/10\/siyah-logo-svg.svg","contentUrl":"https:\/\/denizcankizil.tr\/wp-content\/uploads\/2024\/10\/siyah-logo-svg.svg","width":1080,"height":1080,"caption":"Av. Deniz Can K\u0131z\u0131l"},"image":{"@id":"https:\/\/denizcankizil.tr\/de\/#\/schema\/logo\/image\/"}}]}},"_links":{"self":[{"href":"https:\/\/denizcankizil.tr\/uk\/wp-json\/wp\/v2\/posts\/19327","targetHints":{"allow":["GET"]}}],"collection":[{"href":"https:\/\/denizcankizil.tr\/uk\/wp-json\/wp\/v2\/posts"}],"about":[{"href":"https:\/\/denizcankizil.tr\/uk\/wp-json\/wp\/v2\/types\/post"}],"replies":[{"embeddable":true,"href":"https:\/\/denizcankizil.tr\/uk\/wp-json\/wp\/v2\/comments?post=19327"}],"version-history":[{"count":0,"href":"https:\/\/denizcankizil.tr\/uk\/wp-json\/wp\/v2\/posts\/19327\/revisions"}],"wp:attachment":[{"href":"https:\/\/denizcankizil.tr\/uk\/wp-json\/wp\/v2\/media?parent=19327"}],"wp:term":[{"taxonomy":"category","embeddable":true,"href":"https:\/\/denizcankizil.tr\/uk\/wp-json\/wp\/v2\/categories?post=19327"},{"taxonomy":"post_tag","embeddable":true,"href":"https:\/\/denizcankizil.tr\/uk\/wp-json\/wp\/v2\/tags?post=19327"}],"curies":[{"name":"wp","href":"https:\/\/api.w.org\/{rel}","templated":true}]}}