{"id":19160,"date":"2024-12-04T16:41:34","date_gmt":"2024-12-04T13:41:34","guid":{"rendered":"https:\/\/denizcankizil.tr\/uncategorized-tr\/chpli-ari-antalyaya-bolge-idare-mahkemesi-kurulmali\/"},"modified":"2024-12-04T16:41:34","modified_gmt":"2024-12-04T13:41:34","slug":"chpli-ari-antalyaya-bolge-idare-mahkemesi-kurulmali","status":"publish","type":"post","link":"https:\/\/denizcankizil.tr\/uk\/haberler\/gundem\/chpli-ari-antalyaya-bolge-idare-mahkemesi-kurulmali\/","title":{"rendered":"CHP\u2019li Ar\u0131: Antalya&#8217;ya B\u00f6lge \u0130dare Mahkemesi kurulmal\u0131"},"content":{"rendered":"<p>Plan ve B\u00fct\u00e7e Komisyonu \u00fcyesi CHP Antalya Milletvekili Av. Cavit Ar\u0131, 2025 y\u0131l\u0131 Adalet Bakanl\u0131\u011f\u0131 b\u00fct\u00e7e g\u00f6r\u00fc\u015fmeleri s\u0131ras\u0131nda konu\u015fma yapt\u0131. Taleplerini Adalet Bakan\u0131 Y\u0131lmaz Tun\u00e7\u2019a direk olarak ileten Ar\u0131&#8217;n\u0131n g\u00fcndeminde B\u00f6lge \u0130dare Mahkemesi, Asliye Ticaret Mahkemesi ba\u015fl\u0131klar\u0131n\u0131n yan\u0131 s\u0131ra asliye binalar\u0131nda g\u00f6zlemlenen yetersizlikler yer ald\u0131.<\/p>\n<p>ANTALYA NEDEN KONYA&#8217;YA BA\u011eLI?<\/p>\n<p>T\u00fcrkiye\u2019nin bir\u00e7ok alanda ilk b\u00fcy\u00fck 5 ili aras\u0131nda yer alan Antalya\u2019n\u0131n idari dava yo\u011funlu\u011funa ra\u011fmen Konya B\u00f6lge \u0130dare Mahkemesi&#8217;ne ba\u011fl\u0131 olmas\u0131n\u0131n \u00e7ok b\u00fcy\u00fck sorunlar yaratt\u0131\u011f\u0131na dikkat \u00e7eken Ar\u0131, &#8220;Bu nedenle Antalya\u2019ya bir B\u00f6lge \u0130dare Mahkemesinin kurulmas\u0131 ve B\u00f6lge Adliye Mahkemesinde ba\u011fl\u0131 olan illerinde ayn\u0131 \u015fekilde Antalya B\u00f6lge \u0130dare Mahkemesi&#8217;ne ba\u011flanmas\u0131d\u0131r. \u0130\u015f yo\u011funlu\u011fu dikkate al\u0131narak Manavgat ve Bat\u0131 il\u00e7elerini kapsayacak \u015fekilde Kumluca il\u00e7elerine Asliye Ticaret Mahkemesi kurulmas\u0131 gerekmektedir&#8221; dedi.\u00a0<\/p>\n<p>&#8220;YETERS\u0130Z DURUMDA&#8221;<\/p>\n<p>Kemer il\u00e7esinde yeni adliye binas\u0131 in\u015faat\u0131n\u0131n ba\u015flad\u0131\u011f\u0131n\u0131 hat\u0131rlatan Ar\u0131, &#8220;Ancak Ka\u015f ve Elmal\u0131 il\u00e7esinde yeni adliye binas\u0131na yetersiz duruma gelen Manavgat Adliyesi&#8217;nin de ek binalar ile b\u00fcy\u00fct\u00fclmesine ihtiya\u00e7 bulunmaktad\u0131r&#8221; diye konu\u015ftu.\u00a0<\/p>\n<p>AC\u0130L OLARAK T\u00dcP GE\u00c7\u0130T YAPILMALI<\/p>\n<p>Antalya Adliyesi ile B\u00f6lge Adliyesi aras\u0131na ge\u00e7i\u015fi sa\u011flayacak bir t\u00fcp ge\u00e7it yap\u0131lmas\u0131 gerekti\u011fini de sal\u0131k veren Ar\u0131, iki adliye aras\u0131ndaki ge\u00e7i\u015flerin mevsim durumuna g\u00f6re zorluk ya\u015fatt\u0131\u011f\u0131na dikkat \u00e7ekti. Ar\u0131, &#8220;Yap\u0131lacak t\u00fcp ge\u00e7it Gerek Avukat ve personelin ge\u00e7i\u015finin sa\u011flanaca\u011f\u0131 ve gerekse de dosya naklinde \u00e7ok kolayl\u0131k sa\u011flayaca\u011f\u0131 ifade edilmektedir. Bununla birlikte bu kadar yak\u0131n iki adliye aras\u0131nda yap\u0131lan tebligatlar\u0131n, dosya istemelerin ve dosya g\u00f6ndermelerin tebligat yoluyla yap\u0131l\u0131yor olmas\u0131 hem zaman kayb\u0131na hem de ciddi masraflara yol a\u00e7maktad\u0131r. Bakanl\u0131k talimat\u0131 ile bu konular\u0131n daha pratik ve masrafs\u0131z \u00e7\u00f6z\u00fcm\u00fcn\u00fcn sa\u011flanmas\u0131 gerekmektedir. H\u0131zl\u0131 yarg\u0131 ve daha ucuz yarg\u0131 i\u00e7in bu d\u00fczenlemeye ihtiya\u00e7 bulunmaktad\u0131r&#8221; \u015feklinde konu\u015ftu.\u00a0<\/p>\n<p>Antalya Adliyeleri i\u00e7in g\u00fcncel sorun ve beklentilerden acil olanlar\u0131 belirttiklerini vurgulayan Ar\u0131, ele al\u0131nan konu ba\u015fl\u0131klar\u0131n\u0131n ortaya koydu\u011fu sorunlara en k\u0131sa zamanda \u00e7\u00f6z\u00fcm bulunmas\u0131 gerekti\u011fini s\u00f6zlerine ekledi. \u00a0<\/p>\n<p>\u200bPlan ve B\u00fct\u00e7e Komisyonu \u00fcyesi CHP Antalya Milletvekili Av. Cavit Ar\u0131, Antalya\u2019n\u0131n idari dava yo\u011funlu\u011funa ra\u011fmen Konya B\u00f6lge \u0130dare Mahkemesi&#8217;ne ba\u011fl\u0131 olmas\u0131n\u0131n bir\u00e7ok alanda sorun te\u015fkil etti\u011fini belirtti. Ar\u0131, &#8220;Antalya\u2019ya bir B\u00f6lge \u0130dare Mahkemesi kurulmas\u0131 gereklidir&#8221; dedi\u00a0<\/p>\n<p>\u200bHaberin Al\u0131nt\u0131land\u0131\u011f\u0131 Kaynak: www.antalyakorfez.com<\/p>","protected":false},"excerpt":{"rendered":"<p>Plan ve B\u00fct\u00e7e Komisyonu \u00fcyesi CHP Antalya Milletvekili Av. Cavit Ar\u0131, 2025 y\u0131l\u0131 Adalet Bakanl\u0131\u011f\u0131 b\u00fct\u00e7e g\u00f6r\u00fc\u015fmeleri s\u0131ras\u0131nda konu\u015fma yapt\u0131. Taleplerini Adalet Bakan\u0131 Y\u0131lmaz Tun\u00e7\u2019a direk olarak ileten Ar\u0131&#8217;n\u0131n g\u00fcndeminde B\u00f6lge \u0130dare Mahkemesi, Asliye Ticaret Mahkemesi ba\u015fl\u0131klar\u0131n\u0131n yan\u0131 s\u0131ra asliye binalar\u0131nda g\u00f6zlemlenen yetersizlikler yer ald\u0131. ANTALYA NEDEN KONYA&#8217;YA BA\u011eLI? T\u00fcrkiye\u2019nin bir\u00e7ok alanda ilk b\u00fcy\u00fck 5 ili aras\u0131nda yer alan Antalya\u2019n\u0131n idari dava yo\u011funlu\u011funa ra\u011fmen Konya B\u00f6lge \u0130dare Mahkemesi&#8217;ne ba\u011fl\u0131 olmas\u0131n\u0131n \u00e7ok b\u00fcy\u00fck sorunlar yaratt\u0131\u011f\u0131na dikkat \u00e7eken Ar\u0131, &#8220;Bu nedenle Antalya\u2019ya bir B\u00f6lge \u0130dare Mahkemesinin kurulmas\u0131 ve B\u00f6lge Adliye Mahkemesinde ba\u011fl\u0131 olan illerinde ayn\u0131 \u015fekilde Antalya B\u00f6lge \u0130dare Mahkemesi&#8217;ne ba\u011flanmas\u0131d\u0131r. \u0130\u015f yo\u011funlu\u011fu dikkate al\u0131narak Manavgat ve Bat\u0131 il\u00e7elerini kapsayacak \u015fekilde Kumluca il\u00e7elerine Asliye Ticaret Mahkemesi kurulmas\u0131 gerekmektedir&#8221; dedi.\u00a0 &#8220;YETERS\u0130Z DURUMDA&#8221; Kemer il\u00e7esinde yeni adliye binas\u0131 in\u015faat\u0131n\u0131n ba\u015flad\u0131\u011f\u0131n\u0131 hat\u0131rlatan Ar\u0131, &#8220;Ancak Ka\u015f ve Elmal\u0131 il\u00e7esinde yeni adliye binas\u0131na yetersiz duruma gelen Manavgat Adliyesi&#8217;nin de ek binalar ile b\u00fcy\u00fct\u00fclmesine ihtiya\u00e7 bulunmaktad\u0131r&#8221; diye konu\u015ftu.\u00a0 AC\u0130L OLARAK T\u00dcP GE\u00c7\u0130T YAPILMALI Antalya Adliyesi ile B\u00f6lge Adliyesi aras\u0131na ge\u00e7i\u015fi sa\u011flayacak bir t\u00fcp ge\u00e7it yap\u0131lmas\u0131 gerekti\u011fini de sal\u0131k veren Ar\u0131, iki adliye aras\u0131ndaki ge\u00e7i\u015flerin mevsim durumuna g\u00f6re zorluk ya\u015fatt\u0131\u011f\u0131na dikkat \u00e7ekti. Ar\u0131, &#8220;Yap\u0131lacak t\u00fcp ge\u00e7it Gerek Avukat ve personelin ge\u00e7i\u015finin sa\u011flanaca\u011f\u0131 ve gerekse de dosya naklinde \u00e7ok kolayl\u0131k &hellip;<\/p>","protected":false},"author":0,"featured_media":0,"comment_status":"open","ping_status":"open","sticky":false,"template":"","format":"standard","meta":{"_acf_changed":false,"footnotes":""},"categories":[24,535],"tags":[],"class_list":["post-19160","post","type-post","status-publish","format-standard","has-post-thumbnail","hentry","category-gundem","category-uncategorized-tr"],"acf":[],"yoast_head":"<!-- This site is optimized with the Yoast SEO Premium plugin v26.6 (Yoast SEO v27.1.1) - https:\/\/yoast.com\/product\/yoast-seo-premium-wordpress\/ -->\n<title>CHP\u2019li Ar\u0131: Antalya&#039;ya B\u00f6lge \u0130dare Mahkemesi kurulmal\u0131 - Av. Deniz Can K\u0131z\u0131l<\/title>\n<meta name=\"robots\" content=\"index, follow, max-snippet:-1, max-image-preview:large, max-video-preview:-1\" \/>\n<link rel=\"canonical\" href=\"https:\/\/denizcankizil.tr\/uk\/haberler\/gundem\/chpli-ari-antalyaya-bolge-idare-mahkemesi-kurulmali\/\" \/>\n<meta property=\"og:locale\" content=\"uk_UA\" \/>\n<meta property=\"og:type\" content=\"article\" \/>\n<meta property=\"og:title\" content=\"CHP\u2019li Ar\u0131: Antalya&#039;ya B\u00f6lge \u0130dare Mahkemesi kurulmal\u0131\" \/>\n<meta property=\"og:description\" content=\"Plan ve B\u00fct\u00e7e Komisyonu \u00fcyesi CHP Antalya Milletvekili Av. Cavit Ar\u0131, 2025 y\u0131l\u0131 Adalet Bakanl\u0131\u011f\u0131 b\u00fct\u00e7e g\u00f6r\u00fc\u015fmeleri s\u0131ras\u0131nda konu\u015fma yapt\u0131. Taleplerini Adalet Bakan\u0131 Y\u0131lmaz Tun\u00e7\u2019a direk olarak ileten Ar\u0131&#8217;n\u0131n g\u00fcndeminde B\u00f6lge \u0130dare Mahkemesi, Asliye Ticaret Mahkemesi ba\u015fl\u0131klar\u0131n\u0131n yan\u0131 s\u0131ra asliye binalar\u0131nda g\u00f6zlemlenen yetersizlikler yer ald\u0131. ANTALYA NEDEN KONYA&#8217;YA BA\u011eLI? T\u00fcrkiye\u2019nin bir\u00e7ok alanda ilk b\u00fcy\u00fck 5 ili aras\u0131nda yer alan Antalya\u2019n\u0131n idari dava yo\u011funlu\u011funa ra\u011fmen Konya B\u00f6lge \u0130dare Mahkemesi&#8217;ne ba\u011fl\u0131 olmas\u0131n\u0131n \u00e7ok b\u00fcy\u00fck sorunlar yaratt\u0131\u011f\u0131na dikkat \u00e7eken Ar\u0131, &#8220;Bu nedenle Antalya\u2019ya bir B\u00f6lge \u0130dare Mahkemesinin kurulmas\u0131 ve B\u00f6lge Adliye Mahkemesinde ba\u011fl\u0131 olan illerinde ayn\u0131 \u015fekilde Antalya B\u00f6lge \u0130dare Mahkemesi&#8217;ne ba\u011flanmas\u0131d\u0131r. \u0130\u015f yo\u011funlu\u011fu dikkate al\u0131narak Manavgat ve Bat\u0131 il\u00e7elerini kapsayacak \u015fekilde Kumluca il\u00e7elerine Asliye Ticaret Mahkemesi kurulmas\u0131 gerekmektedir&#8221; dedi.\u00a0 &#8220;YETERS\u0130Z DURUMDA&#8221; Kemer il\u00e7esinde yeni adliye binas\u0131 in\u015faat\u0131n\u0131n ba\u015flad\u0131\u011f\u0131n\u0131 hat\u0131rlatan Ar\u0131, &#8220;Ancak Ka\u015f ve Elmal\u0131 il\u00e7esinde yeni adliye binas\u0131na yetersiz duruma gelen Manavgat Adliyesi&#8217;nin de ek binalar ile b\u00fcy\u00fct\u00fclmesine ihtiya\u00e7 bulunmaktad\u0131r&#8221; diye konu\u015ftu.\u00a0 AC\u0130L OLARAK T\u00dcP GE\u00c7\u0130T YAPILMALI Antalya Adliyesi ile B\u00f6lge Adliyesi aras\u0131na ge\u00e7i\u015fi sa\u011flayacak bir t\u00fcp ge\u00e7it yap\u0131lmas\u0131 gerekti\u011fini de sal\u0131k veren Ar\u0131, iki adliye aras\u0131ndaki ge\u00e7i\u015flerin mevsim durumuna g\u00f6re zorluk ya\u015fatt\u0131\u011f\u0131na dikkat \u00e7ekti. Ar\u0131, &#8220;Yap\u0131lacak t\u00fcp ge\u00e7it Gerek Avukat ve personelin ge\u00e7i\u015finin sa\u011flanaca\u011f\u0131 ve gerekse de dosya naklinde \u00e7ok kolayl\u0131k &hellip;\" \/>\n<meta property=\"og:url\" content=\"https:\/\/denizcankizil.tr\/uk\/haberler\/gundem\/chpli-ari-antalyaya-bolge-idare-mahkemesi-kurulmali\/\" \/>\n<meta property=\"og:site_name\" content=\"Av. Deniz Can K\u0131z\u0131l\" \/>\n<meta property=\"article:published_time\" content=\"2024-12-04T13:41:34+00:00\" \/>\n<meta name=\"twitter:card\" content=\"summary_large_image\" \/>\n<meta name=\"twitter:label1\" content=\"\u041f\u0440\u0438\u0431\u043b. \u0447\u0430\u0441 \u0447\u0438\u0442\u0430\u043d\u043d\u044f\" \/>\n\t<meta name=\"twitter:data1\" content=\"2 \u0445\u0432\u0438\u043b\u0438\u043d\u0438\" \/>\n<script type=\"application\/ld+json\" class=\"yoast-schema-graph\">{\"@context\":\"https:\/\/schema.org\",\"@graph\":[{\"@type\":\"Article\",\"@id\":\"https:\/\/denizcankizil.tr\/uk\/haberler\/gundem\/chpli-ari-antalyaya-bolge-idare-mahkemesi-kurulmali\/#article\",\"isPartOf\":{\"@id\":\"https:\/\/denizcankizil.tr\/uk\/haberler\/gundem\/chpli-ari-antalyaya-bolge-idare-mahkemesi-kurulmali\/\"},\"author\":{\"name\":\"\",\"@id\":\"\"},\"headline\":\"CHP\u2019li Ar\u0131: Antalya&#8217;ya B\u00f6lge \u0130dare Mahkemesi kurulmal\u0131\",\"datePublished\":\"2024-12-04T13:41:34+00:00\",\"mainEntityOfPage\":{\"@id\":\"https:\/\/denizcankizil.tr\/uk\/haberler\/gundem\/chpli-ari-antalyaya-bolge-idare-mahkemesi-kurulmali\/\"},\"wordCount\":487,\"commentCount\":0,\"publisher\":{\"@id\":\"https:\/\/denizcankizil.tr\/de\/#organization\"},\"articleSection\":[\"G\u00fcndem\",\"Uncategorized\"],\"inLanguage\":\"uk\",\"potentialAction\":[{\"@type\":\"CommentAction\",\"name\":\"Comment\",\"target\":[\"https:\/\/denizcankizil.tr\/uk\/haberler\/gundem\/chpli-ari-antalyaya-bolge-idare-mahkemesi-kurulmali\/#respond\"]}]},{\"@type\":\"WebPage\",\"@id\":\"https:\/\/denizcankizil.tr\/uk\/haberler\/gundem\/chpli-ari-antalyaya-bolge-idare-mahkemesi-kurulmali\/\",\"url\":\"https:\/\/denizcankizil.tr\/uk\/haberler\/gundem\/chpli-ari-antalyaya-bolge-idare-mahkemesi-kurulmali\/\",\"name\":\"CHP\u2019li Ar\u0131: Antalya'ya B\u00f6lge \u0130dare Mahkemesi kurulmal\u0131 - Av. Deniz Can K\u0131z\u0131l\",\"isPartOf\":{\"@id\":\"https:\/\/denizcankizil.tr\/de\/#website\"},\"datePublished\":\"2024-12-04T13:41:34+00:00\",\"breadcrumb\":{\"@id\":\"https:\/\/denizcankizil.tr\/uk\/haberler\/gundem\/chpli-ari-antalyaya-bolge-idare-mahkemesi-kurulmali\/#breadcrumb\"},\"inLanguage\":\"uk\",\"potentialAction\":[{\"@type\":\"ReadAction\",\"target\":[\"https:\/\/denizcankizil.tr\/uk\/haberler\/gundem\/chpli-ari-antalyaya-bolge-idare-mahkemesi-kurulmali\/\"]}]},{\"@type\":\"BreadcrumbList\",\"@id\":\"https:\/\/denizcankizil.tr\/uk\/haberler\/gundem\/chpli-ari-antalyaya-bolge-idare-mahkemesi-kurulmali\/#breadcrumb\",\"itemListElement\":[{\"@type\":\"ListItem\",\"position\":1,\"name\":\"Home\",\"item\":\"https:\/\/denizcankizil.tr\/de\/\"},{\"@type\":\"ListItem\",\"position\":2,\"name\":\"CHP\u2019li Ar\u0131: Antalya&#8217;ya B\u00f6lge \u0130dare Mahkemesi kurulmal\u0131\"}]},{\"@type\":\"WebSite\",\"@id\":\"https:\/\/denizcankizil.tr\/de\/#website\",\"url\":\"https:\/\/denizcankizil.tr\/de\/\",\"name\":\"Av. Deniz Can K\u0131z\u0131l\",\"description\":\"Avukat Deniz Can K\u0131z\u0131l Antalya Barosu\",\"publisher\":{\"@id\":\"https:\/\/denizcankizil.tr\/de\/#organization\"},\"potentialAction\":[{\"@type\":\"SearchAction\",\"target\":{\"@type\":\"EntryPoint\",\"urlTemplate\":\"https:\/\/denizcankizil.tr\/de\/?s={search_term_string}\"},\"query-input\":{\"@type\":\"PropertyValueSpecification\",\"valueRequired\":true,\"valueName\":\"search_term_string\"}}],\"inLanguage\":\"uk\"},{\"@type\":\"Organization\",\"@id\":\"https:\/\/denizcankizil.tr\/de\/#organization\",\"name\":\"Av. Deniz Can K\u0131z\u0131l\",\"url\":\"https:\/\/denizcankizil.tr\/de\/\",\"logo\":{\"@type\":\"ImageObject\",\"inLanguage\":\"uk\",\"@id\":\"https:\/\/denizcankizil.tr\/de\/#\/schema\/logo\/image\/\",\"url\":\"https:\/\/denizcankizil.tr\/wp-content\/uploads\/2024\/10\/siyah-logo-svg.svg\",\"contentUrl\":\"https:\/\/denizcankizil.tr\/wp-content\/uploads\/2024\/10\/siyah-logo-svg.svg\",\"width\":1080,\"height\":1080,\"caption\":\"Av. Deniz Can K\u0131z\u0131l\"},\"image\":{\"@id\":\"https:\/\/denizcankizil.tr\/de\/#\/schema\/logo\/image\/\"}}]}<\/script>\n<!-- \/ Yoast SEO Premium plugin. -->","yoast_head_json":{"title":"CHP\u2019li Ar\u0131: Antalya'ya B\u00f6lge \u0130dare Mahkemesi kurulmal\u0131 - Av. Deniz Can K\u0131z\u0131l","robots":{"index":"index","follow":"follow","max-snippet":"max-snippet:-1","max-image-preview":"max-image-preview:large","max-video-preview":"max-video-preview:-1"},"canonical":"https:\/\/denizcankizil.tr\/uk\/haberler\/gundem\/chpli-ari-antalyaya-bolge-idare-mahkemesi-kurulmali\/","og_locale":"uk_UA","og_type":"article","og_title":"CHP\u2019li Ar\u0131: Antalya'ya B\u00f6lge \u0130dare Mahkemesi kurulmal\u0131","og_description":"Plan ve B\u00fct\u00e7e Komisyonu \u00fcyesi CHP Antalya Milletvekili Av. Cavit Ar\u0131, 2025 y\u0131l\u0131 Adalet Bakanl\u0131\u011f\u0131 b\u00fct\u00e7e g\u00f6r\u00fc\u015fmeleri s\u0131ras\u0131nda konu\u015fma yapt\u0131. Taleplerini Adalet Bakan\u0131 Y\u0131lmaz Tun\u00e7\u2019a direk olarak ileten Ar\u0131&#8217;n\u0131n g\u00fcndeminde B\u00f6lge \u0130dare Mahkemesi, Asliye Ticaret Mahkemesi ba\u015fl\u0131klar\u0131n\u0131n yan\u0131 s\u0131ra asliye binalar\u0131nda g\u00f6zlemlenen yetersizlikler yer ald\u0131. ANTALYA NEDEN KONYA&#8217;YA BA\u011eLI? T\u00fcrkiye\u2019nin bir\u00e7ok alanda ilk b\u00fcy\u00fck 5 ili aras\u0131nda yer alan Antalya\u2019n\u0131n idari dava yo\u011funlu\u011funa ra\u011fmen Konya B\u00f6lge \u0130dare Mahkemesi&#8217;ne ba\u011fl\u0131 olmas\u0131n\u0131n \u00e7ok b\u00fcy\u00fck sorunlar yaratt\u0131\u011f\u0131na dikkat \u00e7eken Ar\u0131, &#8220;Bu nedenle Antalya\u2019ya bir B\u00f6lge \u0130dare Mahkemesinin kurulmas\u0131 ve B\u00f6lge Adliye Mahkemesinde ba\u011fl\u0131 olan illerinde ayn\u0131 \u015fekilde Antalya B\u00f6lge \u0130dare Mahkemesi&#8217;ne ba\u011flanmas\u0131d\u0131r. \u0130\u015f yo\u011funlu\u011fu dikkate al\u0131narak Manavgat ve Bat\u0131 il\u00e7elerini kapsayacak \u015fekilde Kumluca il\u00e7elerine Asliye Ticaret Mahkemesi kurulmas\u0131 gerekmektedir&#8221; dedi.\u00a0 &#8220;YETERS\u0130Z DURUMDA&#8221; Kemer il\u00e7esinde yeni adliye binas\u0131 in\u015faat\u0131n\u0131n ba\u015flad\u0131\u011f\u0131n\u0131 hat\u0131rlatan Ar\u0131, &#8220;Ancak Ka\u015f ve Elmal\u0131 il\u00e7esinde yeni adliye binas\u0131na yetersiz duruma gelen Manavgat Adliyesi&#8217;nin de ek binalar ile b\u00fcy\u00fct\u00fclmesine ihtiya\u00e7 bulunmaktad\u0131r&#8221; diye konu\u015ftu.\u00a0 AC\u0130L OLARAK T\u00dcP GE\u00c7\u0130T YAPILMALI Antalya Adliyesi ile B\u00f6lge Adliyesi aras\u0131na ge\u00e7i\u015fi sa\u011flayacak bir t\u00fcp ge\u00e7it yap\u0131lmas\u0131 gerekti\u011fini de sal\u0131k veren Ar\u0131, iki adliye aras\u0131ndaki ge\u00e7i\u015flerin mevsim durumuna g\u00f6re zorluk ya\u015fatt\u0131\u011f\u0131na dikkat \u00e7ekti. Ar\u0131, &#8220;Yap\u0131lacak t\u00fcp ge\u00e7it Gerek Avukat ve personelin ge\u00e7i\u015finin sa\u011flanaca\u011f\u0131 ve gerekse de dosya naklinde \u00e7ok kolayl\u0131k &hellip;","og_url":"https:\/\/denizcankizil.tr\/uk\/haberler\/gundem\/chpli-ari-antalyaya-bolge-idare-mahkemesi-kurulmali\/","og_site_name":"Av. Deniz Can K\u0131z\u0131l","article_published_time":"2024-12-04T13:41:34+00:00","twitter_card":"summary_large_image","twitter_misc":{"\u041f\u0440\u0438\u0431\u043b. \u0447\u0430\u0441 \u0447\u0438\u0442\u0430\u043d\u043d\u044f":"2 \u0445\u0432\u0438\u043b\u0438\u043d\u0438"},"schema":{"@context":"https:\/\/schema.org","@graph":[{"@type":"Article","@id":"https:\/\/denizcankizil.tr\/uk\/haberler\/gundem\/chpli-ari-antalyaya-bolge-idare-mahkemesi-kurulmali\/#article","isPartOf":{"@id":"https:\/\/denizcankizil.tr\/uk\/haberler\/gundem\/chpli-ari-antalyaya-bolge-idare-mahkemesi-kurulmali\/"},"author":{"name":"","@id":""},"headline":"CHP\u2019li Ar\u0131: Antalya&#8217;ya B\u00f6lge \u0130dare Mahkemesi kurulmal\u0131","datePublished":"2024-12-04T13:41:34+00:00","mainEntityOfPage":{"@id":"https:\/\/denizcankizil.tr\/uk\/haberler\/gundem\/chpli-ari-antalyaya-bolge-idare-mahkemesi-kurulmali\/"},"wordCount":487,"commentCount":0,"publisher":{"@id":"https:\/\/denizcankizil.tr\/de\/#organization"},"articleSection":["G\u00fcndem","Uncategorized"],"inLanguage":"uk","potentialAction":[{"@type":"CommentAction","name":"Comment","target":["https:\/\/denizcankizil.tr\/uk\/haberler\/gundem\/chpli-ari-antalyaya-bolge-idare-mahkemesi-kurulmali\/#respond"]}]},{"@type":"WebPage","@id":"https:\/\/denizcankizil.tr\/uk\/haberler\/gundem\/chpli-ari-antalyaya-bolge-idare-mahkemesi-kurulmali\/","url":"https:\/\/denizcankizil.tr\/uk\/haberler\/gundem\/chpli-ari-antalyaya-bolge-idare-mahkemesi-kurulmali\/","name":"CHP\u2019li Ar\u0131: Antalya'ya B\u00f6lge \u0130dare Mahkemesi kurulmal\u0131 - Av. Deniz Can K\u0131z\u0131l","isPartOf":{"@id":"https:\/\/denizcankizil.tr\/de\/#website"},"datePublished":"2024-12-04T13:41:34+00:00","breadcrumb":{"@id":"https:\/\/denizcankizil.tr\/uk\/haberler\/gundem\/chpli-ari-antalyaya-bolge-idare-mahkemesi-kurulmali\/#breadcrumb"},"inLanguage":"uk","potentialAction":[{"@type":"ReadAction","target":["https:\/\/denizcankizil.tr\/uk\/haberler\/gundem\/chpli-ari-antalyaya-bolge-idare-mahkemesi-kurulmali\/"]}]},{"@type":"BreadcrumbList","@id":"https:\/\/denizcankizil.tr\/uk\/haberler\/gundem\/chpli-ari-antalyaya-bolge-idare-mahkemesi-kurulmali\/#breadcrumb","itemListElement":[{"@type":"ListItem","position":1,"name":"Home","item":"https:\/\/denizcankizil.tr\/de\/"},{"@type":"ListItem","position":2,"name":"CHP\u2019li Ar\u0131: Antalya&#8217;ya B\u00f6lge \u0130dare Mahkemesi kurulmal\u0131"}]},{"@type":"WebSite","@id":"https:\/\/denizcankizil.tr\/de\/#website","url":"https:\/\/denizcankizil.tr\/de\/","name":"Av. Deniz Can K\u0131z\u0131l","description":"Avukat Deniz Can K\u0131z\u0131l Antalya Barosu","publisher":{"@id":"https:\/\/denizcankizil.tr\/de\/#organization"},"potentialAction":[{"@type":"SearchAction","target":{"@type":"EntryPoint","urlTemplate":"https:\/\/denizcankizil.tr\/de\/?s={search_term_string}"},"query-input":{"@type":"PropertyValueSpecification","valueRequired":true,"valueName":"search_term_string"}}],"inLanguage":"uk"},{"@type":"Organization","@id":"https:\/\/denizcankizil.tr\/de\/#organization","name":"Av. Deniz Can K\u0131z\u0131l","url":"https:\/\/denizcankizil.tr\/de\/","logo":{"@type":"ImageObject","inLanguage":"uk","@id":"https:\/\/denizcankizil.tr\/de\/#\/schema\/logo\/image\/","url":"https:\/\/denizcankizil.tr\/wp-content\/uploads\/2024\/10\/siyah-logo-svg.svg","contentUrl":"https:\/\/denizcankizil.tr\/wp-content\/uploads\/2024\/10\/siyah-logo-svg.svg","width":1080,"height":1080,"caption":"Av. Deniz Can K\u0131z\u0131l"},"image":{"@id":"https:\/\/denizcankizil.tr\/de\/#\/schema\/logo\/image\/"}}]}},"_links":{"self":[{"href":"https:\/\/denizcankizil.tr\/uk\/wp-json\/wp\/v2\/posts\/19160","targetHints":{"allow":["GET"]}}],"collection":[{"href":"https:\/\/denizcankizil.tr\/uk\/wp-json\/wp\/v2\/posts"}],"about":[{"href":"https:\/\/denizcankizil.tr\/uk\/wp-json\/wp\/v2\/types\/post"}],"replies":[{"embeddable":true,"href":"https:\/\/denizcankizil.tr\/uk\/wp-json\/wp\/v2\/comments?post=19160"}],"version-history":[{"count":0,"href":"https:\/\/denizcankizil.tr\/uk\/wp-json\/wp\/v2\/posts\/19160\/revisions"}],"wp:attachment":[{"href":"https:\/\/denizcankizil.tr\/uk\/wp-json\/wp\/v2\/media?parent=19160"}],"wp:term":[{"taxonomy":"category","embeddable":true,"href":"https:\/\/denizcankizil.tr\/uk\/wp-json\/wp\/v2\/categories?post=19160"},{"taxonomy":"post_tag","embeddable":true,"href":"https:\/\/denizcankizil.tr\/uk\/wp-json\/wp\/v2\/tags?post=19160"}],"curies":[{"name":"wp","href":"https:\/\/api.w.org\/{rel}","templated":true}]}}