{"id":19150,"date":"2024-12-04T15:41:52","date_gmt":"2024-12-04T12:41:52","guid":{"rendered":"https:\/\/denizcankizil.tr\/uncategorized-tr\/baskan-yildizdan-yurekleri-isitacak-cagri\/"},"modified":"2024-12-04T15:41:52","modified_gmt":"2024-12-04T12:41:52","slug":"baskan-yildizdan-yurekleri-isitacak-cagri","status":"publish","type":"post","link":"https:\/\/denizcankizil.tr\/uk\/haberler\/gundem\/baskan-yildizdan-yurekleri-isitacak-cagri\/","title":{"rendered":"Ba\u015fkan Y\u0131ld\u0131z\u2019dan Y\u00fcrekleri Is\u0131tacak \u00c7a\u011fr\u0131"},"content":{"rendered":"<p>Geyve Belediye Ba\u015fkan\u0131 Sel\u00e7uk Y\u0131ld\u0131z bug\u00fcn sosyal medya hesab\u0131ndan yapt\u0131\u011f\u0131 payla\u015f\u0131mda, \u201cGeyve\u2019de bir evlad\u0131m\u0131z a\u00e7 ve a\u00e7\u0131kta kal\u0131rsa, bir evlad\u0131m\u0131z so\u011fuk yata\u011fa girer ise bu vebal benim ve ekibimin boynunad\u0131r.\u201d dedi.<\/p>\n<p>\u200bGeyve Belediye Ba\u015fkan\u0131 Sel\u00e7uk Y\u0131ld\u0131z bug\u00fcn sosyal medya hesab\u0131ndan yapt\u0131\u011f\u0131 payla\u015f\u0131mda, \u201cGeyve\u2019de bir evlad\u0131m\u0131z a\u00e7 ve a\u00e7\u0131kta kal\u0131rsa, bir evlad\u0131m\u0131z so\u011fuk yata\u011fa girer ise bu vebal benim ve ekibimin boynunad\u0131r.\u201d dedi.\u00a0<\/p>\n<p>\u200bHaberin Al\u0131nt\u0131land\u0131\u011f\u0131 Kaynak: www.iskenderun.org<\/p>","protected":false},"excerpt":{"rendered":"<p>Geyve Belediye Ba\u015fkan\u0131 Sel\u00e7uk Y\u0131ld\u0131z bug\u00fcn sosyal medya hesab\u0131ndan yapt\u0131\u011f\u0131 payla\u015f\u0131mda, \u201cGeyve\u2019de bir evlad\u0131m\u0131z a\u00e7 ve a\u00e7\u0131kta kal\u0131rsa, bir evlad\u0131m\u0131z so\u011fuk yata\u011fa girer ise bu vebal benim ve ekibimin boynunad\u0131r.\u201d dedi. \u200bGeyve Belediye Ba\u015fkan\u0131 Sel\u00e7uk Y\u0131ld\u0131z bug\u00fcn sosyal medya hesab\u0131ndan yapt\u0131\u011f\u0131 payla\u015f\u0131mda, \u201cGeyve\u2019de bir evlad\u0131m\u0131z a\u00e7 ve a\u00e7\u0131kta kal\u0131rsa, bir evlad\u0131m\u0131z so\u011fuk yata\u011fa girer ise bu vebal benim ve ekibimin boynunad\u0131r.\u201d dedi.\u00a0 \u200bHaberin Al\u0131nt\u0131land\u0131\u011f\u0131 Kaynak: www.iskenderun.org<\/p>","protected":false},"author":0,"featured_media":0,"comment_status":"open","ping_status":"open","sticky":false,"template":"","format":"standard","meta":{"_acf_changed":false,"footnotes":""},"categories":[24,535],"tags":[],"class_list":["post-19150","post","type-post","status-publish","format-standard","has-post-thumbnail","hentry","category-gundem","category-uncategorized-tr"],"acf":[],"yoast_head":"<!-- This site is optimized with the Yoast SEO Premium plugin v26.6 (Yoast SEO v27.1.1) - https:\/\/yoast.com\/product\/yoast-seo-premium-wordpress\/ -->\n<title>Ba\u015fkan Y\u0131ld\u0131z\u2019dan Y\u00fcrekleri Is\u0131tacak \u00c7a\u011fr\u0131 - Av. Deniz Can K\u0131z\u0131l<\/title>\n<meta name=\"robots\" content=\"index, follow, max-snippet:-1, max-image-preview:large, max-video-preview:-1\" \/>\n<link rel=\"canonical\" href=\"https:\/\/denizcankizil.tr\/uk\/haberler\/gundem\/baskan-yildizdan-yurekleri-isitacak-cagri\/\" \/>\n<meta property=\"og:locale\" content=\"uk_UA\" \/>\n<meta property=\"og:type\" content=\"article\" \/>\n<meta property=\"og:title\" content=\"Ba\u015fkan Y\u0131ld\u0131z\u2019dan Y\u00fcrekleri Is\u0131tacak \u00c7a\u011fr\u0131\" \/>\n<meta property=\"og:description\" content=\"Geyve Belediye Ba\u015fkan\u0131 Sel\u00e7uk Y\u0131ld\u0131z bug\u00fcn sosyal medya hesab\u0131ndan yapt\u0131\u011f\u0131 payla\u015f\u0131mda, \u201cGeyve\u2019de bir evlad\u0131m\u0131z a\u00e7 ve a\u00e7\u0131kta kal\u0131rsa, bir evlad\u0131m\u0131z so\u011fuk yata\u011fa girer ise bu vebal benim ve ekibimin boynunad\u0131r.\u201d dedi. \u200bGeyve Belediye Ba\u015fkan\u0131 Sel\u00e7uk Y\u0131ld\u0131z bug\u00fcn sosyal medya hesab\u0131ndan yapt\u0131\u011f\u0131 payla\u015f\u0131mda, \u201cGeyve\u2019de bir evlad\u0131m\u0131z a\u00e7 ve a\u00e7\u0131kta kal\u0131rsa, bir evlad\u0131m\u0131z so\u011fuk yata\u011fa girer ise bu vebal benim ve ekibimin boynunad\u0131r.\u201d dedi.\u00a0 \u200bHaberin Al\u0131nt\u0131land\u0131\u011f\u0131 Kaynak: www.iskenderun.org\" \/>\n<meta property=\"og:url\" content=\"https:\/\/denizcankizil.tr\/uk\/haberler\/gundem\/baskan-yildizdan-yurekleri-isitacak-cagri\/\" \/>\n<meta property=\"og:site_name\" content=\"Av. Deniz Can K\u0131z\u0131l\" \/>\n<meta property=\"article:published_time\" content=\"2024-12-04T12:41:52+00:00\" \/>\n<meta name=\"twitter:card\" content=\"summary_large_image\" \/>\n<meta name=\"twitter:label1\" content=\"\u041f\u0440\u0438\u0431\u043b. \u0447\u0430\u0441 \u0447\u0438\u0442\u0430\u043d\u043d\u044f\" \/>\n\t<meta name=\"twitter:data1\" content=\"1 \u0445\u0432\u0438\u043b\u0438\u043d\u0430\" \/>\n<script type=\"application\/ld+json\" class=\"yoast-schema-graph\">{\"@context\":\"https:\/\/schema.org\",\"@graph\":[{\"@type\":\"Article\",\"@id\":\"https:\/\/denizcankizil.tr\/uk\/haberler\/gundem\/baskan-yildizdan-yurekleri-isitacak-cagri\/#article\",\"isPartOf\":{\"@id\":\"https:\/\/denizcankizil.tr\/uk\/haberler\/gundem\/baskan-yildizdan-yurekleri-isitacak-cagri\/\"},\"author\":{\"name\":\"\",\"@id\":\"\"},\"headline\":\"Ba\u015fkan Y\u0131ld\u0131z\u2019dan Y\u00fcrekleri Is\u0131tacak \u00c7a\u011fr\u0131\",\"datePublished\":\"2024-12-04T12:41:52+00:00\",\"mainEntityOfPage\":{\"@id\":\"https:\/\/denizcankizil.tr\/uk\/haberler\/gundem\/baskan-yildizdan-yurekleri-isitacak-cagri\/\"},\"wordCount\":116,\"commentCount\":0,\"publisher\":{\"@id\":\"https:\/\/denizcankizil.tr\/#organization\"},\"articleSection\":[\"G\u00fcndem\",\"Uncategorized\"],\"inLanguage\":\"uk\",\"potentialAction\":[{\"@type\":\"CommentAction\",\"name\":\"Comment\",\"target\":[\"https:\/\/denizcankizil.tr\/uk\/haberler\/gundem\/baskan-yildizdan-yurekleri-isitacak-cagri\/#respond\"]}]},{\"@type\":\"WebPage\",\"@id\":\"https:\/\/denizcankizil.tr\/uk\/haberler\/gundem\/baskan-yildizdan-yurekleri-isitacak-cagri\/\",\"url\":\"https:\/\/denizcankizil.tr\/uk\/haberler\/gundem\/baskan-yildizdan-yurekleri-isitacak-cagri\/\",\"name\":\"Ba\u015fkan Y\u0131ld\u0131z\u2019dan Y\u00fcrekleri Is\u0131tacak \u00c7a\u011fr\u0131 - Av. Deniz Can K\u0131z\u0131l\",\"isPartOf\":{\"@id\":\"https:\/\/denizcankizil.tr\/#website\"},\"datePublished\":\"2024-12-04T12:41:52+00:00\",\"breadcrumb\":{\"@id\":\"https:\/\/denizcankizil.tr\/uk\/haberler\/gundem\/baskan-yildizdan-yurekleri-isitacak-cagri\/#breadcrumb\"},\"inLanguage\":\"uk\",\"potentialAction\":[{\"@type\":\"ReadAction\",\"target\":[\"https:\/\/denizcankizil.tr\/uk\/haberler\/gundem\/baskan-yildizdan-yurekleri-isitacak-cagri\/\"]}]},{\"@type\":\"BreadcrumbList\",\"@id\":\"https:\/\/denizcankizil.tr\/uk\/haberler\/gundem\/baskan-yildizdan-yurekleri-isitacak-cagri\/#breadcrumb\",\"itemListElement\":[{\"@type\":\"ListItem\",\"position\":1,\"name\":\"Home\",\"item\":\"https:\/\/denizcankizil.tr\/uk\/\"},{\"@type\":\"ListItem\",\"position\":2,\"name\":\"Ba\u015fkan Y\u0131ld\u0131z\u2019dan Y\u00fcrekleri Is\u0131tacak \u00c7a\u011fr\u0131\"}]},{\"@type\":\"WebSite\",\"@id\":\"https:\/\/denizcankizil.tr\/#website\",\"url\":\"https:\/\/denizcankizil.tr\/\",\"name\":\"Av. Deniz Can K\u0131z\u0131l\",\"description\":\"Avukat Deniz Can K\u0131z\u0131l Antalya Barosu\",\"publisher\":{\"@id\":\"https:\/\/denizcankizil.tr\/#organization\"},\"potentialAction\":[{\"@type\":\"SearchAction\",\"target\":{\"@type\":\"EntryPoint\",\"urlTemplate\":\"https:\/\/denizcankizil.tr\/?s={search_term_string}\"},\"query-input\":{\"@type\":\"PropertyValueSpecification\",\"valueRequired\":true,\"valueName\":\"search_term_string\"}}],\"inLanguage\":\"uk\"},{\"@type\":\"Organization\",\"@id\":\"https:\/\/denizcankizil.tr\/#organization\",\"name\":\"Av. Deniz Can K\u0131z\u0131l\",\"url\":\"https:\/\/denizcankizil.tr\/\",\"logo\":{\"@type\":\"ImageObject\",\"inLanguage\":\"uk\",\"@id\":\"https:\/\/denizcankizil.tr\/#\/schema\/logo\/image\/\",\"url\":\"https:\/\/denizcankizil.tr\/wp-content\/uploads\/2024\/10\/siyah-logo-svg.svg\",\"contentUrl\":\"https:\/\/denizcankizil.tr\/wp-content\/uploads\/2024\/10\/siyah-logo-svg.svg\",\"width\":1080,\"height\":1080,\"caption\":\"Av. Deniz Can K\u0131z\u0131l\"},\"image\":{\"@id\":\"https:\/\/denizcankizil.tr\/#\/schema\/logo\/image\/\"}}]}<\/script>\n<!-- \/ Yoast SEO Premium plugin. -->","yoast_head_json":{"title":"Ba\u015fkan Y\u0131ld\u0131z\u2019dan Y\u00fcrekleri Is\u0131tacak \u00c7a\u011fr\u0131 - Av. Deniz Can K\u0131z\u0131l","robots":{"index":"index","follow":"follow","max-snippet":"max-snippet:-1","max-image-preview":"max-image-preview:large","max-video-preview":"max-video-preview:-1"},"canonical":"https:\/\/denizcankizil.tr\/uk\/haberler\/gundem\/baskan-yildizdan-yurekleri-isitacak-cagri\/","og_locale":"uk_UA","og_type":"article","og_title":"Ba\u015fkan Y\u0131ld\u0131z\u2019dan Y\u00fcrekleri Is\u0131tacak \u00c7a\u011fr\u0131","og_description":"Geyve Belediye Ba\u015fkan\u0131 Sel\u00e7uk Y\u0131ld\u0131z bug\u00fcn sosyal medya hesab\u0131ndan yapt\u0131\u011f\u0131 payla\u015f\u0131mda, \u201cGeyve\u2019de bir evlad\u0131m\u0131z a\u00e7 ve a\u00e7\u0131kta kal\u0131rsa, bir evlad\u0131m\u0131z so\u011fuk yata\u011fa girer ise bu vebal benim ve ekibimin boynunad\u0131r.\u201d dedi. \u200bGeyve Belediye Ba\u015fkan\u0131 Sel\u00e7uk Y\u0131ld\u0131z bug\u00fcn sosyal medya hesab\u0131ndan yapt\u0131\u011f\u0131 payla\u015f\u0131mda, \u201cGeyve\u2019de bir evlad\u0131m\u0131z a\u00e7 ve a\u00e7\u0131kta kal\u0131rsa, bir evlad\u0131m\u0131z so\u011fuk yata\u011fa girer ise bu vebal benim ve ekibimin boynunad\u0131r.\u201d dedi.\u00a0 \u200bHaberin Al\u0131nt\u0131land\u0131\u011f\u0131 Kaynak: www.iskenderun.org","og_url":"https:\/\/denizcankizil.tr\/uk\/haberler\/gundem\/baskan-yildizdan-yurekleri-isitacak-cagri\/","og_site_name":"Av. Deniz Can K\u0131z\u0131l","article_published_time":"2024-12-04T12:41:52+00:00","twitter_card":"summary_large_image","twitter_misc":{"\u041f\u0440\u0438\u0431\u043b. \u0447\u0430\u0441 \u0447\u0438\u0442\u0430\u043d\u043d\u044f":"1 \u0445\u0432\u0438\u043b\u0438\u043d\u0430"},"schema":{"@context":"https:\/\/schema.org","@graph":[{"@type":"Article","@id":"https:\/\/denizcankizil.tr\/uk\/haberler\/gundem\/baskan-yildizdan-yurekleri-isitacak-cagri\/#article","isPartOf":{"@id":"https:\/\/denizcankizil.tr\/uk\/haberler\/gundem\/baskan-yildizdan-yurekleri-isitacak-cagri\/"},"author":{"name":"","@id":""},"headline":"Ba\u015fkan Y\u0131ld\u0131z\u2019dan Y\u00fcrekleri Is\u0131tacak \u00c7a\u011fr\u0131","datePublished":"2024-12-04T12:41:52+00:00","mainEntityOfPage":{"@id":"https:\/\/denizcankizil.tr\/uk\/haberler\/gundem\/baskan-yildizdan-yurekleri-isitacak-cagri\/"},"wordCount":116,"commentCount":0,"publisher":{"@id":"https:\/\/denizcankizil.tr\/#organization"},"articleSection":["G\u00fcndem","Uncategorized"],"inLanguage":"uk","potentialAction":[{"@type":"CommentAction","name":"Comment","target":["https:\/\/denizcankizil.tr\/uk\/haberler\/gundem\/baskan-yildizdan-yurekleri-isitacak-cagri\/#respond"]}]},{"@type":"WebPage","@id":"https:\/\/denizcankizil.tr\/uk\/haberler\/gundem\/baskan-yildizdan-yurekleri-isitacak-cagri\/","url":"https:\/\/denizcankizil.tr\/uk\/haberler\/gundem\/baskan-yildizdan-yurekleri-isitacak-cagri\/","name":"Ba\u015fkan Y\u0131ld\u0131z\u2019dan Y\u00fcrekleri Is\u0131tacak \u00c7a\u011fr\u0131 - Av. Deniz Can K\u0131z\u0131l","isPartOf":{"@id":"https:\/\/denizcankizil.tr\/#website"},"datePublished":"2024-12-04T12:41:52+00:00","breadcrumb":{"@id":"https:\/\/denizcankizil.tr\/uk\/haberler\/gundem\/baskan-yildizdan-yurekleri-isitacak-cagri\/#breadcrumb"},"inLanguage":"uk","potentialAction":[{"@type":"ReadAction","target":["https:\/\/denizcankizil.tr\/uk\/haberler\/gundem\/baskan-yildizdan-yurekleri-isitacak-cagri\/"]}]},{"@type":"BreadcrumbList","@id":"https:\/\/denizcankizil.tr\/uk\/haberler\/gundem\/baskan-yildizdan-yurekleri-isitacak-cagri\/#breadcrumb","itemListElement":[{"@type":"ListItem","position":1,"name":"Home","item":"https:\/\/denizcankizil.tr\/uk\/"},{"@type":"ListItem","position":2,"name":"Ba\u015fkan Y\u0131ld\u0131z\u2019dan Y\u00fcrekleri Is\u0131tacak \u00c7a\u011fr\u0131"}]},{"@type":"WebSite","@id":"https:\/\/denizcankizil.tr\/#website","url":"https:\/\/denizcankizil.tr\/","name":"Av. Deniz Can K\u0131z\u0131l","description":"Avukat Deniz Can K\u0131z\u0131l Antalya Barosu","publisher":{"@id":"https:\/\/denizcankizil.tr\/#organization"},"potentialAction":[{"@type":"SearchAction","target":{"@type":"EntryPoint","urlTemplate":"https:\/\/denizcankizil.tr\/?s={search_term_string}"},"query-input":{"@type":"PropertyValueSpecification","valueRequired":true,"valueName":"search_term_string"}}],"inLanguage":"uk"},{"@type":"Organization","@id":"https:\/\/denizcankizil.tr\/#organization","name":"Av. Deniz Can K\u0131z\u0131l","url":"https:\/\/denizcankizil.tr\/","logo":{"@type":"ImageObject","inLanguage":"uk","@id":"https:\/\/denizcankizil.tr\/#\/schema\/logo\/image\/","url":"https:\/\/denizcankizil.tr\/wp-content\/uploads\/2024\/10\/siyah-logo-svg.svg","contentUrl":"https:\/\/denizcankizil.tr\/wp-content\/uploads\/2024\/10\/siyah-logo-svg.svg","width":1080,"height":1080,"caption":"Av. Deniz Can K\u0131z\u0131l"},"image":{"@id":"https:\/\/denizcankizil.tr\/#\/schema\/logo\/image\/"}}]}},"_links":{"self":[{"href":"https:\/\/denizcankizil.tr\/uk\/wp-json\/wp\/v2\/posts\/19150","targetHints":{"allow":["GET"]}}],"collection":[{"href":"https:\/\/denizcankizil.tr\/uk\/wp-json\/wp\/v2\/posts"}],"about":[{"href":"https:\/\/denizcankizil.tr\/uk\/wp-json\/wp\/v2\/types\/post"}],"replies":[{"embeddable":true,"href":"https:\/\/denizcankizil.tr\/uk\/wp-json\/wp\/v2\/comments?post=19150"}],"version-history":[{"count":0,"href":"https:\/\/denizcankizil.tr\/uk\/wp-json\/wp\/v2\/posts\/19150\/revisions"}],"wp:attachment":[{"href":"https:\/\/denizcankizil.tr\/uk\/wp-json\/wp\/v2\/media?parent=19150"}],"wp:term":[{"taxonomy":"category","embeddable":true,"href":"https:\/\/denizcankizil.tr\/uk\/wp-json\/wp\/v2\/categories?post=19150"},{"taxonomy":"post_tag","embeddable":true,"href":"https:\/\/denizcankizil.tr\/uk\/wp-json\/wp\/v2\/tags?post=19150"}],"curies":[{"name":"wp","href":"https:\/\/api.w.org\/{rel}","templated":true}]}}