{"id":18941,"date":"2024-12-03T16:42:07","date_gmt":"2024-12-03T13:42:07","guid":{"rendered":"https:\/\/denizcankizil.tr\/uncategorized-tr\/akdeniz-universitesinde-anlamli-bulusma\/"},"modified":"2024-12-03T16:42:07","modified_gmt":"2024-12-03T13:42:07","slug":"akdeniz-universitesinde-anlamli-bulusma","status":"publish","type":"post","link":"https:\/\/denizcankizil.tr\/uk\/haberler\/antalya\/akdeniz-universitesinde-anlamli-bulusma\/","title":{"rendered":"Akdeniz \u00dcniversitesi&#8217;nde anlaml\u0131 bulu\u015fma"},"content":{"rendered":"<p>Rekt\u00f6r Prof. Dr. \u00d6zlenen \u00d6zkan, Akdeniz \u00dcniversitesi Hastanesi A Blok Kokteyl Salonunda engelli \u00e7al\u0131\u015fanlarla bir araya geldi. Etkinli\u011fe kat\u0131lmak i\u00e7in ameliyathaneden \u00e7\u0131k\u0131p geldi\u011fini ifade eden Akdeniz \u00dcniversitesi Rekt\u00f6r\u00fc Prof. Dr. \u00d6zlenen \u00d6zkan, \u201cAmeliyattan \u00e7\u0131kt\u0131m buraya ko\u015farak geldim, sizlerle birlikte olmak i\u00e7in. Bizim i\u015fimizde genel de uzvu olmayan insanlar\u0131 tedavi etmek. Bu anlamda sizlerin de az \u00e7ok neler ya\u015fad\u0131\u011f\u0131n\u0131 biliyorum ve sizle empati yapmaya \u00e7al\u0131\u015f\u0131yorum. Y\u00f6netici olarak da bizim en \u00f6nemli i\u015fimiz sizlerin hayat\u0131n\u0131 daha ya\u015fanabilir k\u0131lmak, di\u011fer insanlarla daha e\u015fit bir d\u00fcnya sa\u011flamak\u201d dedi.<\/p>\n<p>\u201c\u00d6nemli olan g\u00f6n\u00fclden g\u00f6n\u00fcle k\u00f6pr\u00fcler kurabilmek\u201d<br \/>\nG\u00f6reve geldikleri g\u00fcnden beri kamp\u00fcs\u00fc ve hastaneyi engelliler i\u00e7in daha ya\u015fan\u0131labilir k\u0131lmaya \u00e7al\u0131\u015ft\u0131\u011f\u0131n\u0131 ifade eden Rekt\u00f6r \u00d6zkan, \u201cBurada \u00f6nemli olan g\u00f6n\u00fclden g\u00f6n\u00fcle k\u00f6pr\u00fcler kurabilmek. Umar\u0131m o k\u00f6pr\u00fcleri kurabilirmi\u015fizdir. Bundan sonraki s\u00fcre\u00e7te de ihtiyac\u0131n\u0131z ne varsa her zaman ileti\u015fimde kalmak bizim i\u00e7in \u00e7ok k\u0131ymetli. \u00d6nemli olan d\u00fcnyan\u0131n herkes ad\u0131na daha e\u015fit, daha g\u00fczel olmas\u0131. \u0130yi ki vars\u0131n\u0131z. Neye ihtiyac\u0131n\u0131z olursa bunlar\u0131 kolayla\u015ft\u0131rmakla y\u00fck\u00fcml\u00fcy\u00fcz. Yeter ki g\u00f6n\u00fcl engeli olmas\u0131n, fiziksel engeller bir \u015fekilde y\u0131k\u0131l\u0131yor. Umar\u0131m d\u00fcnya daha e\u015fit, daha g\u00fczel, daha sa\u011fl\u0131kl\u0131 ve daha mutlu olur\u201d \u015feklinde konu\u015ftu.<\/p>\n<p>\u201cB\u00fct\u00fcn \u00e7al\u0131\u015fanlar\u0131m\u0131z \u00e7ok \u00f6nemli rol al\u0131yor\u201d<br \/>\nUzun zamand\u0131r b\u00f6yle etkinliklerle bir araya gelmek istediklerini vurgulayan Hastane Ba\u015fhekimi Prof. Dr. Y\u0131ld\u0131ray \u00c7ete ise \u201cHasta bak\u0131m\u0131n\u0131n t\u00fcm\u00fc, b\u00fct\u00fcn \u00e7al\u0131\u015fanlarla burada ger\u00e7ekle\u015fen bir i\u015f. Hastan\u0131n kamp\u00fcse girmesiyle ba\u015flay\u0131p hastan\u0131n buradan taburculu\u011fuyla biten bir s\u00fcre\u00e7. B\u00fct\u00fcn bu s\u00fcre\u00e7 i\u00e7erisinde sizler, b\u00fct\u00fcn \u00e7al\u0131\u015fanlar\u0131m\u0131z \u00e7ok \u00f6nemli rol al\u0131yorlar. Sizlerle birlikte olabilece\u011fimiz her t\u00fcrl\u00fc f\u0131rsat\u0131 de\u011ferlendirmek istiyoruz. Bu y\u00fczden \u00f6n\u00fcm\u00fczdeki d\u00f6nemde de bu tarz etkileri daha s\u0131k yapmay\u0131 planl\u0131yoruz\u201d dedi.<br \/>\nRekt\u00f6r \u00d6zkan, hastane \u00e7al\u0131\u015fan\u0131 Necibe Evrim Tong\u00fcl\u2019e g\u00fcn\u00fcn an\u0131s\u0131na \u00e7i\u00e7ek takdim etti. Rekt\u00f6r \u00d6zkan daha sonra kat\u0131l\u0131mc\u0131larla bir s\u00fcre sohbet etti.<\/p>\n<p>Kaynak: www.kanalv.com.tr Haber Sitesinden Al\u0131nm\u0131\u015ft\u0131r.<\/p>","protected":false},"excerpt":{"rendered":"<p>Rekt\u00f6r Prof. Dr. \u00d6zlenen \u00d6zkan, Akdeniz \u00dcniversitesi Hastanesi A Blok Kokteyl Salonunda engelli \u00e7al\u0131\u015fanlarla bir araya geldi. Etkinli\u011fe kat\u0131lmak i\u00e7in ameliyathaneden \u00e7\u0131k\u0131p geldi\u011fini ifade eden Akdeniz \u00dcniversitesi Rekt\u00f6r\u00fc Prof. Dr. \u00d6zlenen \u00d6zkan, \u201cAmeliyattan \u00e7\u0131kt\u0131m buraya ko\u015farak geldim, sizlerle birlikte olmak i\u00e7in. Bizim i\u015fimizde genel de uzvu olmayan insanlar\u0131 tedavi etmek. Bu anlamda sizlerin de az \u00e7ok neler ya\u015fad\u0131\u011f\u0131n\u0131 biliyorum ve sizle empati yapmaya \u00e7al\u0131\u015f\u0131yorum. Y\u00f6netici olarak da bizim en \u00f6nemli i\u015fimiz sizlerin hayat\u0131n\u0131 daha ya\u015fanabilir k\u0131lmak, di\u011fer insanlarla daha e\u015fit bir d\u00fcnya sa\u011flamak\u201d dedi. \u201c\u00d6nemli olan g\u00f6n\u00fclden g\u00f6n\u00fcle k\u00f6pr\u00fcler kurabilmek\u201d G\u00f6reve geldikleri g\u00fcnden beri kamp\u00fcs\u00fc ve hastaneyi engelliler i\u00e7in daha ya\u015fan\u0131labilir k\u0131lmaya \u00e7al\u0131\u015ft\u0131\u011f\u0131n\u0131 ifade eden Rekt\u00f6r \u00d6zkan, \u201cBurada \u00f6nemli olan g\u00f6n\u00fclden g\u00f6n\u00fcle k\u00f6pr\u00fcler kurabilmek. Umar\u0131m o k\u00f6pr\u00fcleri kurabilirmi\u015fizdir. Bundan sonraki s\u00fcre\u00e7te de ihtiyac\u0131n\u0131z ne varsa her zaman ileti\u015fimde kalmak bizim i\u00e7in \u00e7ok k\u0131ymetli. \u00d6nemli olan d\u00fcnyan\u0131n herkes ad\u0131na daha e\u015fit, daha g\u00fczel olmas\u0131. \u0130yi ki vars\u0131n\u0131z. Neye ihtiyac\u0131n\u0131z olursa bunlar\u0131 kolayla\u015ft\u0131rmakla y\u00fck\u00fcml\u00fcy\u00fcz. Yeter ki g\u00f6n\u00fcl engeli olmas\u0131n, fiziksel engeller bir \u015fekilde y\u0131k\u0131l\u0131yor. Umar\u0131m d\u00fcnya daha e\u015fit, daha g\u00fczel, daha sa\u011fl\u0131kl\u0131 ve daha mutlu olur\u201d \u015feklinde konu\u015ftu. \u201cB\u00fct\u00fcn \u00e7al\u0131\u015fanlar\u0131m\u0131z \u00e7ok \u00f6nemli rol al\u0131yor\u201d Uzun zamand\u0131r b\u00f6yle etkinliklerle bir araya gelmek istediklerini vurgulayan Hastane Ba\u015fhekimi Prof. Dr. Y\u0131ld\u0131ray \u00c7ete ise \u201cHasta bak\u0131m\u0131n\u0131n &hellip;<\/p>","protected":false},"author":0,"featured_media":18942,"comment_status":"open","ping_status":"open","sticky":false,"template":"","format":"standard","meta":{"_acf_changed":false,"footnotes":""},"categories":[26,535],"tags":[],"class_list":["post-18941","post","type-post","status-publish","format-standard","has-post-thumbnail","hentry","category-antalya","category-uncategorized-tr"],"acf":[],"yoast_head":"<!-- This site is optimized with the Yoast SEO Premium plugin v26.6 (Yoast SEO v27.1.1) - https:\/\/yoast.com\/product\/yoast-seo-premium-wordpress\/ -->\n<title>Akdeniz \u00dcniversitesi&#039;nde anlaml\u0131 bulu\u015fma - Av. Deniz Can K\u0131z\u0131l<\/title>\n<meta name=\"robots\" content=\"index, follow, max-snippet:-1, max-image-preview:large, max-video-preview:-1\" \/>\n<link rel=\"canonical\" href=\"https:\/\/denizcankizil.tr\/uk\/haberler\/antalya\/akdeniz-universitesinde-anlamli-bulusma\/\" \/>\n<meta property=\"og:locale\" content=\"uk_UA\" \/>\n<meta property=\"og:type\" content=\"article\" \/>\n<meta property=\"og:title\" content=\"Akdeniz \u00dcniversitesi&#039;nde anlaml\u0131 bulu\u015fma\" \/>\n<meta property=\"og:description\" content=\"Rekt\u00f6r Prof. Dr. \u00d6zlenen \u00d6zkan, Akdeniz \u00dcniversitesi Hastanesi A Blok Kokteyl Salonunda engelli \u00e7al\u0131\u015fanlarla bir araya geldi. Etkinli\u011fe kat\u0131lmak i\u00e7in ameliyathaneden \u00e7\u0131k\u0131p geldi\u011fini ifade eden Akdeniz \u00dcniversitesi Rekt\u00f6r\u00fc Prof. Dr. \u00d6zlenen \u00d6zkan, \u201cAmeliyattan \u00e7\u0131kt\u0131m buraya ko\u015farak geldim, sizlerle birlikte olmak i\u00e7in. Bizim i\u015fimizde genel de uzvu olmayan insanlar\u0131 tedavi etmek. Bu anlamda sizlerin de az \u00e7ok neler ya\u015fad\u0131\u011f\u0131n\u0131 biliyorum ve sizle empati yapmaya \u00e7al\u0131\u015f\u0131yorum. Y\u00f6netici olarak da bizim en \u00f6nemli i\u015fimiz sizlerin hayat\u0131n\u0131 daha ya\u015fanabilir k\u0131lmak, di\u011fer insanlarla daha e\u015fit bir d\u00fcnya sa\u011flamak\u201d dedi. \u201c\u00d6nemli olan g\u00f6n\u00fclden g\u00f6n\u00fcle k\u00f6pr\u00fcler kurabilmek\u201d G\u00f6reve geldikleri g\u00fcnden beri kamp\u00fcs\u00fc ve hastaneyi engelliler i\u00e7in daha ya\u015fan\u0131labilir k\u0131lmaya \u00e7al\u0131\u015ft\u0131\u011f\u0131n\u0131 ifade eden Rekt\u00f6r \u00d6zkan, \u201cBurada \u00f6nemli olan g\u00f6n\u00fclden g\u00f6n\u00fcle k\u00f6pr\u00fcler kurabilmek. Umar\u0131m o k\u00f6pr\u00fcleri kurabilirmi\u015fizdir. Bundan sonraki s\u00fcre\u00e7te de ihtiyac\u0131n\u0131z ne varsa her zaman ileti\u015fimde kalmak bizim i\u00e7in \u00e7ok k\u0131ymetli. \u00d6nemli olan d\u00fcnyan\u0131n herkes ad\u0131na daha e\u015fit, daha g\u00fczel olmas\u0131. \u0130yi ki vars\u0131n\u0131z. Neye ihtiyac\u0131n\u0131z olursa bunlar\u0131 kolayla\u015ft\u0131rmakla y\u00fck\u00fcml\u00fcy\u00fcz. Yeter ki g\u00f6n\u00fcl engeli olmas\u0131n, fiziksel engeller bir \u015fekilde y\u0131k\u0131l\u0131yor. Umar\u0131m d\u00fcnya daha e\u015fit, daha g\u00fczel, daha sa\u011fl\u0131kl\u0131 ve daha mutlu olur\u201d \u015feklinde konu\u015ftu. \u201cB\u00fct\u00fcn \u00e7al\u0131\u015fanlar\u0131m\u0131z \u00e7ok \u00f6nemli rol al\u0131yor\u201d Uzun zamand\u0131r b\u00f6yle etkinliklerle bir araya gelmek istediklerini vurgulayan Hastane Ba\u015fhekimi Prof. Dr. Y\u0131ld\u0131ray \u00c7ete ise \u201cHasta bak\u0131m\u0131n\u0131n &hellip;\" \/>\n<meta property=\"og:url\" content=\"https:\/\/denizcankizil.tr\/uk\/haberler\/antalya\/akdeniz-universitesinde-anlamli-bulusma\/\" \/>\n<meta property=\"og:site_name\" content=\"Av. Deniz Can K\u0131z\u0131l\" \/>\n<meta property=\"article:published_time\" content=\"2024-12-03T13:42:07+00:00\" \/>\n<meta property=\"og:image\" content=\"https:\/\/denizcankizil.tr\/wp-content\/uploads\/2024\/12\/3402-01-WZpFbq.jpeg\" \/>\n\t<meta property=\"og:image:width\" content=\"1280\" \/>\n\t<meta property=\"og:image:height\" content=\"720\" \/>\n\t<meta property=\"og:image:type\" content=\"image\/jpeg\" \/>\n<meta name=\"twitter:card\" content=\"summary_large_image\" \/>\n<meta name=\"twitter:label1\" content=\"\u041f\u0440\u0438\u0431\u043b. \u0447\u0430\u0441 \u0447\u0438\u0442\u0430\u043d\u043d\u044f\" \/>\n\t<meta name=\"twitter:data1\" content=\"2 \u0445\u0432\u0438\u043b\u0438\u043d\u0438\" \/>\n<script type=\"application\/ld+json\" class=\"yoast-schema-graph\">{\"@context\":\"https:\/\/schema.org\",\"@graph\":[{\"@type\":\"Article\",\"@id\":\"https:\/\/denizcankizil.tr\/uk\/haberler\/antalya\/akdeniz-universitesinde-anlamli-bulusma\/#article\",\"isPartOf\":{\"@id\":\"https:\/\/denizcankizil.tr\/uk\/haberler\/antalya\/akdeniz-universitesinde-anlamli-bulusma\/\"},\"author\":{\"name\":\"\",\"@id\":\"\"},\"headline\":\"Akdeniz \u00dcniversitesi&#8217;nde anlaml\u0131 bulu\u015fma\",\"datePublished\":\"2024-12-03T13:42:07+00:00\",\"mainEntityOfPage\":{\"@id\":\"https:\/\/denizcankizil.tr\/uk\/haberler\/antalya\/akdeniz-universitesinde-anlamli-bulusma\/\"},\"wordCount\":433,\"commentCount\":0,\"publisher\":{\"@id\":\"https:\/\/denizcankizil.tr\/#organization\"},\"image\":{\"@id\":\"https:\/\/denizcankizil.tr\/uk\/haberler\/antalya\/akdeniz-universitesinde-anlamli-bulusma\/#primaryimage\"},\"thumbnailUrl\":\"https:\/\/denizcankizil.tr\/wp-content\/uploads\/2024\/12\/3402-01-WZpFbq.jpeg\",\"articleSection\":[\"Antalya\",\"Uncategorized\"],\"inLanguage\":\"uk\",\"potentialAction\":[{\"@type\":\"CommentAction\",\"name\":\"Comment\",\"target\":[\"https:\/\/denizcankizil.tr\/uk\/haberler\/antalya\/akdeniz-universitesinde-anlamli-bulusma\/#respond\"]}]},{\"@type\":\"WebPage\",\"@id\":\"https:\/\/denizcankizil.tr\/uk\/haberler\/antalya\/akdeniz-universitesinde-anlamli-bulusma\/\",\"url\":\"https:\/\/denizcankizil.tr\/uk\/haberler\/antalya\/akdeniz-universitesinde-anlamli-bulusma\/\",\"name\":\"Akdeniz \u00dcniversitesi'nde anlaml\u0131 bulu\u015fma - Av. Deniz Can K\u0131z\u0131l\",\"isPartOf\":{\"@id\":\"https:\/\/denizcankizil.tr\/#website\"},\"primaryImageOfPage\":{\"@id\":\"https:\/\/denizcankizil.tr\/uk\/haberler\/antalya\/akdeniz-universitesinde-anlamli-bulusma\/#primaryimage\"},\"image\":{\"@id\":\"https:\/\/denizcankizil.tr\/uk\/haberler\/antalya\/akdeniz-universitesinde-anlamli-bulusma\/#primaryimage\"},\"thumbnailUrl\":\"https:\/\/denizcankizil.tr\/wp-content\/uploads\/2024\/12\/3402-01-WZpFbq.jpeg\",\"datePublished\":\"2024-12-03T13:42:07+00:00\",\"breadcrumb\":{\"@id\":\"https:\/\/denizcankizil.tr\/uk\/haberler\/antalya\/akdeniz-universitesinde-anlamli-bulusma\/#breadcrumb\"},\"inLanguage\":\"uk\",\"potentialAction\":[{\"@type\":\"ReadAction\",\"target\":[\"https:\/\/denizcankizil.tr\/uk\/haberler\/antalya\/akdeniz-universitesinde-anlamli-bulusma\/\"]}]},{\"@type\":\"ImageObject\",\"inLanguage\":\"uk\",\"@id\":\"https:\/\/denizcankizil.tr\/uk\/haberler\/antalya\/akdeniz-universitesinde-anlamli-bulusma\/#primaryimage\",\"url\":\"https:\/\/denizcankizil.tr\/wp-content\/uploads\/2024\/12\/3402-01-WZpFbq.jpeg\",\"contentUrl\":\"https:\/\/denizcankizil.tr\/wp-content\/uploads\/2024\/12\/3402-01-WZpFbq.jpeg\",\"width\":1280,\"height\":720},{\"@type\":\"BreadcrumbList\",\"@id\":\"https:\/\/denizcankizil.tr\/uk\/haberler\/antalya\/akdeniz-universitesinde-anlamli-bulusma\/#breadcrumb\",\"itemListElement\":[{\"@type\":\"ListItem\",\"position\":1,\"name\":\"Home\",\"item\":\"https:\/\/denizcankizil.tr\/de\/\"},{\"@type\":\"ListItem\",\"position\":2,\"name\":\"Akdeniz \u00dcniversitesi&#8217;nde anlaml\u0131 bulu\u015fma\"}]},{\"@type\":\"WebSite\",\"@id\":\"https:\/\/denizcankizil.tr\/#website\",\"url\":\"https:\/\/denizcankizil.tr\/\",\"name\":\"Av. Deniz Can K\u0131z\u0131l\",\"description\":\"Avukat Deniz Can K\u0131z\u0131l Antalya Barosu\",\"publisher\":{\"@id\":\"https:\/\/denizcankizil.tr\/#organization\"},\"potentialAction\":[{\"@type\":\"SearchAction\",\"target\":{\"@type\":\"EntryPoint\",\"urlTemplate\":\"https:\/\/denizcankizil.tr\/?s={search_term_string}\"},\"query-input\":{\"@type\":\"PropertyValueSpecification\",\"valueRequired\":true,\"valueName\":\"search_term_string\"}}],\"inLanguage\":\"uk\"},{\"@type\":\"Organization\",\"@id\":\"https:\/\/denizcankizil.tr\/#organization\",\"name\":\"Av. Deniz Can K\u0131z\u0131l\",\"url\":\"https:\/\/denizcankizil.tr\/\",\"logo\":{\"@type\":\"ImageObject\",\"inLanguage\":\"uk\",\"@id\":\"https:\/\/denizcankizil.tr\/#\/schema\/logo\/image\/\",\"url\":\"https:\/\/denizcankizil.tr\/wp-content\/uploads\/2024\/10\/siyah-logo-svg.svg\",\"contentUrl\":\"https:\/\/denizcankizil.tr\/wp-content\/uploads\/2024\/10\/siyah-logo-svg.svg\",\"width\":1080,\"height\":1080,\"caption\":\"Av. Deniz Can K\u0131z\u0131l\"},\"image\":{\"@id\":\"https:\/\/denizcankizil.tr\/#\/schema\/logo\/image\/\"}}]}<\/script>\n<!-- \/ Yoast SEO Premium plugin. -->","yoast_head_json":{"title":"Akdeniz \u00dcniversitesi'nde anlaml\u0131 bulu\u015fma - Av. Deniz Can K\u0131z\u0131l","robots":{"index":"index","follow":"follow","max-snippet":"max-snippet:-1","max-image-preview":"max-image-preview:large","max-video-preview":"max-video-preview:-1"},"canonical":"https:\/\/denizcankizil.tr\/uk\/haberler\/antalya\/akdeniz-universitesinde-anlamli-bulusma\/","og_locale":"uk_UA","og_type":"article","og_title":"Akdeniz \u00dcniversitesi'nde anlaml\u0131 bulu\u015fma","og_description":"Rekt\u00f6r Prof. Dr. \u00d6zlenen \u00d6zkan, Akdeniz \u00dcniversitesi Hastanesi A Blok Kokteyl Salonunda engelli \u00e7al\u0131\u015fanlarla bir araya geldi. Etkinli\u011fe kat\u0131lmak i\u00e7in ameliyathaneden \u00e7\u0131k\u0131p geldi\u011fini ifade eden Akdeniz \u00dcniversitesi Rekt\u00f6r\u00fc Prof. Dr. \u00d6zlenen \u00d6zkan, \u201cAmeliyattan \u00e7\u0131kt\u0131m buraya ko\u015farak geldim, sizlerle birlikte olmak i\u00e7in. Bizim i\u015fimizde genel de uzvu olmayan insanlar\u0131 tedavi etmek. Bu anlamda sizlerin de az \u00e7ok neler ya\u015fad\u0131\u011f\u0131n\u0131 biliyorum ve sizle empati yapmaya \u00e7al\u0131\u015f\u0131yorum. Y\u00f6netici olarak da bizim en \u00f6nemli i\u015fimiz sizlerin hayat\u0131n\u0131 daha ya\u015fanabilir k\u0131lmak, di\u011fer insanlarla daha e\u015fit bir d\u00fcnya sa\u011flamak\u201d dedi. \u201c\u00d6nemli olan g\u00f6n\u00fclden g\u00f6n\u00fcle k\u00f6pr\u00fcler kurabilmek\u201d G\u00f6reve geldikleri g\u00fcnden beri kamp\u00fcs\u00fc ve hastaneyi engelliler i\u00e7in daha ya\u015fan\u0131labilir k\u0131lmaya \u00e7al\u0131\u015ft\u0131\u011f\u0131n\u0131 ifade eden Rekt\u00f6r \u00d6zkan, \u201cBurada \u00f6nemli olan g\u00f6n\u00fclden g\u00f6n\u00fcle k\u00f6pr\u00fcler kurabilmek. Umar\u0131m o k\u00f6pr\u00fcleri kurabilirmi\u015fizdir. Bundan sonraki s\u00fcre\u00e7te de ihtiyac\u0131n\u0131z ne varsa her zaman ileti\u015fimde kalmak bizim i\u00e7in \u00e7ok k\u0131ymetli. \u00d6nemli olan d\u00fcnyan\u0131n herkes ad\u0131na daha e\u015fit, daha g\u00fczel olmas\u0131. \u0130yi ki vars\u0131n\u0131z. Neye ihtiyac\u0131n\u0131z olursa bunlar\u0131 kolayla\u015ft\u0131rmakla y\u00fck\u00fcml\u00fcy\u00fcz. Yeter ki g\u00f6n\u00fcl engeli olmas\u0131n, fiziksel engeller bir \u015fekilde y\u0131k\u0131l\u0131yor. Umar\u0131m d\u00fcnya daha e\u015fit, daha g\u00fczel, daha sa\u011fl\u0131kl\u0131 ve daha mutlu olur\u201d \u015feklinde konu\u015ftu. \u201cB\u00fct\u00fcn \u00e7al\u0131\u015fanlar\u0131m\u0131z \u00e7ok \u00f6nemli rol al\u0131yor\u201d Uzun zamand\u0131r b\u00f6yle etkinliklerle bir araya gelmek istediklerini vurgulayan Hastane Ba\u015fhekimi Prof. Dr. Y\u0131ld\u0131ray \u00c7ete ise \u201cHasta bak\u0131m\u0131n\u0131n &hellip;","og_url":"https:\/\/denizcankizil.tr\/uk\/haberler\/antalya\/akdeniz-universitesinde-anlamli-bulusma\/","og_site_name":"Av. Deniz Can K\u0131z\u0131l","article_published_time":"2024-12-03T13:42:07+00:00","og_image":[{"width":1280,"height":720,"url":"https:\/\/denizcankizil.tr\/wp-content\/uploads\/2024\/12\/3402-01-WZpFbq.jpeg","type":"image\/jpeg"}],"twitter_card":"summary_large_image","twitter_misc":{"\u041f\u0440\u0438\u0431\u043b. \u0447\u0430\u0441 \u0447\u0438\u0442\u0430\u043d\u043d\u044f":"2 \u0445\u0432\u0438\u043b\u0438\u043d\u0438"},"schema":{"@context":"https:\/\/schema.org","@graph":[{"@type":"Article","@id":"https:\/\/denizcankizil.tr\/uk\/haberler\/antalya\/akdeniz-universitesinde-anlamli-bulusma\/#article","isPartOf":{"@id":"https:\/\/denizcankizil.tr\/uk\/haberler\/antalya\/akdeniz-universitesinde-anlamli-bulusma\/"},"author":{"name":"","@id":""},"headline":"Akdeniz \u00dcniversitesi&#8217;nde anlaml\u0131 bulu\u015fma","datePublished":"2024-12-03T13:42:07+00:00","mainEntityOfPage":{"@id":"https:\/\/denizcankizil.tr\/uk\/haberler\/antalya\/akdeniz-universitesinde-anlamli-bulusma\/"},"wordCount":433,"commentCount":0,"publisher":{"@id":"https:\/\/denizcankizil.tr\/#organization"},"image":{"@id":"https:\/\/denizcankizil.tr\/uk\/haberler\/antalya\/akdeniz-universitesinde-anlamli-bulusma\/#primaryimage"},"thumbnailUrl":"https:\/\/denizcankizil.tr\/wp-content\/uploads\/2024\/12\/3402-01-WZpFbq.jpeg","articleSection":["Antalya","Uncategorized"],"inLanguage":"uk","potentialAction":[{"@type":"CommentAction","name":"Comment","target":["https:\/\/denizcankizil.tr\/uk\/haberler\/antalya\/akdeniz-universitesinde-anlamli-bulusma\/#respond"]}]},{"@type":"WebPage","@id":"https:\/\/denizcankizil.tr\/uk\/haberler\/antalya\/akdeniz-universitesinde-anlamli-bulusma\/","url":"https:\/\/denizcankizil.tr\/uk\/haberler\/antalya\/akdeniz-universitesinde-anlamli-bulusma\/","name":"Akdeniz \u00dcniversitesi'nde anlaml\u0131 bulu\u015fma - Av. Deniz Can K\u0131z\u0131l","isPartOf":{"@id":"https:\/\/denizcankizil.tr\/#website"},"primaryImageOfPage":{"@id":"https:\/\/denizcankizil.tr\/uk\/haberler\/antalya\/akdeniz-universitesinde-anlamli-bulusma\/#primaryimage"},"image":{"@id":"https:\/\/denizcankizil.tr\/uk\/haberler\/antalya\/akdeniz-universitesinde-anlamli-bulusma\/#primaryimage"},"thumbnailUrl":"https:\/\/denizcankizil.tr\/wp-content\/uploads\/2024\/12\/3402-01-WZpFbq.jpeg","datePublished":"2024-12-03T13:42:07+00:00","breadcrumb":{"@id":"https:\/\/denizcankizil.tr\/uk\/haberler\/antalya\/akdeniz-universitesinde-anlamli-bulusma\/#breadcrumb"},"inLanguage":"uk","potentialAction":[{"@type":"ReadAction","target":["https:\/\/denizcankizil.tr\/uk\/haberler\/antalya\/akdeniz-universitesinde-anlamli-bulusma\/"]}]},{"@type":"ImageObject","inLanguage":"uk","@id":"https:\/\/denizcankizil.tr\/uk\/haberler\/antalya\/akdeniz-universitesinde-anlamli-bulusma\/#primaryimage","url":"https:\/\/denizcankizil.tr\/wp-content\/uploads\/2024\/12\/3402-01-WZpFbq.jpeg","contentUrl":"https:\/\/denizcankizil.tr\/wp-content\/uploads\/2024\/12\/3402-01-WZpFbq.jpeg","width":1280,"height":720},{"@type":"BreadcrumbList","@id":"https:\/\/denizcankizil.tr\/uk\/haberler\/antalya\/akdeniz-universitesinde-anlamli-bulusma\/#breadcrumb","itemListElement":[{"@type":"ListItem","position":1,"name":"Home","item":"https:\/\/denizcankizil.tr\/de\/"},{"@type":"ListItem","position":2,"name":"Akdeniz \u00dcniversitesi&#8217;nde anlaml\u0131 bulu\u015fma"}]},{"@type":"WebSite","@id":"https:\/\/denizcankizil.tr\/#website","url":"https:\/\/denizcankizil.tr\/","name":"Av. Deniz Can K\u0131z\u0131l","description":"Avukat Deniz Can K\u0131z\u0131l Antalya Barosu","publisher":{"@id":"https:\/\/denizcankizil.tr\/#organization"},"potentialAction":[{"@type":"SearchAction","target":{"@type":"EntryPoint","urlTemplate":"https:\/\/denizcankizil.tr\/?s={search_term_string}"},"query-input":{"@type":"PropertyValueSpecification","valueRequired":true,"valueName":"search_term_string"}}],"inLanguage":"uk"},{"@type":"Organization","@id":"https:\/\/denizcankizil.tr\/#organization","name":"Av. Deniz Can K\u0131z\u0131l","url":"https:\/\/denizcankizil.tr\/","logo":{"@type":"ImageObject","inLanguage":"uk","@id":"https:\/\/denizcankizil.tr\/#\/schema\/logo\/image\/","url":"https:\/\/denizcankizil.tr\/wp-content\/uploads\/2024\/10\/siyah-logo-svg.svg","contentUrl":"https:\/\/denizcankizil.tr\/wp-content\/uploads\/2024\/10\/siyah-logo-svg.svg","width":1080,"height":1080,"caption":"Av. Deniz Can K\u0131z\u0131l"},"image":{"@id":"https:\/\/denizcankizil.tr\/#\/schema\/logo\/image\/"}}]}},"_links":{"self":[{"href":"https:\/\/denizcankizil.tr\/uk\/wp-json\/wp\/v2\/posts\/18941","targetHints":{"allow":["GET"]}}],"collection":[{"href":"https:\/\/denizcankizil.tr\/uk\/wp-json\/wp\/v2\/posts"}],"about":[{"href":"https:\/\/denizcankizil.tr\/uk\/wp-json\/wp\/v2\/types\/post"}],"replies":[{"embeddable":true,"href":"https:\/\/denizcankizil.tr\/uk\/wp-json\/wp\/v2\/comments?post=18941"}],"version-history":[{"count":0,"href":"https:\/\/denizcankizil.tr\/uk\/wp-json\/wp\/v2\/posts\/18941\/revisions"}],"wp:featuredmedia":[{"embeddable":true,"href":"https:\/\/denizcankizil.tr\/uk\/wp-json\/wp\/v2\/media\/18942"}],"wp:attachment":[{"href":"https:\/\/denizcankizil.tr\/uk\/wp-json\/wp\/v2\/media?parent=18941"}],"wp:term":[{"taxonomy":"category","embeddable":true,"href":"https:\/\/denizcankizil.tr\/uk\/wp-json\/wp\/v2\/categories?post=18941"},{"taxonomy":"post_tag","embeddable":true,"href":"https:\/\/denizcankizil.tr\/uk\/wp-json\/wp\/v2\/tags?post=18941"}],"curies":[{"name":"wp","href":"https:\/\/api.w.org\/{rel}","templated":true}]}}