{"id":18917,"date":"2024-12-03T14:41:33","date_gmt":"2024-12-03T11:41:33","guid":{"rendered":"https:\/\/denizcankizil.tr\/uncategorized-tr\/facianin-kiyisindan-donuldu\/"},"modified":"2024-12-03T14:41:33","modified_gmt":"2024-12-03T11:41:33","slug":"facianin-kiyisindan-donuldu","status":"publish","type":"post","link":"https:\/\/denizcankizil.tr\/uk\/haberler\/antalya\/facianin-kiyisindan-donuldu\/","title":{"rendered":"Facian\u0131n k\u0131y\u0131s\u0131ndan d\u00f6n\u00fcld\u00fc"},"content":{"rendered":"<p>Meteoroloji Genel M\u00fcd\u00fcrl\u00fc\u011f\u00fcn\u00fcn sa\u011fanak ve f\u0131rt\u0131nal\u0131 turuncu kod uyar\u0131s\u0131n\u0131n ard\u0131ndan d\u00fcn ak\u015fam Antalya&#8217;da ya\u011f\u0131\u015f etkisini g\u00f6sterdi. Kentin baz\u0131 b\u00f6l\u00fcmlerinde ya\u011f\u0131\u015ftan dolay\u0131 su birikintileri olu\u015furken, s\u00fcr\u00fcc\u00fcler ve yayalar zorland\u0131. Ya\u011f\u0131\u015fa haz\u0131rl\u0131ks\u0131z yakalan baz\u0131 vatanda\u015flar, plaj \u015femsiyelerinin alt\u0131na s\u0131\u011f\u0131nd\u0131.<\/p>\n<p>&#8220;Bismillah&#8221; diyerek kay\u0131t yapt\u0131<br \/>\nKepez il\u00e7esine ba\u011fl\u0131 Varsak Mahallesi&#8217;nde ise ya\u011f\u0131\u015f s\u0131ras\u0131nda elektrik tellerinin birbirine temas\u0131 sonras\u0131 korku ya\u015fand\u0131. B\u00fcy\u00fck bir g\u00fcr\u00fclt\u00fcyle ate\u015flerin \u00e7\u0131kt\u0131\u011f\u0131 patlama sonras\u0131 elektrik kesintisi ya\u015fan\u0131rken, o anlar\u0131 kaydeden bir vatanda\u015f\u0131n \u2018Bismillah&#8217; s\u00f6zleri ya\u015fad\u0131\u011f\u0131 korkuyu g\u00f6zler \u00f6n\u00fcne serdi.<\/p>\n<p>Kaynak: www.kanalv.com.tr Haber Sitesinden Al\u0131nm\u0131\u015ft\u0131r.<\/p>","protected":false},"excerpt":{"rendered":"<p>Meteoroloji Genel M\u00fcd\u00fcrl\u00fc\u011f\u00fcn\u00fcn sa\u011fanak ve f\u0131rt\u0131nal\u0131 turuncu kod uyar\u0131s\u0131n\u0131n ard\u0131ndan d\u00fcn ak\u015fam Antalya&#8217;da ya\u011f\u0131\u015f etkisini g\u00f6sterdi. Kentin baz\u0131 b\u00f6l\u00fcmlerinde ya\u011f\u0131\u015ftan dolay\u0131 su birikintileri olu\u015furken, s\u00fcr\u00fcc\u00fcler ve yayalar zorland\u0131. Ya\u011f\u0131\u015fa haz\u0131rl\u0131ks\u0131z yakalan baz\u0131 vatanda\u015flar, plaj \u015femsiyelerinin alt\u0131na s\u0131\u011f\u0131nd\u0131. &#8220;Bismillah&#8221; diyerek kay\u0131t yapt\u0131 Kepez il\u00e7esine ba\u011fl\u0131 Varsak Mahallesi&#8217;nde ise ya\u011f\u0131\u015f s\u0131ras\u0131nda elektrik tellerinin birbirine temas\u0131 sonras\u0131 korku ya\u015fand\u0131. B\u00fcy\u00fck bir g\u00fcr\u00fclt\u00fcyle ate\u015flerin \u00e7\u0131kt\u0131\u011f\u0131 patlama sonras\u0131 elektrik kesintisi ya\u015fan\u0131rken, o anlar\u0131 kaydeden bir vatanda\u015f\u0131n \u2018Bismillah&#8217; s\u00f6zleri ya\u015fad\u0131\u011f\u0131 korkuyu g\u00f6zler \u00f6n\u00fcne serdi. Kaynak: www.kanalv.com.tr Haber Sitesinden Al\u0131nm\u0131\u015ft\u0131r.<\/p>","protected":false},"author":0,"featured_media":18918,"comment_status":"open","ping_status":"open","sticky":false,"template":"","format":"standard","meta":{"_acf_changed":false,"footnotes":""},"categories":[26,535],"tags":[],"class_list":["post-18917","post","type-post","status-publish","format-standard","has-post-thumbnail","hentry","category-antalya","category-uncategorized-tr"],"acf":[],"yoast_head":"<!-- This site is optimized with the Yoast SEO Premium plugin v26.6 (Yoast SEO v27.1.1) - https:\/\/yoast.com\/product\/yoast-seo-premium-wordpress\/ -->\n<title>Facian\u0131n k\u0131y\u0131s\u0131ndan d\u00f6n\u00fcld\u00fc - Av. Deniz Can K\u0131z\u0131l<\/title>\n<meta name=\"robots\" content=\"index, follow, max-snippet:-1, max-image-preview:large, max-video-preview:-1\" \/>\n<link rel=\"canonical\" href=\"https:\/\/denizcankizil.tr\/uk\/haberler\/antalya\/facianin-kiyisindan-donuldu\/\" \/>\n<meta property=\"og:locale\" content=\"uk_UA\" \/>\n<meta property=\"og:type\" content=\"article\" \/>\n<meta property=\"og:title\" content=\"Facian\u0131n k\u0131y\u0131s\u0131ndan d\u00f6n\u00fcld\u00fc\" \/>\n<meta property=\"og:description\" content=\"Meteoroloji Genel M\u00fcd\u00fcrl\u00fc\u011f\u00fcn\u00fcn sa\u011fanak ve f\u0131rt\u0131nal\u0131 turuncu kod uyar\u0131s\u0131n\u0131n ard\u0131ndan d\u00fcn ak\u015fam Antalya&#8217;da ya\u011f\u0131\u015f etkisini g\u00f6sterdi. Kentin baz\u0131 b\u00f6l\u00fcmlerinde ya\u011f\u0131\u015ftan dolay\u0131 su birikintileri olu\u015furken, s\u00fcr\u00fcc\u00fcler ve yayalar zorland\u0131. Ya\u011f\u0131\u015fa haz\u0131rl\u0131ks\u0131z yakalan baz\u0131 vatanda\u015flar, plaj \u015femsiyelerinin alt\u0131na s\u0131\u011f\u0131nd\u0131. &#8220;Bismillah&#8221; diyerek kay\u0131t yapt\u0131 Kepez il\u00e7esine ba\u011fl\u0131 Varsak Mahallesi&#8217;nde ise ya\u011f\u0131\u015f s\u0131ras\u0131nda elektrik tellerinin birbirine temas\u0131 sonras\u0131 korku ya\u015fand\u0131. B\u00fcy\u00fck bir g\u00fcr\u00fclt\u00fcyle ate\u015flerin \u00e7\u0131kt\u0131\u011f\u0131 patlama sonras\u0131 elektrik kesintisi ya\u015fan\u0131rken, o anlar\u0131 kaydeden bir vatanda\u015f\u0131n \u2018Bismillah&#8217; s\u00f6zleri ya\u015fad\u0131\u011f\u0131 korkuyu g\u00f6zler \u00f6n\u00fcne serdi. Kaynak: www.kanalv.com.tr Haber Sitesinden Al\u0131nm\u0131\u015ft\u0131r.\" \/>\n<meta property=\"og:url\" content=\"https:\/\/denizcankizil.tr\/uk\/haberler\/antalya\/facianin-kiyisindan-donuldu\/\" \/>\n<meta property=\"og:site_name\" content=\"Av. Deniz Can K\u0131z\u0131l\" \/>\n<meta property=\"article:published_time\" content=\"2024-12-03T11:41:33+00:00\" \/>\n<meta property=\"og:image\" content=\"https:\/\/denizcankizil.tr\/wp-content\/uploads\/2024\/12\/3398-01-vZknog.jpeg\" \/>\n\t<meta property=\"og:image:width\" content=\"1280\" \/>\n\t<meta property=\"og:image:height\" content=\"720\" \/>\n\t<meta property=\"og:image:type\" content=\"image\/jpeg\" \/>\n<meta name=\"twitter:card\" content=\"summary_large_image\" \/>\n<meta name=\"twitter:label1\" content=\"\u041f\u0440\u0438\u0431\u043b. \u0447\u0430\u0441 \u0447\u0438\u0442\u0430\u043d\u043d\u044f\" \/>\n\t<meta name=\"twitter:data1\" content=\"1 \u0445\u0432\u0438\u043b\u0438\u043d\u0430\" \/>\n<script type=\"application\/ld+json\" class=\"yoast-schema-graph\">{\"@context\":\"https:\/\/schema.org\",\"@graph\":[{\"@type\":\"Article\",\"@id\":\"https:\/\/denizcankizil.tr\/uk\/haberler\/antalya\/facianin-kiyisindan-donuldu\/#article\",\"isPartOf\":{\"@id\":\"https:\/\/denizcankizil.tr\/uk\/haberler\/antalya\/facianin-kiyisindan-donuldu\/\"},\"author\":{\"name\":\"\",\"@id\":\"\"},\"headline\":\"Facian\u0131n k\u0131y\u0131s\u0131ndan d\u00f6n\u00fcld\u00fc\",\"datePublished\":\"2024-12-03T11:41:33+00:00\",\"mainEntityOfPage\":{\"@id\":\"https:\/\/denizcankizil.tr\/uk\/haberler\/antalya\/facianin-kiyisindan-donuldu\/\"},\"wordCount\":147,\"commentCount\":0,\"publisher\":{\"@id\":\"https:\/\/denizcankizil.tr\/de\/#organization\"},\"image\":{\"@id\":\"https:\/\/denizcankizil.tr\/uk\/haberler\/antalya\/facianin-kiyisindan-donuldu\/#primaryimage\"},\"thumbnailUrl\":\"https:\/\/denizcankizil.tr\/wp-content\/uploads\/2024\/12\/3398-01-vZknog.jpeg\",\"articleSection\":[\"Antalya\",\"Uncategorized\"],\"inLanguage\":\"uk\",\"potentialAction\":[{\"@type\":\"CommentAction\",\"name\":\"Comment\",\"target\":[\"https:\/\/denizcankizil.tr\/uk\/haberler\/antalya\/facianin-kiyisindan-donuldu\/#respond\"]}]},{\"@type\":\"WebPage\",\"@id\":\"https:\/\/denizcankizil.tr\/uk\/haberler\/antalya\/facianin-kiyisindan-donuldu\/\",\"url\":\"https:\/\/denizcankizil.tr\/uk\/haberler\/antalya\/facianin-kiyisindan-donuldu\/\",\"name\":\"Facian\u0131n k\u0131y\u0131s\u0131ndan d\u00f6n\u00fcld\u00fc - Av. Deniz Can K\u0131z\u0131l\",\"isPartOf\":{\"@id\":\"https:\/\/denizcankizil.tr\/de\/#website\"},\"primaryImageOfPage\":{\"@id\":\"https:\/\/denizcankizil.tr\/uk\/haberler\/antalya\/facianin-kiyisindan-donuldu\/#primaryimage\"},\"image\":{\"@id\":\"https:\/\/denizcankizil.tr\/uk\/haberler\/antalya\/facianin-kiyisindan-donuldu\/#primaryimage\"},\"thumbnailUrl\":\"https:\/\/denizcankizil.tr\/wp-content\/uploads\/2024\/12\/3398-01-vZknog.jpeg\",\"datePublished\":\"2024-12-03T11:41:33+00:00\",\"breadcrumb\":{\"@id\":\"https:\/\/denizcankizil.tr\/uk\/haberler\/antalya\/facianin-kiyisindan-donuldu\/#breadcrumb\"},\"inLanguage\":\"uk\",\"potentialAction\":[{\"@type\":\"ReadAction\",\"target\":[\"https:\/\/denizcankizil.tr\/uk\/haberler\/antalya\/facianin-kiyisindan-donuldu\/\"]}]},{\"@type\":\"ImageObject\",\"inLanguage\":\"uk\",\"@id\":\"https:\/\/denizcankizil.tr\/uk\/haberler\/antalya\/facianin-kiyisindan-donuldu\/#primaryimage\",\"url\":\"https:\/\/denizcankizil.tr\/wp-content\/uploads\/2024\/12\/3398-01-vZknog.jpeg\",\"contentUrl\":\"https:\/\/denizcankizil.tr\/wp-content\/uploads\/2024\/12\/3398-01-vZknog.jpeg\",\"width\":1280,\"height\":720},{\"@type\":\"BreadcrumbList\",\"@id\":\"https:\/\/denizcankizil.tr\/uk\/haberler\/antalya\/facianin-kiyisindan-donuldu\/#breadcrumb\",\"itemListElement\":[{\"@type\":\"ListItem\",\"position\":1,\"name\":\"Home\",\"item\":\"https:\/\/denizcankizil.tr\/de\/\"},{\"@type\":\"ListItem\",\"position\":2,\"name\":\"Facian\u0131n k\u0131y\u0131s\u0131ndan d\u00f6n\u00fcld\u00fc\"}]},{\"@type\":\"WebSite\",\"@id\":\"https:\/\/denizcankizil.tr\/de\/#website\",\"url\":\"https:\/\/denizcankizil.tr\/de\/\",\"name\":\"Av. Deniz Can K\u0131z\u0131l\",\"description\":\"Avukat Deniz Can K\u0131z\u0131l Antalya Barosu\",\"publisher\":{\"@id\":\"https:\/\/denizcankizil.tr\/de\/#organization\"},\"potentialAction\":[{\"@type\":\"SearchAction\",\"target\":{\"@type\":\"EntryPoint\",\"urlTemplate\":\"https:\/\/denizcankizil.tr\/de\/?s={search_term_string}\"},\"query-input\":{\"@type\":\"PropertyValueSpecification\",\"valueRequired\":true,\"valueName\":\"search_term_string\"}}],\"inLanguage\":\"uk\"},{\"@type\":\"Organization\",\"@id\":\"https:\/\/denizcankizil.tr\/de\/#organization\",\"name\":\"Av. Deniz Can K\u0131z\u0131l\",\"url\":\"https:\/\/denizcankizil.tr\/de\/\",\"logo\":{\"@type\":\"ImageObject\",\"inLanguage\":\"uk\",\"@id\":\"https:\/\/denizcankizil.tr\/de\/#\/schema\/logo\/image\/\",\"url\":\"https:\/\/denizcankizil.tr\/wp-content\/uploads\/2024\/10\/siyah-logo-svg.svg\",\"contentUrl\":\"https:\/\/denizcankizil.tr\/wp-content\/uploads\/2024\/10\/siyah-logo-svg.svg\",\"width\":1080,\"height\":1080,\"caption\":\"Av. Deniz Can K\u0131z\u0131l\"},\"image\":{\"@id\":\"https:\/\/denizcankizil.tr\/de\/#\/schema\/logo\/image\/\"}}]}<\/script>\n<!-- \/ Yoast SEO Premium plugin. -->","yoast_head_json":{"title":"Facian\u0131n k\u0131y\u0131s\u0131ndan d\u00f6n\u00fcld\u00fc - Av. Deniz Can K\u0131z\u0131l","robots":{"index":"index","follow":"follow","max-snippet":"max-snippet:-1","max-image-preview":"max-image-preview:large","max-video-preview":"max-video-preview:-1"},"canonical":"https:\/\/denizcankizil.tr\/uk\/haberler\/antalya\/facianin-kiyisindan-donuldu\/","og_locale":"uk_UA","og_type":"article","og_title":"Facian\u0131n k\u0131y\u0131s\u0131ndan d\u00f6n\u00fcld\u00fc","og_description":"Meteoroloji Genel M\u00fcd\u00fcrl\u00fc\u011f\u00fcn\u00fcn sa\u011fanak ve f\u0131rt\u0131nal\u0131 turuncu kod uyar\u0131s\u0131n\u0131n ard\u0131ndan d\u00fcn ak\u015fam Antalya&#8217;da ya\u011f\u0131\u015f etkisini g\u00f6sterdi. Kentin baz\u0131 b\u00f6l\u00fcmlerinde ya\u011f\u0131\u015ftan dolay\u0131 su birikintileri olu\u015furken, s\u00fcr\u00fcc\u00fcler ve yayalar zorland\u0131. Ya\u011f\u0131\u015fa haz\u0131rl\u0131ks\u0131z yakalan baz\u0131 vatanda\u015flar, plaj \u015femsiyelerinin alt\u0131na s\u0131\u011f\u0131nd\u0131. &#8220;Bismillah&#8221; diyerek kay\u0131t yapt\u0131 Kepez il\u00e7esine ba\u011fl\u0131 Varsak Mahallesi&#8217;nde ise ya\u011f\u0131\u015f s\u0131ras\u0131nda elektrik tellerinin birbirine temas\u0131 sonras\u0131 korku ya\u015fand\u0131. B\u00fcy\u00fck bir g\u00fcr\u00fclt\u00fcyle ate\u015flerin \u00e7\u0131kt\u0131\u011f\u0131 patlama sonras\u0131 elektrik kesintisi ya\u015fan\u0131rken, o anlar\u0131 kaydeden bir vatanda\u015f\u0131n \u2018Bismillah&#8217; s\u00f6zleri ya\u015fad\u0131\u011f\u0131 korkuyu g\u00f6zler \u00f6n\u00fcne serdi. Kaynak: www.kanalv.com.tr Haber Sitesinden Al\u0131nm\u0131\u015ft\u0131r.","og_url":"https:\/\/denizcankizil.tr\/uk\/haberler\/antalya\/facianin-kiyisindan-donuldu\/","og_site_name":"Av. Deniz Can K\u0131z\u0131l","article_published_time":"2024-12-03T11:41:33+00:00","og_image":[{"width":1280,"height":720,"url":"https:\/\/denizcankizil.tr\/wp-content\/uploads\/2024\/12\/3398-01-vZknog.jpeg","type":"image\/jpeg"}],"twitter_card":"summary_large_image","twitter_misc":{"\u041f\u0440\u0438\u0431\u043b. \u0447\u0430\u0441 \u0447\u0438\u0442\u0430\u043d\u043d\u044f":"1 \u0445\u0432\u0438\u043b\u0438\u043d\u0430"},"schema":{"@context":"https:\/\/schema.org","@graph":[{"@type":"Article","@id":"https:\/\/denizcankizil.tr\/uk\/haberler\/antalya\/facianin-kiyisindan-donuldu\/#article","isPartOf":{"@id":"https:\/\/denizcankizil.tr\/uk\/haberler\/antalya\/facianin-kiyisindan-donuldu\/"},"author":{"name":"","@id":""},"headline":"Facian\u0131n k\u0131y\u0131s\u0131ndan d\u00f6n\u00fcld\u00fc","datePublished":"2024-12-03T11:41:33+00:00","mainEntityOfPage":{"@id":"https:\/\/denizcankizil.tr\/uk\/haberler\/antalya\/facianin-kiyisindan-donuldu\/"},"wordCount":147,"commentCount":0,"publisher":{"@id":"https:\/\/denizcankizil.tr\/de\/#organization"},"image":{"@id":"https:\/\/denizcankizil.tr\/uk\/haberler\/antalya\/facianin-kiyisindan-donuldu\/#primaryimage"},"thumbnailUrl":"https:\/\/denizcankizil.tr\/wp-content\/uploads\/2024\/12\/3398-01-vZknog.jpeg","articleSection":["Antalya","Uncategorized"],"inLanguage":"uk","potentialAction":[{"@type":"CommentAction","name":"Comment","target":["https:\/\/denizcankizil.tr\/uk\/haberler\/antalya\/facianin-kiyisindan-donuldu\/#respond"]}]},{"@type":"WebPage","@id":"https:\/\/denizcankizil.tr\/uk\/haberler\/antalya\/facianin-kiyisindan-donuldu\/","url":"https:\/\/denizcankizil.tr\/uk\/haberler\/antalya\/facianin-kiyisindan-donuldu\/","name":"Facian\u0131n k\u0131y\u0131s\u0131ndan d\u00f6n\u00fcld\u00fc - Av. Deniz Can K\u0131z\u0131l","isPartOf":{"@id":"https:\/\/denizcankizil.tr\/de\/#website"},"primaryImageOfPage":{"@id":"https:\/\/denizcankizil.tr\/uk\/haberler\/antalya\/facianin-kiyisindan-donuldu\/#primaryimage"},"image":{"@id":"https:\/\/denizcankizil.tr\/uk\/haberler\/antalya\/facianin-kiyisindan-donuldu\/#primaryimage"},"thumbnailUrl":"https:\/\/denizcankizil.tr\/wp-content\/uploads\/2024\/12\/3398-01-vZknog.jpeg","datePublished":"2024-12-03T11:41:33+00:00","breadcrumb":{"@id":"https:\/\/denizcankizil.tr\/uk\/haberler\/antalya\/facianin-kiyisindan-donuldu\/#breadcrumb"},"inLanguage":"uk","potentialAction":[{"@type":"ReadAction","target":["https:\/\/denizcankizil.tr\/uk\/haberler\/antalya\/facianin-kiyisindan-donuldu\/"]}]},{"@type":"ImageObject","inLanguage":"uk","@id":"https:\/\/denizcankizil.tr\/uk\/haberler\/antalya\/facianin-kiyisindan-donuldu\/#primaryimage","url":"https:\/\/denizcankizil.tr\/wp-content\/uploads\/2024\/12\/3398-01-vZknog.jpeg","contentUrl":"https:\/\/denizcankizil.tr\/wp-content\/uploads\/2024\/12\/3398-01-vZknog.jpeg","width":1280,"height":720},{"@type":"BreadcrumbList","@id":"https:\/\/denizcankizil.tr\/uk\/haberler\/antalya\/facianin-kiyisindan-donuldu\/#breadcrumb","itemListElement":[{"@type":"ListItem","position":1,"name":"Home","item":"https:\/\/denizcankizil.tr\/de\/"},{"@type":"ListItem","position":2,"name":"Facian\u0131n k\u0131y\u0131s\u0131ndan d\u00f6n\u00fcld\u00fc"}]},{"@type":"WebSite","@id":"https:\/\/denizcankizil.tr\/de\/#website","url":"https:\/\/denizcankizil.tr\/de\/","name":"Av. Deniz Can K\u0131z\u0131l","description":"Avukat Deniz Can K\u0131z\u0131l Antalya Barosu","publisher":{"@id":"https:\/\/denizcankizil.tr\/de\/#organization"},"potentialAction":[{"@type":"SearchAction","target":{"@type":"EntryPoint","urlTemplate":"https:\/\/denizcankizil.tr\/de\/?s={search_term_string}"},"query-input":{"@type":"PropertyValueSpecification","valueRequired":true,"valueName":"search_term_string"}}],"inLanguage":"uk"},{"@type":"Organization","@id":"https:\/\/denizcankizil.tr\/de\/#organization","name":"Av. Deniz Can K\u0131z\u0131l","url":"https:\/\/denizcankizil.tr\/de\/","logo":{"@type":"ImageObject","inLanguage":"uk","@id":"https:\/\/denizcankizil.tr\/de\/#\/schema\/logo\/image\/","url":"https:\/\/denizcankizil.tr\/wp-content\/uploads\/2024\/10\/siyah-logo-svg.svg","contentUrl":"https:\/\/denizcankizil.tr\/wp-content\/uploads\/2024\/10\/siyah-logo-svg.svg","width":1080,"height":1080,"caption":"Av. Deniz Can K\u0131z\u0131l"},"image":{"@id":"https:\/\/denizcankizil.tr\/de\/#\/schema\/logo\/image\/"}}]}},"_links":{"self":[{"href":"https:\/\/denizcankizil.tr\/uk\/wp-json\/wp\/v2\/posts\/18917","targetHints":{"allow":["GET"]}}],"collection":[{"href":"https:\/\/denizcankizil.tr\/uk\/wp-json\/wp\/v2\/posts"}],"about":[{"href":"https:\/\/denizcankizil.tr\/uk\/wp-json\/wp\/v2\/types\/post"}],"replies":[{"embeddable":true,"href":"https:\/\/denizcankizil.tr\/uk\/wp-json\/wp\/v2\/comments?post=18917"}],"version-history":[{"count":0,"href":"https:\/\/denizcankizil.tr\/uk\/wp-json\/wp\/v2\/posts\/18917\/revisions"}],"wp:featuredmedia":[{"embeddable":true,"href":"https:\/\/denizcankizil.tr\/uk\/wp-json\/wp\/v2\/media\/18918"}],"wp:attachment":[{"href":"https:\/\/denizcankizil.tr\/uk\/wp-json\/wp\/v2\/media?parent=18917"}],"wp:term":[{"taxonomy":"category","embeddable":true,"href":"https:\/\/denizcankizil.tr\/uk\/wp-json\/wp\/v2\/categories?post=18917"},{"taxonomy":"post_tag","embeddable":true,"href":"https:\/\/denizcankizil.tr\/uk\/wp-json\/wp\/v2\/tags?post=18917"}],"curies":[{"name":"wp","href":"https:\/\/api.w.org\/{rel}","templated":true}]}}