{"id":18799,"date":"2024-12-02T23:42:58","date_gmt":"2024-12-02T20:42:58","guid":{"rendered":"https:\/\/denizcankizil.tr\/uncategorized-tr\/kivilcim-ural-spotifyde-turkce-rock-listesine-ilk-siradan-girdi\/"},"modified":"2024-12-02T23:42:58","modified_gmt":"2024-12-02T20:42:58","slug":"kivilcim-ural-spotifyde-turkce-rock-listesine-ilk-siradan-girdi","status":"publish","type":"post","link":"https:\/\/denizcankizil.tr\/uk\/haberler\/gundem\/kivilcim-ural-spotifyde-turkce-rock-listesine-ilk-siradan-girdi\/","title":{"rendered":"K\u0131v\u0131lc\u0131m Ural\u2019 Spotify\u2019de T\u00fcrk\u00e7e Rock Listesine ilk s\u0131radan girdi!"},"content":{"rendered":"<p>M\u00fczisyen K\u0131v\u0131lc\u0131m Ural, uzun zamand\u0131r merakla beklenen yeni alb\u00fcm\u00fc Eteklerim K\u00f6peklerim ile m\u00fczikseverlerin kar\u015f\u0131s\u0131na \u00e7\u0131kt\u0131.<\/p>\n<p>\u200bM\u00fczisyen K\u0131v\u0131lc\u0131m Ural, uzun zamand\u0131r merakla beklenen yeni alb\u00fcm\u00fc Eteklerim K\u00f6peklerim ile m\u00fczikseverlerin kar\u015f\u0131s\u0131na \u00e7\u0131kt\u0131.\u00a0<\/p>\n<p>\u200bHaberin Al\u0131nt\u0131land\u0131\u011f\u0131 Kaynak: www.iskenderun.org<\/p>","protected":false},"excerpt":{"rendered":"<p>M\u00fczisyen K\u0131v\u0131lc\u0131m Ural, uzun zamand\u0131r merakla beklenen yeni alb\u00fcm\u00fc Eteklerim K\u00f6peklerim ile m\u00fczikseverlerin kar\u015f\u0131s\u0131na \u00e7\u0131kt\u0131. \u200bM\u00fczisyen K\u0131v\u0131lc\u0131m Ural, uzun zamand\u0131r merakla beklenen yeni alb\u00fcm\u00fc Eteklerim K\u00f6peklerim ile m\u00fczikseverlerin kar\u015f\u0131s\u0131na \u00e7\u0131kt\u0131.\u00a0 \u200bHaberin Al\u0131nt\u0131land\u0131\u011f\u0131 Kaynak: www.iskenderun.org<\/p>","protected":false},"author":0,"featured_media":0,"comment_status":"open","ping_status":"open","sticky":false,"template":"","format":"standard","meta":{"_acf_changed":false,"footnotes":""},"categories":[24,535],"tags":[],"class_list":["post-18799","post","type-post","status-publish","format-standard","has-post-thumbnail","hentry","category-gundem","category-uncategorized-tr"],"acf":[],"yoast_head":"<!-- This site is optimized with the Yoast SEO Premium plugin v26.6 (Yoast SEO v27.1.1) - https:\/\/yoast.com\/product\/yoast-seo-premium-wordpress\/ -->\n<title>K\u0131v\u0131lc\u0131m Ural\u2019 Spotify\u2019de T\u00fcrk\u00e7e Rock Listesine ilk s\u0131radan girdi! - Av. Deniz Can K\u0131z\u0131l<\/title>\n<meta name=\"robots\" content=\"index, follow, max-snippet:-1, max-image-preview:large, max-video-preview:-1\" \/>\n<link rel=\"canonical\" href=\"https:\/\/denizcankizil.tr\/uk\/haberler\/gundem\/kivilcim-ural-spotifyde-turkce-rock-listesine-ilk-siradan-girdi\/\" \/>\n<meta property=\"og:locale\" content=\"uk_UA\" \/>\n<meta property=\"og:type\" content=\"article\" \/>\n<meta property=\"og:title\" content=\"K\u0131v\u0131lc\u0131m Ural\u2019 Spotify\u2019de T\u00fcrk\u00e7e Rock Listesine ilk s\u0131radan girdi!\" \/>\n<meta property=\"og:description\" content=\"M\u00fczisyen K\u0131v\u0131lc\u0131m Ural, uzun zamand\u0131r merakla beklenen yeni alb\u00fcm\u00fc Eteklerim K\u00f6peklerim ile m\u00fczikseverlerin kar\u015f\u0131s\u0131na \u00e7\u0131kt\u0131. \u200bM\u00fczisyen K\u0131v\u0131lc\u0131m Ural, uzun zamand\u0131r merakla beklenen yeni alb\u00fcm\u00fc Eteklerim K\u00f6peklerim ile m\u00fczikseverlerin kar\u015f\u0131s\u0131na \u00e7\u0131kt\u0131.\u00a0 \u200bHaberin Al\u0131nt\u0131land\u0131\u011f\u0131 Kaynak: www.iskenderun.org\" \/>\n<meta property=\"og:url\" content=\"https:\/\/denizcankizil.tr\/uk\/haberler\/gundem\/kivilcim-ural-spotifyde-turkce-rock-listesine-ilk-siradan-girdi\/\" \/>\n<meta property=\"og:site_name\" content=\"Av. Deniz Can K\u0131z\u0131l\" \/>\n<meta property=\"article:published_time\" content=\"2024-12-02T20:42:58+00:00\" \/>\n<meta name=\"twitter:card\" content=\"summary_large_image\" \/>\n<script type=\"application\/ld+json\" class=\"yoast-schema-graph\">{\"@context\":\"https:\/\/schema.org\",\"@graph\":[{\"@type\":\"Article\",\"@id\":\"https:\/\/denizcankizil.tr\/uk\/haberler\/gundem\/kivilcim-ural-spotifyde-turkce-rock-listesine-ilk-siradan-girdi\/#article\",\"isPartOf\":{\"@id\":\"https:\/\/denizcankizil.tr\/uk\/haberler\/gundem\/kivilcim-ural-spotifyde-turkce-rock-listesine-ilk-siradan-girdi\/\"},\"author\":{\"name\":\"\",\"@id\":\"\"},\"headline\":\"K\u0131v\u0131lc\u0131m Ural\u2019 Spotify\u2019de T\u00fcrk\u00e7e Rock Listesine ilk s\u0131radan girdi!\",\"datePublished\":\"2024-12-02T20:42:58+00:00\",\"mainEntityOfPage\":{\"@id\":\"https:\/\/denizcankizil.tr\/uk\/haberler\/gundem\/kivilcim-ural-spotifyde-turkce-rock-listesine-ilk-siradan-girdi\/\"},\"wordCount\":74,\"commentCount\":0,\"publisher\":{\"@id\":\"https:\/\/denizcankizil.tr\/#organization\"},\"articleSection\":[\"G\u00fcndem\",\"Uncategorized\"],\"inLanguage\":\"uk\",\"potentialAction\":[{\"@type\":\"CommentAction\",\"name\":\"Comment\",\"target\":[\"https:\/\/denizcankizil.tr\/uk\/haberler\/gundem\/kivilcim-ural-spotifyde-turkce-rock-listesine-ilk-siradan-girdi\/#respond\"]}]},{\"@type\":\"WebPage\",\"@id\":\"https:\/\/denizcankizil.tr\/uk\/haberler\/gundem\/kivilcim-ural-spotifyde-turkce-rock-listesine-ilk-siradan-girdi\/\",\"url\":\"https:\/\/denizcankizil.tr\/uk\/haberler\/gundem\/kivilcim-ural-spotifyde-turkce-rock-listesine-ilk-siradan-girdi\/\",\"name\":\"K\u0131v\u0131lc\u0131m Ural\u2019 Spotify\u2019de T\u00fcrk\u00e7e Rock Listesine ilk s\u0131radan girdi! - Av. Deniz Can K\u0131z\u0131l\",\"isPartOf\":{\"@id\":\"https:\/\/denizcankizil.tr\/#website\"},\"datePublished\":\"2024-12-02T20:42:58+00:00\",\"breadcrumb\":{\"@id\":\"https:\/\/denizcankizil.tr\/uk\/haberler\/gundem\/kivilcim-ural-spotifyde-turkce-rock-listesine-ilk-siradan-girdi\/#breadcrumb\"},\"inLanguage\":\"uk\",\"potentialAction\":[{\"@type\":\"ReadAction\",\"target\":[\"https:\/\/denizcankizil.tr\/uk\/haberler\/gundem\/kivilcim-ural-spotifyde-turkce-rock-listesine-ilk-siradan-girdi\/\"]}]},{\"@type\":\"BreadcrumbList\",\"@id\":\"https:\/\/denizcankizil.tr\/uk\/haberler\/gundem\/kivilcim-ural-spotifyde-turkce-rock-listesine-ilk-siradan-girdi\/#breadcrumb\",\"itemListElement\":[{\"@type\":\"ListItem\",\"position\":1,\"name\":\"Home\",\"item\":\"https:\/\/denizcankizil.tr\/uk\/\"},{\"@type\":\"ListItem\",\"position\":2,\"name\":\"K\u0131v\u0131lc\u0131m Ural\u2019 Spotify\u2019de T\u00fcrk\u00e7e Rock Listesine ilk s\u0131radan girdi!\"}]},{\"@type\":\"WebSite\",\"@id\":\"https:\/\/denizcankizil.tr\/#website\",\"url\":\"https:\/\/denizcankizil.tr\/\",\"name\":\"Av. Deniz Can K\u0131z\u0131l\",\"description\":\"Avukat Deniz Can K\u0131z\u0131l Antalya Barosu\",\"publisher\":{\"@id\":\"https:\/\/denizcankizil.tr\/#organization\"},\"potentialAction\":[{\"@type\":\"SearchAction\",\"target\":{\"@type\":\"EntryPoint\",\"urlTemplate\":\"https:\/\/denizcankizil.tr\/?s={search_term_string}\"},\"query-input\":{\"@type\":\"PropertyValueSpecification\",\"valueRequired\":true,\"valueName\":\"search_term_string\"}}],\"inLanguage\":\"uk\"},{\"@type\":\"Organization\",\"@id\":\"https:\/\/denizcankizil.tr\/#organization\",\"name\":\"Av. Deniz Can K\u0131z\u0131l\",\"url\":\"https:\/\/denizcankizil.tr\/\",\"logo\":{\"@type\":\"ImageObject\",\"inLanguage\":\"uk\",\"@id\":\"https:\/\/denizcankizil.tr\/#\/schema\/logo\/image\/\",\"url\":\"https:\/\/denizcankizil.tr\/wp-content\/uploads\/2024\/10\/siyah-logo-svg.svg\",\"contentUrl\":\"https:\/\/denizcankizil.tr\/wp-content\/uploads\/2024\/10\/siyah-logo-svg.svg\",\"width\":1080,\"height\":1080,\"caption\":\"Av. Deniz Can K\u0131z\u0131l\"},\"image\":{\"@id\":\"https:\/\/denizcankizil.tr\/#\/schema\/logo\/image\/\"}}]}<\/script>\n<!-- \/ Yoast SEO Premium plugin. -->","yoast_head_json":{"title":"K\u0131v\u0131lc\u0131m Ural\u2019 Spotify\u2019de T\u00fcrk\u00e7e Rock Listesine ilk s\u0131radan girdi! - Av. Deniz Can K\u0131z\u0131l","robots":{"index":"index","follow":"follow","max-snippet":"max-snippet:-1","max-image-preview":"max-image-preview:large","max-video-preview":"max-video-preview:-1"},"canonical":"https:\/\/denizcankizil.tr\/uk\/haberler\/gundem\/kivilcim-ural-spotifyde-turkce-rock-listesine-ilk-siradan-girdi\/","og_locale":"uk_UA","og_type":"article","og_title":"K\u0131v\u0131lc\u0131m Ural\u2019 Spotify\u2019de T\u00fcrk\u00e7e Rock Listesine ilk s\u0131radan girdi!","og_description":"M\u00fczisyen K\u0131v\u0131lc\u0131m Ural, uzun zamand\u0131r merakla beklenen yeni alb\u00fcm\u00fc Eteklerim K\u00f6peklerim ile m\u00fczikseverlerin kar\u015f\u0131s\u0131na \u00e7\u0131kt\u0131. \u200bM\u00fczisyen K\u0131v\u0131lc\u0131m Ural, uzun zamand\u0131r merakla beklenen yeni alb\u00fcm\u00fc Eteklerim K\u00f6peklerim ile m\u00fczikseverlerin kar\u015f\u0131s\u0131na \u00e7\u0131kt\u0131.\u00a0 \u200bHaberin Al\u0131nt\u0131land\u0131\u011f\u0131 Kaynak: www.iskenderun.org","og_url":"https:\/\/denizcankizil.tr\/uk\/haberler\/gundem\/kivilcim-ural-spotifyde-turkce-rock-listesine-ilk-siradan-girdi\/","og_site_name":"Av. Deniz Can K\u0131z\u0131l","article_published_time":"2024-12-02T20:42:58+00:00","twitter_card":"summary_large_image","schema":{"@context":"https:\/\/schema.org","@graph":[{"@type":"Article","@id":"https:\/\/denizcankizil.tr\/uk\/haberler\/gundem\/kivilcim-ural-spotifyde-turkce-rock-listesine-ilk-siradan-girdi\/#article","isPartOf":{"@id":"https:\/\/denizcankizil.tr\/uk\/haberler\/gundem\/kivilcim-ural-spotifyde-turkce-rock-listesine-ilk-siradan-girdi\/"},"author":{"name":"","@id":""},"headline":"K\u0131v\u0131lc\u0131m Ural\u2019 Spotify\u2019de T\u00fcrk\u00e7e Rock Listesine ilk s\u0131radan girdi!","datePublished":"2024-12-02T20:42:58+00:00","mainEntityOfPage":{"@id":"https:\/\/denizcankizil.tr\/uk\/haberler\/gundem\/kivilcim-ural-spotifyde-turkce-rock-listesine-ilk-siradan-girdi\/"},"wordCount":74,"commentCount":0,"publisher":{"@id":"https:\/\/denizcankizil.tr\/#organization"},"articleSection":["G\u00fcndem","Uncategorized"],"inLanguage":"uk","potentialAction":[{"@type":"CommentAction","name":"Comment","target":["https:\/\/denizcankizil.tr\/uk\/haberler\/gundem\/kivilcim-ural-spotifyde-turkce-rock-listesine-ilk-siradan-girdi\/#respond"]}]},{"@type":"WebPage","@id":"https:\/\/denizcankizil.tr\/uk\/haberler\/gundem\/kivilcim-ural-spotifyde-turkce-rock-listesine-ilk-siradan-girdi\/","url":"https:\/\/denizcankizil.tr\/uk\/haberler\/gundem\/kivilcim-ural-spotifyde-turkce-rock-listesine-ilk-siradan-girdi\/","name":"K\u0131v\u0131lc\u0131m Ural\u2019 Spotify\u2019de T\u00fcrk\u00e7e Rock Listesine ilk s\u0131radan girdi! - Av. Deniz Can K\u0131z\u0131l","isPartOf":{"@id":"https:\/\/denizcankizil.tr\/#website"},"datePublished":"2024-12-02T20:42:58+00:00","breadcrumb":{"@id":"https:\/\/denizcankizil.tr\/uk\/haberler\/gundem\/kivilcim-ural-spotifyde-turkce-rock-listesine-ilk-siradan-girdi\/#breadcrumb"},"inLanguage":"uk","potentialAction":[{"@type":"ReadAction","target":["https:\/\/denizcankizil.tr\/uk\/haberler\/gundem\/kivilcim-ural-spotifyde-turkce-rock-listesine-ilk-siradan-girdi\/"]}]},{"@type":"BreadcrumbList","@id":"https:\/\/denizcankizil.tr\/uk\/haberler\/gundem\/kivilcim-ural-spotifyde-turkce-rock-listesine-ilk-siradan-girdi\/#breadcrumb","itemListElement":[{"@type":"ListItem","position":1,"name":"Home","item":"https:\/\/denizcankizil.tr\/uk\/"},{"@type":"ListItem","position":2,"name":"K\u0131v\u0131lc\u0131m Ural\u2019 Spotify\u2019de T\u00fcrk\u00e7e Rock Listesine ilk s\u0131radan girdi!"}]},{"@type":"WebSite","@id":"https:\/\/denizcankizil.tr\/#website","url":"https:\/\/denizcankizil.tr\/","name":"Av. Deniz Can K\u0131z\u0131l","description":"Avukat Deniz Can K\u0131z\u0131l Antalya Barosu","publisher":{"@id":"https:\/\/denizcankizil.tr\/#organization"},"potentialAction":[{"@type":"SearchAction","target":{"@type":"EntryPoint","urlTemplate":"https:\/\/denizcankizil.tr\/?s={search_term_string}"},"query-input":{"@type":"PropertyValueSpecification","valueRequired":true,"valueName":"search_term_string"}}],"inLanguage":"uk"},{"@type":"Organization","@id":"https:\/\/denizcankizil.tr\/#organization","name":"Av. Deniz Can K\u0131z\u0131l","url":"https:\/\/denizcankizil.tr\/","logo":{"@type":"ImageObject","inLanguage":"uk","@id":"https:\/\/denizcankizil.tr\/#\/schema\/logo\/image\/","url":"https:\/\/denizcankizil.tr\/wp-content\/uploads\/2024\/10\/siyah-logo-svg.svg","contentUrl":"https:\/\/denizcankizil.tr\/wp-content\/uploads\/2024\/10\/siyah-logo-svg.svg","width":1080,"height":1080,"caption":"Av. Deniz Can K\u0131z\u0131l"},"image":{"@id":"https:\/\/denizcankizil.tr\/#\/schema\/logo\/image\/"}}]}},"_links":{"self":[{"href":"https:\/\/denizcankizil.tr\/uk\/wp-json\/wp\/v2\/posts\/18799","targetHints":{"allow":["GET"]}}],"collection":[{"href":"https:\/\/denizcankizil.tr\/uk\/wp-json\/wp\/v2\/posts"}],"about":[{"href":"https:\/\/denizcankizil.tr\/uk\/wp-json\/wp\/v2\/types\/post"}],"replies":[{"embeddable":true,"href":"https:\/\/denizcankizil.tr\/uk\/wp-json\/wp\/v2\/comments?post=18799"}],"version-history":[{"count":0,"href":"https:\/\/denizcankizil.tr\/uk\/wp-json\/wp\/v2\/posts\/18799\/revisions"}],"wp:attachment":[{"href":"https:\/\/denizcankizil.tr\/uk\/wp-json\/wp\/v2\/media?parent=18799"}],"wp:term":[{"taxonomy":"category","embeddable":true,"href":"https:\/\/denizcankizil.tr\/uk\/wp-json\/wp\/v2\/categories?post=18799"},{"taxonomy":"post_tag","embeddable":true,"href":"https:\/\/denizcankizil.tr\/uk\/wp-json\/wp\/v2\/tags?post=18799"}],"curies":[{"name":"wp","href":"https:\/\/api.w.org\/{rel}","templated":true}]}}