{"id":18415,"date":"2024-11-30T11:41:38","date_gmt":"2024-11-30T08:41:38","guid":{"rendered":"https:\/\/denizcankizil.tr\/uncategorized-tr\/otomobil-motosiklete-carpti\/"},"modified":"2024-11-30T11:41:38","modified_gmt":"2024-11-30T08:41:38","slug":"otomobil-motosiklete-carpti","status":"publish","type":"post","link":"https:\/\/denizcankizil.tr\/uk\/haberler\/antalya\/otomobil-motosiklete-carpti\/","title":{"rendered":"Otomobil motosiklete \u00e7arpt\u0131"},"content":{"rendered":"<p>Kaza, Bah\u00e7elievler Mahallesi \u00c7etin Eme\u00e7 Caddesi&#8217;nde ya\u015fand\u0131. Edinilen bilgiye g\u00f6re, Sorgun Bulvar\u0131 istikametinden Gen\u00e7lik Merkezi istikametine seyir halindeki Beyza Kocuk&#8217;un kulland\u0131\u011f\u0131 07 BSB 967 plakal\u0131 motosiklete, 5027 Sokak&#8217;tan Cumartesi Pazar\u0131 istikametine gitmekte olan Altu\u011f Berkay Vargel&#8217;in kulland\u0131\u011f\u0131 07 AOY 508 plakal\u0131 otomobil \u00e7arpt\u0131. Kazada yaralanan motosiklet s\u00fcr\u00fcc\u00fcs\u00fc 112 Sa\u011fl\u0131k ekiplerinin olay yerindeki m\u00fcdahalesinin ard\u0131ndan ambulansla hastaneye kald\u0131r\u0131ld\u0131.<br \/>\nManavgat Emniyet M\u00fcd\u00fcrl\u00fc\u011f\u00fc Trafik Denetleme B\u00fcro Amirli\u011fi ekiplerinin yapt\u0131\u011f\u0131 kontrolde s\u00fcr\u00fcc\u00fc belgesi olmad\u0131\u011f\u0131 belirlenen motosiklet s\u00fcr\u00fcc\u00fcs\u00fcne 12 bin 977 TL para cezas\u0131 uyguland\u0131.<\/p>\n<p>Kaynak: www.kanalv.com.tr Haber Sitesinden Al\u0131nm\u0131\u015ft\u0131r.<\/p>","protected":false},"excerpt":{"rendered":"<p>Kaza, Bah\u00e7elievler Mahallesi \u00c7etin Eme\u00e7 Caddesi&#8217;nde ya\u015fand\u0131. Edinilen bilgiye g\u00f6re, Sorgun Bulvar\u0131 istikametinden Gen\u00e7lik Merkezi istikametine seyir halindeki Beyza Kocuk&#8217;un kulland\u0131\u011f\u0131 07 BSB 967 plakal\u0131 motosiklete, 5027 Sokak&#8217;tan Cumartesi Pazar\u0131 istikametine gitmekte olan Altu\u011f Berkay Vargel&#8217;in kulland\u0131\u011f\u0131 07 AOY 508 plakal\u0131 otomobil \u00e7arpt\u0131. Kazada yaralanan motosiklet s\u00fcr\u00fcc\u00fcs\u00fc 112 Sa\u011fl\u0131k ekiplerinin olay yerindeki m\u00fcdahalesinin ard\u0131ndan ambulansla hastaneye kald\u0131r\u0131ld\u0131. Manavgat Emniyet M\u00fcd\u00fcrl\u00fc\u011f\u00fc Trafik Denetleme B\u00fcro Amirli\u011fi ekiplerinin yapt\u0131\u011f\u0131 kontrolde s\u00fcr\u00fcc\u00fc belgesi olmad\u0131\u011f\u0131 belirlenen motosiklet s\u00fcr\u00fcc\u00fcs\u00fcne 12 bin 977 TL para cezas\u0131 uyguland\u0131. Kaynak: www.kanalv.com.tr Haber Sitesinden Al\u0131nm\u0131\u015ft\u0131r.<\/p>","protected":false},"author":0,"featured_media":18416,"comment_status":"open","ping_status":"open","sticky":false,"template":"","format":"standard","meta":{"_acf_changed":false,"footnotes":""},"categories":[26,535],"tags":[],"class_list":["post-18415","post","type-post","status-publish","format-standard","has-post-thumbnail","hentry","category-antalya","category-uncategorized-tr"],"acf":[],"yoast_head":"<!-- This site is optimized with the Yoast SEO Premium plugin v26.6 (Yoast SEO v27.1.1) - https:\/\/yoast.com\/product\/yoast-seo-premium-wordpress\/ -->\n<title>Otomobil motosiklete \u00e7arpt\u0131 - Av. Deniz Can K\u0131z\u0131l<\/title>\n<meta name=\"robots\" content=\"index, follow, max-snippet:-1, max-image-preview:large, max-video-preview:-1\" \/>\n<link rel=\"canonical\" href=\"https:\/\/denizcankizil.tr\/uk\/haberler\/antalya\/otomobil-motosiklete-carpti\/\" \/>\n<meta property=\"og:locale\" content=\"uk_UA\" \/>\n<meta property=\"og:type\" content=\"article\" \/>\n<meta property=\"og:title\" content=\"Otomobil motosiklete \u00e7arpt\u0131\" \/>\n<meta property=\"og:description\" content=\"Kaza, Bah\u00e7elievler Mahallesi \u00c7etin Eme\u00e7 Caddesi&#8217;nde ya\u015fand\u0131. Edinilen bilgiye g\u00f6re, Sorgun Bulvar\u0131 istikametinden Gen\u00e7lik Merkezi istikametine seyir halindeki Beyza Kocuk&#8217;un kulland\u0131\u011f\u0131 07 BSB 967 plakal\u0131 motosiklete, 5027 Sokak&#8217;tan Cumartesi Pazar\u0131 istikametine gitmekte olan Altu\u011f Berkay Vargel&#8217;in kulland\u0131\u011f\u0131 07 AOY 508 plakal\u0131 otomobil \u00e7arpt\u0131. Kazada yaralanan motosiklet s\u00fcr\u00fcc\u00fcs\u00fc 112 Sa\u011fl\u0131k ekiplerinin olay yerindeki m\u00fcdahalesinin ard\u0131ndan ambulansla hastaneye kald\u0131r\u0131ld\u0131. Manavgat Emniyet M\u00fcd\u00fcrl\u00fc\u011f\u00fc Trafik Denetleme B\u00fcro Amirli\u011fi ekiplerinin yapt\u0131\u011f\u0131 kontrolde s\u00fcr\u00fcc\u00fc belgesi olmad\u0131\u011f\u0131 belirlenen motosiklet s\u00fcr\u00fcc\u00fcs\u00fcne 12 bin 977 TL para cezas\u0131 uyguland\u0131. Kaynak: www.kanalv.com.tr Haber Sitesinden Al\u0131nm\u0131\u015ft\u0131r.\" \/>\n<meta property=\"og:url\" content=\"https:\/\/denizcankizil.tr\/uk\/haberler\/antalya\/otomobil-motosiklete-carpti\/\" \/>\n<meta property=\"og:site_name\" content=\"Av. Deniz Can K\u0131z\u0131l\" \/>\n<meta property=\"article:published_time\" content=\"2024-11-30T08:41:38+00:00\" \/>\n<meta property=\"og:image\" content=\"https:\/\/denizcankizil.tr\/wp-content\/uploads\/2024\/11\/3363-01-KR1Oln.jpeg\" \/>\n\t<meta property=\"og:image:width\" content=\"1280\" \/>\n\t<meta property=\"og:image:height\" content=\"720\" \/>\n\t<meta property=\"og:image:type\" content=\"image\/jpeg\" \/>\n<meta name=\"twitter:card\" content=\"summary_large_image\" \/>\n<meta name=\"twitter:label1\" content=\"\u041f\u0440\u0438\u0431\u043b. \u0447\u0430\u0441 \u0447\u0438\u0442\u0430\u043d\u043d\u044f\" \/>\n\t<meta name=\"twitter:data1\" content=\"1 \u0445\u0432\u0438\u043b\u0438\u043d\u0430\" \/>\n<script type=\"application\/ld+json\" class=\"yoast-schema-graph\">{\"@context\":\"https:\/\/schema.org\",\"@graph\":[{\"@type\":\"Article\",\"@id\":\"https:\/\/denizcankizil.tr\/uk\/haberler\/antalya\/otomobil-motosiklete-carpti\/#article\",\"isPartOf\":{\"@id\":\"https:\/\/denizcankizil.tr\/uk\/haberler\/antalya\/otomobil-motosiklete-carpti\/\"},\"author\":{\"name\":\"\",\"@id\":\"\"},\"headline\":\"Otomobil motosiklete \u00e7arpt\u0131\",\"datePublished\":\"2024-11-30T08:41:38+00:00\",\"mainEntityOfPage\":{\"@id\":\"https:\/\/denizcankizil.tr\/uk\/haberler\/antalya\/otomobil-motosiklete-carpti\/\"},\"wordCount\":113,\"commentCount\":0,\"publisher\":{\"@id\":\"https:\/\/denizcankizil.tr\/de\/#organization\"},\"image\":{\"@id\":\"https:\/\/denizcankizil.tr\/uk\/haberler\/antalya\/otomobil-motosiklete-carpti\/#primaryimage\"},\"thumbnailUrl\":\"https:\/\/denizcankizil.tr\/wp-content\/uploads\/2024\/11\/3363-01-KR1Oln.jpeg\",\"articleSection\":[\"Antalya\",\"Uncategorized\"],\"inLanguage\":\"uk\",\"potentialAction\":[{\"@type\":\"CommentAction\",\"name\":\"Comment\",\"target\":[\"https:\/\/denizcankizil.tr\/uk\/haberler\/antalya\/otomobil-motosiklete-carpti\/#respond\"]}]},{\"@type\":\"WebPage\",\"@id\":\"https:\/\/denizcankizil.tr\/uk\/haberler\/antalya\/otomobil-motosiklete-carpti\/\",\"url\":\"https:\/\/denizcankizil.tr\/uk\/haberler\/antalya\/otomobil-motosiklete-carpti\/\",\"name\":\"Otomobil motosiklete \u00e7arpt\u0131 - Av. Deniz Can K\u0131z\u0131l\",\"isPartOf\":{\"@id\":\"https:\/\/denizcankizil.tr\/de\/#website\"},\"primaryImageOfPage\":{\"@id\":\"https:\/\/denizcankizil.tr\/uk\/haberler\/antalya\/otomobil-motosiklete-carpti\/#primaryimage\"},\"image\":{\"@id\":\"https:\/\/denizcankizil.tr\/uk\/haberler\/antalya\/otomobil-motosiklete-carpti\/#primaryimage\"},\"thumbnailUrl\":\"https:\/\/denizcankizil.tr\/wp-content\/uploads\/2024\/11\/3363-01-KR1Oln.jpeg\",\"datePublished\":\"2024-11-30T08:41:38+00:00\",\"breadcrumb\":{\"@id\":\"https:\/\/denizcankizil.tr\/uk\/haberler\/antalya\/otomobil-motosiklete-carpti\/#breadcrumb\"},\"inLanguage\":\"uk\",\"potentialAction\":[{\"@type\":\"ReadAction\",\"target\":[\"https:\/\/denizcankizil.tr\/uk\/haberler\/antalya\/otomobil-motosiklete-carpti\/\"]}]},{\"@type\":\"ImageObject\",\"inLanguage\":\"uk\",\"@id\":\"https:\/\/denizcankizil.tr\/uk\/haberler\/antalya\/otomobil-motosiklete-carpti\/#primaryimage\",\"url\":\"https:\/\/denizcankizil.tr\/wp-content\/uploads\/2024\/11\/3363-01-KR1Oln.jpeg\",\"contentUrl\":\"https:\/\/denizcankizil.tr\/wp-content\/uploads\/2024\/11\/3363-01-KR1Oln.jpeg\",\"width\":1280,\"height\":720},{\"@type\":\"BreadcrumbList\",\"@id\":\"https:\/\/denizcankizil.tr\/uk\/haberler\/antalya\/otomobil-motosiklete-carpti\/#breadcrumb\",\"itemListElement\":[{\"@type\":\"ListItem\",\"position\":1,\"name\":\"Home\",\"item\":\"https:\/\/denizcankizil.tr\/de\/\"},{\"@type\":\"ListItem\",\"position\":2,\"name\":\"Otomobil motosiklete \u00e7arpt\u0131\"}]},{\"@type\":\"WebSite\",\"@id\":\"https:\/\/denizcankizil.tr\/de\/#website\",\"url\":\"https:\/\/denizcankizil.tr\/de\/\",\"name\":\"Av. Deniz Can K\u0131z\u0131l\",\"description\":\"Avukat Deniz Can K\u0131z\u0131l Antalya Barosu\",\"publisher\":{\"@id\":\"https:\/\/denizcankizil.tr\/de\/#organization\"},\"potentialAction\":[{\"@type\":\"SearchAction\",\"target\":{\"@type\":\"EntryPoint\",\"urlTemplate\":\"https:\/\/denizcankizil.tr\/de\/?s={search_term_string}\"},\"query-input\":{\"@type\":\"PropertyValueSpecification\",\"valueRequired\":true,\"valueName\":\"search_term_string\"}}],\"inLanguage\":\"uk\"},{\"@type\":\"Organization\",\"@id\":\"https:\/\/denizcankizil.tr\/de\/#organization\",\"name\":\"Av. Deniz Can K\u0131z\u0131l\",\"url\":\"https:\/\/denizcankizil.tr\/de\/\",\"logo\":{\"@type\":\"ImageObject\",\"inLanguage\":\"uk\",\"@id\":\"https:\/\/denizcankizil.tr\/de\/#\/schema\/logo\/image\/\",\"url\":\"https:\/\/denizcankizil.tr\/wp-content\/uploads\/2024\/10\/siyah-logo-svg.svg\",\"contentUrl\":\"https:\/\/denizcankizil.tr\/wp-content\/uploads\/2024\/10\/siyah-logo-svg.svg\",\"width\":1080,\"height\":1080,\"caption\":\"Av. Deniz Can K\u0131z\u0131l\"},\"image\":{\"@id\":\"https:\/\/denizcankizil.tr\/de\/#\/schema\/logo\/image\/\"}}]}<\/script>\n<!-- \/ Yoast SEO Premium plugin. -->","yoast_head_json":{"title":"Otomobil motosiklete \u00e7arpt\u0131 - Av. Deniz Can K\u0131z\u0131l","robots":{"index":"index","follow":"follow","max-snippet":"max-snippet:-1","max-image-preview":"max-image-preview:large","max-video-preview":"max-video-preview:-1"},"canonical":"https:\/\/denizcankizil.tr\/uk\/haberler\/antalya\/otomobil-motosiklete-carpti\/","og_locale":"uk_UA","og_type":"article","og_title":"Otomobil motosiklete \u00e7arpt\u0131","og_description":"Kaza, Bah\u00e7elievler Mahallesi \u00c7etin Eme\u00e7 Caddesi&#8217;nde ya\u015fand\u0131. Edinilen bilgiye g\u00f6re, Sorgun Bulvar\u0131 istikametinden Gen\u00e7lik Merkezi istikametine seyir halindeki Beyza Kocuk&#8217;un kulland\u0131\u011f\u0131 07 BSB 967 plakal\u0131 motosiklete, 5027 Sokak&#8217;tan Cumartesi Pazar\u0131 istikametine gitmekte olan Altu\u011f Berkay Vargel&#8217;in kulland\u0131\u011f\u0131 07 AOY 508 plakal\u0131 otomobil \u00e7arpt\u0131. Kazada yaralanan motosiklet s\u00fcr\u00fcc\u00fcs\u00fc 112 Sa\u011fl\u0131k ekiplerinin olay yerindeki m\u00fcdahalesinin ard\u0131ndan ambulansla hastaneye kald\u0131r\u0131ld\u0131. Manavgat Emniyet M\u00fcd\u00fcrl\u00fc\u011f\u00fc Trafik Denetleme B\u00fcro Amirli\u011fi ekiplerinin yapt\u0131\u011f\u0131 kontrolde s\u00fcr\u00fcc\u00fc belgesi olmad\u0131\u011f\u0131 belirlenen motosiklet s\u00fcr\u00fcc\u00fcs\u00fcne 12 bin 977 TL para cezas\u0131 uyguland\u0131. Kaynak: www.kanalv.com.tr Haber Sitesinden Al\u0131nm\u0131\u015ft\u0131r.","og_url":"https:\/\/denizcankizil.tr\/uk\/haberler\/antalya\/otomobil-motosiklete-carpti\/","og_site_name":"Av. Deniz Can K\u0131z\u0131l","article_published_time":"2024-11-30T08:41:38+00:00","og_image":[{"width":1280,"height":720,"url":"https:\/\/denizcankizil.tr\/wp-content\/uploads\/2024\/11\/3363-01-KR1Oln.jpeg","type":"image\/jpeg"}],"twitter_card":"summary_large_image","twitter_misc":{"\u041f\u0440\u0438\u0431\u043b. \u0447\u0430\u0441 \u0447\u0438\u0442\u0430\u043d\u043d\u044f":"1 \u0445\u0432\u0438\u043b\u0438\u043d\u0430"},"schema":{"@context":"https:\/\/schema.org","@graph":[{"@type":"Article","@id":"https:\/\/denizcankizil.tr\/uk\/haberler\/antalya\/otomobil-motosiklete-carpti\/#article","isPartOf":{"@id":"https:\/\/denizcankizil.tr\/uk\/haberler\/antalya\/otomobil-motosiklete-carpti\/"},"author":{"name":"","@id":""},"headline":"Otomobil motosiklete \u00e7arpt\u0131","datePublished":"2024-11-30T08:41:38+00:00","mainEntityOfPage":{"@id":"https:\/\/denizcankizil.tr\/uk\/haberler\/antalya\/otomobil-motosiklete-carpti\/"},"wordCount":113,"commentCount":0,"publisher":{"@id":"https:\/\/denizcankizil.tr\/de\/#organization"},"image":{"@id":"https:\/\/denizcankizil.tr\/uk\/haberler\/antalya\/otomobil-motosiklete-carpti\/#primaryimage"},"thumbnailUrl":"https:\/\/denizcankizil.tr\/wp-content\/uploads\/2024\/11\/3363-01-KR1Oln.jpeg","articleSection":["Antalya","Uncategorized"],"inLanguage":"uk","potentialAction":[{"@type":"CommentAction","name":"Comment","target":["https:\/\/denizcankizil.tr\/uk\/haberler\/antalya\/otomobil-motosiklete-carpti\/#respond"]}]},{"@type":"WebPage","@id":"https:\/\/denizcankizil.tr\/uk\/haberler\/antalya\/otomobil-motosiklete-carpti\/","url":"https:\/\/denizcankizil.tr\/uk\/haberler\/antalya\/otomobil-motosiklete-carpti\/","name":"Otomobil motosiklete \u00e7arpt\u0131 - Av. Deniz Can K\u0131z\u0131l","isPartOf":{"@id":"https:\/\/denizcankizil.tr\/de\/#website"},"primaryImageOfPage":{"@id":"https:\/\/denizcankizil.tr\/uk\/haberler\/antalya\/otomobil-motosiklete-carpti\/#primaryimage"},"image":{"@id":"https:\/\/denizcankizil.tr\/uk\/haberler\/antalya\/otomobil-motosiklete-carpti\/#primaryimage"},"thumbnailUrl":"https:\/\/denizcankizil.tr\/wp-content\/uploads\/2024\/11\/3363-01-KR1Oln.jpeg","datePublished":"2024-11-30T08:41:38+00:00","breadcrumb":{"@id":"https:\/\/denizcankizil.tr\/uk\/haberler\/antalya\/otomobil-motosiklete-carpti\/#breadcrumb"},"inLanguage":"uk","potentialAction":[{"@type":"ReadAction","target":["https:\/\/denizcankizil.tr\/uk\/haberler\/antalya\/otomobil-motosiklete-carpti\/"]}]},{"@type":"ImageObject","inLanguage":"uk","@id":"https:\/\/denizcankizil.tr\/uk\/haberler\/antalya\/otomobil-motosiklete-carpti\/#primaryimage","url":"https:\/\/denizcankizil.tr\/wp-content\/uploads\/2024\/11\/3363-01-KR1Oln.jpeg","contentUrl":"https:\/\/denizcankizil.tr\/wp-content\/uploads\/2024\/11\/3363-01-KR1Oln.jpeg","width":1280,"height":720},{"@type":"BreadcrumbList","@id":"https:\/\/denizcankizil.tr\/uk\/haberler\/antalya\/otomobil-motosiklete-carpti\/#breadcrumb","itemListElement":[{"@type":"ListItem","position":1,"name":"Home","item":"https:\/\/denizcankizil.tr\/de\/"},{"@type":"ListItem","position":2,"name":"Otomobil motosiklete \u00e7arpt\u0131"}]},{"@type":"WebSite","@id":"https:\/\/denizcankizil.tr\/de\/#website","url":"https:\/\/denizcankizil.tr\/de\/","name":"Av. Deniz Can K\u0131z\u0131l","description":"Avukat Deniz Can K\u0131z\u0131l Antalya Barosu","publisher":{"@id":"https:\/\/denizcankizil.tr\/de\/#organization"},"potentialAction":[{"@type":"SearchAction","target":{"@type":"EntryPoint","urlTemplate":"https:\/\/denizcankizil.tr\/de\/?s={search_term_string}"},"query-input":{"@type":"PropertyValueSpecification","valueRequired":true,"valueName":"search_term_string"}}],"inLanguage":"uk"},{"@type":"Organization","@id":"https:\/\/denizcankizil.tr\/de\/#organization","name":"Av. Deniz Can K\u0131z\u0131l","url":"https:\/\/denizcankizil.tr\/de\/","logo":{"@type":"ImageObject","inLanguage":"uk","@id":"https:\/\/denizcankizil.tr\/de\/#\/schema\/logo\/image\/","url":"https:\/\/denizcankizil.tr\/wp-content\/uploads\/2024\/10\/siyah-logo-svg.svg","contentUrl":"https:\/\/denizcankizil.tr\/wp-content\/uploads\/2024\/10\/siyah-logo-svg.svg","width":1080,"height":1080,"caption":"Av. Deniz Can K\u0131z\u0131l"},"image":{"@id":"https:\/\/denizcankizil.tr\/de\/#\/schema\/logo\/image\/"}}]}},"_links":{"self":[{"href":"https:\/\/denizcankizil.tr\/uk\/wp-json\/wp\/v2\/posts\/18415","targetHints":{"allow":["GET"]}}],"collection":[{"href":"https:\/\/denizcankizil.tr\/uk\/wp-json\/wp\/v2\/posts"}],"about":[{"href":"https:\/\/denizcankizil.tr\/uk\/wp-json\/wp\/v2\/types\/post"}],"replies":[{"embeddable":true,"href":"https:\/\/denizcankizil.tr\/uk\/wp-json\/wp\/v2\/comments?post=18415"}],"version-history":[{"count":0,"href":"https:\/\/denizcankizil.tr\/uk\/wp-json\/wp\/v2\/posts\/18415\/revisions"}],"wp:featuredmedia":[{"embeddable":true,"href":"https:\/\/denizcankizil.tr\/uk\/wp-json\/wp\/v2\/media\/18416"}],"wp:attachment":[{"href":"https:\/\/denizcankizil.tr\/uk\/wp-json\/wp\/v2\/media?parent=18415"}],"wp:term":[{"taxonomy":"category","embeddable":true,"href":"https:\/\/denizcankizil.tr\/uk\/wp-json\/wp\/v2\/categories?post=18415"},{"taxonomy":"post_tag","embeddable":true,"href":"https:\/\/denizcankizil.tr\/uk\/wp-json\/wp\/v2\/tags?post=18415"}],"curies":[{"name":"wp","href":"https:\/\/api.w.org\/{rel}","templated":true}]}}