{"id":18303,"date":"2024-11-29T15:41:49","date_gmt":"2024-11-29T12:41:49","guid":{"rendered":"https:\/\/denizcankizil.tr\/uncategorized-tr\/antalyada-tegmenlere-destek-verdikten-sonra-aciga-alinan-savcinin-yeri-resmilesti\/"},"modified":"2024-11-29T15:41:49","modified_gmt":"2024-11-29T12:41:49","slug":"antalyada-tegmenlere-destek-verdikten-sonra-aciga-alinan-savcinin-yeri-resmilesti","status":"publish","type":"post","link":"https:\/\/denizcankizil.tr\/uk\/haberler\/gundem\/antalyada-tegmenlere-destek-verdikten-sonra-aciga-alinan-savcinin-yeri-resmilesti\/","title":{"rendered":"Antalya\u2019da te\u011fmenlere destek verdikten sonra a\u00e7\u0131\u011fa al\u0131nan savc\u0131n\u0131n yeri resmile\u015fti!"},"content":{"rendered":"<p>Kara Harp Okulu mezuniyet t\u00f6reni sonras\u0131nda k\u0131l\u0131\u00e7 \u00e7atan ve &#8220;Mustafa Kemal&#8217;in askerleriyiz&#8221; slogan\u0131 atan te\u011fmenlerden baz\u0131lar\u0131 MSB Y\u00fcksek Disiplin Kurulu&#8217;na (YDK) sevk edildi. Haklar\u0131nda ihra\u00e7 istenen te\u011fmenlerin dosyalar\u0131 YDK&#8217;de ele al\u0131nacak ve kurul te\u011fmenler i\u00e7in son karar\u0131 verecek. Antalya Cumhuriyet Savc\u0131s\u0131 Mehmet \u00c7a\u011flayan da sosyal medya hesab\u0131ndan te\u011fmenlere destek mesaj\u0131 payla\u015ft\u0131.\u00a0<\/p>\n<p>A\u00c7I\u011eA ALINDI<\/p>\n<p>HSK, 19 Kas\u0131m&#8217;da \u00c7a\u011flayan&#8217;\u0131 k\u0131demine ra\u011fmen Antalya&#8217;dan daha alt bir b\u00f6lge olan Fethiye&#8217;ye g\u00f6nderdi. HSK Ba\u015fkan\u0131 da olan Adalet Bakan\u0131 Y\u0131lmaz Tun\u00e7, savc\u0131 \u00c7a\u011flayan hakk\u0131nda soru\u015fturma a\u00e7\u0131lmas\u0131n\u0131 teklif etti. Tun\u00e7, ayn\u0131 g\u00fcn HSK Ba\u015fkan\u0131 s\u0131fat\u0131yla soru\u015fturmaya olur verdi. M\u00fcfetti\u015flerin haz\u0131rlad\u0131\u011f\u0131 \u00f6n raporda, Mehmet \u00c7a\u011flayan&#8217;\u0131n yapt\u0131\u011f\u0131 payla\u015f\u0131mlarla &#8216;Cumhuriyet savc\u0131l\u0131\u011f\u0131 mesle\u011fine yak\u0131\u015fmayacak \u015fekilde davrand\u0131\u011f\u0131&#8217; savunuldu. Bunun ard\u0131ndan Mehmet \u00c7a\u011flayan jet h\u0131z\u0131yla a\u00e7\u0131\u011fa al\u0131nd\u0131. Antalya Cumhuriyet Savc\u0131s\u0131 Mehmet \u00c7a\u011flayan&#8217;\u0131n Fethiye Cumhuriyet Savc\u0131s\u0131 olarak atanmas\u0131na ili\u015fkin karar Resmi Gazete&#8217;de yay\u0131nland\u0131.<\/p>\n<p>RESM\u0130LE\u015eT\u0130<\/p>\n<p>Savc\u0131 Mehmet \u00c7a\u011flayan, payla\u015f\u0131m\u0131nda \u015funlar\u0131 yazm\u0131\u015ft\u0131: \u201cT\u00fcm askerler Atat\u00fcrk&#8217;\u00fcn askeridir! Yemin t\u00f6reninde bunu hayk\u0131ran te\u011fmenlerimiz ne kanuna ayk\u0131r\u0131 davranm\u0131\u015f ne de disiplinsizlik yapm\u0131\u015flard\u0131r. Uyarma cezas\u0131n\u0131n dahi kabul\u00fc m\u00fcmk\u00fcn de\u011fildi. Ceza verilmesi i\u00e7i bask\u0131 uygulanan kurul \u00fcyeleri varsa, bunu payla\u015farak istifa etmelidir.&#8221;<\/p>\n<p>\u200bAntalya\u2019da te\u011fmenlere destek mesaj\u0131 payla\u015ft\u0131\u011f\u0131 i\u00e7in a\u00e7\u0131\u011fa al\u0131nan Antalya Cumhuriyet Savc\u0131s\u0131 Mehmet \u00c7a\u011flayan&#8217;\u0131n Fethiye Cumhuriyet Savc\u0131s\u0131 olarak atanmas\u0131na ili\u015fkin karar Resmi Gazete&#8217;de yay\u0131nland\u0131\u00a0<\/p>\n<p>\u200bHaberin Al\u0131nt\u0131land\u0131\u011f\u0131 Kaynak: www.antalyakorfez.com<\/p>","protected":false},"excerpt":{"rendered":"<p>Kara Harp Okulu mezuniyet t\u00f6reni sonras\u0131nda k\u0131l\u0131\u00e7 \u00e7atan ve &#8220;Mustafa Kemal&#8217;in askerleriyiz&#8221; slogan\u0131 atan te\u011fmenlerden baz\u0131lar\u0131 MSB Y\u00fcksek Disiplin Kurulu&#8217;na (YDK) sevk edildi. Haklar\u0131nda ihra\u00e7 istenen te\u011fmenlerin dosyalar\u0131 YDK&#8217;de ele al\u0131nacak ve kurul te\u011fmenler i\u00e7in son karar\u0131 verecek. Antalya Cumhuriyet Savc\u0131s\u0131 Mehmet \u00c7a\u011flayan da sosyal medya hesab\u0131ndan te\u011fmenlere destek mesaj\u0131 payla\u015ft\u0131.\u00a0 A\u00c7I\u011eA ALINDI HSK, 19 Kas\u0131m&#8217;da \u00c7a\u011flayan&#8217;\u0131 k\u0131demine ra\u011fmen Antalya&#8217;dan daha alt bir b\u00f6lge olan Fethiye&#8217;ye g\u00f6nderdi. HSK Ba\u015fkan\u0131 da olan Adalet Bakan\u0131 Y\u0131lmaz Tun\u00e7, savc\u0131 \u00c7a\u011flayan hakk\u0131nda soru\u015fturma a\u00e7\u0131lmas\u0131n\u0131 teklif etti. Tun\u00e7, ayn\u0131 g\u00fcn HSK Ba\u015fkan\u0131 s\u0131fat\u0131yla soru\u015fturmaya olur verdi. M\u00fcfetti\u015flerin haz\u0131rlad\u0131\u011f\u0131 \u00f6n raporda, Mehmet \u00c7a\u011flayan&#8217;\u0131n yapt\u0131\u011f\u0131 payla\u015f\u0131mlarla &#8216;Cumhuriyet savc\u0131l\u0131\u011f\u0131 mesle\u011fine yak\u0131\u015fmayacak \u015fekilde davrand\u0131\u011f\u0131&#8217; savunuldu. Bunun ard\u0131ndan Mehmet \u00c7a\u011flayan jet h\u0131z\u0131yla a\u00e7\u0131\u011fa al\u0131nd\u0131. Antalya Cumhuriyet Savc\u0131s\u0131 Mehmet \u00c7a\u011flayan&#8217;\u0131n Fethiye Cumhuriyet Savc\u0131s\u0131 olarak atanmas\u0131na ili\u015fkin karar Resmi Gazete&#8217;de yay\u0131nland\u0131. RESM\u0130LE\u015eT\u0130 Savc\u0131 Mehmet \u00c7a\u011flayan, payla\u015f\u0131m\u0131nda \u015funlar\u0131 yazm\u0131\u015ft\u0131: \u201cT\u00fcm askerler Atat\u00fcrk&#8217;\u00fcn askeridir! Yemin t\u00f6reninde bunu hayk\u0131ran te\u011fmenlerimiz ne kanuna ayk\u0131r\u0131 davranm\u0131\u015f ne de disiplinsizlik yapm\u0131\u015flard\u0131r. Uyarma cezas\u0131n\u0131n dahi kabul\u00fc m\u00fcmk\u00fcn de\u011fildi. Ceza verilmesi i\u00e7i bask\u0131 uygulanan kurul \u00fcyeleri varsa, bunu payla\u015farak istifa etmelidir.&#8221; \u200bAntalya\u2019da te\u011fmenlere destek mesaj\u0131 payla\u015ft\u0131\u011f\u0131 i\u00e7in a\u00e7\u0131\u011fa al\u0131nan Antalya Cumhuriyet Savc\u0131s\u0131 Mehmet \u00c7a\u011flayan&#8217;\u0131n Fethiye Cumhuriyet Savc\u0131s\u0131 olarak atanmas\u0131na ili\u015fkin karar Resmi Gazete&#8217;de yay\u0131nland\u0131\u00a0 \u200bHaberin Al\u0131nt\u0131land\u0131\u011f\u0131 Kaynak: www.antalyakorfez.com<\/p>","protected":false},"author":0,"featured_media":0,"comment_status":"open","ping_status":"open","sticky":false,"template":"","format":"standard","meta":{"_acf_changed":false,"footnotes":""},"categories":[24,535],"tags":[],"class_list":["post-18303","post","type-post","status-publish","format-standard","has-post-thumbnail","hentry","category-gundem","category-uncategorized-tr"],"acf":[],"yoast_head":"<!-- This site is optimized with the Yoast SEO Premium plugin v26.6 (Yoast SEO v27.1.1) - https:\/\/yoast.com\/product\/yoast-seo-premium-wordpress\/ -->\n<title>Antalya\u2019da te\u011fmenlere destek verdikten sonra a\u00e7\u0131\u011fa al\u0131nan savc\u0131n\u0131n yeri resmile\u015fti! - Av. Deniz Can K\u0131z\u0131l<\/title>\n<meta name=\"robots\" content=\"index, follow, max-snippet:-1, max-image-preview:large, max-video-preview:-1\" \/>\n<link rel=\"canonical\" href=\"https:\/\/denizcankizil.tr\/uk\/haberler\/gundem\/antalyada-tegmenlere-destek-verdikten-sonra-aciga-alinan-savcinin-yeri-resmilesti\/\" \/>\n<meta property=\"og:locale\" content=\"uk_UA\" \/>\n<meta property=\"og:type\" content=\"article\" \/>\n<meta property=\"og:title\" content=\"Antalya\u2019da te\u011fmenlere destek verdikten sonra a\u00e7\u0131\u011fa al\u0131nan savc\u0131n\u0131n yeri resmile\u015fti!\" \/>\n<meta property=\"og:description\" content=\"Kara Harp Okulu mezuniyet t\u00f6reni sonras\u0131nda k\u0131l\u0131\u00e7 \u00e7atan ve &#8220;Mustafa Kemal&#8217;in askerleriyiz&#8221; slogan\u0131 atan te\u011fmenlerden baz\u0131lar\u0131 MSB Y\u00fcksek Disiplin Kurulu&#8217;na (YDK) sevk edildi. Haklar\u0131nda ihra\u00e7 istenen te\u011fmenlerin dosyalar\u0131 YDK&#8217;de ele al\u0131nacak ve kurul te\u011fmenler i\u00e7in son karar\u0131 verecek. Antalya Cumhuriyet Savc\u0131s\u0131 Mehmet \u00c7a\u011flayan da sosyal medya hesab\u0131ndan te\u011fmenlere destek mesaj\u0131 payla\u015ft\u0131.\u00a0 A\u00c7I\u011eA ALINDI HSK, 19 Kas\u0131m&#8217;da \u00c7a\u011flayan&#8217;\u0131 k\u0131demine ra\u011fmen Antalya&#8217;dan daha alt bir b\u00f6lge olan Fethiye&#8217;ye g\u00f6nderdi. HSK Ba\u015fkan\u0131 da olan Adalet Bakan\u0131 Y\u0131lmaz Tun\u00e7, savc\u0131 \u00c7a\u011flayan hakk\u0131nda soru\u015fturma a\u00e7\u0131lmas\u0131n\u0131 teklif etti. Tun\u00e7, ayn\u0131 g\u00fcn HSK Ba\u015fkan\u0131 s\u0131fat\u0131yla soru\u015fturmaya olur verdi. M\u00fcfetti\u015flerin haz\u0131rlad\u0131\u011f\u0131 \u00f6n raporda, Mehmet \u00c7a\u011flayan&#8217;\u0131n yapt\u0131\u011f\u0131 payla\u015f\u0131mlarla &#8216;Cumhuriyet savc\u0131l\u0131\u011f\u0131 mesle\u011fine yak\u0131\u015fmayacak \u015fekilde davrand\u0131\u011f\u0131&#8217; savunuldu. Bunun ard\u0131ndan Mehmet \u00c7a\u011flayan jet h\u0131z\u0131yla a\u00e7\u0131\u011fa al\u0131nd\u0131. Antalya Cumhuriyet Savc\u0131s\u0131 Mehmet \u00c7a\u011flayan&#8217;\u0131n Fethiye Cumhuriyet Savc\u0131s\u0131 olarak atanmas\u0131na ili\u015fkin karar Resmi Gazete&#8217;de yay\u0131nland\u0131. RESM\u0130LE\u015eT\u0130 Savc\u0131 Mehmet \u00c7a\u011flayan, payla\u015f\u0131m\u0131nda \u015funlar\u0131 yazm\u0131\u015ft\u0131: \u201cT\u00fcm askerler Atat\u00fcrk&#8217;\u00fcn askeridir! Yemin t\u00f6reninde bunu hayk\u0131ran te\u011fmenlerimiz ne kanuna ayk\u0131r\u0131 davranm\u0131\u015f ne de disiplinsizlik yapm\u0131\u015flard\u0131r. Uyarma cezas\u0131n\u0131n dahi kabul\u00fc m\u00fcmk\u00fcn de\u011fildi. Ceza verilmesi i\u00e7i bask\u0131 uygulanan kurul \u00fcyeleri varsa, bunu payla\u015farak istifa etmelidir.&#8221; \u200bAntalya\u2019da te\u011fmenlere destek mesaj\u0131 payla\u015ft\u0131\u011f\u0131 i\u00e7in a\u00e7\u0131\u011fa al\u0131nan Antalya Cumhuriyet Savc\u0131s\u0131 Mehmet \u00c7a\u011flayan&#8217;\u0131n Fethiye Cumhuriyet Savc\u0131s\u0131 olarak atanmas\u0131na ili\u015fkin karar Resmi Gazete&#8217;de yay\u0131nland\u0131\u00a0 \u200bHaberin Al\u0131nt\u0131land\u0131\u011f\u0131 Kaynak: www.antalyakorfez.com\" \/>\n<meta property=\"og:url\" content=\"https:\/\/denizcankizil.tr\/uk\/haberler\/gundem\/antalyada-tegmenlere-destek-verdikten-sonra-aciga-alinan-savcinin-yeri-resmilesti\/\" \/>\n<meta property=\"og:site_name\" content=\"Av. Deniz Can K\u0131z\u0131l\" \/>\n<meta property=\"article:published_time\" content=\"2024-11-29T12:41:49+00:00\" \/>\n<meta name=\"twitter:card\" content=\"summary_large_image\" \/>\n<meta name=\"twitter:label1\" content=\"\u041f\u0440\u0438\u0431\u043b. \u0447\u0430\u0441 \u0447\u0438\u0442\u0430\u043d\u043d\u044f\" \/>\n\t<meta name=\"twitter:data1\" content=\"1 \u0445\u0432\u0438\u043b\u0438\u043d\u0430\" \/>\n<script type=\"application\/ld+json\" class=\"yoast-schema-graph\">{\"@context\":\"https:\/\/schema.org\",\"@graph\":[{\"@type\":\"Article\",\"@id\":\"https:\/\/denizcankizil.tr\/uk\/haberler\/gundem\/antalyada-tegmenlere-destek-verdikten-sonra-aciga-alinan-savcinin-yeri-resmilesti\/#article\",\"isPartOf\":{\"@id\":\"https:\/\/denizcankizil.tr\/uk\/haberler\/gundem\/antalyada-tegmenlere-destek-verdikten-sonra-aciga-alinan-savcinin-yeri-resmilesti\/\"},\"author\":{\"name\":\"\",\"@id\":\"\"},\"headline\":\"Antalya\u2019da te\u011fmenlere destek verdikten sonra a\u00e7\u0131\u011fa al\u0131nan savc\u0131n\u0131n yeri resmile\u015fti!\",\"datePublished\":\"2024-11-29T12:41:49+00:00\",\"mainEntityOfPage\":{\"@id\":\"https:\/\/denizcankizil.tr\/uk\/haberler\/gundem\/antalyada-tegmenlere-destek-verdikten-sonra-aciga-alinan-savcinin-yeri-resmilesti\/\"},\"wordCount\":319,\"commentCount\":0,\"publisher\":{\"@id\":\"https:\/\/denizcankizil.tr\/#organization\"},\"articleSection\":[\"G\u00fcndem\",\"Uncategorized\"],\"inLanguage\":\"uk\",\"potentialAction\":[{\"@type\":\"CommentAction\",\"name\":\"Comment\",\"target\":[\"https:\/\/denizcankizil.tr\/uk\/haberler\/gundem\/antalyada-tegmenlere-destek-verdikten-sonra-aciga-alinan-savcinin-yeri-resmilesti\/#respond\"]}]},{\"@type\":\"WebPage\",\"@id\":\"https:\/\/denizcankizil.tr\/uk\/haberler\/gundem\/antalyada-tegmenlere-destek-verdikten-sonra-aciga-alinan-savcinin-yeri-resmilesti\/\",\"url\":\"https:\/\/denizcankizil.tr\/uk\/haberler\/gundem\/antalyada-tegmenlere-destek-verdikten-sonra-aciga-alinan-savcinin-yeri-resmilesti\/\",\"name\":\"Antalya\u2019da te\u011fmenlere destek verdikten sonra a\u00e7\u0131\u011fa al\u0131nan savc\u0131n\u0131n yeri resmile\u015fti! - Av. Deniz Can K\u0131z\u0131l\",\"isPartOf\":{\"@id\":\"https:\/\/denizcankizil.tr\/#website\"},\"datePublished\":\"2024-11-29T12:41:49+00:00\",\"breadcrumb\":{\"@id\":\"https:\/\/denizcankizil.tr\/uk\/haberler\/gundem\/antalyada-tegmenlere-destek-verdikten-sonra-aciga-alinan-savcinin-yeri-resmilesti\/#breadcrumb\"},\"inLanguage\":\"uk\",\"potentialAction\":[{\"@type\":\"ReadAction\",\"target\":[\"https:\/\/denizcankizil.tr\/uk\/haberler\/gundem\/antalyada-tegmenlere-destek-verdikten-sonra-aciga-alinan-savcinin-yeri-resmilesti\/\"]}]},{\"@type\":\"BreadcrumbList\",\"@id\":\"https:\/\/denizcankizil.tr\/uk\/haberler\/gundem\/antalyada-tegmenlere-destek-verdikten-sonra-aciga-alinan-savcinin-yeri-resmilesti\/#breadcrumb\",\"itemListElement\":[{\"@type\":\"ListItem\",\"position\":1,\"name\":\"Home\",\"item\":\"https:\/\/denizcankizil.tr\/uk\/\"},{\"@type\":\"ListItem\",\"position\":2,\"name\":\"Antalya\u2019da te\u011fmenlere destek verdikten sonra a\u00e7\u0131\u011fa al\u0131nan savc\u0131n\u0131n yeri resmile\u015fti!\"}]},{\"@type\":\"WebSite\",\"@id\":\"https:\/\/denizcankizil.tr\/#website\",\"url\":\"https:\/\/denizcankizil.tr\/\",\"name\":\"Av. Deniz Can K\u0131z\u0131l\",\"description\":\"Avukat Deniz Can K\u0131z\u0131l Antalya Barosu\",\"publisher\":{\"@id\":\"https:\/\/denizcankizil.tr\/#organization\"},\"potentialAction\":[{\"@type\":\"SearchAction\",\"target\":{\"@type\":\"EntryPoint\",\"urlTemplate\":\"https:\/\/denizcankizil.tr\/?s={search_term_string}\"},\"query-input\":{\"@type\":\"PropertyValueSpecification\",\"valueRequired\":true,\"valueName\":\"search_term_string\"}}],\"inLanguage\":\"uk\"},{\"@type\":\"Organization\",\"@id\":\"https:\/\/denizcankizil.tr\/#organization\",\"name\":\"Av. Deniz Can K\u0131z\u0131l\",\"url\":\"https:\/\/denizcankizil.tr\/\",\"logo\":{\"@type\":\"ImageObject\",\"inLanguage\":\"uk\",\"@id\":\"https:\/\/denizcankizil.tr\/#\/schema\/logo\/image\/\",\"url\":\"https:\/\/denizcankizil.tr\/wp-content\/uploads\/2024\/10\/siyah-logo-svg.svg\",\"contentUrl\":\"https:\/\/denizcankizil.tr\/wp-content\/uploads\/2024\/10\/siyah-logo-svg.svg\",\"width\":1080,\"height\":1080,\"caption\":\"Av. Deniz Can K\u0131z\u0131l\"},\"image\":{\"@id\":\"https:\/\/denizcankizil.tr\/#\/schema\/logo\/image\/\"}}]}<\/script>\n<!-- \/ Yoast SEO Premium plugin. -->","yoast_head_json":{"title":"Antalya\u2019da te\u011fmenlere destek verdikten sonra a\u00e7\u0131\u011fa al\u0131nan savc\u0131n\u0131n yeri resmile\u015fti! - Av. Deniz Can K\u0131z\u0131l","robots":{"index":"index","follow":"follow","max-snippet":"max-snippet:-1","max-image-preview":"max-image-preview:large","max-video-preview":"max-video-preview:-1"},"canonical":"https:\/\/denizcankizil.tr\/uk\/haberler\/gundem\/antalyada-tegmenlere-destek-verdikten-sonra-aciga-alinan-savcinin-yeri-resmilesti\/","og_locale":"uk_UA","og_type":"article","og_title":"Antalya\u2019da te\u011fmenlere destek verdikten sonra a\u00e7\u0131\u011fa al\u0131nan savc\u0131n\u0131n yeri resmile\u015fti!","og_description":"Kara Harp Okulu mezuniyet t\u00f6reni sonras\u0131nda k\u0131l\u0131\u00e7 \u00e7atan ve &#8220;Mustafa Kemal&#8217;in askerleriyiz&#8221; slogan\u0131 atan te\u011fmenlerden baz\u0131lar\u0131 MSB Y\u00fcksek Disiplin Kurulu&#8217;na (YDK) sevk edildi. Haklar\u0131nda ihra\u00e7 istenen te\u011fmenlerin dosyalar\u0131 YDK&#8217;de ele al\u0131nacak ve kurul te\u011fmenler i\u00e7in son karar\u0131 verecek. Antalya Cumhuriyet Savc\u0131s\u0131 Mehmet \u00c7a\u011flayan da sosyal medya hesab\u0131ndan te\u011fmenlere destek mesaj\u0131 payla\u015ft\u0131.\u00a0 A\u00c7I\u011eA ALINDI HSK, 19 Kas\u0131m&#8217;da \u00c7a\u011flayan&#8217;\u0131 k\u0131demine ra\u011fmen Antalya&#8217;dan daha alt bir b\u00f6lge olan Fethiye&#8217;ye g\u00f6nderdi. HSK Ba\u015fkan\u0131 da olan Adalet Bakan\u0131 Y\u0131lmaz Tun\u00e7, savc\u0131 \u00c7a\u011flayan hakk\u0131nda soru\u015fturma a\u00e7\u0131lmas\u0131n\u0131 teklif etti. Tun\u00e7, ayn\u0131 g\u00fcn HSK Ba\u015fkan\u0131 s\u0131fat\u0131yla soru\u015fturmaya olur verdi. M\u00fcfetti\u015flerin haz\u0131rlad\u0131\u011f\u0131 \u00f6n raporda, Mehmet \u00c7a\u011flayan&#8217;\u0131n yapt\u0131\u011f\u0131 payla\u015f\u0131mlarla &#8216;Cumhuriyet savc\u0131l\u0131\u011f\u0131 mesle\u011fine yak\u0131\u015fmayacak \u015fekilde davrand\u0131\u011f\u0131&#8217; savunuldu. Bunun ard\u0131ndan Mehmet \u00c7a\u011flayan jet h\u0131z\u0131yla a\u00e7\u0131\u011fa al\u0131nd\u0131. Antalya Cumhuriyet Savc\u0131s\u0131 Mehmet \u00c7a\u011flayan&#8217;\u0131n Fethiye Cumhuriyet Savc\u0131s\u0131 olarak atanmas\u0131na ili\u015fkin karar Resmi Gazete&#8217;de yay\u0131nland\u0131. RESM\u0130LE\u015eT\u0130 Savc\u0131 Mehmet \u00c7a\u011flayan, payla\u015f\u0131m\u0131nda \u015funlar\u0131 yazm\u0131\u015ft\u0131: \u201cT\u00fcm askerler Atat\u00fcrk&#8217;\u00fcn askeridir! Yemin t\u00f6reninde bunu hayk\u0131ran te\u011fmenlerimiz ne kanuna ayk\u0131r\u0131 davranm\u0131\u015f ne de disiplinsizlik yapm\u0131\u015flard\u0131r. Uyarma cezas\u0131n\u0131n dahi kabul\u00fc m\u00fcmk\u00fcn de\u011fildi. Ceza verilmesi i\u00e7i bask\u0131 uygulanan kurul \u00fcyeleri varsa, bunu payla\u015farak istifa etmelidir.&#8221; \u200bAntalya\u2019da te\u011fmenlere destek mesaj\u0131 payla\u015ft\u0131\u011f\u0131 i\u00e7in a\u00e7\u0131\u011fa al\u0131nan Antalya Cumhuriyet Savc\u0131s\u0131 Mehmet \u00c7a\u011flayan&#8217;\u0131n Fethiye Cumhuriyet Savc\u0131s\u0131 olarak atanmas\u0131na ili\u015fkin karar Resmi Gazete&#8217;de yay\u0131nland\u0131\u00a0 \u200bHaberin Al\u0131nt\u0131land\u0131\u011f\u0131 Kaynak: www.antalyakorfez.com","og_url":"https:\/\/denizcankizil.tr\/uk\/haberler\/gundem\/antalyada-tegmenlere-destek-verdikten-sonra-aciga-alinan-savcinin-yeri-resmilesti\/","og_site_name":"Av. Deniz Can K\u0131z\u0131l","article_published_time":"2024-11-29T12:41:49+00:00","twitter_card":"summary_large_image","twitter_misc":{"\u041f\u0440\u0438\u0431\u043b. \u0447\u0430\u0441 \u0447\u0438\u0442\u0430\u043d\u043d\u044f":"1 \u0445\u0432\u0438\u043b\u0438\u043d\u0430"},"schema":{"@context":"https:\/\/schema.org","@graph":[{"@type":"Article","@id":"https:\/\/denizcankizil.tr\/uk\/haberler\/gundem\/antalyada-tegmenlere-destek-verdikten-sonra-aciga-alinan-savcinin-yeri-resmilesti\/#article","isPartOf":{"@id":"https:\/\/denizcankizil.tr\/uk\/haberler\/gundem\/antalyada-tegmenlere-destek-verdikten-sonra-aciga-alinan-savcinin-yeri-resmilesti\/"},"author":{"name":"","@id":""},"headline":"Antalya\u2019da te\u011fmenlere destek verdikten sonra a\u00e7\u0131\u011fa al\u0131nan savc\u0131n\u0131n yeri resmile\u015fti!","datePublished":"2024-11-29T12:41:49+00:00","mainEntityOfPage":{"@id":"https:\/\/denizcankizil.tr\/uk\/haberler\/gundem\/antalyada-tegmenlere-destek-verdikten-sonra-aciga-alinan-savcinin-yeri-resmilesti\/"},"wordCount":319,"commentCount":0,"publisher":{"@id":"https:\/\/denizcankizil.tr\/#organization"},"articleSection":["G\u00fcndem","Uncategorized"],"inLanguage":"uk","potentialAction":[{"@type":"CommentAction","name":"Comment","target":["https:\/\/denizcankizil.tr\/uk\/haberler\/gundem\/antalyada-tegmenlere-destek-verdikten-sonra-aciga-alinan-savcinin-yeri-resmilesti\/#respond"]}]},{"@type":"WebPage","@id":"https:\/\/denizcankizil.tr\/uk\/haberler\/gundem\/antalyada-tegmenlere-destek-verdikten-sonra-aciga-alinan-savcinin-yeri-resmilesti\/","url":"https:\/\/denizcankizil.tr\/uk\/haberler\/gundem\/antalyada-tegmenlere-destek-verdikten-sonra-aciga-alinan-savcinin-yeri-resmilesti\/","name":"Antalya\u2019da te\u011fmenlere destek verdikten sonra a\u00e7\u0131\u011fa al\u0131nan savc\u0131n\u0131n yeri resmile\u015fti! - Av. Deniz Can K\u0131z\u0131l","isPartOf":{"@id":"https:\/\/denizcankizil.tr\/#website"},"datePublished":"2024-11-29T12:41:49+00:00","breadcrumb":{"@id":"https:\/\/denizcankizil.tr\/uk\/haberler\/gundem\/antalyada-tegmenlere-destek-verdikten-sonra-aciga-alinan-savcinin-yeri-resmilesti\/#breadcrumb"},"inLanguage":"uk","potentialAction":[{"@type":"ReadAction","target":["https:\/\/denizcankizil.tr\/uk\/haberler\/gundem\/antalyada-tegmenlere-destek-verdikten-sonra-aciga-alinan-savcinin-yeri-resmilesti\/"]}]},{"@type":"BreadcrumbList","@id":"https:\/\/denizcankizil.tr\/uk\/haberler\/gundem\/antalyada-tegmenlere-destek-verdikten-sonra-aciga-alinan-savcinin-yeri-resmilesti\/#breadcrumb","itemListElement":[{"@type":"ListItem","position":1,"name":"Home","item":"https:\/\/denizcankizil.tr\/uk\/"},{"@type":"ListItem","position":2,"name":"Antalya\u2019da te\u011fmenlere destek verdikten sonra a\u00e7\u0131\u011fa al\u0131nan savc\u0131n\u0131n yeri resmile\u015fti!"}]},{"@type":"WebSite","@id":"https:\/\/denizcankizil.tr\/#website","url":"https:\/\/denizcankizil.tr\/","name":"Av. Deniz Can K\u0131z\u0131l","description":"Avukat Deniz Can K\u0131z\u0131l Antalya Barosu","publisher":{"@id":"https:\/\/denizcankizil.tr\/#organization"},"potentialAction":[{"@type":"SearchAction","target":{"@type":"EntryPoint","urlTemplate":"https:\/\/denizcankizil.tr\/?s={search_term_string}"},"query-input":{"@type":"PropertyValueSpecification","valueRequired":true,"valueName":"search_term_string"}}],"inLanguage":"uk"},{"@type":"Organization","@id":"https:\/\/denizcankizil.tr\/#organization","name":"Av. Deniz Can K\u0131z\u0131l","url":"https:\/\/denizcankizil.tr\/","logo":{"@type":"ImageObject","inLanguage":"uk","@id":"https:\/\/denizcankizil.tr\/#\/schema\/logo\/image\/","url":"https:\/\/denizcankizil.tr\/wp-content\/uploads\/2024\/10\/siyah-logo-svg.svg","contentUrl":"https:\/\/denizcankizil.tr\/wp-content\/uploads\/2024\/10\/siyah-logo-svg.svg","width":1080,"height":1080,"caption":"Av. Deniz Can K\u0131z\u0131l"},"image":{"@id":"https:\/\/denizcankizil.tr\/#\/schema\/logo\/image\/"}}]}},"_links":{"self":[{"href":"https:\/\/denizcankizil.tr\/uk\/wp-json\/wp\/v2\/posts\/18303","targetHints":{"allow":["GET"]}}],"collection":[{"href":"https:\/\/denizcankizil.tr\/uk\/wp-json\/wp\/v2\/posts"}],"about":[{"href":"https:\/\/denizcankizil.tr\/uk\/wp-json\/wp\/v2\/types\/post"}],"replies":[{"embeddable":true,"href":"https:\/\/denizcankizil.tr\/uk\/wp-json\/wp\/v2\/comments?post=18303"}],"version-history":[{"count":0,"href":"https:\/\/denizcankizil.tr\/uk\/wp-json\/wp\/v2\/posts\/18303\/revisions"}],"wp:attachment":[{"href":"https:\/\/denizcankizil.tr\/uk\/wp-json\/wp\/v2\/media?parent=18303"}],"wp:term":[{"taxonomy":"category","embeddable":true,"href":"https:\/\/denizcankizil.tr\/uk\/wp-json\/wp\/v2\/categories?post=18303"},{"taxonomy":"post_tag","embeddable":true,"href":"https:\/\/denizcankizil.tr\/uk\/wp-json\/wp\/v2\/tags?post=18303"}],"curies":[{"name":"wp","href":"https:\/\/api.w.org\/{rel}","templated":true}]}}