{"id":18166,"date":"2024-11-28T17:42:10","date_gmt":"2024-11-28T14:42:10","guid":{"rendered":"https:\/\/denizcankizil.tr\/uncategorized-tr\/spor-tesisleri-personeline-ilk-yardim-egitimi-verildi\/"},"modified":"2024-11-28T17:42:10","modified_gmt":"2024-11-28T14:42:10","slug":"spor-tesisleri-personeline-ilk-yardim-egitimi-verildi","status":"publish","type":"post","link":"https:\/\/denizcankizil.tr\/uk\/haberler\/gundem\/spor-tesisleri-personeline-ilk-yardim-egitimi-verildi\/","title":{"rendered":"Spor tesisleri personeline ilk yard\u0131m e\u011fitimi verildi"},"content":{"rendered":"<p>Ankara B\u00fcy\u00fck\u015fehir Belediyesi Sa\u011fl\u0131k \u0130\u015fleri Dairesi Ba\u015fkanl\u0131\u011f\u0131 taraf\u0131ndan, Ke\u00e7i\u00f6ren Belediyesi Gen\u00e7lik ve Spor M\u00fcd\u00fcrl\u00fc\u011f\u00fc personeline \u0130lk Yard\u0131m Fark\u0131ndal\u0131k e\u011fitimi verildi.<\/p>\n<p>\u200bAnkara B\u00fcy\u00fck\u015fehir Belediyesi Sa\u011fl\u0131k \u0130\u015fleri Dairesi Ba\u015fkanl\u0131\u011f\u0131 taraf\u0131ndan, Ke\u00e7i\u00f6ren Belediyesi Gen\u00e7lik ve Spor M\u00fcd\u00fcrl\u00fc\u011f\u00fc personeline \u0130lk Yard\u0131m Fark\u0131ndal\u0131k e\u011fitimi verildi.\u00a0<\/p>\n<p>\u200bHaberin Al\u0131nt\u0131land\u0131\u011f\u0131 Kaynak: www.iskenderun.org<\/p>","protected":false},"excerpt":{"rendered":"<p>Ankara B\u00fcy\u00fck\u015fehir Belediyesi Sa\u011fl\u0131k \u0130\u015fleri Dairesi Ba\u015fkanl\u0131\u011f\u0131 taraf\u0131ndan, Ke\u00e7i\u00f6ren Belediyesi Gen\u00e7lik ve Spor M\u00fcd\u00fcrl\u00fc\u011f\u00fc personeline \u0130lk Yard\u0131m Fark\u0131ndal\u0131k e\u011fitimi verildi. \u200bAnkara B\u00fcy\u00fck\u015fehir Belediyesi Sa\u011fl\u0131k \u0130\u015fleri Dairesi Ba\u015fkanl\u0131\u011f\u0131 taraf\u0131ndan, Ke\u00e7i\u00f6ren Belediyesi Gen\u00e7lik ve Spor M\u00fcd\u00fcrl\u00fc\u011f\u00fc personeline \u0130lk Yard\u0131m Fark\u0131ndal\u0131k e\u011fitimi verildi.\u00a0 \u200bHaberin Al\u0131nt\u0131land\u0131\u011f\u0131 Kaynak: www.iskenderun.org<\/p>","protected":false},"author":0,"featured_media":0,"comment_status":"open","ping_status":"open","sticky":false,"template":"","format":"standard","meta":{"_acf_changed":false,"footnotes":""},"categories":[24,535],"tags":[],"class_list":["post-18166","post","type-post","status-publish","format-standard","has-post-thumbnail","hentry","category-gundem","category-uncategorized-tr"],"acf":[],"yoast_head":"<!-- This site is optimized with the Yoast SEO Premium plugin v26.6 (Yoast SEO v27.1.1) - https:\/\/yoast.com\/product\/yoast-seo-premium-wordpress\/ -->\n<title>Spor tesisleri personeline ilk yard\u0131m e\u011fitimi verildi - Av. Deniz Can K\u0131z\u0131l<\/title>\n<meta name=\"robots\" content=\"index, follow, max-snippet:-1, max-image-preview:large, max-video-preview:-1\" \/>\n<link rel=\"canonical\" href=\"http:\/\/denizcankizil.tr\/uk\/haberler\/gundem\/spor-tesisleri-personeline-ilk-yardim-egitimi-verildi\/\" \/>\n<meta property=\"og:locale\" content=\"uk_UA\" \/>\n<meta property=\"og:type\" content=\"article\" \/>\n<meta property=\"og:title\" content=\"Spor tesisleri personeline ilk yard\u0131m e\u011fitimi verildi\" \/>\n<meta property=\"og:description\" content=\"Ankara B\u00fcy\u00fck\u015fehir Belediyesi Sa\u011fl\u0131k \u0130\u015fleri Dairesi Ba\u015fkanl\u0131\u011f\u0131 taraf\u0131ndan, Ke\u00e7i\u00f6ren Belediyesi Gen\u00e7lik ve Spor M\u00fcd\u00fcrl\u00fc\u011f\u00fc personeline \u0130lk Yard\u0131m Fark\u0131ndal\u0131k e\u011fitimi verildi. \u200bAnkara B\u00fcy\u00fck\u015fehir Belediyesi Sa\u011fl\u0131k \u0130\u015fleri Dairesi Ba\u015fkanl\u0131\u011f\u0131 taraf\u0131ndan, Ke\u00e7i\u00f6ren Belediyesi Gen\u00e7lik ve Spor M\u00fcd\u00fcrl\u00fc\u011f\u00fc personeline \u0130lk Yard\u0131m Fark\u0131ndal\u0131k e\u011fitimi verildi.\u00a0 \u200bHaberin Al\u0131nt\u0131land\u0131\u011f\u0131 Kaynak: www.iskenderun.org\" \/>\n<meta property=\"og:url\" content=\"http:\/\/denizcankizil.tr\/uk\/haberler\/gundem\/spor-tesisleri-personeline-ilk-yardim-egitimi-verildi\/\" \/>\n<meta property=\"og:site_name\" content=\"Av. Deniz Can K\u0131z\u0131l\" \/>\n<meta property=\"article:published_time\" content=\"2024-11-28T14:42:10+00:00\" \/>\n<meta name=\"twitter:card\" content=\"summary_large_image\" \/>\n<script type=\"application\/ld+json\" class=\"yoast-schema-graph\">{\"@context\":\"https:\/\/schema.org\",\"@graph\":[{\"@type\":\"Article\",\"@id\":\"http:\/\/denizcankizil.tr\/de\/haberler\/gundem\/spor-tesisleri-personeline-ilk-yardim-egitimi-verildi\/#article\",\"isPartOf\":{\"@id\":\"http:\/\/denizcankizil.tr\/de\/haberler\/gundem\/spor-tesisleri-personeline-ilk-yardim-egitimi-verildi\/\"},\"author\":{\"name\":\"\",\"@id\":\"\"},\"headline\":\"Spor tesisleri personeline ilk yard\u0131m e\u011fitimi verildi\",\"datePublished\":\"2024-11-28T14:42:10+00:00\",\"mainEntityOfPage\":{\"@id\":\"http:\/\/denizcankizil.tr\/de\/haberler\/gundem\/spor-tesisleri-personeline-ilk-yardim-egitimi-verildi\/\"},\"wordCount\":89,\"commentCount\":0,\"publisher\":{\"@id\":\"https:\/\/denizcankizil.tr\/de\/#organization\"},\"articleSection\":[\"G\u00fcndem\",\"Uncategorized\"],\"inLanguage\":\"uk\",\"potentialAction\":[{\"@type\":\"CommentAction\",\"name\":\"Comment\",\"target\":[\"http:\/\/denizcankizil.tr\/de\/haberler\/gundem\/spor-tesisleri-personeline-ilk-yardim-egitimi-verildi\/#respond\"]}]},{\"@type\":\"WebPage\",\"@id\":\"http:\/\/denizcankizil.tr\/de\/haberler\/gundem\/spor-tesisleri-personeline-ilk-yardim-egitimi-verildi\/\",\"url\":\"http:\/\/denizcankizil.tr\/de\/haberler\/gundem\/spor-tesisleri-personeline-ilk-yardim-egitimi-verildi\/\",\"name\":\"Spor tesisleri personeline ilk yard\u0131m e\u011fitimi verildi - Av. Deniz Can K\u0131z\u0131l\",\"isPartOf\":{\"@id\":\"https:\/\/denizcankizil.tr\/de\/#website\"},\"datePublished\":\"2024-11-28T14:42:10+00:00\",\"breadcrumb\":{\"@id\":\"http:\/\/denizcankizil.tr\/de\/haberler\/gundem\/spor-tesisleri-personeline-ilk-yardim-egitimi-verildi\/#breadcrumb\"},\"inLanguage\":\"uk\",\"potentialAction\":[{\"@type\":\"ReadAction\",\"target\":[\"http:\/\/denizcankizil.tr\/de\/haberler\/gundem\/spor-tesisleri-personeline-ilk-yardim-egitimi-verildi\/\"]}]},{\"@type\":\"BreadcrumbList\",\"@id\":\"http:\/\/denizcankizil.tr\/de\/haberler\/gundem\/spor-tesisleri-personeline-ilk-yardim-egitimi-verildi\/#breadcrumb\",\"itemListElement\":[{\"@type\":\"ListItem\",\"position\":1,\"name\":\"Home\",\"item\":\"https:\/\/denizcankizil.tr\/de\/\"},{\"@type\":\"ListItem\",\"position\":2,\"name\":\"Spor tesisleri personeline ilk yard\u0131m e\u011fitimi verildi\"}]},{\"@type\":\"WebSite\",\"@id\":\"https:\/\/denizcankizil.tr\/de\/#website\",\"url\":\"https:\/\/denizcankizil.tr\/de\/\",\"name\":\"Av. Deniz Can K\u0131z\u0131l\",\"description\":\"Avukat Deniz Can K\u0131z\u0131l Antalya Barosu\",\"publisher\":{\"@id\":\"https:\/\/denizcankizil.tr\/de\/#organization\"},\"potentialAction\":[{\"@type\":\"SearchAction\",\"target\":{\"@type\":\"EntryPoint\",\"urlTemplate\":\"https:\/\/denizcankizil.tr\/de\/?s={search_term_string}\"},\"query-input\":{\"@type\":\"PropertyValueSpecification\",\"valueRequired\":true,\"valueName\":\"search_term_string\"}}],\"inLanguage\":\"uk\"},{\"@type\":\"Organization\",\"@id\":\"https:\/\/denizcankizil.tr\/de\/#organization\",\"name\":\"Av. Deniz Can K\u0131z\u0131l\",\"url\":\"https:\/\/denizcankizil.tr\/de\/\",\"logo\":{\"@type\":\"ImageObject\",\"inLanguage\":\"uk\",\"@id\":\"https:\/\/denizcankizil.tr\/de\/#\/schema\/logo\/image\/\",\"url\":\"https:\/\/denizcankizil.tr\/wp-content\/uploads\/2024\/10\/siyah-logo-svg.svg\",\"contentUrl\":\"https:\/\/denizcankizil.tr\/wp-content\/uploads\/2024\/10\/siyah-logo-svg.svg\",\"width\":1080,\"height\":1080,\"caption\":\"Av. Deniz Can K\u0131z\u0131l\"},\"image\":{\"@id\":\"https:\/\/denizcankizil.tr\/de\/#\/schema\/logo\/image\/\"}}]}<\/script>\n<!-- \/ Yoast SEO Premium plugin. -->","yoast_head_json":{"title":"Spor tesisleri personeline ilk yard\u0131m e\u011fitimi verildi - Av. Deniz Can K\u0131z\u0131l","robots":{"index":"index","follow":"follow","max-snippet":"max-snippet:-1","max-image-preview":"max-image-preview:large","max-video-preview":"max-video-preview:-1"},"canonical":"http:\/\/denizcankizil.tr\/uk\/haberler\/gundem\/spor-tesisleri-personeline-ilk-yardim-egitimi-verildi\/","og_locale":"uk_UA","og_type":"article","og_title":"Spor tesisleri personeline ilk yard\u0131m e\u011fitimi verildi","og_description":"Ankara B\u00fcy\u00fck\u015fehir Belediyesi Sa\u011fl\u0131k \u0130\u015fleri Dairesi Ba\u015fkanl\u0131\u011f\u0131 taraf\u0131ndan, Ke\u00e7i\u00f6ren Belediyesi Gen\u00e7lik ve Spor M\u00fcd\u00fcrl\u00fc\u011f\u00fc personeline \u0130lk Yard\u0131m Fark\u0131ndal\u0131k e\u011fitimi verildi. \u200bAnkara B\u00fcy\u00fck\u015fehir Belediyesi Sa\u011fl\u0131k \u0130\u015fleri Dairesi Ba\u015fkanl\u0131\u011f\u0131 taraf\u0131ndan, Ke\u00e7i\u00f6ren Belediyesi Gen\u00e7lik ve Spor M\u00fcd\u00fcrl\u00fc\u011f\u00fc personeline \u0130lk Yard\u0131m Fark\u0131ndal\u0131k e\u011fitimi verildi.\u00a0 \u200bHaberin Al\u0131nt\u0131land\u0131\u011f\u0131 Kaynak: www.iskenderun.org","og_url":"http:\/\/denizcankizil.tr\/uk\/haberler\/gundem\/spor-tesisleri-personeline-ilk-yardim-egitimi-verildi\/","og_site_name":"Av. Deniz Can K\u0131z\u0131l","article_published_time":"2024-11-28T14:42:10+00:00","twitter_card":"summary_large_image","schema":{"@context":"https:\/\/schema.org","@graph":[{"@type":"Article","@id":"http:\/\/denizcankizil.tr\/de\/haberler\/gundem\/spor-tesisleri-personeline-ilk-yardim-egitimi-verildi\/#article","isPartOf":{"@id":"http:\/\/denizcankizil.tr\/de\/haberler\/gundem\/spor-tesisleri-personeline-ilk-yardim-egitimi-verildi\/"},"author":{"name":"","@id":""},"headline":"Spor tesisleri personeline ilk yard\u0131m e\u011fitimi verildi","datePublished":"2024-11-28T14:42:10+00:00","mainEntityOfPage":{"@id":"http:\/\/denizcankizil.tr\/de\/haberler\/gundem\/spor-tesisleri-personeline-ilk-yardim-egitimi-verildi\/"},"wordCount":89,"commentCount":0,"publisher":{"@id":"https:\/\/denizcankizil.tr\/de\/#organization"},"articleSection":["G\u00fcndem","Uncategorized"],"inLanguage":"uk","potentialAction":[{"@type":"CommentAction","name":"Comment","target":["http:\/\/denizcankizil.tr\/de\/haberler\/gundem\/spor-tesisleri-personeline-ilk-yardim-egitimi-verildi\/#respond"]}]},{"@type":"WebPage","@id":"http:\/\/denizcankizil.tr\/de\/haberler\/gundem\/spor-tesisleri-personeline-ilk-yardim-egitimi-verildi\/","url":"http:\/\/denizcankizil.tr\/de\/haberler\/gundem\/spor-tesisleri-personeline-ilk-yardim-egitimi-verildi\/","name":"Spor tesisleri personeline ilk yard\u0131m e\u011fitimi verildi - Av. Deniz Can K\u0131z\u0131l","isPartOf":{"@id":"https:\/\/denizcankizil.tr\/de\/#website"},"datePublished":"2024-11-28T14:42:10+00:00","breadcrumb":{"@id":"http:\/\/denizcankizil.tr\/de\/haberler\/gundem\/spor-tesisleri-personeline-ilk-yardim-egitimi-verildi\/#breadcrumb"},"inLanguage":"uk","potentialAction":[{"@type":"ReadAction","target":["http:\/\/denizcankizil.tr\/de\/haberler\/gundem\/spor-tesisleri-personeline-ilk-yardim-egitimi-verildi\/"]}]},{"@type":"BreadcrumbList","@id":"http:\/\/denizcankizil.tr\/de\/haberler\/gundem\/spor-tesisleri-personeline-ilk-yardim-egitimi-verildi\/#breadcrumb","itemListElement":[{"@type":"ListItem","position":1,"name":"Home","item":"https:\/\/denizcankizil.tr\/de\/"},{"@type":"ListItem","position":2,"name":"Spor tesisleri personeline ilk yard\u0131m e\u011fitimi verildi"}]},{"@type":"WebSite","@id":"https:\/\/denizcankizil.tr\/de\/#website","url":"https:\/\/denizcankizil.tr\/de\/","name":"Av. Deniz Can K\u0131z\u0131l","description":"Avukat Deniz Can K\u0131z\u0131l Antalya Barosu","publisher":{"@id":"https:\/\/denizcankizil.tr\/de\/#organization"},"potentialAction":[{"@type":"SearchAction","target":{"@type":"EntryPoint","urlTemplate":"https:\/\/denizcankizil.tr\/de\/?s={search_term_string}"},"query-input":{"@type":"PropertyValueSpecification","valueRequired":true,"valueName":"search_term_string"}}],"inLanguage":"uk"},{"@type":"Organization","@id":"https:\/\/denizcankizil.tr\/de\/#organization","name":"Av. Deniz Can K\u0131z\u0131l","url":"https:\/\/denizcankizil.tr\/de\/","logo":{"@type":"ImageObject","inLanguage":"uk","@id":"https:\/\/denizcankizil.tr\/de\/#\/schema\/logo\/image\/","url":"https:\/\/denizcankizil.tr\/wp-content\/uploads\/2024\/10\/siyah-logo-svg.svg","contentUrl":"https:\/\/denizcankizil.tr\/wp-content\/uploads\/2024\/10\/siyah-logo-svg.svg","width":1080,"height":1080,"caption":"Av. Deniz Can K\u0131z\u0131l"},"image":{"@id":"https:\/\/denizcankizil.tr\/de\/#\/schema\/logo\/image\/"}}]}},"_links":{"self":[{"href":"https:\/\/denizcankizil.tr\/uk\/wp-json\/wp\/v2\/posts\/18166","targetHints":{"allow":["GET"]}}],"collection":[{"href":"https:\/\/denizcankizil.tr\/uk\/wp-json\/wp\/v2\/posts"}],"about":[{"href":"https:\/\/denizcankizil.tr\/uk\/wp-json\/wp\/v2\/types\/post"}],"replies":[{"embeddable":true,"href":"https:\/\/denizcankizil.tr\/uk\/wp-json\/wp\/v2\/comments?post=18166"}],"version-history":[{"count":0,"href":"https:\/\/denizcankizil.tr\/uk\/wp-json\/wp\/v2\/posts\/18166\/revisions"}],"wp:attachment":[{"href":"https:\/\/denizcankizil.tr\/uk\/wp-json\/wp\/v2\/media?parent=18166"}],"wp:term":[{"taxonomy":"category","embeddable":true,"href":"https:\/\/denizcankizil.tr\/uk\/wp-json\/wp\/v2\/categories?post=18166"},{"taxonomy":"post_tag","embeddable":true,"href":"https:\/\/denizcankizil.tr\/uk\/wp-json\/wp\/v2\/tags?post=18166"}],"curies":[{"name":"wp","href":"https:\/\/api.w.org\/{rel}","templated":true}]}}