{"id":18095,"date":"2024-11-28T12:41:14","date_gmt":"2024-11-28T09:41:14","guid":{"rendered":"https:\/\/denizcankizil.tr\/uncategorized-tr\/kopegini-ezen-komsusundan-sikayetci-oldu\/"},"modified":"2024-11-28T12:41:14","modified_gmt":"2024-11-28T09:41:14","slug":"kopegini-ezen-komsusundan-sikayetci-oldu","status":"publish","type":"post","link":"https:\/\/denizcankizil.tr\/uk\/haberler\/antalya\/kopegini-ezen-komsusundan-sikayetci-oldu\/","title":{"rendered":"K\u00f6pe\u011fini ezen kom\u015fusundan \u015fikayet\u00e7i oldu"},"content":{"rendered":"<p>Olay, 15 Kas\u0131m&#8217;da Aksu il\u00e7esi G\u00fczelyurt Mahallesi&#8217;nde meydana geldi. Arac\u0131yla otoparka giren E.\u00c7., kom\u015fusu Hasan Kilit&#8217;in K9 k\u00f6pe\u011fi 19 ya\u015f\u0131ndaki &#8216;Cesika&#8217;y\u0131 ezip, arac\u0131n alt\u0131nda birka\u00e7 metre s\u00fcr\u00fckledi. Ara\u00e7tan inen E.\u00c7. k\u00f6pe\u011fi arac\u0131n\u0131n bagaj k\u0131sm\u0131na yerle\u015ftirdikten sonra uzakla\u015ft\u0131. Olay, g\u00fcvenlik kameras\u0131na yans\u0131d\u0131. G\u00f6r\u00fcnt\u00fclerde E.\u00c7.&#8217;nin \u00f6nce k\u00f6pe\u011fin \u00fczerinden ge\u00e7ti\u011fi, ard\u0131ndan da geri- ileri manevra yaparak k\u00f6pe\u011fi ezdi\u011fi anlar yer ald\u0131.<\/p>\n<p>&#8216;YANLI\u015eIKLA \u00c7ARPTIM DED\u0130&#8217;<\/p>\n<p>K\u00f6pe\u011finin 15 y\u0131ld\u0131r kendisiyle oldu\u011funu belirten Hasan Kilit, &#8220;Cesika, olay g\u00fcn\u00fc otoparkta yat\u0131yordu. Kom\u015fum kazan\u0131n \u00fczerinden saatler ge\u00e7tikten sonra beni arad\u0131. &#8216;Arabayla geri gelirken g\u00f6lgelik t\u00fcl\u00fcn alt\u0131nda kalan Cesika&#8217;ya \u00e7arpt\u0131m&#8217; dedi. Yanl\u0131\u015fl\u0131kla \u00e7arpt\u0131\u011f\u0131n\u0131 s\u00f6yledi\u011fi i\u00e7in ben de insanl\u0131k hali olabilece\u011fini s\u00f6yledim. K\u00f6pe\u011fimi yak\u0131nda bir yere g\u00f6t\u00fcrmek yerine, Varsak b\u00f6lgesinin \u00fczerinde bulunan Kiri\u015f\u00e7iler Sahipsiz Hayvan Ge\u00e7ici Bak\u0131mevi&#8217;ne b\u0131rakm\u0131\u015f. Kay\u0131t numaras\u0131n\u0131 ve hayvan\u0131n araban\u0131n i\u00e7indeki g\u00f6r\u00fcnt\u00fclerini g\u00f6nderdi. Ben de Isparta istikametindeydim. Gece saatlerinde hemen yola koyuldum ve Cesika&#8217;y\u0131 ald\u0131m. K\u00f6pe\u011fimi Muratpa\u015fa il\u00e7esinde bulunan bir hayvan klini\u011fine getirdim. V\u00fccudunun her yeri k\u0131r\u0131kt\u0131 ve \u00e7ok ac\u0131 \u00e7ekiyordu. Ba\u015fhekim beni \u00e7a\u011f\u0131rd\u0131 ve yap\u0131labilecek bir durum kalmad\u0131\u011f\u0131n\u0131, ac\u0131 \u00e7ekmemesi i\u00e7in uyutulmas\u0131 gerekti\u011fini s\u00f6yledi. Ben de onay vermek zorunda kalarak vedala\u015ft\u0131m&#8221; dedi.<\/p>\n<p>&#8216;G\u00d6R\u00dcNT\u00dcLER KAR\u015eISINDA \u015eOK OLDUK&#8217;<\/p>\n<p>Cesika&#8217;ya \u00e7arpan kom\u015fusunun hareketlerinden \u015f\u00fcphelendi\u011fini belirten Hasan Kilit, &#8220;\u015e\u00fcpheli konu\u015fmalar\u0131 dikkatimi \u00e7ekti. \u0130\u015f yeri kameram\u0131 inceledim ve g\u00f6rd\u00fc\u011f\u00fcm g\u00f6r\u00fcnt\u00fcler kar\u015f\u0131s\u0131nda \u015fok oldum. Merhamet ve vicdan sahibi olmayan \u015fah\u0131s, g\u00f6z\u00fcm\u00fcz\u00fcn i\u00e7ine baka baka bizi uyutmaya \u00e7al\u0131\u015fm\u0131\u015f. Kapal\u0131 otopark\u0131ma girerek bodoslama \u015fekilde k\u00f6pe\u011fime \u00e7arpm\u0131\u015f. O esnada hayvan aya\u011fa kalk\u0131yor ve yeniden arac\u0131n alt\u0131na al\u0131yor. S\u00fcr\u00fckledikten sonra Cesika arka tekere tak\u0131l\u0131yor ve ba\u011f\u0131rmaya ba\u015fl\u0131yor. Zaten ya\u015fl\u0131 bir hayvan ve beli k\u0131r\u0131lm\u0131\u015f. Olay sonras\u0131 kom\u015fular\u0131m\u0131za gidiyor. Onlar da &#8216;Hasan Bey\u2019i arayal\u0131m&#8217; diyorlar. Fakat beni aratm\u0131yor. 2 boyunca saat hayvan ara\u00e7ta ve v\u00fccudundaki k\u0131r\u0131klarla kasislerden ge\u00e7iliyor. Burada k\u0131rk ara\u00e7l\u0131k otopark var. Alan zaten b\u00fcy\u00fck ama hayvan\u0131ma gelip \u00e7arpabiliyor. G\u00f6r\u00fcnt\u00fcleri g\u00f6rd\u00fckten sonra bu ki\u015fi hakk\u0131nda yasal yollara ba\u015fvurdum. G\u00f6z\u00fcm\u00fcz\u00fcn i\u00e7ine baka baka bu vah\u015feti ve canice hareketi yapan ki\u015finin hak etti\u011fi cezay\u0131 almas\u0131n\u0131 istiyorum&#8221; diye konu\u015ftu.<\/p>\n<p>Kom\u015fusunun k\u00f6pe\u011fini bilerek ezdi\u011fi iddia edilen E.\u00c7.&#8217;ye ise ula\u015f\u0131lamad\u0131.<\/p>\n<p>Kaynak: www.kanalv.com.tr Haber Sitesinden Al\u0131nm\u0131\u015ft\u0131r.<\/p>","protected":false},"excerpt":{"rendered":"<p>Olay, 15 Kas\u0131m&#8217;da Aksu il\u00e7esi G\u00fczelyurt Mahallesi&#8217;nde meydana geldi. Arac\u0131yla otoparka giren E.\u00c7., kom\u015fusu Hasan Kilit&#8217;in K9 k\u00f6pe\u011fi 19 ya\u015f\u0131ndaki &#8216;Cesika&#8217;y\u0131 ezip, arac\u0131n alt\u0131nda birka\u00e7 metre s\u00fcr\u00fckledi. Ara\u00e7tan inen E.\u00c7. k\u00f6pe\u011fi arac\u0131n\u0131n bagaj k\u0131sm\u0131na yerle\u015ftirdikten sonra uzakla\u015ft\u0131. Olay, g\u00fcvenlik kameras\u0131na yans\u0131d\u0131. G\u00f6r\u00fcnt\u00fclerde E.\u00c7.&#8217;nin \u00f6nce k\u00f6pe\u011fin \u00fczerinden ge\u00e7ti\u011fi, ard\u0131ndan da geri- ileri manevra yaparak k\u00f6pe\u011fi ezdi\u011fi anlar yer ald\u0131. &#8216;YANLI\u015eIKLA \u00c7ARPTIM DED\u0130&#8217; K\u00f6pe\u011finin 15 y\u0131ld\u0131r kendisiyle oldu\u011funu belirten Hasan Kilit, &#8220;Cesika, olay g\u00fcn\u00fc otoparkta yat\u0131yordu. Kom\u015fum kazan\u0131n \u00fczerinden saatler ge\u00e7tikten sonra beni arad\u0131. &#8216;Arabayla geri gelirken g\u00f6lgelik t\u00fcl\u00fcn alt\u0131nda kalan Cesika&#8217;ya \u00e7arpt\u0131m&#8217; dedi. Yanl\u0131\u015fl\u0131kla \u00e7arpt\u0131\u011f\u0131n\u0131 s\u00f6yledi\u011fi i\u00e7in ben de insanl\u0131k hali olabilece\u011fini s\u00f6yledim. K\u00f6pe\u011fimi yak\u0131nda bir yere g\u00f6t\u00fcrmek yerine, Varsak b\u00f6lgesinin \u00fczerinde bulunan Kiri\u015f\u00e7iler Sahipsiz Hayvan Ge\u00e7ici Bak\u0131mevi&#8217;ne b\u0131rakm\u0131\u015f. Kay\u0131t numaras\u0131n\u0131 ve hayvan\u0131n araban\u0131n i\u00e7indeki g\u00f6r\u00fcnt\u00fclerini g\u00f6nderdi. Ben de Isparta istikametindeydim. Gece saatlerinde hemen yola koyuldum ve Cesika&#8217;y\u0131 ald\u0131m. K\u00f6pe\u011fimi Muratpa\u015fa il\u00e7esinde bulunan bir hayvan klini\u011fine getirdim. V\u00fccudunun her yeri k\u0131r\u0131kt\u0131 ve \u00e7ok ac\u0131 \u00e7ekiyordu. Ba\u015fhekim beni \u00e7a\u011f\u0131rd\u0131 ve yap\u0131labilecek bir durum kalmad\u0131\u011f\u0131n\u0131, ac\u0131 \u00e7ekmemesi i\u00e7in uyutulmas\u0131 gerekti\u011fini s\u00f6yledi. Ben de onay vermek zorunda kalarak vedala\u015ft\u0131m&#8221; dedi. &#8216;G\u00d6R\u00dcNT\u00dcLER KAR\u015eISINDA \u015eOK OLDUK&#8217; Cesika&#8217;ya \u00e7arpan kom\u015fusunun hareketlerinden \u015f\u00fcphelendi\u011fini belirten Hasan Kilit, &#8220;\u015e\u00fcpheli konu\u015fmalar\u0131 dikkatimi \u00e7ekti. \u0130\u015f yeri kameram\u0131 inceledim ve g\u00f6rd\u00fc\u011f\u00fcm g\u00f6r\u00fcnt\u00fcler kar\u015f\u0131s\u0131nda &hellip;<\/p>","protected":false},"author":0,"featured_media":18096,"comment_status":"open","ping_status":"open","sticky":false,"template":"","format":"standard","meta":{"_acf_changed":false,"footnotes":""},"categories":[26,535],"tags":[],"class_list":["post-18095","post","type-post","status-publish","format-standard","has-post-thumbnail","hentry","category-antalya","category-uncategorized-tr"],"acf":[],"yoast_head":"<!-- This site is optimized with the Yoast SEO Premium plugin v26.6 (Yoast SEO v27.1.1) - https:\/\/yoast.com\/product\/yoast-seo-premium-wordpress\/ -->\n<title>K\u00f6pe\u011fini ezen kom\u015fusundan \u015fikayet\u00e7i oldu - Av. Deniz Can K\u0131z\u0131l<\/title>\n<meta name=\"robots\" content=\"index, follow, max-snippet:-1, max-image-preview:large, max-video-preview:-1\" \/>\n<link rel=\"canonical\" href=\"https:\/\/denizcankizil.tr\/uk\/haberler\/antalya\/kopegini-ezen-komsusundan-sikayetci-oldu\/\" \/>\n<meta property=\"og:locale\" content=\"uk_UA\" \/>\n<meta property=\"og:type\" content=\"article\" \/>\n<meta property=\"og:title\" content=\"K\u00f6pe\u011fini ezen kom\u015fusundan \u015fikayet\u00e7i oldu\" \/>\n<meta property=\"og:description\" content=\"Olay, 15 Kas\u0131m&#8217;da Aksu il\u00e7esi G\u00fczelyurt Mahallesi&#8217;nde meydana geldi. Arac\u0131yla otoparka giren E.\u00c7., kom\u015fusu Hasan Kilit&#8217;in K9 k\u00f6pe\u011fi 19 ya\u015f\u0131ndaki &#8216;Cesika&#8217;y\u0131 ezip, arac\u0131n alt\u0131nda birka\u00e7 metre s\u00fcr\u00fckledi. Ara\u00e7tan inen E.\u00c7. k\u00f6pe\u011fi arac\u0131n\u0131n bagaj k\u0131sm\u0131na yerle\u015ftirdikten sonra uzakla\u015ft\u0131. Olay, g\u00fcvenlik kameras\u0131na yans\u0131d\u0131. G\u00f6r\u00fcnt\u00fclerde E.\u00c7.&#8217;nin \u00f6nce k\u00f6pe\u011fin \u00fczerinden ge\u00e7ti\u011fi, ard\u0131ndan da geri- ileri manevra yaparak k\u00f6pe\u011fi ezdi\u011fi anlar yer ald\u0131. &#8216;YANLI\u015eIKLA \u00c7ARPTIM DED\u0130&#8217; K\u00f6pe\u011finin 15 y\u0131ld\u0131r kendisiyle oldu\u011funu belirten Hasan Kilit, &#8220;Cesika, olay g\u00fcn\u00fc otoparkta yat\u0131yordu. Kom\u015fum kazan\u0131n \u00fczerinden saatler ge\u00e7tikten sonra beni arad\u0131. &#8216;Arabayla geri gelirken g\u00f6lgelik t\u00fcl\u00fcn alt\u0131nda kalan Cesika&#8217;ya \u00e7arpt\u0131m&#8217; dedi. Yanl\u0131\u015fl\u0131kla \u00e7arpt\u0131\u011f\u0131n\u0131 s\u00f6yledi\u011fi i\u00e7in ben de insanl\u0131k hali olabilece\u011fini s\u00f6yledim. K\u00f6pe\u011fimi yak\u0131nda bir yere g\u00f6t\u00fcrmek yerine, Varsak b\u00f6lgesinin \u00fczerinde bulunan Kiri\u015f\u00e7iler Sahipsiz Hayvan Ge\u00e7ici Bak\u0131mevi&#8217;ne b\u0131rakm\u0131\u015f. Kay\u0131t numaras\u0131n\u0131 ve hayvan\u0131n araban\u0131n i\u00e7indeki g\u00f6r\u00fcnt\u00fclerini g\u00f6nderdi. Ben de Isparta istikametindeydim. Gece saatlerinde hemen yola koyuldum ve Cesika&#8217;y\u0131 ald\u0131m. K\u00f6pe\u011fimi Muratpa\u015fa il\u00e7esinde bulunan bir hayvan klini\u011fine getirdim. V\u00fccudunun her yeri k\u0131r\u0131kt\u0131 ve \u00e7ok ac\u0131 \u00e7ekiyordu. Ba\u015fhekim beni \u00e7a\u011f\u0131rd\u0131 ve yap\u0131labilecek bir durum kalmad\u0131\u011f\u0131n\u0131, ac\u0131 \u00e7ekmemesi i\u00e7in uyutulmas\u0131 gerekti\u011fini s\u00f6yledi. Ben de onay vermek zorunda kalarak vedala\u015ft\u0131m&#8221; dedi. &#8216;G\u00d6R\u00dcNT\u00dcLER KAR\u015eISINDA \u015eOK OLDUK&#8217; Cesika&#8217;ya \u00e7arpan kom\u015fusunun hareketlerinden \u015f\u00fcphelendi\u011fini belirten Hasan Kilit, &#8220;\u015e\u00fcpheli konu\u015fmalar\u0131 dikkatimi \u00e7ekti. \u0130\u015f yeri kameram\u0131 inceledim ve g\u00f6rd\u00fc\u011f\u00fcm g\u00f6r\u00fcnt\u00fcler kar\u015f\u0131s\u0131nda &hellip;\" \/>\n<meta property=\"og:url\" content=\"https:\/\/denizcankizil.tr\/uk\/haberler\/antalya\/kopegini-ezen-komsusundan-sikayetci-oldu\/\" \/>\n<meta property=\"og:site_name\" content=\"Av. Deniz Can K\u0131z\u0131l\" \/>\n<meta property=\"article:published_time\" content=\"2024-11-28T09:41:14+00:00\" \/>\n<meta property=\"og:image\" content=\"https:\/\/denizcankizil.tr\/wp-content\/uploads\/2024\/11\/3325-01-Mv626C.jpeg\" \/>\n\t<meta property=\"og:image:width\" content=\"1280\" \/>\n\t<meta property=\"og:image:height\" content=\"720\" \/>\n\t<meta property=\"og:image:type\" content=\"image\/jpeg\" \/>\n<meta name=\"twitter:card\" content=\"summary_large_image\" \/>\n<meta name=\"twitter:label1\" content=\"\u041f\u0440\u0438\u0431\u043b. \u0447\u0430\u0441 \u0447\u0438\u0442\u0430\u043d\u043d\u044f\" \/>\n\t<meta name=\"twitter:data1\" content=\"3 \u0445\u0432\u0438\u043b\u0438\u043d\u0438\" \/>\n<script type=\"application\/ld+json\" class=\"yoast-schema-graph\">{\"@context\":\"https:\/\/schema.org\",\"@graph\":[{\"@type\":\"Article\",\"@id\":\"https:\/\/denizcankizil.tr\/uk\/haberler\/antalya\/kopegini-ezen-komsusundan-sikayetci-oldu\/#article\",\"isPartOf\":{\"@id\":\"https:\/\/denizcankizil.tr\/uk\/haberler\/antalya\/kopegini-ezen-komsusundan-sikayetci-oldu\/\"},\"author\":{\"name\":\"\",\"@id\":\"\"},\"headline\":\"K\u00f6pe\u011fini ezen kom\u015fusundan \u015fikayet\u00e7i oldu\",\"datePublished\":\"2024-11-28T09:41:14+00:00\",\"mainEntityOfPage\":{\"@id\":\"https:\/\/denizcankizil.tr\/uk\/haberler\/antalya\/kopegini-ezen-komsusundan-sikayetci-oldu\/\"},\"wordCount\":520,\"commentCount\":0,\"publisher\":{\"@id\":\"https:\/\/denizcankizil.tr\/de\/#organization\"},\"image\":{\"@id\":\"https:\/\/denizcankizil.tr\/uk\/haberler\/antalya\/kopegini-ezen-komsusundan-sikayetci-oldu\/#primaryimage\"},\"thumbnailUrl\":\"https:\/\/denizcankizil.tr\/wp-content\/uploads\/2024\/11\/3325-01-Mv626C.jpeg\",\"articleSection\":[\"Antalya\",\"Uncategorized\"],\"inLanguage\":\"uk\",\"potentialAction\":[{\"@type\":\"CommentAction\",\"name\":\"Comment\",\"target\":[\"https:\/\/denizcankizil.tr\/uk\/haberler\/antalya\/kopegini-ezen-komsusundan-sikayetci-oldu\/#respond\"]}]},{\"@type\":\"WebPage\",\"@id\":\"https:\/\/denizcankizil.tr\/uk\/haberler\/antalya\/kopegini-ezen-komsusundan-sikayetci-oldu\/\",\"url\":\"https:\/\/denizcankizil.tr\/uk\/haberler\/antalya\/kopegini-ezen-komsusundan-sikayetci-oldu\/\",\"name\":\"K\u00f6pe\u011fini ezen kom\u015fusundan \u015fikayet\u00e7i oldu - Av. Deniz Can K\u0131z\u0131l\",\"isPartOf\":{\"@id\":\"https:\/\/denizcankizil.tr\/de\/#website\"},\"primaryImageOfPage\":{\"@id\":\"https:\/\/denizcankizil.tr\/uk\/haberler\/antalya\/kopegini-ezen-komsusundan-sikayetci-oldu\/#primaryimage\"},\"image\":{\"@id\":\"https:\/\/denizcankizil.tr\/uk\/haberler\/antalya\/kopegini-ezen-komsusundan-sikayetci-oldu\/#primaryimage\"},\"thumbnailUrl\":\"https:\/\/denizcankizil.tr\/wp-content\/uploads\/2024\/11\/3325-01-Mv626C.jpeg\",\"datePublished\":\"2024-11-28T09:41:14+00:00\",\"breadcrumb\":{\"@id\":\"https:\/\/denizcankizil.tr\/uk\/haberler\/antalya\/kopegini-ezen-komsusundan-sikayetci-oldu\/#breadcrumb\"},\"inLanguage\":\"uk\",\"potentialAction\":[{\"@type\":\"ReadAction\",\"target\":[\"https:\/\/denizcankizil.tr\/uk\/haberler\/antalya\/kopegini-ezen-komsusundan-sikayetci-oldu\/\"]}]},{\"@type\":\"ImageObject\",\"inLanguage\":\"uk\",\"@id\":\"https:\/\/denizcankizil.tr\/uk\/haberler\/antalya\/kopegini-ezen-komsusundan-sikayetci-oldu\/#primaryimage\",\"url\":\"https:\/\/denizcankizil.tr\/wp-content\/uploads\/2024\/11\/3325-01-Mv626C.jpeg\",\"contentUrl\":\"https:\/\/denizcankizil.tr\/wp-content\/uploads\/2024\/11\/3325-01-Mv626C.jpeg\",\"width\":1280,\"height\":720},{\"@type\":\"BreadcrumbList\",\"@id\":\"https:\/\/denizcankizil.tr\/uk\/haberler\/antalya\/kopegini-ezen-komsusundan-sikayetci-oldu\/#breadcrumb\",\"itemListElement\":[{\"@type\":\"ListItem\",\"position\":1,\"name\":\"Home\",\"item\":\"https:\/\/denizcankizil.tr\/de\/\"},{\"@type\":\"ListItem\",\"position\":2,\"name\":\"K\u00f6pe\u011fini ezen kom\u015fusundan \u015fikayet\u00e7i oldu\"}]},{\"@type\":\"WebSite\",\"@id\":\"https:\/\/denizcankizil.tr\/de\/#website\",\"url\":\"https:\/\/denizcankizil.tr\/de\/\",\"name\":\"Av. Deniz Can K\u0131z\u0131l\",\"description\":\"Avukat Deniz Can K\u0131z\u0131l Antalya Barosu\",\"publisher\":{\"@id\":\"https:\/\/denizcankizil.tr\/de\/#organization\"},\"potentialAction\":[{\"@type\":\"SearchAction\",\"target\":{\"@type\":\"EntryPoint\",\"urlTemplate\":\"https:\/\/denizcankizil.tr\/de\/?s={search_term_string}\"},\"query-input\":{\"@type\":\"PropertyValueSpecification\",\"valueRequired\":true,\"valueName\":\"search_term_string\"}}],\"inLanguage\":\"uk\"},{\"@type\":\"Organization\",\"@id\":\"https:\/\/denizcankizil.tr\/de\/#organization\",\"name\":\"Av. Deniz Can K\u0131z\u0131l\",\"url\":\"https:\/\/denizcankizil.tr\/de\/\",\"logo\":{\"@type\":\"ImageObject\",\"inLanguage\":\"uk\",\"@id\":\"https:\/\/denizcankizil.tr\/de\/#\/schema\/logo\/image\/\",\"url\":\"https:\/\/denizcankizil.tr\/wp-content\/uploads\/2024\/10\/siyah-logo-svg.svg\",\"contentUrl\":\"https:\/\/denizcankizil.tr\/wp-content\/uploads\/2024\/10\/siyah-logo-svg.svg\",\"width\":1080,\"height\":1080,\"caption\":\"Av. Deniz Can K\u0131z\u0131l\"},\"image\":{\"@id\":\"https:\/\/denizcankizil.tr\/de\/#\/schema\/logo\/image\/\"}}]}<\/script>\n<!-- \/ Yoast SEO Premium plugin. -->","yoast_head_json":{"title":"K\u00f6pe\u011fini ezen kom\u015fusundan \u015fikayet\u00e7i oldu - Av. Deniz Can K\u0131z\u0131l","robots":{"index":"index","follow":"follow","max-snippet":"max-snippet:-1","max-image-preview":"max-image-preview:large","max-video-preview":"max-video-preview:-1"},"canonical":"https:\/\/denizcankizil.tr\/uk\/haberler\/antalya\/kopegini-ezen-komsusundan-sikayetci-oldu\/","og_locale":"uk_UA","og_type":"article","og_title":"K\u00f6pe\u011fini ezen kom\u015fusundan \u015fikayet\u00e7i oldu","og_description":"Olay, 15 Kas\u0131m&#8217;da Aksu il\u00e7esi G\u00fczelyurt Mahallesi&#8217;nde meydana geldi. Arac\u0131yla otoparka giren E.\u00c7., kom\u015fusu Hasan Kilit&#8217;in K9 k\u00f6pe\u011fi 19 ya\u015f\u0131ndaki &#8216;Cesika&#8217;y\u0131 ezip, arac\u0131n alt\u0131nda birka\u00e7 metre s\u00fcr\u00fckledi. Ara\u00e7tan inen E.\u00c7. k\u00f6pe\u011fi arac\u0131n\u0131n bagaj k\u0131sm\u0131na yerle\u015ftirdikten sonra uzakla\u015ft\u0131. Olay, g\u00fcvenlik kameras\u0131na yans\u0131d\u0131. G\u00f6r\u00fcnt\u00fclerde E.\u00c7.&#8217;nin \u00f6nce k\u00f6pe\u011fin \u00fczerinden ge\u00e7ti\u011fi, ard\u0131ndan da geri- ileri manevra yaparak k\u00f6pe\u011fi ezdi\u011fi anlar yer ald\u0131. &#8216;YANLI\u015eIKLA \u00c7ARPTIM DED\u0130&#8217; K\u00f6pe\u011finin 15 y\u0131ld\u0131r kendisiyle oldu\u011funu belirten Hasan Kilit, &#8220;Cesika, olay g\u00fcn\u00fc otoparkta yat\u0131yordu. Kom\u015fum kazan\u0131n \u00fczerinden saatler ge\u00e7tikten sonra beni arad\u0131. &#8216;Arabayla geri gelirken g\u00f6lgelik t\u00fcl\u00fcn alt\u0131nda kalan Cesika&#8217;ya \u00e7arpt\u0131m&#8217; dedi. Yanl\u0131\u015fl\u0131kla \u00e7arpt\u0131\u011f\u0131n\u0131 s\u00f6yledi\u011fi i\u00e7in ben de insanl\u0131k hali olabilece\u011fini s\u00f6yledim. K\u00f6pe\u011fimi yak\u0131nda bir yere g\u00f6t\u00fcrmek yerine, Varsak b\u00f6lgesinin \u00fczerinde bulunan Kiri\u015f\u00e7iler Sahipsiz Hayvan Ge\u00e7ici Bak\u0131mevi&#8217;ne b\u0131rakm\u0131\u015f. Kay\u0131t numaras\u0131n\u0131 ve hayvan\u0131n araban\u0131n i\u00e7indeki g\u00f6r\u00fcnt\u00fclerini g\u00f6nderdi. Ben de Isparta istikametindeydim. Gece saatlerinde hemen yola koyuldum ve Cesika&#8217;y\u0131 ald\u0131m. K\u00f6pe\u011fimi Muratpa\u015fa il\u00e7esinde bulunan bir hayvan klini\u011fine getirdim. V\u00fccudunun her yeri k\u0131r\u0131kt\u0131 ve \u00e7ok ac\u0131 \u00e7ekiyordu. Ba\u015fhekim beni \u00e7a\u011f\u0131rd\u0131 ve yap\u0131labilecek bir durum kalmad\u0131\u011f\u0131n\u0131, ac\u0131 \u00e7ekmemesi i\u00e7in uyutulmas\u0131 gerekti\u011fini s\u00f6yledi. Ben de onay vermek zorunda kalarak vedala\u015ft\u0131m&#8221; dedi. &#8216;G\u00d6R\u00dcNT\u00dcLER KAR\u015eISINDA \u015eOK OLDUK&#8217; Cesika&#8217;ya \u00e7arpan kom\u015fusunun hareketlerinden \u015f\u00fcphelendi\u011fini belirten Hasan Kilit, &#8220;\u015e\u00fcpheli konu\u015fmalar\u0131 dikkatimi \u00e7ekti. \u0130\u015f yeri kameram\u0131 inceledim ve g\u00f6rd\u00fc\u011f\u00fcm g\u00f6r\u00fcnt\u00fcler kar\u015f\u0131s\u0131nda &hellip;","og_url":"https:\/\/denizcankizil.tr\/uk\/haberler\/antalya\/kopegini-ezen-komsusundan-sikayetci-oldu\/","og_site_name":"Av. Deniz Can K\u0131z\u0131l","article_published_time":"2024-11-28T09:41:14+00:00","og_image":[{"width":1280,"height":720,"url":"https:\/\/denizcankizil.tr\/wp-content\/uploads\/2024\/11\/3325-01-Mv626C.jpeg","type":"image\/jpeg"}],"twitter_card":"summary_large_image","twitter_misc":{"\u041f\u0440\u0438\u0431\u043b. \u0447\u0430\u0441 \u0447\u0438\u0442\u0430\u043d\u043d\u044f":"3 \u0445\u0432\u0438\u043b\u0438\u043d\u0438"},"schema":{"@context":"https:\/\/schema.org","@graph":[{"@type":"Article","@id":"https:\/\/denizcankizil.tr\/uk\/haberler\/antalya\/kopegini-ezen-komsusundan-sikayetci-oldu\/#article","isPartOf":{"@id":"https:\/\/denizcankizil.tr\/uk\/haberler\/antalya\/kopegini-ezen-komsusundan-sikayetci-oldu\/"},"author":{"name":"","@id":""},"headline":"K\u00f6pe\u011fini ezen kom\u015fusundan \u015fikayet\u00e7i oldu","datePublished":"2024-11-28T09:41:14+00:00","mainEntityOfPage":{"@id":"https:\/\/denizcankizil.tr\/uk\/haberler\/antalya\/kopegini-ezen-komsusundan-sikayetci-oldu\/"},"wordCount":520,"commentCount":0,"publisher":{"@id":"https:\/\/denizcankizil.tr\/de\/#organization"},"image":{"@id":"https:\/\/denizcankizil.tr\/uk\/haberler\/antalya\/kopegini-ezen-komsusundan-sikayetci-oldu\/#primaryimage"},"thumbnailUrl":"https:\/\/denizcankizil.tr\/wp-content\/uploads\/2024\/11\/3325-01-Mv626C.jpeg","articleSection":["Antalya","Uncategorized"],"inLanguage":"uk","potentialAction":[{"@type":"CommentAction","name":"Comment","target":["https:\/\/denizcankizil.tr\/uk\/haberler\/antalya\/kopegini-ezen-komsusundan-sikayetci-oldu\/#respond"]}]},{"@type":"WebPage","@id":"https:\/\/denizcankizil.tr\/uk\/haberler\/antalya\/kopegini-ezen-komsusundan-sikayetci-oldu\/","url":"https:\/\/denizcankizil.tr\/uk\/haberler\/antalya\/kopegini-ezen-komsusundan-sikayetci-oldu\/","name":"K\u00f6pe\u011fini ezen kom\u015fusundan \u015fikayet\u00e7i oldu - Av. Deniz Can K\u0131z\u0131l","isPartOf":{"@id":"https:\/\/denizcankizil.tr\/de\/#website"},"primaryImageOfPage":{"@id":"https:\/\/denizcankizil.tr\/uk\/haberler\/antalya\/kopegini-ezen-komsusundan-sikayetci-oldu\/#primaryimage"},"image":{"@id":"https:\/\/denizcankizil.tr\/uk\/haberler\/antalya\/kopegini-ezen-komsusundan-sikayetci-oldu\/#primaryimage"},"thumbnailUrl":"https:\/\/denizcankizil.tr\/wp-content\/uploads\/2024\/11\/3325-01-Mv626C.jpeg","datePublished":"2024-11-28T09:41:14+00:00","breadcrumb":{"@id":"https:\/\/denizcankizil.tr\/uk\/haberler\/antalya\/kopegini-ezen-komsusundan-sikayetci-oldu\/#breadcrumb"},"inLanguage":"uk","potentialAction":[{"@type":"ReadAction","target":["https:\/\/denizcankizil.tr\/uk\/haberler\/antalya\/kopegini-ezen-komsusundan-sikayetci-oldu\/"]}]},{"@type":"ImageObject","inLanguage":"uk","@id":"https:\/\/denizcankizil.tr\/uk\/haberler\/antalya\/kopegini-ezen-komsusundan-sikayetci-oldu\/#primaryimage","url":"https:\/\/denizcankizil.tr\/wp-content\/uploads\/2024\/11\/3325-01-Mv626C.jpeg","contentUrl":"https:\/\/denizcankizil.tr\/wp-content\/uploads\/2024\/11\/3325-01-Mv626C.jpeg","width":1280,"height":720},{"@type":"BreadcrumbList","@id":"https:\/\/denizcankizil.tr\/uk\/haberler\/antalya\/kopegini-ezen-komsusundan-sikayetci-oldu\/#breadcrumb","itemListElement":[{"@type":"ListItem","position":1,"name":"Home","item":"https:\/\/denizcankizil.tr\/de\/"},{"@type":"ListItem","position":2,"name":"K\u00f6pe\u011fini ezen kom\u015fusundan \u015fikayet\u00e7i oldu"}]},{"@type":"WebSite","@id":"https:\/\/denizcankizil.tr\/de\/#website","url":"https:\/\/denizcankizil.tr\/de\/","name":"Av. Deniz Can K\u0131z\u0131l","description":"Avukat Deniz Can K\u0131z\u0131l Antalya Barosu","publisher":{"@id":"https:\/\/denizcankizil.tr\/de\/#organization"},"potentialAction":[{"@type":"SearchAction","target":{"@type":"EntryPoint","urlTemplate":"https:\/\/denizcankizil.tr\/de\/?s={search_term_string}"},"query-input":{"@type":"PropertyValueSpecification","valueRequired":true,"valueName":"search_term_string"}}],"inLanguage":"uk"},{"@type":"Organization","@id":"https:\/\/denizcankizil.tr\/de\/#organization","name":"Av. Deniz Can K\u0131z\u0131l","url":"https:\/\/denizcankizil.tr\/de\/","logo":{"@type":"ImageObject","inLanguage":"uk","@id":"https:\/\/denizcankizil.tr\/de\/#\/schema\/logo\/image\/","url":"https:\/\/denizcankizil.tr\/wp-content\/uploads\/2024\/10\/siyah-logo-svg.svg","contentUrl":"https:\/\/denizcankizil.tr\/wp-content\/uploads\/2024\/10\/siyah-logo-svg.svg","width":1080,"height":1080,"caption":"Av. Deniz Can K\u0131z\u0131l"},"image":{"@id":"https:\/\/denizcankizil.tr\/de\/#\/schema\/logo\/image\/"}}]}},"_links":{"self":[{"href":"https:\/\/denizcankizil.tr\/uk\/wp-json\/wp\/v2\/posts\/18095","targetHints":{"allow":["GET"]}}],"collection":[{"href":"https:\/\/denizcankizil.tr\/uk\/wp-json\/wp\/v2\/posts"}],"about":[{"href":"https:\/\/denizcankizil.tr\/uk\/wp-json\/wp\/v2\/types\/post"}],"replies":[{"embeddable":true,"href":"https:\/\/denizcankizil.tr\/uk\/wp-json\/wp\/v2\/comments?post=18095"}],"version-history":[{"count":0,"href":"https:\/\/denizcankizil.tr\/uk\/wp-json\/wp\/v2\/posts\/18095\/revisions"}],"wp:featuredmedia":[{"embeddable":true,"href":"https:\/\/denizcankizil.tr\/uk\/wp-json\/wp\/v2\/media\/18096"}],"wp:attachment":[{"href":"https:\/\/denizcankizil.tr\/uk\/wp-json\/wp\/v2\/media?parent=18095"}],"wp:term":[{"taxonomy":"category","embeddable":true,"href":"https:\/\/denizcankizil.tr\/uk\/wp-json\/wp\/v2\/categories?post=18095"},{"taxonomy":"post_tag","embeddable":true,"href":"https:\/\/denizcankizil.tr\/uk\/wp-json\/wp\/v2\/tags?post=18095"}],"curies":[{"name":"wp","href":"https:\/\/api.w.org\/{rel}","templated":true}]}}