{"id":18081,"date":"2024-11-28T11:41:15","date_gmt":"2024-11-28T08:41:15","guid":{"rendered":"https:\/\/denizcankizil.tr\/uncategorized-tr\/judocular-sampiyonalara-hazirlaniyor\/"},"modified":"2024-11-28T11:41:15","modified_gmt":"2024-11-28T08:41:15","slug":"judocular-sampiyonalara-hazirlaniyor","status":"publish","type":"post","link":"https:\/\/denizcankizil.tr\/uk\/haberler\/antalya\/judocular-sampiyonalara-hazirlaniyor\/","title":{"rendered":"Judocular \u015fampiyonalara haz\u0131rlan\u0131yor"},"content":{"rendered":"<p>Yakla\u015f\u0131k 40 sporcusu olan Kepez Belediyespor Kul\u00fcb\u00fc Judo Tak\u0131m\u0131, aral\u0131k ay\u0131nda d\u00fczenlenecek \u015fampiyona ve turnuvalar i\u00e7in \u00e7al\u0131\u015f\u0131yor. Kepez \u00c7ok Ama\u00e7l\u0131 Spor Salonu\u2019nda haftada 5 g\u00fcn antrenman yapan Kepezli gen\u00e7ler, son haz\u0131rl\u0131klar\u0131n\u0131 yap\u0131yor.<\/p>\n<p>\u201cYeni sporcu gelmesi i\u00e7in g\u00f6r\u00fc\u015fmeler yap\u0131yoruz\u201d<br \/>\nAral\u0131k ay\u0131nda ortaokullar aras\u0131, ocak ay\u0131ndan itibaren ise k\u00fc\u00e7\u00fckler, gen\u00e7ler ve b\u00fcy\u00fckler T\u00fcrkiye \u015fampiyonalar\u0131n\u0131n takvime al\u0131nmas\u0131 \u00fczerine, teknik geli\u015ftirme antrenmanlar\u0131na h\u0131z verildi. Bu sporun rakibi kaba kuvvet kullanmadan, zeka yoluyla alt etmek oldu\u011funu hat\u0131rlatan antren\u00f6r Canan Ad\u0131g\u00fczel Sezgin, \u201cTak\u0131m\u0131m\u0131z ba\u015far\u0131 sa\u011flad\u0131k\u00e7a yeni kat\u0131l\u0131mlar ger\u00e7ekle\u015fiyor. Grup halinde yeni sporcu gelmesi i\u00e7in \u00e7e\u015fitli g\u00f6r\u00fc\u015fmeler yap\u0131yoruz\u201d dedi.<\/p>\n<p>Kaynak: www.kanalv.com.tr Haber Sitesinden Al\u0131nm\u0131\u015ft\u0131r.<\/p>","protected":false},"excerpt":{"rendered":"<p>Yakla\u015f\u0131k 40 sporcusu olan Kepez Belediyespor Kul\u00fcb\u00fc Judo Tak\u0131m\u0131, aral\u0131k ay\u0131nda d\u00fczenlenecek \u015fampiyona ve turnuvalar i\u00e7in \u00e7al\u0131\u015f\u0131yor. Kepez \u00c7ok Ama\u00e7l\u0131 Spor Salonu\u2019nda haftada 5 g\u00fcn antrenman yapan Kepezli gen\u00e7ler, son haz\u0131rl\u0131klar\u0131n\u0131 yap\u0131yor. \u201cYeni sporcu gelmesi i\u00e7in g\u00f6r\u00fc\u015fmeler yap\u0131yoruz\u201d Aral\u0131k ay\u0131nda ortaokullar aras\u0131, ocak ay\u0131ndan itibaren ise k\u00fc\u00e7\u00fckler, gen\u00e7ler ve b\u00fcy\u00fckler T\u00fcrkiye \u015fampiyonalar\u0131n\u0131n takvime al\u0131nmas\u0131 \u00fczerine, teknik geli\u015ftirme antrenmanlar\u0131na h\u0131z verildi. Bu sporun rakibi kaba kuvvet kullanmadan, zeka yoluyla alt etmek oldu\u011funu hat\u0131rlatan antren\u00f6r Canan Ad\u0131g\u00fczel Sezgin, \u201cTak\u0131m\u0131m\u0131z ba\u015far\u0131 sa\u011flad\u0131k\u00e7a yeni kat\u0131l\u0131mlar ger\u00e7ekle\u015fiyor. Grup halinde yeni sporcu gelmesi i\u00e7in \u00e7e\u015fitli g\u00f6r\u00fc\u015fmeler yap\u0131yoruz\u201d dedi. Kaynak: www.kanalv.com.tr Haber Sitesinden Al\u0131nm\u0131\u015ft\u0131r.<\/p>","protected":false},"author":0,"featured_media":18082,"comment_status":"open","ping_status":"open","sticky":false,"template":"","format":"standard","meta":{"_acf_changed":false,"footnotes":""},"categories":[26,535],"tags":[],"class_list":["post-18081","post","type-post","status-publish","format-standard","has-post-thumbnail","hentry","category-antalya","category-uncategorized-tr"],"acf":[],"yoast_head":"<!-- This site is optimized with the Yoast SEO Premium plugin v26.6 (Yoast SEO v27.1.1) - https:\/\/yoast.com\/product\/yoast-seo-premium-wordpress\/ -->\n<title>Judocular \u015fampiyonalara haz\u0131rlan\u0131yor - Av. Deniz Can K\u0131z\u0131l<\/title>\n<meta name=\"robots\" content=\"index, follow, max-snippet:-1, max-image-preview:large, max-video-preview:-1\" \/>\n<link rel=\"canonical\" href=\"https:\/\/denizcankizil.tr\/uk\/haberler\/antalya\/judocular-sampiyonalara-hazirlaniyor\/\" \/>\n<meta property=\"og:locale\" content=\"uk_UA\" \/>\n<meta property=\"og:type\" content=\"article\" \/>\n<meta property=\"og:title\" content=\"Judocular \u015fampiyonalara haz\u0131rlan\u0131yor\" \/>\n<meta property=\"og:description\" content=\"Yakla\u015f\u0131k 40 sporcusu olan Kepez Belediyespor Kul\u00fcb\u00fc Judo Tak\u0131m\u0131, aral\u0131k ay\u0131nda d\u00fczenlenecek \u015fampiyona ve turnuvalar i\u00e7in \u00e7al\u0131\u015f\u0131yor. Kepez \u00c7ok Ama\u00e7l\u0131 Spor Salonu\u2019nda haftada 5 g\u00fcn antrenman yapan Kepezli gen\u00e7ler, son haz\u0131rl\u0131klar\u0131n\u0131 yap\u0131yor. \u201cYeni sporcu gelmesi i\u00e7in g\u00f6r\u00fc\u015fmeler yap\u0131yoruz\u201d Aral\u0131k ay\u0131nda ortaokullar aras\u0131, ocak ay\u0131ndan itibaren ise k\u00fc\u00e7\u00fckler, gen\u00e7ler ve b\u00fcy\u00fckler T\u00fcrkiye \u015fampiyonalar\u0131n\u0131n takvime al\u0131nmas\u0131 \u00fczerine, teknik geli\u015ftirme antrenmanlar\u0131na h\u0131z verildi. Bu sporun rakibi kaba kuvvet kullanmadan, zeka yoluyla alt etmek oldu\u011funu hat\u0131rlatan antren\u00f6r Canan Ad\u0131g\u00fczel Sezgin, \u201cTak\u0131m\u0131m\u0131z ba\u015far\u0131 sa\u011flad\u0131k\u00e7a yeni kat\u0131l\u0131mlar ger\u00e7ekle\u015fiyor. Grup halinde yeni sporcu gelmesi i\u00e7in \u00e7e\u015fitli g\u00f6r\u00fc\u015fmeler yap\u0131yoruz\u201d dedi. Kaynak: www.kanalv.com.tr Haber Sitesinden Al\u0131nm\u0131\u015ft\u0131r.\" \/>\n<meta property=\"og:url\" content=\"https:\/\/denizcankizil.tr\/uk\/haberler\/antalya\/judocular-sampiyonalara-hazirlaniyor\/\" \/>\n<meta property=\"og:site_name\" content=\"Av. Deniz Can K\u0131z\u0131l\" \/>\n<meta property=\"article:published_time\" content=\"2024-11-28T08:41:15+00:00\" \/>\n<meta property=\"og:image\" content=\"https:\/\/denizcankizil.tr\/wp-content\/uploads\/2024\/11\/3322-01-xSigCQ.jpeg\" \/>\n\t<meta property=\"og:image:width\" content=\"1280\" \/>\n\t<meta property=\"og:image:height\" content=\"720\" \/>\n\t<meta property=\"og:image:type\" content=\"image\/jpeg\" \/>\n<meta name=\"twitter:card\" content=\"summary_large_image\" \/>\n<meta name=\"twitter:label1\" content=\"\u041f\u0440\u0438\u0431\u043b. \u0447\u0430\u0441 \u0447\u0438\u0442\u0430\u043d\u043d\u044f\" \/>\n\t<meta name=\"twitter:data1\" content=\"1 \u0445\u0432\u0438\u043b\u0438\u043d\u0430\" \/>\n<script type=\"application\/ld+json\" class=\"yoast-schema-graph\">{\"@context\":\"https:\/\/schema.org\",\"@graph\":[{\"@type\":\"Article\",\"@id\":\"https:\/\/denizcankizil.tr\/en\/haberler\/antalya\/judocular-sampiyonalara-hazirlaniyor\/#article\",\"isPartOf\":{\"@id\":\"https:\/\/denizcankizil.tr\/en\/haberler\/antalya\/judocular-sampiyonalara-hazirlaniyor\/\"},\"author\":{\"name\":\"\",\"@id\":\"\"},\"headline\":\"Judocular \u015fampiyonalara haz\u0131rlan\u0131yor\",\"datePublished\":\"2024-11-28T08:41:15+00:00\",\"mainEntityOfPage\":{\"@id\":\"https:\/\/denizcankizil.tr\/en\/haberler\/antalya\/judocular-sampiyonalara-hazirlaniyor\/\"},\"wordCount\":161,\"commentCount\":0,\"publisher\":{\"@id\":\"https:\/\/denizcankizil.tr\/de\/#organization\"},\"image\":{\"@id\":\"https:\/\/denizcankizil.tr\/en\/haberler\/antalya\/judocular-sampiyonalara-hazirlaniyor\/#primaryimage\"},\"thumbnailUrl\":\"https:\/\/denizcankizil.tr\/wp-content\/uploads\/2024\/11\/3322-01-xSigCQ.jpeg\",\"articleSection\":[\"Antalya\",\"Uncategorized\"],\"inLanguage\":\"uk\",\"potentialAction\":[{\"@type\":\"CommentAction\",\"name\":\"Comment\",\"target\":[\"https:\/\/denizcankizil.tr\/en\/haberler\/antalya\/judocular-sampiyonalara-hazirlaniyor\/#respond\"]}]},{\"@type\":\"WebPage\",\"@id\":\"https:\/\/denizcankizil.tr\/en\/haberler\/antalya\/judocular-sampiyonalara-hazirlaniyor\/\",\"url\":\"https:\/\/denizcankizil.tr\/en\/haberler\/antalya\/judocular-sampiyonalara-hazirlaniyor\/\",\"name\":\"Judocular \u015fampiyonalara haz\u0131rlan\u0131yor - Av. Deniz Can K\u0131z\u0131l\",\"isPartOf\":{\"@id\":\"https:\/\/denizcankizil.tr\/de\/#website\"},\"primaryImageOfPage\":{\"@id\":\"https:\/\/denizcankizil.tr\/en\/haberler\/antalya\/judocular-sampiyonalara-hazirlaniyor\/#primaryimage\"},\"image\":{\"@id\":\"https:\/\/denizcankizil.tr\/en\/haberler\/antalya\/judocular-sampiyonalara-hazirlaniyor\/#primaryimage\"},\"thumbnailUrl\":\"https:\/\/denizcankizil.tr\/wp-content\/uploads\/2024\/11\/3322-01-xSigCQ.jpeg\",\"datePublished\":\"2024-11-28T08:41:15+00:00\",\"breadcrumb\":{\"@id\":\"https:\/\/denizcankizil.tr\/en\/haberler\/antalya\/judocular-sampiyonalara-hazirlaniyor\/#breadcrumb\"},\"inLanguage\":\"uk\",\"potentialAction\":[{\"@type\":\"ReadAction\",\"target\":[\"https:\/\/denizcankizil.tr\/en\/haberler\/antalya\/judocular-sampiyonalara-hazirlaniyor\/\"]}]},{\"@type\":\"ImageObject\",\"inLanguage\":\"uk\",\"@id\":\"https:\/\/denizcankizil.tr\/en\/haberler\/antalya\/judocular-sampiyonalara-hazirlaniyor\/#primaryimage\",\"url\":\"https:\/\/denizcankizil.tr\/wp-content\/uploads\/2024\/11\/3322-01-xSigCQ.jpeg\",\"contentUrl\":\"https:\/\/denizcankizil.tr\/wp-content\/uploads\/2024\/11\/3322-01-xSigCQ.jpeg\",\"width\":1280,\"height\":720},{\"@type\":\"BreadcrumbList\",\"@id\":\"https:\/\/denizcankizil.tr\/en\/haberler\/antalya\/judocular-sampiyonalara-hazirlaniyor\/#breadcrumb\",\"itemListElement\":[{\"@type\":\"ListItem\",\"position\":1,\"name\":\"Home\",\"item\":\"https:\/\/denizcankizil.tr\/de\/\"},{\"@type\":\"ListItem\",\"position\":2,\"name\":\"Judocular \u015fampiyonalara haz\u0131rlan\u0131yor\"}]},{\"@type\":\"WebSite\",\"@id\":\"https:\/\/denizcankizil.tr\/de\/#website\",\"url\":\"https:\/\/denizcankizil.tr\/de\/\",\"name\":\"Av. Deniz Can K\u0131z\u0131l\",\"description\":\"Avukat Deniz Can K\u0131z\u0131l Antalya Barosu\",\"publisher\":{\"@id\":\"https:\/\/denizcankizil.tr\/de\/#organization\"},\"potentialAction\":[{\"@type\":\"SearchAction\",\"target\":{\"@type\":\"EntryPoint\",\"urlTemplate\":\"https:\/\/denizcankizil.tr\/de\/?s={search_term_string}\"},\"query-input\":{\"@type\":\"PropertyValueSpecification\",\"valueRequired\":true,\"valueName\":\"search_term_string\"}}],\"inLanguage\":\"uk\"},{\"@type\":\"Organization\",\"@id\":\"https:\/\/denizcankizil.tr\/de\/#organization\",\"name\":\"Av. Deniz Can K\u0131z\u0131l\",\"url\":\"https:\/\/denizcankizil.tr\/de\/\",\"logo\":{\"@type\":\"ImageObject\",\"inLanguage\":\"uk\",\"@id\":\"https:\/\/denizcankizil.tr\/de\/#\/schema\/logo\/image\/\",\"url\":\"https:\/\/denizcankizil.tr\/wp-content\/uploads\/2024\/10\/siyah-logo-svg.svg\",\"contentUrl\":\"https:\/\/denizcankizil.tr\/wp-content\/uploads\/2024\/10\/siyah-logo-svg.svg\",\"width\":1080,\"height\":1080,\"caption\":\"Av. Deniz Can K\u0131z\u0131l\"},\"image\":{\"@id\":\"https:\/\/denizcankizil.tr\/de\/#\/schema\/logo\/image\/\"}}]}<\/script>\n<!-- \/ Yoast SEO Premium plugin. -->","yoast_head_json":{"title":"Judocular \u015fampiyonalara haz\u0131rlan\u0131yor - Av. Deniz Can K\u0131z\u0131l","robots":{"index":"index","follow":"follow","max-snippet":"max-snippet:-1","max-image-preview":"max-image-preview:large","max-video-preview":"max-video-preview:-1"},"canonical":"https:\/\/denizcankizil.tr\/uk\/haberler\/antalya\/judocular-sampiyonalara-hazirlaniyor\/","og_locale":"uk_UA","og_type":"article","og_title":"Judocular \u015fampiyonalara haz\u0131rlan\u0131yor","og_description":"Yakla\u015f\u0131k 40 sporcusu olan Kepez Belediyespor Kul\u00fcb\u00fc Judo Tak\u0131m\u0131, aral\u0131k ay\u0131nda d\u00fczenlenecek \u015fampiyona ve turnuvalar i\u00e7in \u00e7al\u0131\u015f\u0131yor. Kepez \u00c7ok Ama\u00e7l\u0131 Spor Salonu\u2019nda haftada 5 g\u00fcn antrenman yapan Kepezli gen\u00e7ler, son haz\u0131rl\u0131klar\u0131n\u0131 yap\u0131yor. \u201cYeni sporcu gelmesi i\u00e7in g\u00f6r\u00fc\u015fmeler yap\u0131yoruz\u201d Aral\u0131k ay\u0131nda ortaokullar aras\u0131, ocak ay\u0131ndan itibaren ise k\u00fc\u00e7\u00fckler, gen\u00e7ler ve b\u00fcy\u00fckler T\u00fcrkiye \u015fampiyonalar\u0131n\u0131n takvime al\u0131nmas\u0131 \u00fczerine, teknik geli\u015ftirme antrenmanlar\u0131na h\u0131z verildi. Bu sporun rakibi kaba kuvvet kullanmadan, zeka yoluyla alt etmek oldu\u011funu hat\u0131rlatan antren\u00f6r Canan Ad\u0131g\u00fczel Sezgin, \u201cTak\u0131m\u0131m\u0131z ba\u015far\u0131 sa\u011flad\u0131k\u00e7a yeni kat\u0131l\u0131mlar ger\u00e7ekle\u015fiyor. Grup halinde yeni sporcu gelmesi i\u00e7in \u00e7e\u015fitli g\u00f6r\u00fc\u015fmeler yap\u0131yoruz\u201d dedi. Kaynak: www.kanalv.com.tr Haber Sitesinden Al\u0131nm\u0131\u015ft\u0131r.","og_url":"https:\/\/denizcankizil.tr\/uk\/haberler\/antalya\/judocular-sampiyonalara-hazirlaniyor\/","og_site_name":"Av. Deniz Can K\u0131z\u0131l","article_published_time":"2024-11-28T08:41:15+00:00","og_image":[{"width":1280,"height":720,"url":"https:\/\/denizcankizil.tr\/wp-content\/uploads\/2024\/11\/3322-01-xSigCQ.jpeg","type":"image\/jpeg"}],"twitter_card":"summary_large_image","twitter_misc":{"\u041f\u0440\u0438\u0431\u043b. \u0447\u0430\u0441 \u0447\u0438\u0442\u0430\u043d\u043d\u044f":"1 \u0445\u0432\u0438\u043b\u0438\u043d\u0430"},"schema":{"@context":"https:\/\/schema.org","@graph":[{"@type":"Article","@id":"https:\/\/denizcankizil.tr\/en\/haberler\/antalya\/judocular-sampiyonalara-hazirlaniyor\/#article","isPartOf":{"@id":"https:\/\/denizcankizil.tr\/en\/haberler\/antalya\/judocular-sampiyonalara-hazirlaniyor\/"},"author":{"name":"","@id":""},"headline":"Judocular \u015fampiyonalara haz\u0131rlan\u0131yor","datePublished":"2024-11-28T08:41:15+00:00","mainEntityOfPage":{"@id":"https:\/\/denizcankizil.tr\/en\/haberler\/antalya\/judocular-sampiyonalara-hazirlaniyor\/"},"wordCount":161,"commentCount":0,"publisher":{"@id":"https:\/\/denizcankizil.tr\/de\/#organization"},"image":{"@id":"https:\/\/denizcankizil.tr\/en\/haberler\/antalya\/judocular-sampiyonalara-hazirlaniyor\/#primaryimage"},"thumbnailUrl":"https:\/\/denizcankizil.tr\/wp-content\/uploads\/2024\/11\/3322-01-xSigCQ.jpeg","articleSection":["Antalya","Uncategorized"],"inLanguage":"uk","potentialAction":[{"@type":"CommentAction","name":"Comment","target":["https:\/\/denizcankizil.tr\/en\/haberler\/antalya\/judocular-sampiyonalara-hazirlaniyor\/#respond"]}]},{"@type":"WebPage","@id":"https:\/\/denizcankizil.tr\/en\/haberler\/antalya\/judocular-sampiyonalara-hazirlaniyor\/","url":"https:\/\/denizcankizil.tr\/en\/haberler\/antalya\/judocular-sampiyonalara-hazirlaniyor\/","name":"Judocular \u015fampiyonalara haz\u0131rlan\u0131yor - Av. Deniz Can K\u0131z\u0131l","isPartOf":{"@id":"https:\/\/denizcankizil.tr\/de\/#website"},"primaryImageOfPage":{"@id":"https:\/\/denizcankizil.tr\/en\/haberler\/antalya\/judocular-sampiyonalara-hazirlaniyor\/#primaryimage"},"image":{"@id":"https:\/\/denizcankizil.tr\/en\/haberler\/antalya\/judocular-sampiyonalara-hazirlaniyor\/#primaryimage"},"thumbnailUrl":"https:\/\/denizcankizil.tr\/wp-content\/uploads\/2024\/11\/3322-01-xSigCQ.jpeg","datePublished":"2024-11-28T08:41:15+00:00","breadcrumb":{"@id":"https:\/\/denizcankizil.tr\/en\/haberler\/antalya\/judocular-sampiyonalara-hazirlaniyor\/#breadcrumb"},"inLanguage":"uk","potentialAction":[{"@type":"ReadAction","target":["https:\/\/denizcankizil.tr\/en\/haberler\/antalya\/judocular-sampiyonalara-hazirlaniyor\/"]}]},{"@type":"ImageObject","inLanguage":"uk","@id":"https:\/\/denizcankizil.tr\/en\/haberler\/antalya\/judocular-sampiyonalara-hazirlaniyor\/#primaryimage","url":"https:\/\/denizcankizil.tr\/wp-content\/uploads\/2024\/11\/3322-01-xSigCQ.jpeg","contentUrl":"https:\/\/denizcankizil.tr\/wp-content\/uploads\/2024\/11\/3322-01-xSigCQ.jpeg","width":1280,"height":720},{"@type":"BreadcrumbList","@id":"https:\/\/denizcankizil.tr\/en\/haberler\/antalya\/judocular-sampiyonalara-hazirlaniyor\/#breadcrumb","itemListElement":[{"@type":"ListItem","position":1,"name":"Home","item":"https:\/\/denizcankizil.tr\/de\/"},{"@type":"ListItem","position":2,"name":"Judocular \u015fampiyonalara haz\u0131rlan\u0131yor"}]},{"@type":"WebSite","@id":"https:\/\/denizcankizil.tr\/de\/#website","url":"https:\/\/denizcankizil.tr\/de\/","name":"Av. Deniz Can K\u0131z\u0131l","description":"Avukat Deniz Can K\u0131z\u0131l Antalya Barosu","publisher":{"@id":"https:\/\/denizcankizil.tr\/de\/#organization"},"potentialAction":[{"@type":"SearchAction","target":{"@type":"EntryPoint","urlTemplate":"https:\/\/denizcankizil.tr\/de\/?s={search_term_string}"},"query-input":{"@type":"PropertyValueSpecification","valueRequired":true,"valueName":"search_term_string"}}],"inLanguage":"uk"},{"@type":"Organization","@id":"https:\/\/denizcankizil.tr\/de\/#organization","name":"Av. Deniz Can K\u0131z\u0131l","url":"https:\/\/denizcankizil.tr\/de\/","logo":{"@type":"ImageObject","inLanguage":"uk","@id":"https:\/\/denizcankizil.tr\/de\/#\/schema\/logo\/image\/","url":"https:\/\/denizcankizil.tr\/wp-content\/uploads\/2024\/10\/siyah-logo-svg.svg","contentUrl":"https:\/\/denizcankizil.tr\/wp-content\/uploads\/2024\/10\/siyah-logo-svg.svg","width":1080,"height":1080,"caption":"Av. Deniz Can K\u0131z\u0131l"},"image":{"@id":"https:\/\/denizcankizil.tr\/de\/#\/schema\/logo\/image\/"}}]}},"_links":{"self":[{"href":"https:\/\/denizcankizil.tr\/uk\/wp-json\/wp\/v2\/posts\/18081","targetHints":{"allow":["GET"]}}],"collection":[{"href":"https:\/\/denizcankizil.tr\/uk\/wp-json\/wp\/v2\/posts"}],"about":[{"href":"https:\/\/denizcankizil.tr\/uk\/wp-json\/wp\/v2\/types\/post"}],"replies":[{"embeddable":true,"href":"https:\/\/denizcankizil.tr\/uk\/wp-json\/wp\/v2\/comments?post=18081"}],"version-history":[{"count":0,"href":"https:\/\/denizcankizil.tr\/uk\/wp-json\/wp\/v2\/posts\/18081\/revisions"}],"wp:featuredmedia":[{"embeddable":true,"href":"https:\/\/denizcankizil.tr\/uk\/wp-json\/wp\/v2\/media\/18082"}],"wp:attachment":[{"href":"https:\/\/denizcankizil.tr\/uk\/wp-json\/wp\/v2\/media?parent=18081"}],"wp:term":[{"taxonomy":"category","embeddable":true,"href":"https:\/\/denizcankizil.tr\/uk\/wp-json\/wp\/v2\/categories?post=18081"},{"taxonomy":"post_tag","embeddable":true,"href":"https:\/\/denizcankizil.tr\/uk\/wp-json\/wp\/v2\/tags?post=18081"}],"curies":[{"name":"wp","href":"https:\/\/api.w.org\/{rel}","templated":true}]}}