{"id":17783,"date":"2024-11-26T15:42:09","date_gmt":"2024-11-26T12:42:09","guid":{"rendered":"https:\/\/denizcankizil.tr\/uncategorized-tr\/kadinlar-gelecek-icin-iklim-krizini-masaya-yatirdi\/"},"modified":"2024-11-26T15:42:09","modified_gmt":"2024-11-26T12:42:09","slug":"kadinlar-gelecek-icin-iklim-krizini-masaya-yatirdi","status":"publish","type":"post","link":"https:\/\/denizcankizil.tr\/uk\/haberler\/gundem\/kadinlar-gelecek-icin-iklim-krizini-masaya-yatirdi\/","title":{"rendered":"Kad\u0131nlar gelecek i\u00e7in iklim krizini masaya yat\u0131rd\u0131"},"content":{"rendered":"<p>Uluslararas\u0131 \u0130\u015f Kad\u0131nlar\u0131 Derne\u011fi (US\u0130KAD), BM \u0130klim De\u011fi\u015fikli\u011fi Konferans\u0131 kapsam\u0131nda (COP29), iklim krizine kar\u015f\u0131 kad\u0131nlar\u0131n perspektifinden \u00e7\u00f6z\u00fcm \u00f6nerileri sundu.<\/p>\n<p>\u200bUluslararas\u0131 \u0130\u015f Kad\u0131nlar\u0131 Derne\u011fi (US\u0130KAD), BM \u0130klim De\u011fi\u015fikli\u011fi Konferans\u0131 kapsam\u0131nda (COP29), iklim krizine kar\u015f\u0131 kad\u0131nlar\u0131n perspektifinden \u00e7\u00f6z\u00fcm \u00f6nerileri sundu.\u00a0<\/p>\n<p>\u200bHaberin Al\u0131nt\u0131land\u0131\u011f\u0131 Kaynak: www.iskenderun.org<\/p>","protected":false},"excerpt":{"rendered":"<p>Uluslararas\u0131 \u0130\u015f Kad\u0131nlar\u0131 Derne\u011fi (US\u0130KAD), BM \u0130klim De\u011fi\u015fikli\u011fi Konferans\u0131 kapsam\u0131nda (COP29), iklim krizine kar\u015f\u0131 kad\u0131nlar\u0131n perspektifinden \u00e7\u00f6z\u00fcm \u00f6nerileri sundu. \u200bUluslararas\u0131 \u0130\u015f Kad\u0131nlar\u0131 Derne\u011fi (US\u0130KAD), BM \u0130klim De\u011fi\u015fikli\u011fi Konferans\u0131 kapsam\u0131nda (COP29), iklim krizine kar\u015f\u0131 kad\u0131nlar\u0131n perspektifinden \u00e7\u00f6z\u00fcm \u00f6nerileri sundu.\u00a0 \u200bHaberin Al\u0131nt\u0131land\u0131\u011f\u0131 Kaynak: www.iskenderun.org<\/p>","protected":false},"author":0,"featured_media":0,"comment_status":"open","ping_status":"open","sticky":false,"template":"","format":"standard","meta":{"_acf_changed":false,"footnotes":""},"categories":[24,535],"tags":[],"class_list":["post-17783","post","type-post","status-publish","format-standard","has-post-thumbnail","hentry","category-gundem","category-uncategorized-tr"],"acf":[],"yoast_head":"<!-- This site is optimized with the Yoast SEO Premium plugin v26.6 (Yoast SEO v27.1.1) - https:\/\/yoast.com\/product\/yoast-seo-premium-wordpress\/ -->\n<title>Kad\u0131nlar gelecek i\u00e7in iklim krizini masaya yat\u0131rd\u0131 - Av. Deniz Can K\u0131z\u0131l<\/title>\n<meta name=\"robots\" content=\"index, follow, max-snippet:-1, max-image-preview:large, max-video-preview:-1\" \/>\n<link rel=\"canonical\" href=\"https:\/\/denizcankizil.tr\/uk\/haberler\/gundem\/kadinlar-gelecek-icin-iklim-krizini-masaya-yatirdi\/\" \/>\n<meta property=\"og:locale\" content=\"uk_UA\" \/>\n<meta property=\"og:type\" content=\"article\" \/>\n<meta property=\"og:title\" content=\"Kad\u0131nlar gelecek i\u00e7in iklim krizini masaya yat\u0131rd\u0131\" \/>\n<meta property=\"og:description\" content=\"Uluslararas\u0131 \u0130\u015f Kad\u0131nlar\u0131 Derne\u011fi (US\u0130KAD), BM \u0130klim De\u011fi\u015fikli\u011fi Konferans\u0131 kapsam\u0131nda (COP29), iklim krizine kar\u015f\u0131 kad\u0131nlar\u0131n perspektifinden \u00e7\u00f6z\u00fcm \u00f6nerileri sundu. \u200bUluslararas\u0131 \u0130\u015f Kad\u0131nlar\u0131 Derne\u011fi (US\u0130KAD), BM \u0130klim De\u011fi\u015fikli\u011fi Konferans\u0131 kapsam\u0131nda (COP29), iklim krizine kar\u015f\u0131 kad\u0131nlar\u0131n perspektifinden \u00e7\u00f6z\u00fcm \u00f6nerileri sundu.\u00a0 \u200bHaberin Al\u0131nt\u0131land\u0131\u011f\u0131 Kaynak: www.iskenderun.org\" \/>\n<meta property=\"og:url\" content=\"https:\/\/denizcankizil.tr\/uk\/haberler\/gundem\/kadinlar-gelecek-icin-iklim-krizini-masaya-yatirdi\/\" \/>\n<meta property=\"og:site_name\" content=\"Av. Deniz Can K\u0131z\u0131l\" \/>\n<meta property=\"article:published_time\" content=\"2024-11-26T12:42:09+00:00\" \/>\n<meta name=\"twitter:card\" content=\"summary_large_image\" \/>\n<script type=\"application\/ld+json\" class=\"yoast-schema-graph\">{\"@context\":\"https:\/\/schema.org\",\"@graph\":[{\"@type\":\"Article\",\"@id\":\"https:\/\/denizcankizil.tr\/de\/haberler\/gundem\/kadinlar-gelecek-icin-iklim-krizini-masaya-yatirdi\/#article\",\"isPartOf\":{\"@id\":\"https:\/\/denizcankizil.tr\/de\/haberler\/gundem\/kadinlar-gelecek-icin-iklim-krizini-masaya-yatirdi\/\"},\"author\":{\"name\":\"\",\"@id\":\"\"},\"headline\":\"Kad\u0131nlar gelecek i\u00e7in iklim krizini masaya yat\u0131rd\u0131\",\"datePublished\":\"2024-11-26T12:42:09+00:00\",\"mainEntityOfPage\":{\"@id\":\"https:\/\/denizcankizil.tr\/de\/haberler\/gundem\/kadinlar-gelecek-icin-iklim-krizini-masaya-yatirdi\/\"},\"wordCount\":74,\"commentCount\":0,\"publisher\":{\"@id\":\"https:\/\/denizcankizil.tr\/#organization\"},\"articleSection\":[\"G\u00fcndem\",\"Uncategorized\"],\"inLanguage\":\"uk\",\"potentialAction\":[{\"@type\":\"CommentAction\",\"name\":\"Comment\",\"target\":[\"https:\/\/denizcankizil.tr\/de\/haberler\/gundem\/kadinlar-gelecek-icin-iklim-krizini-masaya-yatirdi\/#respond\"]}]},{\"@type\":\"WebPage\",\"@id\":\"https:\/\/denizcankizil.tr\/de\/haberler\/gundem\/kadinlar-gelecek-icin-iklim-krizini-masaya-yatirdi\/\",\"url\":\"https:\/\/denizcankizil.tr\/de\/haberler\/gundem\/kadinlar-gelecek-icin-iklim-krizini-masaya-yatirdi\/\",\"name\":\"Kad\u0131nlar gelecek i\u00e7in iklim krizini masaya yat\u0131rd\u0131 - Av. Deniz Can K\u0131z\u0131l\",\"isPartOf\":{\"@id\":\"https:\/\/denizcankizil.tr\/#website\"},\"datePublished\":\"2024-11-26T12:42:09+00:00\",\"breadcrumb\":{\"@id\":\"https:\/\/denizcankizil.tr\/de\/haberler\/gundem\/kadinlar-gelecek-icin-iklim-krizini-masaya-yatirdi\/#breadcrumb\"},\"inLanguage\":\"uk\",\"potentialAction\":[{\"@type\":\"ReadAction\",\"target\":[\"https:\/\/denizcankizil.tr\/de\/haberler\/gundem\/kadinlar-gelecek-icin-iklim-krizini-masaya-yatirdi\/\"]}]},{\"@type\":\"BreadcrumbList\",\"@id\":\"https:\/\/denizcankizil.tr\/de\/haberler\/gundem\/kadinlar-gelecek-icin-iklim-krizini-masaya-yatirdi\/#breadcrumb\",\"itemListElement\":[{\"@type\":\"ListItem\",\"position\":1,\"name\":\"Home\",\"item\":\"https:\/\/denizcankizil.tr\/de\/\"},{\"@type\":\"ListItem\",\"position\":2,\"name\":\"Kad\u0131nlar gelecek i\u00e7in iklim krizini masaya yat\u0131rd\u0131\"}]},{\"@type\":\"WebSite\",\"@id\":\"https:\/\/denizcankizil.tr\/#website\",\"url\":\"https:\/\/denizcankizil.tr\/\",\"name\":\"Av. Deniz Can K\u0131z\u0131l\",\"description\":\"Avukat Deniz Can K\u0131z\u0131l Antalya Barosu\",\"publisher\":{\"@id\":\"https:\/\/denizcankizil.tr\/#organization\"},\"potentialAction\":[{\"@type\":\"SearchAction\",\"target\":{\"@type\":\"EntryPoint\",\"urlTemplate\":\"https:\/\/denizcankizil.tr\/?s={search_term_string}\"},\"query-input\":{\"@type\":\"PropertyValueSpecification\",\"valueRequired\":true,\"valueName\":\"search_term_string\"}}],\"inLanguage\":\"uk\"},{\"@type\":\"Organization\",\"@id\":\"https:\/\/denizcankizil.tr\/#organization\",\"name\":\"Av. Deniz Can K\u0131z\u0131l\",\"url\":\"https:\/\/denizcankizil.tr\/\",\"logo\":{\"@type\":\"ImageObject\",\"inLanguage\":\"uk\",\"@id\":\"https:\/\/denizcankizil.tr\/#\/schema\/logo\/image\/\",\"url\":\"https:\/\/denizcankizil.tr\/wp-content\/uploads\/2024\/10\/siyah-logo-svg.svg\",\"contentUrl\":\"https:\/\/denizcankizil.tr\/wp-content\/uploads\/2024\/10\/siyah-logo-svg.svg\",\"width\":1080,\"height\":1080,\"caption\":\"Av. Deniz Can K\u0131z\u0131l\"},\"image\":{\"@id\":\"https:\/\/denizcankizil.tr\/#\/schema\/logo\/image\/\"}}]}<\/script>\n<!-- \/ Yoast SEO Premium plugin. -->","yoast_head_json":{"title":"Kad\u0131nlar gelecek i\u00e7in iklim krizini masaya yat\u0131rd\u0131 - Av. Deniz Can K\u0131z\u0131l","robots":{"index":"index","follow":"follow","max-snippet":"max-snippet:-1","max-image-preview":"max-image-preview:large","max-video-preview":"max-video-preview:-1"},"canonical":"https:\/\/denizcankizil.tr\/uk\/haberler\/gundem\/kadinlar-gelecek-icin-iklim-krizini-masaya-yatirdi\/","og_locale":"uk_UA","og_type":"article","og_title":"Kad\u0131nlar gelecek i\u00e7in iklim krizini masaya yat\u0131rd\u0131","og_description":"Uluslararas\u0131 \u0130\u015f Kad\u0131nlar\u0131 Derne\u011fi (US\u0130KAD), BM \u0130klim De\u011fi\u015fikli\u011fi Konferans\u0131 kapsam\u0131nda (COP29), iklim krizine kar\u015f\u0131 kad\u0131nlar\u0131n perspektifinden \u00e7\u00f6z\u00fcm \u00f6nerileri sundu. \u200bUluslararas\u0131 \u0130\u015f Kad\u0131nlar\u0131 Derne\u011fi (US\u0130KAD), BM \u0130klim De\u011fi\u015fikli\u011fi Konferans\u0131 kapsam\u0131nda (COP29), iklim krizine kar\u015f\u0131 kad\u0131nlar\u0131n perspektifinden \u00e7\u00f6z\u00fcm \u00f6nerileri sundu.\u00a0 \u200bHaberin Al\u0131nt\u0131land\u0131\u011f\u0131 Kaynak: www.iskenderun.org","og_url":"https:\/\/denizcankizil.tr\/uk\/haberler\/gundem\/kadinlar-gelecek-icin-iklim-krizini-masaya-yatirdi\/","og_site_name":"Av. Deniz Can K\u0131z\u0131l","article_published_time":"2024-11-26T12:42:09+00:00","twitter_card":"summary_large_image","schema":{"@context":"https:\/\/schema.org","@graph":[{"@type":"Article","@id":"https:\/\/denizcankizil.tr\/de\/haberler\/gundem\/kadinlar-gelecek-icin-iklim-krizini-masaya-yatirdi\/#article","isPartOf":{"@id":"https:\/\/denizcankizil.tr\/de\/haberler\/gundem\/kadinlar-gelecek-icin-iklim-krizini-masaya-yatirdi\/"},"author":{"name":"","@id":""},"headline":"Kad\u0131nlar gelecek i\u00e7in iklim krizini masaya yat\u0131rd\u0131","datePublished":"2024-11-26T12:42:09+00:00","mainEntityOfPage":{"@id":"https:\/\/denizcankizil.tr\/de\/haberler\/gundem\/kadinlar-gelecek-icin-iklim-krizini-masaya-yatirdi\/"},"wordCount":74,"commentCount":0,"publisher":{"@id":"https:\/\/denizcankizil.tr\/#organization"},"articleSection":["G\u00fcndem","Uncategorized"],"inLanguage":"uk","potentialAction":[{"@type":"CommentAction","name":"Comment","target":["https:\/\/denizcankizil.tr\/de\/haberler\/gundem\/kadinlar-gelecek-icin-iklim-krizini-masaya-yatirdi\/#respond"]}]},{"@type":"WebPage","@id":"https:\/\/denizcankizil.tr\/de\/haberler\/gundem\/kadinlar-gelecek-icin-iklim-krizini-masaya-yatirdi\/","url":"https:\/\/denizcankizil.tr\/de\/haberler\/gundem\/kadinlar-gelecek-icin-iklim-krizini-masaya-yatirdi\/","name":"Kad\u0131nlar gelecek i\u00e7in iklim krizini masaya yat\u0131rd\u0131 - Av. Deniz Can K\u0131z\u0131l","isPartOf":{"@id":"https:\/\/denizcankizil.tr\/#website"},"datePublished":"2024-11-26T12:42:09+00:00","breadcrumb":{"@id":"https:\/\/denizcankizil.tr\/de\/haberler\/gundem\/kadinlar-gelecek-icin-iklim-krizini-masaya-yatirdi\/#breadcrumb"},"inLanguage":"uk","potentialAction":[{"@type":"ReadAction","target":["https:\/\/denizcankizil.tr\/de\/haberler\/gundem\/kadinlar-gelecek-icin-iklim-krizini-masaya-yatirdi\/"]}]},{"@type":"BreadcrumbList","@id":"https:\/\/denizcankizil.tr\/de\/haberler\/gundem\/kadinlar-gelecek-icin-iklim-krizini-masaya-yatirdi\/#breadcrumb","itemListElement":[{"@type":"ListItem","position":1,"name":"Home","item":"https:\/\/denizcankizil.tr\/de\/"},{"@type":"ListItem","position":2,"name":"Kad\u0131nlar gelecek i\u00e7in iklim krizini masaya yat\u0131rd\u0131"}]},{"@type":"WebSite","@id":"https:\/\/denizcankizil.tr\/#website","url":"https:\/\/denizcankizil.tr\/","name":"Av. Deniz Can K\u0131z\u0131l","description":"Avukat Deniz Can K\u0131z\u0131l Antalya Barosu","publisher":{"@id":"https:\/\/denizcankizil.tr\/#organization"},"potentialAction":[{"@type":"SearchAction","target":{"@type":"EntryPoint","urlTemplate":"https:\/\/denizcankizil.tr\/?s={search_term_string}"},"query-input":{"@type":"PropertyValueSpecification","valueRequired":true,"valueName":"search_term_string"}}],"inLanguage":"uk"},{"@type":"Organization","@id":"https:\/\/denizcankizil.tr\/#organization","name":"Av. Deniz Can K\u0131z\u0131l","url":"https:\/\/denizcankizil.tr\/","logo":{"@type":"ImageObject","inLanguage":"uk","@id":"https:\/\/denizcankizil.tr\/#\/schema\/logo\/image\/","url":"https:\/\/denizcankizil.tr\/wp-content\/uploads\/2024\/10\/siyah-logo-svg.svg","contentUrl":"https:\/\/denizcankizil.tr\/wp-content\/uploads\/2024\/10\/siyah-logo-svg.svg","width":1080,"height":1080,"caption":"Av. Deniz Can K\u0131z\u0131l"},"image":{"@id":"https:\/\/denizcankizil.tr\/#\/schema\/logo\/image\/"}}]}},"_links":{"self":[{"href":"https:\/\/denizcankizil.tr\/uk\/wp-json\/wp\/v2\/posts\/17783","targetHints":{"allow":["GET"]}}],"collection":[{"href":"https:\/\/denizcankizil.tr\/uk\/wp-json\/wp\/v2\/posts"}],"about":[{"href":"https:\/\/denizcankizil.tr\/uk\/wp-json\/wp\/v2\/types\/post"}],"replies":[{"embeddable":true,"href":"https:\/\/denizcankizil.tr\/uk\/wp-json\/wp\/v2\/comments?post=17783"}],"version-history":[{"count":0,"href":"https:\/\/denizcankizil.tr\/uk\/wp-json\/wp\/v2\/posts\/17783\/revisions"}],"wp:attachment":[{"href":"https:\/\/denizcankizil.tr\/uk\/wp-json\/wp\/v2\/media?parent=17783"}],"wp:term":[{"taxonomy":"category","embeddable":true,"href":"https:\/\/denizcankizil.tr\/uk\/wp-json\/wp\/v2\/categories?post=17783"},{"taxonomy":"post_tag","embeddable":true,"href":"https:\/\/denizcankizil.tr\/uk\/wp-json\/wp\/v2\/tags?post=17783"}],"curies":[{"name":"wp","href":"https:\/\/api.w.org\/{rel}","templated":true}]}}