{"id":17683,"date":"2024-11-26T10:41:38","date_gmt":"2024-11-26T07:41:38","guid":{"rendered":"https:\/\/denizcankizil.tr\/uncategorized-tr\/duzce-melen-koprusunde-feci-son-1-olu\/"},"modified":"2024-11-26T10:41:38","modified_gmt":"2024-11-26T07:41:38","slug":"duzce-melen-koprusunde-feci-son-1-olu","status":"publish","type":"post","link":"https:\/\/denizcankizil.tr\/uk\/haberler\/gundem\/duzce-melen-koprusunde-feci-son-1-olu\/","title":{"rendered":"D\u00fczce Melen K\u00f6pr\u00fcs\u00fc&#8217;nde feci son! 1 \u00f6l\u00fc"},"content":{"rendered":"<p>D\u00fczce&#8217;de D-100 karayolunda seyir halindeki midib\u00fcs, Melen K\u00f6pr\u00fcs\u00fc \u00fczerinde bir yayaya \u00e7arpt\u0131.  \u00c7arpman\u0131n etkisiyle bir ki\u015fi olay yerinde ya\u015fam\u0131n\u0131 yitirdi.Sefer DEM\u0130R \/ D\u00dcZCE (\u0130GFA) &#8211;\u00a0 Al\u0131nan bilgiye g\u00f6re D-100 karayolu D\u00fczce istikametinde seyreden \u00d6.E. y\u00f6netimindeki 81 ACE 526 plakal\u0131 midib\u00fcs, Melen K\u00f6pr\u00fcs\u00fc \u00fczerinde yaya olan Samet Eker&#8217;e \u00e7arpt\u0131.<br \/>\nS\u00fcr\u00fcc\u00fclerin ihbar\u0131 \u00fczerine kaza yerine polis ve sa\u011fl\u0131k ekipleri sevk edildi.<br \/>\nSa\u011fl\u0131k ekiplerince yap\u0131lan incelemede Eker&#8217;in hayat\u0131n\u0131 kaybetti\u011fi belirlendi.<br \/>\nB\u00f6lgeye gelen savc\u0131n\u0131n incelemesinin ard\u0131ndan Eker&#8217;in cans\u0131z bedeni, D\u00fczce \u00dcniversitesi T\u0131p Fak\u00fcltesi E\u011fitim Ara\u015ft\u0131rma ve Uygulama Hastanesi morguna kald\u0131r\u0131ld\u0131.<\/p>\n<p>\u200bD\u00fczce&#8217;de D-100 karayolunda seyir halindeki midib\u00fcs, Melen K\u00f6pr\u00fcs\u00fc \u00fczerinde bir yayaya \u00e7arpt\u0131   \u00c7arpman\u0131n etkisiyle bir ki\u015fi olay yerinde ya\u015fam\u0131n\u0131 yitirdi\u00a0<\/p>\n<p>\u200bHaberin Al\u0131nt\u0131land\u0131\u011f\u0131 Kaynak: www.iskenderun.org<\/p>","protected":false},"excerpt":{"rendered":"<p>D\u00fczce&#8217;de D-100 karayolunda seyir halindeki midib\u00fcs, Melen K\u00f6pr\u00fcs\u00fc \u00fczerinde bir yayaya \u00e7arpt\u0131. \u00c7arpman\u0131n etkisiyle bir ki\u015fi olay yerinde ya\u015fam\u0131n\u0131 yitirdi.Sefer DEM\u0130R \/ D\u00dcZCE (\u0130GFA) &#8211;\u00a0 Al\u0131nan bilgiye g\u00f6re D-100 karayolu D\u00fczce istikametinde seyreden \u00d6.E. y\u00f6netimindeki 81 ACE 526 plakal\u0131 midib\u00fcs, Melen K\u00f6pr\u00fcs\u00fc \u00fczerinde yaya olan Samet Eker&#8217;e \u00e7arpt\u0131. S\u00fcr\u00fcc\u00fclerin ihbar\u0131 \u00fczerine kaza yerine polis ve sa\u011fl\u0131k ekipleri sevk edildi. Sa\u011fl\u0131k ekiplerince yap\u0131lan incelemede Eker&#8217;in hayat\u0131n\u0131 kaybetti\u011fi belirlendi. B\u00f6lgeye gelen savc\u0131n\u0131n incelemesinin ard\u0131ndan Eker&#8217;in cans\u0131z bedeni, D\u00fczce \u00dcniversitesi T\u0131p Fak\u00fcltesi E\u011fitim Ara\u015ft\u0131rma ve Uygulama Hastanesi morguna kald\u0131r\u0131ld\u0131. \u200bD\u00fczce&#8217;de D-100 karayolunda seyir halindeki midib\u00fcs, Melen K\u00f6pr\u00fcs\u00fc \u00fczerinde bir yayaya \u00e7arpt\u0131 \u00c7arpman\u0131n etkisiyle bir ki\u015fi olay yerinde ya\u015fam\u0131n\u0131 yitirdi\u00a0 \u200bHaberin Al\u0131nt\u0131land\u0131\u011f\u0131 Kaynak: www.iskenderun.org<\/p>","protected":false},"author":0,"featured_media":0,"comment_status":"open","ping_status":"open","sticky":false,"template":"","format":"standard","meta":{"_acf_changed":false,"footnotes":""},"categories":[24,535],"tags":[],"class_list":["post-17683","post","type-post","status-publish","format-standard","has-post-thumbnail","hentry","category-gundem","category-uncategorized-tr"],"acf":[],"yoast_head":"<!-- This site is optimized with the Yoast SEO Premium plugin v26.6 (Yoast SEO v27.1.1) - https:\/\/yoast.com\/product\/yoast-seo-premium-wordpress\/ -->\n<title>D\u00fczce Melen K\u00f6pr\u00fcs\u00fc&#039;nde feci son! 1 \u00f6l\u00fc - Av. Deniz Can K\u0131z\u0131l<\/title>\n<meta name=\"robots\" content=\"index, follow, max-snippet:-1, max-image-preview:large, max-video-preview:-1\" \/>\n<link rel=\"canonical\" href=\"https:\/\/denizcankizil.tr\/uk\/haberler\/gundem\/duzce-melen-koprusunde-feci-son-1-olu\/\" \/>\n<meta property=\"og:locale\" content=\"uk_UA\" \/>\n<meta property=\"og:type\" content=\"article\" \/>\n<meta property=\"og:title\" content=\"D\u00fczce Melen K\u00f6pr\u00fcs\u00fc&#039;nde feci son! 1 \u00f6l\u00fc\" \/>\n<meta property=\"og:description\" content=\"D\u00fczce&#8217;de D-100 karayolunda seyir halindeki midib\u00fcs, Melen K\u00f6pr\u00fcs\u00fc \u00fczerinde bir yayaya \u00e7arpt\u0131. \u00c7arpman\u0131n etkisiyle bir ki\u015fi olay yerinde ya\u015fam\u0131n\u0131 yitirdi.Sefer DEM\u0130R \/ D\u00dcZCE (\u0130GFA) &#8211;\u00a0 Al\u0131nan bilgiye g\u00f6re D-100 karayolu D\u00fczce istikametinde seyreden \u00d6.E. y\u00f6netimindeki 81 ACE 526 plakal\u0131 midib\u00fcs, Melen K\u00f6pr\u00fcs\u00fc \u00fczerinde yaya olan Samet Eker&#8217;e \u00e7arpt\u0131. S\u00fcr\u00fcc\u00fclerin ihbar\u0131 \u00fczerine kaza yerine polis ve sa\u011fl\u0131k ekipleri sevk edildi. Sa\u011fl\u0131k ekiplerince yap\u0131lan incelemede Eker&#8217;in hayat\u0131n\u0131 kaybetti\u011fi belirlendi. B\u00f6lgeye gelen savc\u0131n\u0131n incelemesinin ard\u0131ndan Eker&#8217;in cans\u0131z bedeni, D\u00fczce \u00dcniversitesi T\u0131p Fak\u00fcltesi E\u011fitim Ara\u015ft\u0131rma ve Uygulama Hastanesi morguna kald\u0131r\u0131ld\u0131. \u200bD\u00fczce&#8217;de D-100 karayolunda seyir halindeki midib\u00fcs, Melen K\u00f6pr\u00fcs\u00fc \u00fczerinde bir yayaya \u00e7arpt\u0131 \u00c7arpman\u0131n etkisiyle bir ki\u015fi olay yerinde ya\u015fam\u0131n\u0131 yitirdi\u00a0 \u200bHaberin Al\u0131nt\u0131land\u0131\u011f\u0131 Kaynak: www.iskenderun.org\" \/>\n<meta property=\"og:url\" content=\"https:\/\/denizcankizil.tr\/uk\/haberler\/gundem\/duzce-melen-koprusunde-feci-son-1-olu\/\" \/>\n<meta property=\"og:site_name\" content=\"Av. Deniz Can K\u0131z\u0131l\" \/>\n<meta property=\"article:published_time\" content=\"2024-11-26T07:41:38+00:00\" \/>\n<meta name=\"twitter:card\" content=\"summary_large_image\" \/>\n<meta name=\"twitter:label1\" content=\"\u041f\u0440\u0438\u0431\u043b. \u0447\u0430\u0441 \u0447\u0438\u0442\u0430\u043d\u043d\u044f\" \/>\n\t<meta name=\"twitter:data1\" content=\"1 \u0445\u0432\u0438\u043b\u0438\u043d\u0430\" \/>\n<script type=\"application\/ld+json\" class=\"yoast-schema-graph\">{\"@context\":\"https:\/\/schema.org\",\"@graph\":[{\"@type\":\"Article\",\"@id\":\"https:\/\/denizcankizil.tr\/uk\/haberler\/gundem\/duzce-melen-koprusunde-feci-son-1-olu\/#article\",\"isPartOf\":{\"@id\":\"https:\/\/denizcankizil.tr\/uk\/haberler\/gundem\/duzce-melen-koprusunde-feci-son-1-olu\/\"},\"author\":{\"name\":\"\",\"@id\":\"\"},\"headline\":\"D\u00fczce Melen K\u00f6pr\u00fcs\u00fc&#8217;nde feci son! 1 \u00f6l\u00fc\",\"datePublished\":\"2024-11-26T07:41:38+00:00\",\"mainEntityOfPage\":{\"@id\":\"https:\/\/denizcankizil.tr\/uk\/haberler\/gundem\/duzce-melen-koprusunde-feci-son-1-olu\/\"},\"wordCount\":175,\"commentCount\":0,\"publisher\":{\"@id\":\"https:\/\/denizcankizil.tr\/#organization\"},\"articleSection\":[\"G\u00fcndem\",\"Uncategorized\"],\"inLanguage\":\"uk\",\"potentialAction\":[{\"@type\":\"CommentAction\",\"name\":\"Comment\",\"target\":[\"https:\/\/denizcankizil.tr\/uk\/haberler\/gundem\/duzce-melen-koprusunde-feci-son-1-olu\/#respond\"]}]},{\"@type\":\"WebPage\",\"@id\":\"https:\/\/denizcankizil.tr\/uk\/haberler\/gundem\/duzce-melen-koprusunde-feci-son-1-olu\/\",\"url\":\"https:\/\/denizcankizil.tr\/uk\/haberler\/gundem\/duzce-melen-koprusunde-feci-son-1-olu\/\",\"name\":\"D\u00fczce Melen K\u00f6pr\u00fcs\u00fc'nde feci son! 1 \u00f6l\u00fc - Av. Deniz Can K\u0131z\u0131l\",\"isPartOf\":{\"@id\":\"https:\/\/denizcankizil.tr\/#website\"},\"datePublished\":\"2024-11-26T07:41:38+00:00\",\"breadcrumb\":{\"@id\":\"https:\/\/denizcankizil.tr\/uk\/haberler\/gundem\/duzce-melen-koprusunde-feci-son-1-olu\/#breadcrumb\"},\"inLanguage\":\"uk\",\"potentialAction\":[{\"@type\":\"ReadAction\",\"target\":[\"https:\/\/denizcankizil.tr\/uk\/haberler\/gundem\/duzce-melen-koprusunde-feci-son-1-olu\/\"]}]},{\"@type\":\"BreadcrumbList\",\"@id\":\"https:\/\/denizcankizil.tr\/uk\/haberler\/gundem\/duzce-melen-koprusunde-feci-son-1-olu\/#breadcrumb\",\"itemListElement\":[{\"@type\":\"ListItem\",\"position\":1,\"name\":\"Home\",\"item\":\"https:\/\/denizcankizil.tr\/de\/\"},{\"@type\":\"ListItem\",\"position\":2,\"name\":\"D\u00fczce Melen K\u00f6pr\u00fcs\u00fc&#8217;nde feci son! 1 \u00f6l\u00fc\"}]},{\"@type\":\"WebSite\",\"@id\":\"https:\/\/denizcankizil.tr\/#website\",\"url\":\"https:\/\/denizcankizil.tr\/\",\"name\":\"Av. Deniz Can K\u0131z\u0131l\",\"description\":\"Avukat Deniz Can K\u0131z\u0131l Antalya Barosu\",\"publisher\":{\"@id\":\"https:\/\/denizcankizil.tr\/#organization\"},\"potentialAction\":[{\"@type\":\"SearchAction\",\"target\":{\"@type\":\"EntryPoint\",\"urlTemplate\":\"https:\/\/denizcankizil.tr\/?s={search_term_string}\"},\"query-input\":{\"@type\":\"PropertyValueSpecification\",\"valueRequired\":true,\"valueName\":\"search_term_string\"}}],\"inLanguage\":\"uk\"},{\"@type\":\"Organization\",\"@id\":\"https:\/\/denizcankizil.tr\/#organization\",\"name\":\"Av. Deniz Can K\u0131z\u0131l\",\"url\":\"https:\/\/denizcankizil.tr\/\",\"logo\":{\"@type\":\"ImageObject\",\"inLanguage\":\"uk\",\"@id\":\"https:\/\/denizcankizil.tr\/#\/schema\/logo\/image\/\",\"url\":\"https:\/\/denizcankizil.tr\/wp-content\/uploads\/2024\/10\/siyah-logo-svg.svg\",\"contentUrl\":\"https:\/\/denizcankizil.tr\/wp-content\/uploads\/2024\/10\/siyah-logo-svg.svg\",\"width\":1080,\"height\":1080,\"caption\":\"Av. Deniz Can K\u0131z\u0131l\"},\"image\":{\"@id\":\"https:\/\/denizcankizil.tr\/#\/schema\/logo\/image\/\"}}]}<\/script>\n<!-- \/ Yoast SEO Premium plugin. -->","yoast_head_json":{"title":"D\u00fczce Melen K\u00f6pr\u00fcs\u00fc'nde feci son! 1 \u00f6l\u00fc - Av. Deniz Can K\u0131z\u0131l","robots":{"index":"index","follow":"follow","max-snippet":"max-snippet:-1","max-image-preview":"max-image-preview:large","max-video-preview":"max-video-preview:-1"},"canonical":"https:\/\/denizcankizil.tr\/uk\/haberler\/gundem\/duzce-melen-koprusunde-feci-son-1-olu\/","og_locale":"uk_UA","og_type":"article","og_title":"D\u00fczce Melen K\u00f6pr\u00fcs\u00fc'nde feci son! 1 \u00f6l\u00fc","og_description":"D\u00fczce&#8217;de D-100 karayolunda seyir halindeki midib\u00fcs, Melen K\u00f6pr\u00fcs\u00fc \u00fczerinde bir yayaya \u00e7arpt\u0131. \u00c7arpman\u0131n etkisiyle bir ki\u015fi olay yerinde ya\u015fam\u0131n\u0131 yitirdi.Sefer DEM\u0130R \/ D\u00dcZCE (\u0130GFA) &#8211;\u00a0 Al\u0131nan bilgiye g\u00f6re D-100 karayolu D\u00fczce istikametinde seyreden \u00d6.E. y\u00f6netimindeki 81 ACE 526 plakal\u0131 midib\u00fcs, Melen K\u00f6pr\u00fcs\u00fc \u00fczerinde yaya olan Samet Eker&#8217;e \u00e7arpt\u0131. S\u00fcr\u00fcc\u00fclerin ihbar\u0131 \u00fczerine kaza yerine polis ve sa\u011fl\u0131k ekipleri sevk edildi. Sa\u011fl\u0131k ekiplerince yap\u0131lan incelemede Eker&#8217;in hayat\u0131n\u0131 kaybetti\u011fi belirlendi. B\u00f6lgeye gelen savc\u0131n\u0131n incelemesinin ard\u0131ndan Eker&#8217;in cans\u0131z bedeni, D\u00fczce \u00dcniversitesi T\u0131p Fak\u00fcltesi E\u011fitim Ara\u015ft\u0131rma ve Uygulama Hastanesi morguna kald\u0131r\u0131ld\u0131. \u200bD\u00fczce&#8217;de D-100 karayolunda seyir halindeki midib\u00fcs, Melen K\u00f6pr\u00fcs\u00fc \u00fczerinde bir yayaya \u00e7arpt\u0131 \u00c7arpman\u0131n etkisiyle bir ki\u015fi olay yerinde ya\u015fam\u0131n\u0131 yitirdi\u00a0 \u200bHaberin Al\u0131nt\u0131land\u0131\u011f\u0131 Kaynak: www.iskenderun.org","og_url":"https:\/\/denizcankizil.tr\/uk\/haberler\/gundem\/duzce-melen-koprusunde-feci-son-1-olu\/","og_site_name":"Av. Deniz Can K\u0131z\u0131l","article_published_time":"2024-11-26T07:41:38+00:00","twitter_card":"summary_large_image","twitter_misc":{"\u041f\u0440\u0438\u0431\u043b. \u0447\u0430\u0441 \u0447\u0438\u0442\u0430\u043d\u043d\u044f":"1 \u0445\u0432\u0438\u043b\u0438\u043d\u0430"},"schema":{"@context":"https:\/\/schema.org","@graph":[{"@type":"Article","@id":"https:\/\/denizcankizil.tr\/uk\/haberler\/gundem\/duzce-melen-koprusunde-feci-son-1-olu\/#article","isPartOf":{"@id":"https:\/\/denizcankizil.tr\/uk\/haberler\/gundem\/duzce-melen-koprusunde-feci-son-1-olu\/"},"author":{"name":"","@id":""},"headline":"D\u00fczce Melen K\u00f6pr\u00fcs\u00fc&#8217;nde feci son! 1 \u00f6l\u00fc","datePublished":"2024-11-26T07:41:38+00:00","mainEntityOfPage":{"@id":"https:\/\/denizcankizil.tr\/uk\/haberler\/gundem\/duzce-melen-koprusunde-feci-son-1-olu\/"},"wordCount":175,"commentCount":0,"publisher":{"@id":"https:\/\/denizcankizil.tr\/#organization"},"articleSection":["G\u00fcndem","Uncategorized"],"inLanguage":"uk","potentialAction":[{"@type":"CommentAction","name":"Comment","target":["https:\/\/denizcankizil.tr\/uk\/haberler\/gundem\/duzce-melen-koprusunde-feci-son-1-olu\/#respond"]}]},{"@type":"WebPage","@id":"https:\/\/denizcankizil.tr\/uk\/haberler\/gundem\/duzce-melen-koprusunde-feci-son-1-olu\/","url":"https:\/\/denizcankizil.tr\/uk\/haberler\/gundem\/duzce-melen-koprusunde-feci-son-1-olu\/","name":"D\u00fczce Melen K\u00f6pr\u00fcs\u00fc'nde feci son! 1 \u00f6l\u00fc - Av. Deniz Can K\u0131z\u0131l","isPartOf":{"@id":"https:\/\/denizcankizil.tr\/#website"},"datePublished":"2024-11-26T07:41:38+00:00","breadcrumb":{"@id":"https:\/\/denizcankizil.tr\/uk\/haberler\/gundem\/duzce-melen-koprusunde-feci-son-1-olu\/#breadcrumb"},"inLanguage":"uk","potentialAction":[{"@type":"ReadAction","target":["https:\/\/denizcankizil.tr\/uk\/haberler\/gundem\/duzce-melen-koprusunde-feci-son-1-olu\/"]}]},{"@type":"BreadcrumbList","@id":"https:\/\/denizcankizil.tr\/uk\/haberler\/gundem\/duzce-melen-koprusunde-feci-son-1-olu\/#breadcrumb","itemListElement":[{"@type":"ListItem","position":1,"name":"Home","item":"https:\/\/denizcankizil.tr\/de\/"},{"@type":"ListItem","position":2,"name":"D\u00fczce Melen K\u00f6pr\u00fcs\u00fc&#8217;nde feci son! 1 \u00f6l\u00fc"}]},{"@type":"WebSite","@id":"https:\/\/denizcankizil.tr\/#website","url":"https:\/\/denizcankizil.tr\/","name":"Av. Deniz Can K\u0131z\u0131l","description":"Avukat Deniz Can K\u0131z\u0131l Antalya Barosu","publisher":{"@id":"https:\/\/denizcankizil.tr\/#organization"},"potentialAction":[{"@type":"SearchAction","target":{"@type":"EntryPoint","urlTemplate":"https:\/\/denizcankizil.tr\/?s={search_term_string}"},"query-input":{"@type":"PropertyValueSpecification","valueRequired":true,"valueName":"search_term_string"}}],"inLanguage":"uk"},{"@type":"Organization","@id":"https:\/\/denizcankizil.tr\/#organization","name":"Av. Deniz Can K\u0131z\u0131l","url":"https:\/\/denizcankizil.tr\/","logo":{"@type":"ImageObject","inLanguage":"uk","@id":"https:\/\/denizcankizil.tr\/#\/schema\/logo\/image\/","url":"https:\/\/denizcankizil.tr\/wp-content\/uploads\/2024\/10\/siyah-logo-svg.svg","contentUrl":"https:\/\/denizcankizil.tr\/wp-content\/uploads\/2024\/10\/siyah-logo-svg.svg","width":1080,"height":1080,"caption":"Av. Deniz Can K\u0131z\u0131l"},"image":{"@id":"https:\/\/denizcankizil.tr\/#\/schema\/logo\/image\/"}}]}},"_links":{"self":[{"href":"https:\/\/denizcankizil.tr\/uk\/wp-json\/wp\/v2\/posts\/17683","targetHints":{"allow":["GET"]}}],"collection":[{"href":"https:\/\/denizcankizil.tr\/uk\/wp-json\/wp\/v2\/posts"}],"about":[{"href":"https:\/\/denizcankizil.tr\/uk\/wp-json\/wp\/v2\/types\/post"}],"replies":[{"embeddable":true,"href":"https:\/\/denizcankizil.tr\/uk\/wp-json\/wp\/v2\/comments?post=17683"}],"version-history":[{"count":0,"href":"https:\/\/denizcankizil.tr\/uk\/wp-json\/wp\/v2\/posts\/17683\/revisions"}],"wp:attachment":[{"href":"https:\/\/denizcankizil.tr\/uk\/wp-json\/wp\/v2\/media?parent=17683"}],"wp:term":[{"taxonomy":"category","embeddable":true,"href":"https:\/\/denizcankizil.tr\/uk\/wp-json\/wp\/v2\/categories?post=17683"},{"taxonomy":"post_tag","embeddable":true,"href":"https:\/\/denizcankizil.tr\/uk\/wp-json\/wp\/v2\/tags?post=17683"}],"curies":[{"name":"wp","href":"https:\/\/api.w.org\/{rel}","templated":true}]}}