{"id":1768,"date":"2024-10-07T06:38:00","date_gmt":"2024-10-07T06:38:00","guid":{"rendered":"https:\/\/denizcankizil.tr\/uncategorized\/sakarya-barosunun-yeni-baskani-avukat-musa-adiyaman-oldu\/"},"modified":"2024-10-07T06:38:00","modified_gmt":"2024-10-07T06:38:00","slug":"sakarya-barosunun-yeni-baskani-avukat-musa-adiyaman-oldu","status":"publish","type":"post","link":"https:\/\/denizcankizil.tr\/uk\/hukukihaber\/sakarya-barosunun-yeni-baskani-avukat-musa-adiyaman-oldu\/","title":{"rendered":"Sakarya Barosu&#8217;nun yeni Ba\u015fkan\u0131 avukat Musa Ad\u0131yaman oldu"},"content":{"rendered":"<p>T\u00f6ren sonras\u0131 vefat eden avukatlar; Nadir Latif \u0130slam, \u0130srafil Kaya, Sadettin Bilgin, \u0130smail G\u00f6rg\u00fcl\u00fc, Yunus Emre Baki, Yusuf Topalo\u011flu, Bedri Ayta\u00e7, \u00d6zdemir Apayd\u0131n ve Fatma Nedret Karaku\u015f i\u00e7in Atat\u00fcrk An\u0131t\u0131\u2019na k\u0131rm\u0131z\u0131 g\u00fcl b\u0131rak\u0131ld\u0131.<\/p>\n<p>Genel Kurulun birinci g\u00fcn\u00fcnde divan ba\u015fkan\u0131 ve \u00fcyeleri se\u00e7ilerek g\u00fcndem maddeleri g\u00f6r\u00fc\u015f\u00fcld\u00fc. \u0130kinci g\u00fcnde ise baro ba\u015fkanl\u0131\u011f\u0131,\u00a0y\u00f6netim kurulu, denetleme kurulu, disiplin kurulu ve T\u00fcrkiye Barolar Birli\u011fi delege se\u00e7imleri yap\u0131ld\u0131.<\/p>\n<p>902 oy alan Av. Musa Ad\u0131yaman, Sakarya Barosu\u2019nun yeni Ba\u015fkan\u0131 se\u00e7ildi. Ad\u0131yaman, se\u00e7ime tek aday olarak girdi. Se\u00e7imde toplam 1002 ki\u015fi oy kulland\u0131.<\/p>\n<p>Genel kurulda a\u00e7\u0131klamalar bulunan Ba\u015fkan Ad\u0131yaman, \u201cCumhuriyetimizin kurulu\u015f felsefesine ve kurucu de\u011ferlerine uygun olarak, hukukun \u00fcst\u00fcnl\u00fc\u011f\u00fcn\u00fc savunma ve insan haklar\u0131n\u0131 koruma \u00f6devi ile 1954 y\u0131l\u0131ndan bu yana faaliyetini s\u00fcrd\u00fcren baromuzun 56. Ola\u011fan Genel Kurulunun hay\u0131rl\u0131 olmas\u0131n\u0131 diliyor, hepinize ho\u015f geldiniz diyorum.<\/p>\n<p>\u00d6ncelikle, y\u0131llar i\u00e7erisinde baromuz i\u00e7in birlikte \u00e7al\u0131\u015fmaktan b\u00fcy\u00fck onur duydu\u011fum komisyon ve merkezlerde g\u00f6revli arkada\u015flar\u0131m ile; \u00e7al\u0131\u015fmalar\u0131m\u0131z esnas\u0131nda her t\u00fcrl\u00fc kolayl\u0131\u011f\u0131 sa\u011flayan, desteklerini hi\u00e7bir zaman esirgemeyen baro ba\u015fkan\u0131m\u0131z, \u00f6nceki d\u00f6nem baro ba\u015fkanlar\u0131m\u0131z ve y\u00f6netim kurullar\u0131m\u0131za te\u015fekk\u00fcr ediyorum. Baromuzda, bug\u00fcne kadar avukatl\u0131k mesle\u011finin ruhuna uygun \u015fekilde, mesle\u011fimizin onuru ve itibar\u0131 i\u00e7in emek harcayarak dayan\u0131\u015fma ve yard\u0131mla\u015fmadan ka\u00e7\u0131nmam\u0131\u015f t\u00fcm meslekta\u015flar\u0131ma, sayg\u0131 ve \u015f\u00fckranlar\u0131m\u0131 sunuyorum.<\/p>\n<p>K\u0131ymetli meslekta\u015flar\u0131m, meslek hayat\u0131m boyunca G\u00fc\u00e7l\u00fc baro, g\u00fc\u00e7l\u00fc avukat d\u00fcsturuna y\u00fcrekten inand\u0131m. Hem mesleki faaliyetlerimde hem baro \u00e7al\u0131\u015fmalar\u0131mda hep bu inanc\u0131n \u0131\u015f\u0131\u011f\u0131nda hareket etmeye \u00e7al\u0131\u015ft\u0131m. Bug\u00fcne dek baromuz b\u00fcnyesinde \u00e7e\u015fitli organlarda s\u00fcrd\u00fcrd\u00fc\u011f\u00fcm \u00e7al\u0131\u015fmalar\u0131m\u0131n yan\u0131 s\u0131ra, yakla\u015f\u0131k 8 y\u0131l kadar Staj E\u011fitim Merkezi Ba\u015fkanl\u0131\u011f\u0131 g\u00f6revini baromuzun prestijine ve kurumsal geleneklerine uygun olacak \u015fekilde y\u00fcr\u00fctmeye \u00e7abalad\u0131m.\u00a0<\/p>\n<p>2001 y\u0131l\u0131nda tan\u0131\u015ft\u0131\u011f\u0131m Sakarya Barosu\u2019nun bir ferdi olmaktan her zaman onur duydum. Meslek hayat\u0131mda edindi\u011fim bilgi, birikim ve tecr\u00fcbemi kullanarak her platformda meslekta\u015flar\u0131m\u0131n sesi olmak istedim. Mesle\u011fimizin ve \u00f6zellikle gen\u00e7 meslekta\u015flar\u0131m\u0131z\u0131n sorunlar\u0131na hakk\u0131yla dikkat \u00e7ekerek bu konularda da esasl\u0131 ve kal\u0131c\u0131 \u00e7\u00f6z\u00fcmler \u00fcretebilmek ad\u0131na Sakarya Barosu Ba\u015fkanl\u0131\u011f\u0131\u2019na aday olmaya karar verdim.<\/p>\n<p>Bu do\u011frultuda adayl\u0131\u011f\u0131m s\u00fcresince t\u00fcm meslekta\u015flar\u0131mla y\u00fcz y\u00fcze g\u00f6r\u00fc\u015fmek, konu\u015fmak ve fikir al\u0131\u015fveri\u015finde bulunmak istedim. Ortak ak\u0131l motivasyonuyla yakla\u015f\u0131k on be\u015f ay boyunca ger\u00e7ekle\u015ftirdi\u011fim ziyaret ve g\u00f6r\u00fc\u015fmelerde meslekta\u015fl\u0131klar\u0131mla dertle\u015ftim, fikir al\u0131\u015fveri\u015finde bulundum. T\u00fcm g\u00f6r\u00fc\u015fmelerimizi ana hatlar\u0131yla notlad\u0131m. Meslekta\u015flar\u0131m\u0131n g\u00f6r\u00fc\u015f, ele\u015ftiri ve sorunlar\u0131n \u00e7\u00f6z\u00fcmlerine dair d\u00fc\u015f\u00fcncelerini dikkatle dinleyerek \u00f6zg\u00fcn bir ajanda, bir yol haritas\u0131 olu\u015fturmaya gayret ettim.\u00a0 Bu s\u00fcre\u00e7te bana zaman ay\u0131ran, benimle d\u00fc\u015f\u00fcncelerini payla\u015fan, sorunlar\u0131n \u00e7\u00f6z\u00fcm\u00fcne dair \u00f6nerilerde bulunan t\u00fcm meslekta\u015flar\u0131ma da; bana ay\u0131rd\u0131klar\u0131 zaman ve g\u00f6sterdikleri nezaket i\u00e7in ayr\u0131 ayr\u0131 te\u015fekk\u00fcr ediyorum.<\/p>\n<p>De\u011ferli meslekta\u015flar\u0131m, Bizler, yurtta\u015flar\u0131n adalete eri\u015fiminin, hak arama \u00f6zg\u00fcrl\u00fc\u011f\u00fcn\u00fcn, savunma hakk\u0131n\u0131n ve hukuk devletinin en temel g\u00fcvencesi olan avukatl\u0131k mesle\u011fini ifa ediyoruz. Bireylerin hak ve h\u00fcrriyetlerinin korunmas\u0131nda, haklar\u0131n\u0131n aranmas\u0131nda, onlar\u0131n savunulmas\u0131nda Anayasa ve hukuk \u00e7er\u00e7evesinde \u00e7ok ama \u00e7ok \u00f6nemli bir g\u00f6revi ifa ediyoruz. Daha do\u011frusu ifa etmeye \u00e7abal\u0131yoruz.\u00a0<\/p>\n<p>Nitekim avukatl\u0131k mesle\u011fi, art\u0131k hemen herkesin bildi\u011fi ve ya\u015fad\u0131\u011f\u0131 irili ufakl\u0131 bir\u00e7ok sorun nedeniyle ifa edilemez bir noktaya do\u011fru evrilmektedir. Gelinen a\u015famada savunmaya yap\u0131lan sald\u0131r\u0131lar her ge\u00e7en g\u00fcn \u015fiddetleniyor.\u00a0 Mesleki faaliyet alanlar\u0131 daralt\u0131larak savunma mesle\u011fi bask\u0131 alt\u0131na al\u0131nmaya \u00e7al\u0131\u015f\u0131l\u0131yor. Avukatlar en k\u00fc\u00e7\u00fck f\u0131rsatta duru\u015fma salonlar\u0131ndan kolluk marifetiyle d\u0131\u015far\u0131 at\u0131lmaya \u00e7al\u0131\u015f\u0131l\u0131yor, ko\u015fullar\u0131 mevcut olmasa bile sindirme maksatl\u0131 tutuklamalara maruz b\u0131rak\u0131l\u0131yor. Hatta haciz mahallinde vuruluyor, \u00f6ld\u00fcr\u00fcl\u00fcyor. Mesleki sayg\u0131nl\u0131\u011f\u0131m\u0131z s\u00fcratle zedeleniyor. Var olan meslek onuru ayaklar alt\u0131na al\u0131n\u0131yor. Salt ekonomik sorunlar \u00f6n plana \u00e7\u0131kar\u0131larak mesle\u011fin onur ve sayg\u0131nl\u0131\u011f\u0131 yok ediliyor, avukatl\u0131k mesle\u011fi tamamen yarg\u0131 fonksiyonu d\u0131\u015f\u0131na itilmek isteniyor. K\u0131ymetli meslekta\u015flar\u0131m, Her birimiz farkl\u0131 d\u00fcnya g\u00f6r\u00fc\u015flerine sahibiz. Ancak ideolojik farkl\u0131l\u0131klar\u0131m\u0131z\u0131n hi\u00e7bir \u015fekilde mesleki ba\u011flar\u0131m\u0131z\u0131 zay\u0131flatmamas\u0131 gerekti\u011fini savunuyorum. Aksine bu farkl\u0131l\u0131klar\u0131m\u0131z\u0131 zenginlik olarak g\u00f6r\u00fcp, birlikte hareket etme ve dayan\u0131\u015fma motivasyonumuzu art\u0131rmal\u0131y\u0131z. Evet, Barolar\u0131n, hukukun \u00fcst\u00fcnl\u00fc\u011f\u00fcn\u00fc, insan haklar\u0131n\u0131 koruma ve kollama ba\u015fat g\u00f6revleridir. Ama bununla birlikte barolar\u0131n mesle\u011fin onur ve sayg\u0131nl\u0131\u011f\u0131n\u0131n peki\u015ftirilmesi ad\u0131na problemlerin \u00fczerine \u00f6rg\u00fctl\u00fc bir \u015fekilde e\u011filmesinin de \u00f6ncelikli vazifelerinden oldu\u011funu d\u00fc\u015f\u00fcn\u00fcyorum.<\/p>\n<p>Bu ba\u011flamda, yurtta\u015flar\u0131n savunma hakk\u0131n\u0131n en \u00f6nemli unsuru olan biz avukatlar, savunmaya olan her t\u00fcr sald\u0131r\u0131ya kar\u015f\u0131 koyabilme, dik durabilme, itiraz edebilme g\u00fcc\u00fcm\u00fcz\u00fc sadece ve sadece \u00f6rg\u00fctl\u00fc olmakla kazanabiliriz. Motivasyonunu diri tutan b\u00f6ylesi bir mesleki dayan\u0131\u015fma, meslek onurumuzu ve sayg\u0131nl\u0131\u011f\u0131m\u0131z\u0131 koruyup g\u00fc\u00e7lendirece\u011fi gibi, kronikle\u015fen mesleki sorunlar\u0131n \u00e7\u00f6z\u00fcm\u00fcne de kal\u0131c\u0131 ve esasl\u0131 \u00e7\u00f6z\u00fcmler getirecektir. Buna y\u00fcrekten inan\u0131yorum.<\/p>\n<p>Son olarak Ba\u015fkanl\u0131\u011fa uygun g\u00f6r\u00fclmem halinde genel kurulumuzun iradesiyle y\u00f6netim kurulu ve di\u011fer organlara se\u00e7ilecek olan t\u00fcm meslekta\u015flar\u0131mla ahenk ve dayan\u0131\u015fma i\u00e7erisinde \u00e7al\u0131\u015faca\u011f\u0131m\u0131 i\u00e7tenlikle ifade etmek isterim\u201d diye konu\u015ftu.<\/p>\n<p>Baro\u2019da se\u00e7ilen di\u011fer kurul \u00fcyeleri ise \u015fu \u015fekilde:<\/p>\n<p>Y\u00f6netim Kurulu \u00dcyeleri: Av. Mert Kele\u015f, Av. Kadir Arslan, Av. Ali Samet \u00d6zkurt, Av. Serdar \u00d6zder, Av. Birke Varol Yoz, Av. Cumali Pehlivan, Av. \u015e\u00fckran Ta\u015fdemir Elbirlik, Av. \u00d6zlem Zengin, Av. Ali Talip \u00c7ankaya ve Av. Elif Erdem D\u00fczg\u00fcn<\/p>\n<p>Denetleme Kurulu \u00dcyeleri: Av. Nursel Girit, Av. Yeliz Ayd\u0131n ve Av. Serkan Y\u0131lmaz<\/p>\n<p>Disiplin Kurulu \u00dcyeleri: Av. Haluk Can, Av. \u00d6zlem Y\u0131lmaz, Umut \u00c7\u0131rpan, Av. Kenan Tuna ve Av. Firdevs Kaman<\/p>\n<p>T\u00fcrkiye Barolar Birli\u011fi delegeleri: Av. \u0130lknur Ebiz Y\u0131ld\u0131z, Av. \u0130smail Alper Altan ve Av. Talha To\u00e7o\u011flu<\/p>\n<p>Se\u00e7imlerin sonu\u00e7lanmas\u0131n\u0131n ard\u0131ndan konu\u015fan Ba\u015fkan Ad\u0131yaman, kurullara ve TBB delegesi olarak se\u00e7ilen t\u00fcm meslekta\u015flar\u0131n\u0131 tebrik etti. Ad\u0131yaman, en iyi ve en verimli \u015fekilde meslekta\u015flar\u0131na hizmet edeceklerini kaydetti.<\/p>\n<p>\u200bSakarya Barosu 56. Se\u00e7imli Ola\u011fan Genel Kurulu Demokrasi Meydan\u0131\u2019ndaki Atat\u00fcrk An\u0131t\u0131&#8217;na \u00e7elenk sunulmas\u0131n\u0131n ard\u0131ndan Orhangazi K\u00fclt\u00fcr Merkezi\u2019nde ger\u00e7ekle\u015ftirildi.\u00a0Hukuki Haber<\/p>","protected":false},"excerpt":{"rendered":"<p>T\u00f6ren sonras\u0131 vefat eden avukatlar; Nadir Latif \u0130slam, \u0130srafil Kaya, Sadettin Bilgin, \u0130smail G\u00f6rg\u00fcl\u00fc, Yunus Emre Baki, Yusuf Topalo\u011flu, Bedri Ayta\u00e7, \u00d6zdemir Apayd\u0131n ve Fatma Nedret Karaku\u015f i\u00e7in Atat\u00fcrk An\u0131t\u0131\u2019na k\u0131rm\u0131z\u0131 g\u00fcl b\u0131rak\u0131ld\u0131. Genel Kurulun birinci g\u00fcn\u00fcnde divan ba\u015fkan\u0131 ve \u00fcyeleri se\u00e7ilerek g\u00fcndem maddeleri g\u00f6r\u00fc\u015f\u00fcld\u00fc. \u0130kinci g\u00fcnde ise baro ba\u015fkanl\u0131\u011f\u0131,\u00a0y\u00f6netim kurulu, denetleme kurulu, disiplin kurulu ve T\u00fcrkiye Barolar Birli\u011fi delege se\u00e7imleri yap\u0131ld\u0131. 902 oy alan Av. Musa Ad\u0131yaman, Sakarya Barosu\u2019nun yeni Ba\u015fkan\u0131 se\u00e7ildi. Ad\u0131yaman, se\u00e7ime tek aday olarak girdi. Se\u00e7imde toplam 1002 ki\u015fi oy kulland\u0131. Genel kurulda a\u00e7\u0131klamalar bulunan Ba\u015fkan Ad\u0131yaman, \u201cCumhuriyetimizin kurulu\u015f felsefesine ve kurucu de\u011ferlerine uygun olarak, hukukun \u00fcst\u00fcnl\u00fc\u011f\u00fcn\u00fc savunma ve insan haklar\u0131n\u0131 koruma \u00f6devi ile 1954 y\u0131l\u0131ndan bu yana faaliyetini s\u00fcrd\u00fcren baromuzun 56. Ola\u011fan Genel Kurulunun hay\u0131rl\u0131 olmas\u0131n\u0131 diliyor, hepinize ho\u015f geldiniz diyorum. \u00d6ncelikle, y\u0131llar i\u00e7erisinde baromuz i\u00e7in birlikte \u00e7al\u0131\u015fmaktan b\u00fcy\u00fck onur duydu\u011fum komisyon ve merkezlerde g\u00f6revli arkada\u015flar\u0131m ile; \u00e7al\u0131\u015fmalar\u0131m\u0131z esnas\u0131nda her t\u00fcrl\u00fc kolayl\u0131\u011f\u0131 sa\u011flayan, desteklerini hi\u00e7bir zaman esirgemeyen baro ba\u015fkan\u0131m\u0131z, \u00f6nceki d\u00f6nem baro ba\u015fkanlar\u0131m\u0131z ve y\u00f6netim kurullar\u0131m\u0131za te\u015fekk\u00fcr ediyorum. Baromuzda, bug\u00fcne kadar avukatl\u0131k mesle\u011finin ruhuna uygun \u015fekilde, mesle\u011fimizin onuru ve itibar\u0131 i\u00e7in emek harcayarak dayan\u0131\u015fma ve yard\u0131mla\u015fmadan ka\u00e7\u0131nmam\u0131\u015f t\u00fcm meslekta\u015flar\u0131ma, sayg\u0131 ve \u015f\u00fckranlar\u0131m\u0131 sunuyorum. K\u0131ymetli meslekta\u015flar\u0131m, meslek hayat\u0131m boyunca G\u00fc\u00e7l\u00fc baro, g\u00fc\u00e7l\u00fc avukat d\u00fcsturuna y\u00fcrekten inand\u0131m. &hellip;<\/p>","protected":false},"author":3,"featured_media":0,"comment_status":"open","ping_status":"open","sticky":false,"template":"","format":"standard","meta":{"_acf_changed":false,"footnotes":""},"categories":[27],"tags":[],"class_list":["post-1768","post","type-post","status-publish","format-standard","has-post-thumbnail","hentry","category-hukukihaber"],"acf":[],"yoast_head":"<!-- This site is optimized with the Yoast SEO Premium plugin v26.6 (Yoast SEO v27.1.1) - https:\/\/yoast.com\/product\/yoast-seo-premium-wordpress\/ -->\n<title>Sakarya Barosu&#039;nun yeni Ba\u015fkan\u0131 avukat Musa Ad\u0131yaman oldu - Av. Deniz Can K\u0131z\u0131l<\/title>\n<meta name=\"robots\" content=\"index, follow, max-snippet:-1, max-image-preview:large, max-video-preview:-1\" \/>\n<link rel=\"canonical\" href=\"https:\/\/denizcankizil.tr\/uk\/hukukihaber\/sakarya-barosunun-yeni-baskani-avukat-musa-adiyaman-oldu\/\" \/>\n<meta property=\"og:locale\" content=\"uk_UA\" \/>\n<meta property=\"og:type\" content=\"article\" \/>\n<meta property=\"og:title\" content=\"Sakarya Barosu&#039;nun yeni Ba\u015fkan\u0131 avukat Musa Ad\u0131yaman oldu\" \/>\n<meta property=\"og:description\" content=\"T\u00f6ren sonras\u0131 vefat eden avukatlar; Nadir Latif \u0130slam, \u0130srafil Kaya, Sadettin Bilgin, \u0130smail G\u00f6rg\u00fcl\u00fc, Yunus Emre Baki, Yusuf Topalo\u011flu, Bedri Ayta\u00e7, \u00d6zdemir Apayd\u0131n ve Fatma Nedret Karaku\u015f i\u00e7in Atat\u00fcrk An\u0131t\u0131\u2019na k\u0131rm\u0131z\u0131 g\u00fcl b\u0131rak\u0131ld\u0131. Genel Kurulun birinci g\u00fcn\u00fcnde divan ba\u015fkan\u0131 ve \u00fcyeleri se\u00e7ilerek g\u00fcndem maddeleri g\u00f6r\u00fc\u015f\u00fcld\u00fc. \u0130kinci g\u00fcnde ise baro ba\u015fkanl\u0131\u011f\u0131,\u00a0y\u00f6netim kurulu, denetleme kurulu, disiplin kurulu ve T\u00fcrkiye Barolar Birli\u011fi delege se\u00e7imleri yap\u0131ld\u0131. 902 oy alan Av. Musa Ad\u0131yaman, Sakarya Barosu\u2019nun yeni Ba\u015fkan\u0131 se\u00e7ildi. Ad\u0131yaman, se\u00e7ime tek aday olarak girdi. Se\u00e7imde toplam 1002 ki\u015fi oy kulland\u0131. Genel kurulda a\u00e7\u0131klamalar bulunan Ba\u015fkan Ad\u0131yaman, \u201cCumhuriyetimizin kurulu\u015f felsefesine ve kurucu de\u011ferlerine uygun olarak, hukukun \u00fcst\u00fcnl\u00fc\u011f\u00fcn\u00fc savunma ve insan haklar\u0131n\u0131 koruma \u00f6devi ile 1954 y\u0131l\u0131ndan bu yana faaliyetini s\u00fcrd\u00fcren baromuzun 56. Ola\u011fan Genel Kurulunun hay\u0131rl\u0131 olmas\u0131n\u0131 diliyor, hepinize ho\u015f geldiniz diyorum. \u00d6ncelikle, y\u0131llar i\u00e7erisinde baromuz i\u00e7in birlikte \u00e7al\u0131\u015fmaktan b\u00fcy\u00fck onur duydu\u011fum komisyon ve merkezlerde g\u00f6revli arkada\u015flar\u0131m ile; \u00e7al\u0131\u015fmalar\u0131m\u0131z esnas\u0131nda her t\u00fcrl\u00fc kolayl\u0131\u011f\u0131 sa\u011flayan, desteklerini hi\u00e7bir zaman esirgemeyen baro ba\u015fkan\u0131m\u0131z, \u00f6nceki d\u00f6nem baro ba\u015fkanlar\u0131m\u0131z ve y\u00f6netim kurullar\u0131m\u0131za te\u015fekk\u00fcr ediyorum. Baromuzda, bug\u00fcne kadar avukatl\u0131k mesle\u011finin ruhuna uygun \u015fekilde, mesle\u011fimizin onuru ve itibar\u0131 i\u00e7in emek harcayarak dayan\u0131\u015fma ve yard\u0131mla\u015fmadan ka\u00e7\u0131nmam\u0131\u015f t\u00fcm meslekta\u015flar\u0131ma, sayg\u0131 ve \u015f\u00fckranlar\u0131m\u0131 sunuyorum. K\u0131ymetli meslekta\u015flar\u0131m, meslek hayat\u0131m boyunca G\u00fc\u00e7l\u00fc baro, g\u00fc\u00e7l\u00fc avukat d\u00fcsturuna y\u00fcrekten inand\u0131m. &hellip;\" \/>\n<meta property=\"og:url\" content=\"https:\/\/denizcankizil.tr\/uk\/hukukihaber\/sakarya-barosunun-yeni-baskani-avukat-musa-adiyaman-oldu\/\" \/>\n<meta property=\"og:site_name\" content=\"Av. Deniz Can K\u0131z\u0131l\" \/>\n<meta property=\"article:published_time\" content=\"2024-10-07T06:38:00+00:00\" \/>\n<meta name=\"author\" content=\"Hukuki Haber.net\" \/>\n<meta name=\"twitter:card\" content=\"summary_large_image\" \/>\n<meta name=\"twitter:label1\" content=\"\u041d\u0430\u043f\u0438\u0441\u0430\u043d\u043e\" \/>\n\t<meta name=\"twitter:data1\" content=\"Hukuki Haber.net\" \/>\n\t<meta name=\"twitter:label2\" content=\"\u041f\u0440\u0438\u0431\u043b. \u0447\u0430\u0441 \u0447\u0438\u0442\u0430\u043d\u043d\u044f\" \/>\n\t<meta name=\"twitter:data2\" content=\"6 \u0445\u0432\u0438\u043b\u0438\u043d\" \/>\n<script type=\"application\/ld+json\" class=\"yoast-schema-graph\">{\"@context\":\"https:\/\/schema.org\",\"@graph\":[{\"@type\":\"Article\",\"@id\":\"https:\/\/denizcankizil.tr\/uk\/hukukihaber\/sakarya-barosunun-yeni-baskani-avukat-musa-adiyaman-oldu\/#article\",\"isPartOf\":{\"@id\":\"https:\/\/denizcankizil.tr\/uk\/hukukihaber\/sakarya-barosunun-yeni-baskani-avukat-musa-adiyaman-oldu\/\"},\"author\":{\"name\":\"Hukuki Haber.net\",\"@id\":\"https:\/\/denizcankizil.tr\/#\/schema\/person\/001a271de994a0aa3f90eea084424822\"},\"headline\":\"Sakarya Barosu&#8217;nun yeni Ba\u015fkan\u0131 avukat Musa Ad\u0131yaman oldu\",\"datePublished\":\"2024-10-07T06:38:00+00:00\",\"mainEntityOfPage\":{\"@id\":\"https:\/\/denizcankizil.tr\/uk\/hukukihaber\/sakarya-barosunun-yeni-baskani-avukat-musa-adiyaman-oldu\/\"},\"wordCount\":1223,\"commentCount\":0,\"publisher\":{\"@id\":\"https:\/\/denizcankizil.tr\/#organization\"},\"articleSection\":[\"Hukuki Haberler\"],\"inLanguage\":\"uk\",\"potentialAction\":[{\"@type\":\"CommentAction\",\"name\":\"Comment\",\"target\":[\"https:\/\/denizcankizil.tr\/uk\/hukukihaber\/sakarya-barosunun-yeni-baskani-avukat-musa-adiyaman-oldu\/#respond\"]}]},{\"@type\":\"WebPage\",\"@id\":\"https:\/\/denizcankizil.tr\/uk\/hukukihaber\/sakarya-barosunun-yeni-baskani-avukat-musa-adiyaman-oldu\/\",\"url\":\"https:\/\/denizcankizil.tr\/uk\/hukukihaber\/sakarya-barosunun-yeni-baskani-avukat-musa-adiyaman-oldu\/\",\"name\":\"Sakarya Barosu'nun yeni Ba\u015fkan\u0131 avukat Musa Ad\u0131yaman oldu - Av. Deniz Can K\u0131z\u0131l\",\"isPartOf\":{\"@id\":\"https:\/\/denizcankizil.tr\/#website\"},\"datePublished\":\"2024-10-07T06:38:00+00:00\",\"breadcrumb\":{\"@id\":\"https:\/\/denizcankizil.tr\/uk\/hukukihaber\/sakarya-barosunun-yeni-baskani-avukat-musa-adiyaman-oldu\/#breadcrumb\"},\"inLanguage\":\"uk\",\"potentialAction\":[{\"@type\":\"ReadAction\",\"target\":[\"https:\/\/denizcankizil.tr\/uk\/hukukihaber\/sakarya-barosunun-yeni-baskani-avukat-musa-adiyaman-oldu\/\"]}]},{\"@type\":\"BreadcrumbList\",\"@id\":\"https:\/\/denizcankizil.tr\/uk\/hukukihaber\/sakarya-barosunun-yeni-baskani-avukat-musa-adiyaman-oldu\/#breadcrumb\",\"itemListElement\":[{\"@type\":\"ListItem\",\"position\":1,\"name\":\"Home\",\"item\":\"https:\/\/denizcankizil.tr\/de\/\"},{\"@type\":\"ListItem\",\"position\":2,\"name\":\"Sakarya Barosu&#8217;nun yeni Ba\u015fkan\u0131 avukat Musa Ad\u0131yaman oldu\"}]},{\"@type\":\"WebSite\",\"@id\":\"https:\/\/denizcankizil.tr\/#website\",\"url\":\"https:\/\/denizcankizil.tr\/\",\"name\":\"Av. Deniz Can K\u0131z\u0131l\",\"description\":\"Avukat Deniz Can K\u0131z\u0131l Antalya Barosu\",\"publisher\":{\"@id\":\"https:\/\/denizcankizil.tr\/#organization\"},\"potentialAction\":[{\"@type\":\"SearchAction\",\"target\":{\"@type\":\"EntryPoint\",\"urlTemplate\":\"https:\/\/denizcankizil.tr\/?s={search_term_string}\"},\"query-input\":{\"@type\":\"PropertyValueSpecification\",\"valueRequired\":true,\"valueName\":\"search_term_string\"}}],\"inLanguage\":\"uk\"},{\"@type\":\"Organization\",\"@id\":\"https:\/\/denizcankizil.tr\/#organization\",\"name\":\"Av. Deniz Can K\u0131z\u0131l\",\"url\":\"https:\/\/denizcankizil.tr\/\",\"logo\":{\"@type\":\"ImageObject\",\"inLanguage\":\"uk\",\"@id\":\"https:\/\/denizcankizil.tr\/#\/schema\/logo\/image\/\",\"url\":\"https:\/\/denizcankizil.tr\/wp-content\/uploads\/2024\/10\/siyah-logo-svg.svg\",\"contentUrl\":\"https:\/\/denizcankizil.tr\/wp-content\/uploads\/2024\/10\/siyah-logo-svg.svg\",\"width\":1080,\"height\":1080,\"caption\":\"Av. Deniz Can K\u0131z\u0131l\"},\"image\":{\"@id\":\"https:\/\/denizcankizil.tr\/#\/schema\/logo\/image\/\"}},{\"@type\":\"Person\",\"@id\":\"https:\/\/denizcankizil.tr\/#\/schema\/person\/001a271de994a0aa3f90eea084424822\",\"name\":\"Hukuki Haber.net\",\"image\":{\"@type\":\"ImageObject\",\"inLanguage\":\"uk\",\"@id\":\"https:\/\/denizcankizil.tr\/#\/schema\/person\/image\/\",\"url\":\"https:\/\/secure.gravatar.com\/avatar\/57d8a49151495586611a149d29fc42865b951dc053a84709a3172ccb5abf3118?s=96&d=mm&r=g\",\"contentUrl\":\"https:\/\/secure.gravatar.com\/avatar\/57d8a49151495586611a149d29fc42865b951dc053a84709a3172ccb5abf3118?s=96&d=mm&r=g\",\"caption\":\"Hukuki Haber.net\"},\"sameAs\":[\"http:\/\/www.hukukihaber.net\"],\"url\":\"https:\/\/www.hukukihaber.net\/sakarya-barosunun-yeni-baskani-avukat-musa-adiyaman-oldu\"}]}<\/script>\n<!-- \/ Yoast SEO Premium plugin. -->","yoast_head_json":{"title":"Sakarya Barosu'nun yeni Ba\u015fkan\u0131 avukat Musa Ad\u0131yaman oldu - Av. Deniz Can K\u0131z\u0131l","robots":{"index":"index","follow":"follow","max-snippet":"max-snippet:-1","max-image-preview":"max-image-preview:large","max-video-preview":"max-video-preview:-1"},"canonical":"https:\/\/denizcankizil.tr\/uk\/hukukihaber\/sakarya-barosunun-yeni-baskani-avukat-musa-adiyaman-oldu\/","og_locale":"uk_UA","og_type":"article","og_title":"Sakarya Barosu'nun yeni Ba\u015fkan\u0131 avukat Musa Ad\u0131yaman oldu","og_description":"T\u00f6ren sonras\u0131 vefat eden avukatlar; Nadir Latif \u0130slam, \u0130srafil Kaya, Sadettin Bilgin, \u0130smail G\u00f6rg\u00fcl\u00fc, Yunus Emre Baki, Yusuf Topalo\u011flu, Bedri Ayta\u00e7, \u00d6zdemir Apayd\u0131n ve Fatma Nedret Karaku\u015f i\u00e7in Atat\u00fcrk An\u0131t\u0131\u2019na k\u0131rm\u0131z\u0131 g\u00fcl b\u0131rak\u0131ld\u0131. Genel Kurulun birinci g\u00fcn\u00fcnde divan ba\u015fkan\u0131 ve \u00fcyeleri se\u00e7ilerek g\u00fcndem maddeleri g\u00f6r\u00fc\u015f\u00fcld\u00fc. \u0130kinci g\u00fcnde ise baro ba\u015fkanl\u0131\u011f\u0131,\u00a0y\u00f6netim kurulu, denetleme kurulu, disiplin kurulu ve T\u00fcrkiye Barolar Birli\u011fi delege se\u00e7imleri yap\u0131ld\u0131. 902 oy alan Av. Musa Ad\u0131yaman, Sakarya Barosu\u2019nun yeni Ba\u015fkan\u0131 se\u00e7ildi. Ad\u0131yaman, se\u00e7ime tek aday olarak girdi. Se\u00e7imde toplam 1002 ki\u015fi oy kulland\u0131. Genel kurulda a\u00e7\u0131klamalar bulunan Ba\u015fkan Ad\u0131yaman, \u201cCumhuriyetimizin kurulu\u015f felsefesine ve kurucu de\u011ferlerine uygun olarak, hukukun \u00fcst\u00fcnl\u00fc\u011f\u00fcn\u00fc savunma ve insan haklar\u0131n\u0131 koruma \u00f6devi ile 1954 y\u0131l\u0131ndan bu yana faaliyetini s\u00fcrd\u00fcren baromuzun 56. Ola\u011fan Genel Kurulunun hay\u0131rl\u0131 olmas\u0131n\u0131 diliyor, hepinize ho\u015f geldiniz diyorum. \u00d6ncelikle, y\u0131llar i\u00e7erisinde baromuz i\u00e7in birlikte \u00e7al\u0131\u015fmaktan b\u00fcy\u00fck onur duydu\u011fum komisyon ve merkezlerde g\u00f6revli arkada\u015flar\u0131m ile; \u00e7al\u0131\u015fmalar\u0131m\u0131z esnas\u0131nda her t\u00fcrl\u00fc kolayl\u0131\u011f\u0131 sa\u011flayan, desteklerini hi\u00e7bir zaman esirgemeyen baro ba\u015fkan\u0131m\u0131z, \u00f6nceki d\u00f6nem baro ba\u015fkanlar\u0131m\u0131z ve y\u00f6netim kurullar\u0131m\u0131za te\u015fekk\u00fcr ediyorum. Baromuzda, bug\u00fcne kadar avukatl\u0131k mesle\u011finin ruhuna uygun \u015fekilde, mesle\u011fimizin onuru ve itibar\u0131 i\u00e7in emek harcayarak dayan\u0131\u015fma ve yard\u0131mla\u015fmadan ka\u00e7\u0131nmam\u0131\u015f t\u00fcm meslekta\u015flar\u0131ma, sayg\u0131 ve \u015f\u00fckranlar\u0131m\u0131 sunuyorum. K\u0131ymetli meslekta\u015flar\u0131m, meslek hayat\u0131m boyunca G\u00fc\u00e7l\u00fc baro, g\u00fc\u00e7l\u00fc avukat d\u00fcsturuna y\u00fcrekten inand\u0131m. &hellip;","og_url":"https:\/\/denizcankizil.tr\/uk\/hukukihaber\/sakarya-barosunun-yeni-baskani-avukat-musa-adiyaman-oldu\/","og_site_name":"Av. Deniz Can K\u0131z\u0131l","article_published_time":"2024-10-07T06:38:00+00:00","author":"Hukuki Haber.net","twitter_card":"summary_large_image","twitter_misc":{"\u041d\u0430\u043f\u0438\u0441\u0430\u043d\u043e":"Hukuki Haber.net","\u041f\u0440\u0438\u0431\u043b. \u0447\u0430\u0441 \u0447\u0438\u0442\u0430\u043d\u043d\u044f":"6 \u0445\u0432\u0438\u043b\u0438\u043d"},"schema":{"@context":"https:\/\/schema.org","@graph":[{"@type":"Article","@id":"https:\/\/denizcankizil.tr\/uk\/hukukihaber\/sakarya-barosunun-yeni-baskani-avukat-musa-adiyaman-oldu\/#article","isPartOf":{"@id":"https:\/\/denizcankizil.tr\/uk\/hukukihaber\/sakarya-barosunun-yeni-baskani-avukat-musa-adiyaman-oldu\/"},"author":{"name":"Hukuki Haber.net","@id":"https:\/\/denizcankizil.tr\/#\/schema\/person\/001a271de994a0aa3f90eea084424822"},"headline":"Sakarya Barosu&#8217;nun yeni Ba\u015fkan\u0131 avukat Musa Ad\u0131yaman oldu","datePublished":"2024-10-07T06:38:00+00:00","mainEntityOfPage":{"@id":"https:\/\/denizcankizil.tr\/uk\/hukukihaber\/sakarya-barosunun-yeni-baskani-avukat-musa-adiyaman-oldu\/"},"wordCount":1223,"commentCount":0,"publisher":{"@id":"https:\/\/denizcankizil.tr\/#organization"},"articleSection":["Hukuki Haberler"],"inLanguage":"uk","potentialAction":[{"@type":"CommentAction","name":"Comment","target":["https:\/\/denizcankizil.tr\/uk\/hukukihaber\/sakarya-barosunun-yeni-baskani-avukat-musa-adiyaman-oldu\/#respond"]}]},{"@type":"WebPage","@id":"https:\/\/denizcankizil.tr\/uk\/hukukihaber\/sakarya-barosunun-yeni-baskani-avukat-musa-adiyaman-oldu\/","url":"https:\/\/denizcankizil.tr\/uk\/hukukihaber\/sakarya-barosunun-yeni-baskani-avukat-musa-adiyaman-oldu\/","name":"Sakarya Barosu'nun yeni Ba\u015fkan\u0131 avukat Musa Ad\u0131yaman oldu - Av. Deniz Can K\u0131z\u0131l","isPartOf":{"@id":"https:\/\/denizcankizil.tr\/#website"},"datePublished":"2024-10-07T06:38:00+00:00","breadcrumb":{"@id":"https:\/\/denizcankizil.tr\/uk\/hukukihaber\/sakarya-barosunun-yeni-baskani-avukat-musa-adiyaman-oldu\/#breadcrumb"},"inLanguage":"uk","potentialAction":[{"@type":"ReadAction","target":["https:\/\/denizcankizil.tr\/uk\/hukukihaber\/sakarya-barosunun-yeni-baskani-avukat-musa-adiyaman-oldu\/"]}]},{"@type":"BreadcrumbList","@id":"https:\/\/denizcankizil.tr\/uk\/hukukihaber\/sakarya-barosunun-yeni-baskani-avukat-musa-adiyaman-oldu\/#breadcrumb","itemListElement":[{"@type":"ListItem","position":1,"name":"Home","item":"https:\/\/denizcankizil.tr\/de\/"},{"@type":"ListItem","position":2,"name":"Sakarya Barosu&#8217;nun yeni Ba\u015fkan\u0131 avukat Musa Ad\u0131yaman oldu"}]},{"@type":"WebSite","@id":"https:\/\/denizcankizil.tr\/#website","url":"https:\/\/denizcankizil.tr\/","name":"Av. Deniz Can K\u0131z\u0131l","description":"Avukat Deniz Can K\u0131z\u0131l Antalya Barosu","publisher":{"@id":"https:\/\/denizcankizil.tr\/#organization"},"potentialAction":[{"@type":"SearchAction","target":{"@type":"EntryPoint","urlTemplate":"https:\/\/denizcankizil.tr\/?s={search_term_string}"},"query-input":{"@type":"PropertyValueSpecification","valueRequired":true,"valueName":"search_term_string"}}],"inLanguage":"uk"},{"@type":"Organization","@id":"https:\/\/denizcankizil.tr\/#organization","name":"Av. Deniz Can K\u0131z\u0131l","url":"https:\/\/denizcankizil.tr\/","logo":{"@type":"ImageObject","inLanguage":"uk","@id":"https:\/\/denizcankizil.tr\/#\/schema\/logo\/image\/","url":"https:\/\/denizcankizil.tr\/wp-content\/uploads\/2024\/10\/siyah-logo-svg.svg","contentUrl":"https:\/\/denizcankizil.tr\/wp-content\/uploads\/2024\/10\/siyah-logo-svg.svg","width":1080,"height":1080,"caption":"Av. Deniz Can K\u0131z\u0131l"},"image":{"@id":"https:\/\/denizcankizil.tr\/#\/schema\/logo\/image\/"}},{"@type":"Person","@id":"https:\/\/denizcankizil.tr\/#\/schema\/person\/001a271de994a0aa3f90eea084424822","name":"Hukuki Haber.net","image":{"@type":"ImageObject","inLanguage":"uk","@id":"https:\/\/denizcankizil.tr\/#\/schema\/person\/image\/","url":"https:\/\/secure.gravatar.com\/avatar\/57d8a49151495586611a149d29fc42865b951dc053a84709a3172ccb5abf3118?s=96&d=mm&r=g","contentUrl":"https:\/\/secure.gravatar.com\/avatar\/57d8a49151495586611a149d29fc42865b951dc053a84709a3172ccb5abf3118?s=96&d=mm&r=g","caption":"Hukuki Haber.net"},"sameAs":["http:\/\/www.hukukihaber.net"],"url":"https:\/\/www.hukukihaber.net\/sakarya-barosunun-yeni-baskani-avukat-musa-adiyaman-oldu"}]}},"_links":{"self":[{"href":"https:\/\/denizcankizil.tr\/uk\/wp-json\/wp\/v2\/posts\/1768","targetHints":{"allow":["GET"]}}],"collection":[{"href":"https:\/\/denizcankizil.tr\/uk\/wp-json\/wp\/v2\/posts"}],"about":[{"href":"https:\/\/denizcankizil.tr\/uk\/wp-json\/wp\/v2\/types\/post"}],"author":[{"embeddable":true,"href":"https:\/\/denizcankizil.tr\/uk\/wp-json\/wp\/v2\/users\/3"}],"replies":[{"embeddable":true,"href":"https:\/\/denizcankizil.tr\/uk\/wp-json\/wp\/v2\/comments?post=1768"}],"version-history":[{"count":0,"href":"https:\/\/denizcankizil.tr\/uk\/wp-json\/wp\/v2\/posts\/1768\/revisions"}],"wp:attachment":[{"href":"https:\/\/denizcankizil.tr\/uk\/wp-json\/wp\/v2\/media?parent=1768"}],"wp:term":[{"taxonomy":"category","embeddable":true,"href":"https:\/\/denizcankizil.tr\/uk\/wp-json\/wp\/v2\/categories?post=1768"},{"taxonomy":"post_tag","embeddable":true,"href":"https:\/\/denizcankizil.tr\/uk\/wp-json\/wp\/v2\/tags?post=1768"}],"curies":[{"name":"wp","href":"https:\/\/api.w.org\/{rel}","templated":true}]}}