{"id":17661,"date":"2024-11-26T09:41:16","date_gmt":"2024-11-26T06:41:16","guid":{"rendered":"https:\/\/denizcankizil.tr\/uncategorized-tr\/tipide-kaybolan-cift-2-kuzusu-ve-tavuguna-sarilmis-halde-bulundu\/"},"modified":"2024-11-26T09:41:16","modified_gmt":"2024-11-26T06:41:16","slug":"tipide-kaybolan-cift-2-kuzusu-ve-tavuguna-sarilmis-halde-bulundu","status":"publish","type":"post","link":"https:\/\/denizcankizil.tr\/uk\/haberler\/antalya\/tipide-kaybolan-cift-2-kuzusu-ve-tavuguna-sarilmis-halde-bulundu\/","title":{"rendered":"Tipide kaybolan \u00e7ift, 2 kuzusu ve tavu\u011funa sar\u0131lm\u0131\u015f halde bulundu"},"content":{"rendered":"<p>Yaz aylar\u0131n Manavgat il\u00e7esi Hocal\u0131 Mahallesi&#8217;nden Akseki ve Bozk\u0131r il\u00e7esi s\u0131n\u0131rlar\u0131nda bulunan Dipsiz G\u00f6l Hocal\u0131 Yaylas\u0131&#8217;na \u00e7\u0131kan ve ge\u00e7imini hayvanc\u0131l\u0131kla sa\u011flayan 70 ya\u015f\u0131ndaki Naciye ve Mustafa Ak\u0131n, yayladan eve d\u00f6nerken yo\u011fun kar ya\u011f\u0131\u015f\u0131 nedeni ile hayvanlar\u0131 ile birlikte kayboldular. Ya\u015fl\u0131 \u00e7iftin saat 11.00 s\u0131ralar\u0131nda Hocal\u0131 Yaylas\u0131&#8217;ndan d\u00f6n\u00fc\u015fe ge\u00e7tikleri ve Yarpuz Yaylas\u0131 yak\u0131nlar\u0131nda ise hayvanlar\u0131n\u0131 kar ve tipi nedeni ile kaybettiler. Hayvanlar\u0131n\u0131 aramaya ba\u015flayan ya\u015fl\u0131 \u00e7ift, kar ve tipi sebebiyle yolu bulamay\u0131nca kayboldu. Yak\u0131nlar\u0131, ya\u015fl\u0131 \u00e7ifte ula\u015famay\u0131nca durumu acil durum merkezine bildirdi.<\/p>\n<p>B\u00f6lgeye AFAD ve B\u00fcy\u00fck\u015fehir ekipleri sevk edildi<br \/>\nB\u00f6lgeye Antalya Afet ve Acil Durumu M\u00fcd\u00fcrl\u00fc\u011f\u00fcnden (AFAD) 4 ve Antalya B\u00fcy\u00fck\u015fehir Belediyesi Akseki hizmet biriminden 4 personel ile i\u015f makinalar\u0131 sevk edildi. Yer yer 50 santimetreyi bulan karla kapl\u0131 Yakla\u015f\u0131k 20 kilometrelik yayla yolunu a\u00e7an ekipler saat 19.30 s\u0131ralar\u0131nda Yarpuz Yaylas\u0131nda bir a\u011fac\u0131n dibinde 70 ya\u015f\u0131ndaki Naciye ve Mustafa Ak\u0131n \u00e7ifti 2 kuzusu ve 1 tavu\u011funa sar\u0131lm\u0131\u015f halde bulundu. Zor \u00e7al\u0131\u015fmalar sonras\u0131nda bulunan \u00e7ift Yayladan Zirve tesislerinde bekleyen 112 sa\u011fl\u0131k ekiplerine teslim edildi. Naciye nine ambulansa al\u0131n\u0131rken bile &#8216;Kuzular\u0131m geldi mi &#8216; diye sordu. Sa\u011fl\u0131k ekiplerinin ambulansta yap\u0131lan ilk m\u00fcdahalesinin ard\u0131ndan ise ya\u015fl\u0131 \u00e7ift, hastanede tedavi alt\u0131na al\u0131nd\u0131.<\/p>\n<p>Kaynak: www.kanalv.com.tr Haber Sitesinden Al\u0131nm\u0131\u015ft\u0131r.<\/p>","protected":false},"excerpt":{"rendered":"<p>Yaz aylar\u0131n Manavgat il\u00e7esi Hocal\u0131 Mahallesi&#8217;nden Akseki ve Bozk\u0131r il\u00e7esi s\u0131n\u0131rlar\u0131nda bulunan Dipsiz G\u00f6l Hocal\u0131 Yaylas\u0131&#8217;na \u00e7\u0131kan ve ge\u00e7imini hayvanc\u0131l\u0131kla sa\u011flayan 70 ya\u015f\u0131ndaki Naciye ve Mustafa Ak\u0131n, yayladan eve d\u00f6nerken yo\u011fun kar ya\u011f\u0131\u015f\u0131 nedeni ile hayvanlar\u0131 ile birlikte kayboldular. Ya\u015fl\u0131 \u00e7iftin saat 11.00 s\u0131ralar\u0131nda Hocal\u0131 Yaylas\u0131&#8217;ndan d\u00f6n\u00fc\u015fe ge\u00e7tikleri ve Yarpuz Yaylas\u0131 yak\u0131nlar\u0131nda ise hayvanlar\u0131n\u0131 kar ve tipi nedeni ile kaybettiler. Hayvanlar\u0131n\u0131 aramaya ba\u015flayan ya\u015fl\u0131 \u00e7ift, kar ve tipi sebebiyle yolu bulamay\u0131nca kayboldu. Yak\u0131nlar\u0131, ya\u015fl\u0131 \u00e7ifte ula\u015famay\u0131nca durumu acil durum merkezine bildirdi. B\u00f6lgeye AFAD ve B\u00fcy\u00fck\u015fehir ekipleri sevk edildi B\u00f6lgeye Antalya Afet ve Acil Durumu M\u00fcd\u00fcrl\u00fc\u011f\u00fcnden (AFAD) 4 ve Antalya B\u00fcy\u00fck\u015fehir Belediyesi Akseki hizmet biriminden 4 personel ile i\u015f makinalar\u0131 sevk edildi. Yer yer 50 santimetreyi bulan karla kapl\u0131 Yakla\u015f\u0131k 20 kilometrelik yayla yolunu a\u00e7an ekipler saat 19.30 s\u0131ralar\u0131nda Yarpuz Yaylas\u0131nda bir a\u011fac\u0131n dibinde 70 ya\u015f\u0131ndaki Naciye ve Mustafa Ak\u0131n \u00e7ifti 2 kuzusu ve 1 tavu\u011funa sar\u0131lm\u0131\u015f halde bulundu. Zor \u00e7al\u0131\u015fmalar sonras\u0131nda bulunan \u00e7ift Yayladan Zirve tesislerinde bekleyen 112 sa\u011fl\u0131k ekiplerine teslim edildi. Naciye nine ambulansa al\u0131n\u0131rken bile &#8216;Kuzular\u0131m geldi mi &#8216; diye sordu. Sa\u011fl\u0131k ekiplerinin ambulansta yap\u0131lan ilk m\u00fcdahalesinin ard\u0131ndan ise ya\u015fl\u0131 \u00e7ift, hastanede tedavi alt\u0131na al\u0131nd\u0131. Kaynak: www.kanalv.com.tr Haber Sitesinden Al\u0131nm\u0131\u015ft\u0131r.<\/p>","protected":false},"author":0,"featured_media":17662,"comment_status":"open","ping_status":"open","sticky":false,"template":"","format":"standard","meta":{"_acf_changed":false,"footnotes":""},"categories":[26,535],"tags":[],"class_list":["post-17661","post","type-post","status-publish","format-standard","has-post-thumbnail","hentry","category-antalya","category-uncategorized-tr"],"acf":[],"yoast_head":"<!-- This site is optimized with the Yoast SEO Premium plugin v26.6 (Yoast SEO v27.1.1) - https:\/\/yoast.com\/product\/yoast-seo-premium-wordpress\/ -->\n<title>Tipide kaybolan \u00e7ift, 2 kuzusu ve tavu\u011funa sar\u0131lm\u0131\u015f halde bulundu - Av. Deniz Can K\u0131z\u0131l<\/title>\n<meta name=\"robots\" content=\"index, follow, max-snippet:-1, max-image-preview:large, max-video-preview:-1\" \/>\n<link rel=\"canonical\" href=\"https:\/\/denizcankizil.tr\/uk\/haberler\/antalya\/tipide-kaybolan-cift-2-kuzusu-ve-tavuguna-sarilmis-halde-bulundu\/\" \/>\n<meta property=\"og:locale\" content=\"uk_UA\" \/>\n<meta property=\"og:type\" content=\"article\" \/>\n<meta property=\"og:title\" content=\"Tipide kaybolan \u00e7ift, 2 kuzusu ve tavu\u011funa sar\u0131lm\u0131\u015f halde bulundu\" \/>\n<meta property=\"og:description\" content=\"Yaz aylar\u0131n Manavgat il\u00e7esi Hocal\u0131 Mahallesi&#8217;nden Akseki ve Bozk\u0131r il\u00e7esi s\u0131n\u0131rlar\u0131nda bulunan Dipsiz G\u00f6l Hocal\u0131 Yaylas\u0131&#8217;na \u00e7\u0131kan ve ge\u00e7imini hayvanc\u0131l\u0131kla sa\u011flayan 70 ya\u015f\u0131ndaki Naciye ve Mustafa Ak\u0131n, yayladan eve d\u00f6nerken yo\u011fun kar ya\u011f\u0131\u015f\u0131 nedeni ile hayvanlar\u0131 ile birlikte kayboldular. Ya\u015fl\u0131 \u00e7iftin saat 11.00 s\u0131ralar\u0131nda Hocal\u0131 Yaylas\u0131&#8217;ndan d\u00f6n\u00fc\u015fe ge\u00e7tikleri ve Yarpuz Yaylas\u0131 yak\u0131nlar\u0131nda ise hayvanlar\u0131n\u0131 kar ve tipi nedeni ile kaybettiler. Hayvanlar\u0131n\u0131 aramaya ba\u015flayan ya\u015fl\u0131 \u00e7ift, kar ve tipi sebebiyle yolu bulamay\u0131nca kayboldu. Yak\u0131nlar\u0131, ya\u015fl\u0131 \u00e7ifte ula\u015famay\u0131nca durumu acil durum merkezine bildirdi. B\u00f6lgeye AFAD ve B\u00fcy\u00fck\u015fehir ekipleri sevk edildi B\u00f6lgeye Antalya Afet ve Acil Durumu M\u00fcd\u00fcrl\u00fc\u011f\u00fcnden (AFAD) 4 ve Antalya B\u00fcy\u00fck\u015fehir Belediyesi Akseki hizmet biriminden 4 personel ile i\u015f makinalar\u0131 sevk edildi. Yer yer 50 santimetreyi bulan karla kapl\u0131 Yakla\u015f\u0131k 20 kilometrelik yayla yolunu a\u00e7an ekipler saat 19.30 s\u0131ralar\u0131nda Yarpuz Yaylas\u0131nda bir a\u011fac\u0131n dibinde 70 ya\u015f\u0131ndaki Naciye ve Mustafa Ak\u0131n \u00e7ifti 2 kuzusu ve 1 tavu\u011funa sar\u0131lm\u0131\u015f halde bulundu. Zor \u00e7al\u0131\u015fmalar sonras\u0131nda bulunan \u00e7ift Yayladan Zirve tesislerinde bekleyen 112 sa\u011fl\u0131k ekiplerine teslim edildi. Naciye nine ambulansa al\u0131n\u0131rken bile &#8216;Kuzular\u0131m geldi mi &#8216; diye sordu. Sa\u011fl\u0131k ekiplerinin ambulansta yap\u0131lan ilk m\u00fcdahalesinin ard\u0131ndan ise ya\u015fl\u0131 \u00e7ift, hastanede tedavi alt\u0131na al\u0131nd\u0131. Kaynak: www.kanalv.com.tr Haber Sitesinden Al\u0131nm\u0131\u015ft\u0131r.\" \/>\n<meta property=\"og:url\" content=\"https:\/\/denizcankizil.tr\/uk\/haberler\/antalya\/tipide-kaybolan-cift-2-kuzusu-ve-tavuguna-sarilmis-halde-bulundu\/\" \/>\n<meta property=\"og:site_name\" content=\"Av. Deniz Can K\u0131z\u0131l\" \/>\n<meta property=\"article:published_time\" content=\"2024-11-26T06:41:16+00:00\" \/>\n<meta property=\"og:image\" content=\"https:\/\/denizcankizil.tr\/wp-content\/uploads\/2024\/11\/3272-01-NVdbLt.jpeg\" \/>\n\t<meta property=\"og:image:width\" content=\"1280\" \/>\n\t<meta property=\"og:image:height\" content=\"720\" \/>\n\t<meta property=\"og:image:type\" content=\"image\/jpeg\" \/>\n<meta name=\"twitter:card\" content=\"summary_large_image\" \/>\n<meta name=\"twitter:label1\" content=\"\u041f\u0440\u0438\u0431\u043b. \u0447\u0430\u0441 \u0447\u0438\u0442\u0430\u043d\u043d\u044f\" \/>\n\t<meta name=\"twitter:data1\" content=\"1 \u0445\u0432\u0438\u043b\u0438\u043d\u0430\" \/>\n<script type=\"application\/ld+json\" class=\"yoast-schema-graph\">{\"@context\":\"https:\/\/schema.org\",\"@graph\":[{\"@type\":\"Article\",\"@id\":\"https:\/\/denizcankizil.tr\/uk\/haberler\/antalya\/tipide-kaybolan-cift-2-kuzusu-ve-tavuguna-sarilmis-halde-bulundu\/#article\",\"isPartOf\":{\"@id\":\"https:\/\/denizcankizil.tr\/uk\/haberler\/antalya\/tipide-kaybolan-cift-2-kuzusu-ve-tavuguna-sarilmis-halde-bulundu\/\"},\"author\":{\"name\":\"\",\"@id\":\"\"},\"headline\":\"Tipide kaybolan \u00e7ift, 2 kuzusu ve tavu\u011funa sar\u0131lm\u0131\u015f halde bulundu\",\"datePublished\":\"2024-11-26T06:41:16+00:00\",\"mainEntityOfPage\":{\"@id\":\"https:\/\/denizcankizil.tr\/uk\/haberler\/antalya\/tipide-kaybolan-cift-2-kuzusu-ve-tavuguna-sarilmis-halde-bulundu\/\"},\"wordCount\":270,\"commentCount\":0,\"publisher\":{\"@id\":\"https:\/\/denizcankizil.tr\/#organization\"},\"image\":{\"@id\":\"https:\/\/denizcankizil.tr\/uk\/haberler\/antalya\/tipide-kaybolan-cift-2-kuzusu-ve-tavuguna-sarilmis-halde-bulundu\/#primaryimage\"},\"thumbnailUrl\":\"https:\/\/denizcankizil.tr\/wp-content\/uploads\/2024\/11\/3272-01-NVdbLt.jpeg\",\"articleSection\":[\"Antalya\",\"Uncategorized\"],\"inLanguage\":\"uk\",\"potentialAction\":[{\"@type\":\"CommentAction\",\"name\":\"Comment\",\"target\":[\"https:\/\/denizcankizil.tr\/uk\/haberler\/antalya\/tipide-kaybolan-cift-2-kuzusu-ve-tavuguna-sarilmis-halde-bulundu\/#respond\"]}]},{\"@type\":\"WebPage\",\"@id\":\"https:\/\/denizcankizil.tr\/uk\/haberler\/antalya\/tipide-kaybolan-cift-2-kuzusu-ve-tavuguna-sarilmis-halde-bulundu\/\",\"url\":\"https:\/\/denizcankizil.tr\/uk\/haberler\/antalya\/tipide-kaybolan-cift-2-kuzusu-ve-tavuguna-sarilmis-halde-bulundu\/\",\"name\":\"Tipide kaybolan \u00e7ift, 2 kuzusu ve tavu\u011funa sar\u0131lm\u0131\u015f halde bulundu - Av. Deniz Can K\u0131z\u0131l\",\"isPartOf\":{\"@id\":\"https:\/\/denizcankizil.tr\/#website\"},\"primaryImageOfPage\":{\"@id\":\"https:\/\/denizcankizil.tr\/uk\/haberler\/antalya\/tipide-kaybolan-cift-2-kuzusu-ve-tavuguna-sarilmis-halde-bulundu\/#primaryimage\"},\"image\":{\"@id\":\"https:\/\/denizcankizil.tr\/uk\/haberler\/antalya\/tipide-kaybolan-cift-2-kuzusu-ve-tavuguna-sarilmis-halde-bulundu\/#primaryimage\"},\"thumbnailUrl\":\"https:\/\/denizcankizil.tr\/wp-content\/uploads\/2024\/11\/3272-01-NVdbLt.jpeg\",\"datePublished\":\"2024-11-26T06:41:16+00:00\",\"breadcrumb\":{\"@id\":\"https:\/\/denizcankizil.tr\/uk\/haberler\/antalya\/tipide-kaybolan-cift-2-kuzusu-ve-tavuguna-sarilmis-halde-bulundu\/#breadcrumb\"},\"inLanguage\":\"uk\",\"potentialAction\":[{\"@type\":\"ReadAction\",\"target\":[\"https:\/\/denizcankizil.tr\/uk\/haberler\/antalya\/tipide-kaybolan-cift-2-kuzusu-ve-tavuguna-sarilmis-halde-bulundu\/\"]}]},{\"@type\":\"ImageObject\",\"inLanguage\":\"uk\",\"@id\":\"https:\/\/denizcankizil.tr\/uk\/haberler\/antalya\/tipide-kaybolan-cift-2-kuzusu-ve-tavuguna-sarilmis-halde-bulundu\/#primaryimage\",\"url\":\"https:\/\/denizcankizil.tr\/wp-content\/uploads\/2024\/11\/3272-01-NVdbLt.jpeg\",\"contentUrl\":\"https:\/\/denizcankizil.tr\/wp-content\/uploads\/2024\/11\/3272-01-NVdbLt.jpeg\",\"width\":1280,\"height\":720},{\"@type\":\"BreadcrumbList\",\"@id\":\"https:\/\/denizcankizil.tr\/uk\/haberler\/antalya\/tipide-kaybolan-cift-2-kuzusu-ve-tavuguna-sarilmis-halde-bulundu\/#breadcrumb\",\"itemListElement\":[{\"@type\":\"ListItem\",\"position\":1,\"name\":\"Home\",\"item\":\"https:\/\/denizcankizil.tr\/uk\/\"},{\"@type\":\"ListItem\",\"position\":2,\"name\":\"Tipide kaybolan \u00e7ift, 2 kuzusu ve tavu\u011funa sar\u0131lm\u0131\u015f halde bulundu\"}]},{\"@type\":\"WebSite\",\"@id\":\"https:\/\/denizcankizil.tr\/#website\",\"url\":\"https:\/\/denizcankizil.tr\/\",\"name\":\"Av. Deniz Can K\u0131z\u0131l\",\"description\":\"Avukat Deniz Can K\u0131z\u0131l Antalya Barosu\",\"publisher\":{\"@id\":\"https:\/\/denizcankizil.tr\/#organization\"},\"potentialAction\":[{\"@type\":\"SearchAction\",\"target\":{\"@type\":\"EntryPoint\",\"urlTemplate\":\"https:\/\/denizcankizil.tr\/?s={search_term_string}\"},\"query-input\":{\"@type\":\"PropertyValueSpecification\",\"valueRequired\":true,\"valueName\":\"search_term_string\"}}],\"inLanguage\":\"uk\"},{\"@type\":\"Organization\",\"@id\":\"https:\/\/denizcankizil.tr\/#organization\",\"name\":\"Av. Deniz Can K\u0131z\u0131l\",\"url\":\"https:\/\/denizcankizil.tr\/\",\"logo\":{\"@type\":\"ImageObject\",\"inLanguage\":\"uk\",\"@id\":\"https:\/\/denizcankizil.tr\/#\/schema\/logo\/image\/\",\"url\":\"https:\/\/denizcankizil.tr\/wp-content\/uploads\/2024\/10\/siyah-logo-svg.svg\",\"contentUrl\":\"https:\/\/denizcankizil.tr\/wp-content\/uploads\/2024\/10\/siyah-logo-svg.svg\",\"width\":1080,\"height\":1080,\"caption\":\"Av. Deniz Can K\u0131z\u0131l\"},\"image\":{\"@id\":\"https:\/\/denizcankizil.tr\/#\/schema\/logo\/image\/\"}}]}<\/script>\n<!-- \/ Yoast SEO Premium plugin. -->","yoast_head_json":{"title":"Tipide kaybolan \u00e7ift, 2 kuzusu ve tavu\u011funa sar\u0131lm\u0131\u015f halde bulundu - Av. Deniz Can K\u0131z\u0131l","robots":{"index":"index","follow":"follow","max-snippet":"max-snippet:-1","max-image-preview":"max-image-preview:large","max-video-preview":"max-video-preview:-1"},"canonical":"https:\/\/denizcankizil.tr\/uk\/haberler\/antalya\/tipide-kaybolan-cift-2-kuzusu-ve-tavuguna-sarilmis-halde-bulundu\/","og_locale":"uk_UA","og_type":"article","og_title":"Tipide kaybolan \u00e7ift, 2 kuzusu ve tavu\u011funa sar\u0131lm\u0131\u015f halde bulundu","og_description":"Yaz aylar\u0131n Manavgat il\u00e7esi Hocal\u0131 Mahallesi&#8217;nden Akseki ve Bozk\u0131r il\u00e7esi s\u0131n\u0131rlar\u0131nda bulunan Dipsiz G\u00f6l Hocal\u0131 Yaylas\u0131&#8217;na \u00e7\u0131kan ve ge\u00e7imini hayvanc\u0131l\u0131kla sa\u011flayan 70 ya\u015f\u0131ndaki Naciye ve Mustafa Ak\u0131n, yayladan eve d\u00f6nerken yo\u011fun kar ya\u011f\u0131\u015f\u0131 nedeni ile hayvanlar\u0131 ile birlikte kayboldular. Ya\u015fl\u0131 \u00e7iftin saat 11.00 s\u0131ralar\u0131nda Hocal\u0131 Yaylas\u0131&#8217;ndan d\u00f6n\u00fc\u015fe ge\u00e7tikleri ve Yarpuz Yaylas\u0131 yak\u0131nlar\u0131nda ise hayvanlar\u0131n\u0131 kar ve tipi nedeni ile kaybettiler. Hayvanlar\u0131n\u0131 aramaya ba\u015flayan ya\u015fl\u0131 \u00e7ift, kar ve tipi sebebiyle yolu bulamay\u0131nca kayboldu. Yak\u0131nlar\u0131, ya\u015fl\u0131 \u00e7ifte ula\u015famay\u0131nca durumu acil durum merkezine bildirdi. B\u00f6lgeye AFAD ve B\u00fcy\u00fck\u015fehir ekipleri sevk edildi B\u00f6lgeye Antalya Afet ve Acil Durumu M\u00fcd\u00fcrl\u00fc\u011f\u00fcnden (AFAD) 4 ve Antalya B\u00fcy\u00fck\u015fehir Belediyesi Akseki hizmet biriminden 4 personel ile i\u015f makinalar\u0131 sevk edildi. Yer yer 50 santimetreyi bulan karla kapl\u0131 Yakla\u015f\u0131k 20 kilometrelik yayla yolunu a\u00e7an ekipler saat 19.30 s\u0131ralar\u0131nda Yarpuz Yaylas\u0131nda bir a\u011fac\u0131n dibinde 70 ya\u015f\u0131ndaki Naciye ve Mustafa Ak\u0131n \u00e7ifti 2 kuzusu ve 1 tavu\u011funa sar\u0131lm\u0131\u015f halde bulundu. Zor \u00e7al\u0131\u015fmalar sonras\u0131nda bulunan \u00e7ift Yayladan Zirve tesislerinde bekleyen 112 sa\u011fl\u0131k ekiplerine teslim edildi. Naciye nine ambulansa al\u0131n\u0131rken bile &#8216;Kuzular\u0131m geldi mi &#8216; diye sordu. Sa\u011fl\u0131k ekiplerinin ambulansta yap\u0131lan ilk m\u00fcdahalesinin ard\u0131ndan ise ya\u015fl\u0131 \u00e7ift, hastanede tedavi alt\u0131na al\u0131nd\u0131. Kaynak: www.kanalv.com.tr Haber Sitesinden Al\u0131nm\u0131\u015ft\u0131r.","og_url":"https:\/\/denizcankizil.tr\/uk\/haberler\/antalya\/tipide-kaybolan-cift-2-kuzusu-ve-tavuguna-sarilmis-halde-bulundu\/","og_site_name":"Av. Deniz Can K\u0131z\u0131l","article_published_time":"2024-11-26T06:41:16+00:00","og_image":[{"width":1280,"height":720,"url":"https:\/\/denizcankizil.tr\/wp-content\/uploads\/2024\/11\/3272-01-NVdbLt.jpeg","type":"image\/jpeg"}],"twitter_card":"summary_large_image","twitter_misc":{"\u041f\u0440\u0438\u0431\u043b. \u0447\u0430\u0441 \u0447\u0438\u0442\u0430\u043d\u043d\u044f":"1 \u0445\u0432\u0438\u043b\u0438\u043d\u0430"},"schema":{"@context":"https:\/\/schema.org","@graph":[{"@type":"Article","@id":"https:\/\/denizcankizil.tr\/uk\/haberler\/antalya\/tipide-kaybolan-cift-2-kuzusu-ve-tavuguna-sarilmis-halde-bulundu\/#article","isPartOf":{"@id":"https:\/\/denizcankizil.tr\/uk\/haberler\/antalya\/tipide-kaybolan-cift-2-kuzusu-ve-tavuguna-sarilmis-halde-bulundu\/"},"author":{"name":"","@id":""},"headline":"Tipide kaybolan \u00e7ift, 2 kuzusu ve tavu\u011funa sar\u0131lm\u0131\u015f halde bulundu","datePublished":"2024-11-26T06:41:16+00:00","mainEntityOfPage":{"@id":"https:\/\/denizcankizil.tr\/uk\/haberler\/antalya\/tipide-kaybolan-cift-2-kuzusu-ve-tavuguna-sarilmis-halde-bulundu\/"},"wordCount":270,"commentCount":0,"publisher":{"@id":"https:\/\/denizcankizil.tr\/#organization"},"image":{"@id":"https:\/\/denizcankizil.tr\/uk\/haberler\/antalya\/tipide-kaybolan-cift-2-kuzusu-ve-tavuguna-sarilmis-halde-bulundu\/#primaryimage"},"thumbnailUrl":"https:\/\/denizcankizil.tr\/wp-content\/uploads\/2024\/11\/3272-01-NVdbLt.jpeg","articleSection":["Antalya","Uncategorized"],"inLanguage":"uk","potentialAction":[{"@type":"CommentAction","name":"Comment","target":["https:\/\/denizcankizil.tr\/uk\/haberler\/antalya\/tipide-kaybolan-cift-2-kuzusu-ve-tavuguna-sarilmis-halde-bulundu\/#respond"]}]},{"@type":"WebPage","@id":"https:\/\/denizcankizil.tr\/uk\/haberler\/antalya\/tipide-kaybolan-cift-2-kuzusu-ve-tavuguna-sarilmis-halde-bulundu\/","url":"https:\/\/denizcankizil.tr\/uk\/haberler\/antalya\/tipide-kaybolan-cift-2-kuzusu-ve-tavuguna-sarilmis-halde-bulundu\/","name":"Tipide kaybolan \u00e7ift, 2 kuzusu ve tavu\u011funa sar\u0131lm\u0131\u015f halde bulundu - Av. Deniz Can K\u0131z\u0131l","isPartOf":{"@id":"https:\/\/denizcankizil.tr\/#website"},"primaryImageOfPage":{"@id":"https:\/\/denizcankizil.tr\/uk\/haberler\/antalya\/tipide-kaybolan-cift-2-kuzusu-ve-tavuguna-sarilmis-halde-bulundu\/#primaryimage"},"image":{"@id":"https:\/\/denizcankizil.tr\/uk\/haberler\/antalya\/tipide-kaybolan-cift-2-kuzusu-ve-tavuguna-sarilmis-halde-bulundu\/#primaryimage"},"thumbnailUrl":"https:\/\/denizcankizil.tr\/wp-content\/uploads\/2024\/11\/3272-01-NVdbLt.jpeg","datePublished":"2024-11-26T06:41:16+00:00","breadcrumb":{"@id":"https:\/\/denizcankizil.tr\/uk\/haberler\/antalya\/tipide-kaybolan-cift-2-kuzusu-ve-tavuguna-sarilmis-halde-bulundu\/#breadcrumb"},"inLanguage":"uk","potentialAction":[{"@type":"ReadAction","target":["https:\/\/denizcankizil.tr\/uk\/haberler\/antalya\/tipide-kaybolan-cift-2-kuzusu-ve-tavuguna-sarilmis-halde-bulundu\/"]}]},{"@type":"ImageObject","inLanguage":"uk","@id":"https:\/\/denizcankizil.tr\/uk\/haberler\/antalya\/tipide-kaybolan-cift-2-kuzusu-ve-tavuguna-sarilmis-halde-bulundu\/#primaryimage","url":"https:\/\/denizcankizil.tr\/wp-content\/uploads\/2024\/11\/3272-01-NVdbLt.jpeg","contentUrl":"https:\/\/denizcankizil.tr\/wp-content\/uploads\/2024\/11\/3272-01-NVdbLt.jpeg","width":1280,"height":720},{"@type":"BreadcrumbList","@id":"https:\/\/denizcankizil.tr\/uk\/haberler\/antalya\/tipide-kaybolan-cift-2-kuzusu-ve-tavuguna-sarilmis-halde-bulundu\/#breadcrumb","itemListElement":[{"@type":"ListItem","position":1,"name":"Home","item":"https:\/\/denizcankizil.tr\/uk\/"},{"@type":"ListItem","position":2,"name":"Tipide kaybolan \u00e7ift, 2 kuzusu ve tavu\u011funa sar\u0131lm\u0131\u015f halde bulundu"}]},{"@type":"WebSite","@id":"https:\/\/denizcankizil.tr\/#website","url":"https:\/\/denizcankizil.tr\/","name":"Av. Deniz Can K\u0131z\u0131l","description":"Avukat Deniz Can K\u0131z\u0131l Antalya Barosu","publisher":{"@id":"https:\/\/denizcankizil.tr\/#organization"},"potentialAction":[{"@type":"SearchAction","target":{"@type":"EntryPoint","urlTemplate":"https:\/\/denizcankizil.tr\/?s={search_term_string}"},"query-input":{"@type":"PropertyValueSpecification","valueRequired":true,"valueName":"search_term_string"}}],"inLanguage":"uk"},{"@type":"Organization","@id":"https:\/\/denizcankizil.tr\/#organization","name":"Av. Deniz Can K\u0131z\u0131l","url":"https:\/\/denizcankizil.tr\/","logo":{"@type":"ImageObject","inLanguage":"uk","@id":"https:\/\/denizcankizil.tr\/#\/schema\/logo\/image\/","url":"https:\/\/denizcankizil.tr\/wp-content\/uploads\/2024\/10\/siyah-logo-svg.svg","contentUrl":"https:\/\/denizcankizil.tr\/wp-content\/uploads\/2024\/10\/siyah-logo-svg.svg","width":1080,"height":1080,"caption":"Av. Deniz Can K\u0131z\u0131l"},"image":{"@id":"https:\/\/denizcankizil.tr\/#\/schema\/logo\/image\/"}}]}},"_links":{"self":[{"href":"https:\/\/denizcankizil.tr\/uk\/wp-json\/wp\/v2\/posts\/17661","targetHints":{"allow":["GET"]}}],"collection":[{"href":"https:\/\/denizcankizil.tr\/uk\/wp-json\/wp\/v2\/posts"}],"about":[{"href":"https:\/\/denizcankizil.tr\/uk\/wp-json\/wp\/v2\/types\/post"}],"replies":[{"embeddable":true,"href":"https:\/\/denizcankizil.tr\/uk\/wp-json\/wp\/v2\/comments?post=17661"}],"version-history":[{"count":0,"href":"https:\/\/denizcankizil.tr\/uk\/wp-json\/wp\/v2\/posts\/17661\/revisions"}],"wp:featuredmedia":[{"embeddable":true,"href":"https:\/\/denizcankizil.tr\/uk\/wp-json\/wp\/v2\/media\/17662"}],"wp:attachment":[{"href":"https:\/\/denizcankizil.tr\/uk\/wp-json\/wp\/v2\/media?parent=17661"}],"wp:term":[{"taxonomy":"category","embeddable":true,"href":"https:\/\/denizcankizil.tr\/uk\/wp-json\/wp\/v2\/categories?post=17661"},{"taxonomy":"post_tag","embeddable":true,"href":"https:\/\/denizcankizil.tr\/uk\/wp-json\/wp\/v2\/tags?post=17661"}],"curies":[{"name":"wp","href":"https:\/\/api.w.org\/{rel}","templated":true}]}}