{"id":17538,"date":"2024-11-25T14:41:22","date_gmt":"2024-11-25T11:41:22","guid":{"rendered":"https:\/\/denizcankizil.tr\/uncategorized-tr\/cocuklarda-boyun-sisliklerine-dikkat\/"},"modified":"2024-11-25T14:41:22","modified_gmt":"2024-11-25T11:41:22","slug":"cocuklarda-boyun-sisliklerine-dikkat","status":"publish","type":"post","link":"https:\/\/denizcankizil.tr\/uk\/haberler\/antalya\/cocuklarda-boyun-sisliklerine-dikkat\/","title":{"rendered":"\u00c7ocuklarda boyun \u015fi\u015fliklerine dikkat"},"content":{"rendered":"<p>O\u011fuz, \u201cLenf nodlar\u0131n\u0131n b\u00fcy\u00fckl\u00fc\u011f\u00fcn\u00fcn \u00f6nemsenmesi gerekiyor. \u00c7\u00fcnk\u00fc, bazen ciddi hastal\u0131klar alt\u0131nda ortaya \u00e7\u0131kabiliyor. Hekimler taraf\u0131ndan bunun de\u011ferlendirip incelenmesi gerekiyor, \u00f6nemsenmezse ge\u00e7 tan\u0131lara yol a\u00e7abiliyor. \u00d6rne\u011fin, bir kanser tan\u0131s\u0131n\u0131 ge\u00e7 koyabiliyoruz\u201d dedi.<br \/>\nBasit bir \u00e7izik, yara ya da so\u011fuk alg\u0131nl\u0131\u011f\u0131 \u00e7ocuklarda lenf bezi b\u00fcy\u00fcmesine yol a\u00e7abiliyor. Ancak kanser gibi ciddi hastal\u0131klar da lenf bezleri ile belirti verebiliyor. Bu nedenle lenf bezlerinin takibi b\u00fcy\u00fck \u00f6nem ta\u015f\u0131yor. 45. Ulusal Radyoloji Kongresi i\u00e7in Antalya\u2019da bulunan Hacettepe \u00dcniversitesi T\u0131p Fak\u00fcltesi \u00d6\u011fretim \u00dcyesi Prof. Dr. Berna O\u011fuz, lenf bezi b\u00fcy\u00fcmesinin baz\u0131 durumlarda ciddi hastal\u0131klar\u0131n habercisi olabilece\u011fini i\u015faret etti.<\/p>\n<p>\u201c\u00d6rne\u011fin, bir kanser tan\u0131s\u0131n\u0131 ge\u00e7 koyabiliyoruz\u201d<br \/>\nAilelerin \u00e7ocuklar\u0131yla ilgili herhangi bir \u015fikayette hekime ba\u015fvurmas\u0131 gerekti\u011fini ifade eden Prof. Dr. Berna O\u011fuz, \u201cBoyun \u015fi\u015flikleri \u00e7ocuklarda s\u0131k\u00e7a rastlan\u0131lan bir sa\u011fl\u0131k sorunu. Bunun nedeni, \u00e7o\u011funlukla enfeksiyonlara ba\u011fl\u0131 \u015fi\u015flikler ve ge\u00e7ici durumlar, bunlar\u0131 \u00e7ok da ileri tetkik yapmaya gerek yok. Ama baz\u0131 durumlarda lenf nodu b\u00fcy\u00fckl\u00fckleri ciddi hastal\u0131klar\u0131n habercisi olabilir. Bu nedenle hepsi \u00f6nemsenmeli. E\u011fer enfeksiyonla uyumlu bir semptom varsa bu \u015fi\u015flikle birlikte bir enfeksiyondur ve gerekli tedavi yap\u0131ld\u0131ktan sonra gerilemesini bekleriz. Ama gerilemeyen, a\u011fr\u0131l\u0131 olmayan, giderek b\u00fcy\u00fcyen lenf bezlerinde mutlaka radyolojik tetkiklerin yap\u0131lmas\u0131 gerekiyor ve bunun i\u00e7in de ilk ba\u015fta ultrasonografi yap\u0131yoruz. Ultrasonografiyle bu lenf nodlar\u0131n\u0131n \u00f6zelli\u011fini, yap\u0131s\u0131n\u0131, b\u00fcy\u00fckl\u00fc\u011f\u00fcn\u00fc g\u00f6rebiliyoruz ve enfeksiyon olanlarla enfeksiyon olmayan hastal\u0131klar\u0131 y\u00fczde 100 de\u011fil ama b\u00fcy\u00fck oranda ay\u0131rt edebiliyoruz. \u00d6rne\u011fin diyoruz ki; bu bir reaktif lenf nodu, enfeksiyona ba\u011fl\u0131 bir lenf nodu olabilir. Bu nedenle takip etmemiz gerekir. Onun i\u00e7in 3 ay sonra tekrar bir ultrasonla takip ediyoruz. Ama kritik bir hastal\u0131\u011f\u0131 bize, bir kanseri d\u00fc\u015f\u00fcnd\u00fcr\u00fcyorsa zaten o biyopsinin \u00f6rneklenmesini \u00f6neriyoruz ya da ba\u015fka bir detayl\u0131 g\u00f6r\u00fcnt\u00fcleme y\u00f6ntemine ihtiya\u00e7 duyuyorsak onu \u00f6neriyoruz. Ailelerimize verece\u011fimiz mesaj \u015fu, lenf nodlar\u0131n\u0131n b\u00fcy\u00fckl\u00fc\u011f\u00fcn\u00fcn \u00f6nemsenmesi gerekiyor. \u00c7\u00fcnk\u00fc bazen ciddi hastal\u0131klar alt\u0131nda ortaya \u00e7\u0131kabiliyor. Hekimler taraf\u0131ndan bunun de\u011ferlendirip incelenmesi gerekiyor. \u00d6nemsenmezse, ge\u00e7 tan\u0131lara yol a\u00e7abiliyor. \u00d6rne\u011fin, bir kanser tan\u0131s\u0131n\u0131 ge\u00e7 koyabiliyoruz\u201d diye konu\u015ftu.<\/p>\n<p>Kaynak: www.kanalv.com.tr Haber Sitesinden Al\u0131nm\u0131\u015ft\u0131r.<\/p>","protected":false},"excerpt":{"rendered":"<p>O\u011fuz, \u201cLenf nodlar\u0131n\u0131n b\u00fcy\u00fckl\u00fc\u011f\u00fcn\u00fcn \u00f6nemsenmesi gerekiyor. \u00c7\u00fcnk\u00fc, bazen ciddi hastal\u0131klar alt\u0131nda ortaya \u00e7\u0131kabiliyor. Hekimler taraf\u0131ndan bunun de\u011ferlendirip incelenmesi gerekiyor, \u00f6nemsenmezse ge\u00e7 tan\u0131lara yol a\u00e7abiliyor. \u00d6rne\u011fin, bir kanser tan\u0131s\u0131n\u0131 ge\u00e7 koyabiliyoruz\u201d dedi. Basit bir \u00e7izik, yara ya da so\u011fuk alg\u0131nl\u0131\u011f\u0131 \u00e7ocuklarda lenf bezi b\u00fcy\u00fcmesine yol a\u00e7abiliyor. Ancak kanser gibi ciddi hastal\u0131klar da lenf bezleri ile belirti verebiliyor. Bu nedenle lenf bezlerinin takibi b\u00fcy\u00fck \u00f6nem ta\u015f\u0131yor. 45. Ulusal Radyoloji Kongresi i\u00e7in Antalya\u2019da bulunan Hacettepe \u00dcniversitesi T\u0131p Fak\u00fcltesi \u00d6\u011fretim \u00dcyesi Prof. Dr. Berna O\u011fuz, lenf bezi b\u00fcy\u00fcmesinin baz\u0131 durumlarda ciddi hastal\u0131klar\u0131n habercisi olabilece\u011fini i\u015faret etti. \u201c\u00d6rne\u011fin, bir kanser tan\u0131s\u0131n\u0131 ge\u00e7 koyabiliyoruz\u201d Ailelerin \u00e7ocuklar\u0131yla ilgili herhangi bir \u015fikayette hekime ba\u015fvurmas\u0131 gerekti\u011fini ifade eden Prof. Dr. Berna O\u011fuz, \u201cBoyun \u015fi\u015flikleri \u00e7ocuklarda s\u0131k\u00e7a rastlan\u0131lan bir sa\u011fl\u0131k sorunu. Bunun nedeni, \u00e7o\u011funlukla enfeksiyonlara ba\u011fl\u0131 \u015fi\u015flikler ve ge\u00e7ici durumlar, bunlar\u0131 \u00e7ok da ileri tetkik yapmaya gerek yok. Ama baz\u0131 durumlarda lenf nodu b\u00fcy\u00fckl\u00fckleri ciddi hastal\u0131klar\u0131n habercisi olabilir. Bu nedenle hepsi \u00f6nemsenmeli. E\u011fer enfeksiyonla uyumlu bir semptom varsa bu \u015fi\u015flikle birlikte bir enfeksiyondur ve gerekli tedavi yap\u0131ld\u0131ktan sonra gerilemesini bekleriz. Ama gerilemeyen, a\u011fr\u0131l\u0131 olmayan, giderek b\u00fcy\u00fcyen lenf bezlerinde mutlaka radyolojik tetkiklerin yap\u0131lmas\u0131 gerekiyor ve bunun i\u00e7in de ilk ba\u015fta ultrasonografi yap\u0131yoruz. Ultrasonografiyle bu lenf nodlar\u0131n\u0131n \u00f6zelli\u011fini, yap\u0131s\u0131n\u0131, b\u00fcy\u00fckl\u00fc\u011f\u00fcn\u00fc g\u00f6rebiliyoruz ve &hellip;<\/p>","protected":false},"author":0,"featured_media":17539,"comment_status":"open","ping_status":"open","sticky":false,"template":"","format":"standard","meta":{"_acf_changed":false,"footnotes":""},"categories":[26,535],"tags":[],"class_list":["post-17538","post","type-post","status-publish","format-standard","has-post-thumbnail","hentry","category-antalya","category-uncategorized-tr"],"acf":[],"yoast_head":"<!-- This site is optimized with the Yoast SEO Premium plugin v26.6 (Yoast SEO v27.1.1) - https:\/\/yoast.com\/product\/yoast-seo-premium-wordpress\/ -->\n<title>\u00c7ocuklarda boyun \u015fi\u015fliklerine dikkat - Av. Deniz Can K\u0131z\u0131l<\/title>\n<meta name=\"robots\" content=\"index, follow, max-snippet:-1, max-image-preview:large, max-video-preview:-1\" \/>\n<link rel=\"canonical\" href=\"http:\/\/denizcankizil.tr\/uk\/haberler\/antalya\/cocuklarda-boyun-sisliklerine-dikkat\/\" \/>\n<meta property=\"og:locale\" content=\"uk_UA\" \/>\n<meta property=\"og:type\" content=\"article\" \/>\n<meta property=\"og:title\" content=\"\u00c7ocuklarda boyun \u015fi\u015fliklerine dikkat\" \/>\n<meta property=\"og:description\" content=\"O\u011fuz, \u201cLenf nodlar\u0131n\u0131n b\u00fcy\u00fckl\u00fc\u011f\u00fcn\u00fcn \u00f6nemsenmesi gerekiyor. \u00c7\u00fcnk\u00fc, bazen ciddi hastal\u0131klar alt\u0131nda ortaya \u00e7\u0131kabiliyor. Hekimler taraf\u0131ndan bunun de\u011ferlendirip incelenmesi gerekiyor, \u00f6nemsenmezse ge\u00e7 tan\u0131lara yol a\u00e7abiliyor. \u00d6rne\u011fin, bir kanser tan\u0131s\u0131n\u0131 ge\u00e7 koyabiliyoruz\u201d dedi. Basit bir \u00e7izik, yara ya da so\u011fuk alg\u0131nl\u0131\u011f\u0131 \u00e7ocuklarda lenf bezi b\u00fcy\u00fcmesine yol a\u00e7abiliyor. Ancak kanser gibi ciddi hastal\u0131klar da lenf bezleri ile belirti verebiliyor. Bu nedenle lenf bezlerinin takibi b\u00fcy\u00fck \u00f6nem ta\u015f\u0131yor. 45. Ulusal Radyoloji Kongresi i\u00e7in Antalya\u2019da bulunan Hacettepe \u00dcniversitesi T\u0131p Fak\u00fcltesi \u00d6\u011fretim \u00dcyesi Prof. Dr. Berna O\u011fuz, lenf bezi b\u00fcy\u00fcmesinin baz\u0131 durumlarda ciddi hastal\u0131klar\u0131n habercisi olabilece\u011fini i\u015faret etti. \u201c\u00d6rne\u011fin, bir kanser tan\u0131s\u0131n\u0131 ge\u00e7 koyabiliyoruz\u201d Ailelerin \u00e7ocuklar\u0131yla ilgili herhangi bir \u015fikayette hekime ba\u015fvurmas\u0131 gerekti\u011fini ifade eden Prof. Dr. Berna O\u011fuz, \u201cBoyun \u015fi\u015flikleri \u00e7ocuklarda s\u0131k\u00e7a rastlan\u0131lan bir sa\u011fl\u0131k sorunu. Bunun nedeni, \u00e7o\u011funlukla enfeksiyonlara ba\u011fl\u0131 \u015fi\u015flikler ve ge\u00e7ici durumlar, bunlar\u0131 \u00e7ok da ileri tetkik yapmaya gerek yok. Ama baz\u0131 durumlarda lenf nodu b\u00fcy\u00fckl\u00fckleri ciddi hastal\u0131klar\u0131n habercisi olabilir. Bu nedenle hepsi \u00f6nemsenmeli. E\u011fer enfeksiyonla uyumlu bir semptom varsa bu \u015fi\u015flikle birlikte bir enfeksiyondur ve gerekli tedavi yap\u0131ld\u0131ktan sonra gerilemesini bekleriz. Ama gerilemeyen, a\u011fr\u0131l\u0131 olmayan, giderek b\u00fcy\u00fcyen lenf bezlerinde mutlaka radyolojik tetkiklerin yap\u0131lmas\u0131 gerekiyor ve bunun i\u00e7in de ilk ba\u015fta ultrasonografi yap\u0131yoruz. Ultrasonografiyle bu lenf nodlar\u0131n\u0131n \u00f6zelli\u011fini, yap\u0131s\u0131n\u0131, b\u00fcy\u00fckl\u00fc\u011f\u00fcn\u00fc g\u00f6rebiliyoruz ve &hellip;\" \/>\n<meta property=\"og:url\" content=\"http:\/\/denizcankizil.tr\/uk\/haberler\/antalya\/cocuklarda-boyun-sisliklerine-dikkat\/\" \/>\n<meta property=\"og:site_name\" content=\"Av. Deniz Can K\u0131z\u0131l\" \/>\n<meta property=\"article:published_time\" content=\"2024-11-25T11:41:22+00:00\" \/>\n<meta property=\"og:image\" content=\"http:\/\/denizcankizil.tr\/wp-content\/uploads\/2024\/11\/3265-01-OUFFCS.jpeg\" \/>\n\t<meta property=\"og:image:width\" content=\"1280\" \/>\n\t<meta property=\"og:image:height\" content=\"720\" \/>\n\t<meta property=\"og:image:type\" content=\"image\/jpeg\" \/>\n<meta name=\"twitter:card\" content=\"summary_large_image\" \/>\n<meta name=\"twitter:label1\" content=\"\u041f\u0440\u0438\u0431\u043b. \u0447\u0430\u0441 \u0447\u0438\u0442\u0430\u043d\u043d\u044f\" \/>\n\t<meta name=\"twitter:data1\" content=\"2 \u0445\u0432\u0438\u043b\u0438\u043d\u0438\" \/>\n<script type=\"application\/ld+json\" class=\"yoast-schema-graph\">{\"@context\":\"https:\/\/schema.org\",\"@graph\":[{\"@type\":\"Article\",\"@id\":\"http:\/\/denizcankizil.tr\/de\/haberler\/antalya\/cocuklarda-boyun-sisliklerine-dikkat\/#article\",\"isPartOf\":{\"@id\":\"http:\/\/denizcankizil.tr\/de\/haberler\/antalya\/cocuklarda-boyun-sisliklerine-dikkat\/\"},\"author\":{\"name\":\"\",\"@id\":\"\"},\"headline\":\"\u00c7ocuklarda boyun \u015fi\u015fliklerine dikkat\",\"datePublished\":\"2024-11-25T11:41:22+00:00\",\"mainEntityOfPage\":{\"@id\":\"http:\/\/denizcankizil.tr\/de\/haberler\/antalya\/cocuklarda-boyun-sisliklerine-dikkat\/\"},\"wordCount\":427,\"commentCount\":0,\"publisher\":{\"@id\":\"https:\/\/denizcankizil.tr\/#organization\"},\"image\":{\"@id\":\"http:\/\/denizcankizil.tr\/de\/haberler\/antalya\/cocuklarda-boyun-sisliklerine-dikkat\/#primaryimage\"},\"thumbnailUrl\":\"https:\/\/denizcankizil.tr\/wp-content\/uploads\/2024\/11\/3265-01-OUFFCS.jpeg\",\"articleSection\":[\"Antalya\",\"Uncategorized\"],\"inLanguage\":\"uk\",\"potentialAction\":[{\"@type\":\"CommentAction\",\"name\":\"Comment\",\"target\":[\"http:\/\/denizcankizil.tr\/de\/haberler\/antalya\/cocuklarda-boyun-sisliklerine-dikkat\/#respond\"]}]},{\"@type\":\"WebPage\",\"@id\":\"http:\/\/denizcankizil.tr\/de\/haberler\/antalya\/cocuklarda-boyun-sisliklerine-dikkat\/\",\"url\":\"http:\/\/denizcankizil.tr\/de\/haberler\/antalya\/cocuklarda-boyun-sisliklerine-dikkat\/\",\"name\":\"\u00c7ocuklarda boyun \u015fi\u015fliklerine dikkat - Av. Deniz Can K\u0131z\u0131l\",\"isPartOf\":{\"@id\":\"https:\/\/denizcankizil.tr\/#website\"},\"primaryImageOfPage\":{\"@id\":\"http:\/\/denizcankizil.tr\/de\/haberler\/antalya\/cocuklarda-boyun-sisliklerine-dikkat\/#primaryimage\"},\"image\":{\"@id\":\"http:\/\/denizcankizil.tr\/de\/haberler\/antalya\/cocuklarda-boyun-sisliklerine-dikkat\/#primaryimage\"},\"thumbnailUrl\":\"https:\/\/denizcankizil.tr\/wp-content\/uploads\/2024\/11\/3265-01-OUFFCS.jpeg\",\"datePublished\":\"2024-11-25T11:41:22+00:00\",\"breadcrumb\":{\"@id\":\"http:\/\/denizcankizil.tr\/de\/haberler\/antalya\/cocuklarda-boyun-sisliklerine-dikkat\/#breadcrumb\"},\"inLanguage\":\"uk\",\"potentialAction\":[{\"@type\":\"ReadAction\",\"target\":[\"http:\/\/denizcankizil.tr\/de\/haberler\/antalya\/cocuklarda-boyun-sisliklerine-dikkat\/\"]}]},{\"@type\":\"ImageObject\",\"inLanguage\":\"uk\",\"@id\":\"http:\/\/denizcankizil.tr\/de\/haberler\/antalya\/cocuklarda-boyun-sisliklerine-dikkat\/#primaryimage\",\"url\":\"https:\/\/denizcankizil.tr\/wp-content\/uploads\/2024\/11\/3265-01-OUFFCS.jpeg\",\"contentUrl\":\"https:\/\/denizcankizil.tr\/wp-content\/uploads\/2024\/11\/3265-01-OUFFCS.jpeg\",\"width\":1280,\"height\":720},{\"@type\":\"BreadcrumbList\",\"@id\":\"http:\/\/denizcankizil.tr\/de\/haberler\/antalya\/cocuklarda-boyun-sisliklerine-dikkat\/#breadcrumb\",\"itemListElement\":[{\"@type\":\"ListItem\",\"position\":1,\"name\":\"Home\",\"item\":\"https:\/\/denizcankizil.tr\/de\/\"},{\"@type\":\"ListItem\",\"position\":2,\"name\":\"\u00c7ocuklarda boyun \u015fi\u015fliklerine dikkat\"}]},{\"@type\":\"WebSite\",\"@id\":\"https:\/\/denizcankizil.tr\/#website\",\"url\":\"https:\/\/denizcankizil.tr\/\",\"name\":\"Av. Deniz Can K\u0131z\u0131l\",\"description\":\"Avukat Deniz Can K\u0131z\u0131l Antalya Barosu\",\"publisher\":{\"@id\":\"https:\/\/denizcankizil.tr\/#organization\"},\"potentialAction\":[{\"@type\":\"SearchAction\",\"target\":{\"@type\":\"EntryPoint\",\"urlTemplate\":\"https:\/\/denizcankizil.tr\/?s={search_term_string}\"},\"query-input\":{\"@type\":\"PropertyValueSpecification\",\"valueRequired\":true,\"valueName\":\"search_term_string\"}}],\"inLanguage\":\"uk\"},{\"@type\":\"Organization\",\"@id\":\"https:\/\/denizcankizil.tr\/#organization\",\"name\":\"Av. Deniz Can K\u0131z\u0131l\",\"url\":\"https:\/\/denizcankizil.tr\/\",\"logo\":{\"@type\":\"ImageObject\",\"inLanguage\":\"uk\",\"@id\":\"https:\/\/denizcankizil.tr\/#\/schema\/logo\/image\/\",\"url\":\"https:\/\/denizcankizil.tr\/wp-content\/uploads\/2024\/10\/siyah-logo-svg.svg\",\"contentUrl\":\"https:\/\/denizcankizil.tr\/wp-content\/uploads\/2024\/10\/siyah-logo-svg.svg\",\"width\":1080,\"height\":1080,\"caption\":\"Av. Deniz Can K\u0131z\u0131l\"},\"image\":{\"@id\":\"https:\/\/denizcankizil.tr\/#\/schema\/logo\/image\/\"}}]}<\/script>\n<!-- \/ Yoast SEO Premium plugin. -->","yoast_head_json":{"title":"\u00c7ocuklarda boyun \u015fi\u015fliklerine dikkat - Av. Deniz Can K\u0131z\u0131l","robots":{"index":"index","follow":"follow","max-snippet":"max-snippet:-1","max-image-preview":"max-image-preview:large","max-video-preview":"max-video-preview:-1"},"canonical":"http:\/\/denizcankizil.tr\/uk\/haberler\/antalya\/cocuklarda-boyun-sisliklerine-dikkat\/","og_locale":"uk_UA","og_type":"article","og_title":"\u00c7ocuklarda boyun \u015fi\u015fliklerine dikkat","og_description":"O\u011fuz, \u201cLenf nodlar\u0131n\u0131n b\u00fcy\u00fckl\u00fc\u011f\u00fcn\u00fcn \u00f6nemsenmesi gerekiyor. \u00c7\u00fcnk\u00fc, bazen ciddi hastal\u0131klar alt\u0131nda ortaya \u00e7\u0131kabiliyor. Hekimler taraf\u0131ndan bunun de\u011ferlendirip incelenmesi gerekiyor, \u00f6nemsenmezse ge\u00e7 tan\u0131lara yol a\u00e7abiliyor. \u00d6rne\u011fin, bir kanser tan\u0131s\u0131n\u0131 ge\u00e7 koyabiliyoruz\u201d dedi. Basit bir \u00e7izik, yara ya da so\u011fuk alg\u0131nl\u0131\u011f\u0131 \u00e7ocuklarda lenf bezi b\u00fcy\u00fcmesine yol a\u00e7abiliyor. Ancak kanser gibi ciddi hastal\u0131klar da lenf bezleri ile belirti verebiliyor. Bu nedenle lenf bezlerinin takibi b\u00fcy\u00fck \u00f6nem ta\u015f\u0131yor. 45. Ulusal Radyoloji Kongresi i\u00e7in Antalya\u2019da bulunan Hacettepe \u00dcniversitesi T\u0131p Fak\u00fcltesi \u00d6\u011fretim \u00dcyesi Prof. Dr. Berna O\u011fuz, lenf bezi b\u00fcy\u00fcmesinin baz\u0131 durumlarda ciddi hastal\u0131klar\u0131n habercisi olabilece\u011fini i\u015faret etti. \u201c\u00d6rne\u011fin, bir kanser tan\u0131s\u0131n\u0131 ge\u00e7 koyabiliyoruz\u201d Ailelerin \u00e7ocuklar\u0131yla ilgili herhangi bir \u015fikayette hekime ba\u015fvurmas\u0131 gerekti\u011fini ifade eden Prof. Dr. Berna O\u011fuz, \u201cBoyun \u015fi\u015flikleri \u00e7ocuklarda s\u0131k\u00e7a rastlan\u0131lan bir sa\u011fl\u0131k sorunu. Bunun nedeni, \u00e7o\u011funlukla enfeksiyonlara ba\u011fl\u0131 \u015fi\u015flikler ve ge\u00e7ici durumlar, bunlar\u0131 \u00e7ok da ileri tetkik yapmaya gerek yok. Ama baz\u0131 durumlarda lenf nodu b\u00fcy\u00fckl\u00fckleri ciddi hastal\u0131klar\u0131n habercisi olabilir. Bu nedenle hepsi \u00f6nemsenmeli. E\u011fer enfeksiyonla uyumlu bir semptom varsa bu \u015fi\u015flikle birlikte bir enfeksiyondur ve gerekli tedavi yap\u0131ld\u0131ktan sonra gerilemesini bekleriz. Ama gerilemeyen, a\u011fr\u0131l\u0131 olmayan, giderek b\u00fcy\u00fcyen lenf bezlerinde mutlaka radyolojik tetkiklerin yap\u0131lmas\u0131 gerekiyor ve bunun i\u00e7in de ilk ba\u015fta ultrasonografi yap\u0131yoruz. Ultrasonografiyle bu lenf nodlar\u0131n\u0131n \u00f6zelli\u011fini, yap\u0131s\u0131n\u0131, b\u00fcy\u00fckl\u00fc\u011f\u00fcn\u00fc g\u00f6rebiliyoruz ve &hellip;","og_url":"http:\/\/denizcankizil.tr\/uk\/haberler\/antalya\/cocuklarda-boyun-sisliklerine-dikkat\/","og_site_name":"Av. Deniz Can K\u0131z\u0131l","article_published_time":"2024-11-25T11:41:22+00:00","og_image":[{"width":1280,"height":720,"url":"http:\/\/denizcankizil.tr\/wp-content\/uploads\/2024\/11\/3265-01-OUFFCS.jpeg","type":"image\/jpeg"}],"twitter_card":"summary_large_image","twitter_misc":{"\u041f\u0440\u0438\u0431\u043b. \u0447\u0430\u0441 \u0447\u0438\u0442\u0430\u043d\u043d\u044f":"2 \u0445\u0432\u0438\u043b\u0438\u043d\u0438"},"schema":{"@context":"https:\/\/schema.org","@graph":[{"@type":"Article","@id":"http:\/\/denizcankizil.tr\/de\/haberler\/antalya\/cocuklarda-boyun-sisliklerine-dikkat\/#article","isPartOf":{"@id":"http:\/\/denizcankizil.tr\/de\/haberler\/antalya\/cocuklarda-boyun-sisliklerine-dikkat\/"},"author":{"name":"","@id":""},"headline":"\u00c7ocuklarda boyun \u015fi\u015fliklerine dikkat","datePublished":"2024-11-25T11:41:22+00:00","mainEntityOfPage":{"@id":"http:\/\/denizcankizil.tr\/de\/haberler\/antalya\/cocuklarda-boyun-sisliklerine-dikkat\/"},"wordCount":427,"commentCount":0,"publisher":{"@id":"https:\/\/denizcankizil.tr\/#organization"},"image":{"@id":"http:\/\/denizcankizil.tr\/de\/haberler\/antalya\/cocuklarda-boyun-sisliklerine-dikkat\/#primaryimage"},"thumbnailUrl":"https:\/\/denizcankizil.tr\/wp-content\/uploads\/2024\/11\/3265-01-OUFFCS.jpeg","articleSection":["Antalya","Uncategorized"],"inLanguage":"uk","potentialAction":[{"@type":"CommentAction","name":"Comment","target":["http:\/\/denizcankizil.tr\/de\/haberler\/antalya\/cocuklarda-boyun-sisliklerine-dikkat\/#respond"]}]},{"@type":"WebPage","@id":"http:\/\/denizcankizil.tr\/de\/haberler\/antalya\/cocuklarda-boyun-sisliklerine-dikkat\/","url":"http:\/\/denizcankizil.tr\/de\/haberler\/antalya\/cocuklarda-boyun-sisliklerine-dikkat\/","name":"\u00c7ocuklarda boyun \u015fi\u015fliklerine dikkat - Av. Deniz Can K\u0131z\u0131l","isPartOf":{"@id":"https:\/\/denizcankizil.tr\/#website"},"primaryImageOfPage":{"@id":"http:\/\/denizcankizil.tr\/de\/haberler\/antalya\/cocuklarda-boyun-sisliklerine-dikkat\/#primaryimage"},"image":{"@id":"http:\/\/denizcankizil.tr\/de\/haberler\/antalya\/cocuklarda-boyun-sisliklerine-dikkat\/#primaryimage"},"thumbnailUrl":"https:\/\/denizcankizil.tr\/wp-content\/uploads\/2024\/11\/3265-01-OUFFCS.jpeg","datePublished":"2024-11-25T11:41:22+00:00","breadcrumb":{"@id":"http:\/\/denizcankizil.tr\/de\/haberler\/antalya\/cocuklarda-boyun-sisliklerine-dikkat\/#breadcrumb"},"inLanguage":"uk","potentialAction":[{"@type":"ReadAction","target":["http:\/\/denizcankizil.tr\/de\/haberler\/antalya\/cocuklarda-boyun-sisliklerine-dikkat\/"]}]},{"@type":"ImageObject","inLanguage":"uk","@id":"http:\/\/denizcankizil.tr\/de\/haberler\/antalya\/cocuklarda-boyun-sisliklerine-dikkat\/#primaryimage","url":"https:\/\/denizcankizil.tr\/wp-content\/uploads\/2024\/11\/3265-01-OUFFCS.jpeg","contentUrl":"https:\/\/denizcankizil.tr\/wp-content\/uploads\/2024\/11\/3265-01-OUFFCS.jpeg","width":1280,"height":720},{"@type":"BreadcrumbList","@id":"http:\/\/denizcankizil.tr\/de\/haberler\/antalya\/cocuklarda-boyun-sisliklerine-dikkat\/#breadcrumb","itemListElement":[{"@type":"ListItem","position":1,"name":"Home","item":"https:\/\/denizcankizil.tr\/de\/"},{"@type":"ListItem","position":2,"name":"\u00c7ocuklarda boyun \u015fi\u015fliklerine dikkat"}]},{"@type":"WebSite","@id":"https:\/\/denizcankizil.tr\/#website","url":"https:\/\/denizcankizil.tr\/","name":"Av. Deniz Can K\u0131z\u0131l","description":"Avukat Deniz Can K\u0131z\u0131l Antalya Barosu","publisher":{"@id":"https:\/\/denizcankizil.tr\/#organization"},"potentialAction":[{"@type":"SearchAction","target":{"@type":"EntryPoint","urlTemplate":"https:\/\/denizcankizil.tr\/?s={search_term_string}"},"query-input":{"@type":"PropertyValueSpecification","valueRequired":true,"valueName":"search_term_string"}}],"inLanguage":"uk"},{"@type":"Organization","@id":"https:\/\/denizcankizil.tr\/#organization","name":"Av. Deniz Can K\u0131z\u0131l","url":"https:\/\/denizcankizil.tr\/","logo":{"@type":"ImageObject","inLanguage":"uk","@id":"https:\/\/denizcankizil.tr\/#\/schema\/logo\/image\/","url":"https:\/\/denizcankizil.tr\/wp-content\/uploads\/2024\/10\/siyah-logo-svg.svg","contentUrl":"https:\/\/denizcankizil.tr\/wp-content\/uploads\/2024\/10\/siyah-logo-svg.svg","width":1080,"height":1080,"caption":"Av. Deniz Can K\u0131z\u0131l"},"image":{"@id":"https:\/\/denizcankizil.tr\/#\/schema\/logo\/image\/"}}]}},"_links":{"self":[{"href":"https:\/\/denizcankizil.tr\/uk\/wp-json\/wp\/v2\/posts\/17538","targetHints":{"allow":["GET"]}}],"collection":[{"href":"https:\/\/denizcankizil.tr\/uk\/wp-json\/wp\/v2\/posts"}],"about":[{"href":"https:\/\/denizcankizil.tr\/uk\/wp-json\/wp\/v2\/types\/post"}],"replies":[{"embeddable":true,"href":"https:\/\/denizcankizil.tr\/uk\/wp-json\/wp\/v2\/comments?post=17538"}],"version-history":[{"count":0,"href":"https:\/\/denizcankizil.tr\/uk\/wp-json\/wp\/v2\/posts\/17538\/revisions"}],"wp:featuredmedia":[{"embeddable":true,"href":"https:\/\/denizcankizil.tr\/uk\/wp-json\/wp\/v2\/media\/17539"}],"wp:attachment":[{"href":"https:\/\/denizcankizil.tr\/uk\/wp-json\/wp\/v2\/media?parent=17538"}],"wp:term":[{"taxonomy":"category","embeddable":true,"href":"https:\/\/denizcankizil.tr\/uk\/wp-json\/wp\/v2\/categories?post=17538"},{"taxonomy":"post_tag","embeddable":true,"href":"https:\/\/denizcankizil.tr\/uk\/wp-json\/wp\/v2\/tags?post=17538"}],"curies":[{"name":"wp","href":"https:\/\/api.w.org\/{rel}","templated":true}]}}