{"id":17527,"date":"2024-11-25T13:41:32","date_gmt":"2024-11-25T10:41:32","guid":{"rendered":"https:\/\/denizcankizil.tr\/uncategorized-tr\/edebiyat-gunleri-sona-erdi\/"},"modified":"2024-11-25T13:41:32","modified_gmt":"2024-11-25T10:41:32","slug":"edebiyat-gunleri-sona-erdi","status":"publish","type":"post","link":"https:\/\/denizcankizil.tr\/uk\/haberler\/antalya\/edebiyat-gunleri-sona-erdi\/","title":{"rendered":"Edebiyat G\u00fcnleri sona erdi"},"content":{"rendered":"<p>Genel y\u00f6netmenli\u011fini Ferruh Tun\u00e7&#8217;un yapt\u0131\u011f\u0131 Antalya Edebiyat G\u00fcnleri&#8217;nin 9&#8217;uncusu, 22-24 Kas\u0131m tarihleri aras\u0131nda d\u00fczenlendi. Dan\u0131\u015fma kurulunda \u0130brahim Karao\u011flu, \u00d6zcan Karabulut, Prof. Dr. Nedret \u00d6ztokat K\u0131l\u0131\u00e7eri, Ahmet Telli, Nazmi A\u011f\u0131l, Ali Cengizkan, Tar\u0131k G\u00fcnersel, Tuncer \u00c7etinkaya, Do\u00e7. Dr. Serhan Ada ve G\u00fclnur Karaaslan&#8217;\u0131n yer ald\u0131\u011f\u0131 Edebiyat G\u00fcnleri&#8217;nin \u00f6yk\u00fc dal\u0131nda y\u0131l\u0131n en iyilerini belirleyen se\u00e7ici kurulu ise \u0130brahim Karao\u011flu, \u00d6zcan Karabulut, S\u00fcreyya K\u00f6le ve \u015eenay Ero\u011flu Aksoy&#8217;dan olu\u015ftu. T\u00fcrkan \u015eoray K\u00fclt\u00fcr Merkezi&#8217;nde \u00f6d\u00fcl t\u00f6reniyle ba\u015flayan etkinlik, 23-24 Kas\u0131m&#8217;da Prof. Dr. Erdal \u0130n\u00f6n\u00fc Kent Park\u0131&#8217;nda paneller, s\u00f6yle\u015filer, kitap imza etkinlikleri ile \u00f6yk\u00fc ve \u015fiir okumalar\u0131yla devam etti.<\/p>\n<p>Edebiyat\u0131n kalbi Muratpa\u015fa&#8217;da att\u0131<br \/>\nAntalya Edebiyat G\u00fcnleri&#8217;nde ikinci g\u00fcn Ferruh Tun\u00e7&#8217;un kolayla\u015ft\u0131r\u0131c\u0131 olarak yer ald\u0131\u011f\u0131 \u201cKli\u015fe ve Ara\u00e7salla\u015ft\u0131rmalar\u0131n \u00d6tesinde Akdeniz Duyarl\u0131l\u0131\u011f\u0131 ve Esteti\u011fi \u00dczerine Yakla\u015f\u0131mlar\u201d ba\u015fl\u0131kl\u0131 panelle devam etti. Panelde Do\u00e7. Dr. Serhan Ada, Prof. Dr. Ahmet \u0130nam, Prof. Dr. Nedret \u00d6ztokat K\u0131l\u0131\u00e7eri ve Prof. Dr. \u0130nge Uytterhoeven konu\u015fmac\u0131 oldu. Yazar ve \u015fairlerin sanatseverlerin kitaplar\u0131n\u0131 imzalamalar\u0131n\u0131n ard\u0131ndan Tar\u0131k G\u00fcnersel&#8217;in kolayla\u015ft\u0131r\u0131c\u0131 olarak yer ald\u0131\u011f\u0131 \u201c\u00dc\u00e7 K\u0131y\u0131dan \u015eiirler ve De\u011ferlendirmeler\u201d konulu etkinlik d\u00fczenlendi. Bu etkinlikte Nazmi A\u011f\u0131l, Yunan edebiyat\u0131na, Prof. Dr. Mehmet Hakk\u0131 Su\u00e7in, Filistin ve Arap edebiyat\u0131na ve Ahmet Telli ise T\u00fcrk edebiyat\u0131na dair de\u011ferlendirmelerde bulundu. Antalya Edebiyat G\u00fcnleri&#8217;nde ayr\u0131ca k\u0131sa s\u00f6yle\u015filer ve \u015fiir okumalar\u0131 i\u00e7in \u015fairler bir araya geldi. 15.45&#8217;te ba\u015flayan etkinlikte Nazmi A\u011f\u0131l, Prof. Dr. Baki Ayhan, G\u00fcl\u00fcmser \u00c7ankaya ve Altay \u00d6ktem \u015fiir severlerle bir araya gelerek, \u015fiirlerini Antalyal\u0131lar i\u00e7in okudu.<br \/>\nAntalya Edebiyat G\u00fcnleri&#8217;nin son g\u00fcn\u00fc \u201cEdebiyat\u0131m\u0131zda Akdeniz\u201d ba\u015fl\u0131kl\u0131 panelle ba\u015flad\u0131. Ahmet Telli&#8217;nin kolayla\u015ft\u0131r\u0131c\u0131 olarak yer ald\u0131\u011f\u0131 panelde Prof. Dr. Baki Ayhan, G\u00fcl\u00fcmser \u00c7ankaya ve \u00d6zcan Karabulut konu\u015fmac\u0131 oldu. Ard\u0131ndan \u015fiirlerini kent sakinleriyle payla\u015fmak \u00fczere Serhan Ada, Tar\u0131k G\u00fcnersel ve \u0130sa K\u00fc\u00e7\u00fck bir araya geldi. Programa kat\u0131lamayan El\u00e7in Sevgi Su\u00e7in&#8217;in \u015fiirlerini ise e\u015fi Yazar ve \u00c7evirmen Prof. Dr. Mehmet Hakk\u0131 Su\u00e7in okudu. \u015eairlerin ve sanatseverlerin kitaplar\u0131n\u0131 imzalamas\u0131n\u0131n ard\u0131ndan Antalya Edebiyat G\u00fcnleri&#8217;nin \u00f6d\u00fcl alan yazarlar\u0131 s\u00f6yle\u015fi ger\u00e7ekle\u015ftirdi. 9. Antalya Edebiyat G\u00fcnleri, \u201c\u0130\u00e7inden Antalya Ge\u00e7en \u015eiirler\u201d temal\u0131 \u015fiir okumalar\u0131yla sona erdi.<\/p>\n<p>Kaynak: www.kanalv.com.tr Haber Sitesinden Al\u0131nm\u0131\u015ft\u0131r.<\/p>","protected":false},"excerpt":{"rendered":"<p>Genel y\u00f6netmenli\u011fini Ferruh Tun\u00e7&#8217;un yapt\u0131\u011f\u0131 Antalya Edebiyat G\u00fcnleri&#8217;nin 9&#8217;uncusu, 22-24 Kas\u0131m tarihleri aras\u0131nda d\u00fczenlendi. Dan\u0131\u015fma kurulunda \u0130brahim Karao\u011flu, \u00d6zcan Karabulut, Prof. Dr. Nedret \u00d6ztokat K\u0131l\u0131\u00e7eri, Ahmet Telli, Nazmi A\u011f\u0131l, Ali Cengizkan, Tar\u0131k G\u00fcnersel, Tuncer \u00c7etinkaya, Do\u00e7. Dr. Serhan Ada ve G\u00fclnur Karaaslan&#8217;\u0131n yer ald\u0131\u011f\u0131 Edebiyat G\u00fcnleri&#8217;nin \u00f6yk\u00fc dal\u0131nda y\u0131l\u0131n en iyilerini belirleyen se\u00e7ici kurulu ise \u0130brahim Karao\u011flu, \u00d6zcan Karabulut, S\u00fcreyya K\u00f6le ve \u015eenay Ero\u011flu Aksoy&#8217;dan olu\u015ftu. T\u00fcrkan \u015eoray K\u00fclt\u00fcr Merkezi&#8217;nde \u00f6d\u00fcl t\u00f6reniyle ba\u015flayan etkinlik, 23-24 Kas\u0131m&#8217;da Prof. Dr. Erdal \u0130n\u00f6n\u00fc Kent Park\u0131&#8217;nda paneller, s\u00f6yle\u015filer, kitap imza etkinlikleri ile \u00f6yk\u00fc ve \u015fiir okumalar\u0131yla devam etti. Edebiyat\u0131n kalbi Muratpa\u015fa&#8217;da att\u0131 Antalya Edebiyat G\u00fcnleri&#8217;nde ikinci g\u00fcn Ferruh Tun\u00e7&#8217;un kolayla\u015ft\u0131r\u0131c\u0131 olarak yer ald\u0131\u011f\u0131 \u201cKli\u015fe ve Ara\u00e7salla\u015ft\u0131rmalar\u0131n \u00d6tesinde Akdeniz Duyarl\u0131l\u0131\u011f\u0131 ve Esteti\u011fi \u00dczerine Yakla\u015f\u0131mlar\u201d ba\u015fl\u0131kl\u0131 panelle devam etti. Panelde Do\u00e7. Dr. Serhan Ada, Prof. Dr. Ahmet \u0130nam, Prof. Dr. Nedret \u00d6ztokat K\u0131l\u0131\u00e7eri ve Prof. Dr. \u0130nge Uytterhoeven konu\u015fmac\u0131 oldu. Yazar ve \u015fairlerin sanatseverlerin kitaplar\u0131n\u0131 imzalamalar\u0131n\u0131n ard\u0131ndan Tar\u0131k G\u00fcnersel&#8217;in kolayla\u015ft\u0131r\u0131c\u0131 olarak yer ald\u0131\u011f\u0131 \u201c\u00dc\u00e7 K\u0131y\u0131dan \u015eiirler ve De\u011ferlendirmeler\u201d konulu etkinlik d\u00fczenlendi. Bu etkinlikte Nazmi A\u011f\u0131l, Yunan edebiyat\u0131na, Prof. Dr. Mehmet Hakk\u0131 Su\u00e7in, Filistin ve Arap edebiyat\u0131na ve Ahmet Telli ise T\u00fcrk edebiyat\u0131na dair de\u011ferlendirmelerde bulundu. Antalya Edebiyat G\u00fcnleri&#8217;nde ayr\u0131ca k\u0131sa s\u00f6yle\u015filer ve \u015fiir okumalar\u0131 i\u00e7in \u015fairler &hellip;<\/p>","protected":false},"author":0,"featured_media":17528,"comment_status":"open","ping_status":"open","sticky":false,"template":"","format":"standard","meta":{"_acf_changed":false,"footnotes":""},"categories":[26,535],"tags":[],"class_list":["post-17527","post","type-post","status-publish","format-standard","has-post-thumbnail","hentry","category-antalya","category-uncategorized-tr"],"acf":[],"yoast_head":"<!-- This site is optimized with the Yoast SEO Premium plugin v26.6 (Yoast SEO v27.1.1) - https:\/\/yoast.com\/product\/yoast-seo-premium-wordpress\/ -->\n<title>Edebiyat G\u00fcnleri sona erdi - Av. Deniz Can K\u0131z\u0131l<\/title>\n<meta name=\"robots\" content=\"index, follow, max-snippet:-1, max-image-preview:large, max-video-preview:-1\" \/>\n<link rel=\"canonical\" href=\"https:\/\/denizcankizil.tr\/uk\/haberler\/antalya\/edebiyat-gunleri-sona-erdi\/\" \/>\n<meta property=\"og:locale\" content=\"uk_UA\" \/>\n<meta property=\"og:type\" content=\"article\" \/>\n<meta property=\"og:title\" content=\"Edebiyat G\u00fcnleri sona erdi\" \/>\n<meta property=\"og:description\" content=\"Genel y\u00f6netmenli\u011fini Ferruh Tun\u00e7&#8217;un yapt\u0131\u011f\u0131 Antalya Edebiyat G\u00fcnleri&#8217;nin 9&#8217;uncusu, 22-24 Kas\u0131m tarihleri aras\u0131nda d\u00fczenlendi. Dan\u0131\u015fma kurulunda \u0130brahim Karao\u011flu, \u00d6zcan Karabulut, Prof. Dr. Nedret \u00d6ztokat K\u0131l\u0131\u00e7eri, Ahmet Telli, Nazmi A\u011f\u0131l, Ali Cengizkan, Tar\u0131k G\u00fcnersel, Tuncer \u00c7etinkaya, Do\u00e7. Dr. Serhan Ada ve G\u00fclnur Karaaslan&#8217;\u0131n yer ald\u0131\u011f\u0131 Edebiyat G\u00fcnleri&#8217;nin \u00f6yk\u00fc dal\u0131nda y\u0131l\u0131n en iyilerini belirleyen se\u00e7ici kurulu ise \u0130brahim Karao\u011flu, \u00d6zcan Karabulut, S\u00fcreyya K\u00f6le ve \u015eenay Ero\u011flu Aksoy&#8217;dan olu\u015ftu. T\u00fcrkan \u015eoray K\u00fclt\u00fcr Merkezi&#8217;nde \u00f6d\u00fcl t\u00f6reniyle ba\u015flayan etkinlik, 23-24 Kas\u0131m&#8217;da Prof. Dr. Erdal \u0130n\u00f6n\u00fc Kent Park\u0131&#8217;nda paneller, s\u00f6yle\u015filer, kitap imza etkinlikleri ile \u00f6yk\u00fc ve \u015fiir okumalar\u0131yla devam etti. Edebiyat\u0131n kalbi Muratpa\u015fa&#8217;da att\u0131 Antalya Edebiyat G\u00fcnleri&#8217;nde ikinci g\u00fcn Ferruh Tun\u00e7&#8217;un kolayla\u015ft\u0131r\u0131c\u0131 olarak yer ald\u0131\u011f\u0131 \u201cKli\u015fe ve Ara\u00e7salla\u015ft\u0131rmalar\u0131n \u00d6tesinde Akdeniz Duyarl\u0131l\u0131\u011f\u0131 ve Esteti\u011fi \u00dczerine Yakla\u015f\u0131mlar\u201d ba\u015fl\u0131kl\u0131 panelle devam etti. Panelde Do\u00e7. Dr. Serhan Ada, Prof. Dr. Ahmet \u0130nam, Prof. Dr. Nedret \u00d6ztokat K\u0131l\u0131\u00e7eri ve Prof. Dr. \u0130nge Uytterhoeven konu\u015fmac\u0131 oldu. Yazar ve \u015fairlerin sanatseverlerin kitaplar\u0131n\u0131 imzalamalar\u0131n\u0131n ard\u0131ndan Tar\u0131k G\u00fcnersel&#8217;in kolayla\u015ft\u0131r\u0131c\u0131 olarak yer ald\u0131\u011f\u0131 \u201c\u00dc\u00e7 K\u0131y\u0131dan \u015eiirler ve De\u011ferlendirmeler\u201d konulu etkinlik d\u00fczenlendi. Bu etkinlikte Nazmi A\u011f\u0131l, Yunan edebiyat\u0131na, Prof. Dr. Mehmet Hakk\u0131 Su\u00e7in, Filistin ve Arap edebiyat\u0131na ve Ahmet Telli ise T\u00fcrk edebiyat\u0131na dair de\u011ferlendirmelerde bulundu. Antalya Edebiyat G\u00fcnleri&#8217;nde ayr\u0131ca k\u0131sa s\u00f6yle\u015filer ve \u015fiir okumalar\u0131 i\u00e7in \u015fairler &hellip;\" \/>\n<meta property=\"og:url\" content=\"https:\/\/denizcankizil.tr\/uk\/haberler\/antalya\/edebiyat-gunleri-sona-erdi\/\" \/>\n<meta property=\"og:site_name\" content=\"Av. Deniz Can K\u0131z\u0131l\" \/>\n<meta property=\"article:published_time\" content=\"2024-11-25T10:41:32+00:00\" \/>\n<meta property=\"og:image\" content=\"https:\/\/denizcankizil.tr\/wp-content\/uploads\/2024\/11\/3262-01-Q1deYw.jpeg\" \/>\n\t<meta property=\"og:image:width\" content=\"1280\" \/>\n\t<meta property=\"og:image:height\" content=\"720\" \/>\n\t<meta property=\"og:image:type\" content=\"image\/jpeg\" \/>\n<meta name=\"twitter:card\" content=\"summary_large_image\" \/>\n<meta name=\"twitter:label1\" content=\"\u041f\u0440\u0438\u0431\u043b. \u0447\u0430\u0441 \u0447\u0438\u0442\u0430\u043d\u043d\u044f\" \/>\n\t<meta name=\"twitter:data1\" content=\"2 \u0445\u0432\u0438\u043b\u0438\u043d\u0438\" \/>\n<script type=\"application\/ld+json\" class=\"yoast-schema-graph\">{\"@context\":\"https:\/\/schema.org\",\"@graph\":[{\"@type\":\"Article\",\"@id\":\"https:\/\/denizcankizil.tr\/uk\/haberler\/antalya\/edebiyat-gunleri-sona-erdi\/#article\",\"isPartOf\":{\"@id\":\"https:\/\/denizcankizil.tr\/uk\/haberler\/antalya\/edebiyat-gunleri-sona-erdi\/\"},\"author\":{\"name\":\"\",\"@id\":\"\"},\"headline\":\"Edebiyat G\u00fcnleri sona erdi\",\"datePublished\":\"2024-11-25T10:41:32+00:00\",\"mainEntityOfPage\":{\"@id\":\"https:\/\/denizcankizil.tr\/uk\/haberler\/antalya\/edebiyat-gunleri-sona-erdi\/\"},\"wordCount\":468,\"commentCount\":0,\"publisher\":{\"@id\":\"https:\/\/denizcankizil.tr\/de\/#organization\"},\"image\":{\"@id\":\"https:\/\/denizcankizil.tr\/uk\/haberler\/antalya\/edebiyat-gunleri-sona-erdi\/#primaryimage\"},\"thumbnailUrl\":\"https:\/\/denizcankizil.tr\/wp-content\/uploads\/2024\/11\/3262-01-Q1deYw.jpeg\",\"articleSection\":[\"Antalya\",\"Uncategorized\"],\"inLanguage\":\"uk\",\"potentialAction\":[{\"@type\":\"CommentAction\",\"name\":\"Comment\",\"target\":[\"https:\/\/denizcankizil.tr\/uk\/haberler\/antalya\/edebiyat-gunleri-sona-erdi\/#respond\"]}]},{\"@type\":\"WebPage\",\"@id\":\"https:\/\/denizcankizil.tr\/uk\/haberler\/antalya\/edebiyat-gunleri-sona-erdi\/\",\"url\":\"https:\/\/denizcankizil.tr\/uk\/haberler\/antalya\/edebiyat-gunleri-sona-erdi\/\",\"name\":\"Edebiyat G\u00fcnleri sona erdi - Av. Deniz Can K\u0131z\u0131l\",\"isPartOf\":{\"@id\":\"https:\/\/denizcankizil.tr\/de\/#website\"},\"primaryImageOfPage\":{\"@id\":\"https:\/\/denizcankizil.tr\/uk\/haberler\/antalya\/edebiyat-gunleri-sona-erdi\/#primaryimage\"},\"image\":{\"@id\":\"https:\/\/denizcankizil.tr\/uk\/haberler\/antalya\/edebiyat-gunleri-sona-erdi\/#primaryimage\"},\"thumbnailUrl\":\"https:\/\/denizcankizil.tr\/wp-content\/uploads\/2024\/11\/3262-01-Q1deYw.jpeg\",\"datePublished\":\"2024-11-25T10:41:32+00:00\",\"breadcrumb\":{\"@id\":\"https:\/\/denizcankizil.tr\/uk\/haberler\/antalya\/edebiyat-gunleri-sona-erdi\/#breadcrumb\"},\"inLanguage\":\"uk\",\"potentialAction\":[{\"@type\":\"ReadAction\",\"target\":[\"https:\/\/denizcankizil.tr\/uk\/haberler\/antalya\/edebiyat-gunleri-sona-erdi\/\"]}]},{\"@type\":\"ImageObject\",\"inLanguage\":\"uk\",\"@id\":\"https:\/\/denizcankizil.tr\/uk\/haberler\/antalya\/edebiyat-gunleri-sona-erdi\/#primaryimage\",\"url\":\"https:\/\/denizcankizil.tr\/wp-content\/uploads\/2024\/11\/3262-01-Q1deYw.jpeg\",\"contentUrl\":\"https:\/\/denizcankizil.tr\/wp-content\/uploads\/2024\/11\/3262-01-Q1deYw.jpeg\",\"width\":1280,\"height\":720},{\"@type\":\"BreadcrumbList\",\"@id\":\"https:\/\/denizcankizil.tr\/uk\/haberler\/antalya\/edebiyat-gunleri-sona-erdi\/#breadcrumb\",\"itemListElement\":[{\"@type\":\"ListItem\",\"position\":1,\"name\":\"Home\",\"item\":\"https:\/\/denizcankizil.tr\/de\/\"},{\"@type\":\"ListItem\",\"position\":2,\"name\":\"Edebiyat G\u00fcnleri sona erdi\"}]},{\"@type\":\"WebSite\",\"@id\":\"https:\/\/denizcankizil.tr\/de\/#website\",\"url\":\"https:\/\/denizcankizil.tr\/de\/\",\"name\":\"Av. Deniz Can K\u0131z\u0131l\",\"description\":\"Avukat Deniz Can K\u0131z\u0131l Antalya Barosu\",\"publisher\":{\"@id\":\"https:\/\/denizcankizil.tr\/de\/#organization\"},\"potentialAction\":[{\"@type\":\"SearchAction\",\"target\":{\"@type\":\"EntryPoint\",\"urlTemplate\":\"https:\/\/denizcankizil.tr\/de\/?s={search_term_string}\"},\"query-input\":{\"@type\":\"PropertyValueSpecification\",\"valueRequired\":true,\"valueName\":\"search_term_string\"}}],\"inLanguage\":\"uk\"},{\"@type\":\"Organization\",\"@id\":\"https:\/\/denizcankizil.tr\/de\/#organization\",\"name\":\"Av. Deniz Can K\u0131z\u0131l\",\"url\":\"https:\/\/denizcankizil.tr\/de\/\",\"logo\":{\"@type\":\"ImageObject\",\"inLanguage\":\"uk\",\"@id\":\"https:\/\/denizcankizil.tr\/de\/#\/schema\/logo\/image\/\",\"url\":\"https:\/\/denizcankizil.tr\/wp-content\/uploads\/2024\/10\/siyah-logo-svg.svg\",\"contentUrl\":\"https:\/\/denizcankizil.tr\/wp-content\/uploads\/2024\/10\/siyah-logo-svg.svg\",\"width\":1080,\"height\":1080,\"caption\":\"Av. Deniz Can K\u0131z\u0131l\"},\"image\":{\"@id\":\"https:\/\/denizcankizil.tr\/de\/#\/schema\/logo\/image\/\"}}]}<\/script>\n<!-- \/ Yoast SEO Premium plugin. -->","yoast_head_json":{"title":"Edebiyat G\u00fcnleri sona erdi - Av. Deniz Can K\u0131z\u0131l","robots":{"index":"index","follow":"follow","max-snippet":"max-snippet:-1","max-image-preview":"max-image-preview:large","max-video-preview":"max-video-preview:-1"},"canonical":"https:\/\/denizcankizil.tr\/uk\/haberler\/antalya\/edebiyat-gunleri-sona-erdi\/","og_locale":"uk_UA","og_type":"article","og_title":"Edebiyat G\u00fcnleri sona erdi","og_description":"Genel y\u00f6netmenli\u011fini Ferruh Tun\u00e7&#8217;un yapt\u0131\u011f\u0131 Antalya Edebiyat G\u00fcnleri&#8217;nin 9&#8217;uncusu, 22-24 Kas\u0131m tarihleri aras\u0131nda d\u00fczenlendi. Dan\u0131\u015fma kurulunda \u0130brahim Karao\u011flu, \u00d6zcan Karabulut, Prof. Dr. Nedret \u00d6ztokat K\u0131l\u0131\u00e7eri, Ahmet Telli, Nazmi A\u011f\u0131l, Ali Cengizkan, Tar\u0131k G\u00fcnersel, Tuncer \u00c7etinkaya, Do\u00e7. Dr. Serhan Ada ve G\u00fclnur Karaaslan&#8217;\u0131n yer ald\u0131\u011f\u0131 Edebiyat G\u00fcnleri&#8217;nin \u00f6yk\u00fc dal\u0131nda y\u0131l\u0131n en iyilerini belirleyen se\u00e7ici kurulu ise \u0130brahim Karao\u011flu, \u00d6zcan Karabulut, S\u00fcreyya K\u00f6le ve \u015eenay Ero\u011flu Aksoy&#8217;dan olu\u015ftu. T\u00fcrkan \u015eoray K\u00fclt\u00fcr Merkezi&#8217;nde \u00f6d\u00fcl t\u00f6reniyle ba\u015flayan etkinlik, 23-24 Kas\u0131m&#8217;da Prof. Dr. Erdal \u0130n\u00f6n\u00fc Kent Park\u0131&#8217;nda paneller, s\u00f6yle\u015filer, kitap imza etkinlikleri ile \u00f6yk\u00fc ve \u015fiir okumalar\u0131yla devam etti. Edebiyat\u0131n kalbi Muratpa\u015fa&#8217;da att\u0131 Antalya Edebiyat G\u00fcnleri&#8217;nde ikinci g\u00fcn Ferruh Tun\u00e7&#8217;un kolayla\u015ft\u0131r\u0131c\u0131 olarak yer ald\u0131\u011f\u0131 \u201cKli\u015fe ve Ara\u00e7salla\u015ft\u0131rmalar\u0131n \u00d6tesinde Akdeniz Duyarl\u0131l\u0131\u011f\u0131 ve Esteti\u011fi \u00dczerine Yakla\u015f\u0131mlar\u201d ba\u015fl\u0131kl\u0131 panelle devam etti. Panelde Do\u00e7. Dr. Serhan Ada, Prof. Dr. Ahmet \u0130nam, Prof. Dr. Nedret \u00d6ztokat K\u0131l\u0131\u00e7eri ve Prof. Dr. \u0130nge Uytterhoeven konu\u015fmac\u0131 oldu. Yazar ve \u015fairlerin sanatseverlerin kitaplar\u0131n\u0131 imzalamalar\u0131n\u0131n ard\u0131ndan Tar\u0131k G\u00fcnersel&#8217;in kolayla\u015ft\u0131r\u0131c\u0131 olarak yer ald\u0131\u011f\u0131 \u201c\u00dc\u00e7 K\u0131y\u0131dan \u015eiirler ve De\u011ferlendirmeler\u201d konulu etkinlik d\u00fczenlendi. Bu etkinlikte Nazmi A\u011f\u0131l, Yunan edebiyat\u0131na, Prof. Dr. Mehmet Hakk\u0131 Su\u00e7in, Filistin ve Arap edebiyat\u0131na ve Ahmet Telli ise T\u00fcrk edebiyat\u0131na dair de\u011ferlendirmelerde bulundu. Antalya Edebiyat G\u00fcnleri&#8217;nde ayr\u0131ca k\u0131sa s\u00f6yle\u015filer ve \u015fiir okumalar\u0131 i\u00e7in \u015fairler &hellip;","og_url":"https:\/\/denizcankizil.tr\/uk\/haberler\/antalya\/edebiyat-gunleri-sona-erdi\/","og_site_name":"Av. Deniz Can K\u0131z\u0131l","article_published_time":"2024-11-25T10:41:32+00:00","og_image":[{"width":1280,"height":720,"url":"https:\/\/denizcankizil.tr\/wp-content\/uploads\/2024\/11\/3262-01-Q1deYw.jpeg","type":"image\/jpeg"}],"twitter_card":"summary_large_image","twitter_misc":{"\u041f\u0440\u0438\u0431\u043b. \u0447\u0430\u0441 \u0447\u0438\u0442\u0430\u043d\u043d\u044f":"2 \u0445\u0432\u0438\u043b\u0438\u043d\u0438"},"schema":{"@context":"https:\/\/schema.org","@graph":[{"@type":"Article","@id":"https:\/\/denizcankizil.tr\/uk\/haberler\/antalya\/edebiyat-gunleri-sona-erdi\/#article","isPartOf":{"@id":"https:\/\/denizcankizil.tr\/uk\/haberler\/antalya\/edebiyat-gunleri-sona-erdi\/"},"author":{"name":"","@id":""},"headline":"Edebiyat G\u00fcnleri sona erdi","datePublished":"2024-11-25T10:41:32+00:00","mainEntityOfPage":{"@id":"https:\/\/denizcankizil.tr\/uk\/haberler\/antalya\/edebiyat-gunleri-sona-erdi\/"},"wordCount":468,"commentCount":0,"publisher":{"@id":"https:\/\/denizcankizil.tr\/de\/#organization"},"image":{"@id":"https:\/\/denizcankizil.tr\/uk\/haberler\/antalya\/edebiyat-gunleri-sona-erdi\/#primaryimage"},"thumbnailUrl":"https:\/\/denizcankizil.tr\/wp-content\/uploads\/2024\/11\/3262-01-Q1deYw.jpeg","articleSection":["Antalya","Uncategorized"],"inLanguage":"uk","potentialAction":[{"@type":"CommentAction","name":"Comment","target":["https:\/\/denizcankizil.tr\/uk\/haberler\/antalya\/edebiyat-gunleri-sona-erdi\/#respond"]}]},{"@type":"WebPage","@id":"https:\/\/denizcankizil.tr\/uk\/haberler\/antalya\/edebiyat-gunleri-sona-erdi\/","url":"https:\/\/denizcankizil.tr\/uk\/haberler\/antalya\/edebiyat-gunleri-sona-erdi\/","name":"Edebiyat G\u00fcnleri sona erdi - Av. Deniz Can K\u0131z\u0131l","isPartOf":{"@id":"https:\/\/denizcankizil.tr\/de\/#website"},"primaryImageOfPage":{"@id":"https:\/\/denizcankizil.tr\/uk\/haberler\/antalya\/edebiyat-gunleri-sona-erdi\/#primaryimage"},"image":{"@id":"https:\/\/denizcankizil.tr\/uk\/haberler\/antalya\/edebiyat-gunleri-sona-erdi\/#primaryimage"},"thumbnailUrl":"https:\/\/denizcankizil.tr\/wp-content\/uploads\/2024\/11\/3262-01-Q1deYw.jpeg","datePublished":"2024-11-25T10:41:32+00:00","breadcrumb":{"@id":"https:\/\/denizcankizil.tr\/uk\/haberler\/antalya\/edebiyat-gunleri-sona-erdi\/#breadcrumb"},"inLanguage":"uk","potentialAction":[{"@type":"ReadAction","target":["https:\/\/denizcankizil.tr\/uk\/haberler\/antalya\/edebiyat-gunleri-sona-erdi\/"]}]},{"@type":"ImageObject","inLanguage":"uk","@id":"https:\/\/denizcankizil.tr\/uk\/haberler\/antalya\/edebiyat-gunleri-sona-erdi\/#primaryimage","url":"https:\/\/denizcankizil.tr\/wp-content\/uploads\/2024\/11\/3262-01-Q1deYw.jpeg","contentUrl":"https:\/\/denizcankizil.tr\/wp-content\/uploads\/2024\/11\/3262-01-Q1deYw.jpeg","width":1280,"height":720},{"@type":"BreadcrumbList","@id":"https:\/\/denizcankizil.tr\/uk\/haberler\/antalya\/edebiyat-gunleri-sona-erdi\/#breadcrumb","itemListElement":[{"@type":"ListItem","position":1,"name":"Home","item":"https:\/\/denizcankizil.tr\/de\/"},{"@type":"ListItem","position":2,"name":"Edebiyat G\u00fcnleri sona erdi"}]},{"@type":"WebSite","@id":"https:\/\/denizcankizil.tr\/de\/#website","url":"https:\/\/denizcankizil.tr\/de\/","name":"Av. Deniz Can K\u0131z\u0131l","description":"Avukat Deniz Can K\u0131z\u0131l Antalya Barosu","publisher":{"@id":"https:\/\/denizcankizil.tr\/de\/#organization"},"potentialAction":[{"@type":"SearchAction","target":{"@type":"EntryPoint","urlTemplate":"https:\/\/denizcankizil.tr\/de\/?s={search_term_string}"},"query-input":{"@type":"PropertyValueSpecification","valueRequired":true,"valueName":"search_term_string"}}],"inLanguage":"uk"},{"@type":"Organization","@id":"https:\/\/denizcankizil.tr\/de\/#organization","name":"Av. Deniz Can K\u0131z\u0131l","url":"https:\/\/denizcankizil.tr\/de\/","logo":{"@type":"ImageObject","inLanguage":"uk","@id":"https:\/\/denizcankizil.tr\/de\/#\/schema\/logo\/image\/","url":"https:\/\/denizcankizil.tr\/wp-content\/uploads\/2024\/10\/siyah-logo-svg.svg","contentUrl":"https:\/\/denizcankizil.tr\/wp-content\/uploads\/2024\/10\/siyah-logo-svg.svg","width":1080,"height":1080,"caption":"Av. Deniz Can K\u0131z\u0131l"},"image":{"@id":"https:\/\/denizcankizil.tr\/de\/#\/schema\/logo\/image\/"}}]}},"_links":{"self":[{"href":"https:\/\/denizcankizil.tr\/uk\/wp-json\/wp\/v2\/posts\/17527","targetHints":{"allow":["GET"]}}],"collection":[{"href":"https:\/\/denizcankizil.tr\/uk\/wp-json\/wp\/v2\/posts"}],"about":[{"href":"https:\/\/denizcankizil.tr\/uk\/wp-json\/wp\/v2\/types\/post"}],"replies":[{"embeddable":true,"href":"https:\/\/denizcankizil.tr\/uk\/wp-json\/wp\/v2\/comments?post=17527"}],"version-history":[{"count":0,"href":"https:\/\/denizcankizil.tr\/uk\/wp-json\/wp\/v2\/posts\/17527\/revisions"}],"wp:featuredmedia":[{"embeddable":true,"href":"https:\/\/denizcankizil.tr\/uk\/wp-json\/wp\/v2\/media\/17528"}],"wp:attachment":[{"href":"https:\/\/denizcankizil.tr\/uk\/wp-json\/wp\/v2\/media?parent=17527"}],"wp:term":[{"taxonomy":"category","embeddable":true,"href":"https:\/\/denizcankizil.tr\/uk\/wp-json\/wp\/v2\/categories?post=17527"},{"taxonomy":"post_tag","embeddable":true,"href":"https:\/\/denizcankizil.tr\/uk\/wp-json\/wp\/v2\/tags?post=17527"}],"curies":[{"name":"wp","href":"https:\/\/api.w.org\/{rel}","templated":true}]}}