{"id":17503,"date":"2024-11-25T10:42:01","date_gmt":"2024-11-25T07:42:01","guid":{"rendered":"https:\/\/denizcankizil.tr\/uncategorized-tr\/boluda-kar-esareti-ulasim-aksiyor\/"},"modified":"2024-11-25T10:42:01","modified_gmt":"2024-11-25T07:42:01","slug":"boluda-kar-esareti-ulasim-aksiyor","status":"publish","type":"post","link":"https:\/\/denizcankizil.tr\/uk\/haberler\/gundem\/boluda-kar-esareti-ulasim-aksiyor\/","title":{"rendered":"Bolu&#8217;da kar esareti! Ula\u015f\u0131m aks\u0131yor!"},"content":{"rendered":"<p>Bolu&#8217;da d\u00fcn ak\u015fam saatlerinden bu yana etkili olan yo\u011fun kar ya\u011f\u0131\u015f\u0131 dolay\u0131s\u0131yla Anadolu Otoyolu sorumluluk sahas\u0131nda zaman zaman trafik aksamalar\u0131 ya\u015fan\u0131yor.  Yo\u011fun kar nedeniyle Bolu Da\u011f\u0131 T\u00fcneli \u0130stanbul yolunda ula\u015f\u0131m durdu. Bolu Valili\u011fi koordinesinde AFAD, K\u0131z\u0131lay ve ilgili kurulu\u015flar taraf\u0131ndan yak\u0131t, kumanya, su ve battineye da\u011f\u0131t\u0131m\u0131 yap\u0131ld\u0131.BOLU (\u0130GFA)-\u00a0 Anadolu Otoyolu Bolu kesimi Ankara y\u00f6n\u00fc kar nedeniyle ula\u015f\u0131ma kapand\u0131. Otoyolun Ankara y\u00f6n\u00fcnde yo\u011fun kar ya\u011f\u0131\u015f\u0131, kayan ara\u00e7lar ve hasarl\u0131 trafik kazalar\u0131 nedeniyle Abant Kav\u015fa\u011f\u0131&#8217;ndan itibaren ula\u015f\u0131m durdu.<br \/>\nUzun ara\u00e7 kuyruklar\u0131n\u0131n olu\u015ftu\u011fu otoyolda, karayollar\u0131 ve trafik ekiplerinin yolu a\u00e7ma \u00e7al\u0131\u015fmalar\u0131 s\u00fcr\u00fcyor.<br \/>\nBolu Da\u011f\u0131 T\u00fcneli Ankara istikametinde t\u00fcnel \u00e7\u0131k\u0131\u015f\u0131ndan itibaren trafi\u011fin durdu\u011fu ve yakla\u015f\u0131k bir saattir hareket etmedi\u011fi bildiriliyor.<br \/>\nOtoyolun \u0130stanbul istikametini kullanan s\u00fcr\u00fcc\u00fcler ise yo\u011fun ya\u011f\u0131\u015f ve sis nedeniyle trafikte dikkatli seyrediyor.<br \/>\nBolu Valili\u011fi, ya\u015fanan yo\u011fun kar ya\u011f\u0131\u015f\u0131 neticesinde Cankurtaran mevkiinde k\u0131\u015f lasti\u011fi olmayan ta\u015f\u0131tlardan kaynakl\u0131 trafikte meydana gelen k\u0131sa s\u00fcreli aksamalar sebebiyle yolda beklemek zorunda kalan s\u00fcr\u00fcc\u00fc ve vatanda\u015flara Valilik koordinesinde AFAD, K\u0131z\u0131lay ve ilgili kurulu\u015flar taraf\u0131ndan yak\u0131t, kumanya, su ve battaniye da\u011f\u0131t\u0131m\u0131 yap\u0131ld\u0131\u011f\u0131n\u0131 bildirdi.<\/p>\n<p>Valilikten yap\u0131lan yaz\u0131l\u0131 a\u00e7\u0131klamada, Karayollar\u0131 B\u00f6lge M\u00fcd\u00fcrl\u00fc\u011f\u00fc, Jandarma, Emniyet, AFAD ve K\u0131z\u0131lay ekiplerinin vatanda\u015flar\u0131n ma\u011fdur olmamas\u0131 ve yollar\u0131n a\u00e7\u0131k tutulmas\u0131 i\u00e7in fedekar \u015fekilde \u00e7al\u0131\u015fmalar\u0131n\u0131 s\u00fcrd\u00fcrmeye devam etti\u011fini kaydetti. A\u00e7\u0131klamada, meteorolojik verilere de dikkati \u00e7ekildi. Olumsuz hava ko\u015fullar\u0131n\u0131n 24 Kas\u0131m Pazar gecesi saatlerine kadar s\u00fcrmesi beklendi\u011finden vatanda\u015flar\u0131n zorunlu olmad\u0131k\u00e7a trafi\u011fe \u00e7\u0131kmamalar\u0131, yolda olan s\u00fcr\u00fcc\u00fclerin de can g\u00fcvenli\u011fini teminen trafik kurallar\u0131na uymalar\u0131 beklerken, sab\u0131r ve anlay\u0131\u015flar\u0131 i\u00e7in kendilerine te\u015fekk\u00fcr etti.<\/p>\n<p>\u200bBolu&#8217;da d\u00fcn ak\u015fam saatlerinden bu yana etkili olan yo\u011fun kar ya\u011f\u0131\u015f\u0131 dolay\u0131s\u0131yla Anadolu Otoyolu sorumluluk sahas\u0131nda zaman zaman trafik aksamalar\u0131 ya\u015fan\u0131yor   Yo\u011fun kar nedeniyle Bolu Da\u011f\u0131 T\u00fcneli \u0130stanbul yolunda ula\u015f\u0131m durdu  Bolu Valili\u011fi koordinesinde AFAD, K\u0131z\u0131lay ve ilgili kurulu\u015flar taraf\u0131ndan yak\u0131t, kumanya, su ve battineye da\u011f\u0131t\u0131m\u0131 yap\u0131ld\u0131\u00a0<\/p>\n<p>\u200bHaberin Al\u0131nt\u0131land\u0131\u011f\u0131 Kaynak: www.iskenderun.org<\/p>","protected":false},"excerpt":{"rendered":"<p>Bolu&#8217;da d\u00fcn ak\u015fam saatlerinden bu yana etkili olan yo\u011fun kar ya\u011f\u0131\u015f\u0131 dolay\u0131s\u0131yla Anadolu Otoyolu sorumluluk sahas\u0131nda zaman zaman trafik aksamalar\u0131 ya\u015fan\u0131yor. Yo\u011fun kar nedeniyle Bolu Da\u011f\u0131 T\u00fcneli \u0130stanbul yolunda ula\u015f\u0131m durdu. Bolu Valili\u011fi koordinesinde AFAD, K\u0131z\u0131lay ve ilgili kurulu\u015flar taraf\u0131ndan yak\u0131t, kumanya, su ve battineye da\u011f\u0131t\u0131m\u0131 yap\u0131ld\u0131.BOLU (\u0130GFA)-\u00a0 Anadolu Otoyolu Bolu kesimi Ankara y\u00f6n\u00fc kar nedeniyle ula\u015f\u0131ma kapand\u0131. Otoyolun Ankara y\u00f6n\u00fcnde yo\u011fun kar ya\u011f\u0131\u015f\u0131, kayan ara\u00e7lar ve hasarl\u0131 trafik kazalar\u0131 nedeniyle Abant Kav\u015fa\u011f\u0131&#8217;ndan itibaren ula\u015f\u0131m durdu. Uzun ara\u00e7 kuyruklar\u0131n\u0131n olu\u015ftu\u011fu otoyolda, karayollar\u0131 ve trafik ekiplerinin yolu a\u00e7ma \u00e7al\u0131\u015fmalar\u0131 s\u00fcr\u00fcyor. Bolu Da\u011f\u0131 T\u00fcneli Ankara istikametinde t\u00fcnel \u00e7\u0131k\u0131\u015f\u0131ndan itibaren trafi\u011fin durdu\u011fu ve yakla\u015f\u0131k bir saattir hareket etmedi\u011fi bildiriliyor. Otoyolun \u0130stanbul istikametini kullanan s\u00fcr\u00fcc\u00fcler ise yo\u011fun ya\u011f\u0131\u015f ve sis nedeniyle trafikte dikkatli seyrediyor. Bolu Valili\u011fi, ya\u015fanan yo\u011fun kar ya\u011f\u0131\u015f\u0131 neticesinde Cankurtaran mevkiinde k\u0131\u015f lasti\u011fi olmayan ta\u015f\u0131tlardan kaynakl\u0131 trafikte meydana gelen k\u0131sa s\u00fcreli aksamalar sebebiyle yolda beklemek zorunda kalan s\u00fcr\u00fcc\u00fc ve vatanda\u015flara Valilik koordinesinde AFAD, K\u0131z\u0131lay ve ilgili kurulu\u015flar taraf\u0131ndan yak\u0131t, kumanya, su ve battaniye da\u011f\u0131t\u0131m\u0131 yap\u0131ld\u0131\u011f\u0131n\u0131 bildirdi. Valilikten yap\u0131lan yaz\u0131l\u0131 a\u00e7\u0131klamada, Karayollar\u0131 B\u00f6lge M\u00fcd\u00fcrl\u00fc\u011f\u00fc, Jandarma, Emniyet, AFAD ve K\u0131z\u0131lay ekiplerinin vatanda\u015flar\u0131n ma\u011fdur olmamas\u0131 ve yollar\u0131n a\u00e7\u0131k tutulmas\u0131 i\u00e7in fedekar \u015fekilde \u00e7al\u0131\u015fmalar\u0131n\u0131 s\u00fcrd\u00fcrmeye devam etti\u011fini kaydetti. A\u00e7\u0131klamada, meteorolojik verilere de dikkati \u00e7ekildi. Olumsuz hava &hellip;<\/p>","protected":false},"author":0,"featured_media":0,"comment_status":"open","ping_status":"open","sticky":false,"template":"","format":"standard","meta":{"_acf_changed":false,"footnotes":""},"categories":[24,535],"tags":[],"class_list":["post-17503","post","type-post","status-publish","format-standard","has-post-thumbnail","hentry","category-gundem","category-uncategorized-tr"],"acf":[],"yoast_head":"<!-- This site is optimized with the Yoast SEO Premium plugin v26.6 (Yoast SEO v27.1.1) - https:\/\/yoast.com\/product\/yoast-seo-premium-wordpress\/ -->\n<title>Bolu&#039;da kar esareti! Ula\u015f\u0131m aks\u0131yor! - Av. Deniz Can K\u0131z\u0131l<\/title>\n<meta name=\"robots\" content=\"index, follow, max-snippet:-1, max-image-preview:large, max-video-preview:-1\" \/>\n<link rel=\"canonical\" href=\"https:\/\/denizcankizil.tr\/uk\/haberler\/gundem\/boluda-kar-esareti-ulasim-aksiyor\/\" \/>\n<meta property=\"og:locale\" content=\"uk_UA\" \/>\n<meta property=\"og:type\" content=\"article\" \/>\n<meta property=\"og:title\" content=\"Bolu&#039;da kar esareti! Ula\u015f\u0131m aks\u0131yor!\" \/>\n<meta property=\"og:description\" content=\"Bolu&#8217;da d\u00fcn ak\u015fam saatlerinden bu yana etkili olan yo\u011fun kar ya\u011f\u0131\u015f\u0131 dolay\u0131s\u0131yla Anadolu Otoyolu sorumluluk sahas\u0131nda zaman zaman trafik aksamalar\u0131 ya\u015fan\u0131yor. Yo\u011fun kar nedeniyle Bolu Da\u011f\u0131 T\u00fcneli \u0130stanbul yolunda ula\u015f\u0131m durdu. Bolu Valili\u011fi koordinesinde AFAD, K\u0131z\u0131lay ve ilgili kurulu\u015flar taraf\u0131ndan yak\u0131t, kumanya, su ve battineye da\u011f\u0131t\u0131m\u0131 yap\u0131ld\u0131.BOLU (\u0130GFA)-\u00a0 Anadolu Otoyolu Bolu kesimi Ankara y\u00f6n\u00fc kar nedeniyle ula\u015f\u0131ma kapand\u0131. Otoyolun Ankara y\u00f6n\u00fcnde yo\u011fun kar ya\u011f\u0131\u015f\u0131, kayan ara\u00e7lar ve hasarl\u0131 trafik kazalar\u0131 nedeniyle Abant Kav\u015fa\u011f\u0131&#8217;ndan itibaren ula\u015f\u0131m durdu. Uzun ara\u00e7 kuyruklar\u0131n\u0131n olu\u015ftu\u011fu otoyolda, karayollar\u0131 ve trafik ekiplerinin yolu a\u00e7ma \u00e7al\u0131\u015fmalar\u0131 s\u00fcr\u00fcyor. Bolu Da\u011f\u0131 T\u00fcneli Ankara istikametinde t\u00fcnel \u00e7\u0131k\u0131\u015f\u0131ndan itibaren trafi\u011fin durdu\u011fu ve yakla\u015f\u0131k bir saattir hareket etmedi\u011fi bildiriliyor. Otoyolun \u0130stanbul istikametini kullanan s\u00fcr\u00fcc\u00fcler ise yo\u011fun ya\u011f\u0131\u015f ve sis nedeniyle trafikte dikkatli seyrediyor. Bolu Valili\u011fi, ya\u015fanan yo\u011fun kar ya\u011f\u0131\u015f\u0131 neticesinde Cankurtaran mevkiinde k\u0131\u015f lasti\u011fi olmayan ta\u015f\u0131tlardan kaynakl\u0131 trafikte meydana gelen k\u0131sa s\u00fcreli aksamalar sebebiyle yolda beklemek zorunda kalan s\u00fcr\u00fcc\u00fc ve vatanda\u015flara Valilik koordinesinde AFAD, K\u0131z\u0131lay ve ilgili kurulu\u015flar taraf\u0131ndan yak\u0131t, kumanya, su ve battaniye da\u011f\u0131t\u0131m\u0131 yap\u0131ld\u0131\u011f\u0131n\u0131 bildirdi. Valilikten yap\u0131lan yaz\u0131l\u0131 a\u00e7\u0131klamada, Karayollar\u0131 B\u00f6lge M\u00fcd\u00fcrl\u00fc\u011f\u00fc, Jandarma, Emniyet, AFAD ve K\u0131z\u0131lay ekiplerinin vatanda\u015flar\u0131n ma\u011fdur olmamas\u0131 ve yollar\u0131n a\u00e7\u0131k tutulmas\u0131 i\u00e7in fedekar \u015fekilde \u00e7al\u0131\u015fmalar\u0131n\u0131 s\u00fcrd\u00fcrmeye devam etti\u011fini kaydetti. A\u00e7\u0131klamada, meteorolojik verilere de dikkati \u00e7ekildi. Olumsuz hava &hellip;\" \/>\n<meta property=\"og:url\" content=\"https:\/\/denizcankizil.tr\/uk\/haberler\/gundem\/boluda-kar-esareti-ulasim-aksiyor\/\" \/>\n<meta property=\"og:site_name\" content=\"Av. Deniz Can K\u0131z\u0131l\" \/>\n<meta property=\"article:published_time\" content=\"2024-11-25T07:42:01+00:00\" \/>\n<meta name=\"twitter:card\" content=\"summary_large_image\" \/>\n<meta name=\"twitter:label1\" content=\"\u041f\u0440\u0438\u0431\u043b. \u0447\u0430\u0441 \u0447\u0438\u0442\u0430\u043d\u043d\u044f\" \/>\n\t<meta name=\"twitter:data1\" content=\"2 \u0445\u0432\u0438\u043b\u0438\u043d\u0438\" \/>\n<script type=\"application\/ld+json\" class=\"yoast-schema-graph\">{\"@context\":\"https:\/\/schema.org\",\"@graph\":[{\"@type\":\"Article\",\"@id\":\"https:\/\/denizcankizil.tr\/uk\/haberler\/gundem\/boluda-kar-esareti-ulasim-aksiyor\/#article\",\"isPartOf\":{\"@id\":\"https:\/\/denizcankizil.tr\/uk\/haberler\/gundem\/boluda-kar-esareti-ulasim-aksiyor\/\"},\"author\":{\"name\":\"\",\"@id\":\"\"},\"headline\":\"Bolu&#8217;da kar esareti! Ula\u015f\u0131m aks\u0131yor!\",\"datePublished\":\"2024-11-25T07:42:01+00:00\",\"mainEntityOfPage\":{\"@id\":\"https:\/\/denizcankizil.tr\/uk\/haberler\/gundem\/boluda-kar-esareti-ulasim-aksiyor\/\"},\"wordCount\":427,\"commentCount\":0,\"publisher\":{\"@id\":\"https:\/\/denizcankizil.tr\/#organization\"},\"articleSection\":[\"G\u00fcndem\",\"Uncategorized\"],\"inLanguage\":\"uk\",\"potentialAction\":[{\"@type\":\"CommentAction\",\"name\":\"Comment\",\"target\":[\"https:\/\/denizcankizil.tr\/uk\/haberler\/gundem\/boluda-kar-esareti-ulasim-aksiyor\/#respond\"]}]},{\"@type\":\"WebPage\",\"@id\":\"https:\/\/denizcankizil.tr\/uk\/haberler\/gundem\/boluda-kar-esareti-ulasim-aksiyor\/\",\"url\":\"https:\/\/denizcankizil.tr\/uk\/haberler\/gundem\/boluda-kar-esareti-ulasim-aksiyor\/\",\"name\":\"Bolu'da kar esareti! Ula\u015f\u0131m aks\u0131yor! - Av. Deniz Can K\u0131z\u0131l\",\"isPartOf\":{\"@id\":\"https:\/\/denizcankizil.tr\/#website\"},\"datePublished\":\"2024-11-25T07:42:01+00:00\",\"breadcrumb\":{\"@id\":\"https:\/\/denizcankizil.tr\/uk\/haberler\/gundem\/boluda-kar-esareti-ulasim-aksiyor\/#breadcrumb\"},\"inLanguage\":\"uk\",\"potentialAction\":[{\"@type\":\"ReadAction\",\"target\":[\"https:\/\/denizcankizil.tr\/uk\/haberler\/gundem\/boluda-kar-esareti-ulasim-aksiyor\/\"]}]},{\"@type\":\"BreadcrumbList\",\"@id\":\"https:\/\/denizcankizil.tr\/uk\/haberler\/gundem\/boluda-kar-esareti-ulasim-aksiyor\/#breadcrumb\",\"itemListElement\":[{\"@type\":\"ListItem\",\"position\":1,\"name\":\"Home\",\"item\":\"https:\/\/denizcankizil.tr\/de\/\"},{\"@type\":\"ListItem\",\"position\":2,\"name\":\"Bolu&#8217;da kar esareti! Ula\u015f\u0131m aks\u0131yor!\"}]},{\"@type\":\"WebSite\",\"@id\":\"https:\/\/denizcankizil.tr\/#website\",\"url\":\"https:\/\/denizcankizil.tr\/\",\"name\":\"Av. Deniz Can K\u0131z\u0131l\",\"description\":\"Avukat Deniz Can K\u0131z\u0131l Antalya Barosu\",\"publisher\":{\"@id\":\"https:\/\/denizcankizil.tr\/#organization\"},\"potentialAction\":[{\"@type\":\"SearchAction\",\"target\":{\"@type\":\"EntryPoint\",\"urlTemplate\":\"https:\/\/denizcankizil.tr\/?s={search_term_string}\"},\"query-input\":{\"@type\":\"PropertyValueSpecification\",\"valueRequired\":true,\"valueName\":\"search_term_string\"}}],\"inLanguage\":\"uk\"},{\"@type\":\"Organization\",\"@id\":\"https:\/\/denizcankizil.tr\/#organization\",\"name\":\"Av. Deniz Can K\u0131z\u0131l\",\"url\":\"https:\/\/denizcankizil.tr\/\",\"logo\":{\"@type\":\"ImageObject\",\"inLanguage\":\"uk\",\"@id\":\"https:\/\/denizcankizil.tr\/#\/schema\/logo\/image\/\",\"url\":\"https:\/\/denizcankizil.tr\/wp-content\/uploads\/2024\/10\/siyah-logo-svg.svg\",\"contentUrl\":\"https:\/\/denizcankizil.tr\/wp-content\/uploads\/2024\/10\/siyah-logo-svg.svg\",\"width\":1080,\"height\":1080,\"caption\":\"Av. Deniz Can K\u0131z\u0131l\"},\"image\":{\"@id\":\"https:\/\/denizcankizil.tr\/#\/schema\/logo\/image\/\"}}]}<\/script>\n<!-- \/ Yoast SEO Premium plugin. -->","yoast_head_json":{"title":"Bolu'da kar esareti! Ula\u015f\u0131m aks\u0131yor! - Av. Deniz Can K\u0131z\u0131l","robots":{"index":"index","follow":"follow","max-snippet":"max-snippet:-1","max-image-preview":"max-image-preview:large","max-video-preview":"max-video-preview:-1"},"canonical":"https:\/\/denizcankizil.tr\/uk\/haberler\/gundem\/boluda-kar-esareti-ulasim-aksiyor\/","og_locale":"uk_UA","og_type":"article","og_title":"Bolu'da kar esareti! Ula\u015f\u0131m aks\u0131yor!","og_description":"Bolu&#8217;da d\u00fcn ak\u015fam saatlerinden bu yana etkili olan yo\u011fun kar ya\u011f\u0131\u015f\u0131 dolay\u0131s\u0131yla Anadolu Otoyolu sorumluluk sahas\u0131nda zaman zaman trafik aksamalar\u0131 ya\u015fan\u0131yor. Yo\u011fun kar nedeniyle Bolu Da\u011f\u0131 T\u00fcneli \u0130stanbul yolunda ula\u015f\u0131m durdu. Bolu Valili\u011fi koordinesinde AFAD, K\u0131z\u0131lay ve ilgili kurulu\u015flar taraf\u0131ndan yak\u0131t, kumanya, su ve battineye da\u011f\u0131t\u0131m\u0131 yap\u0131ld\u0131.BOLU (\u0130GFA)-\u00a0 Anadolu Otoyolu Bolu kesimi Ankara y\u00f6n\u00fc kar nedeniyle ula\u015f\u0131ma kapand\u0131. Otoyolun Ankara y\u00f6n\u00fcnde yo\u011fun kar ya\u011f\u0131\u015f\u0131, kayan ara\u00e7lar ve hasarl\u0131 trafik kazalar\u0131 nedeniyle Abant Kav\u015fa\u011f\u0131&#8217;ndan itibaren ula\u015f\u0131m durdu. Uzun ara\u00e7 kuyruklar\u0131n\u0131n olu\u015ftu\u011fu otoyolda, karayollar\u0131 ve trafik ekiplerinin yolu a\u00e7ma \u00e7al\u0131\u015fmalar\u0131 s\u00fcr\u00fcyor. Bolu Da\u011f\u0131 T\u00fcneli Ankara istikametinde t\u00fcnel \u00e7\u0131k\u0131\u015f\u0131ndan itibaren trafi\u011fin durdu\u011fu ve yakla\u015f\u0131k bir saattir hareket etmedi\u011fi bildiriliyor. Otoyolun \u0130stanbul istikametini kullanan s\u00fcr\u00fcc\u00fcler ise yo\u011fun ya\u011f\u0131\u015f ve sis nedeniyle trafikte dikkatli seyrediyor. Bolu Valili\u011fi, ya\u015fanan yo\u011fun kar ya\u011f\u0131\u015f\u0131 neticesinde Cankurtaran mevkiinde k\u0131\u015f lasti\u011fi olmayan ta\u015f\u0131tlardan kaynakl\u0131 trafikte meydana gelen k\u0131sa s\u00fcreli aksamalar sebebiyle yolda beklemek zorunda kalan s\u00fcr\u00fcc\u00fc ve vatanda\u015flara Valilik koordinesinde AFAD, K\u0131z\u0131lay ve ilgili kurulu\u015flar taraf\u0131ndan yak\u0131t, kumanya, su ve battaniye da\u011f\u0131t\u0131m\u0131 yap\u0131ld\u0131\u011f\u0131n\u0131 bildirdi. Valilikten yap\u0131lan yaz\u0131l\u0131 a\u00e7\u0131klamada, Karayollar\u0131 B\u00f6lge M\u00fcd\u00fcrl\u00fc\u011f\u00fc, Jandarma, Emniyet, AFAD ve K\u0131z\u0131lay ekiplerinin vatanda\u015flar\u0131n ma\u011fdur olmamas\u0131 ve yollar\u0131n a\u00e7\u0131k tutulmas\u0131 i\u00e7in fedekar \u015fekilde \u00e7al\u0131\u015fmalar\u0131n\u0131 s\u00fcrd\u00fcrmeye devam etti\u011fini kaydetti. A\u00e7\u0131klamada, meteorolojik verilere de dikkati \u00e7ekildi. Olumsuz hava &hellip;","og_url":"https:\/\/denizcankizil.tr\/uk\/haberler\/gundem\/boluda-kar-esareti-ulasim-aksiyor\/","og_site_name":"Av. Deniz Can K\u0131z\u0131l","article_published_time":"2024-11-25T07:42:01+00:00","twitter_card":"summary_large_image","twitter_misc":{"\u041f\u0440\u0438\u0431\u043b. \u0447\u0430\u0441 \u0447\u0438\u0442\u0430\u043d\u043d\u044f":"2 \u0445\u0432\u0438\u043b\u0438\u043d\u0438"},"schema":{"@context":"https:\/\/schema.org","@graph":[{"@type":"Article","@id":"https:\/\/denizcankizil.tr\/uk\/haberler\/gundem\/boluda-kar-esareti-ulasim-aksiyor\/#article","isPartOf":{"@id":"https:\/\/denizcankizil.tr\/uk\/haberler\/gundem\/boluda-kar-esareti-ulasim-aksiyor\/"},"author":{"name":"","@id":""},"headline":"Bolu&#8217;da kar esareti! Ula\u015f\u0131m aks\u0131yor!","datePublished":"2024-11-25T07:42:01+00:00","mainEntityOfPage":{"@id":"https:\/\/denizcankizil.tr\/uk\/haberler\/gundem\/boluda-kar-esareti-ulasim-aksiyor\/"},"wordCount":427,"commentCount":0,"publisher":{"@id":"https:\/\/denizcankizil.tr\/#organization"},"articleSection":["G\u00fcndem","Uncategorized"],"inLanguage":"uk","potentialAction":[{"@type":"CommentAction","name":"Comment","target":["https:\/\/denizcankizil.tr\/uk\/haberler\/gundem\/boluda-kar-esareti-ulasim-aksiyor\/#respond"]}]},{"@type":"WebPage","@id":"https:\/\/denizcankizil.tr\/uk\/haberler\/gundem\/boluda-kar-esareti-ulasim-aksiyor\/","url":"https:\/\/denizcankizil.tr\/uk\/haberler\/gundem\/boluda-kar-esareti-ulasim-aksiyor\/","name":"Bolu'da kar esareti! Ula\u015f\u0131m aks\u0131yor! - Av. Deniz Can K\u0131z\u0131l","isPartOf":{"@id":"https:\/\/denizcankizil.tr\/#website"},"datePublished":"2024-11-25T07:42:01+00:00","breadcrumb":{"@id":"https:\/\/denizcankizil.tr\/uk\/haberler\/gundem\/boluda-kar-esareti-ulasim-aksiyor\/#breadcrumb"},"inLanguage":"uk","potentialAction":[{"@type":"ReadAction","target":["https:\/\/denizcankizil.tr\/uk\/haberler\/gundem\/boluda-kar-esareti-ulasim-aksiyor\/"]}]},{"@type":"BreadcrumbList","@id":"https:\/\/denizcankizil.tr\/uk\/haberler\/gundem\/boluda-kar-esareti-ulasim-aksiyor\/#breadcrumb","itemListElement":[{"@type":"ListItem","position":1,"name":"Home","item":"https:\/\/denizcankizil.tr\/de\/"},{"@type":"ListItem","position":2,"name":"Bolu&#8217;da kar esareti! Ula\u015f\u0131m aks\u0131yor!"}]},{"@type":"WebSite","@id":"https:\/\/denizcankizil.tr\/#website","url":"https:\/\/denizcankizil.tr\/","name":"Av. Deniz Can K\u0131z\u0131l","description":"Avukat Deniz Can K\u0131z\u0131l Antalya Barosu","publisher":{"@id":"https:\/\/denizcankizil.tr\/#organization"},"potentialAction":[{"@type":"SearchAction","target":{"@type":"EntryPoint","urlTemplate":"https:\/\/denizcankizil.tr\/?s={search_term_string}"},"query-input":{"@type":"PropertyValueSpecification","valueRequired":true,"valueName":"search_term_string"}}],"inLanguage":"uk"},{"@type":"Organization","@id":"https:\/\/denizcankizil.tr\/#organization","name":"Av. Deniz Can K\u0131z\u0131l","url":"https:\/\/denizcankizil.tr\/","logo":{"@type":"ImageObject","inLanguage":"uk","@id":"https:\/\/denizcankizil.tr\/#\/schema\/logo\/image\/","url":"https:\/\/denizcankizil.tr\/wp-content\/uploads\/2024\/10\/siyah-logo-svg.svg","contentUrl":"https:\/\/denizcankizil.tr\/wp-content\/uploads\/2024\/10\/siyah-logo-svg.svg","width":1080,"height":1080,"caption":"Av. Deniz Can K\u0131z\u0131l"},"image":{"@id":"https:\/\/denizcankizil.tr\/#\/schema\/logo\/image\/"}}]}},"_links":{"self":[{"href":"https:\/\/denizcankizil.tr\/uk\/wp-json\/wp\/v2\/posts\/17503","targetHints":{"allow":["GET"]}}],"collection":[{"href":"https:\/\/denizcankizil.tr\/uk\/wp-json\/wp\/v2\/posts"}],"about":[{"href":"https:\/\/denizcankizil.tr\/uk\/wp-json\/wp\/v2\/types\/post"}],"replies":[{"embeddable":true,"href":"https:\/\/denizcankizil.tr\/uk\/wp-json\/wp\/v2\/comments?post=17503"}],"version-history":[{"count":0,"href":"https:\/\/denizcankizil.tr\/uk\/wp-json\/wp\/v2\/posts\/17503\/revisions"}],"wp:attachment":[{"href":"https:\/\/denizcankizil.tr\/uk\/wp-json\/wp\/v2\/media?parent=17503"}],"wp:term":[{"taxonomy":"category","embeddable":true,"href":"https:\/\/denizcankizil.tr\/uk\/wp-json\/wp\/v2\/categories?post=17503"},{"taxonomy":"post_tag","embeddable":true,"href":"https:\/\/denizcankizil.tr\/uk\/wp-json\/wp\/v2\/tags?post=17503"}],"curies":[{"name":"wp","href":"https:\/\/api.w.org\/{rel}","templated":true}]}}