{"id":17485,"date":"2024-11-25T10:41:19","date_gmt":"2024-11-25T07:41:19","guid":{"rendered":"https:\/\/denizcankizil.tr\/uncategorized-tr\/bir-ay-once-yenilenen-serayi-hortum-vurdu\/"},"modified":"2024-11-25T10:41:19","modified_gmt":"2024-11-25T07:41:19","slug":"bir-ay-once-yenilenen-serayi-hortum-vurdu","status":"publish","type":"post","link":"https:\/\/denizcankizil.tr\/uk\/haberler\/antalya\/bir-ay-once-yenilenen-serayi-hortum-vurdu\/","title":{"rendered":"Bir ay \u00f6nce yenilenen seray\u0131 hortum vurdu"},"content":{"rendered":"<p>Antalya&#8217;n\u0131n Manavgat il\u00e7esi Karacalar Mahallesinde Hatice Kaplan&#8217;a ait seray\u0131 1&#8217;er y\u0131l arayla \u00fc\u00e7\u00fcnc\u00fc kez hortum vurdu. Dikmen Mevkiinde 5 d\u00f6n\u00fcm arazi \u00fczerinde kurulu Hatice Kaplan&#8217;a ait kabak ekili sera da meydana gelen hortum nedeniyle b\u00fcy\u00fck \u00e7apta zarar olu\u015ftu. E\u015fine ait seran\u0131n 1&#8217;er y\u0131l arayla \u00fcst \u00fcste 3 kez hortuma maruz kald\u0131\u011f\u0131n\u0131 s\u00f6yleyen Mustafa Kaplan \u201cSeran\u0131n \u00fczerindeki naylonu 1 ay \u00f6nce 70 bin liras\u0131 naylon, 25 bin liras\u0131 da usta paras\u0131 olmak \u00fczere 95 bin liraya yeniledik. Bu kadar \u015fanss\u0131zl\u0131\u011fa anlam veremiyorum. Hem serada hem de \u00fcr\u00fcnde zarar\u0131m\u0131z var\u201d dedi.<\/p>\n<p>Kaynak: www.kanalv.com.tr Haber Sitesinden Al\u0131nm\u0131\u015ft\u0131r.<\/p>","protected":false},"excerpt":{"rendered":"<p>Antalya&#8217;n\u0131n Manavgat il\u00e7esi Karacalar Mahallesinde Hatice Kaplan&#8217;a ait seray\u0131 1&#8217;er y\u0131l arayla \u00fc\u00e7\u00fcnc\u00fc kez hortum vurdu. Dikmen Mevkiinde 5 d\u00f6n\u00fcm arazi \u00fczerinde kurulu Hatice Kaplan&#8217;a ait kabak ekili sera da meydana gelen hortum nedeniyle b\u00fcy\u00fck \u00e7apta zarar olu\u015ftu. E\u015fine ait seran\u0131n 1&#8217;er y\u0131l arayla \u00fcst \u00fcste 3 kez hortuma maruz kald\u0131\u011f\u0131n\u0131 s\u00f6yleyen Mustafa Kaplan \u201cSeran\u0131n \u00fczerindeki naylonu 1 ay \u00f6nce 70 bin liras\u0131 naylon, 25 bin liras\u0131 da usta paras\u0131 olmak \u00fczere 95 bin liraya yeniledik. Bu kadar \u015fanss\u0131zl\u0131\u011fa anlam veremiyorum. Hem serada hem de \u00fcr\u00fcnde zarar\u0131m\u0131z var\u201d dedi. Kaynak: www.kanalv.com.tr Haber Sitesinden Al\u0131nm\u0131\u015ft\u0131r.<\/p>","protected":false},"author":0,"featured_media":17486,"comment_status":"open","ping_status":"open","sticky":false,"template":"","format":"standard","meta":{"_acf_changed":false,"footnotes":""},"categories":[26,535],"tags":[],"class_list":["post-17485","post","type-post","status-publish","format-standard","has-post-thumbnail","hentry","category-antalya","category-uncategorized-tr"],"acf":[],"yoast_head":"<!-- This site is optimized with the Yoast SEO Premium plugin v26.6 (Yoast SEO v27.1.1) - https:\/\/yoast.com\/product\/yoast-seo-premium-wordpress\/ -->\n<title>Bir ay \u00f6nce yenilenen seray\u0131 hortum vurdu - Av. Deniz Can K\u0131z\u0131l<\/title>\n<meta name=\"robots\" content=\"index, follow, max-snippet:-1, max-image-preview:large, max-video-preview:-1\" \/>\n<link rel=\"canonical\" href=\"https:\/\/denizcankizil.tr\/uk\/haberler\/antalya\/bir-ay-once-yenilenen-serayi-hortum-vurdu\/\" \/>\n<meta property=\"og:locale\" content=\"uk_UA\" \/>\n<meta property=\"og:type\" content=\"article\" \/>\n<meta property=\"og:title\" content=\"Bir ay \u00f6nce yenilenen seray\u0131 hortum vurdu\" \/>\n<meta property=\"og:description\" content=\"Antalya&#8217;n\u0131n Manavgat il\u00e7esi Karacalar Mahallesinde Hatice Kaplan&#8217;a ait seray\u0131 1&#8217;er y\u0131l arayla \u00fc\u00e7\u00fcnc\u00fc kez hortum vurdu. Dikmen Mevkiinde 5 d\u00f6n\u00fcm arazi \u00fczerinde kurulu Hatice Kaplan&#8217;a ait kabak ekili sera da meydana gelen hortum nedeniyle b\u00fcy\u00fck \u00e7apta zarar olu\u015ftu. E\u015fine ait seran\u0131n 1&#8217;er y\u0131l arayla \u00fcst \u00fcste 3 kez hortuma maruz kald\u0131\u011f\u0131n\u0131 s\u00f6yleyen Mustafa Kaplan \u201cSeran\u0131n \u00fczerindeki naylonu 1 ay \u00f6nce 70 bin liras\u0131 naylon, 25 bin liras\u0131 da usta paras\u0131 olmak \u00fczere 95 bin liraya yeniledik. Bu kadar \u015fanss\u0131zl\u0131\u011fa anlam veremiyorum. Hem serada hem de \u00fcr\u00fcnde zarar\u0131m\u0131z var\u201d dedi. Kaynak: www.kanalv.com.tr Haber Sitesinden Al\u0131nm\u0131\u015ft\u0131r.\" \/>\n<meta property=\"og:url\" content=\"https:\/\/denizcankizil.tr\/uk\/haberler\/antalya\/bir-ay-once-yenilenen-serayi-hortum-vurdu\/\" \/>\n<meta property=\"og:site_name\" content=\"Av. Deniz Can K\u0131z\u0131l\" \/>\n<meta property=\"article:published_time\" content=\"2024-11-25T07:41:19+00:00\" \/>\n<meta property=\"og:image\" content=\"https:\/\/denizcankizil.tr\/wp-content\/uploads\/2024\/11\/3254-01-8T8Ve6.jpeg\" \/>\n\t<meta property=\"og:image:width\" content=\"1280\" \/>\n\t<meta property=\"og:image:height\" content=\"720\" \/>\n\t<meta property=\"og:image:type\" content=\"image\/jpeg\" \/>\n<meta name=\"twitter:card\" content=\"summary_large_image\" \/>\n<meta name=\"twitter:label1\" content=\"\u041f\u0440\u0438\u0431\u043b. \u0447\u0430\u0441 \u0447\u0438\u0442\u0430\u043d\u043d\u044f\" \/>\n\t<meta name=\"twitter:data1\" content=\"1 \u0445\u0432\u0438\u043b\u0438\u043d\u0430\" \/>\n<script type=\"application\/ld+json\" class=\"yoast-schema-graph\">{\"@context\":\"https:\/\/schema.org\",\"@graph\":[{\"@type\":\"Article\",\"@id\":\"https:\/\/denizcankizil.tr\/uk\/haberler\/antalya\/bir-ay-once-yenilenen-serayi-hortum-vurdu\/#article\",\"isPartOf\":{\"@id\":\"https:\/\/denizcankizil.tr\/uk\/haberler\/antalya\/bir-ay-once-yenilenen-serayi-hortum-vurdu\/\"},\"author\":{\"name\":\"\",\"@id\":\"\"},\"headline\":\"Bir ay \u00f6nce yenilenen seray\u0131 hortum vurdu\",\"datePublished\":\"2024-11-25T07:41:19+00:00\",\"mainEntityOfPage\":{\"@id\":\"https:\/\/denizcankizil.tr\/uk\/haberler\/antalya\/bir-ay-once-yenilenen-serayi-hortum-vurdu\/\"},\"wordCount\":123,\"commentCount\":0,\"publisher\":{\"@id\":\"https:\/\/denizcankizil.tr\/#organization\"},\"image\":{\"@id\":\"https:\/\/denizcankizil.tr\/uk\/haberler\/antalya\/bir-ay-once-yenilenen-serayi-hortum-vurdu\/#primaryimage\"},\"thumbnailUrl\":\"https:\/\/denizcankizil.tr\/wp-content\/uploads\/2024\/11\/3254-01-8T8Ve6.jpeg\",\"articleSection\":[\"Antalya\",\"Uncategorized\"],\"inLanguage\":\"uk\",\"potentialAction\":[{\"@type\":\"CommentAction\",\"name\":\"Comment\",\"target\":[\"https:\/\/denizcankizil.tr\/uk\/haberler\/antalya\/bir-ay-once-yenilenen-serayi-hortum-vurdu\/#respond\"]}]},{\"@type\":\"WebPage\",\"@id\":\"https:\/\/denizcankizil.tr\/uk\/haberler\/antalya\/bir-ay-once-yenilenen-serayi-hortum-vurdu\/\",\"url\":\"https:\/\/denizcankizil.tr\/uk\/haberler\/antalya\/bir-ay-once-yenilenen-serayi-hortum-vurdu\/\",\"name\":\"Bir ay \u00f6nce yenilenen seray\u0131 hortum vurdu - Av. Deniz Can K\u0131z\u0131l\",\"isPartOf\":{\"@id\":\"https:\/\/denizcankizil.tr\/#website\"},\"primaryImageOfPage\":{\"@id\":\"https:\/\/denizcankizil.tr\/uk\/haberler\/antalya\/bir-ay-once-yenilenen-serayi-hortum-vurdu\/#primaryimage\"},\"image\":{\"@id\":\"https:\/\/denizcankizil.tr\/uk\/haberler\/antalya\/bir-ay-once-yenilenen-serayi-hortum-vurdu\/#primaryimage\"},\"thumbnailUrl\":\"https:\/\/denizcankizil.tr\/wp-content\/uploads\/2024\/11\/3254-01-8T8Ve6.jpeg\",\"datePublished\":\"2024-11-25T07:41:19+00:00\",\"breadcrumb\":{\"@id\":\"https:\/\/denizcankizil.tr\/uk\/haberler\/antalya\/bir-ay-once-yenilenen-serayi-hortum-vurdu\/#breadcrumb\"},\"inLanguage\":\"uk\",\"potentialAction\":[{\"@type\":\"ReadAction\",\"target\":[\"https:\/\/denizcankizil.tr\/uk\/haberler\/antalya\/bir-ay-once-yenilenen-serayi-hortum-vurdu\/\"]}]},{\"@type\":\"ImageObject\",\"inLanguage\":\"uk\",\"@id\":\"https:\/\/denizcankizil.tr\/uk\/haberler\/antalya\/bir-ay-once-yenilenen-serayi-hortum-vurdu\/#primaryimage\",\"url\":\"https:\/\/denizcankizil.tr\/wp-content\/uploads\/2024\/11\/3254-01-8T8Ve6.jpeg\",\"contentUrl\":\"https:\/\/denizcankizil.tr\/wp-content\/uploads\/2024\/11\/3254-01-8T8Ve6.jpeg\",\"width\":1280,\"height\":720},{\"@type\":\"BreadcrumbList\",\"@id\":\"https:\/\/denizcankizil.tr\/uk\/haberler\/antalya\/bir-ay-once-yenilenen-serayi-hortum-vurdu\/#breadcrumb\",\"itemListElement\":[{\"@type\":\"ListItem\",\"position\":1,\"name\":\"Home\",\"item\":\"https:\/\/denizcankizil.tr\/de\/\"},{\"@type\":\"ListItem\",\"position\":2,\"name\":\"Bir ay \u00f6nce yenilenen seray\u0131 hortum vurdu\"}]},{\"@type\":\"WebSite\",\"@id\":\"https:\/\/denizcankizil.tr\/#website\",\"url\":\"https:\/\/denizcankizil.tr\/\",\"name\":\"Av. Deniz Can K\u0131z\u0131l\",\"description\":\"Avukat Deniz Can K\u0131z\u0131l Antalya Barosu\",\"publisher\":{\"@id\":\"https:\/\/denizcankizil.tr\/#organization\"},\"potentialAction\":[{\"@type\":\"SearchAction\",\"target\":{\"@type\":\"EntryPoint\",\"urlTemplate\":\"https:\/\/denizcankizil.tr\/?s={search_term_string}\"},\"query-input\":{\"@type\":\"PropertyValueSpecification\",\"valueRequired\":true,\"valueName\":\"search_term_string\"}}],\"inLanguage\":\"uk\"},{\"@type\":\"Organization\",\"@id\":\"https:\/\/denizcankizil.tr\/#organization\",\"name\":\"Av. Deniz Can K\u0131z\u0131l\",\"url\":\"https:\/\/denizcankizil.tr\/\",\"logo\":{\"@type\":\"ImageObject\",\"inLanguage\":\"uk\",\"@id\":\"https:\/\/denizcankizil.tr\/#\/schema\/logo\/image\/\",\"url\":\"https:\/\/denizcankizil.tr\/wp-content\/uploads\/2024\/10\/siyah-logo-svg.svg\",\"contentUrl\":\"https:\/\/denizcankizil.tr\/wp-content\/uploads\/2024\/10\/siyah-logo-svg.svg\",\"width\":1080,\"height\":1080,\"caption\":\"Av. Deniz Can K\u0131z\u0131l\"},\"image\":{\"@id\":\"https:\/\/denizcankizil.tr\/#\/schema\/logo\/image\/\"}}]}<\/script>\n<!-- \/ Yoast SEO Premium plugin. -->","yoast_head_json":{"title":"Bir ay \u00f6nce yenilenen seray\u0131 hortum vurdu - Av. Deniz Can K\u0131z\u0131l","robots":{"index":"index","follow":"follow","max-snippet":"max-snippet:-1","max-image-preview":"max-image-preview:large","max-video-preview":"max-video-preview:-1"},"canonical":"https:\/\/denizcankizil.tr\/uk\/haberler\/antalya\/bir-ay-once-yenilenen-serayi-hortum-vurdu\/","og_locale":"uk_UA","og_type":"article","og_title":"Bir ay \u00f6nce yenilenen seray\u0131 hortum vurdu","og_description":"Antalya&#8217;n\u0131n Manavgat il\u00e7esi Karacalar Mahallesinde Hatice Kaplan&#8217;a ait seray\u0131 1&#8217;er y\u0131l arayla \u00fc\u00e7\u00fcnc\u00fc kez hortum vurdu. Dikmen Mevkiinde 5 d\u00f6n\u00fcm arazi \u00fczerinde kurulu Hatice Kaplan&#8217;a ait kabak ekili sera da meydana gelen hortum nedeniyle b\u00fcy\u00fck \u00e7apta zarar olu\u015ftu. E\u015fine ait seran\u0131n 1&#8217;er y\u0131l arayla \u00fcst \u00fcste 3 kez hortuma maruz kald\u0131\u011f\u0131n\u0131 s\u00f6yleyen Mustafa Kaplan \u201cSeran\u0131n \u00fczerindeki naylonu 1 ay \u00f6nce 70 bin liras\u0131 naylon, 25 bin liras\u0131 da usta paras\u0131 olmak \u00fczere 95 bin liraya yeniledik. Bu kadar \u015fanss\u0131zl\u0131\u011fa anlam veremiyorum. Hem serada hem de \u00fcr\u00fcnde zarar\u0131m\u0131z var\u201d dedi. Kaynak: www.kanalv.com.tr Haber Sitesinden Al\u0131nm\u0131\u015ft\u0131r.","og_url":"https:\/\/denizcankizil.tr\/uk\/haberler\/antalya\/bir-ay-once-yenilenen-serayi-hortum-vurdu\/","og_site_name":"Av. Deniz Can K\u0131z\u0131l","article_published_time":"2024-11-25T07:41:19+00:00","og_image":[{"width":1280,"height":720,"url":"https:\/\/denizcankizil.tr\/wp-content\/uploads\/2024\/11\/3254-01-8T8Ve6.jpeg","type":"image\/jpeg"}],"twitter_card":"summary_large_image","twitter_misc":{"\u041f\u0440\u0438\u0431\u043b. \u0447\u0430\u0441 \u0447\u0438\u0442\u0430\u043d\u043d\u044f":"1 \u0445\u0432\u0438\u043b\u0438\u043d\u0430"},"schema":{"@context":"https:\/\/schema.org","@graph":[{"@type":"Article","@id":"https:\/\/denizcankizil.tr\/uk\/haberler\/antalya\/bir-ay-once-yenilenen-serayi-hortum-vurdu\/#article","isPartOf":{"@id":"https:\/\/denizcankizil.tr\/uk\/haberler\/antalya\/bir-ay-once-yenilenen-serayi-hortum-vurdu\/"},"author":{"name":"","@id":""},"headline":"Bir ay \u00f6nce yenilenen seray\u0131 hortum vurdu","datePublished":"2024-11-25T07:41:19+00:00","mainEntityOfPage":{"@id":"https:\/\/denizcankizil.tr\/uk\/haberler\/antalya\/bir-ay-once-yenilenen-serayi-hortum-vurdu\/"},"wordCount":123,"commentCount":0,"publisher":{"@id":"https:\/\/denizcankizil.tr\/#organization"},"image":{"@id":"https:\/\/denizcankizil.tr\/uk\/haberler\/antalya\/bir-ay-once-yenilenen-serayi-hortum-vurdu\/#primaryimage"},"thumbnailUrl":"https:\/\/denizcankizil.tr\/wp-content\/uploads\/2024\/11\/3254-01-8T8Ve6.jpeg","articleSection":["Antalya","Uncategorized"],"inLanguage":"uk","potentialAction":[{"@type":"CommentAction","name":"Comment","target":["https:\/\/denizcankizil.tr\/uk\/haberler\/antalya\/bir-ay-once-yenilenen-serayi-hortum-vurdu\/#respond"]}]},{"@type":"WebPage","@id":"https:\/\/denizcankizil.tr\/uk\/haberler\/antalya\/bir-ay-once-yenilenen-serayi-hortum-vurdu\/","url":"https:\/\/denizcankizil.tr\/uk\/haberler\/antalya\/bir-ay-once-yenilenen-serayi-hortum-vurdu\/","name":"Bir ay \u00f6nce yenilenen seray\u0131 hortum vurdu - Av. Deniz Can K\u0131z\u0131l","isPartOf":{"@id":"https:\/\/denizcankizil.tr\/#website"},"primaryImageOfPage":{"@id":"https:\/\/denizcankizil.tr\/uk\/haberler\/antalya\/bir-ay-once-yenilenen-serayi-hortum-vurdu\/#primaryimage"},"image":{"@id":"https:\/\/denizcankizil.tr\/uk\/haberler\/antalya\/bir-ay-once-yenilenen-serayi-hortum-vurdu\/#primaryimage"},"thumbnailUrl":"https:\/\/denizcankizil.tr\/wp-content\/uploads\/2024\/11\/3254-01-8T8Ve6.jpeg","datePublished":"2024-11-25T07:41:19+00:00","breadcrumb":{"@id":"https:\/\/denizcankizil.tr\/uk\/haberler\/antalya\/bir-ay-once-yenilenen-serayi-hortum-vurdu\/#breadcrumb"},"inLanguage":"uk","potentialAction":[{"@type":"ReadAction","target":["https:\/\/denizcankizil.tr\/uk\/haberler\/antalya\/bir-ay-once-yenilenen-serayi-hortum-vurdu\/"]}]},{"@type":"ImageObject","inLanguage":"uk","@id":"https:\/\/denizcankizil.tr\/uk\/haberler\/antalya\/bir-ay-once-yenilenen-serayi-hortum-vurdu\/#primaryimage","url":"https:\/\/denizcankizil.tr\/wp-content\/uploads\/2024\/11\/3254-01-8T8Ve6.jpeg","contentUrl":"https:\/\/denizcankizil.tr\/wp-content\/uploads\/2024\/11\/3254-01-8T8Ve6.jpeg","width":1280,"height":720},{"@type":"BreadcrumbList","@id":"https:\/\/denizcankizil.tr\/uk\/haberler\/antalya\/bir-ay-once-yenilenen-serayi-hortum-vurdu\/#breadcrumb","itemListElement":[{"@type":"ListItem","position":1,"name":"Home","item":"https:\/\/denizcankizil.tr\/de\/"},{"@type":"ListItem","position":2,"name":"Bir ay \u00f6nce yenilenen seray\u0131 hortum vurdu"}]},{"@type":"WebSite","@id":"https:\/\/denizcankizil.tr\/#website","url":"https:\/\/denizcankizil.tr\/","name":"Av. Deniz Can K\u0131z\u0131l","description":"Avukat Deniz Can K\u0131z\u0131l Antalya Barosu","publisher":{"@id":"https:\/\/denizcankizil.tr\/#organization"},"potentialAction":[{"@type":"SearchAction","target":{"@type":"EntryPoint","urlTemplate":"https:\/\/denizcankizil.tr\/?s={search_term_string}"},"query-input":{"@type":"PropertyValueSpecification","valueRequired":true,"valueName":"search_term_string"}}],"inLanguage":"uk"},{"@type":"Organization","@id":"https:\/\/denizcankizil.tr\/#organization","name":"Av. Deniz Can K\u0131z\u0131l","url":"https:\/\/denizcankizil.tr\/","logo":{"@type":"ImageObject","inLanguage":"uk","@id":"https:\/\/denizcankizil.tr\/#\/schema\/logo\/image\/","url":"https:\/\/denizcankizil.tr\/wp-content\/uploads\/2024\/10\/siyah-logo-svg.svg","contentUrl":"https:\/\/denizcankizil.tr\/wp-content\/uploads\/2024\/10\/siyah-logo-svg.svg","width":1080,"height":1080,"caption":"Av. Deniz Can K\u0131z\u0131l"},"image":{"@id":"https:\/\/denizcankizil.tr\/#\/schema\/logo\/image\/"}}]}},"_links":{"self":[{"href":"https:\/\/denizcankizil.tr\/uk\/wp-json\/wp\/v2\/posts\/17485","targetHints":{"allow":["GET"]}}],"collection":[{"href":"https:\/\/denizcankizil.tr\/uk\/wp-json\/wp\/v2\/posts"}],"about":[{"href":"https:\/\/denizcankizil.tr\/uk\/wp-json\/wp\/v2\/types\/post"}],"replies":[{"embeddable":true,"href":"https:\/\/denizcankizil.tr\/uk\/wp-json\/wp\/v2\/comments?post=17485"}],"version-history":[{"count":0,"href":"https:\/\/denizcankizil.tr\/uk\/wp-json\/wp\/v2\/posts\/17485\/revisions"}],"wp:featuredmedia":[{"embeddable":true,"href":"https:\/\/denizcankizil.tr\/uk\/wp-json\/wp\/v2\/media\/17486"}],"wp:attachment":[{"href":"https:\/\/denizcankizil.tr\/uk\/wp-json\/wp\/v2\/media?parent=17485"}],"wp:term":[{"taxonomy":"category","embeddable":true,"href":"https:\/\/denizcankizil.tr\/uk\/wp-json\/wp\/v2\/categories?post=17485"},{"taxonomy":"post_tag","embeddable":true,"href":"https:\/\/denizcankizil.tr\/uk\/wp-json\/wp\/v2\/tags?post=17485"}],"curies":[{"name":"wp","href":"https:\/\/api.w.org\/{rel}","templated":true}]}}