{"id":17385,"date":"2024-11-24T14:55:38","date_gmt":"2024-11-24T11:55:38","guid":{"rendered":"https:\/\/denizcankizil.tr\/uncategorized-tr\/dovmeye-dair-hukuki-degerlendirme-yasal-cerceve-ve-uygulama\/"},"modified":"2024-12-04T00:18:05","modified_gmt":"2024-12-03T21:18:05","slug":"dovmeye-dair-hukuki-degerlendirme-yasal-cerceve-ve-uygulama","status":"publish","type":"post","link":"https:\/\/denizcankizil.tr\/uk\/koseyazilari\/degerlendirme\/dovmeye-dair-hukuki-degerlendirme-yasal-cerceve-ve-uygulama\/","title":{"rendered":"D\u00f6vmeye Dair Hukuki De\u011ferlendirme: Yasal \u00c7er\u00e7eve ve Uygulama"},"content":{"rendered":"<p><strong>D\u00f6vmeye Dair Hukuki De\u011ferlendirme: Yasal \u00c7er\u00e7eve ve\u200d Uygulama<\/strong><\/p>\n<p>D\u00f6vmeler, tarihsel s\u00fcre\u00e7 i\u00e7erisinde farkl\u0131 \u2064k\u00fclt\u00fcrlerde \u00e7e\u015fitli anlamlar ta\u015f\u0131yan ve <a title=\"Dilan Polat hakk\u0131nda tahliye karar\u0131\" href=\"https:\/\/denizcankizil.tr\/uk\/hukukihaber\/dilan-polat-hakkinda-tahliye-karari\/\">bireylerin<\/a> kimliklerini ifade etme bi\u00e7imlerinden biri olarak \u00f6ne \u00e7\u0131kan sanatsal uygulamalard\u0131r. \u200bAncak, d\u00f6vme uygulamalar\u0131 g\u00fcn\u00fcm\u00fczde yaln\u0131zca estetik\u200d bir tercih olman\u0131n \u00f6tesine ge\u00e7erek, hukuki \u200dboyutlar\u0131 da beraberinde getirmektedir. Bu \u200dba\u011flamda, d\u00f6vme yapt\u0131rma s\u00fcreci, sanat\u00e7\u0131n\u0131n ve m\u00fc\u015fterinin haklar\u0131, sorumluluklar\u0131 ve olas\u0131 hukuki \u200cihtilaflar a\u00e7\u0131s\u0131ndan\u2063 \u00f6nemli bir inceleme alan\u0131 haline gelmi\u015ftir.<\/p>\n<p>Bu makalede, \u2063d\u00f6vme uygulamalar\u0131n\u0131n yasal \u00e7er\u00e7evesi, T\u00fcrkiye&#8217;deki mevcut mevzuat ve uygulama \u00f6rnekleri \u0131\u015f\u0131\u011f\u0131nda ele al\u0131nacakt\u0131r. \u00d6zellikle, \u2062d\u00f6vme sanat\u0131n\u0131n\u200d icras\u0131 s\u0131ras\u0131nda kar\u015f\u0131la\u015f\u0131labilecek hukuki sorunlar, s\u00f6zle\u015fme ili\u015fkileri, t\u00fcketici haklar\u0131 ve sa\u011fl\u0131k g\u00fcvenli\u011fi gibi konular detayl\u0131\u200c bir \u015fekilde incelenecektir. \u200bAyr\u0131ca, Yarg\u0131tay i\u00e7tihatlar\u0131 ve ilgili \u200bkanunlar \u0131\u015f\u0131\u011f\u0131nda, d\u00f6vme uygulamalar\u0131n\u0131n\u2064 hukuki niteli\u011fi ve bu alandaki yasal \u200dd\u00fczenlemelerin gereklili\u011fi \u00fczerinde durulacakt\u0131r. Bu \u00e7al\u0131\u015fma, d\u00f6vme sanat\u0131n\u0131n hukuki boyutunu anlamak ve bu alandaki belirsizlikleri gidermek amac\u0131yla \u00f6nemli bir kaynak olu\u015fturmay\u0131 \u2062hedeflemektedir.<br \/>\n<img decoding=\"async\" class=\"kimage_class lazyload\" data-src=\"https:\/\/denizcankizil.tr\/wp-content\/uploads\/2024\/10\/3982-antalyadaki-fikri-ve-sinai-haklar-avukatlarinin-yetki-alanlari.jpg\" alt=\"D\u00f6vmeye Dair Hukuki \u00c7er\u00e7eve ve Mevzuat \u0130ncelemesi\" src=\"data:image\/svg+xml;base64,PHN2ZyB3aWR0aD0iMSIgaGVpZ2h0PSIxIiB4bWxucz0iaHR0cDovL3d3dy53My5vcmcvMjAwMC9zdmciPjwvc3ZnPg==\" \/><\/p>\n<h2 id=\"dovmeye-dair-hukuki-cerceve-ve-mevzuat-incelemesi\">D\u00f6vmeye Dair Hukuki \u00c7er\u00e7eve ve Mevzuat \u0130ncelemesi<\/h2>\n<section>D\u00f6vmecilik, son y\u0131llarda hem \u2064sanatsal bir\u200d ifade bi\u00e7imi hem de ki\u015fisel bir tercih olarak yayg\u0131nla\u015fm\u0131\u015ft\u0131r. Ancak, bu alanda hukuki \u2064d\u00fczenlemelerin ve mevzuat\u0131n varl\u0131\u011f\u0131, d\u00f6vme uygulamalar\u0131n\u0131n \u2063g\u00fcvenli ve yasal bir \u00e7er\u00e7evede ger\u00e7ekle\u015ftirilmesi a\u00e7\u0131s\u0131ndan b\u00fcy\u00fck \u00f6nem ta\u015f\u0131maktad\u0131r. T\u00fcrkiye&#8217;de d\u00f6vme i\u015flemleri, genel sa\u011fl\u0131k ve g\u00fcvenlik kurallar\u0131 \u00e7er\u00e7evesinde \u2062ele al\u0131nmakta, bu ba\u011flamda \u00e7e\u015fitli yasal d\u00fczenlemeler ve standartlar belirlenmektedir.<\/p>\n<p>D\u00f6vmecilik faaliyetleri,\u2062 <strong>\u0426\u0438\u0432\u0456\u043b\u044c\u043d\u0438\u0439 \u043a\u043e\u0434\u0435\u043a\u0441 \u0422\u0443\u0440\u0435\u0447\u0447\u0438\u043d\u0438<\/strong> ve <strong>T\u00fcrk Ceza Kanunu<\/strong> gibi temel yasal metinler ile d\u00fczenlenmektedir. Bu\u2063 kanunlar, d\u00f6vme i\u015flemlerinin yap\u0131labilmesi \u200ci\u00e7in gerekli olan izinler, hijyen standartlar\u0131 ve m\u00fc\u015fteri\u200d r\u0131zas\u0131 gibi unsurlar\u0131 kapsamaktad\u0131r. \u200cAyr\u0131ca,\u200b d\u00f6vme \u2063sanat\u00e7\u0131lar\u0131\u2064 i\u00e7in belirli e\u011fitim\u200d ve sertifikasyon s\u00fcre\u00e7leri de \u00f6ng\u00f6r\u00fclmektedir.<\/p>\n<p>Bu ba\u011flamda, d\u00f6vme uygulamalar\u0131n\u0131n\u200d hukuki \u00e7er\u00e7evesini belirleyen ba\u015fl\u0131ca unsurlar \u015funlard\u0131r:<\/p>\n<ul>\n<li><strong>Hijyen ve Sa\u011fl\u0131k Standartlar\u0131:<\/strong> \u2064D\u00f6vme st\u00fcdyolar\u0131n\u0131n, sa\u011fl\u0131k bakanl\u0131\u011f\u0131 taraf\u0131ndan belirlenen hijyen kurallar\u0131na uymas\u0131 gerekmektedir.<\/li>\n<li><strong>M\u00fc\u015fteri R\u0131zas\u0131:<\/strong> D\u00f6vme i\u015flemi \u00f6ncesinde, m\u00fc\u015fterinin bilgilendirilmesi ve r\u0131zas\u0131n\u0131n al\u0131nmas\u0131 yasal bir zorunluluktur.<\/li>\n<li><strong>Ya\u015f\u200b S\u0131n\u0131r\u0131:<\/strong> T\u00fcrkiye&#8217;de d\u00f6vme yapt\u0131rmak i\u00e7in belirli bir ya\u015f s\u0131n\u0131r\u0131 \u200cbulunmaktad\u0131r; bu s\u0131n\u0131r\u0131n alt\u0131nda olan bireylerin d\u00f6vme yapt\u0131rmas\u0131 \u200cyasal \u200dolarak \u2064m\u00fcmk\u00fcn de\u011fildir.<\/li>\n<\/ul>\n<p>Sonu\u00e7 olarak, d\u00f6vme i\u015flemleri, hem sanatsal bir ifade bi\u00e7imi hem de \u2064hukuki bir s\u00fcre\u00e7 olarak dikkatle ele al\u0131nmal\u0131d\u0131r. Yasal \u2062\u00e7er\u00e7eve ve mevzuat, \u200cd\u00f6vme sanat\u0131n\u0131n g\u00fcvenli\u2063 ve etik bir \u015fekilde icra edilmesini sa\u011flamak amac\u0131yla s\u00fcrekli\u200b olarak g\u00fcncellenmekte ve geli\u015ftirilmekte, bu sayede hem sanat\u00e7\u0131lar hem de m\u00fc\u015fteriler i\u00e7in \u2062koruyucu bir zemin olu\u015fturulmaktad\u0131r.<\/p>\n<\/section>\n<h2 id=\"dovmecilik-faaliyetinin-yasal-statusu-ve-sorumluluklar\">D\u00f6vmecilik Faaliyetinin Yasal Stat\u00fcs\u00fc ve Sorumluluklar<\/h2>\n<section>D\u00f6vmecilik,\u200d son y\u0131llarda pop\u00fclaritesini art\u0131ran bir sanat dal\u0131 olmas\u0131n\u0131n yan\u0131 s\u0131ra, yasal \u00e7er\u00e7eveler i\u00e7inde belirli sorumluluklar\u0131 da beraberinde getirmektedir. T\u00fcrkiye&#8217;de d\u00f6vme uygulamalar\u0131, sa\u011fl\u0131k ve \u2063g\u00fcvenlik standartlar\u0131na uygun olarak ger\u00e7ekle\u015ftirilmelidir. Bu ba\u011flamda, d\u00f6vmecilik faaliyetinin yasal stat\u00fcs\u00fc, \u00e7e\u015fitli mevzuatlar\u200d ve y\u00f6netmeliklerle d\u00fczenlenmektedir.<\/p>\n<p>D\u00f6vmecilik yapan i\u015fletmelerin, a\u015fa\u011f\u0131daki yasal y\u00fck\u00fcml\u00fcl\u00fcklere uymas\u0131 gerekmektedir:<\/p>\n<ul>\n<li><strong>Sa\u011fl\u0131k ve G\u00fcvenlik Standartlar\u0131:<\/strong> \u2063D\u00f6vme uygulamalar\u0131,\u200d hijyenik ko\u015fullarda ve steril ekipmanlarla yap\u0131lmal\u0131d\u0131r.<\/li>\n<li><strong>\u0130zin ve Ruhsatlar:<\/strong> D\u00f6vme st\u00fcdyolar\u0131, ilgili belediyelerden gerekli izinleri almak zorundad\u0131r.<\/li>\n<li><strong>T\u00fcketici Haklar\u0131:<\/strong> M\u00fc\u015fterilere, d\u00f6vme \u00f6ncesi ve sonras\u0131\u2063 gerekli bilgilendirmelerin yap\u0131lmas\u0131 esast\u0131r.<\/li>\n<\/ul>\n<p>Ayr\u0131ca, d\u00f6vme sanat\u00e7\u0131lar\u0131, uygulama\u2064 s\u0131ras\u0131nda meydana gelebilecek olumsuz \u200cdurumlar i\u00e7in hukuki sorumluluk\u200b ta\u015f\u0131maktad\u0131r. Bu nedenle, d\u00f6vme i\u015flemi \u00f6ncesinde m\u00fc\u015fterilerin bilgilendirilmesi ve onaylar\u0131n\u0131n al\u0131nmas\u0131, yasal bir\u2063 zorunluluk \u2062olarak \u00f6ne \u00e7\u0131kmaktad\u0131r. T\u00fcm bu unsurlar, d\u00f6vmecilik faaliyetinin \u200cyasal \u00e7er\u00e7evesini olu\u015fturmakta ve sekt\u00f6rdeki profesyonellerin sorumluluklar\u0131n\u0131 belirlemektedir.<\/p>\n<\/section>\n<h2 id=\"dovmelerin-saglik-ve-guvenlik-acisindan-degerlendirilmesi\">D\u00f6vmelerin Sa\u011fl\u0131k ve G\u00fcvenlik A\u00e7\u0131s\u0131ndan De\u011ferlendirilmesi<\/h2>\n<section>D\u00f6vmeler, bireylerin kendilerini \u2063ifade etme bi\u00e7imlerinden biri olarak pop\u00fclerlik kazanm\u0131\u015ft\u0131r. Ancak, d\u00f6vme\u200b uygulamalar\u0131 sa\u011fl\u0131k ve g\u00fcvenlik a\u00e7\u0131s\u0131ndan baz\u0131 riskler\u2062 ta\u015f\u0131maktad\u0131r. Bu \u2063nedenle, d\u00f6vme \u2064yapt\u0131rmadan \u00f6nce dikkate al\u0131nmas\u0131 \u2062gereken \u00f6nemli hususlar bulunmaktad\u0131r.<\/p>\n<p>\u00d6ncelikle, d\u00f6vme uygulamalar\u0131n\u0131n hijyen standartlar\u0131na uygun olarak ger\u00e7ekle\u015ftirilmesi gerekmektedir.\u2063 Aksi takdirde, enfeksiyon riski artmakta ve bu durum ciddi sa\u011fl\u0131k sorunlar\u0131na yol a\u00e7abilmektedir. D\u00f6vme st\u00fcdyolar\u0131n\u0131n, a\u015fa\u011f\u0131daki \u200dkriterlere uygun olarak faaliyet g\u00f6stermesi \u00f6nemlidir:<\/p>\n<ul>\n<li><strong>Temizlik:<\/strong> Kullan\u0131lan ekipmanlar\u0131n\u200d sterilizasyonu ve st\u00fcdyonun genel hijyen durumu.<\/li>\n<li><strong>\u0421\u043f\u0435\u0446\u0456\u0430\u043b\u044c\u043d\u0456\u0441\u0442\u044c:<\/strong> D\u00f6vme sanat\u00e7\u0131s\u0131n\u0131n gerekli e\u011fitim ve sertifikalara sahip olmas\u0131.<\/li>\n<li><strong>Malzeme Kalitesi:<\/strong> Kullan\u0131lan boyalar\u0131n \u200dve malzemelerin sa\u011fl\u0131k a\u00e7\u0131s\u0131ndan g\u00fcvenilir olmas\u0131.<\/li>\n<\/ul>\n<p>Ayr\u0131ca,\u2063 d\u00f6vme sonras\u0131 bak\u0131m s\u00fcre\u00e7leri\u2063 de sa\u011fl\u0131k a\u00e7\u0131s\u0131ndan kritik \u2062bir \u00f6neme sahiptir. Bireylerin, d\u00f6vme sonras\u0131 olu\u015fabilecek \u200dkomplikasyonlar\u0131 \u00f6nlemek i\u00e7in uzmanlar\u0131n \u00f6nerilerine uymas\u0131 gerekmektedir. Bu ba\u011flamda, d\u00f6vme uygulamalar\u0131n\u0131n yaln\u0131zca yetkili ve deneyimli ki\u015filer taraf\u0131ndan yap\u0131lmas\u0131, hem sa\u011fl\u0131k hem de g\u00fcvenlik\u200b a\u00e7\u0131s\u0131ndan b\u00fcy\u00fck \u00f6nem ta\u015f\u0131maktad\u0131r.<\/p>\n<\/section>\n<p><img decoding=\"async\" class=\"kimage_class lazyload\" data-src=\"https:\/\/denizcankizil.tr\/wp-content\/uploads\/2024\/10\/fNqXg-253D.jpg\" alt=\"T\u00fcketici Haklar\u0131 ve D\u00f6vme Uygulamalar\u0131 Aras\u0131ndaki \u0130li\u015fki\" src=\"data:image\/svg+xml;base64,PHN2ZyB3aWR0aD0iMSIgaGVpZ2h0PSIxIiB4bWxucz0iaHR0cDovL3d3dy53My5vcmcvMjAwMC9zdmciPjwvc3ZnPg==\" \/><\/p>\n<h2 id=\"tuketici-haklari-ve-dovme-uygulamalari-arasindaki-iliski\">T\u00fcketici Haklar\u0131 ve D\u00f6vme Uygulamalar\u0131\u2063 Aras\u0131ndaki \u0130li\u015fki<\/h2>\n<p><strong>T\u00fcketici haklar\u0131<\/strong>,\u2062 d\u00f6vme\u2063 uygulamalar\u0131 a\u00e7\u0131s\u0131ndan \u00f6nemli bir yere sahiptir. T\u00fcketicilerin, d\u00f6vme yapt\u0131r\u0131rken kar\u015f\u0131la\u015fabilecekleri olumsuz \u200cdurumlar kar\u015f\u0131s\u0131nda korunmas\u0131, hukukun temel prensiplerinden biridir.\u2063 Bu ba\u011flamda, d\u00f6vme hizmeti sunan i\u015fletmelerin, t\u00fcketicilere kar\u015f\u0131 y\u00fck\u00fcml\u00fcl\u00fckleri bulunmaktad\u0131r. T\u00fcketicilerin, d\u00f6vme yapt\u0131rmadan \u00f6nce bilgilendirilmesi ve onaylar\u0131n\u0131n al\u0131nmas\u0131, yasal bir \u2063zorunluluk olarak \u00f6ne \u00e7\u0131kmaktad\u0131r.<\/p>\n<p>D\u00f6vme uygulamalar\u0131\u2062 s\u0131ras\u0131nda, <a title=\"Antalya'da T\u00fcketici Haklar\u0131 Avukat\u0131 Hangi Dava T\u00fcrlerine Bakar ? T\u00fcketici Haklar\u0131 Dava T\u00fcrlerinin Tamam\u0131. Antalya'daki Adliye ve Mahkemeler Listesi Nelerdir? Antalya'n\u0131n il\u00e7eleri hangileridir?\" href=\"https:\/\/denizcankizil.tr\/uk\/seo\/antalyada-tuketici-haklari-avukati-hangi-dava-turlerine-bakar-tuketici-haklari-dava-turlerinin-tamami-antalyadaki-adliye-ve-mahkemeler-listesi-nelerdir-antalyanin-ilceleri-hangileridir\/\">t\u00fcketicilerin<\/a> haklar\u0131 aras\u0131nda <strong>sa\u011fl\u0131k ve\u200c g\u00fcvenlik<\/strong> konular\u0131 \u200cda yer\u2063 almaktad\u0131r. D\u00f6vme \u200bst\u00fcdyolar\u0131n\u0131n, hijyen standartlar\u0131na uymas\u0131 ve gerekli izinleri \u200balmas\u0131, t\u00fcketicilerin sa\u011fl\u0131\u011f\u0131n\u0131 koruma a\u00e7\u0131s\u0131ndan kritik\u2063 \u00f6neme sahiptir. Ayr\u0131ca, d\u00f6vme sonras\u0131 bak\u0131m ve olas\u0131\u2064 komplikasyonlar \u200dhakk\u0131nda t\u00fcketicilere yeterli bilgi verilmesi gerekmektedir.<\/p>\n<p>Bu \u00e7er\u00e7evede, t\u00fcketicilerin d\u00f6vme yapt\u0131rma s\u00fcrecinde kar\u015f\u0131la\u015fabilecekleri \u2062sorunlar aras\u0131nda \u015funlar bulunmaktad\u0131r:<\/p>\n<ul>\n<li>Yetersiz bilgilendirme<\/li>\n<li>Hijyenik olmayan\u200d uygulama alanlar\u0131<\/li>\n<li>Yanl\u0131\u015f veya eksik uygulama<\/li>\n<li>\u0130ptal ve iade ko\u015fullar\u0131<\/li>\n<\/ul>\n<p>T\u00fcketici haklar\u0131, d\u00f6vme uygulamalar\u0131 \u2063ile ilgili olarak, hem hizmet\u2062 sa\u011flay\u0131c\u0131lar\u0131n hem de t\u00fcketicilerin \u200cy\u00fck\u00fcml\u00fcl\u00fcklerini belirlemekte \u200bve bu alandaki hukuki ili\u015fkilerin sa\u011fl\u0131kl\u0131 bir \u015fekilde y\u00fcr\u00fct\u00fclmesine katk\u0131 sa\u011flamaktad\u0131r. Bu nedenle, d\u00f6vme yapt\u0131rmadan \u00f6nce t\u00fcketicilerin haklar\u0131n\u0131 ve yasal \u00e7er\u00e7eveyi iyi anlamalar\u0131 b\u00fcy\u00fck \u00f6nem \u2064ta\u015f\u0131maktad\u0131r.<\/p>\n<p><img decoding=\"async\" class=\"kimage_class lazyload\" data-src=\"https:\/\/denizcankizil.tr\/wp-content\/uploads\/2024\/10\/1LHFk-253D.jpg\" alt=\"D\u00f6vmeye \u0130li\u015fkin Anla\u015fmazl\u0131klar\u2062 ve \u00c7\u00f6z\u00fcm Yollar\u0131\" src=\"data:image\/svg+xml;base64,PHN2ZyB3aWR0aD0iMSIgaGVpZ2h0PSIxIiB4bWxucz0iaHR0cDovL3d3dy53My5vcmcvMjAwMC9zdmciPjwvc3ZnPg==\" \/><\/p>\n<h2 id=\"dovmeye-iliskin-anlasmazliklar-ve-cozum-yollari\">D\u00f6vmeye \u0130li\u015fkin Anla\u015fmazl\u0131klar ve \u00c7\u00f6z\u00fcm Yollar\u0131<\/h2>\n<section>D\u00f6vmeler, bireylerin kendilerini ifade etme bi\u00e7imlerinden biri olarak g\u00fcn\u00fcm\u00fczde yayg\u0131n\u200c bir \u015fekilde tercih edilmektedir. \u2064Ancak, d\u00f6vme uygulamalar\u0131 s\u0131ras\u0131nda ortaya \u00e7\u0131kabilecek anla\u015fmazl\u0131klar, hem\u200d sanat\u00e7\u0131lar hem de m\u00fc\u015fteriler a\u00e7\u0131s\u0131ndan hukuki sorunlar do\u011furabilmektedir. Bu t\u00fcr anla\u015fmazl\u0131klar\u0131n ba\u015f\u0131nda, d\u00f6vmenin \u200ckalitesi, tasar\u0131m\u0131 ve uygulama \u2062s\u00fcreci ile ilgili \u015fikayetler gelmektedir. Bu\u2062 ba\u011flamda, d\u00f6vme hizmeti sunan i\u015fletmelerin, m\u00fc\u015fteri\u2062 memnuniyetini sa\u011flamak amac\u0131yla belirli standartlara uymas\u0131 \u00f6nem arz etmektedir.<\/p>\n<p>Hukuki a\u00e7\u0131dan d\u00f6vme\u2062 anla\u015fmazl\u0131klar\u0131n\u0131n \u00e7\u00f6z\u00fcm\u00fcnde, \u00f6ncelikle taraflar aras\u0131nda yap\u0131lan s\u00f6zle\u015fmenin i\u00e7eri\u011fi dikkate al\u0131nmal\u0131d\u0131r. S\u00f6zle\u015fmede yer\u200d alan \u015fartlar, taraflar\u0131n hak ve y\u00fck\u00fcml\u00fcl\u00fcklerini belirlemekte \u200colup, anla\u015fmazl\u0131k\u2064 durumunda bu \u015fartlar\u0131n ihlali durumunda hukuki s\u00fcre\u00e7 ba\u015flat\u0131labilir. Ayr\u0131ca, d\u00f6vme sanat\u00e7\u0131s\u0131n\u0131n\u2064 mesleki sorumluluklar\u0131 ve m\u00fc\u015fteri haklar\u0131 da g\u00f6z \u00f6n\u00fcnde bulundurulmal\u0131d\u0131r.<\/p>\n<p>Bu \u200ct\u00fcr\u200c anla\u015fmazl\u0131klar\u0131n \u00e7\u00f6z\u00fcm yollar\u0131 \u200baras\u0131nda \u015funlar yer almaktad\u0131r:<\/p>\n<ul>\n<li><strong>Arabuluculuk:<\/strong> Taraflar aras\u0131nda uzla\u015fma sa\u011flamak amac\u0131yla ba\u011f\u0131ms\u0131z bir \u2063arabulucu ile g\u00f6r\u00fc\u015fmeler yap\u0131labilir.<\/li>\n<li><strong>\u0130htiyati Tedbir:<\/strong> Anla\u015fmazl\u0131k durumunda, taraflar\u0131n haklar\u0131n\u0131 \u2062korumak i\u00e7in mahkemeden ihtiyati tedbir talep edilebilir.<\/li>\n<li><strong>Mahkeme S\u00fcreci:<\/strong> Anla\u015fmazl\u0131klar\u0131n \u00e7\u00f6z\u00fclememesi durumunda, taraflar mahkemeye ba\u015fvurarak hukuki\u200d yollara ba\u015fvurabilir.<\/li>\n<\/ul>\n<p>Sonu\u00e7 olarak, d\u00f6vmeye ili\u015fkin anla\u015fmazl\u0131klar\u0131n \u00f6nlenmesi ve \u00e7\u00f6z\u00fcm\u00fc i\u00e7in taraflar\u0131n hukuki haklar\u0131n\u0131 ve y\u00fck\u00fcml\u00fcl\u00fcklerini bilmesi b\u00fcy\u00fck\u200d \u00f6nem ta\u015f\u0131maktad\u0131r. Bu ba\u011flamda, d\u00f6vme sanat\u00e7\u0131lar\u0131 ve m\u00fc\u015fteriler aras\u0131nda sa\u011fl\u0131kl\u0131 bir ileti\u015fim kurulmas\u0131, olas\u0131 sorunlar\u0131n \u200b\u00f6n\u00fcne ge\u00e7ilmesine yard\u0131mc\u0131 olacakt\u0131r.<\/p>\n<\/section>\n<p><img decoding=\"async\" class=\"kimage_class lazyload\" data-src=\"https:\/\/denizcankizil.tr\/wp-content\/uploads\/2024\/10\/4380-antalyada-sahtecilik-suclarina-bakan-avukat-ve-mahkemeler.jpg\" alt=\"Yarg\u0131tay Kararlar\u0131 I\u015f\u0131\u011f\u0131nda D\u00f6vme Uygulamalar\u0131n\u0131n Hukuki Boyutu\" src=\"data:image\/svg+xml;base64,PHN2ZyB3aWR0aD0iMSIgaGVpZ2h0PSIxIiB4bWxucz0iaHR0cDovL3d3dy53My5vcmcvMjAwMC9zdmciPjwvc3ZnPg==\" \/><\/p>\n<h2 id=\"yargitay-kararlari-isiginda-dovme-uygulamalarinin-hukuki-boyutu\">Yarg\u0131tay Kararlar\u0131 I\u015f\u0131\u011f\u0131nda D\u00f6vme Uygulamalar\u0131n\u0131n Hukuki Boyutu<\/h2>\n<p>D\u00f6vme \u200duygulamalar\u0131, \u2063son y\u0131llarda hem estetik hem de ki\u015fisel ifade \u2063arac\u0131 olarak yayg\u0131nla\u015fm\u0131\u015ft\u0131r. \u2064Ancak, bu\u2062 uygulamalar\u0131n hukuki boyutu, \u00e7e\u015fitli\u2062 yasal d\u00fczenlemeler ve Yarg\u0131tay \u200bkararlar\u0131 \u0131\u015f\u0131\u011f\u0131nda incelenmesi gereken \u00f6nemli bir konudur. T\u00fcrkiye&#8217;de d\u00f6vme yapt\u0131rma i\u015flemleri, genel olarak <a title=\"Konyaalt\u0131 ve Muratpa\u015fa'da \u0130\u015f Hukuku ve  \u00dcnl\u00fc \u0130\u015f\u00e7i Avukatl\u0131\u011f\u0131\" href=\"https:\/\/denizcankizil.tr\/uk\/seo\/konyaalti-ve-muratpasada-is-hukuku-ve-isci-avukatligi\/\">sa\u011fl\u0131k ve g\u00fcvenlik standartlar\u0131<\/a>na tabi\u200b olup, bu standartlar\u0131n ihlali durumunda hukuki sonu\u00e7lar \u2064do\u011furabilir.<\/p>\n<p>Yarg\u0131tay, \u200bd\u00f6vme \u2062uygulamalar\u0131yla ilgili olarak \u00e7e\u015fitli kararlar \u2064vermi\u015ftir. Bu kararlar, \u200cd\u00f6vme sanat\u00e7\u0131lar\u0131n\u0131n mesleki\u2064 yeterlilikleri, hijyen ko\u015fullar\u0131 ve m\u00fc\u015fteri r\u0131zas\u0131 gibi unsurlar\u0131n\u2063 \u00f6nemini vurgulamaktad\u0131r. A\u015fa\u011f\u0131da, Yarg\u0131tay kararlar\u0131 do\u011frultusunda d\u00f6vme\u200d uygulamalar\u0131n\u0131n hukuki boyutunu \u200betkileyen baz\u0131 temel noktalar s\u0131ralanm\u0131\u015ft\u0131r:<\/p>\n<ul>\n<li><strong>Mesleki Yeterlilik:<\/strong> D\u00f6vme\u2062 sanat\u00e7\u0131lar\u0131n\u0131n, belirli bir e\u011fitim ve sertifikasyon s\u00fcrecinden ge\u00e7mesi gerekti\u011fi, Yarg\u0131tay\u200c kararlar\u0131nda\u200d s\u0131k\u00e7a \u200bdile getirilmektedir.<\/li>\n<li><strong>Hijyen Standartlar\u0131:<\/strong> D\u00f6vme uygulamalar\u0131nda hijyen\u2062 kurallar\u0131na \u200buyulmas\u0131, hem sanat\u00e7\u0131n\u0131n hem \u2063de m\u00fc\u015fterinin sa\u011fl\u0131\u011f\u0131 a\u00e7\u0131s\u0131ndan kritik\u2063 \u00f6neme \u200dsahiptir.<\/li>\n<li><strong>M\u00fc\u015fteri R\u0131zas\u0131:<\/strong> D\u00f6vme yapt\u0131racak ki\u015finin, uygulama \u00f6ncesinde bilgilendirilmesi ve r\u0131zas\u0131n\u0131n al\u0131nmas\u0131, hukuki a\u00e7\u0131dan \u00f6nemli bir gereklilik \u2062olarak \u00f6ne \u00e7\u0131kmaktad\u0131r.<\/li>\n<\/ul>\n<p>Sonu\u00e7 olarak, d\u00f6vme uygulamalar\u0131, bireylerin ki\u015fisel tercihleri ve ifade \u00f6zg\u00fcrl\u00fc\u011f\u00fc a\u00e7\u0131s\u0131ndan \u00f6nemli bir yere sahip olmakla birlikte, hukuki boyutlar\u0131\u2063 da g\u00f6z ard\u0131\u200d edilmemelidir. T\u00fcrkiye&#8217;de d\u00f6vme i\u015flemlerinin \u2064yasal \u00e7er\u00e7evesi, sa\u011fl\u0131k ve g\u00fcvenlik standartlar\u0131, \u2064s\u00f6zle\u015fme ili\u015fkileri ve\u2064 t\u00fcketici haklar\u0131 gibi \u00e7e\u015fitli unsurlar\u0131 i\u00e7ermektedir. Bu ba\u011flamda, d\u00f6vme sanat\u00e7\u0131lar\u0131 ve m\u00fc\u015fterileri aras\u0131ndaki ili\u015fkilerin hukuki\u200c olarak\u2062 d\u00fczenlenmesi, hem taraflar\u0131n haklar\u0131n\u0131n korunmas\u0131 hem de\u2064 olas\u0131 uyu\u015fmazl\u0131klar\u0131n \u00f6nlenmesi a\u00e7\u0131s\u0131ndan b\u00fcy\u00fck \u00f6nem ta\u015f\u0131maktad\u0131r. Gelecekte, \u200bd\u00f6vme uygulamalar\u0131na dair hukuki d\u00fczenlemelerin daha da netle\u015fmesi ve geli\u015fmesi,\u2062 bu alandaki belirsizliklerin giderilmesine katk\u0131\u200c sa\u011flayacakt\u0131r.\u200d Dolay\u0131s\u0131yla, d\u00f6vme i\u015flemlerinin yasal \u00e7er\u00e7evesinin anla\u015f\u0131lmas\u0131, hem bireyler hem de profesyoneller\u200d i\u00e7in kritik bir gereklilik olarak kar\u015f\u0131m\u0131za \u00e7\u0131kmaktad\u0131r.<\/p>","protected":false},"excerpt":{"rendered":"<p>D\u00f6vmeye dair hukuki de\u011ferlendirme, T\u00fcrkiye&#8217;deki yasal \u00e7er\u00e7eve ve uygulamalar\u0131 inceleyerek, d\u00f6vme sanat\u0131n\u0131n ki\u015fisel haklar, sa\u011fl\u0131k ve g\u00fcvenlik a\u00e7\u0131s\u0131ndan nas\u0131l d\u00fczenlendi\u011fini ortaya koymaktad\u0131r. Bu ba\u011flamda, d\u00f6vme yapt\u0131rma s\u00fcrecinde dikkat edilmesi gereken hukuki hususlar \u00f6nem kazanmaktad\u0131r.<\/p>","protected":false},"author":4,"featured_media":17386,"comment_status":"open","ping_status":"open","sticky":false,"template":"","format":"standard","meta":{"_acf_changed":false,"footnotes":""},"categories":[22],"tags":[],"class_list":["post-17385","post","type-post","status-publish","format-standard","has-post-thumbnail","hentry","category-degerlendirme"],"acf":[],"yoast_head":"<!-- This site is optimized with the Yoast SEO Premium plugin v26.6 (Yoast SEO v27.1.1) - https:\/\/yoast.com\/product\/yoast-seo-premium-wordpress\/ -->\n<title>D\u00f6vmeye Dair Hukuki De\u011ferlendirme: Yasal \u00c7er\u00e7eve ve Uygulama - Av. Deniz Can K\u0131z\u0131l<\/title>\n<meta name=\"robots\" content=\"index, follow, max-snippet:-1, max-image-preview:large, max-video-preview:-1\" \/>\n<link rel=\"canonical\" href=\"https:\/\/denizcankizil.tr\/uk\/koseyazilari\/degerlendirme\/dovmeye-dair-hukuki-degerlendirme-yasal-cerceve-ve-uygulama\/\" \/>\n<meta property=\"og:locale\" content=\"uk_UA\" \/>\n<meta property=\"og:type\" content=\"article\" \/>\n<meta property=\"og:title\" content=\"D\u00f6vmeye Dair Hukuki De\u011ferlendirme: Yasal \u00c7er\u00e7eve ve Uygulama\" \/>\n<meta property=\"og:description\" content=\"D\u00f6vmeye dair hukuki de\u011ferlendirme, T\u00fcrkiye&#039;deki yasal \u00e7er\u00e7eve ve uygulamalar\u0131 inceleyerek, d\u00f6vme sanat\u0131n\u0131n ki\u015fisel haklar, sa\u011fl\u0131k ve g\u00fcvenlik a\u00e7\u0131s\u0131ndan nas\u0131l d\u00fczenlendi\u011fini ortaya koymaktad\u0131r. Bu ba\u011flamda, d\u00f6vme yapt\u0131rma s\u00fcrecinde dikkat edilmesi gereken hukuki hususlar \u00f6nem kazanmaktad\u0131r.\" \/>\n<meta property=\"og:url\" content=\"https:\/\/denizcankizil.tr\/uk\/koseyazilari\/degerlendirme\/dovmeye-dair-hukuki-degerlendirme-yasal-cerceve-ve-uygulama\/\" \/>\n<meta property=\"og:site_name\" content=\"Av. Deniz Can K\u0131z\u0131l\" \/>\n<meta property=\"article:published_time\" content=\"2024-11-24T11:55:38+00:00\" \/>\n<meta property=\"article:modified_time\" content=\"2024-12-03T21:18:05+00:00\" \/>\n<meta property=\"og:image\" content=\"https:\/\/denizcankizil.tr\/wp-content\/uploads\/2024\/11\/17385-dovmeye-dair-hukuki-degerlendirme-yasal-cerceve-ve-uygulama.jpg\" \/>\n\t<meta property=\"og:image:width\" content=\"800\" \/>\n\t<meta property=\"og:image:height\" content=\"800\" \/>\n\t<meta property=\"og:image:type\" content=\"image\/jpeg\" \/>\n<meta name=\"author\" content=\"Av. Deniz Can K\u0131z\u0131l\" \/>\n<meta name=\"twitter:card\" content=\"summary_large_image\" \/>\n<meta name=\"twitter:label1\" content=\"\u041d\u0430\u043f\u0438\u0441\u0430\u043d\u043e\" \/>\n\t<meta name=\"twitter:data1\" content=\"Av. Deniz Can K\u0131z\u0131l\" \/>\n\t<meta name=\"twitter:label2\" content=\"\u041f\u0440\u0438\u0431\u043b. \u0447\u0430\u0441 \u0447\u0438\u0442\u0430\u043d\u043d\u044f\" \/>\n\t<meta name=\"twitter:data2\" content=\"9 \u0445\u0432\u0438\u043b\u0438\u043d\" \/>\n<script type=\"application\/ld+json\" class=\"yoast-schema-graph\">{\"@context\":\"https:\/\/schema.org\",\"@graph\":[{\"@type\":\"Article\",\"@id\":\"https:\/\/denizcankizil.tr\/uk\/koseyazilari\/degerlendirme\/dovmeye-dair-hukuki-degerlendirme-yasal-cerceve-ve-uygulama\/#article\",\"isPartOf\":{\"@id\":\"https:\/\/denizcankizil.tr\/uk\/koseyazilari\/degerlendirme\/dovmeye-dair-hukuki-degerlendirme-yasal-cerceve-ve-uygulama\/\"},\"author\":{\"name\":\"Av. Deniz Can K\u0131z\u0131l\",\"@id\":\"https:\/\/denizcankizil.tr\/de\/#\/schema\/person\/5dc1b22991bd7ac833867c10afc9b0ff\"},\"headline\":\"D\u00f6vmeye Dair Hukuki De\u011ferlendirme: Yasal \u00c7er\u00e7eve ve Uygulama\",\"datePublished\":\"2024-11-24T11:55:38+00:00\",\"dateModified\":\"2024-12-03T21:18:05+00:00\",\"mainEntityOfPage\":{\"@id\":\"https:\/\/denizcankizil.tr\/uk\/koseyazilari\/degerlendirme\/dovmeye-dair-hukuki-degerlendirme-yasal-cerceve-ve-uygulama\/\"},\"wordCount\":1945,\"commentCount\":0,\"publisher\":{\"@id\":\"https:\/\/denizcankizil.tr\/de\/#organization\"},\"image\":{\"@id\":\"https:\/\/denizcankizil.tr\/uk\/koseyazilari\/degerlendirme\/dovmeye-dair-hukuki-degerlendirme-yasal-cerceve-ve-uygulama\/#primaryimage\"},\"thumbnailUrl\":\"https:\/\/denizcankizil.tr\/wp-content\/uploads\/2024\/11\/17385-dovmeye-dair-hukuki-degerlendirme-yasal-cerceve-ve-uygulama.jpg\",\"articleSection\":[\"De\u011ferlendirme\"],\"inLanguage\":\"uk\",\"potentialAction\":[{\"@type\":\"CommentAction\",\"name\":\"Comment\",\"target\":[\"https:\/\/denizcankizil.tr\/uk\/koseyazilari\/degerlendirme\/dovmeye-dair-hukuki-degerlendirme-yasal-cerceve-ve-uygulama\/#respond\"]}]},{\"@type\":\"WebPage\",\"@id\":\"https:\/\/denizcankizil.tr\/uk\/koseyazilari\/degerlendirme\/dovmeye-dair-hukuki-degerlendirme-yasal-cerceve-ve-uygulama\/\",\"url\":\"https:\/\/denizcankizil.tr\/uk\/koseyazilari\/degerlendirme\/dovmeye-dair-hukuki-degerlendirme-yasal-cerceve-ve-uygulama\/\",\"name\":\"D\u00f6vmeye Dair Hukuki De\u011ferlendirme: Yasal \u00c7er\u00e7eve ve Uygulama - Av. Deniz Can K\u0131z\u0131l\",\"isPartOf\":{\"@id\":\"https:\/\/denizcankizil.tr\/de\/#website\"},\"primaryImageOfPage\":{\"@id\":\"https:\/\/denizcankizil.tr\/uk\/koseyazilari\/degerlendirme\/dovmeye-dair-hukuki-degerlendirme-yasal-cerceve-ve-uygulama\/#primaryimage\"},\"image\":{\"@id\":\"https:\/\/denizcankizil.tr\/uk\/koseyazilari\/degerlendirme\/dovmeye-dair-hukuki-degerlendirme-yasal-cerceve-ve-uygulama\/#primaryimage\"},\"thumbnailUrl\":\"https:\/\/denizcankizil.tr\/wp-content\/uploads\/2024\/11\/17385-dovmeye-dair-hukuki-degerlendirme-yasal-cerceve-ve-uygulama.jpg\",\"datePublished\":\"2024-11-24T11:55:38+00:00\",\"dateModified\":\"2024-12-03T21:18:05+00:00\",\"breadcrumb\":{\"@id\":\"https:\/\/denizcankizil.tr\/uk\/koseyazilari\/degerlendirme\/dovmeye-dair-hukuki-degerlendirme-yasal-cerceve-ve-uygulama\/#breadcrumb\"},\"inLanguage\":\"uk\",\"potentialAction\":[{\"@type\":\"ReadAction\",\"target\":[\"https:\/\/denizcankizil.tr\/uk\/koseyazilari\/degerlendirme\/dovmeye-dair-hukuki-degerlendirme-yasal-cerceve-ve-uygulama\/\"]}]},{\"@type\":\"ImageObject\",\"inLanguage\":\"uk\",\"@id\":\"https:\/\/denizcankizil.tr\/uk\/koseyazilari\/degerlendirme\/dovmeye-dair-hukuki-degerlendirme-yasal-cerceve-ve-uygulama\/#primaryimage\",\"url\":\"https:\/\/denizcankizil.tr\/wp-content\/uploads\/2024\/11\/17385-dovmeye-dair-hukuki-degerlendirme-yasal-cerceve-ve-uygulama.jpg\",\"contentUrl\":\"https:\/\/denizcankizil.tr\/wp-content\/uploads\/2024\/11\/17385-dovmeye-dair-hukuki-degerlendirme-yasal-cerceve-ve-uygulama.jpg\",\"width\":800,\"height\":800,\"caption\":\"D\u00f6vmeye Dair Hukuki De\u011ferlendirme: Yasal \u00c7er\u00e7eve ve Uygulama\"},{\"@type\":\"BreadcrumbList\",\"@id\":\"https:\/\/denizcankizil.tr\/uk\/koseyazilari\/degerlendirme\/dovmeye-dair-hukuki-degerlendirme-yasal-cerceve-ve-uygulama\/#breadcrumb\",\"itemListElement\":[{\"@type\":\"ListItem\",\"position\":1,\"name\":\"Home\",\"item\":\"https:\/\/denizcankizil.tr\/de\/\"},{\"@type\":\"ListItem\",\"position\":2,\"name\":\"D\u00f6vmeye Dair Hukuki De\u011ferlendirme: Yasal \u00c7er\u00e7eve ve Uygulama\"}]},{\"@type\":\"WebSite\",\"@id\":\"https:\/\/denizcankizil.tr\/de\/#website\",\"url\":\"https:\/\/denizcankizil.tr\/de\/\",\"name\":\"Av. Deniz Can K\u0131z\u0131l\",\"description\":\"Avukat Deniz Can K\u0131z\u0131l Antalya Barosu\",\"publisher\":{\"@id\":\"https:\/\/denizcankizil.tr\/de\/#organization\"},\"potentialAction\":[{\"@type\":\"SearchAction\",\"target\":{\"@type\":\"EntryPoint\",\"urlTemplate\":\"https:\/\/denizcankizil.tr\/de\/?s={search_term_string}\"},\"query-input\":{\"@type\":\"PropertyValueSpecification\",\"valueRequired\":true,\"valueName\":\"search_term_string\"}}],\"inLanguage\":\"uk\"},{\"@type\":\"Organization\",\"@id\":\"https:\/\/denizcankizil.tr\/de\/#organization\",\"name\":\"Av. Deniz Can K\u0131z\u0131l\",\"url\":\"https:\/\/denizcankizil.tr\/de\/\",\"logo\":{\"@type\":\"ImageObject\",\"inLanguage\":\"uk\",\"@id\":\"https:\/\/denizcankizil.tr\/de\/#\/schema\/logo\/image\/\",\"url\":\"https:\/\/denizcankizil.tr\/wp-content\/uploads\/2024\/10\/siyah-logo-svg.svg\",\"contentUrl\":\"https:\/\/denizcankizil.tr\/wp-content\/uploads\/2024\/10\/siyah-logo-svg.svg\",\"width\":1080,\"height\":1080,\"caption\":\"Av. Deniz Can K\u0131z\u0131l\"},\"image\":{\"@id\":\"https:\/\/denizcankizil.tr\/de\/#\/schema\/logo\/image\/\"}},{\"@type\":\"Person\",\"@id\":\"https:\/\/denizcankizil.tr\/de\/#\/schema\/person\/5dc1b22991bd7ac833867c10afc9b0ff\",\"name\":\"Av. Deniz Can K\u0131z\u0131l\",\"image\":{\"@type\":\"ImageObject\",\"inLanguage\":\"uk\",\"@id\":\"https:\/\/denizcankizil.tr\/de\/#\/schema\/person\/image\/\",\"url\":\"https:\/\/secure.gravatar.com\/avatar\/a0b128fb9855c79efc976d5640eedb31dc35ec297594d6016d2cf7c60e975bb6?s=96&d=mm&r=g\",\"contentUrl\":\"https:\/\/secure.gravatar.com\/avatar\/a0b128fb9855c79efc976d5640eedb31dc35ec297594d6016d2cf7c60e975bb6?s=96&d=mm&r=g\",\"caption\":\"Av. Deniz Can K\u0131z\u0131l\"},\"sameAs\":[\"http:\/\/www.denizcankizil.tr\"],\"url\":\"https:\/\/denizcankizil.tr\/uk\/author\/denizcankizil\/\"}]}<\/script>\n<!-- \/ Yoast SEO Premium plugin. -->","yoast_head_json":{"title":"D\u00f6vmeye Dair Hukuki De\u011ferlendirme: Yasal \u00c7er\u00e7eve ve Uygulama - Av. Deniz Can K\u0131z\u0131l","robots":{"index":"index","follow":"follow","max-snippet":"max-snippet:-1","max-image-preview":"max-image-preview:large","max-video-preview":"max-video-preview:-1"},"canonical":"https:\/\/denizcankizil.tr\/uk\/koseyazilari\/degerlendirme\/dovmeye-dair-hukuki-degerlendirme-yasal-cerceve-ve-uygulama\/","og_locale":"uk_UA","og_type":"article","og_title":"D\u00f6vmeye Dair Hukuki De\u011ferlendirme: Yasal \u00c7er\u00e7eve ve Uygulama","og_description":"D\u00f6vmeye dair hukuki de\u011ferlendirme, T\u00fcrkiye'deki yasal \u00e7er\u00e7eve ve uygulamalar\u0131 inceleyerek, d\u00f6vme sanat\u0131n\u0131n ki\u015fisel haklar, sa\u011fl\u0131k ve g\u00fcvenlik a\u00e7\u0131s\u0131ndan nas\u0131l d\u00fczenlendi\u011fini ortaya koymaktad\u0131r. Bu ba\u011flamda, d\u00f6vme yapt\u0131rma s\u00fcrecinde dikkat edilmesi gereken hukuki hususlar \u00f6nem kazanmaktad\u0131r.","og_url":"https:\/\/denizcankizil.tr\/uk\/koseyazilari\/degerlendirme\/dovmeye-dair-hukuki-degerlendirme-yasal-cerceve-ve-uygulama\/","og_site_name":"Av. Deniz Can K\u0131z\u0131l","article_published_time":"2024-11-24T11:55:38+00:00","article_modified_time":"2024-12-03T21:18:05+00:00","og_image":[{"width":800,"height":800,"url":"https:\/\/denizcankizil.tr\/wp-content\/uploads\/2024\/11\/17385-dovmeye-dair-hukuki-degerlendirme-yasal-cerceve-ve-uygulama.jpg","type":"image\/jpeg"}],"author":"Av. Deniz Can K\u0131z\u0131l","twitter_card":"summary_large_image","twitter_misc":{"\u041d\u0430\u043f\u0438\u0441\u0430\u043d\u043e":"Av. Deniz Can K\u0131z\u0131l","\u041f\u0440\u0438\u0431\u043b. \u0447\u0430\u0441 \u0447\u0438\u0442\u0430\u043d\u043d\u044f":"9 \u0445\u0432\u0438\u043b\u0438\u043d"},"schema":{"@context":"https:\/\/schema.org","@graph":[{"@type":"Article","@id":"https:\/\/denizcankizil.tr\/uk\/koseyazilari\/degerlendirme\/dovmeye-dair-hukuki-degerlendirme-yasal-cerceve-ve-uygulama\/#article","isPartOf":{"@id":"https:\/\/denizcankizil.tr\/uk\/koseyazilari\/degerlendirme\/dovmeye-dair-hukuki-degerlendirme-yasal-cerceve-ve-uygulama\/"},"author":{"name":"Av. Deniz Can K\u0131z\u0131l","@id":"https:\/\/denizcankizil.tr\/de\/#\/schema\/person\/5dc1b22991bd7ac833867c10afc9b0ff"},"headline":"D\u00f6vmeye Dair Hukuki De\u011ferlendirme: Yasal \u00c7er\u00e7eve ve Uygulama","datePublished":"2024-11-24T11:55:38+00:00","dateModified":"2024-12-03T21:18:05+00:00","mainEntityOfPage":{"@id":"https:\/\/denizcankizil.tr\/uk\/koseyazilari\/degerlendirme\/dovmeye-dair-hukuki-degerlendirme-yasal-cerceve-ve-uygulama\/"},"wordCount":1945,"commentCount":0,"publisher":{"@id":"https:\/\/denizcankizil.tr\/de\/#organization"},"image":{"@id":"https:\/\/denizcankizil.tr\/uk\/koseyazilari\/degerlendirme\/dovmeye-dair-hukuki-degerlendirme-yasal-cerceve-ve-uygulama\/#primaryimage"},"thumbnailUrl":"https:\/\/denizcankizil.tr\/wp-content\/uploads\/2024\/11\/17385-dovmeye-dair-hukuki-degerlendirme-yasal-cerceve-ve-uygulama.jpg","articleSection":["De\u011ferlendirme"],"inLanguage":"uk","potentialAction":[{"@type":"CommentAction","name":"Comment","target":["https:\/\/denizcankizil.tr\/uk\/koseyazilari\/degerlendirme\/dovmeye-dair-hukuki-degerlendirme-yasal-cerceve-ve-uygulama\/#respond"]}]},{"@type":"WebPage","@id":"https:\/\/denizcankizil.tr\/uk\/koseyazilari\/degerlendirme\/dovmeye-dair-hukuki-degerlendirme-yasal-cerceve-ve-uygulama\/","url":"https:\/\/denizcankizil.tr\/uk\/koseyazilari\/degerlendirme\/dovmeye-dair-hukuki-degerlendirme-yasal-cerceve-ve-uygulama\/","name":"D\u00f6vmeye Dair Hukuki De\u011ferlendirme: Yasal \u00c7er\u00e7eve ve Uygulama - Av. Deniz Can K\u0131z\u0131l","isPartOf":{"@id":"https:\/\/denizcankizil.tr\/de\/#website"},"primaryImageOfPage":{"@id":"https:\/\/denizcankizil.tr\/uk\/koseyazilari\/degerlendirme\/dovmeye-dair-hukuki-degerlendirme-yasal-cerceve-ve-uygulama\/#primaryimage"},"image":{"@id":"https:\/\/denizcankizil.tr\/uk\/koseyazilari\/degerlendirme\/dovmeye-dair-hukuki-degerlendirme-yasal-cerceve-ve-uygulama\/#primaryimage"},"thumbnailUrl":"https:\/\/denizcankizil.tr\/wp-content\/uploads\/2024\/11\/17385-dovmeye-dair-hukuki-degerlendirme-yasal-cerceve-ve-uygulama.jpg","datePublished":"2024-11-24T11:55:38+00:00","dateModified":"2024-12-03T21:18:05+00:00","breadcrumb":{"@id":"https:\/\/denizcankizil.tr\/uk\/koseyazilari\/degerlendirme\/dovmeye-dair-hukuki-degerlendirme-yasal-cerceve-ve-uygulama\/#breadcrumb"},"inLanguage":"uk","potentialAction":[{"@type":"ReadAction","target":["https:\/\/denizcankizil.tr\/uk\/koseyazilari\/degerlendirme\/dovmeye-dair-hukuki-degerlendirme-yasal-cerceve-ve-uygulama\/"]}]},{"@type":"ImageObject","inLanguage":"uk","@id":"https:\/\/denizcankizil.tr\/uk\/koseyazilari\/degerlendirme\/dovmeye-dair-hukuki-degerlendirme-yasal-cerceve-ve-uygulama\/#primaryimage","url":"https:\/\/denizcankizil.tr\/wp-content\/uploads\/2024\/11\/17385-dovmeye-dair-hukuki-degerlendirme-yasal-cerceve-ve-uygulama.jpg","contentUrl":"https:\/\/denizcankizil.tr\/wp-content\/uploads\/2024\/11\/17385-dovmeye-dair-hukuki-degerlendirme-yasal-cerceve-ve-uygulama.jpg","width":800,"height":800,"caption":"D\u00f6vmeye Dair Hukuki De\u011ferlendirme: Yasal \u00c7er\u00e7eve ve Uygulama"},{"@type":"BreadcrumbList","@id":"https:\/\/denizcankizil.tr\/uk\/koseyazilari\/degerlendirme\/dovmeye-dair-hukuki-degerlendirme-yasal-cerceve-ve-uygulama\/#breadcrumb","itemListElement":[{"@type":"ListItem","position":1,"name":"Home","item":"https:\/\/denizcankizil.tr\/de\/"},{"@type":"ListItem","position":2,"name":"D\u00f6vmeye Dair Hukuki De\u011ferlendirme: Yasal \u00c7er\u00e7eve ve Uygulama"}]},{"@type":"WebSite","@id":"https:\/\/denizcankizil.tr\/de\/#website","url":"https:\/\/denizcankizil.tr\/de\/","name":"Av. Deniz Can K\u0131z\u0131l","description":"Avukat Deniz Can K\u0131z\u0131l Antalya Barosu","publisher":{"@id":"https:\/\/denizcankizil.tr\/de\/#organization"},"potentialAction":[{"@type":"SearchAction","target":{"@type":"EntryPoint","urlTemplate":"https:\/\/denizcankizil.tr\/de\/?s={search_term_string}"},"query-input":{"@type":"PropertyValueSpecification","valueRequired":true,"valueName":"search_term_string"}}],"inLanguage":"uk"},{"@type":"Organization","@id":"https:\/\/denizcankizil.tr\/de\/#organization","name":"Av. Deniz Can K\u0131z\u0131l","url":"https:\/\/denizcankizil.tr\/de\/","logo":{"@type":"ImageObject","inLanguage":"uk","@id":"https:\/\/denizcankizil.tr\/de\/#\/schema\/logo\/image\/","url":"https:\/\/denizcankizil.tr\/wp-content\/uploads\/2024\/10\/siyah-logo-svg.svg","contentUrl":"https:\/\/denizcankizil.tr\/wp-content\/uploads\/2024\/10\/siyah-logo-svg.svg","width":1080,"height":1080,"caption":"Av. Deniz Can K\u0131z\u0131l"},"image":{"@id":"https:\/\/denizcankizil.tr\/de\/#\/schema\/logo\/image\/"}},{"@type":"Person","@id":"https:\/\/denizcankizil.tr\/de\/#\/schema\/person\/5dc1b22991bd7ac833867c10afc9b0ff","name":"Av. Deniz Can K\u0131z\u0131l","image":{"@type":"ImageObject","inLanguage":"uk","@id":"https:\/\/denizcankizil.tr\/de\/#\/schema\/person\/image\/","url":"https:\/\/secure.gravatar.com\/avatar\/a0b128fb9855c79efc976d5640eedb31dc35ec297594d6016d2cf7c60e975bb6?s=96&d=mm&r=g","contentUrl":"https:\/\/secure.gravatar.com\/avatar\/a0b128fb9855c79efc976d5640eedb31dc35ec297594d6016d2cf7c60e975bb6?s=96&d=mm&r=g","caption":"Av. Deniz Can K\u0131z\u0131l"},"sameAs":["http:\/\/www.denizcankizil.tr"],"url":"https:\/\/denizcankizil.tr\/uk\/author\/denizcankizil\/"}]}},"_links":{"self":[{"href":"https:\/\/denizcankizil.tr\/uk\/wp-json\/wp\/v2\/posts\/17385","targetHints":{"allow":["GET"]}}],"collection":[{"href":"https:\/\/denizcankizil.tr\/uk\/wp-json\/wp\/v2\/posts"}],"about":[{"href":"https:\/\/denizcankizil.tr\/uk\/wp-json\/wp\/v2\/types\/post"}],"author":[{"embeddable":true,"href":"https:\/\/denizcankizil.tr\/uk\/wp-json\/wp\/v2\/users\/4"}],"replies":[{"embeddable":true,"href":"https:\/\/denizcankizil.tr\/uk\/wp-json\/wp\/v2\/comments?post=17385"}],"version-history":[{"count":1,"href":"https:\/\/denizcankizil.tr\/uk\/wp-json\/wp\/v2\/posts\/17385\/revisions"}],"predecessor-version":[{"id":17762,"href":"https:\/\/denizcankizil.tr\/uk\/wp-json\/wp\/v2\/posts\/17385\/revisions\/17762"}],"wp:featuredmedia":[{"embeddable":true,"href":"https:\/\/denizcankizil.tr\/uk\/wp-json\/wp\/v2\/media\/17386"}],"wp:attachment":[{"href":"https:\/\/denizcankizil.tr\/uk\/wp-json\/wp\/v2\/media?parent=17385"}],"wp:term":[{"taxonomy":"category","embeddable":true,"href":"https:\/\/denizcankizil.tr\/uk\/wp-json\/wp\/v2\/categories?post=17385"},{"taxonomy":"post_tag","embeddable":true,"href":"https:\/\/denizcankizil.tr\/uk\/wp-json\/wp\/v2\/tags?post=17385"}],"curies":[{"name":"wp","href":"https:\/\/api.w.org\/{rel}","templated":true}]}}