{"id":17267,"date":"2024-11-23T16:41:58","date_gmt":"2024-11-23T13:41:58","guid":{"rendered":"https:\/\/denizcankizil.tr\/uncategorized-tr\/bayrakliya-portekizden-kardes-sehir\/"},"modified":"2024-11-23T16:41:58","modified_gmt":"2024-11-23T13:41:58","slug":"bayrakliya-portekizden-kardes-sehir","status":"publish","type":"post","link":"https:\/\/denizcankizil.tr\/uk\/haberler\/gundem\/bayrakliya-portekizden-kardes-sehir\/","title":{"rendered":"Bayrakl\u0131\u2019ya Portekiz\u2019den karde\u015f \u015fehir"},"content":{"rendered":"<p>Bayrakl\u0131 Belediyesi, Avrupa Birli\u011fi destekli \u201cYe\u015fil Gelecek i\u00e7in \u015eehir E\u015fle\u015ftirme\u201d projesi kapsam\u0131nda Portekiz\u2019in Portimao Belediyesi ile karde\u015f \u015fehir protokol\u00fc imzalad\u0131.<\/p>\n<p>\u200bBayrakl\u0131 Belediyesi, Avrupa Birli\u011fi destekli \u201cYe\u015fil Gelecek i\u00e7in \u015eehir E\u015fle\u015ftirme\u201d projesi kapsam\u0131nda Portekiz\u2019in Portimao Belediyesi ile karde\u015f \u015fehir protokol\u00fc imzalad\u0131.\u00a0<\/p>\n<p>\u200bHaberin Al\u0131nt\u0131land\u0131\u011f\u0131 Kaynak: www.iskenderun.org<\/p>","protected":false},"excerpt":{"rendered":"<p>Bayrakl\u0131 Belediyesi, Avrupa Birli\u011fi destekli \u201cYe\u015fil Gelecek i\u00e7in \u015eehir E\u015fle\u015ftirme\u201d projesi kapsam\u0131nda Portekiz\u2019in Portimao Belediyesi ile karde\u015f \u015fehir protokol\u00fc imzalad\u0131. \u200bBayrakl\u0131 Belediyesi, Avrupa Birli\u011fi destekli \u201cYe\u015fil Gelecek i\u00e7in \u015eehir E\u015fle\u015ftirme\u201d projesi kapsam\u0131nda Portekiz\u2019in Portimao Belediyesi ile karde\u015f \u015fehir protokol\u00fc imzalad\u0131.\u00a0 \u200bHaberin Al\u0131nt\u0131land\u0131\u011f\u0131 Kaynak: www.iskenderun.org<\/p>","protected":false},"author":0,"featured_media":0,"comment_status":"open","ping_status":"open","sticky":false,"template":"","format":"standard","meta":{"_acf_changed":false,"footnotes":""},"categories":[24,535],"tags":[],"class_list":["post-17267","post","type-post","status-publish","format-standard","has-post-thumbnail","hentry","category-gundem","category-uncategorized-tr"],"acf":[],"yoast_head":"<!-- This site is optimized with the Yoast SEO Premium plugin v26.6 (Yoast SEO v27.1.1) - https:\/\/yoast.com\/product\/yoast-seo-premium-wordpress\/ -->\n<title>Bayrakl\u0131\u2019ya Portekiz\u2019den karde\u015f \u015fehir - Av. Deniz Can K\u0131z\u0131l<\/title>\n<meta name=\"robots\" content=\"index, follow, max-snippet:-1, max-image-preview:large, max-video-preview:-1\" \/>\n<link rel=\"canonical\" href=\"https:\/\/denizcankizil.tr\/uk\/haberler\/gundem\/bayrakliya-portekizden-kardes-sehir\/\" \/>\n<meta property=\"og:locale\" content=\"uk_UA\" \/>\n<meta property=\"og:type\" content=\"article\" \/>\n<meta property=\"og:title\" content=\"Bayrakl\u0131\u2019ya Portekiz\u2019den karde\u015f \u015fehir\" \/>\n<meta property=\"og:description\" content=\"Bayrakl\u0131 Belediyesi, Avrupa Birli\u011fi destekli \u201cYe\u015fil Gelecek i\u00e7in \u015eehir E\u015fle\u015ftirme\u201d projesi kapsam\u0131nda Portekiz\u2019in Portimao Belediyesi ile karde\u015f \u015fehir protokol\u00fc imzalad\u0131. \u200bBayrakl\u0131 Belediyesi, Avrupa Birli\u011fi destekli \u201cYe\u015fil Gelecek i\u00e7in \u015eehir E\u015fle\u015ftirme\u201d projesi kapsam\u0131nda Portekiz\u2019in Portimao Belediyesi ile karde\u015f \u015fehir protokol\u00fc imzalad\u0131.\u00a0 \u200bHaberin Al\u0131nt\u0131land\u0131\u011f\u0131 Kaynak: www.iskenderun.org\" \/>\n<meta property=\"og:url\" content=\"https:\/\/denizcankizil.tr\/uk\/haberler\/gundem\/bayrakliya-portekizden-kardes-sehir\/\" \/>\n<meta property=\"og:site_name\" content=\"Av. Deniz Can K\u0131z\u0131l\" \/>\n<meta property=\"article:published_time\" content=\"2024-11-23T13:41:58+00:00\" \/>\n<meta name=\"twitter:card\" content=\"summary_large_image\" \/>\n<script type=\"application\/ld+json\" class=\"yoast-schema-graph\">{\"@context\":\"https:\/\/schema.org\",\"@graph\":[{\"@type\":\"Article\",\"@id\":\"https:\/\/denizcankizil.tr\/uk\/haberler\/gundem\/bayrakliya-portekizden-kardes-sehir\/#article\",\"isPartOf\":{\"@id\":\"https:\/\/denizcankizil.tr\/uk\/haberler\/gundem\/bayrakliya-portekizden-kardes-sehir\/\"},\"author\":{\"name\":\"\",\"@id\":\"\"},\"headline\":\"Bayrakl\u0131\u2019ya Portekiz\u2019den karde\u015f \u015fehir\",\"datePublished\":\"2024-11-23T13:41:58+00:00\",\"mainEntityOfPage\":{\"@id\":\"https:\/\/denizcankizil.tr\/uk\/haberler\/gundem\/bayrakliya-portekizden-kardes-sehir\/\"},\"wordCount\":68,\"commentCount\":0,\"publisher\":{\"@id\":\"https:\/\/denizcankizil.tr\/de\/#organization\"},\"articleSection\":[\"G\u00fcndem\",\"Uncategorized\"],\"inLanguage\":\"uk\",\"potentialAction\":[{\"@type\":\"CommentAction\",\"name\":\"Comment\",\"target\":[\"https:\/\/denizcankizil.tr\/uk\/haberler\/gundem\/bayrakliya-portekizden-kardes-sehir\/#respond\"]}]},{\"@type\":\"WebPage\",\"@id\":\"https:\/\/denizcankizil.tr\/uk\/haberler\/gundem\/bayrakliya-portekizden-kardes-sehir\/\",\"url\":\"https:\/\/denizcankizil.tr\/uk\/haberler\/gundem\/bayrakliya-portekizden-kardes-sehir\/\",\"name\":\"Bayrakl\u0131\u2019ya Portekiz\u2019den karde\u015f \u015fehir - Av. Deniz Can K\u0131z\u0131l\",\"isPartOf\":{\"@id\":\"https:\/\/denizcankizil.tr\/de\/#website\"},\"datePublished\":\"2024-11-23T13:41:58+00:00\",\"breadcrumb\":{\"@id\":\"https:\/\/denizcankizil.tr\/uk\/haberler\/gundem\/bayrakliya-portekizden-kardes-sehir\/#breadcrumb\"},\"inLanguage\":\"uk\",\"potentialAction\":[{\"@type\":\"ReadAction\",\"target\":[\"https:\/\/denizcankizil.tr\/uk\/haberler\/gundem\/bayrakliya-portekizden-kardes-sehir\/\"]}]},{\"@type\":\"BreadcrumbList\",\"@id\":\"https:\/\/denizcankizil.tr\/uk\/haberler\/gundem\/bayrakliya-portekizden-kardes-sehir\/#breadcrumb\",\"itemListElement\":[{\"@type\":\"ListItem\",\"position\":1,\"name\":\"Home\",\"item\":\"https:\/\/denizcankizil.tr\/de\/\"},{\"@type\":\"ListItem\",\"position\":2,\"name\":\"Bayrakl\u0131\u2019ya Portekiz\u2019den karde\u015f \u015fehir\"}]},{\"@type\":\"WebSite\",\"@id\":\"https:\/\/denizcankizil.tr\/de\/#website\",\"url\":\"https:\/\/denizcankizil.tr\/de\/\",\"name\":\"Av. Deniz Can K\u0131z\u0131l\",\"description\":\"Avukat Deniz Can K\u0131z\u0131l Antalya Barosu\",\"publisher\":{\"@id\":\"https:\/\/denizcankizil.tr\/de\/#organization\"},\"potentialAction\":[{\"@type\":\"SearchAction\",\"target\":{\"@type\":\"EntryPoint\",\"urlTemplate\":\"https:\/\/denizcankizil.tr\/de\/?s={search_term_string}\"},\"query-input\":{\"@type\":\"PropertyValueSpecification\",\"valueRequired\":true,\"valueName\":\"search_term_string\"}}],\"inLanguage\":\"uk\"},{\"@type\":\"Organization\",\"@id\":\"https:\/\/denizcankizil.tr\/de\/#organization\",\"name\":\"Av. Deniz Can K\u0131z\u0131l\",\"url\":\"https:\/\/denizcankizil.tr\/de\/\",\"logo\":{\"@type\":\"ImageObject\",\"inLanguage\":\"uk\",\"@id\":\"https:\/\/denizcankizil.tr\/de\/#\/schema\/logo\/image\/\",\"url\":\"https:\/\/denizcankizil.tr\/wp-content\/uploads\/2024\/10\/siyah-logo-svg.svg\",\"contentUrl\":\"https:\/\/denizcankizil.tr\/wp-content\/uploads\/2024\/10\/siyah-logo-svg.svg\",\"width\":1080,\"height\":1080,\"caption\":\"Av. Deniz Can K\u0131z\u0131l\"},\"image\":{\"@id\":\"https:\/\/denizcankizil.tr\/de\/#\/schema\/logo\/image\/\"}}]}<\/script>\n<!-- \/ Yoast SEO Premium plugin. -->","yoast_head_json":{"title":"Bayrakl\u0131\u2019ya Portekiz\u2019den karde\u015f \u015fehir - Av. Deniz Can K\u0131z\u0131l","robots":{"index":"index","follow":"follow","max-snippet":"max-snippet:-1","max-image-preview":"max-image-preview:large","max-video-preview":"max-video-preview:-1"},"canonical":"https:\/\/denizcankizil.tr\/uk\/haberler\/gundem\/bayrakliya-portekizden-kardes-sehir\/","og_locale":"uk_UA","og_type":"article","og_title":"Bayrakl\u0131\u2019ya Portekiz\u2019den karde\u015f \u015fehir","og_description":"Bayrakl\u0131 Belediyesi, Avrupa Birli\u011fi destekli \u201cYe\u015fil Gelecek i\u00e7in \u015eehir E\u015fle\u015ftirme\u201d projesi kapsam\u0131nda Portekiz\u2019in Portimao Belediyesi ile karde\u015f \u015fehir protokol\u00fc imzalad\u0131. \u200bBayrakl\u0131 Belediyesi, Avrupa Birli\u011fi destekli \u201cYe\u015fil Gelecek i\u00e7in \u015eehir E\u015fle\u015ftirme\u201d projesi kapsam\u0131nda Portekiz\u2019in Portimao Belediyesi ile karde\u015f \u015fehir protokol\u00fc imzalad\u0131.\u00a0 \u200bHaberin Al\u0131nt\u0131land\u0131\u011f\u0131 Kaynak: www.iskenderun.org","og_url":"https:\/\/denizcankizil.tr\/uk\/haberler\/gundem\/bayrakliya-portekizden-kardes-sehir\/","og_site_name":"Av. Deniz Can K\u0131z\u0131l","article_published_time":"2024-11-23T13:41:58+00:00","twitter_card":"summary_large_image","schema":{"@context":"https:\/\/schema.org","@graph":[{"@type":"Article","@id":"https:\/\/denizcankizil.tr\/uk\/haberler\/gundem\/bayrakliya-portekizden-kardes-sehir\/#article","isPartOf":{"@id":"https:\/\/denizcankizil.tr\/uk\/haberler\/gundem\/bayrakliya-portekizden-kardes-sehir\/"},"author":{"name":"","@id":""},"headline":"Bayrakl\u0131\u2019ya Portekiz\u2019den karde\u015f \u015fehir","datePublished":"2024-11-23T13:41:58+00:00","mainEntityOfPage":{"@id":"https:\/\/denizcankizil.tr\/uk\/haberler\/gundem\/bayrakliya-portekizden-kardes-sehir\/"},"wordCount":68,"commentCount":0,"publisher":{"@id":"https:\/\/denizcankizil.tr\/de\/#organization"},"articleSection":["G\u00fcndem","Uncategorized"],"inLanguage":"uk","potentialAction":[{"@type":"CommentAction","name":"Comment","target":["https:\/\/denizcankizil.tr\/uk\/haberler\/gundem\/bayrakliya-portekizden-kardes-sehir\/#respond"]}]},{"@type":"WebPage","@id":"https:\/\/denizcankizil.tr\/uk\/haberler\/gundem\/bayrakliya-portekizden-kardes-sehir\/","url":"https:\/\/denizcankizil.tr\/uk\/haberler\/gundem\/bayrakliya-portekizden-kardes-sehir\/","name":"Bayrakl\u0131\u2019ya Portekiz\u2019den karde\u015f \u015fehir - Av. Deniz Can K\u0131z\u0131l","isPartOf":{"@id":"https:\/\/denizcankizil.tr\/de\/#website"},"datePublished":"2024-11-23T13:41:58+00:00","breadcrumb":{"@id":"https:\/\/denizcankizil.tr\/uk\/haberler\/gundem\/bayrakliya-portekizden-kardes-sehir\/#breadcrumb"},"inLanguage":"uk","potentialAction":[{"@type":"ReadAction","target":["https:\/\/denizcankizil.tr\/uk\/haberler\/gundem\/bayrakliya-portekizden-kardes-sehir\/"]}]},{"@type":"BreadcrumbList","@id":"https:\/\/denizcankizil.tr\/uk\/haberler\/gundem\/bayrakliya-portekizden-kardes-sehir\/#breadcrumb","itemListElement":[{"@type":"ListItem","position":1,"name":"Home","item":"https:\/\/denizcankizil.tr\/de\/"},{"@type":"ListItem","position":2,"name":"Bayrakl\u0131\u2019ya Portekiz\u2019den karde\u015f \u015fehir"}]},{"@type":"WebSite","@id":"https:\/\/denizcankizil.tr\/de\/#website","url":"https:\/\/denizcankizil.tr\/de\/","name":"Av. Deniz Can K\u0131z\u0131l","description":"Avukat Deniz Can K\u0131z\u0131l Antalya Barosu","publisher":{"@id":"https:\/\/denizcankizil.tr\/de\/#organization"},"potentialAction":[{"@type":"SearchAction","target":{"@type":"EntryPoint","urlTemplate":"https:\/\/denizcankizil.tr\/de\/?s={search_term_string}"},"query-input":{"@type":"PropertyValueSpecification","valueRequired":true,"valueName":"search_term_string"}}],"inLanguage":"uk"},{"@type":"Organization","@id":"https:\/\/denizcankizil.tr\/de\/#organization","name":"Av. Deniz Can K\u0131z\u0131l","url":"https:\/\/denizcankizil.tr\/de\/","logo":{"@type":"ImageObject","inLanguage":"uk","@id":"https:\/\/denizcankizil.tr\/de\/#\/schema\/logo\/image\/","url":"https:\/\/denizcankizil.tr\/wp-content\/uploads\/2024\/10\/siyah-logo-svg.svg","contentUrl":"https:\/\/denizcankizil.tr\/wp-content\/uploads\/2024\/10\/siyah-logo-svg.svg","width":1080,"height":1080,"caption":"Av. Deniz Can K\u0131z\u0131l"},"image":{"@id":"https:\/\/denizcankizil.tr\/de\/#\/schema\/logo\/image\/"}}]}},"_links":{"self":[{"href":"https:\/\/denizcankizil.tr\/uk\/wp-json\/wp\/v2\/posts\/17267","targetHints":{"allow":["GET"]}}],"collection":[{"href":"https:\/\/denizcankizil.tr\/uk\/wp-json\/wp\/v2\/posts"}],"about":[{"href":"https:\/\/denizcankizil.tr\/uk\/wp-json\/wp\/v2\/types\/post"}],"replies":[{"embeddable":true,"href":"https:\/\/denizcankizil.tr\/uk\/wp-json\/wp\/v2\/comments?post=17267"}],"version-history":[{"count":0,"href":"https:\/\/denizcankizil.tr\/uk\/wp-json\/wp\/v2\/posts\/17267\/revisions"}],"wp:attachment":[{"href":"https:\/\/denizcankizil.tr\/uk\/wp-json\/wp\/v2\/media?parent=17267"}],"wp:term":[{"taxonomy":"category","embeddable":true,"href":"https:\/\/denizcankizil.tr\/uk\/wp-json\/wp\/v2\/categories?post=17267"},{"taxonomy":"post_tag","embeddable":true,"href":"https:\/\/denizcankizil.tr\/uk\/wp-json\/wp\/v2\/tags?post=17267"}],"curies":[{"name":"wp","href":"https:\/\/api.w.org\/{rel}","templated":true}]}}