{"id":17127,"date":"2024-11-22T20:41:17","date_gmt":"2024-11-22T17:41:17","guid":{"rendered":"https:\/\/denizcankizil.tr\/uncategorized-tr\/antalyayi-sel-esir-aldi-yuzlerce-vatandas-tahliye-edildi\/"},"modified":"2024-11-22T20:41:17","modified_gmt":"2024-11-22T17:41:17","slug":"antalyayi-sel-esir-aldi-yuzlerce-vatandas-tahliye-edildi","status":"publish","type":"post","link":"https:\/\/denizcankizil.tr\/uk\/haberler\/gundem\/antalyayi-sel-esir-aldi-yuzlerce-vatandas-tahliye-edildi\/","title":{"rendered":"Antalya\u2019y\u0131 sel esir ald\u0131! Y\u00fczlerce vatanda\u015f tahliye edildi"},"content":{"rendered":"<p>Meteoroloji Genel M\u00fcd\u00fcrl\u00fc\u011f\u00fc ge\u00e7ti\u011fimiz g\u00fcn Antalya\u2019n\u0131n do\u011fusundaki iller i\u00e7in \u201cturuncu kod\u201d uyar\u0131s\u0131nda bulunmu\u015ftu. Ayalar\u0131n ard\u0131ndan ak\u015fam saatlerinde ba\u015flayan sa\u011fanak ya\u011f\u0131\u015f hayat\u0131 adeta fel\u00e7 etti.\u00a0<\/p>\n<p>403 K\u0130\u015e\u0130 SELDEN KURTARILDI\u00a0<\/p>\n<p>\u0130\u015fyerlerini su bast\u0131, \u00e7o\u011fu ev sular alt\u0131nda kald\u0131, 112 Acil \u00c7a\u011fr\u0131 Merkezi\u2019ne pe\u015f pe\u015fe \u00e7a\u011fr\u0131lar yap\u0131ld\u0131. Afet ve Acil Durum Y\u00f6netimi Ba\u015fkanl\u0131\u011f\u0131 (AFAD), Antalya\u2019da meydana gelen selde 403 vatanda\u015f\u0131n mahsur kald\u0131\u011f\u0131 b\u00f6lgelerden kurtar\u0131ld\u0131\u011f\u0131n\u0131 bildirdi. \u00a0\u00a0<\/p>\n<p>2 B\u0130NDEN FAZLA PERSONEL G\u00d6REV ALDI<\/p>\n<p>AFAD, 2 bin 389 personel, 692 ara\u00e7 ile mahsur kalan vatanda\u015flar\u0131 kurtarmak i\u00e7in canla ba\u015fla \u00e7al\u0131\u015ft\u0131klar\u0131n\u0131 belirleterek, \u201cAntalya ilimiz i\u00e7in yap\u0131lan turuncu ya\u011f\u0131\u015f uyar\u0131s\u0131 sonras\u0131nda ekiplerimizin b\u00f6lgedeki \u00e7al\u0131\u015fmalar\u0131 aral\u0131ks\u0131z devam ediyor. Antalya genelinde 403 vatanda\u015f\u0131m\u0131z mahsur kald\u0131\u011f\u0131 b\u00f6lgelerden tahliye edildi. An itibar\u0131yla il genelinde toplam 89 ihbar al\u0131nm\u0131\u015f olup, t\u00fcm ihbarlara h\u0131zla m\u00fcdahale edilmektedir. Antalya ilimizde a\u015f\u0131r\u0131 ya\u011f\u0131\u015flarla m\u00fccadele kapsam\u0131nda 2 bin 389 personel, 692 ara\u00e7, 155 i\u015f makinesi, 6 bot, 71 motopomp ve 40 dalg\u0131\u00e7 pompa g\u00f6revlendirilmi\u015ftir. Ya\u011f\u0131\u015flar\u0131n yar\u0131n \u00f6\u011fle saatlerine kadar devam etmesi beklenmektedir&#8221; a\u00e7\u0131klamalar\u0131nda bulundu.\u00a0<\/p>\n<p>\u00a0 \u00a0 \u00a0 \u00a0 \u00a0 \u00a0 \u00a0 \u00a0 \u00a0 \u00a0 \u00a0 \u00a0 \u00a0 \u00a0 \u00a0 \u00a0 \u00a0<br \/>\n\u00a0<\/p>\n<p>\u200bAFAD Antalya\u2019da meydana gelen sel felaketinde 403 vatanda\u015f\u0131n mahsur kald\u0131\u011f\u0131 b\u00f6lgelerden kurtar\u0131ld\u0131\u011f\u0131n\u0131 a\u00e7\u0131klad\u0131\u00a0<\/p>\n<p>\u200bHaberin Al\u0131nt\u0131land\u0131\u011f\u0131 Kaynak: www.antalyakorfez.com<\/p>","protected":false},"excerpt":{"rendered":"<p>Meteoroloji Genel M\u00fcd\u00fcrl\u00fc\u011f\u00fc ge\u00e7ti\u011fimiz g\u00fcn Antalya\u2019n\u0131n do\u011fusundaki iller i\u00e7in \u201cturuncu kod\u201d uyar\u0131s\u0131nda bulunmu\u015ftu. Ayalar\u0131n ard\u0131ndan ak\u015fam saatlerinde ba\u015flayan sa\u011fanak ya\u011f\u0131\u015f hayat\u0131 adeta fel\u00e7 etti.\u00a0 403 K\u0130\u015e\u0130 SELDEN KURTARILDI\u00a0 \u0130\u015fyerlerini su bast\u0131, \u00e7o\u011fu ev sular alt\u0131nda kald\u0131, 112 Acil \u00c7a\u011fr\u0131 Merkezi\u2019ne pe\u015f pe\u015fe \u00e7a\u011fr\u0131lar yap\u0131ld\u0131. Afet ve Acil Durum Y\u00f6netimi Ba\u015fkanl\u0131\u011f\u0131 (AFAD), Antalya\u2019da meydana gelen selde 403 vatanda\u015f\u0131n mahsur kald\u0131\u011f\u0131 b\u00f6lgelerden kurtar\u0131ld\u0131\u011f\u0131n\u0131 bildirdi. \u00a0\u00a0 2 B\u0130NDEN FAZLA PERSONEL G\u00d6REV ALDI AFAD, 2 bin 389 personel, 692 ara\u00e7 ile mahsur kalan vatanda\u015flar\u0131 kurtarmak i\u00e7in canla ba\u015fla \u00e7al\u0131\u015ft\u0131klar\u0131n\u0131 belirleterek, \u201cAntalya ilimiz i\u00e7in yap\u0131lan turuncu ya\u011f\u0131\u015f uyar\u0131s\u0131 sonras\u0131nda ekiplerimizin b\u00f6lgedeki \u00e7al\u0131\u015fmalar\u0131 aral\u0131ks\u0131z devam ediyor. Antalya genelinde 403 vatanda\u015f\u0131m\u0131z mahsur kald\u0131\u011f\u0131 b\u00f6lgelerden tahliye edildi. An itibar\u0131yla il genelinde toplam 89 ihbar al\u0131nm\u0131\u015f olup, t\u00fcm ihbarlara h\u0131zla m\u00fcdahale edilmektedir. Antalya ilimizde a\u015f\u0131r\u0131 ya\u011f\u0131\u015flarla m\u00fccadele kapsam\u0131nda 2 bin 389 personel, 692 ara\u00e7, 155 i\u015f makinesi, 6 bot, 71 motopomp ve 40 dalg\u0131\u00e7 pompa g\u00f6revlendirilmi\u015ftir. Ya\u011f\u0131\u015flar\u0131n yar\u0131n \u00f6\u011fle saatlerine kadar devam etmesi beklenmektedir&#8221; a\u00e7\u0131klamalar\u0131nda bulundu.\u00a0 \u00a0 \u00a0 \u00a0 \u00a0 \u00a0 \u00a0 \u00a0 \u00a0 \u00a0 \u00a0 \u00a0 \u00a0 \u00a0 \u00a0 \u00a0 \u00a0 \u00a0 \u00a0 \u200bAFAD Antalya\u2019da meydana gelen sel felaketinde 403 vatanda\u015f\u0131n mahsur kald\u0131\u011f\u0131 b\u00f6lgelerden kurtar\u0131ld\u0131\u011f\u0131n\u0131 a\u00e7\u0131klad\u0131\u00a0 \u200bHaberin Al\u0131nt\u0131land\u0131\u011f\u0131 Kaynak: www.antalyakorfez.com<\/p>","protected":false},"author":0,"featured_media":0,"comment_status":"open","ping_status":"open","sticky":false,"template":"","format":"standard","meta":{"_acf_changed":false,"footnotes":""},"categories":[24,535],"tags":[],"class_list":["post-17127","post","type-post","status-publish","format-standard","has-post-thumbnail","hentry","category-gundem","category-uncategorized-tr"],"acf":[],"yoast_head":"<!-- This site is optimized with the Yoast SEO Premium plugin v26.6 (Yoast SEO v27.1.1) - https:\/\/yoast.com\/product\/yoast-seo-premium-wordpress\/ -->\n<title>Antalya\u2019y\u0131 sel esir ald\u0131! Y\u00fczlerce vatanda\u015f tahliye edildi - Av. Deniz Can K\u0131z\u0131l<\/title>\n<meta name=\"robots\" content=\"index, follow, max-snippet:-1, max-image-preview:large, max-video-preview:-1\" \/>\n<link rel=\"canonical\" href=\"https:\/\/denizcankizil.tr\/uk\/haberler\/gundem\/antalyayi-sel-esir-aldi-yuzlerce-vatandas-tahliye-edildi\/\" \/>\n<meta property=\"og:locale\" content=\"uk_UA\" \/>\n<meta property=\"og:type\" content=\"article\" \/>\n<meta property=\"og:title\" content=\"Antalya\u2019y\u0131 sel esir ald\u0131! Y\u00fczlerce vatanda\u015f tahliye edildi\" \/>\n<meta property=\"og:description\" content=\"Meteoroloji Genel M\u00fcd\u00fcrl\u00fc\u011f\u00fc ge\u00e7ti\u011fimiz g\u00fcn Antalya\u2019n\u0131n do\u011fusundaki iller i\u00e7in \u201cturuncu kod\u201d uyar\u0131s\u0131nda bulunmu\u015ftu. Ayalar\u0131n ard\u0131ndan ak\u015fam saatlerinde ba\u015flayan sa\u011fanak ya\u011f\u0131\u015f hayat\u0131 adeta fel\u00e7 etti.\u00a0 403 K\u0130\u015e\u0130 SELDEN KURTARILDI\u00a0 \u0130\u015fyerlerini su bast\u0131, \u00e7o\u011fu ev sular alt\u0131nda kald\u0131, 112 Acil \u00c7a\u011fr\u0131 Merkezi\u2019ne pe\u015f pe\u015fe \u00e7a\u011fr\u0131lar yap\u0131ld\u0131. Afet ve Acil Durum Y\u00f6netimi Ba\u015fkanl\u0131\u011f\u0131 (AFAD), Antalya\u2019da meydana gelen selde 403 vatanda\u015f\u0131n mahsur kald\u0131\u011f\u0131 b\u00f6lgelerden kurtar\u0131ld\u0131\u011f\u0131n\u0131 bildirdi. \u00a0\u00a0 2 B\u0130NDEN FAZLA PERSONEL G\u00d6REV ALDI AFAD, 2 bin 389 personel, 692 ara\u00e7 ile mahsur kalan vatanda\u015flar\u0131 kurtarmak i\u00e7in canla ba\u015fla \u00e7al\u0131\u015ft\u0131klar\u0131n\u0131 belirleterek, \u201cAntalya ilimiz i\u00e7in yap\u0131lan turuncu ya\u011f\u0131\u015f uyar\u0131s\u0131 sonras\u0131nda ekiplerimizin b\u00f6lgedeki \u00e7al\u0131\u015fmalar\u0131 aral\u0131ks\u0131z devam ediyor. Antalya genelinde 403 vatanda\u015f\u0131m\u0131z mahsur kald\u0131\u011f\u0131 b\u00f6lgelerden tahliye edildi. An itibar\u0131yla il genelinde toplam 89 ihbar al\u0131nm\u0131\u015f olup, t\u00fcm ihbarlara h\u0131zla m\u00fcdahale edilmektedir. Antalya ilimizde a\u015f\u0131r\u0131 ya\u011f\u0131\u015flarla m\u00fccadele kapsam\u0131nda 2 bin 389 personel, 692 ara\u00e7, 155 i\u015f makinesi, 6 bot, 71 motopomp ve 40 dalg\u0131\u00e7 pompa g\u00f6revlendirilmi\u015ftir. Ya\u011f\u0131\u015flar\u0131n yar\u0131n \u00f6\u011fle saatlerine kadar devam etmesi beklenmektedir&#8221; a\u00e7\u0131klamalar\u0131nda bulundu.\u00a0 \u00a0 \u00a0 \u00a0 \u00a0 \u00a0 \u00a0 \u00a0 \u00a0 \u00a0 \u00a0 \u00a0 \u00a0 \u00a0 \u00a0 \u00a0 \u00a0 \u00a0 \u00a0 \u200bAFAD Antalya\u2019da meydana gelen sel felaketinde 403 vatanda\u015f\u0131n mahsur kald\u0131\u011f\u0131 b\u00f6lgelerden kurtar\u0131ld\u0131\u011f\u0131n\u0131 a\u00e7\u0131klad\u0131\u00a0 \u200bHaberin Al\u0131nt\u0131land\u0131\u011f\u0131 Kaynak: www.antalyakorfez.com\" \/>\n<meta property=\"og:url\" content=\"https:\/\/denizcankizil.tr\/uk\/haberler\/gundem\/antalyayi-sel-esir-aldi-yuzlerce-vatandas-tahliye-edildi\/\" \/>\n<meta property=\"og:site_name\" content=\"Av. Deniz Can K\u0131z\u0131l\" \/>\n<meta property=\"article:published_time\" content=\"2024-11-22T17:41:17+00:00\" \/>\n<meta name=\"twitter:card\" content=\"summary_large_image\" \/>\n<meta name=\"twitter:label1\" content=\"\u041f\u0440\u0438\u0431\u043b. \u0447\u0430\u0441 \u0447\u0438\u0442\u0430\u043d\u043d\u044f\" \/>\n\t<meta name=\"twitter:data1\" content=\"1 \u0445\u0432\u0438\u043b\u0438\u043d\u0430\" \/>\n<script type=\"application\/ld+json\" class=\"yoast-schema-graph\">{\"@context\":\"https:\/\/schema.org\",\"@graph\":[{\"@type\":\"Article\",\"@id\":\"https:\/\/denizcankizil.tr\/uk\/haberler\/gundem\/antalyayi-sel-esir-aldi-yuzlerce-vatandas-tahliye-edildi\/#article\",\"isPartOf\":{\"@id\":\"https:\/\/denizcankizil.tr\/uk\/haberler\/gundem\/antalyayi-sel-esir-aldi-yuzlerce-vatandas-tahliye-edildi\/\"},\"author\":{\"name\":\"\",\"@id\":\"\"},\"headline\":\"Antalya\u2019y\u0131 sel esir ald\u0131! Y\u00fczlerce vatanda\u015f tahliye edildi\",\"datePublished\":\"2024-11-22T17:41:17+00:00\",\"mainEntityOfPage\":{\"@id\":\"https:\/\/denizcankizil.tr\/uk\/haberler\/gundem\/antalyayi-sel-esir-aldi-yuzlerce-vatandas-tahliye-edildi\/\"},\"wordCount\":243,\"commentCount\":0,\"publisher\":{\"@id\":\"https:\/\/denizcankizil.tr\/#organization\"},\"articleSection\":[\"G\u00fcndem\",\"Uncategorized\"],\"inLanguage\":\"uk\",\"potentialAction\":[{\"@type\":\"CommentAction\",\"name\":\"Comment\",\"target\":[\"https:\/\/denizcankizil.tr\/uk\/haberler\/gundem\/antalyayi-sel-esir-aldi-yuzlerce-vatandas-tahliye-edildi\/#respond\"]}]},{\"@type\":\"WebPage\",\"@id\":\"https:\/\/denizcankizil.tr\/uk\/haberler\/gundem\/antalyayi-sel-esir-aldi-yuzlerce-vatandas-tahliye-edildi\/\",\"url\":\"https:\/\/denizcankizil.tr\/uk\/haberler\/gundem\/antalyayi-sel-esir-aldi-yuzlerce-vatandas-tahliye-edildi\/\",\"name\":\"Antalya\u2019y\u0131 sel esir ald\u0131! Y\u00fczlerce vatanda\u015f tahliye edildi - Av. Deniz Can K\u0131z\u0131l\",\"isPartOf\":{\"@id\":\"https:\/\/denizcankizil.tr\/#website\"},\"datePublished\":\"2024-11-22T17:41:17+00:00\",\"breadcrumb\":{\"@id\":\"https:\/\/denizcankizil.tr\/uk\/haberler\/gundem\/antalyayi-sel-esir-aldi-yuzlerce-vatandas-tahliye-edildi\/#breadcrumb\"},\"inLanguage\":\"uk\",\"potentialAction\":[{\"@type\":\"ReadAction\",\"target\":[\"https:\/\/denizcankizil.tr\/uk\/haberler\/gundem\/antalyayi-sel-esir-aldi-yuzlerce-vatandas-tahliye-edildi\/\"]}]},{\"@type\":\"BreadcrumbList\",\"@id\":\"https:\/\/denizcankizil.tr\/uk\/haberler\/gundem\/antalyayi-sel-esir-aldi-yuzlerce-vatandas-tahliye-edildi\/#breadcrumb\",\"itemListElement\":[{\"@type\":\"ListItem\",\"position\":1,\"name\":\"Home\",\"item\":\"https:\/\/denizcankizil.tr\/de\/\"},{\"@type\":\"ListItem\",\"position\":2,\"name\":\"Antalya\u2019y\u0131 sel esir ald\u0131! Y\u00fczlerce vatanda\u015f tahliye edildi\"}]},{\"@type\":\"WebSite\",\"@id\":\"https:\/\/denizcankizil.tr\/#website\",\"url\":\"https:\/\/denizcankizil.tr\/\",\"name\":\"Av. Deniz Can K\u0131z\u0131l\",\"description\":\"Avukat Deniz Can K\u0131z\u0131l Antalya Barosu\",\"publisher\":{\"@id\":\"https:\/\/denizcankizil.tr\/#organization\"},\"potentialAction\":[{\"@type\":\"SearchAction\",\"target\":{\"@type\":\"EntryPoint\",\"urlTemplate\":\"https:\/\/denizcankizil.tr\/?s={search_term_string}\"},\"query-input\":{\"@type\":\"PropertyValueSpecification\",\"valueRequired\":true,\"valueName\":\"search_term_string\"}}],\"inLanguage\":\"uk\"},{\"@type\":\"Organization\",\"@id\":\"https:\/\/denizcankizil.tr\/#organization\",\"name\":\"Av. Deniz Can K\u0131z\u0131l\",\"url\":\"https:\/\/denizcankizil.tr\/\",\"logo\":{\"@type\":\"ImageObject\",\"inLanguage\":\"uk\",\"@id\":\"https:\/\/denizcankizil.tr\/#\/schema\/logo\/image\/\",\"url\":\"https:\/\/denizcankizil.tr\/wp-content\/uploads\/2024\/10\/siyah-logo-svg.svg\",\"contentUrl\":\"https:\/\/denizcankizil.tr\/wp-content\/uploads\/2024\/10\/siyah-logo-svg.svg\",\"width\":1080,\"height\":1080,\"caption\":\"Av. Deniz Can K\u0131z\u0131l\"},\"image\":{\"@id\":\"https:\/\/denizcankizil.tr\/#\/schema\/logo\/image\/\"}}]}<\/script>\n<!-- \/ Yoast SEO Premium plugin. -->","yoast_head_json":{"title":"Antalya\u2019y\u0131 sel esir ald\u0131! Y\u00fczlerce vatanda\u015f tahliye edildi - Av. Deniz Can K\u0131z\u0131l","robots":{"index":"index","follow":"follow","max-snippet":"max-snippet:-1","max-image-preview":"max-image-preview:large","max-video-preview":"max-video-preview:-1"},"canonical":"https:\/\/denizcankizil.tr\/uk\/haberler\/gundem\/antalyayi-sel-esir-aldi-yuzlerce-vatandas-tahliye-edildi\/","og_locale":"uk_UA","og_type":"article","og_title":"Antalya\u2019y\u0131 sel esir ald\u0131! Y\u00fczlerce vatanda\u015f tahliye edildi","og_description":"Meteoroloji Genel M\u00fcd\u00fcrl\u00fc\u011f\u00fc ge\u00e7ti\u011fimiz g\u00fcn Antalya\u2019n\u0131n do\u011fusundaki iller i\u00e7in \u201cturuncu kod\u201d uyar\u0131s\u0131nda bulunmu\u015ftu. Ayalar\u0131n ard\u0131ndan ak\u015fam saatlerinde ba\u015flayan sa\u011fanak ya\u011f\u0131\u015f hayat\u0131 adeta fel\u00e7 etti.\u00a0 403 K\u0130\u015e\u0130 SELDEN KURTARILDI\u00a0 \u0130\u015fyerlerini su bast\u0131, \u00e7o\u011fu ev sular alt\u0131nda kald\u0131, 112 Acil \u00c7a\u011fr\u0131 Merkezi\u2019ne pe\u015f pe\u015fe \u00e7a\u011fr\u0131lar yap\u0131ld\u0131. Afet ve Acil Durum Y\u00f6netimi Ba\u015fkanl\u0131\u011f\u0131 (AFAD), Antalya\u2019da meydana gelen selde 403 vatanda\u015f\u0131n mahsur kald\u0131\u011f\u0131 b\u00f6lgelerden kurtar\u0131ld\u0131\u011f\u0131n\u0131 bildirdi. \u00a0\u00a0 2 B\u0130NDEN FAZLA PERSONEL G\u00d6REV ALDI AFAD, 2 bin 389 personel, 692 ara\u00e7 ile mahsur kalan vatanda\u015flar\u0131 kurtarmak i\u00e7in canla ba\u015fla \u00e7al\u0131\u015ft\u0131klar\u0131n\u0131 belirleterek, \u201cAntalya ilimiz i\u00e7in yap\u0131lan turuncu ya\u011f\u0131\u015f uyar\u0131s\u0131 sonras\u0131nda ekiplerimizin b\u00f6lgedeki \u00e7al\u0131\u015fmalar\u0131 aral\u0131ks\u0131z devam ediyor. Antalya genelinde 403 vatanda\u015f\u0131m\u0131z mahsur kald\u0131\u011f\u0131 b\u00f6lgelerden tahliye edildi. An itibar\u0131yla il genelinde toplam 89 ihbar al\u0131nm\u0131\u015f olup, t\u00fcm ihbarlara h\u0131zla m\u00fcdahale edilmektedir. Antalya ilimizde a\u015f\u0131r\u0131 ya\u011f\u0131\u015flarla m\u00fccadele kapsam\u0131nda 2 bin 389 personel, 692 ara\u00e7, 155 i\u015f makinesi, 6 bot, 71 motopomp ve 40 dalg\u0131\u00e7 pompa g\u00f6revlendirilmi\u015ftir. Ya\u011f\u0131\u015flar\u0131n yar\u0131n \u00f6\u011fle saatlerine kadar devam etmesi beklenmektedir&#8221; a\u00e7\u0131klamalar\u0131nda bulundu.\u00a0 \u00a0 \u00a0 \u00a0 \u00a0 \u00a0 \u00a0 \u00a0 \u00a0 \u00a0 \u00a0 \u00a0 \u00a0 \u00a0 \u00a0 \u00a0 \u00a0 \u00a0 \u00a0 \u200bAFAD Antalya\u2019da meydana gelen sel felaketinde 403 vatanda\u015f\u0131n mahsur kald\u0131\u011f\u0131 b\u00f6lgelerden kurtar\u0131ld\u0131\u011f\u0131n\u0131 a\u00e7\u0131klad\u0131\u00a0 \u200bHaberin Al\u0131nt\u0131land\u0131\u011f\u0131 Kaynak: www.antalyakorfez.com","og_url":"https:\/\/denizcankizil.tr\/uk\/haberler\/gundem\/antalyayi-sel-esir-aldi-yuzlerce-vatandas-tahliye-edildi\/","og_site_name":"Av. Deniz Can K\u0131z\u0131l","article_published_time":"2024-11-22T17:41:17+00:00","twitter_card":"summary_large_image","twitter_misc":{"\u041f\u0440\u0438\u0431\u043b. \u0447\u0430\u0441 \u0447\u0438\u0442\u0430\u043d\u043d\u044f":"1 \u0445\u0432\u0438\u043b\u0438\u043d\u0430"},"schema":{"@context":"https:\/\/schema.org","@graph":[{"@type":"Article","@id":"https:\/\/denizcankizil.tr\/uk\/haberler\/gundem\/antalyayi-sel-esir-aldi-yuzlerce-vatandas-tahliye-edildi\/#article","isPartOf":{"@id":"https:\/\/denizcankizil.tr\/uk\/haberler\/gundem\/antalyayi-sel-esir-aldi-yuzlerce-vatandas-tahliye-edildi\/"},"author":{"name":"","@id":""},"headline":"Antalya\u2019y\u0131 sel esir ald\u0131! Y\u00fczlerce vatanda\u015f tahliye edildi","datePublished":"2024-11-22T17:41:17+00:00","mainEntityOfPage":{"@id":"https:\/\/denizcankizil.tr\/uk\/haberler\/gundem\/antalyayi-sel-esir-aldi-yuzlerce-vatandas-tahliye-edildi\/"},"wordCount":243,"commentCount":0,"publisher":{"@id":"https:\/\/denizcankizil.tr\/#organization"},"articleSection":["G\u00fcndem","Uncategorized"],"inLanguage":"uk","potentialAction":[{"@type":"CommentAction","name":"Comment","target":["https:\/\/denizcankizil.tr\/uk\/haberler\/gundem\/antalyayi-sel-esir-aldi-yuzlerce-vatandas-tahliye-edildi\/#respond"]}]},{"@type":"WebPage","@id":"https:\/\/denizcankizil.tr\/uk\/haberler\/gundem\/antalyayi-sel-esir-aldi-yuzlerce-vatandas-tahliye-edildi\/","url":"https:\/\/denizcankizil.tr\/uk\/haberler\/gundem\/antalyayi-sel-esir-aldi-yuzlerce-vatandas-tahliye-edildi\/","name":"Antalya\u2019y\u0131 sel esir ald\u0131! Y\u00fczlerce vatanda\u015f tahliye edildi - Av. Deniz Can K\u0131z\u0131l","isPartOf":{"@id":"https:\/\/denizcankizil.tr\/#website"},"datePublished":"2024-11-22T17:41:17+00:00","breadcrumb":{"@id":"https:\/\/denizcankizil.tr\/uk\/haberler\/gundem\/antalyayi-sel-esir-aldi-yuzlerce-vatandas-tahliye-edildi\/#breadcrumb"},"inLanguage":"uk","potentialAction":[{"@type":"ReadAction","target":["https:\/\/denizcankizil.tr\/uk\/haberler\/gundem\/antalyayi-sel-esir-aldi-yuzlerce-vatandas-tahliye-edildi\/"]}]},{"@type":"BreadcrumbList","@id":"https:\/\/denizcankizil.tr\/uk\/haberler\/gundem\/antalyayi-sel-esir-aldi-yuzlerce-vatandas-tahliye-edildi\/#breadcrumb","itemListElement":[{"@type":"ListItem","position":1,"name":"Home","item":"https:\/\/denizcankizil.tr\/de\/"},{"@type":"ListItem","position":2,"name":"Antalya\u2019y\u0131 sel esir ald\u0131! Y\u00fczlerce vatanda\u015f tahliye edildi"}]},{"@type":"WebSite","@id":"https:\/\/denizcankizil.tr\/#website","url":"https:\/\/denizcankizil.tr\/","name":"Av. Deniz Can K\u0131z\u0131l","description":"Avukat Deniz Can K\u0131z\u0131l Antalya Barosu","publisher":{"@id":"https:\/\/denizcankizil.tr\/#organization"},"potentialAction":[{"@type":"SearchAction","target":{"@type":"EntryPoint","urlTemplate":"https:\/\/denizcankizil.tr\/?s={search_term_string}"},"query-input":{"@type":"PropertyValueSpecification","valueRequired":true,"valueName":"search_term_string"}}],"inLanguage":"uk"},{"@type":"Organization","@id":"https:\/\/denizcankizil.tr\/#organization","name":"Av. Deniz Can K\u0131z\u0131l","url":"https:\/\/denizcankizil.tr\/","logo":{"@type":"ImageObject","inLanguage":"uk","@id":"https:\/\/denizcankizil.tr\/#\/schema\/logo\/image\/","url":"https:\/\/denizcankizil.tr\/wp-content\/uploads\/2024\/10\/siyah-logo-svg.svg","contentUrl":"https:\/\/denizcankizil.tr\/wp-content\/uploads\/2024\/10\/siyah-logo-svg.svg","width":1080,"height":1080,"caption":"Av. Deniz Can K\u0131z\u0131l"},"image":{"@id":"https:\/\/denizcankizil.tr\/#\/schema\/logo\/image\/"}}]}},"_links":{"self":[{"href":"https:\/\/denizcankizil.tr\/uk\/wp-json\/wp\/v2\/posts\/17127","targetHints":{"allow":["GET"]}}],"collection":[{"href":"https:\/\/denizcankizil.tr\/uk\/wp-json\/wp\/v2\/posts"}],"about":[{"href":"https:\/\/denizcankizil.tr\/uk\/wp-json\/wp\/v2\/types\/post"}],"replies":[{"embeddable":true,"href":"https:\/\/denizcankizil.tr\/uk\/wp-json\/wp\/v2\/comments?post=17127"}],"version-history":[{"count":0,"href":"https:\/\/denizcankizil.tr\/uk\/wp-json\/wp\/v2\/posts\/17127\/revisions"}],"wp:attachment":[{"href":"https:\/\/denizcankizil.tr\/uk\/wp-json\/wp\/v2\/media?parent=17127"}],"wp:term":[{"taxonomy":"category","embeddable":true,"href":"https:\/\/denizcankizil.tr\/uk\/wp-json\/wp\/v2\/categories?post=17127"},{"taxonomy":"post_tag","embeddable":true,"href":"https:\/\/denizcankizil.tr\/uk\/wp-json\/wp\/v2\/tags?post=17127"}],"curies":[{"name":"wp","href":"https:\/\/api.w.org\/{rel}","templated":true}]}}