{"id":17126,"date":"2024-11-22T20:41:17","date_gmt":"2024-11-22T17:41:17","guid":{"rendered":"https:\/\/denizcankizil.tr\/uncategorized-tr\/2-belediyeye-daha-kayyum-atandi\/"},"modified":"2024-11-22T20:41:17","modified_gmt":"2024-11-22T17:41:17","slug":"2-belediyeye-daha-kayyum-atandi","status":"publish","type":"post","link":"https:\/\/denizcankizil.tr\/uk\/haberler\/gundem\/2-belediyeye-daha-kayyum-atandi\/","title":{"rendered":"2 belediyeye daha kayyum atand\u0131"},"content":{"rendered":"<p>\u0130\u00e7i\u015fleri Bakanl\u0131\u011f\u0131&#8217;ndan yap\u0131lan a\u00e7\u0131klamaya g\u00f6re Tunceli Belediye Ba\u015fkan\u0131 Cevdet Konak ve Ovac\u0131k Belediye Ba\u015fkan\u0131 Mustafa Sar\u0131g\u00fcl g\u00f6revden uzakla\u015ft\u0131r\u0131ld\u0131. Vali B\u00fclent Tekb\u0131y\u0131ko\u011flu Tunceli Belediye Ba\u015fkan Vekili olarak g\u00f6revlendirildi.<\/p>\n<p>\u0130\u00c7\u0130\u015eLER\u0130 BAKANLI\u011eI\u2019NDA YAPILAN A\u00c7IKLAMA\u00a0<\/p>\n<p>\u0130\u00e7i\u015fleri Bakanl\u0131\u011f\u0131n\u0131n, sosyal medya hesab\u0131ndan yap\u0131lan a\u00e7\u0131klamada, \u201cTunceli Belediye Ba\u015fkan\u0131 Cevdet Konak&#8217;\u0131n Tunceli 1. A\u011f\u0131r Ceza Mahkemesinin 2022\/99 esas say\u0131l\u0131 dosyas\u0131 kapsam\u0131nda &#8216;PKK\/KCK silahl\u0131 ter\u00f6r \u00f6rg\u00fct\u00fcne \u00fcye olmak&#8217; su\u00e7undan 6 y\u0131l 3 ay hapis cezas\u0131 almas\u0131 ve Tunceli Cumhuriyet Ba\u015fsavc\u0131l\u0131\u011f\u0131n\u0131n 2024\/1146 Say\u0131l\u0131 soru\u015fturma dosyas\u0131nda &#8216;PKK\/KCK ter\u00f6r \u00f6rg\u00fct\u00fc propagandas\u0131 yapmak&#8217; su\u00e7undan soru\u015fturmas\u0131n\u0131n devam etmesi nedeniyle; Cevdet Konak&#8217;\u0131n Anayasa&#8217;n\u0131n 127&#8217;inci maddesi ile 5393 say\u0131l\u0131 Belediye Kanunu&#8217;nun 47&#8217;inci maddesi gere\u011fince ge\u00e7ici bir tedbir olarak \u0130\u00e7i\u015fleri Bakanl\u0131\u011f\u0131&#8217;nca g\u00f6revden uzakla\u015ft\u0131r\u0131lm\u0131\u015ft\u0131r. 5393 say\u0131l\u0131 Belediye Kanunun 45 ve 46&#8217;\u0131nc\u0131 maddeleri uyar\u0131nca Tunceli Valisi B\u00fclent Tekb\u0131y\u0131ko\u011flu, Tunceli Belediye Ba\u015fkan Vekili olarak g\u00f6revlendirilmi\u015ftir\u201d denildi.\u00a0<\/p>\n<p>OVACIK BELED\u0130YE BA\u015eKANI MUSTAFA SARIG\u00dcL G\u00d6REVDEN ALINDI<\/p>\n<p>A\u00e7\u0131klamada, \u201cOvac\u0131k Belediye Ba\u015fkan\u0131 Mustafa Sar\u0131g\u00fcl Tunceli 1. A\u011f\u0131r Ceza Mahkemesinin 2022\/99 esas say\u0131l\u0131 dosyas\u0131 kapsam\u0131nda &#8216;PKK\/KCK silahl\u0131 ter\u00f6r \u00f6rg\u00fct\u00fcne \u00fcye olmak&#8217; su\u00e7undan 6 y\u0131l 3 ay hapis cezas\u0131 almas\u0131 nedeniyle; \u00a0Mustafa Sar\u0131g\u00fcl&#8217;\u00fcn Anayasa&#8217;n\u0131n 127&#8217;inci maddesi ile 5393 say\u0131l\u0131 Belediye Kanunu&#8217;nun 47&#8217;inci maddesi gere\u011fince ge\u00e7ici bir tedbir olarak \u0130\u00e7i\u015fleri Bakanl\u0131\u011f\u0131&#8217;nca g\u00f6revden uzakla\u015ft\u0131r\u0131lm\u0131\u015ft\u0131r. 5393 say\u0131l\u0131 Belediye Kanunun 45 ve 46&#8217;\u0131nc\u0131 maddeleri uyar\u0131nca Ovac\u0131k Kaymakam\u0131 H\u00fcseyin \u015eamil S\u00f6zen, Tunceli Valili\u011fince Ovac\u0131k Belediye Ba\u015fkan Vekili olarak g\u00f6revlendirilmi\u015ftir\u201d ifadelerine yer verdi. \u00a0<br \/>\n\u00a0 \u00a0 \u00a0 \u00a0 \u00a0 \u00a0 \u00a0 \u00a0 \u00a0 \u00a0 \u00a0 \u00a0 \u00a0 \u00a0 \u00a0 \u00a0 \u00a0<br \/>\n\u00a0<\/p>\n<p>\u200b\u0130\u00e7i\u015fleri Bakanl\u0131\u011f\u0131 Tunceli ve Ovac\u0131k Belediyesi\u2019ne kayyum atand\u0131\u011f\u0131n\u0131 duyurdu\u00a0<\/p>\n<p>\u200bHaberin Al\u0131nt\u0131land\u0131\u011f\u0131 Kaynak: www.antalyakorfez.com<\/p>","protected":false},"excerpt":{"rendered":"<p>\u0130\u00e7i\u015fleri Bakanl\u0131\u011f\u0131&#8217;ndan yap\u0131lan a\u00e7\u0131klamaya g\u00f6re Tunceli Belediye Ba\u015fkan\u0131 Cevdet Konak ve Ovac\u0131k Belediye Ba\u015fkan\u0131 Mustafa Sar\u0131g\u00fcl g\u00f6revden uzakla\u015ft\u0131r\u0131ld\u0131. Vali B\u00fclent Tekb\u0131y\u0131ko\u011flu Tunceli Belediye Ba\u015fkan Vekili olarak g\u00f6revlendirildi. \u0130\u00c7\u0130\u015eLER\u0130 BAKANLI\u011eI\u2019NDA YAPILAN A\u00c7IKLAMA\u00a0 \u0130\u00e7i\u015fleri Bakanl\u0131\u011f\u0131n\u0131n, sosyal medya hesab\u0131ndan yap\u0131lan a\u00e7\u0131klamada, \u201cTunceli Belediye Ba\u015fkan\u0131 Cevdet Konak&#8217;\u0131n Tunceli 1. A\u011f\u0131r Ceza Mahkemesinin 2022\/99 esas say\u0131l\u0131 dosyas\u0131 kapsam\u0131nda &#8216;PKK\/KCK silahl\u0131 ter\u00f6r \u00f6rg\u00fct\u00fcne \u00fcye olmak&#8217; su\u00e7undan 6 y\u0131l 3 ay hapis cezas\u0131 almas\u0131 ve Tunceli Cumhuriyet Ba\u015fsavc\u0131l\u0131\u011f\u0131n\u0131n 2024\/1146 Say\u0131l\u0131 soru\u015fturma dosyas\u0131nda &#8216;PKK\/KCK ter\u00f6r \u00f6rg\u00fct\u00fc propagandas\u0131 yapmak&#8217; su\u00e7undan soru\u015fturmas\u0131n\u0131n devam etmesi nedeniyle; Cevdet Konak&#8217;\u0131n Anayasa&#8217;n\u0131n 127&#8217;inci maddesi ile 5393 say\u0131l\u0131 Belediye Kanunu&#8217;nun 47&#8217;inci maddesi gere\u011fince ge\u00e7ici bir tedbir olarak \u0130\u00e7i\u015fleri Bakanl\u0131\u011f\u0131&#8217;nca g\u00f6revden uzakla\u015ft\u0131r\u0131lm\u0131\u015ft\u0131r. 5393 say\u0131l\u0131 Belediye Kanunun 45 ve 46&#8217;\u0131nc\u0131 maddeleri uyar\u0131nca Tunceli Valisi B\u00fclent Tekb\u0131y\u0131ko\u011flu, Tunceli Belediye Ba\u015fkan Vekili olarak g\u00f6revlendirilmi\u015ftir\u201d denildi.\u00a0 OVACIK BELED\u0130YE BA\u015eKANI MUSTAFA SARIG\u00dcL G\u00d6REVDEN ALINDI A\u00e7\u0131klamada, \u201cOvac\u0131k Belediye Ba\u015fkan\u0131 Mustafa Sar\u0131g\u00fcl Tunceli 1. A\u011f\u0131r Ceza Mahkemesinin 2022\/99 esas say\u0131l\u0131 dosyas\u0131 kapsam\u0131nda &#8216;PKK\/KCK silahl\u0131 ter\u00f6r \u00f6rg\u00fct\u00fcne \u00fcye olmak&#8217; su\u00e7undan 6 y\u0131l 3 ay hapis cezas\u0131 almas\u0131 nedeniyle; \u00a0Mustafa Sar\u0131g\u00fcl&#8217;\u00fcn Anayasa&#8217;n\u0131n 127&#8217;inci maddesi ile 5393 say\u0131l\u0131 Belediye Kanunu&#8217;nun 47&#8217;inci maddesi gere\u011fince ge\u00e7ici bir tedbir olarak \u0130\u00e7i\u015fleri Bakanl\u0131\u011f\u0131&#8217;nca g\u00f6revden uzakla\u015ft\u0131r\u0131lm\u0131\u015ft\u0131r. 5393 say\u0131l\u0131 Belediye Kanunun 45 ve 46&#8217;\u0131nc\u0131 maddeleri uyar\u0131nca Ovac\u0131k Kaymakam\u0131 H\u00fcseyin \u015eamil S\u00f6zen, Tunceli &hellip;<\/p>","protected":false},"author":0,"featured_media":0,"comment_status":"open","ping_status":"open","sticky":false,"template":"","format":"standard","meta":{"_acf_changed":false,"footnotes":""},"categories":[24,535],"tags":[],"class_list":["post-17126","post","type-post","status-publish","format-standard","has-post-thumbnail","hentry","category-gundem","category-uncategorized-tr"],"acf":[],"yoast_head":"<!-- This site is optimized with the Yoast SEO Premium plugin v26.6 (Yoast SEO v27.1.1) - https:\/\/yoast.com\/product\/yoast-seo-premium-wordpress\/ -->\n<title>2 belediyeye daha kayyum atand\u0131 - Av. Deniz Can K\u0131z\u0131l<\/title>\n<meta name=\"robots\" content=\"index, follow, max-snippet:-1, max-image-preview:large, max-video-preview:-1\" \/>\n<link rel=\"canonical\" href=\"https:\/\/denizcankizil.tr\/uk\/haberler\/gundem\/2-belediyeye-daha-kayyum-atandi\/\" \/>\n<meta property=\"og:locale\" content=\"uk_UA\" \/>\n<meta property=\"og:type\" content=\"article\" \/>\n<meta property=\"og:title\" content=\"2 belediyeye daha kayyum atand\u0131\" \/>\n<meta property=\"og:description\" content=\"\u0130\u00e7i\u015fleri Bakanl\u0131\u011f\u0131&#8217;ndan yap\u0131lan a\u00e7\u0131klamaya g\u00f6re Tunceli Belediye Ba\u015fkan\u0131 Cevdet Konak ve Ovac\u0131k Belediye Ba\u015fkan\u0131 Mustafa Sar\u0131g\u00fcl g\u00f6revden uzakla\u015ft\u0131r\u0131ld\u0131. Vali B\u00fclent Tekb\u0131y\u0131ko\u011flu Tunceli Belediye Ba\u015fkan Vekili olarak g\u00f6revlendirildi. \u0130\u00c7\u0130\u015eLER\u0130 BAKANLI\u011eI\u2019NDA YAPILAN A\u00c7IKLAMA\u00a0 \u0130\u00e7i\u015fleri Bakanl\u0131\u011f\u0131n\u0131n, sosyal medya hesab\u0131ndan yap\u0131lan a\u00e7\u0131klamada, \u201cTunceli Belediye Ba\u015fkan\u0131 Cevdet Konak&#8217;\u0131n Tunceli 1. A\u011f\u0131r Ceza Mahkemesinin 2022\/99 esas say\u0131l\u0131 dosyas\u0131 kapsam\u0131nda &#8216;PKK\/KCK silahl\u0131 ter\u00f6r \u00f6rg\u00fct\u00fcne \u00fcye olmak&#8217; su\u00e7undan 6 y\u0131l 3 ay hapis cezas\u0131 almas\u0131 ve Tunceli Cumhuriyet Ba\u015fsavc\u0131l\u0131\u011f\u0131n\u0131n 2024\/1146 Say\u0131l\u0131 soru\u015fturma dosyas\u0131nda &#8216;PKK\/KCK ter\u00f6r \u00f6rg\u00fct\u00fc propagandas\u0131 yapmak&#8217; su\u00e7undan soru\u015fturmas\u0131n\u0131n devam etmesi nedeniyle; Cevdet Konak&#8217;\u0131n Anayasa&#8217;n\u0131n 127&#8217;inci maddesi ile 5393 say\u0131l\u0131 Belediye Kanunu&#8217;nun 47&#8217;inci maddesi gere\u011fince ge\u00e7ici bir tedbir olarak \u0130\u00e7i\u015fleri Bakanl\u0131\u011f\u0131&#8217;nca g\u00f6revden uzakla\u015ft\u0131r\u0131lm\u0131\u015ft\u0131r. 5393 say\u0131l\u0131 Belediye Kanunun 45 ve 46&#8217;\u0131nc\u0131 maddeleri uyar\u0131nca Tunceli Valisi B\u00fclent Tekb\u0131y\u0131ko\u011flu, Tunceli Belediye Ba\u015fkan Vekili olarak g\u00f6revlendirilmi\u015ftir\u201d denildi.\u00a0 OVACIK BELED\u0130YE BA\u015eKANI MUSTAFA SARIG\u00dcL G\u00d6REVDEN ALINDI A\u00e7\u0131klamada, \u201cOvac\u0131k Belediye Ba\u015fkan\u0131 Mustafa Sar\u0131g\u00fcl Tunceli 1. A\u011f\u0131r Ceza Mahkemesinin 2022\/99 esas say\u0131l\u0131 dosyas\u0131 kapsam\u0131nda &#8216;PKK\/KCK silahl\u0131 ter\u00f6r \u00f6rg\u00fct\u00fcne \u00fcye olmak&#8217; su\u00e7undan 6 y\u0131l 3 ay hapis cezas\u0131 almas\u0131 nedeniyle; \u00a0Mustafa Sar\u0131g\u00fcl&#8217;\u00fcn Anayasa&#8217;n\u0131n 127&#8217;inci maddesi ile 5393 say\u0131l\u0131 Belediye Kanunu&#8217;nun 47&#8217;inci maddesi gere\u011fince ge\u00e7ici bir tedbir olarak \u0130\u00e7i\u015fleri Bakanl\u0131\u011f\u0131&#8217;nca g\u00f6revden uzakla\u015ft\u0131r\u0131lm\u0131\u015ft\u0131r. 5393 say\u0131l\u0131 Belediye Kanunun 45 ve 46&#8217;\u0131nc\u0131 maddeleri uyar\u0131nca Ovac\u0131k Kaymakam\u0131 H\u00fcseyin \u015eamil S\u00f6zen, Tunceli &hellip;\" \/>\n<meta property=\"og:url\" content=\"https:\/\/denizcankizil.tr\/uk\/haberler\/gundem\/2-belediyeye-daha-kayyum-atandi\/\" \/>\n<meta property=\"og:site_name\" content=\"Av. Deniz Can K\u0131z\u0131l\" \/>\n<meta property=\"article:published_time\" content=\"2024-11-22T17:41:17+00:00\" \/>\n<meta name=\"twitter:card\" content=\"summary_large_image\" \/>\n<meta name=\"twitter:label1\" content=\"\u041f\u0440\u0438\u0431\u043b. \u0447\u0430\u0441 \u0447\u0438\u0442\u0430\u043d\u043d\u044f\" \/>\n\t<meta name=\"twitter:data1\" content=\"2 \u0445\u0432\u0438\u043b\u0438\u043d\u0438\" \/>\n<script type=\"application\/ld+json\" class=\"yoast-schema-graph\">{\"@context\":\"https:\/\/schema.org\",\"@graph\":[{\"@type\":\"Article\",\"@id\":\"https:\/\/denizcankizil.tr\/ru\/haberler\/gundem\/2-belediyeye-daha-kayyum-atandi\/#article\",\"isPartOf\":{\"@id\":\"https:\/\/denizcankizil.tr\/ru\/haberler\/gundem\/2-belediyeye-daha-kayyum-atandi\/\"},\"author\":{\"name\":\"\",\"@id\":\"\"},\"headline\":\"2 belediyeye daha kayyum atand\u0131\",\"datePublished\":\"2024-11-22T17:41:17+00:00\",\"mainEntityOfPage\":{\"@id\":\"https:\/\/denizcankizil.tr\/ru\/haberler\/gundem\/2-belediyeye-daha-kayyum-atandi\/\"},\"wordCount\":343,\"commentCount\":0,\"publisher\":{\"@id\":\"https:\/\/denizcankizil.tr\/de\/#organization\"},\"articleSection\":[\"G\u00fcndem\",\"Uncategorized\"],\"inLanguage\":\"uk\",\"potentialAction\":[{\"@type\":\"CommentAction\",\"name\":\"Comment\",\"target\":[\"https:\/\/denizcankizil.tr\/ru\/haberler\/gundem\/2-belediyeye-daha-kayyum-atandi\/#respond\"]}]},{\"@type\":\"WebPage\",\"@id\":\"https:\/\/denizcankizil.tr\/ru\/haberler\/gundem\/2-belediyeye-daha-kayyum-atandi\/\",\"url\":\"https:\/\/denizcankizil.tr\/ru\/haberler\/gundem\/2-belediyeye-daha-kayyum-atandi\/\",\"name\":\"2 belediyeye daha kayyum atand\u0131 - Av. Deniz Can K\u0131z\u0131l\",\"isPartOf\":{\"@id\":\"https:\/\/denizcankizil.tr\/de\/#website\"},\"datePublished\":\"2024-11-22T17:41:17+00:00\",\"breadcrumb\":{\"@id\":\"https:\/\/denizcankizil.tr\/ru\/haberler\/gundem\/2-belediyeye-daha-kayyum-atandi\/#breadcrumb\"},\"inLanguage\":\"uk\",\"potentialAction\":[{\"@type\":\"ReadAction\",\"target\":[\"https:\/\/denizcankizil.tr\/ru\/haberler\/gundem\/2-belediyeye-daha-kayyum-atandi\/\"]}]},{\"@type\":\"BreadcrumbList\",\"@id\":\"https:\/\/denizcankizil.tr\/ru\/haberler\/gundem\/2-belediyeye-daha-kayyum-atandi\/#breadcrumb\",\"itemListElement\":[{\"@type\":\"ListItem\",\"position\":1,\"name\":\"Home\",\"item\":\"https:\/\/denizcankizil.tr\/de\/\"},{\"@type\":\"ListItem\",\"position\":2,\"name\":\"2 belediyeye daha kayyum atand\u0131\"}]},{\"@type\":\"WebSite\",\"@id\":\"https:\/\/denizcankizil.tr\/de\/#website\",\"url\":\"https:\/\/denizcankizil.tr\/de\/\",\"name\":\"Av. Deniz Can K\u0131z\u0131l\",\"description\":\"Avukat Deniz Can K\u0131z\u0131l Antalya Barosu\",\"publisher\":{\"@id\":\"https:\/\/denizcankizil.tr\/de\/#organization\"},\"potentialAction\":[{\"@type\":\"SearchAction\",\"target\":{\"@type\":\"EntryPoint\",\"urlTemplate\":\"https:\/\/denizcankizil.tr\/de\/?s={search_term_string}\"},\"query-input\":{\"@type\":\"PropertyValueSpecification\",\"valueRequired\":true,\"valueName\":\"search_term_string\"}}],\"inLanguage\":\"uk\"},{\"@type\":\"Organization\",\"@id\":\"https:\/\/denizcankizil.tr\/de\/#organization\",\"name\":\"Av. Deniz Can K\u0131z\u0131l\",\"url\":\"https:\/\/denizcankizil.tr\/de\/\",\"logo\":{\"@type\":\"ImageObject\",\"inLanguage\":\"uk\",\"@id\":\"https:\/\/denizcankizil.tr\/de\/#\/schema\/logo\/image\/\",\"url\":\"https:\/\/denizcankizil.tr\/wp-content\/uploads\/2024\/10\/siyah-logo-svg.svg\",\"contentUrl\":\"https:\/\/denizcankizil.tr\/wp-content\/uploads\/2024\/10\/siyah-logo-svg.svg\",\"width\":1080,\"height\":1080,\"caption\":\"Av. Deniz Can K\u0131z\u0131l\"},\"image\":{\"@id\":\"https:\/\/denizcankizil.tr\/de\/#\/schema\/logo\/image\/\"}}]}<\/script>\n<!-- \/ Yoast SEO Premium plugin. -->","yoast_head_json":{"title":"2 belediyeye daha kayyum atand\u0131 - Av. Deniz Can K\u0131z\u0131l","robots":{"index":"index","follow":"follow","max-snippet":"max-snippet:-1","max-image-preview":"max-image-preview:large","max-video-preview":"max-video-preview:-1"},"canonical":"https:\/\/denizcankizil.tr\/uk\/haberler\/gundem\/2-belediyeye-daha-kayyum-atandi\/","og_locale":"uk_UA","og_type":"article","og_title":"2 belediyeye daha kayyum atand\u0131","og_description":"\u0130\u00e7i\u015fleri Bakanl\u0131\u011f\u0131&#8217;ndan yap\u0131lan a\u00e7\u0131klamaya g\u00f6re Tunceli Belediye Ba\u015fkan\u0131 Cevdet Konak ve Ovac\u0131k Belediye Ba\u015fkan\u0131 Mustafa Sar\u0131g\u00fcl g\u00f6revden uzakla\u015ft\u0131r\u0131ld\u0131. Vali B\u00fclent Tekb\u0131y\u0131ko\u011flu Tunceli Belediye Ba\u015fkan Vekili olarak g\u00f6revlendirildi. \u0130\u00c7\u0130\u015eLER\u0130 BAKANLI\u011eI\u2019NDA YAPILAN A\u00c7IKLAMA\u00a0 \u0130\u00e7i\u015fleri Bakanl\u0131\u011f\u0131n\u0131n, sosyal medya hesab\u0131ndan yap\u0131lan a\u00e7\u0131klamada, \u201cTunceli Belediye Ba\u015fkan\u0131 Cevdet Konak&#8217;\u0131n Tunceli 1. A\u011f\u0131r Ceza Mahkemesinin 2022\/99 esas say\u0131l\u0131 dosyas\u0131 kapsam\u0131nda &#8216;PKK\/KCK silahl\u0131 ter\u00f6r \u00f6rg\u00fct\u00fcne \u00fcye olmak&#8217; su\u00e7undan 6 y\u0131l 3 ay hapis cezas\u0131 almas\u0131 ve Tunceli Cumhuriyet Ba\u015fsavc\u0131l\u0131\u011f\u0131n\u0131n 2024\/1146 Say\u0131l\u0131 soru\u015fturma dosyas\u0131nda &#8216;PKK\/KCK ter\u00f6r \u00f6rg\u00fct\u00fc propagandas\u0131 yapmak&#8217; su\u00e7undan soru\u015fturmas\u0131n\u0131n devam etmesi nedeniyle; Cevdet Konak&#8217;\u0131n Anayasa&#8217;n\u0131n 127&#8217;inci maddesi ile 5393 say\u0131l\u0131 Belediye Kanunu&#8217;nun 47&#8217;inci maddesi gere\u011fince ge\u00e7ici bir tedbir olarak \u0130\u00e7i\u015fleri Bakanl\u0131\u011f\u0131&#8217;nca g\u00f6revden uzakla\u015ft\u0131r\u0131lm\u0131\u015ft\u0131r. 5393 say\u0131l\u0131 Belediye Kanunun 45 ve 46&#8217;\u0131nc\u0131 maddeleri uyar\u0131nca Tunceli Valisi B\u00fclent Tekb\u0131y\u0131ko\u011flu, Tunceli Belediye Ba\u015fkan Vekili olarak g\u00f6revlendirilmi\u015ftir\u201d denildi.\u00a0 OVACIK BELED\u0130YE BA\u015eKANI MUSTAFA SARIG\u00dcL G\u00d6REVDEN ALINDI A\u00e7\u0131klamada, \u201cOvac\u0131k Belediye Ba\u015fkan\u0131 Mustafa Sar\u0131g\u00fcl Tunceli 1. A\u011f\u0131r Ceza Mahkemesinin 2022\/99 esas say\u0131l\u0131 dosyas\u0131 kapsam\u0131nda &#8216;PKK\/KCK silahl\u0131 ter\u00f6r \u00f6rg\u00fct\u00fcne \u00fcye olmak&#8217; su\u00e7undan 6 y\u0131l 3 ay hapis cezas\u0131 almas\u0131 nedeniyle; \u00a0Mustafa Sar\u0131g\u00fcl&#8217;\u00fcn Anayasa&#8217;n\u0131n 127&#8217;inci maddesi ile 5393 say\u0131l\u0131 Belediye Kanunu&#8217;nun 47&#8217;inci maddesi gere\u011fince ge\u00e7ici bir tedbir olarak \u0130\u00e7i\u015fleri Bakanl\u0131\u011f\u0131&#8217;nca g\u00f6revden uzakla\u015ft\u0131r\u0131lm\u0131\u015ft\u0131r. 5393 say\u0131l\u0131 Belediye Kanunun 45 ve 46&#8217;\u0131nc\u0131 maddeleri uyar\u0131nca Ovac\u0131k Kaymakam\u0131 H\u00fcseyin \u015eamil S\u00f6zen, Tunceli &hellip;","og_url":"https:\/\/denizcankizil.tr\/uk\/haberler\/gundem\/2-belediyeye-daha-kayyum-atandi\/","og_site_name":"Av. Deniz Can K\u0131z\u0131l","article_published_time":"2024-11-22T17:41:17+00:00","twitter_card":"summary_large_image","twitter_misc":{"\u041f\u0440\u0438\u0431\u043b. \u0447\u0430\u0441 \u0447\u0438\u0442\u0430\u043d\u043d\u044f":"2 \u0445\u0432\u0438\u043b\u0438\u043d\u0438"},"schema":{"@context":"https:\/\/schema.org","@graph":[{"@type":"Article","@id":"https:\/\/denizcankizil.tr\/ru\/haberler\/gundem\/2-belediyeye-daha-kayyum-atandi\/#article","isPartOf":{"@id":"https:\/\/denizcankizil.tr\/ru\/haberler\/gundem\/2-belediyeye-daha-kayyum-atandi\/"},"author":{"name":"","@id":""},"headline":"2 belediyeye daha kayyum atand\u0131","datePublished":"2024-11-22T17:41:17+00:00","mainEntityOfPage":{"@id":"https:\/\/denizcankizil.tr\/ru\/haberler\/gundem\/2-belediyeye-daha-kayyum-atandi\/"},"wordCount":343,"commentCount":0,"publisher":{"@id":"https:\/\/denizcankizil.tr\/de\/#organization"},"articleSection":["G\u00fcndem","Uncategorized"],"inLanguage":"uk","potentialAction":[{"@type":"CommentAction","name":"Comment","target":["https:\/\/denizcankizil.tr\/ru\/haberler\/gundem\/2-belediyeye-daha-kayyum-atandi\/#respond"]}]},{"@type":"WebPage","@id":"https:\/\/denizcankizil.tr\/ru\/haberler\/gundem\/2-belediyeye-daha-kayyum-atandi\/","url":"https:\/\/denizcankizil.tr\/ru\/haberler\/gundem\/2-belediyeye-daha-kayyum-atandi\/","name":"2 belediyeye daha kayyum atand\u0131 - Av. Deniz Can K\u0131z\u0131l","isPartOf":{"@id":"https:\/\/denizcankizil.tr\/de\/#website"},"datePublished":"2024-11-22T17:41:17+00:00","breadcrumb":{"@id":"https:\/\/denizcankizil.tr\/ru\/haberler\/gundem\/2-belediyeye-daha-kayyum-atandi\/#breadcrumb"},"inLanguage":"uk","potentialAction":[{"@type":"ReadAction","target":["https:\/\/denizcankizil.tr\/ru\/haberler\/gundem\/2-belediyeye-daha-kayyum-atandi\/"]}]},{"@type":"BreadcrumbList","@id":"https:\/\/denizcankizil.tr\/ru\/haberler\/gundem\/2-belediyeye-daha-kayyum-atandi\/#breadcrumb","itemListElement":[{"@type":"ListItem","position":1,"name":"Home","item":"https:\/\/denizcankizil.tr\/de\/"},{"@type":"ListItem","position":2,"name":"2 belediyeye daha kayyum atand\u0131"}]},{"@type":"WebSite","@id":"https:\/\/denizcankizil.tr\/de\/#website","url":"https:\/\/denizcankizil.tr\/de\/","name":"Av. Deniz Can K\u0131z\u0131l","description":"Avukat Deniz Can K\u0131z\u0131l Antalya Barosu","publisher":{"@id":"https:\/\/denizcankizil.tr\/de\/#organization"},"potentialAction":[{"@type":"SearchAction","target":{"@type":"EntryPoint","urlTemplate":"https:\/\/denizcankizil.tr\/de\/?s={search_term_string}"},"query-input":{"@type":"PropertyValueSpecification","valueRequired":true,"valueName":"search_term_string"}}],"inLanguage":"uk"},{"@type":"Organization","@id":"https:\/\/denizcankizil.tr\/de\/#organization","name":"Av. Deniz Can K\u0131z\u0131l","url":"https:\/\/denizcankizil.tr\/de\/","logo":{"@type":"ImageObject","inLanguage":"uk","@id":"https:\/\/denizcankizil.tr\/de\/#\/schema\/logo\/image\/","url":"https:\/\/denizcankizil.tr\/wp-content\/uploads\/2024\/10\/siyah-logo-svg.svg","contentUrl":"https:\/\/denizcankizil.tr\/wp-content\/uploads\/2024\/10\/siyah-logo-svg.svg","width":1080,"height":1080,"caption":"Av. Deniz Can K\u0131z\u0131l"},"image":{"@id":"https:\/\/denizcankizil.tr\/de\/#\/schema\/logo\/image\/"}}]}},"_links":{"self":[{"href":"https:\/\/denizcankizil.tr\/uk\/wp-json\/wp\/v2\/posts\/17126","targetHints":{"allow":["GET"]}}],"collection":[{"href":"https:\/\/denizcankizil.tr\/uk\/wp-json\/wp\/v2\/posts"}],"about":[{"href":"https:\/\/denizcankizil.tr\/uk\/wp-json\/wp\/v2\/types\/post"}],"replies":[{"embeddable":true,"href":"https:\/\/denizcankizil.tr\/uk\/wp-json\/wp\/v2\/comments?post=17126"}],"version-history":[{"count":0,"href":"https:\/\/denizcankizil.tr\/uk\/wp-json\/wp\/v2\/posts\/17126\/revisions"}],"wp:attachment":[{"href":"https:\/\/denizcankizil.tr\/uk\/wp-json\/wp\/v2\/media?parent=17126"}],"wp:term":[{"taxonomy":"category","embeddable":true,"href":"https:\/\/denizcankizil.tr\/uk\/wp-json\/wp\/v2\/categories?post=17126"},{"taxonomy":"post_tag","embeddable":true,"href":"https:\/\/denizcankizil.tr\/uk\/wp-json\/wp\/v2\/tags?post=17126"}],"curies":[{"name":"wp","href":"https:\/\/api.w.org\/{rel}","templated":true}]}}