{"id":16656,"date":"2024-11-20T12:41:58","date_gmt":"2024-11-20T09:41:58","guid":{"rendered":"https:\/\/denizcankizil.tr\/uncategorized-tr\/belediye-is-sendikasi-antalya-sube-baskani-mercandan-sert-tepki\/"},"modified":"2024-11-20T12:41:58","modified_gmt":"2024-11-20T09:41:58","slug":"belediye-is-sendikasi-antalya-sube-baskani-mercandan-sert-tepki","status":"publish","type":"post","link":"https:\/\/denizcankizil.tr\/uk\/haberler\/gundem\/belediye-is-sendikasi-antalya-sube-baskani-mercandan-sert-tepki\/","title":{"rendered":"Belediye-\u0130\u015f Sendikas\u0131 Antalya \u015eube Ba\u015fkan\u0131 Mercan\u2019dan sert tepki!"},"content":{"rendered":"<p>Belediye \u0130\u015f Sendikas\u0131 Antalya \u015eube Ba\u015fkan\u0131 Mehmet Mercan\u2019\u0131n, bas\u0131n a\u00e7\u0131klamas\u0131nda Atat\u00fcrk ve Laiklik ilkesine de\u011finerek h\u00fck\u00fcmeti ve Milli E\u011fitim Bakan\u0131 Yusuf Tekin\u2019in a\u00e7\u0131klamalar\u0131n\u0131 ele\u015ftirdi. Belediye \u0130\u015f Sendikas\u0131 Antalya \u015eube Ba\u015fkan\u0131 Mehmet Mercan, a\u00e7\u0131klamas\u0131nda Laiklik ve Atat\u00fcrk\u2019e y\u00f6nelik sald\u0131r\u0131lar, \u00a0e\u011fitim sistemindeki sorunlar, 15 Temmuz Darbesi ve \u00e7eli\u015fkilerine de\u011finildi.<\/p>\n<p>M\u0130LL\u0130 E\u011e\u0130T\u0130M BAKANI YUSUF TEK\u0130N\u2019E CEVAP VERD\u0130<\/p>\n<p>Belediye \u0130\u015f Sendikas\u0131 Antalya \u015eube Ba\u015fkan\u0131 Mehmet Mercan; \u201cSon g\u00fcnlerde laik T\u00fcrkiye Cumhuriyetine ve kurucusu Mustafa Kemal Atat\u00fcrk\u2019e sald\u0131r\u0131lar yo\u011funla\u015ft\u0131. \u00d6nce Milli E\u011fitim Bakan\u0131 Yusuf Tekin, ge\u00e7mi\u015fin yalanlar\u0131 ve \u00e7arp\u0131tmalar\u0131yla laikli\u011fe, yani T\u00fcrkiye Cumhuriyeti\u2019nin temeli laik Cumhuriyete sald\u0131rd\u0131. Ard\u0131ndan da Kara Harp Okulu 2024 y\u0131l\u0131 mezuniyet t\u00f6reninde &#8216;Mustafa Kemal&#8217;in Askerleriyiz&#8217; diyen te\u011fmenler hakk\u0131nda soru\u015fturma a\u00e7\u0131ld\u0131. Bu zihniyetin uzant\u0131lar\u0131n\u0131n, Laik T\u00fcrkiye Cumhuriyetinin kurucusu Mustafa Kemal Atat\u00fcrk\u2019e, Cumhuriyete ve laikli\u011fe kar\u015f\u0131 nefretlerini biliyoruz. Onlar \u201cke\u015fke Yunan galip gelseydi\u201d diyen fesli kadirin talebeleri. Bu zihniyetin temsilcileri, kimin dizinin dibinde oturursa otursun, hangi tarikat\u0131n m\u00fcridi olurlarsa olsun; bu onlara sa\u00e7malama, abuk sabuk konu\u015fma hakk\u0131 vermez\u201d dedi.\u00a0<\/p>\n<p>OKULLARDA TEM\u0130ZL\u0130K PERSONEL\u0130 ALIMINA GEL\u0130NCE TASARRUFA G\u0130D\u0130YOR<\/p>\n<p>Belediye \u0130\u015f Sendikas\u0131 Antalya \u015eube Ba\u015fkan\u0131 Mehmet Mercan, Milli E\u011fitim Bakan\u0131 Yusuf Tekin\u2019in laiklik ile ilgili s\u00f6zleri kar\u015f\u0131s\u0131nda; \u201cBu s\u00f6zler ister iktidar\u0131n g\u00fcndem de\u011fi\u015ftirme, ister toplumu ayr\u0131\u015ft\u0131rma \u00e7abas\u0131, isterse de a\u00e7l\u0131\u011f\u0131 yoksullu\u011fu i\u015fsizli\u011fi gizleme \u00e7abalar\u0131n\u0131n bir \u00fcr\u00fcn\u00fc olsun, cevaps\u0131z kalamaz. Bu yalanlar\u0131 s\u00f6yleyenler \u00f6nce Milli E\u011fitim Bakanl\u0131\u011f\u0131\u2019n\u0131n haline baks\u0131n. \u201c\u0130tibarlar\u0131ndan\u201d tasarruf yapamayanlar, s\u0131ra okullarda temizlik personeli al\u0131m\u0131na gelince tasarrufa gidiyor. \u00a0Okullar\u0131m\u0131zda \u00e7ocuklar\u0131m\u0131z, veliler temizlik yap\u0131yor, belediyelerin okullar\u0131 biz temizleyelim giri\u015fimleri, engelleniyor. \u00d6\u011fretmenlerimiz sefalet \u00fccretleri ile \u00e7al\u0131\u015ft\u0131r\u0131l\u0131yor. Okul kantinleri denetlenmedi\u011fi i\u00e7in, kantinlerde zehir sa\u00e7an g\u0131dalar \u00e7ocuklar\u0131m\u0131za yediriliyor. Uyu\u015fturucu maddeler ilkokul \u00f6nlerinde dahi sat\u0131l\u0131r hale geliyor, su\u00e7 \u00e7eteleri \u00e7ocuklar\u0131m\u0131z\u0131 taciz ediyor. Emek\u00e7i halk\u0131m\u0131z\u0131n \u00e7ocuklar\u0131 hayat pahal\u0131l\u0131\u011f\u0131ndan, i\u015fsizlikten, \u00a0asgari \u00fccretin sefalet \u00fccretine d\u00fc\u015fmesinden kaynakl\u0131 \u00fc\u00e7 \u00f6\u011f\u00fcn yeme\u011fe dahi ula\u015famazken, en az\u0131ndan okullarda bir \u00f6\u011f\u00fcn yemek verilsin talebi cevaps\u0131z kal\u0131yor.<\/p>\n<p>MUSTAFA KEMAL ATAT\u00dcRK\u2019\u00dc KARALAMAK, LA\u0130KL\u0130K \u0130LKES\u0130N\u0130 YIPRATMAK<\/p>\n<p>\u201cPeki, bu \u00fclkenin Milli E\u011fitim Bakan\u0131 Yusuf Tekin kendi bakanl\u0131\u011f\u0131nda bunca sorun varken ne yap\u0131yor? Onun tek derdi, laik T\u00fcrkiye Cumhuriyeti ve onun kurucusu Mustafa Kemal Atat\u00fcrk\u2019\u00fc karalamak, \u00a0Anayasal laiklik ilkesini y\u0131pratmak. Halk\u0131m\u0131z\u0131n Atat\u00fcrk sevgisi kar\u015f\u0131s\u0131nda Atat\u00fcrk\u2019e laf s\u00f6yleyemeyen bu anlay\u0131\u015f, yalanlarla, tarihsel ger\u00e7ekleri \u00e7arp\u0131tarak, Atat\u00fcrk\u2019\u00fcn Laiklik ilkesine sald\u0131r\u0131yor. Bu zihniyet, \u00a0Anayasal Laiklik ilkesi olmazsa demokrasinin olmayaca\u011f\u0131n\u0131 bildi\u011fi i\u00e7in Anayasal laiklik ilkesine sald\u0131r\u0131yor\u201d \u015feklinde konu\u015fan Mertcan; \u201cBu zihniyet, \u00a0Anayasal Laiklik ilkesi olmazsa, \u00e7a\u011fda\u015f hukuk kurallar\u0131 yerine \u015feriat kurallar\u0131 ve \u015feriat mahkemeleri olaca\u011f\u0131n\u0131 bildi\u011fi i\u00e7in laikli\u011fe sald\u0131r\u0131yor. Bu zihniyet, \u00a0Anayasal Laiklik ilkesi olmazsa, \u015feriat\u0131n h\u00fck\u00fcm s\u00fcrd\u00fc\u011f\u00fc bir toplumda kimse \u00f6zg\u00fcr iradesiyle siyasi tercihte bulunamayaca\u011f\u0131 i\u00e7in, vatanda\u015f\u0131 tekrar kula \u00e7evirmek i\u00e7in laiklik ilkesine sald\u0131r\u0131yor. Bu zihniyet, \u00a0Anayasal Laiklik ilkesine, k\u0131z \u00e7ocuklar\u0131n\u0131n okula gitmesini engellemek, kad\u0131n\u0131 eve hapsetmek i\u00e7in sald\u0131r\u0131yor. Bu zihniyet, \u00a0Anayasal Laiklik ilkesi olmazsa, akla, bilime dayal\u0131 e\u011fitim olmayaca\u011f\u0131n\u0131 d\u00fc\u015f\u00fcnerek tarikatlara, cemaatlere yeni m\u00fcritler kazand\u0131rmak i\u00e7in laiklik ilkesine sald\u0131r\u0131yor. Bu zihniyet, \u00a0Anayasal Laiklik ilkesi olmazsa milletin olamayaca\u011f\u0131n\u0131 bildi\u011fi i\u00e7in, \u00fcmmet ve \u00fcmmet\u00e7ili\u011fin de\u011firmenine su ta\u015f\u0131mak i\u00e7in laiklik ilkesine sald\u0131r\u0131yor\u201d dedi.\u00a0<\/p>\n<p>MUSTAFA KEMAL\u0130\u2019N ASKERLER\u0130Y\u0130Z\u2019 DEMEK SU\u00c7 MU OLDU?<\/p>\n<p>Mercan a\u00e7\u0131klamalar\u0131n\u0131 \u015fu \u015fekilde s\u00fcrd\u00fcrd\u00fc:<br \/>\n\u201cLaik T\u00fcrkiye Cumhuriyeti, \u00a0kurucusu Mustafa Kemal Atat\u00fcrk\u2019\u00fc ve d\u00fc\u015f\u00fcncelerini can\u0131 pahas\u0131na savunma yemini eden, \u201cMustafa Kemal&#8217;in Askerleriyiz\u201d diyen te\u011fmenlere i\u015fte bu y\u00fczden soru\u015fturma a\u00e7\u0131yorlar. Ne zamandan beri T\u00fcrkiye Cumhuriyeti\u2019nin kurucusuna sahip \u00e7\u0131kmak, \u201cMustafa Kemal\u2019in askerleriyiz\u201d demek su\u00e7 oldu? O nedenle tarihsel ger\u00e7ekler \u00e7arp\u0131t\u0131larak, Fesli Kadir\u2019in z\u0131rvalar\u0131 \u0131s\u0131t\u0131l\u0131p \u0131s\u0131t\u0131l\u0131p g\u00fcndem yap\u0131lmak isteniyor. Bu nedenle Mustafa Kemal\u2019e ve onun ilkelerine sahip \u00e7\u0131kan gen\u00e7 te\u011fmenlere soru\u015fturma a\u00e7\u0131l\u0131yor. Ancak 15 Temmuz \u00f6ncesi ne istedilerse verdik dedikleri FET\u00d6\u2019c\u00fc darbecilerin tarikat liderlerinden ald\u0131klar\u0131 emirlerle, milletin \u00fczerine tank s\u00fcrd\u00fc\u011f\u00fcn\u00fc, direnen halk\u0131, askeri polisi kur\u015funlad\u0131\u011f\u0131n\u0131 unutuyorlar. \u00a015 Temmuz\u2019da darbeye kar\u015f\u0131 direnen ba\u015fta, asker, polis t\u00fcm Atat\u00fcrk\u00e7\u00fclerin Laik Cumhuriyeti savunduklar\u0131n\u0131 unutuyorlar. Laik Cumhuriyete \u015fa\u015f\u0131 bakan bu anlay\u0131\u015f, \u00a015 Temmuz \u00f6ncesi yapt\u0131\u011f\u0131 yanl\u0131\u015f\u0131 bir kez daha tekrarlayarak, askeri \u00fcniformas\u0131yla mesai saati i\u00e7inde tarikat toplant\u0131s\u0131na kat\u0131lan amirale ho\u015fg\u00f6r\u00fc g\u00f6sterirken, gen\u00e7 te\u011fmenlere soru\u015fma a\u00e7arak g\u00f6zda\u011f\u0131 vermek istiyor. Ayn\u0131 \u015feyleri yaparak farkl\u0131 sonu\u00e7 alamazs\u0131n\u0131z. \u00a0 Laik T\u00fcrkiye Cumhuriyetine de te\u011fmenlerimize sahip \u00e7\u0131k\u0131yoruz. Sonuna kadar sahip \u00e7\u0131kaca\u011f\u0131z. Emek\u00e7i halk\u0131m\u0131z tarikat, cemaat temsilcilerinin T\u00fcrkiye Cumhuriyeti\u2019nin temeli, laik Cumhuriyete yap\u0131lan sald\u0131r\u0131lara, \u00fclkemizin Afganistan zihniyetine d\u00f6n\u00fc\u015ft\u00fcr\u00fclmesine demokratik zeminde asla izin vermeyecektir. Sayg\u0131lar\u0131m\u0131zla.\u201d<\/p>\n<p>\u00a0<\/p>\n<p>\u200bBelediye \u0130\u015f Sendikas\u0131 Antalya \u015eube Ba\u015fkan\u0131 Mehmet Mercan, Milli E\u011fitim Bakan\u0131 Yusuf Tekin\u2019in laiklik ile ilgili s\u00f6zlerine tepki g\u00f6sterdi\u00a0<\/p>\n<p>\u200bHaberin Al\u0131nt\u0131land\u0131\u011f\u0131 Kaynak: www.antalyakorfez.com<\/p>","protected":false},"excerpt":{"rendered":"<p>Belediye \u0130\u015f Sendikas\u0131 Antalya \u015eube Ba\u015fkan\u0131 Mehmet Mercan\u2019\u0131n, bas\u0131n a\u00e7\u0131klamas\u0131nda Atat\u00fcrk ve Laiklik ilkesine de\u011finerek h\u00fck\u00fcmeti ve Milli E\u011fitim Bakan\u0131 Yusuf Tekin\u2019in a\u00e7\u0131klamalar\u0131n\u0131 ele\u015ftirdi. Belediye \u0130\u015f Sendikas\u0131 Antalya \u015eube Ba\u015fkan\u0131 Mehmet Mercan, a\u00e7\u0131klamas\u0131nda Laiklik ve Atat\u00fcrk\u2019e y\u00f6nelik sald\u0131r\u0131lar, \u00a0e\u011fitim sistemindeki sorunlar, 15 Temmuz Darbesi ve \u00e7eli\u015fkilerine de\u011finildi. M\u0130LL\u0130 E\u011e\u0130T\u0130M BAKANI YUSUF TEK\u0130N\u2019E CEVAP VERD\u0130 Belediye \u0130\u015f Sendikas\u0131 Antalya \u015eube Ba\u015fkan\u0131 Mehmet Mercan; \u201cSon g\u00fcnlerde laik T\u00fcrkiye Cumhuriyetine ve kurucusu Mustafa Kemal Atat\u00fcrk\u2019e sald\u0131r\u0131lar yo\u011funla\u015ft\u0131. \u00d6nce Milli E\u011fitim Bakan\u0131 Yusuf Tekin, ge\u00e7mi\u015fin yalanlar\u0131 ve \u00e7arp\u0131tmalar\u0131yla laikli\u011fe, yani T\u00fcrkiye Cumhuriyeti\u2019nin temeli laik Cumhuriyete sald\u0131rd\u0131. Ard\u0131ndan da Kara Harp Okulu 2024 y\u0131l\u0131 mezuniyet t\u00f6reninde &#8216;Mustafa Kemal&#8217;in Askerleriyiz&#8217; diyen te\u011fmenler hakk\u0131nda soru\u015fturma a\u00e7\u0131ld\u0131. Bu zihniyetin uzant\u0131lar\u0131n\u0131n, Laik T\u00fcrkiye Cumhuriyetinin kurucusu Mustafa Kemal Atat\u00fcrk\u2019e, Cumhuriyete ve laikli\u011fe kar\u015f\u0131 nefretlerini biliyoruz. Onlar \u201cke\u015fke Yunan galip gelseydi\u201d diyen fesli kadirin talebeleri. Bu zihniyetin temsilcileri, kimin dizinin dibinde oturursa otursun, hangi tarikat\u0131n m\u00fcridi olurlarsa olsun; bu onlara sa\u00e7malama, abuk sabuk konu\u015fma hakk\u0131 vermez\u201d dedi.\u00a0 OKULLARDA TEM\u0130ZL\u0130K PERSONEL\u0130 ALIMINA GEL\u0130NCE TASARRUFA G\u0130D\u0130YOR Belediye \u0130\u015f Sendikas\u0131 Antalya \u015eube Ba\u015fkan\u0131 Mehmet Mercan, Milli E\u011fitim Bakan\u0131 Yusuf Tekin\u2019in laiklik ile ilgili s\u00f6zleri kar\u015f\u0131s\u0131nda; \u201cBu s\u00f6zler ister iktidar\u0131n g\u00fcndem de\u011fi\u015ftirme, ister toplumu ayr\u0131\u015ft\u0131rma \u00e7abas\u0131, isterse de a\u00e7l\u0131\u011f\u0131 yoksullu\u011fu i\u015fsizli\u011fi gizleme \u00e7abalar\u0131n\u0131n bir \u00fcr\u00fcn\u00fc &hellip;<\/p>","protected":false},"author":0,"featured_media":0,"comment_status":"open","ping_status":"open","sticky":false,"template":"","format":"standard","meta":{"_acf_changed":false,"footnotes":""},"categories":[24,535],"tags":[],"class_list":["post-16656","post","type-post","status-publish","format-standard","has-post-thumbnail","hentry","category-gundem","category-uncategorized-tr"],"acf":[],"yoast_head":"<!-- This site is optimized with the Yoast SEO Premium plugin v26.6 (Yoast SEO v27.1.1) - https:\/\/yoast.com\/product\/yoast-seo-premium-wordpress\/ -->\n<title>Belediye-\u0130\u015f Sendikas\u0131 Antalya \u015eube Ba\u015fkan\u0131 Mercan\u2019dan sert tepki! - Av. Deniz Can K\u0131z\u0131l<\/title>\n<meta name=\"robots\" content=\"index, follow, max-snippet:-1, max-image-preview:large, max-video-preview:-1\" \/>\n<link rel=\"canonical\" href=\"https:\/\/denizcankizil.tr\/uk\/haberler\/gundem\/belediye-is-sendikasi-antalya-sube-baskani-mercandan-sert-tepki\/\" \/>\n<meta property=\"og:locale\" content=\"uk_UA\" \/>\n<meta property=\"og:type\" content=\"article\" \/>\n<meta property=\"og:title\" content=\"Belediye-\u0130\u015f Sendikas\u0131 Antalya \u015eube Ba\u015fkan\u0131 Mercan\u2019dan sert tepki!\" \/>\n<meta property=\"og:description\" content=\"Belediye \u0130\u015f Sendikas\u0131 Antalya \u015eube Ba\u015fkan\u0131 Mehmet Mercan\u2019\u0131n, bas\u0131n a\u00e7\u0131klamas\u0131nda Atat\u00fcrk ve Laiklik ilkesine de\u011finerek h\u00fck\u00fcmeti ve Milli E\u011fitim Bakan\u0131 Yusuf Tekin\u2019in a\u00e7\u0131klamalar\u0131n\u0131 ele\u015ftirdi. Belediye \u0130\u015f Sendikas\u0131 Antalya \u015eube Ba\u015fkan\u0131 Mehmet Mercan, a\u00e7\u0131klamas\u0131nda Laiklik ve Atat\u00fcrk\u2019e y\u00f6nelik sald\u0131r\u0131lar, \u00a0e\u011fitim sistemindeki sorunlar, 15 Temmuz Darbesi ve \u00e7eli\u015fkilerine de\u011finildi. M\u0130LL\u0130 E\u011e\u0130T\u0130M BAKANI YUSUF TEK\u0130N\u2019E CEVAP VERD\u0130 Belediye \u0130\u015f Sendikas\u0131 Antalya \u015eube Ba\u015fkan\u0131 Mehmet Mercan; \u201cSon g\u00fcnlerde laik T\u00fcrkiye Cumhuriyetine ve kurucusu Mustafa Kemal Atat\u00fcrk\u2019e sald\u0131r\u0131lar yo\u011funla\u015ft\u0131. \u00d6nce Milli E\u011fitim Bakan\u0131 Yusuf Tekin, ge\u00e7mi\u015fin yalanlar\u0131 ve \u00e7arp\u0131tmalar\u0131yla laikli\u011fe, yani T\u00fcrkiye Cumhuriyeti\u2019nin temeli laik Cumhuriyete sald\u0131rd\u0131. Ard\u0131ndan da Kara Harp Okulu 2024 y\u0131l\u0131 mezuniyet t\u00f6reninde &#8216;Mustafa Kemal&#8217;in Askerleriyiz&#8217; diyen te\u011fmenler hakk\u0131nda soru\u015fturma a\u00e7\u0131ld\u0131. Bu zihniyetin uzant\u0131lar\u0131n\u0131n, Laik T\u00fcrkiye Cumhuriyetinin kurucusu Mustafa Kemal Atat\u00fcrk\u2019e, Cumhuriyete ve laikli\u011fe kar\u015f\u0131 nefretlerini biliyoruz. Onlar \u201cke\u015fke Yunan galip gelseydi\u201d diyen fesli kadirin talebeleri. Bu zihniyetin temsilcileri, kimin dizinin dibinde oturursa otursun, hangi tarikat\u0131n m\u00fcridi olurlarsa olsun; bu onlara sa\u00e7malama, abuk sabuk konu\u015fma hakk\u0131 vermez\u201d dedi.\u00a0 OKULLARDA TEM\u0130ZL\u0130K PERSONEL\u0130 ALIMINA GEL\u0130NCE TASARRUFA G\u0130D\u0130YOR Belediye \u0130\u015f Sendikas\u0131 Antalya \u015eube Ba\u015fkan\u0131 Mehmet Mercan, Milli E\u011fitim Bakan\u0131 Yusuf Tekin\u2019in laiklik ile ilgili s\u00f6zleri kar\u015f\u0131s\u0131nda; \u201cBu s\u00f6zler ister iktidar\u0131n g\u00fcndem de\u011fi\u015ftirme, ister toplumu ayr\u0131\u015ft\u0131rma \u00e7abas\u0131, isterse de a\u00e7l\u0131\u011f\u0131 yoksullu\u011fu i\u015fsizli\u011fi gizleme \u00e7abalar\u0131n\u0131n bir \u00fcr\u00fcn\u00fc &hellip;\" \/>\n<meta property=\"og:url\" content=\"https:\/\/denizcankizil.tr\/uk\/haberler\/gundem\/belediye-is-sendikasi-antalya-sube-baskani-mercandan-sert-tepki\/\" \/>\n<meta property=\"og:site_name\" content=\"Av. Deniz Can K\u0131z\u0131l\" \/>\n<meta property=\"article:published_time\" content=\"2024-11-20T09:41:58+00:00\" \/>\n<meta name=\"twitter:card\" content=\"summary_large_image\" \/>\n<meta name=\"twitter:label1\" content=\"\u041f\u0440\u0438\u0431\u043b. \u0447\u0430\u0441 \u0447\u0438\u0442\u0430\u043d\u043d\u044f\" \/>\n\t<meta name=\"twitter:data1\" content=\"5 \u0445\u0432\u0438\u043b\u0438\u043d\" \/>\n<script type=\"application\/ld+json\" class=\"yoast-schema-graph\">{\"@context\":\"https:\/\/schema.org\",\"@graph\":[{\"@type\":\"Article\",\"@id\":\"https:\/\/denizcankizil.tr\/ru\/haberler\/gundem\/belediye-is-sendikasi-antalya-sube-baskani-mercandan-sert-tepki\/#article\",\"isPartOf\":{\"@id\":\"https:\/\/denizcankizil.tr\/ru\/haberler\/gundem\/belediye-is-sendikasi-antalya-sube-baskani-mercandan-sert-tepki\/\"},\"author\":{\"name\":\"\",\"@id\":\"\"},\"headline\":\"Belediye-\u0130\u015f Sendikas\u0131 Antalya \u015eube Ba\u015fkan\u0131 Mercan\u2019dan sert tepki!\",\"datePublished\":\"2024-11-20T09:41:58+00:00\",\"mainEntityOfPage\":{\"@id\":\"https:\/\/denizcankizil.tr\/ru\/haberler\/gundem\/belediye-is-sendikasi-antalya-sube-baskani-mercandan-sert-tepki\/\"},\"wordCount\":974,\"commentCount\":0,\"publisher\":{\"@id\":\"https:\/\/denizcankizil.tr\/de\/#organization\"},\"articleSection\":[\"G\u00fcndem\",\"Uncategorized\"],\"inLanguage\":\"uk\",\"potentialAction\":[{\"@type\":\"CommentAction\",\"name\":\"Comment\",\"target\":[\"https:\/\/denizcankizil.tr\/ru\/haberler\/gundem\/belediye-is-sendikasi-antalya-sube-baskani-mercandan-sert-tepki\/#respond\"]}]},{\"@type\":\"WebPage\",\"@id\":\"https:\/\/denizcankizil.tr\/ru\/haberler\/gundem\/belediye-is-sendikasi-antalya-sube-baskani-mercandan-sert-tepki\/\",\"url\":\"https:\/\/denizcankizil.tr\/ru\/haberler\/gundem\/belediye-is-sendikasi-antalya-sube-baskani-mercandan-sert-tepki\/\",\"name\":\"Belediye-\u0130\u015f Sendikas\u0131 Antalya \u015eube Ba\u015fkan\u0131 Mercan\u2019dan sert tepki! - Av. Deniz Can K\u0131z\u0131l\",\"isPartOf\":{\"@id\":\"https:\/\/denizcankizil.tr\/de\/#website\"},\"datePublished\":\"2024-11-20T09:41:58+00:00\",\"breadcrumb\":{\"@id\":\"https:\/\/denizcankizil.tr\/ru\/haberler\/gundem\/belediye-is-sendikasi-antalya-sube-baskani-mercandan-sert-tepki\/#breadcrumb\"},\"inLanguage\":\"uk\",\"potentialAction\":[{\"@type\":\"ReadAction\",\"target\":[\"https:\/\/denizcankizil.tr\/ru\/haberler\/gundem\/belediye-is-sendikasi-antalya-sube-baskani-mercandan-sert-tepki\/\"]}]},{\"@type\":\"BreadcrumbList\",\"@id\":\"https:\/\/denizcankizil.tr\/ru\/haberler\/gundem\/belediye-is-sendikasi-antalya-sube-baskani-mercandan-sert-tepki\/#breadcrumb\",\"itemListElement\":[{\"@type\":\"ListItem\",\"position\":1,\"name\":\"Home\",\"item\":\"https:\/\/denizcankizil.tr\/de\/\"},{\"@type\":\"ListItem\",\"position\":2,\"name\":\"Belediye-\u0130\u015f Sendikas\u0131 Antalya \u015eube Ba\u015fkan\u0131 Mercan\u2019dan sert tepki!\"}]},{\"@type\":\"WebSite\",\"@id\":\"https:\/\/denizcankizil.tr\/de\/#website\",\"url\":\"https:\/\/denizcankizil.tr\/de\/\",\"name\":\"Av. Deniz Can K\u0131z\u0131l\",\"description\":\"Avukat Deniz Can K\u0131z\u0131l Antalya Barosu\",\"publisher\":{\"@id\":\"https:\/\/denizcankizil.tr\/de\/#organization\"},\"potentialAction\":[{\"@type\":\"SearchAction\",\"target\":{\"@type\":\"EntryPoint\",\"urlTemplate\":\"https:\/\/denizcankizil.tr\/de\/?s={search_term_string}\"},\"query-input\":{\"@type\":\"PropertyValueSpecification\",\"valueRequired\":true,\"valueName\":\"search_term_string\"}}],\"inLanguage\":\"uk\"},{\"@type\":\"Organization\",\"@id\":\"https:\/\/denizcankizil.tr\/de\/#organization\",\"name\":\"Av. Deniz Can K\u0131z\u0131l\",\"url\":\"https:\/\/denizcankizil.tr\/de\/\",\"logo\":{\"@type\":\"ImageObject\",\"inLanguage\":\"uk\",\"@id\":\"https:\/\/denizcankizil.tr\/de\/#\/schema\/logo\/image\/\",\"url\":\"https:\/\/denizcankizil.tr\/wp-content\/uploads\/2024\/10\/siyah-logo-svg.svg\",\"contentUrl\":\"https:\/\/denizcankizil.tr\/wp-content\/uploads\/2024\/10\/siyah-logo-svg.svg\",\"width\":1080,\"height\":1080,\"caption\":\"Av. Deniz Can K\u0131z\u0131l\"},\"image\":{\"@id\":\"https:\/\/denizcankizil.tr\/de\/#\/schema\/logo\/image\/\"}}]}<\/script>\n<!-- \/ Yoast SEO Premium plugin. -->","yoast_head_json":{"title":"Belediye-\u0130\u015f Sendikas\u0131 Antalya \u015eube Ba\u015fkan\u0131 Mercan\u2019dan sert tepki! - Av. Deniz Can K\u0131z\u0131l","robots":{"index":"index","follow":"follow","max-snippet":"max-snippet:-1","max-image-preview":"max-image-preview:large","max-video-preview":"max-video-preview:-1"},"canonical":"https:\/\/denizcankizil.tr\/uk\/haberler\/gundem\/belediye-is-sendikasi-antalya-sube-baskani-mercandan-sert-tepki\/","og_locale":"uk_UA","og_type":"article","og_title":"Belediye-\u0130\u015f Sendikas\u0131 Antalya \u015eube Ba\u015fkan\u0131 Mercan\u2019dan sert tepki!","og_description":"Belediye \u0130\u015f Sendikas\u0131 Antalya \u015eube Ba\u015fkan\u0131 Mehmet Mercan\u2019\u0131n, bas\u0131n a\u00e7\u0131klamas\u0131nda Atat\u00fcrk ve Laiklik ilkesine de\u011finerek h\u00fck\u00fcmeti ve Milli E\u011fitim Bakan\u0131 Yusuf Tekin\u2019in a\u00e7\u0131klamalar\u0131n\u0131 ele\u015ftirdi. Belediye \u0130\u015f Sendikas\u0131 Antalya \u015eube Ba\u015fkan\u0131 Mehmet Mercan, a\u00e7\u0131klamas\u0131nda Laiklik ve Atat\u00fcrk\u2019e y\u00f6nelik sald\u0131r\u0131lar, \u00a0e\u011fitim sistemindeki sorunlar, 15 Temmuz Darbesi ve \u00e7eli\u015fkilerine de\u011finildi. M\u0130LL\u0130 E\u011e\u0130T\u0130M BAKANI YUSUF TEK\u0130N\u2019E CEVAP VERD\u0130 Belediye \u0130\u015f Sendikas\u0131 Antalya \u015eube Ba\u015fkan\u0131 Mehmet Mercan; \u201cSon g\u00fcnlerde laik T\u00fcrkiye Cumhuriyetine ve kurucusu Mustafa Kemal Atat\u00fcrk\u2019e sald\u0131r\u0131lar yo\u011funla\u015ft\u0131. \u00d6nce Milli E\u011fitim Bakan\u0131 Yusuf Tekin, ge\u00e7mi\u015fin yalanlar\u0131 ve \u00e7arp\u0131tmalar\u0131yla laikli\u011fe, yani T\u00fcrkiye Cumhuriyeti\u2019nin temeli laik Cumhuriyete sald\u0131rd\u0131. Ard\u0131ndan da Kara Harp Okulu 2024 y\u0131l\u0131 mezuniyet t\u00f6reninde &#8216;Mustafa Kemal&#8217;in Askerleriyiz&#8217; diyen te\u011fmenler hakk\u0131nda soru\u015fturma a\u00e7\u0131ld\u0131. Bu zihniyetin uzant\u0131lar\u0131n\u0131n, Laik T\u00fcrkiye Cumhuriyetinin kurucusu Mustafa Kemal Atat\u00fcrk\u2019e, Cumhuriyete ve laikli\u011fe kar\u015f\u0131 nefretlerini biliyoruz. Onlar \u201cke\u015fke Yunan galip gelseydi\u201d diyen fesli kadirin talebeleri. Bu zihniyetin temsilcileri, kimin dizinin dibinde oturursa otursun, hangi tarikat\u0131n m\u00fcridi olurlarsa olsun; bu onlara sa\u00e7malama, abuk sabuk konu\u015fma hakk\u0131 vermez\u201d dedi.\u00a0 OKULLARDA TEM\u0130ZL\u0130K PERSONEL\u0130 ALIMINA GEL\u0130NCE TASARRUFA G\u0130D\u0130YOR Belediye \u0130\u015f Sendikas\u0131 Antalya \u015eube Ba\u015fkan\u0131 Mehmet Mercan, Milli E\u011fitim Bakan\u0131 Yusuf Tekin\u2019in laiklik ile ilgili s\u00f6zleri kar\u015f\u0131s\u0131nda; \u201cBu s\u00f6zler ister iktidar\u0131n g\u00fcndem de\u011fi\u015ftirme, ister toplumu ayr\u0131\u015ft\u0131rma \u00e7abas\u0131, isterse de a\u00e7l\u0131\u011f\u0131 yoksullu\u011fu i\u015fsizli\u011fi gizleme \u00e7abalar\u0131n\u0131n bir \u00fcr\u00fcn\u00fc &hellip;","og_url":"https:\/\/denizcankizil.tr\/uk\/haberler\/gundem\/belediye-is-sendikasi-antalya-sube-baskani-mercandan-sert-tepki\/","og_site_name":"Av. Deniz Can K\u0131z\u0131l","article_published_time":"2024-11-20T09:41:58+00:00","twitter_card":"summary_large_image","twitter_misc":{"\u041f\u0440\u0438\u0431\u043b. \u0447\u0430\u0441 \u0447\u0438\u0442\u0430\u043d\u043d\u044f":"5 \u0445\u0432\u0438\u043b\u0438\u043d"},"schema":{"@context":"https:\/\/schema.org","@graph":[{"@type":"Article","@id":"https:\/\/denizcankizil.tr\/ru\/haberler\/gundem\/belediye-is-sendikasi-antalya-sube-baskani-mercandan-sert-tepki\/#article","isPartOf":{"@id":"https:\/\/denizcankizil.tr\/ru\/haberler\/gundem\/belediye-is-sendikasi-antalya-sube-baskani-mercandan-sert-tepki\/"},"author":{"name":"","@id":""},"headline":"Belediye-\u0130\u015f Sendikas\u0131 Antalya \u015eube Ba\u015fkan\u0131 Mercan\u2019dan sert tepki!","datePublished":"2024-11-20T09:41:58+00:00","mainEntityOfPage":{"@id":"https:\/\/denizcankizil.tr\/ru\/haberler\/gundem\/belediye-is-sendikasi-antalya-sube-baskani-mercandan-sert-tepki\/"},"wordCount":974,"commentCount":0,"publisher":{"@id":"https:\/\/denizcankizil.tr\/de\/#organization"},"articleSection":["G\u00fcndem","Uncategorized"],"inLanguage":"uk","potentialAction":[{"@type":"CommentAction","name":"Comment","target":["https:\/\/denizcankizil.tr\/ru\/haberler\/gundem\/belediye-is-sendikasi-antalya-sube-baskani-mercandan-sert-tepki\/#respond"]}]},{"@type":"WebPage","@id":"https:\/\/denizcankizil.tr\/ru\/haberler\/gundem\/belediye-is-sendikasi-antalya-sube-baskani-mercandan-sert-tepki\/","url":"https:\/\/denizcankizil.tr\/ru\/haberler\/gundem\/belediye-is-sendikasi-antalya-sube-baskani-mercandan-sert-tepki\/","name":"Belediye-\u0130\u015f Sendikas\u0131 Antalya \u015eube Ba\u015fkan\u0131 Mercan\u2019dan sert tepki! - Av. Deniz Can K\u0131z\u0131l","isPartOf":{"@id":"https:\/\/denizcankizil.tr\/de\/#website"},"datePublished":"2024-11-20T09:41:58+00:00","breadcrumb":{"@id":"https:\/\/denizcankizil.tr\/ru\/haberler\/gundem\/belediye-is-sendikasi-antalya-sube-baskani-mercandan-sert-tepki\/#breadcrumb"},"inLanguage":"uk","potentialAction":[{"@type":"ReadAction","target":["https:\/\/denizcankizil.tr\/ru\/haberler\/gundem\/belediye-is-sendikasi-antalya-sube-baskani-mercandan-sert-tepki\/"]}]},{"@type":"BreadcrumbList","@id":"https:\/\/denizcankizil.tr\/ru\/haberler\/gundem\/belediye-is-sendikasi-antalya-sube-baskani-mercandan-sert-tepki\/#breadcrumb","itemListElement":[{"@type":"ListItem","position":1,"name":"Home","item":"https:\/\/denizcankizil.tr\/de\/"},{"@type":"ListItem","position":2,"name":"Belediye-\u0130\u015f Sendikas\u0131 Antalya \u015eube Ba\u015fkan\u0131 Mercan\u2019dan sert tepki!"}]},{"@type":"WebSite","@id":"https:\/\/denizcankizil.tr\/de\/#website","url":"https:\/\/denizcankizil.tr\/de\/","name":"Av. Deniz Can K\u0131z\u0131l","description":"Avukat Deniz Can K\u0131z\u0131l Antalya Barosu","publisher":{"@id":"https:\/\/denizcankizil.tr\/de\/#organization"},"potentialAction":[{"@type":"SearchAction","target":{"@type":"EntryPoint","urlTemplate":"https:\/\/denizcankizil.tr\/de\/?s={search_term_string}"},"query-input":{"@type":"PropertyValueSpecification","valueRequired":true,"valueName":"search_term_string"}}],"inLanguage":"uk"},{"@type":"Organization","@id":"https:\/\/denizcankizil.tr\/de\/#organization","name":"Av. Deniz Can K\u0131z\u0131l","url":"https:\/\/denizcankizil.tr\/de\/","logo":{"@type":"ImageObject","inLanguage":"uk","@id":"https:\/\/denizcankizil.tr\/de\/#\/schema\/logo\/image\/","url":"https:\/\/denizcankizil.tr\/wp-content\/uploads\/2024\/10\/siyah-logo-svg.svg","contentUrl":"https:\/\/denizcankizil.tr\/wp-content\/uploads\/2024\/10\/siyah-logo-svg.svg","width":1080,"height":1080,"caption":"Av. Deniz Can K\u0131z\u0131l"},"image":{"@id":"https:\/\/denizcankizil.tr\/de\/#\/schema\/logo\/image\/"}}]}},"_links":{"self":[{"href":"https:\/\/denizcankizil.tr\/uk\/wp-json\/wp\/v2\/posts\/16656","targetHints":{"allow":["GET"]}}],"collection":[{"href":"https:\/\/denizcankizil.tr\/uk\/wp-json\/wp\/v2\/posts"}],"about":[{"href":"https:\/\/denizcankizil.tr\/uk\/wp-json\/wp\/v2\/types\/post"}],"replies":[{"embeddable":true,"href":"https:\/\/denizcankizil.tr\/uk\/wp-json\/wp\/v2\/comments?post=16656"}],"version-history":[{"count":0,"href":"https:\/\/denizcankizil.tr\/uk\/wp-json\/wp\/v2\/posts\/16656\/revisions"}],"wp:attachment":[{"href":"https:\/\/denizcankizil.tr\/uk\/wp-json\/wp\/v2\/media?parent=16656"}],"wp:term":[{"taxonomy":"category","embeddable":true,"href":"https:\/\/denizcankizil.tr\/uk\/wp-json\/wp\/v2\/categories?post=16656"},{"taxonomy":"post_tag","embeddable":true,"href":"https:\/\/denizcankizil.tr\/uk\/wp-json\/wp\/v2\/tags?post=16656"}],"curies":[{"name":"wp","href":"https:\/\/api.w.org\/{rel}","templated":true}]}}