{"id":16601,"date":"2024-11-20T00:41:14","date_gmt":"2024-11-19T21:41:14","guid":{"rendered":"https:\/\/denizcankizil.tr\/uncategorized-tr\/korkuteli-belediye-baskani-caran-anitkabirde\/"},"modified":"2024-11-20T00:41:14","modified_gmt":"2024-11-19T21:41:14","slug":"korkuteli-belediye-baskani-caran-anitkabirde","status":"publish","type":"post","link":"https:\/\/denizcankizil.tr\/uk\/haberler\/gundem\/korkuteli-belediye-baskani-caran-anitkabirde\/","title":{"rendered":"Korkuteli Belediye Ba\u015fkan\u0131 Caran, An\u0131tkabir&#8217;de&#8230;"},"content":{"rendered":"<p>Cumhuriyet Halk Partisi (CHP) Antalya \u0130l Ba\u015fkan\u0131 Nail Kamac\u0131, t\u00fcm il\u00e7e belediye ba\u015fkanlar\u0131yla birlikte An\u0131tkabir\u2019i ziyaret etti. Heyette bulunan Korkuteli Belediye Ba\u015fkan\u0131 Saniye Caran, ziyaretin ard\u0131ndan yapt\u0131\u011f\u0131 a\u00e7\u0131klamada, &#8220;Atat\u00fcrk\u2019\u00fcn g\u00f6sterdi\u011fi yolda, \u00e7a\u011fda\u015f ve laik T\u00fcrkiye i\u00e7in hep beraber \u00e7al\u0131\u015fmaya devam edece\u011fiz&#8221; dedi.\u00a0<\/p>\n<p>GENEL BA\u015eKAN \u00d6ZEL \u0130LE BULU\u015eTULAR<\/p>\n<p>\u0130lk olarak T\u00fcrkiye Cumhuriyeti devleti kurucusu Ulu \u00d6nder Mustafa Kemal Atat\u00fcrk\u2019\u00fcn ebedi istirahatgah\u0131 An\u0131tkabir\u2019i ziyaret eden CHP Antalya \u00d6rg\u00fct\u00fc, Ata\u2019ya sayg\u0131 duru\u015funda bulundu. An\u0131tkabir ziyaretinin ard\u0131ndan CHP\u2019nin Grup Toplant\u0131s\u0131\u2019na kat\u0131lan Antalya \u00d6rg\u00fct\u00fc, Genel Ba\u015fkan \u00d6zg\u00fcr \u00d6zel ile bir araya geldi.\u00a0<\/p>\n<p>\u201cHEP BERABER \u00c7ALI\u015eMAYA DEVAM EDECE\u011e\u0130Z\u201d<\/p>\n<p>Korkuteli Belediye Ba\u015fkan\u0131 Saniye Caran, ziyarete ili\u015fkin yapt\u0131\u011f\u0131 a\u00e7\u0131klamada, \u201cCumhuriyetimizin kurucusu Gazi Mustafa Kemal Atat\u00fcrk\u2019\u00fc ebedi istirahatgah\u0131nda; Cumhuriyet Halk Partisi Antalya \u0130l Ba\u015fkan\u0131m\u0131z Nail Kamac\u0131, Antalya Milletvekilimiz Aliye Co\u015far, Antalya \u0130l Kad\u0131n Kollar\u0131 Ba\u015fkan\u0131m\u0131z Necla \u0130nci Bayrak, \u0130l Gen\u00e7lik Kollar\u0131 Ba\u015fkan\u0131m\u0131z Onur Kayar, \u0130l\u00e7e Ba\u015fkan\u0131m\u0131z \u0130smail Karadeli, \u0130l\u00e7e Gen\u00e7lik Kollar\u0131 Ba\u015fkan\u0131m\u0131z Necati Gavaz ve il\u00e7e belediye ba\u015fkanlar\u0131m\u0131z ile birlikte ziyaret ettik. T\u00fcrkiye B\u00fcy\u00fck Millet Meclisi&#8217;nde Cumhuriyet Halk Partisi Grup Toplant\u0131s\u0131\u2019na kat\u0131ld\u0131k. Atat\u00fcrk\u2019\u00fcn g\u00f6sterdi\u011fi yolda, \u00e7a\u011fda\u015f ve laik T\u00fcrkiye i\u00e7in hep beraber \u00e7al\u0131\u015fmaya devam edece\u011fiz\u201d diye konu\u015ftu.\u00a0<\/p>\n<p>\u00a0<br \/>\n\u00a0<\/p>\n<p>\u200bKorkuteli Belediye Ba\u015fkan\u0131 Saniye Caran, An\u0131tkabir ziyaretinde yapt\u0131\u011f\u0131 a\u00e7\u0131klamada, \u201cAtat\u00fcrk\u2019\u00fcn g\u00f6sterdi\u011fi yolda, \u00e7a\u011fda\u015f ve laik T\u00fcrkiye i\u00e7in hep beraber \u00e7al\u0131\u015fmaya devam edece\u011fiz\u201d dedi\u00a0<\/p>\n<p>\u200bHaberin Al\u0131nt\u0131land\u0131\u011f\u0131 Kaynak: www.antalyakorfez.com<\/p>","protected":false},"excerpt":{"rendered":"<p>Cumhuriyet Halk Partisi (CHP) Antalya \u0130l Ba\u015fkan\u0131 Nail Kamac\u0131, t\u00fcm il\u00e7e belediye ba\u015fkanlar\u0131yla birlikte An\u0131tkabir\u2019i ziyaret etti. Heyette bulunan Korkuteli Belediye Ba\u015fkan\u0131 Saniye Caran, ziyaretin ard\u0131ndan yapt\u0131\u011f\u0131 a\u00e7\u0131klamada, &#8220;Atat\u00fcrk\u2019\u00fcn g\u00f6sterdi\u011fi yolda, \u00e7a\u011fda\u015f ve laik T\u00fcrkiye i\u00e7in hep beraber \u00e7al\u0131\u015fmaya devam edece\u011fiz&#8221; dedi.\u00a0 GENEL BA\u015eKAN \u00d6ZEL \u0130LE BULU\u015eTULAR \u0130lk olarak T\u00fcrkiye Cumhuriyeti devleti kurucusu Ulu \u00d6nder Mustafa Kemal Atat\u00fcrk\u2019\u00fcn ebedi istirahatgah\u0131 An\u0131tkabir\u2019i ziyaret eden CHP Antalya \u00d6rg\u00fct\u00fc, Ata\u2019ya sayg\u0131 duru\u015funda bulundu. An\u0131tkabir ziyaretinin ard\u0131ndan CHP\u2019nin Grup Toplant\u0131s\u0131\u2019na kat\u0131lan Antalya \u00d6rg\u00fct\u00fc, Genel Ba\u015fkan \u00d6zg\u00fcr \u00d6zel ile bir araya geldi.\u00a0 \u201cHEP BERABER \u00c7ALI\u015eMAYA DEVAM EDECE\u011e\u0130Z\u201d Korkuteli Belediye Ba\u015fkan\u0131 Saniye Caran, ziyarete ili\u015fkin yapt\u0131\u011f\u0131 a\u00e7\u0131klamada, \u201cCumhuriyetimizin kurucusu Gazi Mustafa Kemal Atat\u00fcrk\u2019\u00fc ebedi istirahatgah\u0131nda; Cumhuriyet Halk Partisi Antalya \u0130l Ba\u015fkan\u0131m\u0131z Nail Kamac\u0131, Antalya Milletvekilimiz Aliye Co\u015far, Antalya \u0130l Kad\u0131n Kollar\u0131 Ba\u015fkan\u0131m\u0131z Necla \u0130nci Bayrak, \u0130l Gen\u00e7lik Kollar\u0131 Ba\u015fkan\u0131m\u0131z Onur Kayar, \u0130l\u00e7e Ba\u015fkan\u0131m\u0131z \u0130smail Karadeli, \u0130l\u00e7e Gen\u00e7lik Kollar\u0131 Ba\u015fkan\u0131m\u0131z Necati Gavaz ve il\u00e7e belediye ba\u015fkanlar\u0131m\u0131z ile birlikte ziyaret ettik. T\u00fcrkiye B\u00fcy\u00fck Millet Meclisi&#8217;nde Cumhuriyet Halk Partisi Grup Toplant\u0131s\u0131\u2019na kat\u0131ld\u0131k. Atat\u00fcrk\u2019\u00fcn g\u00f6sterdi\u011fi yolda, \u00e7a\u011fda\u015f ve laik T\u00fcrkiye i\u00e7in hep beraber \u00e7al\u0131\u015fmaya devam edece\u011fiz\u201d diye konu\u015ftu.\u00a0 \u00a0 \u00a0 \u200bKorkuteli Belediye Ba\u015fkan\u0131 Saniye Caran, An\u0131tkabir ziyaretinde yapt\u0131\u011f\u0131 a\u00e7\u0131klamada, \u201cAtat\u00fcrk\u2019\u00fcn g\u00f6sterdi\u011fi yolda, \u00e7a\u011fda\u015f ve laik T\u00fcrkiye i\u00e7in hep beraber \u00e7al\u0131\u015fmaya &hellip;<\/p>","protected":false},"author":0,"featured_media":0,"comment_status":"open","ping_status":"open","sticky":false,"template":"","format":"standard","meta":{"_acf_changed":false,"footnotes":""},"categories":[24,535],"tags":[],"class_list":["post-16601","post","type-post","status-publish","format-standard","has-post-thumbnail","hentry","category-gundem","category-uncategorized-tr"],"acf":[],"yoast_head":"<!-- This site is optimized with the Yoast SEO Premium plugin v26.6 (Yoast SEO v27.1.1) - https:\/\/yoast.com\/product\/yoast-seo-premium-wordpress\/ -->\n<title>Korkuteli Belediye Ba\u015fkan\u0131 Caran, An\u0131tkabir&#039;de... - Av. Deniz Can K\u0131z\u0131l<\/title>\n<meta name=\"robots\" content=\"index, follow, max-snippet:-1, max-image-preview:large, max-video-preview:-1\" \/>\n<link rel=\"canonical\" href=\"https:\/\/denizcankizil.tr\/uk\/haberler\/gundem\/korkuteli-belediye-baskani-caran-anitkabirde\/\" \/>\n<meta property=\"og:locale\" content=\"uk_UA\" \/>\n<meta property=\"og:type\" content=\"article\" \/>\n<meta property=\"og:title\" content=\"Korkuteli Belediye Ba\u015fkan\u0131 Caran, An\u0131tkabir&#039;de...\" \/>\n<meta property=\"og:description\" content=\"Cumhuriyet Halk Partisi (CHP) Antalya \u0130l Ba\u015fkan\u0131 Nail Kamac\u0131, t\u00fcm il\u00e7e belediye ba\u015fkanlar\u0131yla birlikte An\u0131tkabir\u2019i ziyaret etti. Heyette bulunan Korkuteli Belediye Ba\u015fkan\u0131 Saniye Caran, ziyaretin ard\u0131ndan yapt\u0131\u011f\u0131 a\u00e7\u0131klamada, &#8220;Atat\u00fcrk\u2019\u00fcn g\u00f6sterdi\u011fi yolda, \u00e7a\u011fda\u015f ve laik T\u00fcrkiye i\u00e7in hep beraber \u00e7al\u0131\u015fmaya devam edece\u011fiz&#8221; dedi.\u00a0 GENEL BA\u015eKAN \u00d6ZEL \u0130LE BULU\u015eTULAR \u0130lk olarak T\u00fcrkiye Cumhuriyeti devleti kurucusu Ulu \u00d6nder Mustafa Kemal Atat\u00fcrk\u2019\u00fcn ebedi istirahatgah\u0131 An\u0131tkabir\u2019i ziyaret eden CHP Antalya \u00d6rg\u00fct\u00fc, Ata\u2019ya sayg\u0131 duru\u015funda bulundu. An\u0131tkabir ziyaretinin ard\u0131ndan CHP\u2019nin Grup Toplant\u0131s\u0131\u2019na kat\u0131lan Antalya \u00d6rg\u00fct\u00fc, Genel Ba\u015fkan \u00d6zg\u00fcr \u00d6zel ile bir araya geldi.\u00a0 \u201cHEP BERABER \u00c7ALI\u015eMAYA DEVAM EDECE\u011e\u0130Z\u201d Korkuteli Belediye Ba\u015fkan\u0131 Saniye Caran, ziyarete ili\u015fkin yapt\u0131\u011f\u0131 a\u00e7\u0131klamada, \u201cCumhuriyetimizin kurucusu Gazi Mustafa Kemal Atat\u00fcrk\u2019\u00fc ebedi istirahatgah\u0131nda; Cumhuriyet Halk Partisi Antalya \u0130l Ba\u015fkan\u0131m\u0131z Nail Kamac\u0131, Antalya Milletvekilimiz Aliye Co\u015far, Antalya \u0130l Kad\u0131n Kollar\u0131 Ba\u015fkan\u0131m\u0131z Necla \u0130nci Bayrak, \u0130l Gen\u00e7lik Kollar\u0131 Ba\u015fkan\u0131m\u0131z Onur Kayar, \u0130l\u00e7e Ba\u015fkan\u0131m\u0131z \u0130smail Karadeli, \u0130l\u00e7e Gen\u00e7lik Kollar\u0131 Ba\u015fkan\u0131m\u0131z Necati Gavaz ve il\u00e7e belediye ba\u015fkanlar\u0131m\u0131z ile birlikte ziyaret ettik. T\u00fcrkiye B\u00fcy\u00fck Millet Meclisi&#8217;nde Cumhuriyet Halk Partisi Grup Toplant\u0131s\u0131\u2019na kat\u0131ld\u0131k. Atat\u00fcrk\u2019\u00fcn g\u00f6sterdi\u011fi yolda, \u00e7a\u011fda\u015f ve laik T\u00fcrkiye i\u00e7in hep beraber \u00e7al\u0131\u015fmaya devam edece\u011fiz\u201d diye konu\u015ftu.\u00a0 \u00a0 \u00a0 \u200bKorkuteli Belediye Ba\u015fkan\u0131 Saniye Caran, An\u0131tkabir ziyaretinde yapt\u0131\u011f\u0131 a\u00e7\u0131klamada, \u201cAtat\u00fcrk\u2019\u00fcn g\u00f6sterdi\u011fi yolda, \u00e7a\u011fda\u015f ve laik T\u00fcrkiye i\u00e7in hep beraber \u00e7al\u0131\u015fmaya &hellip;\" \/>\n<meta property=\"og:url\" content=\"https:\/\/denizcankizil.tr\/uk\/haberler\/gundem\/korkuteli-belediye-baskani-caran-anitkabirde\/\" \/>\n<meta property=\"og:site_name\" content=\"Av. Deniz Can K\u0131z\u0131l\" \/>\n<meta property=\"article:published_time\" content=\"2024-11-19T21:41:14+00:00\" \/>\n<meta name=\"twitter:card\" content=\"summary_large_image\" \/>\n<meta name=\"twitter:label1\" content=\"\u041f\u0440\u0438\u0431\u043b. \u0447\u0430\u0441 \u0447\u0438\u0442\u0430\u043d\u043d\u044f\" \/>\n\t<meta name=\"twitter:data1\" content=\"2 \u0445\u0432\u0438\u043b\u0438\u043d\u0438\" \/>\n<script type=\"application\/ld+json\" class=\"yoast-schema-graph\">{\"@context\":\"https:\/\/schema.org\",\"@graph\":[{\"@type\":\"Article\",\"@id\":\"https:\/\/denizcankizil.tr\/uk\/haberler\/gundem\/korkuteli-belediye-baskani-caran-anitkabirde\/#article\",\"isPartOf\":{\"@id\":\"https:\/\/denizcankizil.tr\/uk\/haberler\/gundem\/korkuteli-belediye-baskani-caran-anitkabirde\/\"},\"author\":{\"name\":\"\",\"@id\":\"\"},\"headline\":\"Korkuteli Belediye Ba\u015fkan\u0131 Caran, An\u0131tkabir&#8217;de&#8230;\",\"datePublished\":\"2024-11-19T21:41:14+00:00\",\"mainEntityOfPage\":{\"@id\":\"https:\/\/denizcankizil.tr\/uk\/haberler\/gundem\/korkuteli-belediye-baskani-caran-anitkabirde\/\"},\"wordCount\":317,\"commentCount\":0,\"publisher\":{\"@id\":\"https:\/\/denizcankizil.tr\/de\/#organization\"},\"articleSection\":[\"G\u00fcndem\",\"Uncategorized\"],\"inLanguage\":\"uk\",\"potentialAction\":[{\"@type\":\"CommentAction\",\"name\":\"Comment\",\"target\":[\"https:\/\/denizcankizil.tr\/uk\/haberler\/gundem\/korkuteli-belediye-baskani-caran-anitkabirde\/#respond\"]}]},{\"@type\":\"WebPage\",\"@id\":\"https:\/\/denizcankizil.tr\/uk\/haberler\/gundem\/korkuteli-belediye-baskani-caran-anitkabirde\/\",\"url\":\"https:\/\/denizcankizil.tr\/uk\/haberler\/gundem\/korkuteli-belediye-baskani-caran-anitkabirde\/\",\"name\":\"Korkuteli Belediye Ba\u015fkan\u0131 Caran, An\u0131tkabir'de... - Av. Deniz Can K\u0131z\u0131l\",\"isPartOf\":{\"@id\":\"https:\/\/denizcankizil.tr\/de\/#website\"},\"datePublished\":\"2024-11-19T21:41:14+00:00\",\"breadcrumb\":{\"@id\":\"https:\/\/denizcankizil.tr\/uk\/haberler\/gundem\/korkuteli-belediye-baskani-caran-anitkabirde\/#breadcrumb\"},\"inLanguage\":\"uk\",\"potentialAction\":[{\"@type\":\"ReadAction\",\"target\":[\"https:\/\/denizcankizil.tr\/uk\/haberler\/gundem\/korkuteli-belediye-baskani-caran-anitkabirde\/\"]}]},{\"@type\":\"BreadcrumbList\",\"@id\":\"https:\/\/denizcankizil.tr\/uk\/haberler\/gundem\/korkuteli-belediye-baskani-caran-anitkabirde\/#breadcrumb\",\"itemListElement\":[{\"@type\":\"ListItem\",\"position\":1,\"name\":\"Home\",\"item\":\"https:\/\/denizcankizil.tr\/de\/\"},{\"@type\":\"ListItem\",\"position\":2,\"name\":\"Korkuteli Belediye Ba\u015fkan\u0131 Caran, An\u0131tkabir&#8217;de&#8230;\"}]},{\"@type\":\"WebSite\",\"@id\":\"https:\/\/denizcankizil.tr\/de\/#website\",\"url\":\"https:\/\/denizcankizil.tr\/de\/\",\"name\":\"Av. Deniz Can K\u0131z\u0131l\",\"description\":\"Avukat Deniz Can K\u0131z\u0131l Antalya Barosu\",\"publisher\":{\"@id\":\"https:\/\/denizcankizil.tr\/de\/#organization\"},\"potentialAction\":[{\"@type\":\"SearchAction\",\"target\":{\"@type\":\"EntryPoint\",\"urlTemplate\":\"https:\/\/denizcankizil.tr\/de\/?s={search_term_string}\"},\"query-input\":{\"@type\":\"PropertyValueSpecification\",\"valueRequired\":true,\"valueName\":\"search_term_string\"}}],\"inLanguage\":\"uk\"},{\"@type\":\"Organization\",\"@id\":\"https:\/\/denizcankizil.tr\/de\/#organization\",\"name\":\"Av. Deniz Can K\u0131z\u0131l\",\"url\":\"https:\/\/denizcankizil.tr\/de\/\",\"logo\":{\"@type\":\"ImageObject\",\"inLanguage\":\"uk\",\"@id\":\"https:\/\/denizcankizil.tr\/de\/#\/schema\/logo\/image\/\",\"url\":\"https:\/\/denizcankizil.tr\/wp-content\/uploads\/2024\/10\/siyah-logo-svg.svg\",\"contentUrl\":\"https:\/\/denizcankizil.tr\/wp-content\/uploads\/2024\/10\/siyah-logo-svg.svg\",\"width\":1080,\"height\":1080,\"caption\":\"Av. Deniz Can K\u0131z\u0131l\"},\"image\":{\"@id\":\"https:\/\/denizcankizil.tr\/de\/#\/schema\/logo\/image\/\"}}]}<\/script>\n<!-- \/ Yoast SEO Premium plugin. -->","yoast_head_json":{"title":"Korkuteli Belediye Ba\u015fkan\u0131 Caran, An\u0131tkabir'de... - Av. Deniz Can K\u0131z\u0131l","robots":{"index":"index","follow":"follow","max-snippet":"max-snippet:-1","max-image-preview":"max-image-preview:large","max-video-preview":"max-video-preview:-1"},"canonical":"https:\/\/denizcankizil.tr\/uk\/haberler\/gundem\/korkuteli-belediye-baskani-caran-anitkabirde\/","og_locale":"uk_UA","og_type":"article","og_title":"Korkuteli Belediye Ba\u015fkan\u0131 Caran, An\u0131tkabir'de...","og_description":"Cumhuriyet Halk Partisi (CHP) Antalya \u0130l Ba\u015fkan\u0131 Nail Kamac\u0131, t\u00fcm il\u00e7e belediye ba\u015fkanlar\u0131yla birlikte An\u0131tkabir\u2019i ziyaret etti. Heyette bulunan Korkuteli Belediye Ba\u015fkan\u0131 Saniye Caran, ziyaretin ard\u0131ndan yapt\u0131\u011f\u0131 a\u00e7\u0131klamada, &#8220;Atat\u00fcrk\u2019\u00fcn g\u00f6sterdi\u011fi yolda, \u00e7a\u011fda\u015f ve laik T\u00fcrkiye i\u00e7in hep beraber \u00e7al\u0131\u015fmaya devam edece\u011fiz&#8221; dedi.\u00a0 GENEL BA\u015eKAN \u00d6ZEL \u0130LE BULU\u015eTULAR \u0130lk olarak T\u00fcrkiye Cumhuriyeti devleti kurucusu Ulu \u00d6nder Mustafa Kemal Atat\u00fcrk\u2019\u00fcn ebedi istirahatgah\u0131 An\u0131tkabir\u2019i ziyaret eden CHP Antalya \u00d6rg\u00fct\u00fc, Ata\u2019ya sayg\u0131 duru\u015funda bulundu. An\u0131tkabir ziyaretinin ard\u0131ndan CHP\u2019nin Grup Toplant\u0131s\u0131\u2019na kat\u0131lan Antalya \u00d6rg\u00fct\u00fc, Genel Ba\u015fkan \u00d6zg\u00fcr \u00d6zel ile bir araya geldi.\u00a0 \u201cHEP BERABER \u00c7ALI\u015eMAYA DEVAM EDECE\u011e\u0130Z\u201d Korkuteli Belediye Ba\u015fkan\u0131 Saniye Caran, ziyarete ili\u015fkin yapt\u0131\u011f\u0131 a\u00e7\u0131klamada, \u201cCumhuriyetimizin kurucusu Gazi Mustafa Kemal Atat\u00fcrk\u2019\u00fc ebedi istirahatgah\u0131nda; Cumhuriyet Halk Partisi Antalya \u0130l Ba\u015fkan\u0131m\u0131z Nail Kamac\u0131, Antalya Milletvekilimiz Aliye Co\u015far, Antalya \u0130l Kad\u0131n Kollar\u0131 Ba\u015fkan\u0131m\u0131z Necla \u0130nci Bayrak, \u0130l Gen\u00e7lik Kollar\u0131 Ba\u015fkan\u0131m\u0131z Onur Kayar, \u0130l\u00e7e Ba\u015fkan\u0131m\u0131z \u0130smail Karadeli, \u0130l\u00e7e Gen\u00e7lik Kollar\u0131 Ba\u015fkan\u0131m\u0131z Necati Gavaz ve il\u00e7e belediye ba\u015fkanlar\u0131m\u0131z ile birlikte ziyaret ettik. T\u00fcrkiye B\u00fcy\u00fck Millet Meclisi&#8217;nde Cumhuriyet Halk Partisi Grup Toplant\u0131s\u0131\u2019na kat\u0131ld\u0131k. Atat\u00fcrk\u2019\u00fcn g\u00f6sterdi\u011fi yolda, \u00e7a\u011fda\u015f ve laik T\u00fcrkiye i\u00e7in hep beraber \u00e7al\u0131\u015fmaya devam edece\u011fiz\u201d diye konu\u015ftu.\u00a0 \u00a0 \u00a0 \u200bKorkuteli Belediye Ba\u015fkan\u0131 Saniye Caran, An\u0131tkabir ziyaretinde yapt\u0131\u011f\u0131 a\u00e7\u0131klamada, \u201cAtat\u00fcrk\u2019\u00fcn g\u00f6sterdi\u011fi yolda, \u00e7a\u011fda\u015f ve laik T\u00fcrkiye i\u00e7in hep beraber \u00e7al\u0131\u015fmaya &hellip;","og_url":"https:\/\/denizcankizil.tr\/uk\/haberler\/gundem\/korkuteli-belediye-baskani-caran-anitkabirde\/","og_site_name":"Av. Deniz Can K\u0131z\u0131l","article_published_time":"2024-11-19T21:41:14+00:00","twitter_card":"summary_large_image","twitter_misc":{"\u041f\u0440\u0438\u0431\u043b. \u0447\u0430\u0441 \u0447\u0438\u0442\u0430\u043d\u043d\u044f":"2 \u0445\u0432\u0438\u043b\u0438\u043d\u0438"},"schema":{"@context":"https:\/\/schema.org","@graph":[{"@type":"Article","@id":"https:\/\/denizcankizil.tr\/uk\/haberler\/gundem\/korkuteli-belediye-baskani-caran-anitkabirde\/#article","isPartOf":{"@id":"https:\/\/denizcankizil.tr\/uk\/haberler\/gundem\/korkuteli-belediye-baskani-caran-anitkabirde\/"},"author":{"name":"","@id":""},"headline":"Korkuteli Belediye Ba\u015fkan\u0131 Caran, An\u0131tkabir&#8217;de&#8230;","datePublished":"2024-11-19T21:41:14+00:00","mainEntityOfPage":{"@id":"https:\/\/denizcankizil.tr\/uk\/haberler\/gundem\/korkuteli-belediye-baskani-caran-anitkabirde\/"},"wordCount":317,"commentCount":0,"publisher":{"@id":"https:\/\/denizcankizil.tr\/de\/#organization"},"articleSection":["G\u00fcndem","Uncategorized"],"inLanguage":"uk","potentialAction":[{"@type":"CommentAction","name":"Comment","target":["https:\/\/denizcankizil.tr\/uk\/haberler\/gundem\/korkuteli-belediye-baskani-caran-anitkabirde\/#respond"]}]},{"@type":"WebPage","@id":"https:\/\/denizcankizil.tr\/uk\/haberler\/gundem\/korkuteli-belediye-baskani-caran-anitkabirde\/","url":"https:\/\/denizcankizil.tr\/uk\/haberler\/gundem\/korkuteli-belediye-baskani-caran-anitkabirde\/","name":"Korkuteli Belediye Ba\u015fkan\u0131 Caran, An\u0131tkabir'de... - Av. Deniz Can K\u0131z\u0131l","isPartOf":{"@id":"https:\/\/denizcankizil.tr\/de\/#website"},"datePublished":"2024-11-19T21:41:14+00:00","breadcrumb":{"@id":"https:\/\/denizcankizil.tr\/uk\/haberler\/gundem\/korkuteli-belediye-baskani-caran-anitkabirde\/#breadcrumb"},"inLanguage":"uk","potentialAction":[{"@type":"ReadAction","target":["https:\/\/denizcankizil.tr\/uk\/haberler\/gundem\/korkuteli-belediye-baskani-caran-anitkabirde\/"]}]},{"@type":"BreadcrumbList","@id":"https:\/\/denizcankizil.tr\/uk\/haberler\/gundem\/korkuteli-belediye-baskani-caran-anitkabirde\/#breadcrumb","itemListElement":[{"@type":"ListItem","position":1,"name":"Home","item":"https:\/\/denizcankizil.tr\/de\/"},{"@type":"ListItem","position":2,"name":"Korkuteli Belediye Ba\u015fkan\u0131 Caran, An\u0131tkabir&#8217;de&#8230;"}]},{"@type":"WebSite","@id":"https:\/\/denizcankizil.tr\/de\/#website","url":"https:\/\/denizcankizil.tr\/de\/","name":"Av. Deniz Can K\u0131z\u0131l","description":"Avukat Deniz Can K\u0131z\u0131l Antalya Barosu","publisher":{"@id":"https:\/\/denizcankizil.tr\/de\/#organization"},"potentialAction":[{"@type":"SearchAction","target":{"@type":"EntryPoint","urlTemplate":"https:\/\/denizcankizil.tr\/de\/?s={search_term_string}"},"query-input":{"@type":"PropertyValueSpecification","valueRequired":true,"valueName":"search_term_string"}}],"inLanguage":"uk"},{"@type":"Organization","@id":"https:\/\/denizcankizil.tr\/de\/#organization","name":"Av. Deniz Can K\u0131z\u0131l","url":"https:\/\/denizcankizil.tr\/de\/","logo":{"@type":"ImageObject","inLanguage":"uk","@id":"https:\/\/denizcankizil.tr\/de\/#\/schema\/logo\/image\/","url":"https:\/\/denizcankizil.tr\/wp-content\/uploads\/2024\/10\/siyah-logo-svg.svg","contentUrl":"https:\/\/denizcankizil.tr\/wp-content\/uploads\/2024\/10\/siyah-logo-svg.svg","width":1080,"height":1080,"caption":"Av. Deniz Can K\u0131z\u0131l"},"image":{"@id":"https:\/\/denizcankizil.tr\/de\/#\/schema\/logo\/image\/"}}]}},"_links":{"self":[{"href":"https:\/\/denizcankizil.tr\/uk\/wp-json\/wp\/v2\/posts\/16601","targetHints":{"allow":["GET"]}}],"collection":[{"href":"https:\/\/denizcankizil.tr\/uk\/wp-json\/wp\/v2\/posts"}],"about":[{"href":"https:\/\/denizcankizil.tr\/uk\/wp-json\/wp\/v2\/types\/post"}],"replies":[{"embeddable":true,"href":"https:\/\/denizcankizil.tr\/uk\/wp-json\/wp\/v2\/comments?post=16601"}],"version-history":[{"count":0,"href":"https:\/\/denizcankizil.tr\/uk\/wp-json\/wp\/v2\/posts\/16601\/revisions"}],"wp:attachment":[{"href":"https:\/\/denizcankizil.tr\/uk\/wp-json\/wp\/v2\/media?parent=16601"}],"wp:term":[{"taxonomy":"category","embeddable":true,"href":"https:\/\/denizcankizil.tr\/uk\/wp-json\/wp\/v2\/categories?post=16601"},{"taxonomy":"post_tag","embeddable":true,"href":"https:\/\/denizcankizil.tr\/uk\/wp-json\/wp\/v2\/tags?post=16601"}],"curies":[{"name":"wp","href":"https:\/\/api.w.org\/{rel}","templated":true}]}}