{"id":16560,"date":"2024-11-19T17:41:37","date_gmt":"2024-11-19T14:41:37","guid":{"rendered":"https:\/\/denizcankizil.tr\/uncategorized-tr\/umit-uysal-o-karede-yer-almadi\/"},"modified":"2024-11-19T17:41:37","modified_gmt":"2024-11-19T14:41:37","slug":"umit-uysal-o-karede-yer-almadi","status":"publish","type":"post","link":"https:\/\/denizcankizil.tr\/uk\/haberler\/gundem\/umit-uysal-o-karede-yer-almadi\/","title":{"rendered":"\u00dcmit Uysal, o karede yer almad\u0131"},"content":{"rendered":"<p>CHP Antalya \u0130l Ba\u015fkanl\u0131\u011f\u0131 taraf\u0131ndan yap\u0131lan duyuruda Antalya B\u00fcy\u00fck\u015fehir Belediye Ba\u015fkan\u0131, CHP\u2019li 16 il\u00e7e belediye ba\u015fkan\u0131, milletvekilleri ve di\u011fer parti y\u00f6neticileri, CHP\u2019nin grup toplant\u0131s\u0131na kat\u0131lmak \u00fczere ilk kez bir ekip olarak Ankara\u2019ya gitti. Ankara giden CHP ekibi aras\u0131nda ise \u00dcmit Uysal\u2019\u0131n yer almad\u0131\u011f\u0131 ortaya \u00e7\u0131kt\u0131.\u00a0<\/p>\n<p>B\u00dcT\u00dcN CHP\u2019L\u0130 BA\u015eKANLAR TEK KAREDE<\/p>\n<p>Ankara \u00e7\u0131karmas\u0131na kat\u0131lan Antalyal\u0131 ba\u015fkanlar\u0131n hepsi T\u00fcrkiye Cumhuriyeti\u2019nin Kurucusu Gazi Mustafa Kemal Atat\u00fcrk\u2019\u00fcn ebedi istirahatgah\u0131 olan An\u0131tkabir\u2019de bir araya geldi. Antalya \u0130l Ba\u015fkan\u0131 Nail Kamac\u0131, B\u00fcy\u00fck\u015fehir Belediye Ba\u015fkan\u0131 Muhittin B\u00f6cek, 14 il\u00e7e belediye ba\u015fkan\u0131 ve di\u011fer parti y\u00f6neticileri Mustafa Kemal Atat\u00fcrk\u2019\u00fcn huzurunda hat\u0131ra foto\u011fraf\u0131 \u00e7ektirdi.<\/p>\n<p>UYSAL KATILMADI\u00a0<\/p>\n<p>\u00c7ekilen foto\u011frafta ise Akseki Belediye Ba\u015fkan\u0131 \u0130lkay Akca ve Muratpa\u015fa Belediye Ba\u015fkan\u0131 \u00dcmit Uysal yer almad\u0131. CHP Genel Ba\u015fkan\u0131 \u00d6zg\u00fcr \u00d6zel ile aralar\u0131nda so\u011fuk r\u00fczgarlar esen \u00dcmit Uysal\u2019\u0131n Ankara \u00e7\u0131karmas\u0131na kat\u0131l\u0131p kat\u0131lmad\u0131\u011f\u0131 merak ediliyordu. Edinilen bilgilere g\u00f6re Uysal\u2019\u0131n \u00e7\u0131karmaya kat\u0131lmad\u0131\u011f\u0131 resmi olarak netle\u015fti.\u00a0<\/p>\n<p>\u00a0<\/p>\n<p>\u200bCHP\u2019nin Ankara \u00e7\u0131karmas\u0131na Antalya B\u00fcy\u00fck\u015fehir Belediye Ba\u015fkan\u0131 Muhittin B\u00f6cek ve 14 il\u00e7e ba\u015fkan\u0131 kat\u0131l\u0131rken, Genel Ba\u015fkan \u00d6zg\u00fcr \u00d6zel&#8217;le aralar\u0131nda so\u011fuk r\u00fczgar esen Muratpa\u015fa Belediye Ba\u015fkan\u0131 \u00dcmit Uysal&#8217;\u0131n kat\u0131lmad\u0131\u011f\u0131 \u00f6\u011frenildi\u00a0<\/p>\n<p>\u200bHaberin Al\u0131nt\u0131land\u0131\u011f\u0131 Kaynak: www.antalyakorfez.com<\/p>","protected":false},"excerpt":{"rendered":"<p>CHP Antalya \u0130l Ba\u015fkanl\u0131\u011f\u0131 taraf\u0131ndan yap\u0131lan duyuruda Antalya B\u00fcy\u00fck\u015fehir Belediye Ba\u015fkan\u0131, CHP\u2019li 16 il\u00e7e belediye ba\u015fkan\u0131, milletvekilleri ve di\u011fer parti y\u00f6neticileri, CHP\u2019nin grup toplant\u0131s\u0131na kat\u0131lmak \u00fczere ilk kez bir ekip olarak Ankara\u2019ya gitti. Ankara giden CHP ekibi aras\u0131nda ise \u00dcmit Uysal\u2019\u0131n yer almad\u0131\u011f\u0131 ortaya \u00e7\u0131kt\u0131.\u00a0 B\u00dcT\u00dcN CHP\u2019L\u0130 BA\u015eKANLAR TEK KAREDE Ankara \u00e7\u0131karmas\u0131na kat\u0131lan Antalyal\u0131 ba\u015fkanlar\u0131n hepsi T\u00fcrkiye Cumhuriyeti\u2019nin Kurucusu Gazi Mustafa Kemal Atat\u00fcrk\u2019\u00fcn ebedi istirahatgah\u0131 olan An\u0131tkabir\u2019de bir araya geldi. Antalya \u0130l Ba\u015fkan\u0131 Nail Kamac\u0131, B\u00fcy\u00fck\u015fehir Belediye Ba\u015fkan\u0131 Muhittin B\u00f6cek, 14 il\u00e7e belediye ba\u015fkan\u0131 ve di\u011fer parti y\u00f6neticileri Mustafa Kemal Atat\u00fcrk\u2019\u00fcn huzurunda hat\u0131ra foto\u011fraf\u0131 \u00e7ektirdi. UYSAL KATILMADI\u00a0 \u00c7ekilen foto\u011frafta ise Akseki Belediye Ba\u015fkan\u0131 \u0130lkay Akca ve Muratpa\u015fa Belediye Ba\u015fkan\u0131 \u00dcmit Uysal yer almad\u0131. CHP Genel Ba\u015fkan\u0131 \u00d6zg\u00fcr \u00d6zel ile aralar\u0131nda so\u011fuk r\u00fczgarlar esen \u00dcmit Uysal\u2019\u0131n Ankara \u00e7\u0131karmas\u0131na kat\u0131l\u0131p kat\u0131lmad\u0131\u011f\u0131 merak ediliyordu. Edinilen bilgilere g\u00f6re Uysal\u2019\u0131n \u00e7\u0131karmaya kat\u0131lmad\u0131\u011f\u0131 resmi olarak netle\u015fti.\u00a0 \u00a0 \u200bCHP\u2019nin Ankara \u00e7\u0131karmas\u0131na Antalya B\u00fcy\u00fck\u015fehir Belediye Ba\u015fkan\u0131 Muhittin B\u00f6cek ve 14 il\u00e7e ba\u015fkan\u0131 kat\u0131l\u0131rken, Genel Ba\u015fkan \u00d6zg\u00fcr \u00d6zel&#8217;le aralar\u0131nda so\u011fuk r\u00fczgar esen Muratpa\u015fa Belediye Ba\u015fkan\u0131 \u00dcmit Uysal&#8217;\u0131n kat\u0131lmad\u0131\u011f\u0131 \u00f6\u011frenildi\u00a0 \u200bHaberin Al\u0131nt\u0131land\u0131\u011f\u0131 Kaynak: www.antalyakorfez.com<\/p>","protected":false},"author":0,"featured_media":0,"comment_status":"open","ping_status":"open","sticky":false,"template":"","format":"standard","meta":{"_acf_changed":false,"footnotes":""},"categories":[24,535],"tags":[],"class_list":["post-16560","post","type-post","status-publish","format-standard","has-post-thumbnail","hentry","category-gundem","category-uncategorized-tr"],"acf":[],"yoast_head":"<!-- This site is optimized with the Yoast SEO Premium plugin v26.6 (Yoast SEO v27.1.1) - https:\/\/yoast.com\/product\/yoast-seo-premium-wordpress\/ -->\n<title>\u00dcmit Uysal, o karede yer almad\u0131 - Av. Deniz Can K\u0131z\u0131l<\/title>\n<meta name=\"robots\" content=\"index, follow, max-snippet:-1, max-image-preview:large, max-video-preview:-1\" \/>\n<link rel=\"canonical\" href=\"http:\/\/denizcankizil.tr\/uk\/haberler\/gundem\/umit-uysal-o-karede-yer-almadi\/\" \/>\n<meta property=\"og:locale\" content=\"uk_UA\" \/>\n<meta property=\"og:type\" content=\"article\" \/>\n<meta property=\"og:title\" content=\"\u00dcmit Uysal, o karede yer almad\u0131\" \/>\n<meta property=\"og:description\" content=\"CHP Antalya \u0130l Ba\u015fkanl\u0131\u011f\u0131 taraf\u0131ndan yap\u0131lan duyuruda Antalya B\u00fcy\u00fck\u015fehir Belediye Ba\u015fkan\u0131, CHP\u2019li 16 il\u00e7e belediye ba\u015fkan\u0131, milletvekilleri ve di\u011fer parti y\u00f6neticileri, CHP\u2019nin grup toplant\u0131s\u0131na kat\u0131lmak \u00fczere ilk kez bir ekip olarak Ankara\u2019ya gitti. Ankara giden CHP ekibi aras\u0131nda ise \u00dcmit Uysal\u2019\u0131n yer almad\u0131\u011f\u0131 ortaya \u00e7\u0131kt\u0131.\u00a0 B\u00dcT\u00dcN CHP\u2019L\u0130 BA\u015eKANLAR TEK KAREDE Ankara \u00e7\u0131karmas\u0131na kat\u0131lan Antalyal\u0131 ba\u015fkanlar\u0131n hepsi T\u00fcrkiye Cumhuriyeti\u2019nin Kurucusu Gazi Mustafa Kemal Atat\u00fcrk\u2019\u00fcn ebedi istirahatgah\u0131 olan An\u0131tkabir\u2019de bir araya geldi. Antalya \u0130l Ba\u015fkan\u0131 Nail Kamac\u0131, B\u00fcy\u00fck\u015fehir Belediye Ba\u015fkan\u0131 Muhittin B\u00f6cek, 14 il\u00e7e belediye ba\u015fkan\u0131 ve di\u011fer parti y\u00f6neticileri Mustafa Kemal Atat\u00fcrk\u2019\u00fcn huzurunda hat\u0131ra foto\u011fraf\u0131 \u00e7ektirdi. UYSAL KATILMADI\u00a0 \u00c7ekilen foto\u011frafta ise Akseki Belediye Ba\u015fkan\u0131 \u0130lkay Akca ve Muratpa\u015fa Belediye Ba\u015fkan\u0131 \u00dcmit Uysal yer almad\u0131. CHP Genel Ba\u015fkan\u0131 \u00d6zg\u00fcr \u00d6zel ile aralar\u0131nda so\u011fuk r\u00fczgarlar esen \u00dcmit Uysal\u2019\u0131n Ankara \u00e7\u0131karmas\u0131na kat\u0131l\u0131p kat\u0131lmad\u0131\u011f\u0131 merak ediliyordu. Edinilen bilgilere g\u00f6re Uysal\u2019\u0131n \u00e7\u0131karmaya kat\u0131lmad\u0131\u011f\u0131 resmi olarak netle\u015fti.\u00a0 \u00a0 \u200bCHP\u2019nin Ankara \u00e7\u0131karmas\u0131na Antalya B\u00fcy\u00fck\u015fehir Belediye Ba\u015fkan\u0131 Muhittin B\u00f6cek ve 14 il\u00e7e ba\u015fkan\u0131 kat\u0131l\u0131rken, Genel Ba\u015fkan \u00d6zg\u00fcr \u00d6zel&#8217;le aralar\u0131nda so\u011fuk r\u00fczgar esen Muratpa\u015fa Belediye Ba\u015fkan\u0131 \u00dcmit Uysal&#8217;\u0131n kat\u0131lmad\u0131\u011f\u0131 \u00f6\u011frenildi\u00a0 \u200bHaberin Al\u0131nt\u0131land\u0131\u011f\u0131 Kaynak: www.antalyakorfez.com\" \/>\n<meta property=\"og:url\" content=\"http:\/\/denizcankizil.tr\/uk\/haberler\/gundem\/umit-uysal-o-karede-yer-almadi\/\" \/>\n<meta property=\"og:site_name\" content=\"Av. Deniz Can K\u0131z\u0131l\" \/>\n<meta property=\"article:published_time\" content=\"2024-11-19T14:41:37+00:00\" \/>\n<meta name=\"twitter:card\" content=\"summary_large_image\" \/>\n<meta name=\"twitter:label1\" content=\"\u041f\u0440\u0438\u0431\u043b. \u0447\u0430\u0441 \u0447\u0438\u0442\u0430\u043d\u043d\u044f\" \/>\n\t<meta name=\"twitter:data1\" content=\"1 \u0445\u0432\u0438\u043b\u0438\u043d\u0430\" \/>\n<script type=\"application\/ld+json\" class=\"yoast-schema-graph\">{\"@context\":\"https:\/\/schema.org\",\"@graph\":[{\"@type\":\"Article\",\"@id\":\"http:\/\/denizcankizil.tr\/en\/haberler\/gundem\/umit-uysal-o-karede-yer-almadi\/#article\",\"isPartOf\":{\"@id\":\"http:\/\/denizcankizil.tr\/en\/haberler\/gundem\/umit-uysal-o-karede-yer-almadi\/\"},\"author\":{\"name\":\"\",\"@id\":\"\"},\"headline\":\"\u00dcmit Uysal, o karede yer almad\u0131\",\"datePublished\":\"2024-11-19T14:41:37+00:00\",\"mainEntityOfPage\":{\"@id\":\"http:\/\/denizcankizil.tr\/en\/haberler\/gundem\/umit-uysal-o-karede-yer-almadi\/\"},\"wordCount\":266,\"commentCount\":0,\"publisher\":{\"@id\":\"https:\/\/denizcankizil.tr\/#organization\"},\"articleSection\":[\"G\u00fcndem\",\"Uncategorized\"],\"inLanguage\":\"uk\",\"potentialAction\":[{\"@type\":\"CommentAction\",\"name\":\"Comment\",\"target\":[\"http:\/\/denizcankizil.tr\/en\/haberler\/gundem\/umit-uysal-o-karede-yer-almadi\/#respond\"]}]},{\"@type\":\"WebPage\",\"@id\":\"http:\/\/denizcankizil.tr\/en\/haberler\/gundem\/umit-uysal-o-karede-yer-almadi\/\",\"url\":\"http:\/\/denizcankizil.tr\/en\/haberler\/gundem\/umit-uysal-o-karede-yer-almadi\/\",\"name\":\"\u00dcmit Uysal, o karede yer almad\u0131 - Av. Deniz Can K\u0131z\u0131l\",\"isPartOf\":{\"@id\":\"https:\/\/denizcankizil.tr\/#website\"},\"datePublished\":\"2024-11-19T14:41:37+00:00\",\"breadcrumb\":{\"@id\":\"http:\/\/denizcankizil.tr\/en\/haberler\/gundem\/umit-uysal-o-karede-yer-almadi\/#breadcrumb\"},\"inLanguage\":\"uk\",\"potentialAction\":[{\"@type\":\"ReadAction\",\"target\":[\"http:\/\/denizcankizil.tr\/en\/haberler\/gundem\/umit-uysal-o-karede-yer-almadi\/\"]}]},{\"@type\":\"BreadcrumbList\",\"@id\":\"http:\/\/denizcankizil.tr\/en\/haberler\/gundem\/umit-uysal-o-karede-yer-almadi\/#breadcrumb\",\"itemListElement\":[{\"@type\":\"ListItem\",\"position\":1,\"name\":\"Home\",\"item\":\"https:\/\/denizcankizil.tr\/de\/\"},{\"@type\":\"ListItem\",\"position\":2,\"name\":\"\u00dcmit Uysal, o karede yer almad\u0131\"}]},{\"@type\":\"WebSite\",\"@id\":\"https:\/\/denizcankizil.tr\/#website\",\"url\":\"https:\/\/denizcankizil.tr\/\",\"name\":\"Av. Deniz Can K\u0131z\u0131l\",\"description\":\"Avukat Deniz Can K\u0131z\u0131l Antalya Barosu\",\"publisher\":{\"@id\":\"https:\/\/denizcankizil.tr\/#organization\"},\"potentialAction\":[{\"@type\":\"SearchAction\",\"target\":{\"@type\":\"EntryPoint\",\"urlTemplate\":\"https:\/\/denizcankizil.tr\/?s={search_term_string}\"},\"query-input\":{\"@type\":\"PropertyValueSpecification\",\"valueRequired\":true,\"valueName\":\"search_term_string\"}}],\"inLanguage\":\"uk\"},{\"@type\":\"Organization\",\"@id\":\"https:\/\/denizcankizil.tr\/#organization\",\"name\":\"Av. Deniz Can K\u0131z\u0131l\",\"url\":\"https:\/\/denizcankizil.tr\/\",\"logo\":{\"@type\":\"ImageObject\",\"inLanguage\":\"uk\",\"@id\":\"https:\/\/denizcankizil.tr\/#\/schema\/logo\/image\/\",\"url\":\"https:\/\/denizcankizil.tr\/wp-content\/uploads\/2024\/10\/siyah-logo-svg.svg\",\"contentUrl\":\"https:\/\/denizcankizil.tr\/wp-content\/uploads\/2024\/10\/siyah-logo-svg.svg\",\"width\":1080,\"height\":1080,\"caption\":\"Av. Deniz Can K\u0131z\u0131l\"},\"image\":{\"@id\":\"https:\/\/denizcankizil.tr\/#\/schema\/logo\/image\/\"}}]}<\/script>\n<!-- \/ Yoast SEO Premium plugin. -->","yoast_head_json":{"title":"\u00dcmit Uysal, o karede yer almad\u0131 - Av. Deniz Can K\u0131z\u0131l","robots":{"index":"index","follow":"follow","max-snippet":"max-snippet:-1","max-image-preview":"max-image-preview:large","max-video-preview":"max-video-preview:-1"},"canonical":"http:\/\/denizcankizil.tr\/uk\/haberler\/gundem\/umit-uysal-o-karede-yer-almadi\/","og_locale":"uk_UA","og_type":"article","og_title":"\u00dcmit Uysal, o karede yer almad\u0131","og_description":"CHP Antalya \u0130l Ba\u015fkanl\u0131\u011f\u0131 taraf\u0131ndan yap\u0131lan duyuruda Antalya B\u00fcy\u00fck\u015fehir Belediye Ba\u015fkan\u0131, CHP\u2019li 16 il\u00e7e belediye ba\u015fkan\u0131, milletvekilleri ve di\u011fer parti y\u00f6neticileri, CHP\u2019nin grup toplant\u0131s\u0131na kat\u0131lmak \u00fczere ilk kez bir ekip olarak Ankara\u2019ya gitti. Ankara giden CHP ekibi aras\u0131nda ise \u00dcmit Uysal\u2019\u0131n yer almad\u0131\u011f\u0131 ortaya \u00e7\u0131kt\u0131.\u00a0 B\u00dcT\u00dcN CHP\u2019L\u0130 BA\u015eKANLAR TEK KAREDE Ankara \u00e7\u0131karmas\u0131na kat\u0131lan Antalyal\u0131 ba\u015fkanlar\u0131n hepsi T\u00fcrkiye Cumhuriyeti\u2019nin Kurucusu Gazi Mustafa Kemal Atat\u00fcrk\u2019\u00fcn ebedi istirahatgah\u0131 olan An\u0131tkabir\u2019de bir araya geldi. Antalya \u0130l Ba\u015fkan\u0131 Nail Kamac\u0131, B\u00fcy\u00fck\u015fehir Belediye Ba\u015fkan\u0131 Muhittin B\u00f6cek, 14 il\u00e7e belediye ba\u015fkan\u0131 ve di\u011fer parti y\u00f6neticileri Mustafa Kemal Atat\u00fcrk\u2019\u00fcn huzurunda hat\u0131ra foto\u011fraf\u0131 \u00e7ektirdi. UYSAL KATILMADI\u00a0 \u00c7ekilen foto\u011frafta ise Akseki Belediye Ba\u015fkan\u0131 \u0130lkay Akca ve Muratpa\u015fa Belediye Ba\u015fkan\u0131 \u00dcmit Uysal yer almad\u0131. CHP Genel Ba\u015fkan\u0131 \u00d6zg\u00fcr \u00d6zel ile aralar\u0131nda so\u011fuk r\u00fczgarlar esen \u00dcmit Uysal\u2019\u0131n Ankara \u00e7\u0131karmas\u0131na kat\u0131l\u0131p kat\u0131lmad\u0131\u011f\u0131 merak ediliyordu. Edinilen bilgilere g\u00f6re Uysal\u2019\u0131n \u00e7\u0131karmaya kat\u0131lmad\u0131\u011f\u0131 resmi olarak netle\u015fti.\u00a0 \u00a0 \u200bCHP\u2019nin Ankara \u00e7\u0131karmas\u0131na Antalya B\u00fcy\u00fck\u015fehir Belediye Ba\u015fkan\u0131 Muhittin B\u00f6cek ve 14 il\u00e7e ba\u015fkan\u0131 kat\u0131l\u0131rken, Genel Ba\u015fkan \u00d6zg\u00fcr \u00d6zel&#8217;le aralar\u0131nda so\u011fuk r\u00fczgar esen Muratpa\u015fa Belediye Ba\u015fkan\u0131 \u00dcmit Uysal&#8217;\u0131n kat\u0131lmad\u0131\u011f\u0131 \u00f6\u011frenildi\u00a0 \u200bHaberin Al\u0131nt\u0131land\u0131\u011f\u0131 Kaynak: www.antalyakorfez.com","og_url":"http:\/\/denizcankizil.tr\/uk\/haberler\/gundem\/umit-uysal-o-karede-yer-almadi\/","og_site_name":"Av. Deniz Can K\u0131z\u0131l","article_published_time":"2024-11-19T14:41:37+00:00","twitter_card":"summary_large_image","twitter_misc":{"\u041f\u0440\u0438\u0431\u043b. \u0447\u0430\u0441 \u0447\u0438\u0442\u0430\u043d\u043d\u044f":"1 \u0445\u0432\u0438\u043b\u0438\u043d\u0430"},"schema":{"@context":"https:\/\/schema.org","@graph":[{"@type":"Article","@id":"http:\/\/denizcankizil.tr\/en\/haberler\/gundem\/umit-uysal-o-karede-yer-almadi\/#article","isPartOf":{"@id":"http:\/\/denizcankizil.tr\/en\/haberler\/gundem\/umit-uysal-o-karede-yer-almadi\/"},"author":{"name":"","@id":""},"headline":"\u00dcmit Uysal, o karede yer almad\u0131","datePublished":"2024-11-19T14:41:37+00:00","mainEntityOfPage":{"@id":"http:\/\/denizcankizil.tr\/en\/haberler\/gundem\/umit-uysal-o-karede-yer-almadi\/"},"wordCount":266,"commentCount":0,"publisher":{"@id":"https:\/\/denizcankizil.tr\/#organization"},"articleSection":["G\u00fcndem","Uncategorized"],"inLanguage":"uk","potentialAction":[{"@type":"CommentAction","name":"Comment","target":["http:\/\/denizcankizil.tr\/en\/haberler\/gundem\/umit-uysal-o-karede-yer-almadi\/#respond"]}]},{"@type":"WebPage","@id":"http:\/\/denizcankizil.tr\/en\/haberler\/gundem\/umit-uysal-o-karede-yer-almadi\/","url":"http:\/\/denizcankizil.tr\/en\/haberler\/gundem\/umit-uysal-o-karede-yer-almadi\/","name":"\u00dcmit Uysal, o karede yer almad\u0131 - Av. Deniz Can K\u0131z\u0131l","isPartOf":{"@id":"https:\/\/denizcankizil.tr\/#website"},"datePublished":"2024-11-19T14:41:37+00:00","breadcrumb":{"@id":"http:\/\/denizcankizil.tr\/en\/haberler\/gundem\/umit-uysal-o-karede-yer-almadi\/#breadcrumb"},"inLanguage":"uk","potentialAction":[{"@type":"ReadAction","target":["http:\/\/denizcankizil.tr\/en\/haberler\/gundem\/umit-uysal-o-karede-yer-almadi\/"]}]},{"@type":"BreadcrumbList","@id":"http:\/\/denizcankizil.tr\/en\/haberler\/gundem\/umit-uysal-o-karede-yer-almadi\/#breadcrumb","itemListElement":[{"@type":"ListItem","position":1,"name":"Home","item":"https:\/\/denizcankizil.tr\/de\/"},{"@type":"ListItem","position":2,"name":"\u00dcmit Uysal, o karede yer almad\u0131"}]},{"@type":"WebSite","@id":"https:\/\/denizcankizil.tr\/#website","url":"https:\/\/denizcankizil.tr\/","name":"Av. Deniz Can K\u0131z\u0131l","description":"Avukat Deniz Can K\u0131z\u0131l Antalya Barosu","publisher":{"@id":"https:\/\/denizcankizil.tr\/#organization"},"potentialAction":[{"@type":"SearchAction","target":{"@type":"EntryPoint","urlTemplate":"https:\/\/denizcankizil.tr\/?s={search_term_string}"},"query-input":{"@type":"PropertyValueSpecification","valueRequired":true,"valueName":"search_term_string"}}],"inLanguage":"uk"},{"@type":"Organization","@id":"https:\/\/denizcankizil.tr\/#organization","name":"Av. Deniz Can K\u0131z\u0131l","url":"https:\/\/denizcankizil.tr\/","logo":{"@type":"ImageObject","inLanguage":"uk","@id":"https:\/\/denizcankizil.tr\/#\/schema\/logo\/image\/","url":"https:\/\/denizcankizil.tr\/wp-content\/uploads\/2024\/10\/siyah-logo-svg.svg","contentUrl":"https:\/\/denizcankizil.tr\/wp-content\/uploads\/2024\/10\/siyah-logo-svg.svg","width":1080,"height":1080,"caption":"Av. Deniz Can K\u0131z\u0131l"},"image":{"@id":"https:\/\/denizcankizil.tr\/#\/schema\/logo\/image\/"}}]}},"_links":{"self":[{"href":"https:\/\/denizcankizil.tr\/uk\/wp-json\/wp\/v2\/posts\/16560","targetHints":{"allow":["GET"]}}],"collection":[{"href":"https:\/\/denizcankizil.tr\/uk\/wp-json\/wp\/v2\/posts"}],"about":[{"href":"https:\/\/denizcankizil.tr\/uk\/wp-json\/wp\/v2\/types\/post"}],"replies":[{"embeddable":true,"href":"https:\/\/denizcankizil.tr\/uk\/wp-json\/wp\/v2\/comments?post=16560"}],"version-history":[{"count":0,"href":"https:\/\/denizcankizil.tr\/uk\/wp-json\/wp\/v2\/posts\/16560\/revisions"}],"wp:attachment":[{"href":"https:\/\/denizcankizil.tr\/uk\/wp-json\/wp\/v2\/media?parent=16560"}],"wp:term":[{"taxonomy":"category","embeddable":true,"href":"https:\/\/denizcankizil.tr\/uk\/wp-json\/wp\/v2\/categories?post=16560"},{"taxonomy":"post_tag","embeddable":true,"href":"https:\/\/denizcankizil.tr\/uk\/wp-json\/wp\/v2\/tags?post=16560"}],"curies":[{"name":"wp","href":"https:\/\/api.w.org\/{rel}","templated":true}]}}