{"id":16310,"date":"2024-11-18T10:41:53","date_gmt":"2024-11-18T07:41:53","guid":{"rendered":"https:\/\/denizcankizil.tr\/uncategorized-tr\/karasu-ve-mutlu-sokakta-halkin-nabzini-tuttu\/"},"modified":"2024-11-18T10:41:53","modified_gmt":"2024-11-18T07:41:53","slug":"karasu-ve-mutlu-sokakta-halkin-nabzini-tuttu","status":"publish","type":"post","link":"https:\/\/denizcankizil.tr\/uk\/haberler\/gundem\/karasu-ve-mutlu-sokakta-halkin-nabzini-tuttu\/","title":{"rendered":"Karasu ve Mutlu sokakta halk\u0131n nabz\u0131n\u0131 tuttu"},"content":{"rendered":"<p>Konak Belediye Ba\u015fkan\u0131 Nil\u00fcfer \u00c7\u0131narl\u0131 Mutlu, CHP Genel Ba\u015fkan Yard\u0131mc\u0131s\u0131 Ula\u015f Karasu ile birlikte soka\u011fa inerek esnaf ve vatanda\u015flar\u0131n taleplerine kulak verdi, ekonomi ile ilgili \u015fikayetlerini dinledi.<\/p>\n<p>\u200bKonak Belediye Ba\u015fkan\u0131 Nil\u00fcfer \u00c7\u0131narl\u0131 Mutlu, CHP Genel Ba\u015fkan Yard\u0131mc\u0131s\u0131 Ula\u015f Karasu ile birlikte soka\u011fa inerek esnaf ve vatanda\u015flar\u0131n taleplerine kulak verdi, ekonomi ile ilgili \u015fikayetlerini dinledi.\u00a0<\/p>\n<p>\u200bHaberin Al\u0131nt\u0131land\u0131\u011f\u0131 Kaynak: www.iskenderun.org<\/p>","protected":false},"excerpt":{"rendered":"<p>Konak Belediye Ba\u015fkan\u0131 Nil\u00fcfer \u00c7\u0131narl\u0131 Mutlu, CHP Genel Ba\u015fkan Yard\u0131mc\u0131s\u0131 Ula\u015f Karasu ile birlikte soka\u011fa inerek esnaf ve vatanda\u015flar\u0131n taleplerine kulak verdi, ekonomi ile ilgili \u015fikayetlerini dinledi. \u200bKonak Belediye Ba\u015fkan\u0131 Nil\u00fcfer \u00c7\u0131narl\u0131 Mutlu, CHP Genel Ba\u015fkan Yard\u0131mc\u0131s\u0131 Ula\u015f Karasu ile birlikte soka\u011fa inerek esnaf ve vatanda\u015flar\u0131n taleplerine kulak verdi, ekonomi ile ilgili \u015fikayetlerini dinledi.\u00a0 \u200bHaberin Al\u0131nt\u0131land\u0131\u011f\u0131 Kaynak: www.iskenderun.org<\/p>","protected":false},"author":0,"featured_media":0,"comment_status":"open","ping_status":"open","sticky":false,"template":"","format":"standard","meta":{"_acf_changed":false,"footnotes":""},"categories":[24,535],"tags":[],"class_list":["post-16310","post","type-post","status-publish","format-standard","has-post-thumbnail","hentry","category-gundem","category-uncategorized-tr"],"acf":[],"yoast_head":"<!-- This site is optimized with the Yoast SEO Premium plugin v26.6 (Yoast SEO v27.1.1) - https:\/\/yoast.com\/product\/yoast-seo-premium-wordpress\/ -->\n<title>Karasu ve Mutlu sokakta halk\u0131n nabz\u0131n\u0131 tuttu - Av. Deniz Can K\u0131z\u0131l<\/title>\n<meta name=\"robots\" content=\"index, follow, max-snippet:-1, max-image-preview:large, max-video-preview:-1\" \/>\n<link rel=\"canonical\" href=\"https:\/\/denizcankizil.tr\/uk\/haberler\/gundem\/karasu-ve-mutlu-sokakta-halkin-nabzini-tuttu\/\" \/>\n<meta property=\"og:locale\" content=\"uk_UA\" \/>\n<meta property=\"og:type\" content=\"article\" \/>\n<meta property=\"og:title\" content=\"Karasu ve Mutlu sokakta halk\u0131n nabz\u0131n\u0131 tuttu\" \/>\n<meta property=\"og:description\" content=\"Konak Belediye Ba\u015fkan\u0131 Nil\u00fcfer \u00c7\u0131narl\u0131 Mutlu, CHP Genel Ba\u015fkan Yard\u0131mc\u0131s\u0131 Ula\u015f Karasu ile birlikte soka\u011fa inerek esnaf ve vatanda\u015flar\u0131n taleplerine kulak verdi, ekonomi ile ilgili \u015fikayetlerini dinledi. \u200bKonak Belediye Ba\u015fkan\u0131 Nil\u00fcfer \u00c7\u0131narl\u0131 Mutlu, CHP Genel Ba\u015fkan Yard\u0131mc\u0131s\u0131 Ula\u015f Karasu ile birlikte soka\u011fa inerek esnaf ve vatanda\u015flar\u0131n taleplerine kulak verdi, ekonomi ile ilgili \u015fikayetlerini dinledi.\u00a0 \u200bHaberin Al\u0131nt\u0131land\u0131\u011f\u0131 Kaynak: www.iskenderun.org\" \/>\n<meta property=\"og:url\" content=\"https:\/\/denizcankizil.tr\/uk\/haberler\/gundem\/karasu-ve-mutlu-sokakta-halkin-nabzini-tuttu\/\" \/>\n<meta property=\"og:site_name\" content=\"Av. Deniz Can K\u0131z\u0131l\" \/>\n<meta property=\"article:published_time\" content=\"2024-11-18T07:41:53+00:00\" \/>\n<meta name=\"twitter:card\" content=\"summary_large_image\" \/>\n<script type=\"application\/ld+json\" class=\"yoast-schema-graph\">{\"@context\":\"https:\/\/schema.org\",\"@graph\":[{\"@type\":\"Article\",\"@id\":\"https:\/\/denizcankizil.tr\/uk\/haberler\/gundem\/karasu-ve-mutlu-sokakta-halkin-nabzini-tuttu\/#article\",\"isPartOf\":{\"@id\":\"https:\/\/denizcankizil.tr\/uk\/haberler\/gundem\/karasu-ve-mutlu-sokakta-halkin-nabzini-tuttu\/\"},\"author\":{\"name\":\"\",\"@id\":\"\"},\"headline\":\"Karasu ve Mutlu sokakta halk\u0131n nabz\u0131n\u0131 tuttu\",\"datePublished\":\"2024-11-18T07:41:53+00:00\",\"mainEntityOfPage\":{\"@id\":\"https:\/\/denizcankizil.tr\/uk\/haberler\/gundem\/karasu-ve-mutlu-sokakta-halkin-nabzini-tuttu\/\"},\"wordCount\":87,\"commentCount\":0,\"publisher\":{\"@id\":\"https:\/\/denizcankizil.tr\/de\/#organization\"},\"articleSection\":[\"G\u00fcndem\",\"Uncategorized\"],\"inLanguage\":\"uk\",\"potentialAction\":[{\"@type\":\"CommentAction\",\"name\":\"Comment\",\"target\":[\"https:\/\/denizcankizil.tr\/uk\/haberler\/gundem\/karasu-ve-mutlu-sokakta-halkin-nabzini-tuttu\/#respond\"]}]},{\"@type\":\"WebPage\",\"@id\":\"https:\/\/denizcankizil.tr\/uk\/haberler\/gundem\/karasu-ve-mutlu-sokakta-halkin-nabzini-tuttu\/\",\"url\":\"https:\/\/denizcankizil.tr\/uk\/haberler\/gundem\/karasu-ve-mutlu-sokakta-halkin-nabzini-tuttu\/\",\"name\":\"Karasu ve Mutlu sokakta halk\u0131n nabz\u0131n\u0131 tuttu - Av. Deniz Can K\u0131z\u0131l\",\"isPartOf\":{\"@id\":\"https:\/\/denizcankizil.tr\/de\/#website\"},\"datePublished\":\"2024-11-18T07:41:53+00:00\",\"breadcrumb\":{\"@id\":\"https:\/\/denizcankizil.tr\/uk\/haberler\/gundem\/karasu-ve-mutlu-sokakta-halkin-nabzini-tuttu\/#breadcrumb\"},\"inLanguage\":\"uk\",\"potentialAction\":[{\"@type\":\"ReadAction\",\"target\":[\"https:\/\/denizcankizil.tr\/uk\/haberler\/gundem\/karasu-ve-mutlu-sokakta-halkin-nabzini-tuttu\/\"]}]},{\"@type\":\"BreadcrumbList\",\"@id\":\"https:\/\/denizcankizil.tr\/uk\/haberler\/gundem\/karasu-ve-mutlu-sokakta-halkin-nabzini-tuttu\/#breadcrumb\",\"itemListElement\":[{\"@type\":\"ListItem\",\"position\":1,\"name\":\"Home\",\"item\":\"https:\/\/denizcankizil.tr\/de\/\"},{\"@type\":\"ListItem\",\"position\":2,\"name\":\"Karasu ve Mutlu sokakta halk\u0131n nabz\u0131n\u0131 tuttu\"}]},{\"@type\":\"WebSite\",\"@id\":\"https:\/\/denizcankizil.tr\/de\/#website\",\"url\":\"https:\/\/denizcankizil.tr\/de\/\",\"name\":\"Av. Deniz Can K\u0131z\u0131l\",\"description\":\"Avukat Deniz Can K\u0131z\u0131l Antalya Barosu\",\"publisher\":{\"@id\":\"https:\/\/denizcankizil.tr\/de\/#organization\"},\"potentialAction\":[{\"@type\":\"SearchAction\",\"target\":{\"@type\":\"EntryPoint\",\"urlTemplate\":\"https:\/\/denizcankizil.tr\/de\/?s={search_term_string}\"},\"query-input\":{\"@type\":\"PropertyValueSpecification\",\"valueRequired\":true,\"valueName\":\"search_term_string\"}}],\"inLanguage\":\"uk\"},{\"@type\":\"Organization\",\"@id\":\"https:\/\/denizcankizil.tr\/de\/#organization\",\"name\":\"Av. Deniz Can K\u0131z\u0131l\",\"url\":\"https:\/\/denizcankizil.tr\/de\/\",\"logo\":{\"@type\":\"ImageObject\",\"inLanguage\":\"uk\",\"@id\":\"https:\/\/denizcankizil.tr\/de\/#\/schema\/logo\/image\/\",\"url\":\"https:\/\/denizcankizil.tr\/wp-content\/uploads\/2024\/10\/siyah-logo-svg.svg\",\"contentUrl\":\"https:\/\/denizcankizil.tr\/wp-content\/uploads\/2024\/10\/siyah-logo-svg.svg\",\"width\":1080,\"height\":1080,\"caption\":\"Av. Deniz Can K\u0131z\u0131l\"},\"image\":{\"@id\":\"https:\/\/denizcankizil.tr\/de\/#\/schema\/logo\/image\/\"}}]}<\/script>\n<!-- \/ Yoast SEO Premium plugin. -->","yoast_head_json":{"title":"Karasu ve Mutlu sokakta halk\u0131n nabz\u0131n\u0131 tuttu - Av. Deniz Can K\u0131z\u0131l","robots":{"index":"index","follow":"follow","max-snippet":"max-snippet:-1","max-image-preview":"max-image-preview:large","max-video-preview":"max-video-preview:-1"},"canonical":"https:\/\/denizcankizil.tr\/uk\/haberler\/gundem\/karasu-ve-mutlu-sokakta-halkin-nabzini-tuttu\/","og_locale":"uk_UA","og_type":"article","og_title":"Karasu ve Mutlu sokakta halk\u0131n nabz\u0131n\u0131 tuttu","og_description":"Konak Belediye Ba\u015fkan\u0131 Nil\u00fcfer \u00c7\u0131narl\u0131 Mutlu, CHP Genel Ba\u015fkan Yard\u0131mc\u0131s\u0131 Ula\u015f Karasu ile birlikte soka\u011fa inerek esnaf ve vatanda\u015flar\u0131n taleplerine kulak verdi, ekonomi ile ilgili \u015fikayetlerini dinledi. \u200bKonak Belediye Ba\u015fkan\u0131 Nil\u00fcfer \u00c7\u0131narl\u0131 Mutlu, CHP Genel Ba\u015fkan Yard\u0131mc\u0131s\u0131 Ula\u015f Karasu ile birlikte soka\u011fa inerek esnaf ve vatanda\u015flar\u0131n taleplerine kulak verdi, ekonomi ile ilgili \u015fikayetlerini dinledi.\u00a0 \u200bHaberin Al\u0131nt\u0131land\u0131\u011f\u0131 Kaynak: www.iskenderun.org","og_url":"https:\/\/denizcankizil.tr\/uk\/haberler\/gundem\/karasu-ve-mutlu-sokakta-halkin-nabzini-tuttu\/","og_site_name":"Av. Deniz Can K\u0131z\u0131l","article_published_time":"2024-11-18T07:41:53+00:00","twitter_card":"summary_large_image","schema":{"@context":"https:\/\/schema.org","@graph":[{"@type":"Article","@id":"https:\/\/denizcankizil.tr\/uk\/haberler\/gundem\/karasu-ve-mutlu-sokakta-halkin-nabzini-tuttu\/#article","isPartOf":{"@id":"https:\/\/denizcankizil.tr\/uk\/haberler\/gundem\/karasu-ve-mutlu-sokakta-halkin-nabzini-tuttu\/"},"author":{"name":"","@id":""},"headline":"Karasu ve Mutlu sokakta halk\u0131n nabz\u0131n\u0131 tuttu","datePublished":"2024-11-18T07:41:53+00:00","mainEntityOfPage":{"@id":"https:\/\/denizcankizil.tr\/uk\/haberler\/gundem\/karasu-ve-mutlu-sokakta-halkin-nabzini-tuttu\/"},"wordCount":87,"commentCount":0,"publisher":{"@id":"https:\/\/denizcankizil.tr\/de\/#organization"},"articleSection":["G\u00fcndem","Uncategorized"],"inLanguage":"uk","potentialAction":[{"@type":"CommentAction","name":"Comment","target":["https:\/\/denizcankizil.tr\/uk\/haberler\/gundem\/karasu-ve-mutlu-sokakta-halkin-nabzini-tuttu\/#respond"]}]},{"@type":"WebPage","@id":"https:\/\/denizcankizil.tr\/uk\/haberler\/gundem\/karasu-ve-mutlu-sokakta-halkin-nabzini-tuttu\/","url":"https:\/\/denizcankizil.tr\/uk\/haberler\/gundem\/karasu-ve-mutlu-sokakta-halkin-nabzini-tuttu\/","name":"Karasu ve Mutlu sokakta halk\u0131n nabz\u0131n\u0131 tuttu - Av. Deniz Can K\u0131z\u0131l","isPartOf":{"@id":"https:\/\/denizcankizil.tr\/de\/#website"},"datePublished":"2024-11-18T07:41:53+00:00","breadcrumb":{"@id":"https:\/\/denizcankizil.tr\/uk\/haberler\/gundem\/karasu-ve-mutlu-sokakta-halkin-nabzini-tuttu\/#breadcrumb"},"inLanguage":"uk","potentialAction":[{"@type":"ReadAction","target":["https:\/\/denizcankizil.tr\/uk\/haberler\/gundem\/karasu-ve-mutlu-sokakta-halkin-nabzini-tuttu\/"]}]},{"@type":"BreadcrumbList","@id":"https:\/\/denizcankizil.tr\/uk\/haberler\/gundem\/karasu-ve-mutlu-sokakta-halkin-nabzini-tuttu\/#breadcrumb","itemListElement":[{"@type":"ListItem","position":1,"name":"Home","item":"https:\/\/denizcankizil.tr\/de\/"},{"@type":"ListItem","position":2,"name":"Karasu ve Mutlu sokakta halk\u0131n nabz\u0131n\u0131 tuttu"}]},{"@type":"WebSite","@id":"https:\/\/denizcankizil.tr\/de\/#website","url":"https:\/\/denizcankizil.tr\/de\/","name":"Av. Deniz Can K\u0131z\u0131l","description":"Avukat Deniz Can K\u0131z\u0131l Antalya Barosu","publisher":{"@id":"https:\/\/denizcankizil.tr\/de\/#organization"},"potentialAction":[{"@type":"SearchAction","target":{"@type":"EntryPoint","urlTemplate":"https:\/\/denizcankizil.tr\/de\/?s={search_term_string}"},"query-input":{"@type":"PropertyValueSpecification","valueRequired":true,"valueName":"search_term_string"}}],"inLanguage":"uk"},{"@type":"Organization","@id":"https:\/\/denizcankizil.tr\/de\/#organization","name":"Av. Deniz Can K\u0131z\u0131l","url":"https:\/\/denizcankizil.tr\/de\/","logo":{"@type":"ImageObject","inLanguage":"uk","@id":"https:\/\/denizcankizil.tr\/de\/#\/schema\/logo\/image\/","url":"https:\/\/denizcankizil.tr\/wp-content\/uploads\/2024\/10\/siyah-logo-svg.svg","contentUrl":"https:\/\/denizcankizil.tr\/wp-content\/uploads\/2024\/10\/siyah-logo-svg.svg","width":1080,"height":1080,"caption":"Av. Deniz Can K\u0131z\u0131l"},"image":{"@id":"https:\/\/denizcankizil.tr\/de\/#\/schema\/logo\/image\/"}}]}},"_links":{"self":[{"href":"https:\/\/denizcankizil.tr\/uk\/wp-json\/wp\/v2\/posts\/16310","targetHints":{"allow":["GET"]}}],"collection":[{"href":"https:\/\/denizcankizil.tr\/uk\/wp-json\/wp\/v2\/posts"}],"about":[{"href":"https:\/\/denizcankizil.tr\/uk\/wp-json\/wp\/v2\/types\/post"}],"replies":[{"embeddable":true,"href":"https:\/\/denizcankizil.tr\/uk\/wp-json\/wp\/v2\/comments?post=16310"}],"version-history":[{"count":0,"href":"https:\/\/denizcankizil.tr\/uk\/wp-json\/wp\/v2\/posts\/16310\/revisions"}],"wp:attachment":[{"href":"https:\/\/denizcankizil.tr\/uk\/wp-json\/wp\/v2\/media?parent=16310"}],"wp:term":[{"taxonomy":"category","embeddable":true,"href":"https:\/\/denizcankizil.tr\/uk\/wp-json\/wp\/v2\/categories?post=16310"},{"taxonomy":"post_tag","embeddable":true,"href":"https:\/\/denizcankizil.tr\/uk\/wp-json\/wp\/v2\/tags?post=16310"}],"curies":[{"name":"wp","href":"https:\/\/api.w.org\/{rel}","templated":true}]}}