{"id":16289,"date":"2024-11-18T09:41:33","date_gmt":"2024-11-18T06:41:33","guid":{"rendered":"https:\/\/denizcankizil.tr\/uncategorized-tr\/antalyada-suriyeli-berber-rahatsizligi-gonderin-gitsinler\/"},"modified":"2024-11-18T09:41:33","modified_gmt":"2024-11-18T06:41:33","slug":"antalyada-suriyeli-berber-rahatsizligi-gonderin-gitsinler","status":"publish","type":"post","link":"https:\/\/denizcankizil.tr\/uk\/haberler\/gundem\/antalyada-suriyeli-berber-rahatsizligi-gonderin-gitsinler\/","title":{"rendered":"Antalya\u2019da Suriyeli berber rahats\u0131zl\u0131\u011f\u0131: \u201cG\u00f6nderin gitsinler\u201d"},"content":{"rendered":"<p>\u00dclkelerinde devam eden i\u00e7 sava\u015ftan ka\u00e7arak T\u00fcrkiye\u2019ye s\u0131\u011f\u0131nan milyonlarca Suriyeli, farkl\u0131 illerde \u00e7e\u015fitli meslek kollar\u0131nda hayatlar\u0131n\u0131 devam ettiriyorlar. Antalya\u2019da say\u0131lar\u0131 h\u0131zla artan Suriyeli berber i\u015fletmeleri, berberler aras\u0131nda ciddi rahats\u0131zl\u0131klara yol a\u00e7t\u0131. Antalya Erkek Berberleri Esnaf Odas\u0131 Ba\u015fkan\u0131 Y\u00fcksel Uzun, kent merkezinde yakla\u015f\u0131k 100 Suriyeli berber i\u015fletmesi bulundu\u011funu ifade ederek, bu i\u015fletmelerin b\u00fcy\u00fck \u00e7o\u011funlu\u011funun kay\u0131t d\u0131\u015f\u0131 faaliyet g\u00f6sterdi\u011fini ve haks\u0131z rekabet olu\u015fturdu\u011funu dile getirdi. Uzun, konuyla ilgili belediye ve valilikle temaslar\u0131n s\u00fcrd\u00fc\u011f\u00fcn\u00fc belirterek, \u00e7\u00f6z\u00fcm i\u00e7in ad\u0131m at\u0131lmas\u0131n\u0131 talep etti.<\/p>\n<p>KURALLARA UYSUNLAR<\/p>\n<p>Antalya K\u00f6rfez Gazetesi muhabiri Ertu\u011frul G\u00fcn&#8217;\u00fcn haberine g\u00f6re; Uzun, yapt\u0131\u011f\u0131 a\u00e7\u0131klamada, Suriyeli berberlerin kay\u0131tl\u0131 ve vergi m\u00fckellefi olmad\u0131\u011f\u0131n\u0131 belirtti. Uzun, \u201cBiz nas\u0131l kurallara uyuyorsak, onlar da uymak zorunda. Ancak \u015fu anda durum b\u00f6yle de\u011fil. \u0130kametgahlar\u0131 ba\u015fka \u015fehirlerde olmas\u0131na ra\u011fmen Antalya\u2019da d\u00fckk\u00e2n i\u015fletiyorlar. Bu hem haks\u0131z rekabet yarat\u0131yor hem de benim esnaf\u0131m\u0131n ekme\u011fine g\u00f6z dikmek anlam\u0131na geliyor.\u201d dedi. Uzun, \u00f6zellikle Kepez il\u00e7esinde bu i\u015fletmelerin yo\u011funla\u015ft\u0131\u011f\u0131n\u0131 belirterek, yetkililerin h\u0131zl\u0131 bir \u015fekilde denetim ve d\u00fczenleme yapmas\u0131n\u0131 istedi.<\/p>\n<p>\u201cKEND\u0130M\u0130 KAFEDE SANDIM\u201d<\/p>\n<p>Uzun, baz\u0131 Suriyeli berberlerin salonlar\u0131n\u0131n olduk\u00e7a l\u00fcks oldu\u011funa dikkat \u00e7ekerek, \u201cBir tanesinin d\u00fckkan\u0131na girdim, i\u00e7eride 60-70 bin TL\u2019lik bir kahve makinesi vard\u0131. Kendimi bir an kafede sand\u0131m. Salonlar\u0131 bizimkilerden daha g\u00fczel olanlar bile var. Ancak hi\u00e7birinin kayd\u0131 yok. Devletimize vergi \u00f6demiyorlar, esnaf odas\u0131na \u00fcye olmuyorlar. Bu kabul edilemez. Gaziantep\u2019te belediyelerin bir uygulamas\u0131 var. Suriyelilerin g\u00f6nderilmesini istiyoruz. Biz Antalya\u2019da Suriyeli berber istemiyoruz. Suriyeli \u00e7al\u0131\u015f\u0131yorsa kurallara uyacak. Devletimize bizim verdi\u011fimiz gibi vergisini verecek. Odaya kay\u0131t olacak. \u015euanda adamlar\u0131n ikametgah\u0131 ba\u015fka illerde olmas\u0131na ra\u011fmen Antalya\u2019da tahmini 100 tane Suriyeli berber var\u201d a\u00e7\u0131klamas\u0131na yer verdi.\u00a0<\/p>\n<p>\u00a0<\/p>\n<p>\u200bAntalya\u2019da say\u0131lar\u0131 h\u0131zla artan Suriyeli berberler, berberler aras\u0131nda rahats\u0131zl\u0131\u011fa neden oldu. Kent merkezinde 100 tane Suriyeli berber i\u015fletmesi oldu\u011funu ifade eden Antalya Erkek Berberleri Esnaf Odas\u0131 Ba\u015fkan\u0131 Y\u00fcksel Uzun, Suriyeli berberlerin g\u00f6nderilmesini istedi. Uzun, \u201cBen bir tanesinin d\u00fckkan\u0131na girdim, 60-70 bin TL\u2019lik kahve makinesi koymu\u015f. Kendimi bir an kafede sand\u0131m\u201d dedi\u00a0<\/p>\n<p>\u200bHaberin Al\u0131nt\u0131land\u0131\u011f\u0131 Kaynak: www.antalyakorfez.com<\/p>","protected":false},"excerpt":{"rendered":"<p>\u00dclkelerinde devam eden i\u00e7 sava\u015ftan ka\u00e7arak T\u00fcrkiye\u2019ye s\u0131\u011f\u0131nan milyonlarca Suriyeli, farkl\u0131 illerde \u00e7e\u015fitli meslek kollar\u0131nda hayatlar\u0131n\u0131 devam ettiriyorlar. Antalya\u2019da say\u0131lar\u0131 h\u0131zla artan Suriyeli berber i\u015fletmeleri, berberler aras\u0131nda ciddi rahats\u0131zl\u0131klara yol a\u00e7t\u0131. Antalya Erkek Berberleri Esnaf Odas\u0131 Ba\u015fkan\u0131 Y\u00fcksel Uzun, kent merkezinde yakla\u015f\u0131k 100 Suriyeli berber i\u015fletmesi bulundu\u011funu ifade ederek, bu i\u015fletmelerin b\u00fcy\u00fck \u00e7o\u011funlu\u011funun kay\u0131t d\u0131\u015f\u0131 faaliyet g\u00f6sterdi\u011fini ve haks\u0131z rekabet olu\u015fturdu\u011funu dile getirdi. Uzun, konuyla ilgili belediye ve valilikle temaslar\u0131n s\u00fcrd\u00fc\u011f\u00fcn\u00fc belirterek, \u00e7\u00f6z\u00fcm i\u00e7in ad\u0131m at\u0131lmas\u0131n\u0131 talep etti. KURALLARA UYSUNLAR Antalya K\u00f6rfez Gazetesi muhabiri Ertu\u011frul G\u00fcn&#8217;\u00fcn haberine g\u00f6re; Uzun, yapt\u0131\u011f\u0131 a\u00e7\u0131klamada, Suriyeli berberlerin kay\u0131tl\u0131 ve vergi m\u00fckellefi olmad\u0131\u011f\u0131n\u0131 belirtti. Uzun, \u201cBiz nas\u0131l kurallara uyuyorsak, onlar da uymak zorunda. Ancak \u015fu anda durum b\u00f6yle de\u011fil. \u0130kametgahlar\u0131 ba\u015fka \u015fehirlerde olmas\u0131na ra\u011fmen Antalya\u2019da d\u00fckk\u00e2n i\u015fletiyorlar. Bu hem haks\u0131z rekabet yarat\u0131yor hem de benim esnaf\u0131m\u0131n ekme\u011fine g\u00f6z dikmek anlam\u0131na geliyor.\u201d dedi. Uzun, \u00f6zellikle Kepez il\u00e7esinde bu i\u015fletmelerin yo\u011funla\u015ft\u0131\u011f\u0131n\u0131 belirterek, yetkililerin h\u0131zl\u0131 bir \u015fekilde denetim ve d\u00fczenleme yapmas\u0131n\u0131 istedi. \u201cKEND\u0130M\u0130 KAFEDE SANDIM\u201d Uzun, baz\u0131 Suriyeli berberlerin salonlar\u0131n\u0131n olduk\u00e7a l\u00fcks oldu\u011funa dikkat \u00e7ekerek, \u201cBir tanesinin d\u00fckkan\u0131na girdim, i\u00e7eride 60-70 bin TL\u2019lik bir kahve makinesi vard\u0131. Kendimi bir an kafede sand\u0131m. Salonlar\u0131 bizimkilerden daha g\u00fczel olanlar bile var. Ancak hi\u00e7birinin kayd\u0131 yok. Devletimize vergi \u00f6demiyorlar, esnaf odas\u0131na &hellip;<\/p>","protected":false},"author":0,"featured_media":0,"comment_status":"open","ping_status":"open","sticky":false,"template":"","format":"standard","meta":{"_acf_changed":false,"footnotes":""},"categories":[24,535],"tags":[],"class_list":["post-16289","post","type-post","status-publish","format-standard","has-post-thumbnail","hentry","category-gundem","category-uncategorized-tr"],"acf":[],"yoast_head":"<!-- This site is optimized with the Yoast SEO Premium plugin v26.6 (Yoast SEO v27.1.1) - https:\/\/yoast.com\/product\/yoast-seo-premium-wordpress\/ -->\n<title>Antalya\u2019da Suriyeli berber rahats\u0131zl\u0131\u011f\u0131: \u201cG\u00f6nderin gitsinler\u201d - Av. Deniz Can K\u0131z\u0131l<\/title>\n<meta name=\"robots\" content=\"index, follow, max-snippet:-1, max-image-preview:large, max-video-preview:-1\" \/>\n<link rel=\"canonical\" href=\"https:\/\/denizcankizil.tr\/uk\/haberler\/gundem\/antalyada-suriyeli-berber-rahatsizligi-gonderin-gitsinler\/\" \/>\n<meta property=\"og:locale\" content=\"uk_UA\" \/>\n<meta property=\"og:type\" content=\"article\" \/>\n<meta property=\"og:title\" content=\"Antalya\u2019da Suriyeli berber rahats\u0131zl\u0131\u011f\u0131: \u201cG\u00f6nderin gitsinler\u201d\" \/>\n<meta property=\"og:description\" content=\"\u00dclkelerinde devam eden i\u00e7 sava\u015ftan ka\u00e7arak T\u00fcrkiye\u2019ye s\u0131\u011f\u0131nan milyonlarca Suriyeli, farkl\u0131 illerde \u00e7e\u015fitli meslek kollar\u0131nda hayatlar\u0131n\u0131 devam ettiriyorlar. Antalya\u2019da say\u0131lar\u0131 h\u0131zla artan Suriyeli berber i\u015fletmeleri, berberler aras\u0131nda ciddi rahats\u0131zl\u0131klara yol a\u00e7t\u0131. Antalya Erkek Berberleri Esnaf Odas\u0131 Ba\u015fkan\u0131 Y\u00fcksel Uzun, kent merkezinde yakla\u015f\u0131k 100 Suriyeli berber i\u015fletmesi bulundu\u011funu ifade ederek, bu i\u015fletmelerin b\u00fcy\u00fck \u00e7o\u011funlu\u011funun kay\u0131t d\u0131\u015f\u0131 faaliyet g\u00f6sterdi\u011fini ve haks\u0131z rekabet olu\u015fturdu\u011funu dile getirdi. Uzun, konuyla ilgili belediye ve valilikle temaslar\u0131n s\u00fcrd\u00fc\u011f\u00fcn\u00fc belirterek, \u00e7\u00f6z\u00fcm i\u00e7in ad\u0131m at\u0131lmas\u0131n\u0131 talep etti. KURALLARA UYSUNLAR Antalya K\u00f6rfez Gazetesi muhabiri Ertu\u011frul G\u00fcn&#8217;\u00fcn haberine g\u00f6re; Uzun, yapt\u0131\u011f\u0131 a\u00e7\u0131klamada, Suriyeli berberlerin kay\u0131tl\u0131 ve vergi m\u00fckellefi olmad\u0131\u011f\u0131n\u0131 belirtti. Uzun, \u201cBiz nas\u0131l kurallara uyuyorsak, onlar da uymak zorunda. Ancak \u015fu anda durum b\u00f6yle de\u011fil. \u0130kametgahlar\u0131 ba\u015fka \u015fehirlerde olmas\u0131na ra\u011fmen Antalya\u2019da d\u00fckk\u00e2n i\u015fletiyorlar. Bu hem haks\u0131z rekabet yarat\u0131yor hem de benim esnaf\u0131m\u0131n ekme\u011fine g\u00f6z dikmek anlam\u0131na geliyor.\u201d dedi. Uzun, \u00f6zellikle Kepez il\u00e7esinde bu i\u015fletmelerin yo\u011funla\u015ft\u0131\u011f\u0131n\u0131 belirterek, yetkililerin h\u0131zl\u0131 bir \u015fekilde denetim ve d\u00fczenleme yapmas\u0131n\u0131 istedi. \u201cKEND\u0130M\u0130 KAFEDE SANDIM\u201d Uzun, baz\u0131 Suriyeli berberlerin salonlar\u0131n\u0131n olduk\u00e7a l\u00fcks oldu\u011funa dikkat \u00e7ekerek, \u201cBir tanesinin d\u00fckkan\u0131na girdim, i\u00e7eride 60-70 bin TL\u2019lik bir kahve makinesi vard\u0131. Kendimi bir an kafede sand\u0131m. Salonlar\u0131 bizimkilerden daha g\u00fczel olanlar bile var. Ancak hi\u00e7birinin kayd\u0131 yok. Devletimize vergi \u00f6demiyorlar, esnaf odas\u0131na &hellip;\" \/>\n<meta property=\"og:url\" content=\"https:\/\/denizcankizil.tr\/uk\/haberler\/gundem\/antalyada-suriyeli-berber-rahatsizligi-gonderin-gitsinler\/\" \/>\n<meta property=\"og:site_name\" content=\"Av. Deniz Can K\u0131z\u0131l\" \/>\n<meta property=\"article:published_time\" content=\"2024-11-18T06:41:33+00:00\" \/>\n<meta name=\"twitter:card\" content=\"summary_large_image\" \/>\n<meta name=\"twitter:label1\" content=\"\u041f\u0440\u0438\u0431\u043b. \u0447\u0430\u0441 \u0447\u0438\u0442\u0430\u043d\u043d\u044f\" \/>\n\t<meta name=\"twitter:data1\" content=\"2 \u0445\u0432\u0438\u043b\u0438\u043d\u0438\" \/>\n<script type=\"application\/ld+json\" class=\"yoast-schema-graph\">{\"@context\":\"https:\/\/schema.org\",\"@graph\":[{\"@type\":\"Article\",\"@id\":\"https:\/\/denizcankizil.tr\/uk\/haberler\/gundem\/antalyada-suriyeli-berber-rahatsizligi-gonderin-gitsinler\/#article\",\"isPartOf\":{\"@id\":\"https:\/\/denizcankizil.tr\/uk\/haberler\/gundem\/antalyada-suriyeli-berber-rahatsizligi-gonderin-gitsinler\/\"},\"author\":{\"name\":\"\",\"@id\":\"\"},\"headline\":\"Antalya\u2019da Suriyeli berber rahats\u0131zl\u0131\u011f\u0131: \u201cG\u00f6nderin gitsinler\u201d\",\"datePublished\":\"2024-11-18T06:41:33+00:00\",\"mainEntityOfPage\":{\"@id\":\"https:\/\/denizcankizil.tr\/uk\/haberler\/gundem\/antalyada-suriyeli-berber-rahatsizligi-gonderin-gitsinler\/\"},\"wordCount\":429,\"commentCount\":0,\"publisher\":{\"@id\":\"https:\/\/denizcankizil.tr\/de\/#organization\"},\"articleSection\":[\"G\u00fcndem\",\"Uncategorized\"],\"inLanguage\":\"uk\",\"potentialAction\":[{\"@type\":\"CommentAction\",\"name\":\"Comment\",\"target\":[\"https:\/\/denizcankizil.tr\/uk\/haberler\/gundem\/antalyada-suriyeli-berber-rahatsizligi-gonderin-gitsinler\/#respond\"]}]},{\"@type\":\"WebPage\",\"@id\":\"https:\/\/denizcankizil.tr\/uk\/haberler\/gundem\/antalyada-suriyeli-berber-rahatsizligi-gonderin-gitsinler\/\",\"url\":\"https:\/\/denizcankizil.tr\/uk\/haberler\/gundem\/antalyada-suriyeli-berber-rahatsizligi-gonderin-gitsinler\/\",\"name\":\"Antalya\u2019da Suriyeli berber rahats\u0131zl\u0131\u011f\u0131: \u201cG\u00f6nderin gitsinler\u201d - Av. Deniz Can K\u0131z\u0131l\",\"isPartOf\":{\"@id\":\"https:\/\/denizcankizil.tr\/de\/#website\"},\"datePublished\":\"2024-11-18T06:41:33+00:00\",\"breadcrumb\":{\"@id\":\"https:\/\/denizcankizil.tr\/uk\/haberler\/gundem\/antalyada-suriyeli-berber-rahatsizligi-gonderin-gitsinler\/#breadcrumb\"},\"inLanguage\":\"uk\",\"potentialAction\":[{\"@type\":\"ReadAction\",\"target\":[\"https:\/\/denizcankizil.tr\/uk\/haberler\/gundem\/antalyada-suriyeli-berber-rahatsizligi-gonderin-gitsinler\/\"]}]},{\"@type\":\"BreadcrumbList\",\"@id\":\"https:\/\/denizcankizil.tr\/uk\/haberler\/gundem\/antalyada-suriyeli-berber-rahatsizligi-gonderin-gitsinler\/#breadcrumb\",\"itemListElement\":[{\"@type\":\"ListItem\",\"position\":1,\"name\":\"Home\",\"item\":\"https:\/\/denizcankizil.tr\/de\/\"},{\"@type\":\"ListItem\",\"position\":2,\"name\":\"Antalya\u2019da Suriyeli berber rahats\u0131zl\u0131\u011f\u0131: \u201cG\u00f6nderin gitsinler\u201d\"}]},{\"@type\":\"WebSite\",\"@id\":\"https:\/\/denizcankizil.tr\/de\/#website\",\"url\":\"https:\/\/denizcankizil.tr\/de\/\",\"name\":\"Av. Deniz Can K\u0131z\u0131l\",\"description\":\"Avukat Deniz Can K\u0131z\u0131l Antalya Barosu\",\"publisher\":{\"@id\":\"https:\/\/denizcankizil.tr\/de\/#organization\"},\"potentialAction\":[{\"@type\":\"SearchAction\",\"target\":{\"@type\":\"EntryPoint\",\"urlTemplate\":\"https:\/\/denizcankizil.tr\/de\/?s={search_term_string}\"},\"query-input\":{\"@type\":\"PropertyValueSpecification\",\"valueRequired\":true,\"valueName\":\"search_term_string\"}}],\"inLanguage\":\"uk\"},{\"@type\":\"Organization\",\"@id\":\"https:\/\/denizcankizil.tr\/de\/#organization\",\"name\":\"Av. Deniz Can K\u0131z\u0131l\",\"url\":\"https:\/\/denizcankizil.tr\/de\/\",\"logo\":{\"@type\":\"ImageObject\",\"inLanguage\":\"uk\",\"@id\":\"https:\/\/denizcankizil.tr\/de\/#\/schema\/logo\/image\/\",\"url\":\"https:\/\/denizcankizil.tr\/wp-content\/uploads\/2024\/10\/siyah-logo-svg.svg\",\"contentUrl\":\"https:\/\/denizcankizil.tr\/wp-content\/uploads\/2024\/10\/siyah-logo-svg.svg\",\"width\":1080,\"height\":1080,\"caption\":\"Av. Deniz Can K\u0131z\u0131l\"},\"image\":{\"@id\":\"https:\/\/denizcankizil.tr\/de\/#\/schema\/logo\/image\/\"}}]}<\/script>\n<!-- \/ Yoast SEO Premium plugin. -->","yoast_head_json":{"title":"Antalya\u2019da Suriyeli berber rahats\u0131zl\u0131\u011f\u0131: \u201cG\u00f6nderin gitsinler\u201d - Av. Deniz Can K\u0131z\u0131l","robots":{"index":"index","follow":"follow","max-snippet":"max-snippet:-1","max-image-preview":"max-image-preview:large","max-video-preview":"max-video-preview:-1"},"canonical":"https:\/\/denizcankizil.tr\/uk\/haberler\/gundem\/antalyada-suriyeli-berber-rahatsizligi-gonderin-gitsinler\/","og_locale":"uk_UA","og_type":"article","og_title":"Antalya\u2019da Suriyeli berber rahats\u0131zl\u0131\u011f\u0131: \u201cG\u00f6nderin gitsinler\u201d","og_description":"\u00dclkelerinde devam eden i\u00e7 sava\u015ftan ka\u00e7arak T\u00fcrkiye\u2019ye s\u0131\u011f\u0131nan milyonlarca Suriyeli, farkl\u0131 illerde \u00e7e\u015fitli meslek kollar\u0131nda hayatlar\u0131n\u0131 devam ettiriyorlar. Antalya\u2019da say\u0131lar\u0131 h\u0131zla artan Suriyeli berber i\u015fletmeleri, berberler aras\u0131nda ciddi rahats\u0131zl\u0131klara yol a\u00e7t\u0131. Antalya Erkek Berberleri Esnaf Odas\u0131 Ba\u015fkan\u0131 Y\u00fcksel Uzun, kent merkezinde yakla\u015f\u0131k 100 Suriyeli berber i\u015fletmesi bulundu\u011funu ifade ederek, bu i\u015fletmelerin b\u00fcy\u00fck \u00e7o\u011funlu\u011funun kay\u0131t d\u0131\u015f\u0131 faaliyet g\u00f6sterdi\u011fini ve haks\u0131z rekabet olu\u015fturdu\u011funu dile getirdi. Uzun, konuyla ilgili belediye ve valilikle temaslar\u0131n s\u00fcrd\u00fc\u011f\u00fcn\u00fc belirterek, \u00e7\u00f6z\u00fcm i\u00e7in ad\u0131m at\u0131lmas\u0131n\u0131 talep etti. KURALLARA UYSUNLAR Antalya K\u00f6rfez Gazetesi muhabiri Ertu\u011frul G\u00fcn&#8217;\u00fcn haberine g\u00f6re; Uzun, yapt\u0131\u011f\u0131 a\u00e7\u0131klamada, Suriyeli berberlerin kay\u0131tl\u0131 ve vergi m\u00fckellefi olmad\u0131\u011f\u0131n\u0131 belirtti. Uzun, \u201cBiz nas\u0131l kurallara uyuyorsak, onlar da uymak zorunda. Ancak \u015fu anda durum b\u00f6yle de\u011fil. \u0130kametgahlar\u0131 ba\u015fka \u015fehirlerde olmas\u0131na ra\u011fmen Antalya\u2019da d\u00fckk\u00e2n i\u015fletiyorlar. Bu hem haks\u0131z rekabet yarat\u0131yor hem de benim esnaf\u0131m\u0131n ekme\u011fine g\u00f6z dikmek anlam\u0131na geliyor.\u201d dedi. Uzun, \u00f6zellikle Kepez il\u00e7esinde bu i\u015fletmelerin yo\u011funla\u015ft\u0131\u011f\u0131n\u0131 belirterek, yetkililerin h\u0131zl\u0131 bir \u015fekilde denetim ve d\u00fczenleme yapmas\u0131n\u0131 istedi. \u201cKEND\u0130M\u0130 KAFEDE SANDIM\u201d Uzun, baz\u0131 Suriyeli berberlerin salonlar\u0131n\u0131n olduk\u00e7a l\u00fcks oldu\u011funa dikkat \u00e7ekerek, \u201cBir tanesinin d\u00fckkan\u0131na girdim, i\u00e7eride 60-70 bin TL\u2019lik bir kahve makinesi vard\u0131. Kendimi bir an kafede sand\u0131m. Salonlar\u0131 bizimkilerden daha g\u00fczel olanlar bile var. Ancak hi\u00e7birinin kayd\u0131 yok. Devletimize vergi \u00f6demiyorlar, esnaf odas\u0131na &hellip;","og_url":"https:\/\/denizcankizil.tr\/uk\/haberler\/gundem\/antalyada-suriyeli-berber-rahatsizligi-gonderin-gitsinler\/","og_site_name":"Av. Deniz Can K\u0131z\u0131l","article_published_time":"2024-11-18T06:41:33+00:00","twitter_card":"summary_large_image","twitter_misc":{"\u041f\u0440\u0438\u0431\u043b. \u0447\u0430\u0441 \u0447\u0438\u0442\u0430\u043d\u043d\u044f":"2 \u0445\u0432\u0438\u043b\u0438\u043d\u0438"},"schema":{"@context":"https:\/\/schema.org","@graph":[{"@type":"Article","@id":"https:\/\/denizcankizil.tr\/uk\/haberler\/gundem\/antalyada-suriyeli-berber-rahatsizligi-gonderin-gitsinler\/#article","isPartOf":{"@id":"https:\/\/denizcankizil.tr\/uk\/haberler\/gundem\/antalyada-suriyeli-berber-rahatsizligi-gonderin-gitsinler\/"},"author":{"name":"","@id":""},"headline":"Antalya\u2019da Suriyeli berber rahats\u0131zl\u0131\u011f\u0131: \u201cG\u00f6nderin gitsinler\u201d","datePublished":"2024-11-18T06:41:33+00:00","mainEntityOfPage":{"@id":"https:\/\/denizcankizil.tr\/uk\/haberler\/gundem\/antalyada-suriyeli-berber-rahatsizligi-gonderin-gitsinler\/"},"wordCount":429,"commentCount":0,"publisher":{"@id":"https:\/\/denizcankizil.tr\/de\/#organization"},"articleSection":["G\u00fcndem","Uncategorized"],"inLanguage":"uk","potentialAction":[{"@type":"CommentAction","name":"Comment","target":["https:\/\/denizcankizil.tr\/uk\/haberler\/gundem\/antalyada-suriyeli-berber-rahatsizligi-gonderin-gitsinler\/#respond"]}]},{"@type":"WebPage","@id":"https:\/\/denizcankizil.tr\/uk\/haberler\/gundem\/antalyada-suriyeli-berber-rahatsizligi-gonderin-gitsinler\/","url":"https:\/\/denizcankizil.tr\/uk\/haberler\/gundem\/antalyada-suriyeli-berber-rahatsizligi-gonderin-gitsinler\/","name":"Antalya\u2019da Suriyeli berber rahats\u0131zl\u0131\u011f\u0131: \u201cG\u00f6nderin gitsinler\u201d - Av. Deniz Can K\u0131z\u0131l","isPartOf":{"@id":"https:\/\/denizcankizil.tr\/de\/#website"},"datePublished":"2024-11-18T06:41:33+00:00","breadcrumb":{"@id":"https:\/\/denizcankizil.tr\/uk\/haberler\/gundem\/antalyada-suriyeli-berber-rahatsizligi-gonderin-gitsinler\/#breadcrumb"},"inLanguage":"uk","potentialAction":[{"@type":"ReadAction","target":["https:\/\/denizcankizil.tr\/uk\/haberler\/gundem\/antalyada-suriyeli-berber-rahatsizligi-gonderin-gitsinler\/"]}]},{"@type":"BreadcrumbList","@id":"https:\/\/denizcankizil.tr\/uk\/haberler\/gundem\/antalyada-suriyeli-berber-rahatsizligi-gonderin-gitsinler\/#breadcrumb","itemListElement":[{"@type":"ListItem","position":1,"name":"Home","item":"https:\/\/denizcankizil.tr\/de\/"},{"@type":"ListItem","position":2,"name":"Antalya\u2019da Suriyeli berber rahats\u0131zl\u0131\u011f\u0131: \u201cG\u00f6nderin gitsinler\u201d"}]},{"@type":"WebSite","@id":"https:\/\/denizcankizil.tr\/de\/#website","url":"https:\/\/denizcankizil.tr\/de\/","name":"Av. Deniz Can K\u0131z\u0131l","description":"Avukat Deniz Can K\u0131z\u0131l Antalya Barosu","publisher":{"@id":"https:\/\/denizcankizil.tr\/de\/#organization"},"potentialAction":[{"@type":"SearchAction","target":{"@type":"EntryPoint","urlTemplate":"https:\/\/denizcankizil.tr\/de\/?s={search_term_string}"},"query-input":{"@type":"PropertyValueSpecification","valueRequired":true,"valueName":"search_term_string"}}],"inLanguage":"uk"},{"@type":"Organization","@id":"https:\/\/denizcankizil.tr\/de\/#organization","name":"Av. Deniz Can K\u0131z\u0131l","url":"https:\/\/denizcankizil.tr\/de\/","logo":{"@type":"ImageObject","inLanguage":"uk","@id":"https:\/\/denizcankizil.tr\/de\/#\/schema\/logo\/image\/","url":"https:\/\/denizcankizil.tr\/wp-content\/uploads\/2024\/10\/siyah-logo-svg.svg","contentUrl":"https:\/\/denizcankizil.tr\/wp-content\/uploads\/2024\/10\/siyah-logo-svg.svg","width":1080,"height":1080,"caption":"Av. Deniz Can K\u0131z\u0131l"},"image":{"@id":"https:\/\/denizcankizil.tr\/de\/#\/schema\/logo\/image\/"}}]}},"_links":{"self":[{"href":"https:\/\/denizcankizil.tr\/uk\/wp-json\/wp\/v2\/posts\/16289","targetHints":{"allow":["GET"]}}],"collection":[{"href":"https:\/\/denizcankizil.tr\/uk\/wp-json\/wp\/v2\/posts"}],"about":[{"href":"https:\/\/denizcankizil.tr\/uk\/wp-json\/wp\/v2\/types\/post"}],"replies":[{"embeddable":true,"href":"https:\/\/denizcankizil.tr\/uk\/wp-json\/wp\/v2\/comments?post=16289"}],"version-history":[{"count":0,"href":"https:\/\/denizcankizil.tr\/uk\/wp-json\/wp\/v2\/posts\/16289\/revisions"}],"wp:attachment":[{"href":"https:\/\/denizcankizil.tr\/uk\/wp-json\/wp\/v2\/media?parent=16289"}],"wp:term":[{"taxonomy":"category","embeddable":true,"href":"https:\/\/denizcankizil.tr\/uk\/wp-json\/wp\/v2\/categories?post=16289"},{"taxonomy":"post_tag","embeddable":true,"href":"https:\/\/denizcankizil.tr\/uk\/wp-json\/wp\/v2\/tags?post=16289"}],"curies":[{"name":"wp","href":"https:\/\/api.w.org\/{rel}","templated":true}]}}