{"id":16150,"date":"2024-11-16T14:41:23","date_gmt":"2024-11-16T11:41:23","guid":{"rendered":"https:\/\/denizcankizil.tr\/uncategorized-tr\/caykara-mahalle-gezilerine-hiz-kesmeden-devam-ediyor\/"},"modified":"2024-11-16T14:41:23","modified_gmt":"2024-11-16T11:41:23","slug":"caykara-mahalle-gezilerine-hiz-kesmeden-devam-ediyor","status":"publish","type":"post","link":"https:\/\/denizcankizil.tr\/uk\/haberler\/gundem\/caykara-mahalle-gezilerine-hiz-kesmeden-devam-ediyor\/","title":{"rendered":"\u00c7aykara mahalle gezilerine h\u0131z kesmeden devam ediyor"},"content":{"rendered":"<p>Avc\u0131lar Belediye Ba\u015fkan\u0131 Utku Caner \u00c7aykara mahalle gezilerine devam ediyor G\u00fcm\u00fc\u015fpala Mahallesi\u2019nde \u00e7ar\u015f\u0131 esnaf\u0131 ve vatanda\u015flar\u0131 ziyaret eden \u00c7aykara talep ve \u015fikayetleri dinledi.<\/p>\n<p>\u200bAvc\u0131lar Belediye Ba\u015fkan\u0131 Utku Caner \u00c7aykara mahalle gezilerine devam ediyor G\u00fcm\u00fc\u015fpala Mahallesi\u2019nde \u00e7ar\u015f\u0131 esnaf\u0131 ve vatanda\u015flar\u0131 ziyaret eden \u00c7aykara talep ve \u015fikayetleri dinledi.\u00a0<\/p>\n<p>\u200bHaberin Al\u0131nt\u0131land\u0131\u011f\u0131 Kaynak: www.iskenderun.org<\/p>","protected":false},"excerpt":{"rendered":"<p>Avc\u0131lar Belediye Ba\u015fkan\u0131 Utku Caner \u00c7aykara mahalle gezilerine devam ediyor G\u00fcm\u00fc\u015fpala Mahallesi\u2019nde \u00e7ar\u015f\u0131 esnaf\u0131 ve vatanda\u015flar\u0131 ziyaret eden \u00c7aykara talep ve \u015fikayetleri dinledi. \u200bAvc\u0131lar Belediye Ba\u015fkan\u0131 Utku Caner \u00c7aykara mahalle gezilerine devam ediyor G\u00fcm\u00fc\u015fpala Mahallesi\u2019nde \u00e7ar\u015f\u0131 esnaf\u0131 ve vatanda\u015flar\u0131 ziyaret eden \u00c7aykara talep ve \u015fikayetleri dinledi.\u00a0 \u200bHaberin Al\u0131nt\u0131land\u0131\u011f\u0131 Kaynak: www.iskenderun.org<\/p>","protected":false},"author":0,"featured_media":0,"comment_status":"open","ping_status":"open","sticky":false,"template":"","format":"standard","meta":{"_acf_changed":false,"footnotes":""},"categories":[24,535],"tags":[],"class_list":["post-16150","post","type-post","status-publish","format-standard","has-post-thumbnail","hentry","category-gundem","category-uncategorized-tr"],"acf":[],"yoast_head":"<!-- This site is optimized with the Yoast SEO Premium plugin v26.6 (Yoast SEO v27.1.1) - https:\/\/yoast.com\/product\/yoast-seo-premium-wordpress\/ -->\n<title>\u00c7aykara mahalle gezilerine h\u0131z kesmeden devam ediyor - Av. Deniz Can K\u0131z\u0131l<\/title>\n<meta name=\"robots\" content=\"index, follow, max-snippet:-1, max-image-preview:large, max-video-preview:-1\" \/>\n<link rel=\"canonical\" href=\"https:\/\/denizcankizil.tr\/uk\/haberler\/gundem\/caykara-mahalle-gezilerine-hiz-kesmeden-devam-ediyor\/\" \/>\n<meta property=\"og:locale\" content=\"uk_UA\" \/>\n<meta property=\"og:type\" content=\"article\" \/>\n<meta property=\"og:title\" content=\"\u00c7aykara mahalle gezilerine h\u0131z kesmeden devam ediyor\" \/>\n<meta property=\"og:description\" content=\"Avc\u0131lar Belediye Ba\u015fkan\u0131 Utku Caner \u00c7aykara mahalle gezilerine devam ediyor G\u00fcm\u00fc\u015fpala Mahallesi\u2019nde \u00e7ar\u015f\u0131 esnaf\u0131 ve vatanda\u015flar\u0131 ziyaret eden \u00c7aykara talep ve \u015fikayetleri dinledi. \u200bAvc\u0131lar Belediye Ba\u015fkan\u0131 Utku Caner \u00c7aykara mahalle gezilerine devam ediyor G\u00fcm\u00fc\u015fpala Mahallesi\u2019nde \u00e7ar\u015f\u0131 esnaf\u0131 ve vatanda\u015flar\u0131 ziyaret eden \u00c7aykara talep ve \u015fikayetleri dinledi.\u00a0 \u200bHaberin Al\u0131nt\u0131land\u0131\u011f\u0131 Kaynak: www.iskenderun.org\" \/>\n<meta property=\"og:url\" content=\"https:\/\/denizcankizil.tr\/uk\/haberler\/gundem\/caykara-mahalle-gezilerine-hiz-kesmeden-devam-ediyor\/\" \/>\n<meta property=\"og:site_name\" content=\"Av. Deniz Can K\u0131z\u0131l\" \/>\n<meta property=\"article:published_time\" content=\"2024-11-16T11:41:23+00:00\" \/>\n<meta name=\"twitter:card\" content=\"summary_large_image\" \/>\n<script type=\"application\/ld+json\" class=\"yoast-schema-graph\">{\"@context\":\"https:\/\/schema.org\",\"@graph\":[{\"@type\":\"Article\",\"@id\":\"https:\/\/denizcankizil.tr\/uk\/haberler\/gundem\/caykara-mahalle-gezilerine-hiz-kesmeden-devam-ediyor\/#article\",\"isPartOf\":{\"@id\":\"https:\/\/denizcankizil.tr\/uk\/haberler\/gundem\/caykara-mahalle-gezilerine-hiz-kesmeden-devam-ediyor\/\"},\"author\":{\"name\":\"\",\"@id\":\"\"},\"headline\":\"\u00c7aykara mahalle gezilerine h\u0131z kesmeden devam ediyor\",\"datePublished\":\"2024-11-16T11:41:23+00:00\",\"mainEntityOfPage\":{\"@id\":\"https:\/\/denizcankizil.tr\/uk\/haberler\/gundem\/caykara-mahalle-gezilerine-hiz-kesmeden-devam-ediyor\/\"},\"wordCount\":74,\"commentCount\":0,\"publisher\":{\"@id\":\"https:\/\/denizcankizil.tr\/de\/#organization\"},\"articleSection\":[\"G\u00fcndem\",\"Uncategorized\"],\"inLanguage\":\"uk\",\"potentialAction\":[{\"@type\":\"CommentAction\",\"name\":\"Comment\",\"target\":[\"https:\/\/denizcankizil.tr\/uk\/haberler\/gundem\/caykara-mahalle-gezilerine-hiz-kesmeden-devam-ediyor\/#respond\"]}]},{\"@type\":\"WebPage\",\"@id\":\"https:\/\/denizcankizil.tr\/uk\/haberler\/gundem\/caykara-mahalle-gezilerine-hiz-kesmeden-devam-ediyor\/\",\"url\":\"https:\/\/denizcankizil.tr\/uk\/haberler\/gundem\/caykara-mahalle-gezilerine-hiz-kesmeden-devam-ediyor\/\",\"name\":\"\u00c7aykara mahalle gezilerine h\u0131z kesmeden devam ediyor - Av. Deniz Can K\u0131z\u0131l\",\"isPartOf\":{\"@id\":\"https:\/\/denizcankizil.tr\/de\/#website\"},\"datePublished\":\"2024-11-16T11:41:23+00:00\",\"breadcrumb\":{\"@id\":\"https:\/\/denizcankizil.tr\/uk\/haberler\/gundem\/caykara-mahalle-gezilerine-hiz-kesmeden-devam-ediyor\/#breadcrumb\"},\"inLanguage\":\"uk\",\"potentialAction\":[{\"@type\":\"ReadAction\",\"target\":[\"https:\/\/denizcankizil.tr\/uk\/haberler\/gundem\/caykara-mahalle-gezilerine-hiz-kesmeden-devam-ediyor\/\"]}]},{\"@type\":\"BreadcrumbList\",\"@id\":\"https:\/\/denizcankizil.tr\/uk\/haberler\/gundem\/caykara-mahalle-gezilerine-hiz-kesmeden-devam-ediyor\/#breadcrumb\",\"itemListElement\":[{\"@type\":\"ListItem\",\"position\":1,\"name\":\"Home\",\"item\":\"https:\/\/denizcankizil.tr\/de\/\"},{\"@type\":\"ListItem\",\"position\":2,\"name\":\"\u00c7aykara mahalle gezilerine h\u0131z kesmeden devam ediyor\"}]},{\"@type\":\"WebSite\",\"@id\":\"https:\/\/denizcankizil.tr\/de\/#website\",\"url\":\"https:\/\/denizcankizil.tr\/de\/\",\"name\":\"Av. Deniz Can K\u0131z\u0131l\",\"description\":\"Avukat Deniz Can K\u0131z\u0131l Antalya Barosu\",\"publisher\":{\"@id\":\"https:\/\/denizcankizil.tr\/de\/#organization\"},\"potentialAction\":[{\"@type\":\"SearchAction\",\"target\":{\"@type\":\"EntryPoint\",\"urlTemplate\":\"https:\/\/denizcankizil.tr\/de\/?s={search_term_string}\"},\"query-input\":{\"@type\":\"PropertyValueSpecification\",\"valueRequired\":true,\"valueName\":\"search_term_string\"}}],\"inLanguage\":\"uk\"},{\"@type\":\"Organization\",\"@id\":\"https:\/\/denizcankizil.tr\/de\/#organization\",\"name\":\"Av. Deniz Can K\u0131z\u0131l\",\"url\":\"https:\/\/denizcankizil.tr\/de\/\",\"logo\":{\"@type\":\"ImageObject\",\"inLanguage\":\"uk\",\"@id\":\"https:\/\/denizcankizil.tr\/de\/#\/schema\/logo\/image\/\",\"url\":\"https:\/\/denizcankizil.tr\/wp-content\/uploads\/2024\/10\/siyah-logo-svg.svg\",\"contentUrl\":\"https:\/\/denizcankizil.tr\/wp-content\/uploads\/2024\/10\/siyah-logo-svg.svg\",\"width\":1080,\"height\":1080,\"caption\":\"Av. Deniz Can K\u0131z\u0131l\"},\"image\":{\"@id\":\"https:\/\/denizcankizil.tr\/de\/#\/schema\/logo\/image\/\"}}]}<\/script>\n<!-- \/ Yoast SEO Premium plugin. -->","yoast_head_json":{"title":"\u00c7aykara mahalle gezilerine h\u0131z kesmeden devam ediyor - Av. Deniz Can K\u0131z\u0131l","robots":{"index":"index","follow":"follow","max-snippet":"max-snippet:-1","max-image-preview":"max-image-preview:large","max-video-preview":"max-video-preview:-1"},"canonical":"https:\/\/denizcankizil.tr\/uk\/haberler\/gundem\/caykara-mahalle-gezilerine-hiz-kesmeden-devam-ediyor\/","og_locale":"uk_UA","og_type":"article","og_title":"\u00c7aykara mahalle gezilerine h\u0131z kesmeden devam ediyor","og_description":"Avc\u0131lar Belediye Ba\u015fkan\u0131 Utku Caner \u00c7aykara mahalle gezilerine devam ediyor G\u00fcm\u00fc\u015fpala Mahallesi\u2019nde \u00e7ar\u015f\u0131 esnaf\u0131 ve vatanda\u015flar\u0131 ziyaret eden \u00c7aykara talep ve \u015fikayetleri dinledi. \u200bAvc\u0131lar Belediye Ba\u015fkan\u0131 Utku Caner \u00c7aykara mahalle gezilerine devam ediyor G\u00fcm\u00fc\u015fpala Mahallesi\u2019nde \u00e7ar\u015f\u0131 esnaf\u0131 ve vatanda\u015flar\u0131 ziyaret eden \u00c7aykara talep ve \u015fikayetleri dinledi.\u00a0 \u200bHaberin Al\u0131nt\u0131land\u0131\u011f\u0131 Kaynak: www.iskenderun.org","og_url":"https:\/\/denizcankizil.tr\/uk\/haberler\/gundem\/caykara-mahalle-gezilerine-hiz-kesmeden-devam-ediyor\/","og_site_name":"Av. Deniz Can K\u0131z\u0131l","article_published_time":"2024-11-16T11:41:23+00:00","twitter_card":"summary_large_image","schema":{"@context":"https:\/\/schema.org","@graph":[{"@type":"Article","@id":"https:\/\/denizcankizil.tr\/uk\/haberler\/gundem\/caykara-mahalle-gezilerine-hiz-kesmeden-devam-ediyor\/#article","isPartOf":{"@id":"https:\/\/denizcankizil.tr\/uk\/haberler\/gundem\/caykara-mahalle-gezilerine-hiz-kesmeden-devam-ediyor\/"},"author":{"name":"","@id":""},"headline":"\u00c7aykara mahalle gezilerine h\u0131z kesmeden devam ediyor","datePublished":"2024-11-16T11:41:23+00:00","mainEntityOfPage":{"@id":"https:\/\/denizcankizil.tr\/uk\/haberler\/gundem\/caykara-mahalle-gezilerine-hiz-kesmeden-devam-ediyor\/"},"wordCount":74,"commentCount":0,"publisher":{"@id":"https:\/\/denizcankizil.tr\/de\/#organization"},"articleSection":["G\u00fcndem","Uncategorized"],"inLanguage":"uk","potentialAction":[{"@type":"CommentAction","name":"Comment","target":["https:\/\/denizcankizil.tr\/uk\/haberler\/gundem\/caykara-mahalle-gezilerine-hiz-kesmeden-devam-ediyor\/#respond"]}]},{"@type":"WebPage","@id":"https:\/\/denizcankizil.tr\/uk\/haberler\/gundem\/caykara-mahalle-gezilerine-hiz-kesmeden-devam-ediyor\/","url":"https:\/\/denizcankizil.tr\/uk\/haberler\/gundem\/caykara-mahalle-gezilerine-hiz-kesmeden-devam-ediyor\/","name":"\u00c7aykara mahalle gezilerine h\u0131z kesmeden devam ediyor - Av. Deniz Can K\u0131z\u0131l","isPartOf":{"@id":"https:\/\/denizcankizil.tr\/de\/#website"},"datePublished":"2024-11-16T11:41:23+00:00","breadcrumb":{"@id":"https:\/\/denizcankizil.tr\/uk\/haberler\/gundem\/caykara-mahalle-gezilerine-hiz-kesmeden-devam-ediyor\/#breadcrumb"},"inLanguage":"uk","potentialAction":[{"@type":"ReadAction","target":["https:\/\/denizcankizil.tr\/uk\/haberler\/gundem\/caykara-mahalle-gezilerine-hiz-kesmeden-devam-ediyor\/"]}]},{"@type":"BreadcrumbList","@id":"https:\/\/denizcankizil.tr\/uk\/haberler\/gundem\/caykara-mahalle-gezilerine-hiz-kesmeden-devam-ediyor\/#breadcrumb","itemListElement":[{"@type":"ListItem","position":1,"name":"Home","item":"https:\/\/denizcankizil.tr\/de\/"},{"@type":"ListItem","position":2,"name":"\u00c7aykara mahalle gezilerine h\u0131z kesmeden devam ediyor"}]},{"@type":"WebSite","@id":"https:\/\/denizcankizil.tr\/de\/#website","url":"https:\/\/denizcankizil.tr\/de\/","name":"Av. Deniz Can K\u0131z\u0131l","description":"Avukat Deniz Can K\u0131z\u0131l Antalya Barosu","publisher":{"@id":"https:\/\/denizcankizil.tr\/de\/#organization"},"potentialAction":[{"@type":"SearchAction","target":{"@type":"EntryPoint","urlTemplate":"https:\/\/denizcankizil.tr\/de\/?s={search_term_string}"},"query-input":{"@type":"PropertyValueSpecification","valueRequired":true,"valueName":"search_term_string"}}],"inLanguage":"uk"},{"@type":"Organization","@id":"https:\/\/denizcankizil.tr\/de\/#organization","name":"Av. Deniz Can K\u0131z\u0131l","url":"https:\/\/denizcankizil.tr\/de\/","logo":{"@type":"ImageObject","inLanguage":"uk","@id":"https:\/\/denizcankizil.tr\/de\/#\/schema\/logo\/image\/","url":"https:\/\/denizcankizil.tr\/wp-content\/uploads\/2024\/10\/siyah-logo-svg.svg","contentUrl":"https:\/\/denizcankizil.tr\/wp-content\/uploads\/2024\/10\/siyah-logo-svg.svg","width":1080,"height":1080,"caption":"Av. Deniz Can K\u0131z\u0131l"},"image":{"@id":"https:\/\/denizcankizil.tr\/de\/#\/schema\/logo\/image\/"}}]}},"_links":{"self":[{"href":"https:\/\/denizcankizil.tr\/uk\/wp-json\/wp\/v2\/posts\/16150","targetHints":{"allow":["GET"]}}],"collection":[{"href":"https:\/\/denizcankizil.tr\/uk\/wp-json\/wp\/v2\/posts"}],"about":[{"href":"https:\/\/denizcankizil.tr\/uk\/wp-json\/wp\/v2\/types\/post"}],"replies":[{"embeddable":true,"href":"https:\/\/denizcankizil.tr\/uk\/wp-json\/wp\/v2\/comments?post=16150"}],"version-history":[{"count":0,"href":"https:\/\/denizcankizil.tr\/uk\/wp-json\/wp\/v2\/posts\/16150\/revisions"}],"wp:attachment":[{"href":"https:\/\/denizcankizil.tr\/uk\/wp-json\/wp\/v2\/media?parent=16150"}],"wp:term":[{"taxonomy":"category","embeddable":true,"href":"https:\/\/denizcankizil.tr\/uk\/wp-json\/wp\/v2\/categories?post=16150"},{"taxonomy":"post_tag","embeddable":true,"href":"https:\/\/denizcankizil.tr\/uk\/wp-json\/wp\/v2\/tags?post=16150"}],"curies":[{"name":"wp","href":"https:\/\/api.w.org\/{rel}","templated":true}]}}