{"id":16142,"date":"2024-11-16T13:41:34","date_gmt":"2024-11-16T10:41:34","guid":{"rendered":"https:\/\/denizcankizil.tr\/uncategorized-tr\/ulusal-radyoloji-kongresi-antalyada-yapildi\/"},"modified":"2024-11-16T13:41:34","modified_gmt":"2024-11-16T10:41:34","slug":"ulusal-radyoloji-kongresi-antalyada-yapildi","status":"publish","type":"post","link":"https:\/\/denizcankizil.tr\/uk\/haberler\/antalya\/ulusal-radyoloji-kongresi-antalyada-yapildi\/","title":{"rendered":"Ulusal Radyoloji Kongresi, Antalya&#8217;da yap\u0131ld\u0131"},"content":{"rendered":"<p>Kongre kapsam\u0131nda ger\u00e7ekle\u015ftirilen bas\u0131n toplant\u0131s\u0131nda konu\u015fan T\u00fcrk Radyoloji Derne\u011fi Ba\u015fkan\u0131 Prof. Dr. Can \u00c7evikol, T\u00fcrkiye&#8217;de d\u00fcnya ortalamas\u0131n\u0131n alt\u0131nda radyoloji uzman\u0131n\u0131n bulundu\u011funa dikkat \u00e7ekerek, \u201cSon d\u00f6nemlerde bir\u00e7ok \u015fehir hastanesinde ve \u00fcniversite hastanesinde randevu s\u00fcreleri k\u0131salm\u0131\u015f ve radyoloji hizmetleri d\u00fczg\u00fcn veriliyor gibi g\u00f6r\u00fclse de \u00f6zellikle tetkik kalitesinin d\u00fc\u015f\u00fcr\u00fclmesi ve bir\u00e7ok hastanede talebi kar\u015f\u0131layamayan uzmanlar nedeni ile uzmanl\u0131k \u00f6\u011frencileri taraf\u0131ndan bu hizmetlerin verilmeye \u00e7al\u0131\u015f\u0131lmas\u0131, \u00f6zellikle deneyim gerektiren baz\u0131 durumlarda hastalara do\u011fru tan\u0131 konmas\u0131n\u0131 engellemesinin yan\u0131 s\u0131ra gereksiz ileri incelemelerin yolunu a\u00e7abilmekte ve hatta gereksiz giri\u015fim ve ameliyatlara neden olabilmektedir\u201d dedi.<br \/>\nT\u00fcrk Radyoloji Derne\u011fi Y\u00f6netim Kurulu \u00dcyesi Prof. Dr. Nermin Tun\u00e7bilek ise akci\u011fer kanserinin erken tan\u0131s\u0131nda ve tedavi y\u00f6netiminde radyolojik g\u00f6r\u00fcnt\u00fcleme y\u00f6ntemlerinin, hasta y\u00f6netiminde \u00f6nemli bir rol oynad\u0131\u011f\u0131n\u0131 belirtti. Tun\u00e7bilek, \u201cAkci\u011fer kanserinde erken te\u015fhis, y\u00fczde 77 oran\u0131nda hayat kurtar\u0131r. 55-74 ya\u015f aras\u0131nda 30 y\u0131ld\u0131r g\u00fcnde 1 paket sigara i\u00e7en, halen aktif i\u00e7ici veya 15 y\u0131ldan daha k\u0131sa s\u00fcre \u00f6nce b\u0131rakm\u0131\u015f olan ki\u015filerde her y\u0131l d\u00fc\u015f\u00fck doz akci\u011fer tomografisi \u00e7ekilmesi \u00f6nerilmektedir\u201d ifadelerini kulland\u0131.<br \/>\nKurulu\u015funun 100. y\u0131l\u0131n\u0131 kutlayan T\u00fcrk Radyoloji Derne\u011fi, 12-16 Kas\u0131m 2024 tarihlerinde 45. Ulusal Radyoloji Kongresi&#8217;nde \u00e7ok say\u0131da radyoloji uzman\u0131n\u0131 bir araya getirdi. Kongrede, 142 tanesi s\u00f6zl\u00fc sunum olmak \u00fczere klinik ara\u015ft\u0131rma, resimlerle bir konu ve olgu sunumlar\u0131n\u0131 i\u00e7eren toplam 657 bildiri yer ald\u0131. Alt\u0131 ana salon ve s\u00f6zl\u00fc bildirilerin sunuldu\u011fu ve k\u00fc\u00e7\u00fck grup \u00e7al\u0131\u015fmalar\u0131n\u0131n yap\u0131ld\u0131\u011f\u0131 ek salonlarda yap\u0131lan toplant\u0131larda; 192 konu\u015fmac\u0131 120 oturum ba\u015fkan\u0131 g\u00f6rev ald\u0131. T\u00fcrkiye&#8217;den ve yurtd\u0131\u015f\u0131ndan kendi alanlar\u0131nda deneyimli bilim insanlar\u0131, t\u00fcm oturumlarda g\u00fcncel geli\u015fmeleri payla\u015ft\u0131. Kongre kapsam\u0131nda d\u00fczenlenen bas\u0131n toplant\u0131s\u0131nda ise T\u00fcrk Radyoloji Derne\u011fi Ba\u015fkan\u0131 Prof. Dr. Can \u00c7evikol, radyoloji alan\u0131ndaki son geli\u015fmeleri payla\u015f\u0131rken, 45. Ulusal Radyoloji Kongresi Bilimsel Kurul Ba\u015fkan\u0131 Prof. Dr. Berna O\u011fuz kongrenin ana temas\u0131 olan \u201cBa\u015ftan aya\u011fa a\u011fr\u0131\u201d konusunda ve T\u00fcrk Radyoloji Derne\u011fi Y\u00f6netim Kurulu \u00dcyesi Prof. Dr. Nermin Tun\u00e7bilek de \u201cRadyolojinin kanser te\u015fhisindeki yeri ve \u00f6nemi\u201d ba\u015fl\u0131kl\u0131 konu\u015fmas\u0131n\u0131 yapt\u0131.<\/p>\n<p>\u201cYapay zeka tetkikleri h\u0131zland\u0131rd\u0131\u201d<br \/>\nProf. Dr. Can \u00c7evikol, 1924 y\u0131l\u0131nda kurulan derne\u011fin 100. y\u0131l\u0131n\u0131 kutlamaktan duyduklar\u0131 memnuniyeti aktararak, derne\u011fin \u201cT\u00fcrk R\u00f6ntgen T\u0131bbiyesi Cemiyeti\u201d ad\u0131yla kuruldu\u011funu aktard\u0131. Derne\u011fin kuruldu\u011fu y\u0131llarda sadece r\u00f6ntgen \u0131\u015f\u0131nlar\u0131n\u0131n t\u0131bb\u0131n hizmetine sunuldu\u011funu dile getiren Prof. Dr. \u00c7evikol, radyolojinin geli\u015fim s\u00fcrecini anlatt\u0131. Ge\u00e7ti\u011fimiz y\u00fcz y\u0131lda ultrasonografi, Doppler ultrasonografi, bilgisayarl\u0131 tomografi, manyetik rezonans gibi g\u00f6r\u00fcnt\u00fcleme y\u00f6ntemlerinin kullan\u0131lmaya ba\u015fland\u0131\u011f\u0131n\u0131 ifade eden \u00c7evikol, bu y\u00f6ntemlerin yan\u0131 s\u0131ra giri\u015fimsel radyoloji kapsam\u0131nda yap\u0131lan uygulamalarla da tedavinin m\u00fcmk\u00fcn hale geldi\u011fini s\u00f6yledi.<br \/>\nSon y\u0131llarda ise yapay zek\u00e2 uygulamalar\u0131n\u0131n, t\u0131bb\u0131n di\u011fer alanlar\u0131ndan daha fazla radyolojiyi etkiledi\u011fini belirten Prof. Dr. Can \u00c7evikol, \u015f\u00f6yle devam etti:<br \/>\n\u201cG\u00fcn\u00fcm\u00fczde t\u0131bb\u0131n g\u00f6ren g\u00f6z\u00fc olarak, klinik duruma uygun se\u00e7ilmi\u015f radyolojik y\u00f6ntemler hastal\u0131klar\u0131n taranmas\u0131, tan\u0131 ve izleminde son derece \u00f6nemlidir. Yap\u0131lan incelemelerin uygun teknikle yap\u0131lmas\u0131 ve sonu\u00e7lar\u0131n\u0131n do\u011fru yorumlanmas\u0131, uygun tedavi se\u00e7iminin en \u00f6nemli basama\u011f\u0131n\u0131 olu\u015fturmaktad\u0131r. Yapay zek\u00e2 uygulamalar\u0131 sayesinde tetkiklerin \u00f6nceliklendirilmesi, do\u011fru tetkik yap\u0131lmas\u0131, en uygun radyasyon dozu kullan\u0131larak radyasyon maruziyetinin azalt\u0131lmas\u0131, g\u00f6r\u00fcnt\u00fc kalitesinde \u00f6nemli art\u0131\u015f, daha h\u0131zl\u0131 tetkik yap\u0131labilme imkanlar\u0131, do\u011fru tan\u0131 koyma ve erken tan\u0131 a\u00e7\u0131s\u0131ndan \u00f6nemli geli\u015fmeler sa\u011flanm\u0131\u015ft\u0131r.\u201d<\/p>\n<p>&#8220;Radyolojik incelemeler, daha erken ve do\u011fru tan\u0131 koyma olana\u011f\u0131 sa\u011fl\u0131yor\u201d<br \/>\nT\u00fcrkiye&#8217;de radyolojik incelemelere talebin giderek artt\u0131\u011f\u0131na dikkat \u00e7eken Prof. Dr. Can \u00c7evikol, \u201cHekimlerin hastalara muayene i\u00e7in yeteri kadar zaman ay\u0131ramamalar\u0131 ve radyolojik incelemeleri adeta muayene y\u00f6ntemi olarak kullanmalar\u0131 en \u00f6nemli nedenlerden biri olsa da, radyolojik incelemelerden elde edilen bilgilerin teknolojinin geli\u015fimine paralel olarak artmas\u0131, tan\u0131 konulmas\u0131 g\u00fc\u00e7 olan hastal\u0131klara daha erken ve do\u011fru tan\u0131 koyma olana\u011f\u0131n\u0131 vermi\u015ftir. Bunun yan\u0131nda, baz\u0131 durumlarda g\u00f6r\u00fcnt\u00fcleme k\u0131lavuzlu\u011funda giri\u015fimsel y\u00f6ntemleri kullanarak, hastal\u0131klar\u0131n minimal invaziv olarak tedavi edilebilmesi olana\u011f\u0131 do\u011fmu\u015ftur. Giri\u015fimsel radyoloji sayesinde damarlar\u0131 ilgilendiren, t\u0131kal\u0131 damarlar\u0131n a\u00e7\u0131lmas\u0131, stent yerle\u015ftirme, p\u0131ht\u0131 eritme veya \u00e7\u0131karma, inmenin erken tedavisi, hastal\u0131kl\u0131 damarlar\u0131n kapat\u0131lmas\u0131, varis tedavileri, kanser hastalar\u0131nda t\u00fcm\u00f6r\u00fcn damarlar\u0131n\u0131n &#8216;kemoembolizasyon&#8217; veya &#8216;radyoembolizasyon&#8217; i\u015flemleri ile kapat\u0131lmas\u0131 veya buradan direkt kemoterapi, radyoterapi yap\u0131lmas\u0131 m\u00fcmk\u00fcn olmu\u015ftur\u201d dedi.<\/p>\n<p>\u201cGereksiz radyolojik incelemelerin say\u0131s\u0131n\u0131n y\u00fcksek olmas\u0131 i\u015f y\u00fck\u00fcn\u00fc art\u0131r\u0131yor\u201d<br \/>\nProf. Dr. Can \u00c7evikol, radyoloji uzmanlar\u0131n\u0131n sa\u011fl\u0131k hizmetinde sundu\u011fu tan\u0131 koyma ve tedavi planlamas\u0131 i\u015flemlerinin, ba\u015far\u0131l\u0131 tedavi i\u00e7in en \u00f6nemli basamaklardan biri oldu\u011funu dile getirerek, \u015fu ifadelere yer verdi:<br \/>\n\u201cDaha \u00f6nceki y\u0131llarda da s\u00f6yledi\u011fimiz gibi, gereksiz radyolojik incelemelerin say\u0131s\u0131n\u0131n y\u00fcksek olmas\u0131, zaten d\u00fcnya ortalamas\u0131n\u0131n alt\u0131nda radyoloji uzman\u0131na sahip olan \u00fclkemizde, i\u015f y\u00fck\u00fcn\u00fc ciddi bi\u00e7imde art\u0131rmakta ve radyolojik inceleme kalitesini d\u00fc\u015f\u00fcrmektedir. Son d\u00f6nemlerde bir\u00e7ok \u015fehir hastanesinde ve \u00fcniversite hastanesinde randevu s\u00fcreleri k\u0131salm\u0131\u015f ve radyoloji hizmetleri d\u00fczg\u00fcn veriliyor gibi g\u00f6r\u00fclse de \u00f6zellikle tetkik kalitesinin d\u00fc\u015f\u00fcr\u00fclmesi ve bir\u00e7ok hastanede talebi kar\u015f\u0131layamayan uzmanlar nedeni ile uzmanl\u0131k \u00f6\u011frencileri taraf\u0131ndan bu hizmetlerin verilmeye \u00e7al\u0131\u015f\u0131lmas\u0131, \u00f6zellikle deneyim gerektiren baz\u0131 durumlarda hastalara do\u011fru tan\u0131 konmas\u0131n\u0131 engellemesinin yan\u0131 s\u0131ra gereksiz ileri incelemelerin yolunu a\u00e7abilmekte, hatta gereksiz giri\u015fim ve ameliyatlara neden olabilmektedir. Uygunsuz yap\u0131lan ve denetlenmeyen hizmet al\u0131mlar\u0131, toplum sa\u011fl\u0131\u011f\u0131n\u0131 riske atmas\u0131n\u0131n yan\u0131 s\u0131ra, ayn\u0131 zamanda radyoloji hekiminin eme\u011fini de de\u011fersizle\u015ftirmektedir. Niceli\u011fe odaklanm\u0131\u015f yakla\u015f\u0131mlar ve uygun gerek\u00e7elendirme yap\u0131lmadan ger\u00e7ekle\u015ftirilen iyonizan radyasyon i\u00e7eren g\u00f6r\u00fcnt\u00fclemeler (Bilgisayarl\u0131 Tomografi, r\u00f6ntgen vb.), toplumun k\u00fcm\u00fclatif radyasyon doz miktar\u0131n\u0131 ve dolay\u0131s\u0131 ile kanser riskini art\u0131rarak halk sa\u011fl\u0131\u011f\u0131n\u0131 tehdit etmektedir. Ge\u00e7en y\u0131l i\u00e7erisinde bu konunun \u00e7\u00f6z\u00fcm\u00fcne y\u00f6nelik olarak, Sa\u011fl\u0131k Bakanl\u0131\u011f\u0131 tetkiklerin \u00f6nceliklerine g\u00f6re randevu verilmesi ve gereksiz incelemelerin \u00f6nlenmesi i\u00e7in yapt\u0131\u011f\u0131 \u00e7al\u0131\u015fmalara h\u0131z vermi\u015ftir. Biz de TRD olarak bu \u00e7al\u0131\u015fmalara elimizden gelen deste\u011fi vermeye \u00e7al\u0131\u015f\u0131yoruz.\u201d<br \/>\nVatanda\u015flar\u0131n, d\u00fcnya standartlar\u0131nda radyoloji hizmeti alabilmesi i\u00e7in; iyi yeti\u015fmi\u015f ve nitelikli radyoloji uzmanlar\u0131n\u0131n yan\u0131 s\u0131ra standartlara uygun g\u00f6r\u00fcnt\u00fclemelerin yap\u0131lmas\u0131 ve raporlama hizmetinin de nitelikli uzmanlar taraf\u0131ndan uygun \u015fartlarda verilmesine ihtiya\u00e7 oldu\u011funa i\u015faret eden Prof. Dr. \u00c7evikol, konu\u015fmas\u0131n\u0131 \u015f\u00f6yle tamamlad\u0131:<br \/>\n\u201cDerne\u011fimiz tetkik yap\u0131lmas\u0131, uygunluk kriterleri ve gerek\u00e7elendirme, raporlama ile teleradyoloji standartlar\u0131 konular\u0131nda, alt komisyonlar\u0131 ile aktif olarak \u00e7al\u0131\u015fmaktad\u0131r. Ayr\u0131ca nitelikli uzmanlar\u0131n yeti\u015febilmesi i\u00e7in sempozyumlar, kurslar, ulusal kongreler ve di\u011fer e\u011fitim faaliyetleri ile bu amaca hizmet etmeye \u00e7al\u0131\u015fmaktad\u0131r. Toplum sa\u011fl\u0131\u011f\u0131 a\u00e7\u0131s\u0131ndan en kritik noktalardan birinde yer alan radyolojinin \u00f6neminin, radyoloji uzmanlar\u0131n\u0131n yapt\u0131\u011f\u0131 i\u015flemlerin ve sa\u011fl\u0131k hizmeti sunumundaki kritik rol\u00fcn\u00fcn halk\u0131m\u0131z taraf\u0131ndan yeteri kadar bilinmedi\u011fini d\u00fc\u015f\u00fcn\u00fcyoruz. Bu nedenle, derne\u011fimizin \u00f6ncelik verdi\u011fi di\u011fer bir konu da; halk\u0131m\u0131z\u0131n radyolojinin \u00f6nemi hakk\u0131nda bilgilendirilmesidir.\u201d<\/p>\n<p>\u201cRadyoloji, vazge\u00e7ilmez bir konuma ula\u015ft\u0131\u201d<br \/>\n45. Ulusal Radyoloji Kongresi Bilimsel Kurul Ba\u015fkan\u0131 Prof. Dr. Berna O\u011fuz, derne\u011fin 100. y\u0131l\u0131n\u0131 kutlamaktan duyduklar\u0131 heyecandan bahsederek, kongrede ger\u00e7ekle\u015ftirdikleri bilimsel oturumlar d\u0131\u015f\u0131nda mesleki sorunlara da e\u011fildiklerini s\u00f6yledi. Ulusal kongrenin bu y\u0131lki ana konusunun, radyolojik tetkik isteme gerek\u00e7eleri aras\u0131nda ba\u015f s\u0131ralarda yer alan, \u201cBa\u015ftan Aya\u011fa A\u011fr\u0131\u201d olarak belirlendi\u011fini vurgulayan Prof. Dr. Berna O\u011fuz, \u015f\u00f6yle konu\u015ftu:<br \/>\n\u201cHepimizin bildi\u011fi gibi, a\u011fr\u0131, hayat kalitesini derinden etkileyen ve g\u00fcnl\u00fck ya\u015fam\u0131 s\u0131n\u0131rlayan en yayg\u0131n sorunlardan biridir. A\u011fr\u0131n\u0131n kayna\u011f\u0131n\u0131 belirlemek ve do\u011fru tedaviye y\u00f6n vermek, radyoloji doktorlar\u0131 olarak bizlere d\u00fc\u015fen b\u00fcy\u00fck bir sorumluluktur. Kongremizde, ba\u015f a\u011fr\u0131s\u0131ndan boyun a\u011fr\u0131s\u0131na, kar\u0131n a\u011fr\u0131s\u0131ndan s\u0131rt a\u011fr\u0131s\u0131na, g\u00f6\u011f\u00fcs a\u011fr\u0131s\u0131ndan eklem ve kas a\u011fr\u0131lar\u0131na kadar \u00e7ocuklarda ve eri\u015fkinlerde t\u00fcm v\u00fccut sistemlerini ilgilendiren geni\u015f bir yelpazede, a\u011fr\u0131n\u0131n nedenlerini ve tan\u0131da hangi g\u00f6r\u00fcnt\u00fcleme y\u00f6ntemlerinin kullan\u0131ld\u0131\u011f\u0131n\u0131 ele ald\u0131k. \u00d6zellikle a\u011fr\u0131ya yakla\u015f\u0131mda radyoloji sadece tan\u0131 konulma a\u015famas\u0131nda de\u011fil, giri\u015fimsel i\u015flemlerle a\u011fr\u0131n\u0131n tedavisinde de \u00f6nemli rol oynamaktad\u0131r. Kanser hastalar\u0131nda ve bel f\u0131t\u0131\u011f\u0131nda a\u011fr\u0131 tedavilerinde sinir blokajlar\u0131n\u0131n yap\u0131lmas\u0131, giri\u015fimsel radyolojinin \u00f6nemli g\u00f6revlerinden bir tanesidir. Sa\u011fl\u0131k hizmetlerinin bel kemi\u011fi haline gelen radyoloji; tan\u0131dan tedaviye, toplum sa\u011fl\u0131\u011f\u0131ndan bireysel sa\u011fl\u0131\u011fa kadar t\u00fcm alanlarda vazge\u00e7ilmez bir konuma ula\u015ft\u0131.\u201d<\/p>\n<p>\u201cMeme kanseri erken te\u015fhis edildi\u011finde y\u00fczde 100 tedavi edilebilen bir hastal\u0131kt\u0131r\u201d<br \/>\nT\u00fcrk Radyoloji Derne\u011fi Y\u00f6netim Kurulu \u00dcyesi Prof. Dr. Nermin Tun\u00e7bilek de radyolojinin erken te\u015fhisi sa\u011flamada ba\u015far\u0131l\u0131 bir \u015fekilde kullan\u0131ld\u0131\u011f\u0131n\u0131 ifade etti. Erken te\u015fhisin hayat kurtard\u0131\u011f\u0131na dikkat \u00e7eken Prof. Dr. Tun\u00e7bilek, \u015f\u00f6yle devam etti:<br \/>\n\u201c\u00dclkemizde de t\u00fcm d\u00fcnyada oldu\u011fu gibi kanser tarama programlar\u0131 uygulanmaktad\u0131r. Tarama programlar\u0131ndan en dikkat \u00e7ekici olan meme kanseri, maalesef her 8 kad\u0131n\u0131n 1&#8217;inde g\u00f6r\u00fclmektedir. Tan\u0131 alan her 43 kad\u0131n\u0131n 1&#8217;inin kayb\u0131yla sonu\u00e7lanmaktad\u0131r. 2022&#8217;de d\u00fcnyada meme kanserinden 670 bin \u00f6l\u00fcm vakas\u0131 bildirilmi\u015ftir. Buna ra\u011fmen d\u00fczenli kontrol ve erken tan\u0131 ile meme kanserinden \u00f6l\u00fcm oran\u0131 y\u00fczde 44 azalma g\u00f6stermi\u015ftir. Y\u00fcksek s\u0131kl\u0131kta g\u00f6r\u00fclmesine ra\u011fmen meme kanseri erken te\u015fhis edildi\u011finde y\u00fczde 100 tedavi edilebilen bir hastal\u0131kt\u0131r. Erken te\u015fhis i\u00e7in, d\u00fczenli mamografik kontrol yap\u0131lmas\u0131 bu hastal\u0131kla m\u00fccadelede kritik bir \u00f6neme sahiptir. Mamografik inceleme meme dokusu yo\u011fun olgularda kanserin tespit edilmesini g\u00fc\u00e7le\u015ftirebilmektedir. Bu nedenle, yo\u011fun meme dokusuna sahip bireylerde ek g\u00f6r\u00fcnt\u00fcleme y\u00f6ntemlerinin kullan\u0131m\u0131 \u00f6nerilmektedir. Yo\u011fun meme dokusuna sahip kad\u0131nlarda mamografik g\u00f6r\u00fcnt\u00fclemeye, ilaveten Ultrasonografi ve MR gibi ek g\u00f6r\u00fcnt\u00fcleme y\u00f6ntemlerinin yap\u0131lmas\u0131 \u00f6nerilmektedir.\u201d<\/p>\n<p>\u201cElektronik sigaran\u0131n; sadece sigara i\u00e7enlere g\u00f6re akci\u011fer kanseri riskini 4 kat artt\u0131rd\u0131\u011f\u0131 literat\u00fcrde bildirilmi\u015ftir\u201d<br \/>\nEn s\u0131k g\u00f6r\u00fclen bir di\u011fer kanser tipi olan akci\u011fer kanserine de de\u011finen Prof. Dr. Nermin Tun\u00e7bilek, akci\u011fer kanserinin erken tan\u0131s\u0131 ve tedavi y\u00f6netiminde radyolojik g\u00f6r\u00fcnt\u00fcleme y\u00f6ntemlerinin hasta y\u00f6netiminde \u00f6nemli bir rol oynad\u0131\u011f\u0131n\u0131 vurgulad\u0131. Tun\u00e7bilek, \u201cEn s\u0131k g\u00f6r\u00fclen bir di\u011fer kanser tipi olan akci\u011fer kanseri etiyolojisinde sigara rol almakta. G\u00fcnde 10 veya daha az sigara i\u00e7enlerde akci\u011fer kanseri riski 20 kat, g\u00fcnde 4&#8217;ten az sigara i\u00e7enlerde bile 5 kat art\u0131yor. Alternatif t\u00fct\u00fcn \u00fcr\u00fcnlerden elektronik sigaran\u0131n; sadece sigara i\u00e7enlere g\u00f6re akci\u011fer kanseri riskini 4 kat artt\u0131rd\u0131\u011f\u0131 literat\u00fcrde bildirilmi\u015ftir. Akci\u011fer kanserinin erken tan\u0131s\u0131 ve tedavi y\u00f6netiminde radyolojik g\u00f6r\u00fcnt\u00fcleme y\u00f6ntemleri hasta y\u00f6netiminde \u00f6nemli bir rol oynamaktad\u0131r. Akci\u011fer kanserinde erken te\u015fhis, y\u00fczde 77 oran\u0131nda hayat kurtar\u0131r. 55-74 ya\u015f aras\u0131nda 30 y\u0131ld\u0131r g\u00fcnde 1 paket sigara i\u00e7en, halen aktif i\u00e7ici veya 15 y\u0131ldan daha k\u0131sa s\u00fcre \u00f6nce b\u0131rakm\u0131\u015f olan ki\u015filerde her y\u0131l d\u00fc\u015f\u00fck doz akci\u011fer tomografisi \u00e7ekilmesi \u00f6nerilmektedir\u201d \u015feklinde konu\u015ftu.<br \/>\nKanser riski y\u00fcksek olgularda, d\u00fc\u015f\u00fck dozlarla g\u00f6r\u00fcnt\u00fcleme y\u00f6ntemleri ile y\u00fcksek do\u011frulukla tan\u0131 sa\u011flanabildi\u011fini belirten Prof. Dr. Nermin Tun\u00e7bilek, konu\u015fmas\u0131n\u0131 \u015fu \u015fekilde tamamlad\u0131:<br \/>\n\u201cKanser riski y\u00fcksek olgularda radyoloji x \u0131\u015f\u0131nlar\u0131yla g\u00f6r\u00fcnt\u00fcleme yap\u0131yor ve radyasyon kullanarak tan\u0131ya gidiyoruz ama d\u00fc\u015f\u00fck doz g\u00f6r\u00fcnt\u00fclemeyle, taramayla hastal\u0131klar\u0131 erken tespit ederek ve sa\u011f kal\u0131m\u0131 art\u0131rarak, \u00f6nemli bir noktaya ta\u015f\u0131d\u0131k. Kanserden korkmamal\u0131, ge\u00e7 kalmaktan korkmal\u0131 ve bana olmaz dememeli prensibiyle radyolojik kontrolleri zaman\u0131nda yapt\u0131rmay\u0131 \u00f6neriyoruz. Radyoloji, tan\u0131 ve tedavi y\u00f6netiminde kullan\u0131lmas\u0131n\u0131n yan\u0131 s\u0131ra se\u00e7ilmi\u015f olgularda minimal invaziv lokal tedavilerle art\u0131k hasta tedavisinde de yerini alm\u0131\u015ft\u0131r. Kanserde, erken tan\u0131 i\u00e7in d\u00fczenli kontroller ihmal edilmemeli, de\u011ferlendirmeler radyoloji uzman\u0131 taraf\u0131ndan ger\u00e7ekle\u015ftirilmelidir. Maalesef g\u00fcn\u00fcm\u00fcz d\u00fcnyas\u0131nda ileti\u015fimin en h\u0131zl\u0131 kullan\u0131ld\u0131\u011f\u0131 sosyal medyada toplumu yan\u0131lt\u0131c\u0131 bilgilerle her haber do\u011fru olmayabiliyor. Bu konuda yetkin kurum ve kurulu\u015flara itibar edilmelidir.\u201d<\/p>\n<p>Kaynak: www.kanalv.com.tr Haber Sitesinden Al\u0131nm\u0131\u015ft\u0131r.<\/p>","protected":false},"excerpt":{"rendered":"<p>Kongre kapsam\u0131nda ger\u00e7ekle\u015ftirilen bas\u0131n toplant\u0131s\u0131nda konu\u015fan T\u00fcrk Radyoloji Derne\u011fi Ba\u015fkan\u0131 Prof. Dr. Can \u00c7evikol, T\u00fcrkiye&#8217;de d\u00fcnya ortalamas\u0131n\u0131n alt\u0131nda radyoloji uzman\u0131n\u0131n bulundu\u011funa dikkat \u00e7ekerek, \u201cSon d\u00f6nemlerde bir\u00e7ok \u015fehir hastanesinde ve \u00fcniversite hastanesinde randevu s\u00fcreleri k\u0131salm\u0131\u015f ve radyoloji hizmetleri d\u00fczg\u00fcn veriliyor gibi g\u00f6r\u00fclse de \u00f6zellikle tetkik kalitesinin d\u00fc\u015f\u00fcr\u00fclmesi ve bir\u00e7ok hastanede talebi kar\u015f\u0131layamayan uzmanlar nedeni ile uzmanl\u0131k \u00f6\u011frencileri taraf\u0131ndan bu hizmetlerin verilmeye \u00e7al\u0131\u015f\u0131lmas\u0131, \u00f6zellikle deneyim gerektiren baz\u0131 durumlarda hastalara do\u011fru tan\u0131 konmas\u0131n\u0131 engellemesinin yan\u0131 s\u0131ra gereksiz ileri incelemelerin yolunu a\u00e7abilmekte ve hatta gereksiz giri\u015fim ve ameliyatlara neden olabilmektedir\u201d dedi. T\u00fcrk Radyoloji Derne\u011fi Y\u00f6netim Kurulu \u00dcyesi Prof. Dr. Nermin Tun\u00e7bilek ise akci\u011fer kanserinin erken tan\u0131s\u0131nda ve tedavi y\u00f6netiminde radyolojik g\u00f6r\u00fcnt\u00fcleme y\u00f6ntemlerinin, hasta y\u00f6netiminde \u00f6nemli bir rol oynad\u0131\u011f\u0131n\u0131 belirtti. Tun\u00e7bilek, \u201cAkci\u011fer kanserinde erken te\u015fhis, y\u00fczde 77 oran\u0131nda hayat kurtar\u0131r. 55-74 ya\u015f aras\u0131nda 30 y\u0131ld\u0131r g\u00fcnde 1 paket sigara i\u00e7en, halen aktif i\u00e7ici veya 15 y\u0131ldan daha k\u0131sa s\u00fcre \u00f6nce b\u0131rakm\u0131\u015f olan ki\u015filerde her y\u0131l d\u00fc\u015f\u00fck doz akci\u011fer tomografisi \u00e7ekilmesi \u00f6nerilmektedir\u201d ifadelerini kulland\u0131. Kurulu\u015funun 100. y\u0131l\u0131n\u0131 kutlayan T\u00fcrk Radyoloji Derne\u011fi, 12-16 Kas\u0131m 2024 tarihlerinde 45. Ulusal Radyoloji Kongresi&#8217;nde \u00e7ok say\u0131da radyoloji uzman\u0131n\u0131 bir araya getirdi. Kongrede, 142 tanesi s\u00f6zl\u00fc sunum olmak \u00fczere klinik ara\u015ft\u0131rma, resimlerle bir konu ve olgu sunumlar\u0131n\u0131 i\u00e7eren toplam 657 bildiri yer &hellip;<\/p>","protected":false},"author":0,"featured_media":16143,"comment_status":"open","ping_status":"open","sticky":false,"template":"","format":"standard","meta":{"_acf_changed":false,"footnotes":""},"categories":[26,535],"tags":[],"class_list":["post-16142","post","type-post","status-publish","format-standard","has-post-thumbnail","hentry","category-antalya","category-uncategorized-tr"],"acf":[],"yoast_head":"<!-- This site is optimized with the Yoast SEO Premium plugin v26.6 (Yoast SEO v27.1.1) - https:\/\/yoast.com\/product\/yoast-seo-premium-wordpress\/ -->\n<title>Ulusal Radyoloji Kongresi, Antalya&#039;da yap\u0131ld\u0131 - Av. Deniz Can K\u0131z\u0131l<\/title>\n<meta name=\"robots\" content=\"index, follow, max-snippet:-1, max-image-preview:large, max-video-preview:-1\" \/>\n<link rel=\"canonical\" href=\"https:\/\/denizcankizil.tr\/uk\/haberler\/antalya\/ulusal-radyoloji-kongresi-antalyada-yapildi\/\" \/>\n<meta property=\"og:locale\" content=\"uk_UA\" \/>\n<meta property=\"og:type\" content=\"article\" \/>\n<meta property=\"og:title\" content=\"Ulusal Radyoloji Kongresi, Antalya&#039;da yap\u0131ld\u0131\" \/>\n<meta property=\"og:description\" content=\"Kongre kapsam\u0131nda ger\u00e7ekle\u015ftirilen bas\u0131n toplant\u0131s\u0131nda konu\u015fan T\u00fcrk Radyoloji Derne\u011fi Ba\u015fkan\u0131 Prof. Dr. Can \u00c7evikol, T\u00fcrkiye&#8217;de d\u00fcnya ortalamas\u0131n\u0131n alt\u0131nda radyoloji uzman\u0131n\u0131n bulundu\u011funa dikkat \u00e7ekerek, \u201cSon d\u00f6nemlerde bir\u00e7ok \u015fehir hastanesinde ve \u00fcniversite hastanesinde randevu s\u00fcreleri k\u0131salm\u0131\u015f ve radyoloji hizmetleri d\u00fczg\u00fcn veriliyor gibi g\u00f6r\u00fclse de \u00f6zellikle tetkik kalitesinin d\u00fc\u015f\u00fcr\u00fclmesi ve bir\u00e7ok hastanede talebi kar\u015f\u0131layamayan uzmanlar nedeni ile uzmanl\u0131k \u00f6\u011frencileri taraf\u0131ndan bu hizmetlerin verilmeye \u00e7al\u0131\u015f\u0131lmas\u0131, \u00f6zellikle deneyim gerektiren baz\u0131 durumlarda hastalara do\u011fru tan\u0131 konmas\u0131n\u0131 engellemesinin yan\u0131 s\u0131ra gereksiz ileri incelemelerin yolunu a\u00e7abilmekte ve hatta gereksiz giri\u015fim ve ameliyatlara neden olabilmektedir\u201d dedi. T\u00fcrk Radyoloji Derne\u011fi Y\u00f6netim Kurulu \u00dcyesi Prof. Dr. Nermin Tun\u00e7bilek ise akci\u011fer kanserinin erken tan\u0131s\u0131nda ve tedavi y\u00f6netiminde radyolojik g\u00f6r\u00fcnt\u00fcleme y\u00f6ntemlerinin, hasta y\u00f6netiminde \u00f6nemli bir rol oynad\u0131\u011f\u0131n\u0131 belirtti. Tun\u00e7bilek, \u201cAkci\u011fer kanserinde erken te\u015fhis, y\u00fczde 77 oran\u0131nda hayat kurtar\u0131r. 55-74 ya\u015f aras\u0131nda 30 y\u0131ld\u0131r g\u00fcnde 1 paket sigara i\u00e7en, halen aktif i\u00e7ici veya 15 y\u0131ldan daha k\u0131sa s\u00fcre \u00f6nce b\u0131rakm\u0131\u015f olan ki\u015filerde her y\u0131l d\u00fc\u015f\u00fck doz akci\u011fer tomografisi \u00e7ekilmesi \u00f6nerilmektedir\u201d ifadelerini kulland\u0131. Kurulu\u015funun 100. y\u0131l\u0131n\u0131 kutlayan T\u00fcrk Radyoloji Derne\u011fi, 12-16 Kas\u0131m 2024 tarihlerinde 45. Ulusal Radyoloji Kongresi&#8217;nde \u00e7ok say\u0131da radyoloji uzman\u0131n\u0131 bir araya getirdi. Kongrede, 142 tanesi s\u00f6zl\u00fc sunum olmak \u00fczere klinik ara\u015ft\u0131rma, resimlerle bir konu ve olgu sunumlar\u0131n\u0131 i\u00e7eren toplam 657 bildiri yer &hellip;\" \/>\n<meta property=\"og:url\" content=\"https:\/\/denizcankizil.tr\/uk\/haberler\/antalya\/ulusal-radyoloji-kongresi-antalyada-yapildi\/\" \/>\n<meta property=\"og:site_name\" content=\"Av. Deniz Can K\u0131z\u0131l\" \/>\n<meta property=\"article:published_time\" content=\"2024-11-16T10:41:34+00:00\" \/>\n<meta property=\"og:image\" content=\"https:\/\/denizcankizil.tr\/wp-content\/uploads\/2024\/11\/3117-01-Ur20AG.jpeg\" \/>\n\t<meta property=\"og:image:width\" content=\"1280\" \/>\n\t<meta property=\"og:image:height\" content=\"720\" \/>\n\t<meta property=\"og:image:type\" content=\"image\/jpeg\" \/>\n<meta name=\"twitter:card\" content=\"summary_large_image\" \/>\n<meta name=\"twitter:label1\" content=\"\u041f\u0440\u0438\u0431\u043b. \u0447\u0430\u0441 \u0447\u0438\u0442\u0430\u043d\u043d\u044f\" \/>\n\t<meta name=\"twitter:data1\" content=\"11 \u0445\u0432\u0438\u043b\u0438\u043d\" \/>\n<script type=\"application\/ld+json\" class=\"yoast-schema-graph\">{\"@context\":\"https:\/\/schema.org\",\"@graph\":[{\"@type\":\"Article\",\"@id\":\"https:\/\/denizcankizil.tr\/uk\/haberler\/antalya\/ulusal-radyoloji-kongresi-antalyada-yapildi\/#article\",\"isPartOf\":{\"@id\":\"https:\/\/denizcankizil.tr\/uk\/haberler\/antalya\/ulusal-radyoloji-kongresi-antalyada-yapildi\/\"},\"author\":{\"name\":\"\",\"@id\":\"\"},\"headline\":\"Ulusal Radyoloji Kongresi, Antalya&#8217;da yap\u0131ld\u0131\",\"datePublished\":\"2024-11-16T10:41:34+00:00\",\"mainEntityOfPage\":{\"@id\":\"https:\/\/denizcankizil.tr\/uk\/haberler\/antalya\/ulusal-radyoloji-kongresi-antalyada-yapildi\/\"},\"wordCount\":2279,\"commentCount\":0,\"publisher\":{\"@id\":\"https:\/\/denizcankizil.tr\/de\/#organization\"},\"image\":{\"@id\":\"https:\/\/denizcankizil.tr\/uk\/haberler\/antalya\/ulusal-radyoloji-kongresi-antalyada-yapildi\/#primaryimage\"},\"thumbnailUrl\":\"https:\/\/denizcankizil.tr\/wp-content\/uploads\/2024\/11\/3117-01-Ur20AG.jpeg\",\"articleSection\":[\"Antalya\",\"Uncategorized\"],\"inLanguage\":\"uk\",\"potentialAction\":[{\"@type\":\"CommentAction\",\"name\":\"Comment\",\"target\":[\"https:\/\/denizcankizil.tr\/uk\/haberler\/antalya\/ulusal-radyoloji-kongresi-antalyada-yapildi\/#respond\"]}]},{\"@type\":\"WebPage\",\"@id\":\"https:\/\/denizcankizil.tr\/uk\/haberler\/antalya\/ulusal-radyoloji-kongresi-antalyada-yapildi\/\",\"url\":\"https:\/\/denizcankizil.tr\/uk\/haberler\/antalya\/ulusal-radyoloji-kongresi-antalyada-yapildi\/\",\"name\":\"Ulusal Radyoloji Kongresi, Antalya'da yap\u0131ld\u0131 - Av. Deniz Can K\u0131z\u0131l\",\"isPartOf\":{\"@id\":\"https:\/\/denizcankizil.tr\/de\/#website\"},\"primaryImageOfPage\":{\"@id\":\"https:\/\/denizcankizil.tr\/uk\/haberler\/antalya\/ulusal-radyoloji-kongresi-antalyada-yapildi\/#primaryimage\"},\"image\":{\"@id\":\"https:\/\/denizcankizil.tr\/uk\/haberler\/antalya\/ulusal-radyoloji-kongresi-antalyada-yapildi\/#primaryimage\"},\"thumbnailUrl\":\"https:\/\/denizcankizil.tr\/wp-content\/uploads\/2024\/11\/3117-01-Ur20AG.jpeg\",\"datePublished\":\"2024-11-16T10:41:34+00:00\",\"breadcrumb\":{\"@id\":\"https:\/\/denizcankizil.tr\/uk\/haberler\/antalya\/ulusal-radyoloji-kongresi-antalyada-yapildi\/#breadcrumb\"},\"inLanguage\":\"uk\",\"potentialAction\":[{\"@type\":\"ReadAction\",\"target\":[\"https:\/\/denizcankizil.tr\/uk\/haberler\/antalya\/ulusal-radyoloji-kongresi-antalyada-yapildi\/\"]}]},{\"@type\":\"ImageObject\",\"inLanguage\":\"uk\",\"@id\":\"https:\/\/denizcankizil.tr\/uk\/haberler\/antalya\/ulusal-radyoloji-kongresi-antalyada-yapildi\/#primaryimage\",\"url\":\"https:\/\/denizcankizil.tr\/wp-content\/uploads\/2024\/11\/3117-01-Ur20AG.jpeg\",\"contentUrl\":\"https:\/\/denizcankizil.tr\/wp-content\/uploads\/2024\/11\/3117-01-Ur20AG.jpeg\",\"width\":1280,\"height\":720},{\"@type\":\"BreadcrumbList\",\"@id\":\"https:\/\/denizcankizil.tr\/uk\/haberler\/antalya\/ulusal-radyoloji-kongresi-antalyada-yapildi\/#breadcrumb\",\"itemListElement\":[{\"@type\":\"ListItem\",\"position\":1,\"name\":\"Home\",\"item\":\"https:\/\/denizcankizil.tr\/de\/\"},{\"@type\":\"ListItem\",\"position\":2,\"name\":\"Ulusal Radyoloji Kongresi, Antalya&#8217;da yap\u0131ld\u0131\"}]},{\"@type\":\"WebSite\",\"@id\":\"https:\/\/denizcankizil.tr\/de\/#website\",\"url\":\"https:\/\/denizcankizil.tr\/de\/\",\"name\":\"Av. Deniz Can K\u0131z\u0131l\",\"description\":\"Avukat Deniz Can K\u0131z\u0131l Antalya Barosu\",\"publisher\":{\"@id\":\"https:\/\/denizcankizil.tr\/de\/#organization\"},\"potentialAction\":[{\"@type\":\"SearchAction\",\"target\":{\"@type\":\"EntryPoint\",\"urlTemplate\":\"https:\/\/denizcankizil.tr\/de\/?s={search_term_string}\"},\"query-input\":{\"@type\":\"PropertyValueSpecification\",\"valueRequired\":true,\"valueName\":\"search_term_string\"}}],\"inLanguage\":\"uk\"},{\"@type\":\"Organization\",\"@id\":\"https:\/\/denizcankizil.tr\/de\/#organization\",\"name\":\"Av. Deniz Can K\u0131z\u0131l\",\"url\":\"https:\/\/denizcankizil.tr\/de\/\",\"logo\":{\"@type\":\"ImageObject\",\"inLanguage\":\"uk\",\"@id\":\"https:\/\/denizcankizil.tr\/de\/#\/schema\/logo\/image\/\",\"url\":\"https:\/\/denizcankizil.tr\/wp-content\/uploads\/2024\/10\/siyah-logo-svg.svg\",\"contentUrl\":\"https:\/\/denizcankizil.tr\/wp-content\/uploads\/2024\/10\/siyah-logo-svg.svg\",\"width\":1080,\"height\":1080,\"caption\":\"Av. Deniz Can K\u0131z\u0131l\"},\"image\":{\"@id\":\"https:\/\/denizcankizil.tr\/de\/#\/schema\/logo\/image\/\"}}]}<\/script>\n<!-- \/ Yoast SEO Premium plugin. -->","yoast_head_json":{"title":"Ulusal Radyoloji Kongresi, Antalya'da yap\u0131ld\u0131 - Av. Deniz Can K\u0131z\u0131l","robots":{"index":"index","follow":"follow","max-snippet":"max-snippet:-1","max-image-preview":"max-image-preview:large","max-video-preview":"max-video-preview:-1"},"canonical":"https:\/\/denizcankizil.tr\/uk\/haberler\/antalya\/ulusal-radyoloji-kongresi-antalyada-yapildi\/","og_locale":"uk_UA","og_type":"article","og_title":"Ulusal Radyoloji Kongresi, Antalya'da yap\u0131ld\u0131","og_description":"Kongre kapsam\u0131nda ger\u00e7ekle\u015ftirilen bas\u0131n toplant\u0131s\u0131nda konu\u015fan T\u00fcrk Radyoloji Derne\u011fi Ba\u015fkan\u0131 Prof. Dr. Can \u00c7evikol, T\u00fcrkiye&#8217;de d\u00fcnya ortalamas\u0131n\u0131n alt\u0131nda radyoloji uzman\u0131n\u0131n bulundu\u011funa dikkat \u00e7ekerek, \u201cSon d\u00f6nemlerde bir\u00e7ok \u015fehir hastanesinde ve \u00fcniversite hastanesinde randevu s\u00fcreleri k\u0131salm\u0131\u015f ve radyoloji hizmetleri d\u00fczg\u00fcn veriliyor gibi g\u00f6r\u00fclse de \u00f6zellikle tetkik kalitesinin d\u00fc\u015f\u00fcr\u00fclmesi ve bir\u00e7ok hastanede talebi kar\u015f\u0131layamayan uzmanlar nedeni ile uzmanl\u0131k \u00f6\u011frencileri taraf\u0131ndan bu hizmetlerin verilmeye \u00e7al\u0131\u015f\u0131lmas\u0131, \u00f6zellikle deneyim gerektiren baz\u0131 durumlarda hastalara do\u011fru tan\u0131 konmas\u0131n\u0131 engellemesinin yan\u0131 s\u0131ra gereksiz ileri incelemelerin yolunu a\u00e7abilmekte ve hatta gereksiz giri\u015fim ve ameliyatlara neden olabilmektedir\u201d dedi. T\u00fcrk Radyoloji Derne\u011fi Y\u00f6netim Kurulu \u00dcyesi Prof. Dr. Nermin Tun\u00e7bilek ise akci\u011fer kanserinin erken tan\u0131s\u0131nda ve tedavi y\u00f6netiminde radyolojik g\u00f6r\u00fcnt\u00fcleme y\u00f6ntemlerinin, hasta y\u00f6netiminde \u00f6nemli bir rol oynad\u0131\u011f\u0131n\u0131 belirtti. Tun\u00e7bilek, \u201cAkci\u011fer kanserinde erken te\u015fhis, y\u00fczde 77 oran\u0131nda hayat kurtar\u0131r. 55-74 ya\u015f aras\u0131nda 30 y\u0131ld\u0131r g\u00fcnde 1 paket sigara i\u00e7en, halen aktif i\u00e7ici veya 15 y\u0131ldan daha k\u0131sa s\u00fcre \u00f6nce b\u0131rakm\u0131\u015f olan ki\u015filerde her y\u0131l d\u00fc\u015f\u00fck doz akci\u011fer tomografisi \u00e7ekilmesi \u00f6nerilmektedir\u201d ifadelerini kulland\u0131. Kurulu\u015funun 100. y\u0131l\u0131n\u0131 kutlayan T\u00fcrk Radyoloji Derne\u011fi, 12-16 Kas\u0131m 2024 tarihlerinde 45. Ulusal Radyoloji Kongresi&#8217;nde \u00e7ok say\u0131da radyoloji uzman\u0131n\u0131 bir araya getirdi. Kongrede, 142 tanesi s\u00f6zl\u00fc sunum olmak \u00fczere klinik ara\u015ft\u0131rma, resimlerle bir konu ve olgu sunumlar\u0131n\u0131 i\u00e7eren toplam 657 bildiri yer &hellip;","og_url":"https:\/\/denizcankizil.tr\/uk\/haberler\/antalya\/ulusal-radyoloji-kongresi-antalyada-yapildi\/","og_site_name":"Av. Deniz Can K\u0131z\u0131l","article_published_time":"2024-11-16T10:41:34+00:00","og_image":[{"width":1280,"height":720,"url":"https:\/\/denizcankizil.tr\/wp-content\/uploads\/2024\/11\/3117-01-Ur20AG.jpeg","type":"image\/jpeg"}],"twitter_card":"summary_large_image","twitter_misc":{"\u041f\u0440\u0438\u0431\u043b. \u0447\u0430\u0441 \u0447\u0438\u0442\u0430\u043d\u043d\u044f":"11 \u0445\u0432\u0438\u043b\u0438\u043d"},"schema":{"@context":"https:\/\/schema.org","@graph":[{"@type":"Article","@id":"https:\/\/denizcankizil.tr\/uk\/haberler\/antalya\/ulusal-radyoloji-kongresi-antalyada-yapildi\/#article","isPartOf":{"@id":"https:\/\/denizcankizil.tr\/uk\/haberler\/antalya\/ulusal-radyoloji-kongresi-antalyada-yapildi\/"},"author":{"name":"","@id":""},"headline":"Ulusal Radyoloji Kongresi, Antalya&#8217;da yap\u0131ld\u0131","datePublished":"2024-11-16T10:41:34+00:00","mainEntityOfPage":{"@id":"https:\/\/denizcankizil.tr\/uk\/haberler\/antalya\/ulusal-radyoloji-kongresi-antalyada-yapildi\/"},"wordCount":2279,"commentCount":0,"publisher":{"@id":"https:\/\/denizcankizil.tr\/de\/#organization"},"image":{"@id":"https:\/\/denizcankizil.tr\/uk\/haberler\/antalya\/ulusal-radyoloji-kongresi-antalyada-yapildi\/#primaryimage"},"thumbnailUrl":"https:\/\/denizcankizil.tr\/wp-content\/uploads\/2024\/11\/3117-01-Ur20AG.jpeg","articleSection":["Antalya","Uncategorized"],"inLanguage":"uk","potentialAction":[{"@type":"CommentAction","name":"Comment","target":["https:\/\/denizcankizil.tr\/uk\/haberler\/antalya\/ulusal-radyoloji-kongresi-antalyada-yapildi\/#respond"]}]},{"@type":"WebPage","@id":"https:\/\/denizcankizil.tr\/uk\/haberler\/antalya\/ulusal-radyoloji-kongresi-antalyada-yapildi\/","url":"https:\/\/denizcankizil.tr\/uk\/haberler\/antalya\/ulusal-radyoloji-kongresi-antalyada-yapildi\/","name":"Ulusal Radyoloji Kongresi, Antalya'da yap\u0131ld\u0131 - Av. Deniz Can K\u0131z\u0131l","isPartOf":{"@id":"https:\/\/denizcankizil.tr\/de\/#website"},"primaryImageOfPage":{"@id":"https:\/\/denizcankizil.tr\/uk\/haberler\/antalya\/ulusal-radyoloji-kongresi-antalyada-yapildi\/#primaryimage"},"image":{"@id":"https:\/\/denizcankizil.tr\/uk\/haberler\/antalya\/ulusal-radyoloji-kongresi-antalyada-yapildi\/#primaryimage"},"thumbnailUrl":"https:\/\/denizcankizil.tr\/wp-content\/uploads\/2024\/11\/3117-01-Ur20AG.jpeg","datePublished":"2024-11-16T10:41:34+00:00","breadcrumb":{"@id":"https:\/\/denizcankizil.tr\/uk\/haberler\/antalya\/ulusal-radyoloji-kongresi-antalyada-yapildi\/#breadcrumb"},"inLanguage":"uk","potentialAction":[{"@type":"ReadAction","target":["https:\/\/denizcankizil.tr\/uk\/haberler\/antalya\/ulusal-radyoloji-kongresi-antalyada-yapildi\/"]}]},{"@type":"ImageObject","inLanguage":"uk","@id":"https:\/\/denizcankizil.tr\/uk\/haberler\/antalya\/ulusal-radyoloji-kongresi-antalyada-yapildi\/#primaryimage","url":"https:\/\/denizcankizil.tr\/wp-content\/uploads\/2024\/11\/3117-01-Ur20AG.jpeg","contentUrl":"https:\/\/denizcankizil.tr\/wp-content\/uploads\/2024\/11\/3117-01-Ur20AG.jpeg","width":1280,"height":720},{"@type":"BreadcrumbList","@id":"https:\/\/denizcankizil.tr\/uk\/haberler\/antalya\/ulusal-radyoloji-kongresi-antalyada-yapildi\/#breadcrumb","itemListElement":[{"@type":"ListItem","position":1,"name":"Home","item":"https:\/\/denizcankizil.tr\/de\/"},{"@type":"ListItem","position":2,"name":"Ulusal Radyoloji Kongresi, Antalya&#8217;da yap\u0131ld\u0131"}]},{"@type":"WebSite","@id":"https:\/\/denizcankizil.tr\/de\/#website","url":"https:\/\/denizcankizil.tr\/de\/","name":"Av. Deniz Can K\u0131z\u0131l","description":"Avukat Deniz Can K\u0131z\u0131l Antalya Barosu","publisher":{"@id":"https:\/\/denizcankizil.tr\/de\/#organization"},"potentialAction":[{"@type":"SearchAction","target":{"@type":"EntryPoint","urlTemplate":"https:\/\/denizcankizil.tr\/de\/?s={search_term_string}"},"query-input":{"@type":"PropertyValueSpecification","valueRequired":true,"valueName":"search_term_string"}}],"inLanguage":"uk"},{"@type":"Organization","@id":"https:\/\/denizcankizil.tr\/de\/#organization","name":"Av. Deniz Can K\u0131z\u0131l","url":"https:\/\/denizcankizil.tr\/de\/","logo":{"@type":"ImageObject","inLanguage":"uk","@id":"https:\/\/denizcankizil.tr\/de\/#\/schema\/logo\/image\/","url":"https:\/\/denizcankizil.tr\/wp-content\/uploads\/2024\/10\/siyah-logo-svg.svg","contentUrl":"https:\/\/denizcankizil.tr\/wp-content\/uploads\/2024\/10\/siyah-logo-svg.svg","width":1080,"height":1080,"caption":"Av. Deniz Can K\u0131z\u0131l"},"image":{"@id":"https:\/\/denizcankizil.tr\/de\/#\/schema\/logo\/image\/"}}]}},"_links":{"self":[{"href":"https:\/\/denizcankizil.tr\/uk\/wp-json\/wp\/v2\/posts\/16142","targetHints":{"allow":["GET"]}}],"collection":[{"href":"https:\/\/denizcankizil.tr\/uk\/wp-json\/wp\/v2\/posts"}],"about":[{"href":"https:\/\/denizcankizil.tr\/uk\/wp-json\/wp\/v2\/types\/post"}],"replies":[{"embeddable":true,"href":"https:\/\/denizcankizil.tr\/uk\/wp-json\/wp\/v2\/comments?post=16142"}],"version-history":[{"count":0,"href":"https:\/\/denizcankizil.tr\/uk\/wp-json\/wp\/v2\/posts\/16142\/revisions"}],"wp:featuredmedia":[{"embeddable":true,"href":"https:\/\/denizcankizil.tr\/uk\/wp-json\/wp\/v2\/media\/16143"}],"wp:attachment":[{"href":"https:\/\/denizcankizil.tr\/uk\/wp-json\/wp\/v2\/media?parent=16142"}],"wp:term":[{"taxonomy":"category","embeddable":true,"href":"https:\/\/denizcankizil.tr\/uk\/wp-json\/wp\/v2\/categories?post=16142"},{"taxonomy":"post_tag","embeddable":true,"href":"https:\/\/denizcankizil.tr\/uk\/wp-json\/wp\/v2\/tags?post=16142"}],"curies":[{"name":"wp","href":"https:\/\/api.w.org\/{rel}","templated":true}]}}